{"id":130496,"date":"2025-04-03T12:15:58","date_gmt":"2025-04-03T10:15:58","guid":{"rendered":"https:\/\/vosgesinfo.fr\/epinalinfo\/?p=130496"},"modified":"2025-04-03T11:50:22","modified_gmt":"2025-04-03T09:50:22","slug":"air-des-vosges-un-vent-de-supercherie-mais-un-vrai-coup-de-com","status":"publish","type":"post","link":"https:\/\/vosgesinfo.fr\/epinalinfo\/2025\/04\/air-des-vosges-un-vent-de-supercherie-mais-un-vrai-coup-de-com\/","title":{"rendered":"Air des Vosges, un vent de supercherie\u2026 mais un vrai coup de com\u2019"},"content":{"rendered":"<p>&nbsp;<\/p>\n<p><a href=\"https:\/\/vosgesinfo.fr\/app\/uploads\/sites\/6\/2025\/03\/drone-logo-scaled.jpg\"><img decoding=\"async\" class=\"aligncenter size-large wp-image-75988\" src=\"https:\/\/vosgesinfo.fr\/app\/uploads\/sites\/6\/2025\/03\/drone-logo-1024x581.jpg\" alt=\"\" width=\"1024\" height=\"581\" \/><\/a><\/p>\n<table role=\"presentation\" border=\"0\" width=\"100%\" cellspacing=\"0\" cellpadding=\"0\" align=\"center\">\n<tbody>\n<tr>\n<td>\n<table role=\"presentation\" border=\"0\" width=\"100%\" cellspacing=\"0\" cellpadding=\"0\">\n<tbody>\n<tr>\n<th valign=\"top\" width=\"100%\">\n<table role=\"presentation\" border=\"0\" width=\"100%\" cellspacing=\"0\" cellpadding=\"0\">\n<tbody>\n<tr>\n<td valign=\"top\"><\/td>\n<\/tr>\n<\/tbody>\n<\/table>\n<\/th>\n<\/tr>\n<\/tbody>\n<\/table>\n<p><strong style=\"font-family: var(--text-font);\">Si vous avez cru \u00e0 l\u2019Air des Vosges, rassurez-vous : vous n\u2019\u00eates pas seuls. Pendant plusieurs jours, notre start-up fictive a fait souffler un vent d\u2019enthousiasme (et de scepticisme !) bien au-del\u00e0 des cr\u00eates vosgiennes.<\/strong><\/p>\n<p><strong style=\"font-family: var(--text-font);\">Mais aujourd\u2019hui, il est temps de lever le voile sur ce projet un peu fou : Air des Vosges ne sera pas commercialis\u00e9.<\/strong><\/td>\n<\/tr>\n<\/tbody>\n<\/table>\n<p>&nbsp;<\/p>\n<div>\n<p><strong><a href=\"https:\/\/vosgesinfo.fr\/app\/uploads\/sites\/6\/2025\/03\/bouteille-packshot.jpg\"><img decoding=\"async\" class=\"alignleft wp-image-75983\" src=\"https:\/\/vosgesinfo.fr\/app\/uploads\/sites\/6\/2025\/03\/bouteille-packshot-264x300.jpg\" alt=\"\" width=\"214\" height=\"244\" \/><\/a><\/strong><strong><span style=\"font-size: 12pt;\">Un poisson d\u2019avril sur la dur\u00e9e<\/span><\/strong><\/p>\n<p><span style=\"font-size: 12pt;\">L\u2019id\u00e9e ? Prouver que notre territoire regorge de talents capables de cr\u00e9er, produire et diffuser un concept d\u2019envergure\u00a0en seulement deux semaines.<\/span><\/p>\n<p>&nbsp;<\/p>\n<p><span style=\"font-size: 12pt;\"><strong>Un hommage aux Vosges<\/strong><\/span><\/p>\n<p>Ce projet n\u2019\u00e9tait pas qu\u2019une blague : il \u00e9tait surtout une d\u00e9claration d\u2019amour au territoire. L\u2019Air des Vosges, qu\u2019il soit r\u00e9el ou imaginaire, est un symbole de notre savoir-faire, de notre cr\u00e9ativit\u00e9 et de notre capacit\u00e9 \u00e0 mobiliser une \u00e9nergie collective. Toutes les comp\u00e9tences utilis\u00e9es ont \u00e9t\u00e9 trouv\u00e9es sur le territoire en un temps \u00e9clair. Les entreprises et personnalit\u00e9s partenaires ont jou\u00e9 le jeu avec entrain et un sourire en coin !<\/p>\n<div>\n<p>&nbsp;<\/p>\n<p><span style=\"font-size: 12pt;\"><strong>Les chiffres parlent d\u2019eux-m\u00eames<\/strong><\/span><\/p>\n<p><span style=\"font-size: 12pt;\"><span style=\"font-family: var(--text-font);\">\u2705 <strong>Des milliers<\/strong> de vues sur nos reels<br \/>\n<\/span> \u2705 <strong>Des centaines<\/strong> de r\u00e9actions, commentaires et partages<\/span><br \/>\n<span style=\"font-size: 12pt;\">\u2705 Un reportage TV et une visibilit\u00e9 presse inattendue<\/span><\/p>\n<p>&nbsp;<\/p>\n<\/div>\n<div><\/div>\n<div>\n<div><a href=\"https:\/\/vosgesinfo.fr\/app\/uploads\/sites\/6\/2025\/03\/bouteille-foret-scaled.jpg\"><img decoding=\"async\" class=\"aligncenter size-large wp-image-75990\" src=\"https:\/\/vosgesinfo.fr\/app\/uploads\/sites\/6\/2025\/03\/bouteille-foret-1024x572.jpg\" alt=\"\" width=\"1024\" height=\"572\" \/><\/a><\/div>\n<div>\n<table style=\"height: 220px;\" role=\"presentation\" border=\"0\" width=\"716\" cellspacing=\"0\" cellpadding=\"0\">\n<tbody>\n<tr>\n<td align=\"left\">\n<div>\n<p>&nbsp;<\/p>\n<p><span style=\"font-size: 12pt;\"><strong>Un projet 100% local, men\u00e9 \u00e0 la vitesse du vent.<\/strong><\/span><\/p>\n<p><strong>En 14 jours chrono, nous avons imagin\u00e9 et produit :<\/strong><\/p>\n<\/div>\n<\/td>\n<\/tr>\n<tr>\n<td align=\"left\">\n<div>\n<p>\u2022 Une identit\u00e9 de marque compl\u00e8te\u00a0(nom, logo, charte graphique)<br \/>\n\u2022 Un site web et des r\u00e9seaux sociaux anim\u00e9s<br \/>\n\u2022 Un packaging produit ultra cr\u00e9dible<br \/>\n\u2022 Une campagne de communication impactante\u00a0(vid\u00e9os, publicit\u00e9s)<br \/>\nUne couverture m\u00e9diatique locale\u00a0(Vosges TV, article de presse)<br \/>\n\u2022 Un r\u00e9seau de partenaires engag\u00e9s, pr\u00eats \u00e0 jouer le jeu<\/p>\n<\/div>\n<\/td>\n<\/tr>\n<\/tbody>\n<\/table>\n<\/div>\n<\/div>\n<div>\n<table role=\"presentation\" border=\"0\" width=\"100%\" cellspacing=\"0\" cellpadding=\"0\">\n<tbody>\n<tr>\n<td align=\"left\">&nbsp;<\/p>\n<p><span style=\"font-size: 12pt;\"><strong>Merci \u00e0 tous ceux qui ont cru en nous, qui ont ri (ou dout\u00e9) et qui ont contribu\u00e9 \u00e0 cette aventure.<\/strong><\/span><br \/>\n<span style=\"font-size: 12pt;\">Merci notamment \u00e0 <strong>M. Haton<\/strong> (Le Pied du Hohneck &amp; Refuge du Sotr\u00e9), aux \u00e9quipes de <strong>Vosges TV<\/strong> et de <strong>Vosges Info<\/strong>, ainsi qu\u2019\u00e0 tous nos partenaires et soutiens locaux (<strong>L\u2019Ormont Imprimeur, Matthieu P\u00e9ch\u00e9<\/strong>).<\/span><\/p>\n<p>&nbsp;<\/td>\n<\/tr>\n<tr>\n<td align=\"left\">\n<div><\/div>\n<div><\/div>\n<p><span style=\"font-size: 12pt;\"><strong>Ce projet est sign\u00e9\u00a0Alchimy x Red Road, agence de communication et studio de production vid\u00e9o, main dans la main, dans l\u2019humour, la d\u00e9cadence et la cr\u00e9ation !<\/strong><\/span><\/p>\n<p>Bas\u00e9es au c\u0153ur de Saint-Di\u00e9, notre amour des Vosges guide nombre de nos projets, on a donc souhait\u00e9 le mettre en lumi\u00e8re avec ce challenge qui a demand\u00e9 humour mais aussi investissement.<\/p>\n<p>&nbsp;<\/p>\n<div>\n<p><strong>Et si vous aussi, vous souhaitez que votre projet respire le frais et la bonne humeur, on n\u2019attend que votre appel ou votre message !<\/strong><\/p>\n<p>Alchimy \u2013\u00a0<a title=\"Site d'Alchimy\" href=\"https:\/\/3mhs2.r.a.d.sendibm1.com\/mk\/cl\/f\/sh\/OycZvHuFo1kTb2QbRo6p5yfC\/G-apYVDg4HRI\" target=\"_blank\" rel=\"noopener\" data-saferedirecturl=\"https:\/\/www.google.com\/url?q=https:\/\/3mhs2.r.a.d.sendibm1.com\/mk\/cl\/f\/sh\/OycZvHuFo1kTb2QbRo6p5yfC\/G-apYVDg4HRI&amp;source=gmail&amp;ust=1743750095530000&amp;usg=AOvVaw0SWLURV5e4eS_VqjlVTnoa\"><u>www.agence-alchimy.fr<\/u><\/a>\u00a0\/\u00a0<a title=\"Contacter Alchimy par mail\" href=\"mailto:hello@agence-alchimy.fr?subject=Demande%20d'information\" target=\"_blank\" rel=\"noopener\"><u>hell<wbr \/>o@agence-alchimy.fr<\/u><\/a>\u00a0\/\u00a0<a title=\"Contacter Alchimy par t\u00e9l\u00e9phone\" href=\"tel:0786210148\" target=\"_blank\" rel=\"noopener\"><u>07 86 21 01 48<\/u><\/a><\/p>\n<p>Red Road Studio \u2013\u00a0<a title=\"Site de Red Road\" href=\"https:\/\/3mhs2.r.a.d.sendibm1.com\/mk\/cl\/f\/sh\/OycZvHuFo1qWJHFh3iGKfaXi\/cufhU0kT2k7n\" target=\"_blank\" rel=\"noopener\" data-saferedirecturl=\"https:\/\/www.google.com\/url?q=https:\/\/3mhs2.r.a.d.sendibm1.com\/mk\/cl\/f\/sh\/OycZvHuFo1qWJHFh3iGKfaXi\/cufhU0kT2k7n&amp;source=gmail&amp;ust=1743750095530000&amp;usg=AOvVaw225A8tyTn_bGsA9iKZYx8_\"><u>www.red-road.fr<\/u><\/a>\u00a0\/\u00a0<a title=\"Contacter Red Road par mail\" href=\"mailto:contact@red-road.fr?subject=Demande%20d'information\" target=\"_blank\" rel=\"noopener\"><u>contact@<wbr \/>red-road.fr<\/u><\/a>\u00a0\/\u00a0<a title=\"Contacter Red Road par t\u00e9l\u00e9phone\" href=\"tel:0668050413\" target=\"_blank\" rel=\"noopener\"><u>06 68 05 04 13<\/u><\/a><\/p>\n<p>&nbsp;<\/p>\n<\/div>\n<\/td>\n<\/tr>\n<\/tbody>\n<\/table>\n<\/div>\n<\/div>\n","protected":false},"excerpt":{"rendered":"<p>&nbsp; Si vous avez cru \u00e0 l\u2019Air des Vosges, rassurez-vous : vous n\u2019\u00eates pas seuls. Pendant plusieurs jours, notre start-up [&hellip;]<\/p>\n","protected":false},"author":391,"featured_media":130497,"comment_status":"open","ping_status":"open","sticky":false,"template":"","format":"standard","meta":{"footnotes":""},"categories":[22,24,6056,6057,6055,6155],"tags":[16300,16386,16387],"class_list":["post-130496","post","type-post","status-publish","format-standard","has-post-thumbnail","hentry","category-a-la-une","category-epinal","category-gerardmer","category-la-plaine-des-vosges","category-remiremont","category-saint-die","tag-air-des-vosges","tag-alchimy","tag-red-road"],"acf":[],"yoast_head":"<!-- This site is optimized with the Yoast SEO plugin v22.5 - https:\/\/yoast.com\/wordpress\/plugins\/seo\/ -->\n<title>Air des Vosges, un vent de supercherie\u2026 mais un vrai coup de com\u2019 - Epinal Info<\/title>\n<meta name=\"robots\" content=\"index, follow, max-snippet:-1, max-image-preview:large, max-video-preview:-1\" \/>\n<link rel=\"canonical\" href=\"https:\/\/vosgesinfo.fr\/epinalinfo\/2025\/04\/air-des-vosges-un-vent-de-supercherie-mais-un-vrai-coup-de-com\/\" \/>\n<meta name=\"twitter:card\" content=\"summary_large_image\" \/>\n<meta name=\"twitter:title\" content=\"Air des Vosges, un vent de supercherie\u2026 mais un vrai coup de com\u2019 - Epinal Info\" \/>\n<meta name=\"twitter:description\" content=\"&nbsp; Si vous avez cru \u00e0 l\u2019Air des Vosges, rassurez-vous : vous n\u2019\u00eates pas seuls. Pendant plusieurs jours, notre start-up [&hellip;]\" \/>\n<meta name=\"twitter:image\" content=\"https:\/\/vosgesinfo.fr\/app\/uploads\/sites\/3\/2025\/04\/bouteille-foret-scaled-1.jpg\" \/>\n<meta name=\"twitter:creator\" content=\"@VosgesInfo88\" \/>\n<meta name=\"twitter:site\" content=\"@VosgesInfo88\" \/>\n<meta name=\"twitter:label1\" content=\"\u00c9crit par\" \/>\n\t<meta name=\"twitter:data1\" content=\"La redaction\" \/>\n\t<meta name=\"twitter:label2\" content=\"Dur\u00e9e de lecture estim\u00e9e\" \/>\n\t<meta name=\"twitter:data2\" content=\"3 minutes\" \/>\n<script type=\"application\/ld+json\" class=\"yoast-schema-graph\">{\"@context\":\"https:\/\/schema.org\",\"@graph\":[{\"@type\":\"Article\",\"@id\":\"https:\/\/vosgesinfo.fr\/epinalinfo\/2025\/04\/air-des-vosges-un-vent-de-supercherie-mais-un-vrai-coup-de-com\/#article\",\"isPartOf\":{\"@id\":\"https:\/\/vosgesinfo.fr\/epinalinfo\/2025\/04\/air-des-vosges-un-vent-de-supercherie-mais-un-vrai-coup-de-com\/\"},\"author\":{\"name\":\"La redaction\",\"@id\":\"https:\/\/vosgesinfo.fr\/epinalinfo\/#\/schema\/person\/27a3695b06db98895b354c0765cdfc31\"},\"headline\":\"Air des Vosges, un vent de supercherie\u2026 mais un vrai coup de com\u2019\",\"datePublished\":\"2025-04-03T10:15:58+00:00\",\"dateModified\":\"2025-04-03T09:50:22+00:00\",\"mainEntityOfPage\":{\"@id\":\"https:\/\/vosgesinfo.fr\/epinalinfo\/2025\/04\/air-des-vosges-un-vent-de-supercherie-mais-un-vrai-coup-de-com\/\"},\"wordCount\":463,\"commentCount\":1,\"publisher\":{\"@id\":\"https:\/\/vosgesinfo.fr\/epinalinfo\/#organization\"},\"image\":{\"@id\":\"https:\/\/vosgesinfo.fr\/epinalinfo\/2025\/04\/air-des-vosges-un-vent-de-supercherie-mais-un-vrai-coup-de-com\/#primaryimage\"},\"thumbnailUrl\":\"https:\/\/vosgesinfo.fr\/app\/uploads\/sites\/3\/2025\/04\/bouteille-foret-scaled-1.jpg\",\"keywords\":[\"Air des Vosges\",\"Alchimy\",\"red road\"],\"articleSection\":[\"A la Une\",\"Epinal\",\"Gerardmer\",\"La plaine des vosges\",\"Remiremont\",\"Saint-di\u00e9\"],\"inLanguage\":\"fr-FR\",\"potentialAction\":[{\"@type\":\"CommentAction\",\"name\":\"Comment\",\"target\":[\"https:\/\/vosgesinfo.fr\/epinalinfo\/2025\/04\/air-des-vosges-un-vent-de-supercherie-mais-un-vrai-coup-de-com\/#respond\"]}]},{\"@type\":\"WebPage\",\"@id\":\"https:\/\/vosgesinfo.fr\/epinalinfo\/2025\/04\/air-des-vosges-un-vent-de-supercherie-mais-un-vrai-coup-de-com\/\",\"url\":\"https:\/\/vosgesinfo.fr\/epinalinfo\/2025\/04\/air-des-vosges-un-vent-de-supercherie-mais-un-vrai-coup-de-com\/\",\"name\":\"Air des Vosges, un vent de supercherie\u2026 mais un vrai coup de com\u2019 - Epinal Info\",\"isPartOf\":{\"@id\":\"https:\/\/vosgesinfo.fr\/epinalinfo\/#website\"},\"primaryImageOfPage\":{\"@id\":\"https:\/\/vosgesinfo.fr\/epinalinfo\/2025\/04\/air-des-vosges-un-vent-de-supercherie-mais-un-vrai-coup-de-com\/#primaryimage\"},\"image\":{\"@id\":\"https:\/\/vosgesinfo.fr\/epinalinfo\/2025\/04\/air-des-vosges-un-vent-de-supercherie-mais-un-vrai-coup-de-com\/#primaryimage\"},\"thumbnailUrl\":\"https:\/\/vosgesinfo.fr\/app\/uploads\/sites\/3\/2025\/04\/bouteille-foret-scaled-1.jpg\",\"datePublished\":\"2025-04-03T10:15:58+00:00\",\"dateModified\":\"2025-04-03T09:50:22+00:00\",\"breadcrumb\":{\"@id\":\"https:\/\/vosgesinfo.fr\/epinalinfo\/2025\/04\/air-des-vosges-un-vent-de-supercherie-mais-un-vrai-coup-de-com\/#breadcrumb\"},\"inLanguage\":\"fr-FR\",\"potentialAction\":[{\"@type\":\"ReadAction\",\"target\":[\"https:\/\/vosgesinfo.fr\/epinalinfo\/2025\/04\/air-des-vosges-un-vent-de-supercherie-mais-un-vrai-coup-de-com\/\"]}]},{\"@type\":\"ImageObject\",\"inLanguage\":\"fr-FR\",\"@id\":\"https:\/\/vosgesinfo.fr\/epinalinfo\/2025\/04\/air-des-vosges-un-vent-de-supercherie-mais-un-vrai-coup-de-com\/#primaryimage\",\"url\":\"https:\/\/vosgesinfo.fr\/app\/uploads\/sites\/3\/2025\/04\/bouteille-foret-scaled-1.jpg\",\"contentUrl\":\"https:\/\/vosgesinfo.fr\/app\/uploads\/sites\/3\/2025\/04\/bouteille-foret-scaled-1.jpg\",\"width\":2560,\"height\":1431},{\"@type\":\"BreadcrumbList\",\"@id\":\"https:\/\/vosgesinfo.fr\/epinalinfo\/2025\/04\/air-des-vosges-un-vent-de-supercherie-mais-un-vrai-coup-de-com\/#breadcrumb\",\"itemListElement\":[{\"@type\":\"ListItem\",\"position\":1,\"name\":\"Home\",\"item\":\"https:\/\/vosgesinfo.fr\/epinalinfo\/\"},{\"@type\":\"ListItem\",\"position\":2,\"name\":\"Air des Vosges, un vent de supercherie\u2026 mais un vrai coup de com\u2019\"}]},{\"@type\":\"WebSite\",\"@id\":\"https:\/\/vosgesinfo.fr\/epinalinfo\/#website\",\"url\":\"https:\/\/vosgesinfo.fr\/epinalinfo\/\",\"name\":\"Epinal Info\",\"description\":\"Toute l&#039;actualit\u00e9 d&#039;\u00c9pinal\",\"publisher\":{\"@id\":\"https:\/\/vosgesinfo.fr\/epinalinfo\/#organization\"},\"alternateName\":\"Toute l'actualit\u00e9 d'\u00c9pinal\",\"potentialAction\":[{\"@type\":\"SearchAction\",\"target\":{\"@type\":\"EntryPoint\",\"urlTemplate\":\"https:\/\/vosgesinfo.fr\/epinalinfo\/?s={search_term_string}\"},\"query-input\":\"required name=search_term_string\"}],\"inLanguage\":\"fr-FR\"},{\"@type\":\"Organization\",\"@id\":\"https:\/\/vosgesinfo.fr\/epinalinfo\/#organization\",\"name\":\"Epinal Info\",\"url\":\"https:\/\/vosgesinfo.fr\/epinalinfo\/\",\"logo\":{\"@type\":\"ImageObject\",\"inLanguage\":\"fr-FR\",\"@id\":\"https:\/\/vosgesinfo.fr\/epinalinfo\/#\/schema\/logo\/image\/\",\"url\":\"https:\/\/vosgesinfo.fr\/app\/uploads\/sites\/3\/2023\/08\/logo-epinalinfos.svg\",\"contentUrl\":\"https:\/\/vosgesinfo.fr\/app\/uploads\/sites\/3\/2023\/08\/logo-epinalinfos.svg\",\"width\":1,\"height\":1,\"caption\":\"Epinal Info\"},\"image\":{\"@id\":\"https:\/\/vosgesinfo.fr\/epinalinfo\/#\/schema\/logo\/image\/\"},\"sameAs\":[\"https:\/\/www.facebook.com\/Epinalinfos\",\"https:\/\/x.com\/VosgesInfo88\",\"https:\/\/www.youtube.com\/@vosgesinfo\"]},{\"@type\":\"Person\",\"@id\":\"https:\/\/vosgesinfo.fr\/epinalinfo\/#\/schema\/person\/27a3695b06db98895b354c0765cdfc31\",\"name\":\"La redaction\",\"image\":{\"@type\":\"ImageObject\",\"inLanguage\":\"fr-FR\",\"@id\":\"https:\/\/vosgesinfo.fr\/epinalinfo\/#\/schema\/person\/image\/\",\"url\":\"https:\/\/secure.gravatar.com\/avatar\/64c76a78e501cedee55736f43f332df901e1896ae9cd8fad269ae2236dd0e8b6?s=96&d=mm&r=g\",\"contentUrl\":\"https:\/\/secure.gravatar.com\/avatar\/64c76a78e501cedee55736f43f332df901e1896ae9cd8fad269ae2236dd0e8b6?s=96&d=mm&r=g\",\"caption\":\"La redaction\"},\"url\":\"https:\/\/vosgesinfo.fr\/epinalinfo\/author\/la-redaction\/\"}]}<\/script>\n<!-- \/ Yoast SEO plugin. -->","yoast_head_json":{"title":"Air des Vosges, un vent de supercherie\u2026 mais un vrai coup de com\u2019 - Epinal Info","robots":{"index":"index","follow":"follow","max-snippet":"max-snippet:-1","max-image-preview":"max-image-preview:large","max-video-preview":"max-video-preview:-1"},"canonical":"https:\/\/vosgesinfo.fr\/epinalinfo\/2025\/04\/air-des-vosges-un-vent-de-supercherie-mais-un-vrai-coup-de-com\/","twitter_card":"summary_large_image","twitter_title":"Air des Vosges, un vent de supercherie\u2026 mais un vrai coup de com\u2019 - Epinal Info","twitter_description":"&nbsp; Si vous avez cru \u00e0 l\u2019Air des Vosges, rassurez-vous : vous n\u2019\u00eates pas seuls. Pendant plusieurs jours, notre start-up [&hellip;]","twitter_image":"https:\/\/vosgesinfo.fr\/app\/uploads\/sites\/3\/2025\/04\/bouteille-foret-scaled-1.jpg","twitter_creator":"@VosgesInfo88","twitter_site":"@VosgesInfo88","twitter_misc":{"\u00c9crit par":"La redaction","Dur\u00e9e de lecture estim\u00e9e":"3 minutes"},"schema":{"@context":"https:\/\/schema.org","@graph":[{"@type":"Article","@id":"https:\/\/vosgesinfo.fr\/epinalinfo\/2025\/04\/air-des-vosges-un-vent-de-supercherie-mais-un-vrai-coup-de-com\/#article","isPartOf":{"@id":"https:\/\/vosgesinfo.fr\/epinalinfo\/2025\/04\/air-des-vosges-un-vent-de-supercherie-mais-un-vrai-coup-de-com\/"},"author":{"name":"La redaction","@id":"https:\/\/vosgesinfo.fr\/epinalinfo\/#\/schema\/person\/27a3695b06db98895b354c0765cdfc31"},"headline":"Air des Vosges, un vent de supercherie\u2026 mais un vrai coup de com\u2019","datePublished":"2025-04-03T10:15:58+00:00","dateModified":"2025-04-03T09:50:22+00:00","mainEntityOfPage":{"@id":"https:\/\/vosgesinfo.fr\/epinalinfo\/2025\/04\/air-des-vosges-un-vent-de-supercherie-mais-un-vrai-coup-de-com\/"},"wordCount":463,"commentCount":1,"publisher":{"@id":"https:\/\/vosgesinfo.fr\/epinalinfo\/#organization"},"image":{"@id":"https:\/\/vosgesinfo.fr\/epinalinfo\/2025\/04\/air-des-vosges-un-vent-de-supercherie-mais-un-vrai-coup-de-com\/#primaryimage"},"thumbnailUrl":"https:\/\/vosgesinfo.fr\/app\/uploads\/sites\/3\/2025\/04\/bouteille-foret-scaled-1.jpg","keywords":["Air des Vosges","Alchimy","red road"],"articleSection":["A la Une","Epinal","Gerardmer","La plaine des vosges","Remiremont","Saint-di\u00e9"],"inLanguage":"fr-FR","potentialAction":[{"@type":"CommentAction","name":"Comment","target":["https:\/\/vosgesinfo.fr\/epinalinfo\/2025\/04\/air-des-vosges-un-vent-de-supercherie-mais-un-vrai-coup-de-com\/#respond"]}]},{"@type":"WebPage","@id":"https:\/\/vosgesinfo.fr\/epinalinfo\/2025\/04\/air-des-vosges-un-vent-de-supercherie-mais-un-vrai-coup-de-com\/","url":"https:\/\/vosgesinfo.fr\/epinalinfo\/2025\/04\/air-des-vosges-un-vent-de-supercherie-mais-un-vrai-coup-de-com\/","name":"Air des Vosges, un vent de supercherie\u2026 mais un vrai coup de com\u2019 - Epinal Info","isPartOf":{"@id":"https:\/\/vosgesinfo.fr\/epinalinfo\/#website"},"primaryImageOfPage":{"@id":"https:\/\/vosgesinfo.fr\/epinalinfo\/2025\/04\/air-des-vosges-un-vent-de-supercherie-mais-un-vrai-coup-de-com\/#primaryimage"},"image":{"@id":"https:\/\/vosgesinfo.fr\/epinalinfo\/2025\/04\/air-des-vosges-un-vent-de-supercherie-mais-un-vrai-coup-de-com\/#primaryimage"},"thumbnailUrl":"https:\/\/vosgesinfo.fr\/app\/uploads\/sites\/3\/2025\/04\/bouteille-foret-scaled-1.jpg","datePublished":"2025-04-03T10:15:58+00:00","dateModified":"2025-04-03T09:50:22+00:00","breadcrumb":{"@id":"https:\/\/vosgesinfo.fr\/epinalinfo\/2025\/04\/air-des-vosges-un-vent-de-supercherie-mais-un-vrai-coup-de-com\/#breadcrumb"},"inLanguage":"fr-FR","potentialAction":[{"@type":"ReadAction","target":["https:\/\/vosgesinfo.fr\/epinalinfo\/2025\/04\/air-des-vosges-un-vent-de-supercherie-mais-un-vrai-coup-de-com\/"]}]},{"@type":"ImageObject","inLanguage":"fr-FR","@id":"https:\/\/vosgesinfo.fr\/epinalinfo\/2025\/04\/air-des-vosges-un-vent-de-supercherie-mais-un-vrai-coup-de-com\/#primaryimage","url":"https:\/\/vosgesinfo.fr\/app\/uploads\/sites\/3\/2025\/04\/bouteille-foret-scaled-1.jpg","contentUrl":"https:\/\/vosgesinfo.fr\/app\/uploads\/sites\/3\/2025\/04\/bouteille-foret-scaled-1.jpg","width":2560,"height":1431},{"@type":"BreadcrumbList","@id":"https:\/\/vosgesinfo.fr\/epinalinfo\/2025\/04\/air-des-vosges-un-vent-de-supercherie-mais-un-vrai-coup-de-com\/#breadcrumb","itemListElement":[{"@type":"ListItem","position":1,"name":"Home","item":"https:\/\/vosgesinfo.fr\/epinalinfo\/"},{"@type":"ListItem","position":2,"name":"Air des Vosges, un vent de supercherie\u2026 mais un vrai coup de com\u2019"}]},{"@type":"WebSite","@id":"https:\/\/vosgesinfo.fr\/epinalinfo\/#website","url":"https:\/\/vosgesinfo.fr\/epinalinfo\/","name":"Epinal Info","description":"Toute l&#039;actualit\u00e9 d&#039;\u00c9pinal","publisher":{"@id":"https:\/\/vosgesinfo.fr\/epinalinfo\/#organization"},"alternateName":"Toute l'actualit\u00e9 d'\u00c9pinal","potentialAction":[{"@type":"SearchAction","target":{"@type":"EntryPoint","urlTemplate":"https:\/\/vosgesinfo.fr\/epinalinfo\/?s={search_term_string}"},"query-input":"required name=search_term_string"}],"inLanguage":"fr-FR"},{"@type":"Organization","@id":"https:\/\/vosgesinfo.fr\/epinalinfo\/#organization","name":"Epinal Info","url":"https:\/\/vosgesinfo.fr\/epinalinfo\/","logo":{"@type":"ImageObject","inLanguage":"fr-FR","@id":"https:\/\/vosgesinfo.fr\/epinalinfo\/#\/schema\/logo\/image\/","url":"https:\/\/vosgesinfo.fr\/app\/uploads\/sites\/3\/2023\/08\/logo-epinalinfos.svg","contentUrl":"https:\/\/vosgesinfo.fr\/app\/uploads\/sites\/3\/2023\/08\/logo-epinalinfos.svg","width":1,"height":1,"caption":"Epinal Info"},"image":{"@id":"https:\/\/vosgesinfo.fr\/epinalinfo\/#\/schema\/logo\/image\/"},"sameAs":["https:\/\/www.facebook.com\/Epinalinfos","https:\/\/x.com\/VosgesInfo88","https:\/\/www.youtube.com\/@vosgesinfo"]},{"@type":"Person","@id":"https:\/\/vosgesinfo.fr\/epinalinfo\/#\/schema\/person\/27a3695b06db98895b354c0765cdfc31","name":"La redaction","image":{"@type":"ImageObject","inLanguage":"fr-FR","@id":"https:\/\/vosgesinfo.fr\/epinalinfo\/#\/schema\/person\/image\/","url":"https:\/\/secure.gravatar.com\/avatar\/64c76a78e501cedee55736f43f332df901e1896ae9cd8fad269ae2236dd0e8b6?s=96&d=mm&r=g","contentUrl":"https:\/\/secure.gravatar.com\/avatar\/64c76a78e501cedee55736f43f332df901e1896ae9cd8fad269ae2236dd0e8b6?s=96&d=mm&r=g","caption":"La redaction"},"url":"https:\/\/vosgesinfo.fr\/epinalinfo\/author\/la-redaction\/"}]}},"_links":{"self":[{"href":"https:\/\/vosgesinfo.fr\/epinalinfo\/wp-json\/wp\/v2\/posts\/130496","targetHints":{"allow":["GET"]}}],"collection":[{"href":"https:\/\/vosgesinfo.fr\/epinalinfo\/wp-json\/wp\/v2\/posts"}],"about":[{"href":"https:\/\/vosgesinfo.fr\/epinalinfo\/wp-json\/wp\/v2\/types\/post"}],"author":[{"embeddable":true,"href":"https:\/\/vosgesinfo.fr\/epinalinfo\/wp-json\/wp\/v2\/users\/391"}],"replies":[{"embeddable":true,"href":"https:\/\/vosgesinfo.fr\/epinalinfo\/wp-json\/wp\/v2\/comments?post=130496"}],"version-history":[{"count":14,"href":"https:\/\/vosgesinfo.fr\/epinalinfo\/wp-json\/wp\/v2\/posts\/130496\/revisions"}],"predecessor-version":[{"id":130514,"href":"https:\/\/vosgesinfo.fr\/epinalinfo\/wp-json\/wp\/v2\/posts\/130496\/revisions\/130514"}],"wp:featuredmedia":[{"embeddable":true,"href":"https:\/\/vosgesinfo.fr\/epinalinfo\/wp-json\/wp\/v2\/media\/130497"}],"wp:attachment":[{"href":"https:\/\/vosgesinfo.fr\/epinalinfo\/wp-json\/wp\/v2\/media?parent=130496"}],"wp:term":[{"taxonomy":"category","embeddable":true,"href":"https:\/\/vosgesinfo.fr\/epinalinfo\/wp-json\/wp\/v2\/categories?post=130496"},{"taxonomy":"post_tag","embeddable":true,"href":"https:\/\/vosgesinfo.fr\/epinalinfo\/wp-json\/wp\/v2\/tags?post=130496"}],"curies":[{"name":"wp","href":"https:\/\/api.w.org\/{rel}","templated":true}]}}