{"id":130504,"date":"2025-04-03T11:40:20","date_gmt":"2025-04-03T09:40:20","guid":{"rendered":"https:\/\/vosgesinfo.fr\/epinalinfo\/?p=130504"},"modified":"2025-04-03T11:29:26","modified_gmt":"2025-04-03T09:29:26","slug":"les-elitdays-lelite-des-vaches-a-epinal","status":"publish","type":"post","link":"https:\/\/vosgesinfo.fr\/epinalinfo\/2025\/04\/les-elitdays-lelite-des-vaches-a-epinal\/","title":{"rendered":"Les \u00c9lit\u2019days : l&rsquo;\u00e9lite des vaches \u00e0 \u00c9pinal !"},"content":{"rendered":"<h2 data-start=\"419\" data-end=\"916\"><strong><a href=\"https:\/\/vosgesinfo.fr\/app\/uploads\/sites\/3\/2025\/04\/elit-days-epinal.2jpg.jpg\"><img decoding=\"async\" class=\"aligncenter size-full wp-image-130508\" src=\"https:\/\/vosgesinfo.fr\/app\/uploads\/sites\/3\/2025\/04\/elit-days-epinal.2jpg.jpg\" alt=\"\" width=\"2040\" height=\"1536\" srcset=\"https:\/\/vosgesinfo.fr\/app\/uploads\/sites\/3\/2025\/04\/elit-days-epinal.2jpg.jpg 2040w, https:\/\/vosgesinfo.fr\/app\/uploads\/sites\/3\/2025\/04\/elit-days-epinal.2jpg-300x226.jpg 300w, https:\/\/vosgesinfo.fr\/app\/uploads\/sites\/3\/2025\/04\/elit-days-epinal.2jpg-1024x771.jpg 1024w, https:\/\/vosgesinfo.fr\/app\/uploads\/sites\/3\/2025\/04\/elit-days-epinal.2jpg-768x578.jpg 768w, https:\/\/vosgesinfo.fr\/app\/uploads\/sites\/3\/2025\/04\/elit-days-epinal.2jpg-1536x1157.jpg 1536w\" sizes=\"(max-width: 2040px) 100vw, 2040px\" \/><\/a>Les plus beaux sp\u00e9cimens des vaches de l\u2019est de la France ont quitt\u00e9 leurs fermes le temps des \u00c9lit\u2019days, un salon professionnel d\u00e9di\u00e9 aux races bovines laiti\u00e8res. Cet \u00e9v\u00e9nement, organis\u00e9 par la coop\u00e9rative Elitest, a ouvert ses portes ce mercredi et se d\u00e9roule sur deux jours au centre des congr\u00e8s d\u2019\u00c9pinal.<\/strong><\/h2>\n<p class=\"\" data-start=\"419\" data-end=\"916\">Il permet aux \u00e9leveurs et professionnels du secteur de se rencontrer, d\u2019\u00e9changer et de d\u00e9couvrir les avanc\u00e9es en mati\u00e8re de s\u00e9lection, de reproduction et de g\u00e9n\u00e9tique bovine.<\/p>\n<h3 data-start=\"918\" data-end=\"979\"><strong data-start=\"921\" data-end=\"977\">Un salon d\u00e9di\u00e9 \u00e0 l\u2019excellence de la fili\u00e8re laiti\u00e8re<\/strong><\/h3>\n<p class=\"\" data-start=\"981\" data-end=\"1371\"><em>\u00ab\u00a0La coop\u00e9rative Elitest, sp\u00e9cialis\u00e9e dans l&rsquo;am\u00e9lioration g\u00e9n\u00e9tique des races bovines laiti\u00e8res, met un point d\u2019honneur \u00e0 promouvoir l\u2019excellence de la fili\u00e8re.\u00a0\u00bb<\/em> explique Philippe Sibille, le directeur d&rsquo;Elit Est. L\u2019\u00e9v\u00e9nement est l\u2019occasion pour l\u2019ensemble des adh\u00e9rents de se familiariser avec les derni\u00e8res innovations et d\u2019en apprendre davantage sur le m\u00e9tier d\u2019\u00e9leveur, le savoir-faire et les techniques de s\u00e9lection g\u00e9n\u00e9tique.<\/p>\n<p class=\"\" data-start=\"1373\" data-end=\"1462\">Les visiteurs peuvent y admirer des repr\u00e9sentants des six grandes races laiti\u00e8res : <strong data-start=\"1466\" data-end=\"1483\">Prim\u2019Holstein, <\/strong><strong data-start=\"1488\" data-end=\"1504\">Montb\u00e9liarde, <\/strong><strong data-start=\"1509\" data-end=\"1518\">Brune, <\/strong><strong data-start=\"1523\" data-end=\"1536\">Jersiaise, <\/strong><strong data-start=\"1541\" data-end=\"1554\">Simmental, <\/strong><strong data-start=\"1559\" data-end=\"1572\">Vosgienne.<br \/>\n<\/strong><\/p>\n<h3 data-start=\"1576\" data-end=\"1652\"><strong data-start=\"1579\" data-end=\"1650\">La Simmental \u00e0 l\u2019honneur avec un concours et une vente aux ench\u00e8res<\/strong><\/h3>\n<p class=\"\" data-start=\"1654\" data-end=\"1964\">La Simmental, race r\u00e9put\u00e9e pour ses qualit\u00e9s mixtes (production de lait et de viande), a particuli\u00e8rement attir\u00e9 l\u2019attention lors de cette \u00e9dition des \u00c9lit\u2019days. Un concours rassemblant 50 vaches issues du Nord-Est, de la Bourgogne et de la Franche-Comt\u00e9 a mis en lumi\u00e8re les meilleurs sp\u00e9cimens.<\/p>\n<p class=\"\" data-start=\"1966\" data-end=\"2118\">Suite \u00e0 cette comp\u00e9tition, une vente aux ench\u00e8res de g\u00e9nisses Simmentales a permis aux \u00e9leveurs d\u2019acqu\u00e9rir des animaux de haute qualit\u00e9 g\u00e9n\u00e9tique.<\/p>\n<h3 data-start=\"2120\" data-end=\"2173\"><strong data-start=\"2123\" data-end=\"2171\">La Redyblack et la valorisation des \u00e9leveurs<\/strong><\/h3>\n<p class=\"\" data-start=\"2175\" data-end=\"2485\">L\u2019\u00e9v\u00e9nement a \u00e9galement \u00e9t\u00e9 marqu\u00e9 par l\u2019assembl\u00e9e g\u00e9n\u00e9rale de l\u2019association Boxinext, qui \u0153uvre pour le d\u00e9veloppement de la race Redyblack en France. Pour valoriser cette race, une d\u00e9gustation de viande a \u00e9t\u00e9 organis\u00e9e avant le repas, permettant aux participants d\u2019appr\u00e9cier ses qualit\u00e9s gustatives.<\/p>\n<p class=\"\" data-start=\"2487\" data-end=\"2686\">Enfin, la journ\u00e9e se cl\u00f4turera par une vente aux ench\u00e8res multi-race, rassemblant des g\u00e9nisses de diverses origines, afin de satisfaire les besoins des \u00e9leveurs en qu\u00eate de diversit\u00e9 g\u00e9n\u00e9tique.<\/p>\n<h3 data-start=\"2688\" data-end=\"2735\"><strong data-start=\"2691\" data-end=\"2733\">Un espace d\u2019\u00e9changes et de d\u00e9couvertes<\/strong><\/h3>\n<p class=\"\" data-start=\"2737\" data-end=\"3125\">Outre les concours et ventes aux ench\u00e8res, de nombreux stands sont pr\u00e9sents pour accompagner les visiteurs. Des repr\u00e9sentants de la coop\u00e9rative Elitest, des diff\u00e9rentes races bovines et d\u2019une dizaine de partenaires proposent des services et conseils aux \u00e9leveurs sur des th\u00e9matiques vari\u00e9es : s\u00e9lection g\u00e9n\u00e9tique, reproduction, alimentation, innovations technologiques, etc.<\/p>\n<p class=\"\" data-start=\"3127\" data-end=\"3357\">Les \u00c9lit\u2019days confirment ainsi leur r\u00f4le de rendez-vous incontournable pour les passionn\u00e9s et professionnels de la fili\u00e8re laiti\u00e8re, mettant en avant l\u2019excellence des \u00e9levages fran\u00e7ais et l\u2019avenir de la g\u00e9n\u00e9tique bovine.<\/p>\n\n\t\t<style type=\"text\/css\">\n\t\t\t#gallery-1 {\n\t\t\t\tmargin: auto;\n\t\t\t}\n\t\t\t#gallery-1 .gallery-item {\n\t\t\t\tfloat: left;\n\t\t\t\tmargin-top: 10px;\n\t\t\t\ttext-align: center;\n\t\t\t\twidth: 33%;\n\t\t\t}\n\t\t\t#gallery-1 img {\n\t\t\t\tborder: 2px solid #cfcfcf;\n\t\t\t}\n\t\t\t#gallery-1 .gallery-caption {\n\t\t\t\tmargin-left: 0;\n\t\t\t}\n\t\t\t\/* see gallery_shortcode() in wp-includes\/media.php *\/\n\t\t<\/style>\n\t\t<div id='gallery-1' class='gallery galleryid-130504 gallery-columns-3 gallery-size-large'><dl class='gallery-item'>\n\t\t\t<dt class='gallery-icon landscape'>\n\t\t\t\t<a href='https:\/\/vosgesinfo.fr\/app\/uploads\/sites\/3\/2025\/04\/elit-days-epinal.3jpg.jpg'><img decoding=\"async\" width=\"1024\" height=\"771\" src=\"https:\/\/vosgesinfo.fr\/app\/uploads\/sites\/3\/2025\/04\/elit-days-epinal.3jpg-1024x771.jpg\" class=\"attachment-large size-large\" alt=\"\" srcset=\"https:\/\/vosgesinfo.fr\/app\/uploads\/sites\/3\/2025\/04\/elit-days-epinal.3jpg-1024x771.jpg 1024w, https:\/\/vosgesinfo.fr\/app\/uploads\/sites\/3\/2025\/04\/elit-days-epinal.3jpg-300x226.jpg 300w, https:\/\/vosgesinfo.fr\/app\/uploads\/sites\/3\/2025\/04\/elit-days-epinal.3jpg-768x578.jpg 768w, https:\/\/vosgesinfo.fr\/app\/uploads\/sites\/3\/2025\/04\/elit-days-epinal.3jpg-1536x1157.jpg 1536w, https:\/\/vosgesinfo.fr\/app\/uploads\/sites\/3\/2025\/04\/elit-days-epinal.3jpg.jpg 2040w\" sizes=\"(max-width: 1024px) 100vw, 1024px\" \/><\/a>\n\t\t\t<\/dt><\/dl><dl class='gallery-item'>\n\t\t\t<dt class='gallery-icon landscape'>\n\t\t\t\t<a href='https:\/\/vosgesinfo.fr\/app\/uploads\/sites\/3\/2025\/04\/elit-days-epinal.4jpg.jpg'><img decoding=\"async\" width=\"1024\" height=\"771\" src=\"https:\/\/vosgesinfo.fr\/app\/uploads\/sites\/3\/2025\/04\/elit-days-epinal.4jpg-1024x771.jpg\" class=\"attachment-large size-large\" alt=\"\" srcset=\"https:\/\/vosgesinfo.fr\/app\/uploads\/sites\/3\/2025\/04\/elit-days-epinal.4jpg-1024x771.jpg 1024w, https:\/\/vosgesinfo.fr\/app\/uploads\/sites\/3\/2025\/04\/elit-days-epinal.4jpg-300x226.jpg 300w, https:\/\/vosgesinfo.fr\/app\/uploads\/sites\/3\/2025\/04\/elit-days-epinal.4jpg-768x578.jpg 768w, https:\/\/vosgesinfo.fr\/app\/uploads\/sites\/3\/2025\/04\/elit-days-epinal.4jpg-1536x1157.jpg 1536w, https:\/\/vosgesinfo.fr\/app\/uploads\/sites\/3\/2025\/04\/elit-days-epinal.4jpg.jpg 2040w\" sizes=\"(max-width: 1024px) 100vw, 1024px\" \/><\/a>\n\t\t\t<\/dt><\/dl><dl class='gallery-item'>\n\t\t\t<dt class='gallery-icon landscape'>\n\t\t\t\t<a href='https:\/\/vosgesinfo.fr\/app\/uploads\/sites\/3\/2025\/04\/elit-days-epinal.5jpg.jpg'><img decoding=\"async\" width=\"1024\" height=\"771\" src=\"https:\/\/vosgesinfo.fr\/app\/uploads\/sites\/3\/2025\/04\/elit-days-epinal.5jpg-1024x771.jpg\" class=\"attachment-large size-large\" alt=\"\" srcset=\"https:\/\/vosgesinfo.fr\/app\/uploads\/sites\/3\/2025\/04\/elit-days-epinal.5jpg-1024x771.jpg 1024w, https:\/\/vosgesinfo.fr\/app\/uploads\/sites\/3\/2025\/04\/elit-days-epinal.5jpg-300x226.jpg 300w, https:\/\/vosgesinfo.fr\/app\/uploads\/sites\/3\/2025\/04\/elit-days-epinal.5jpg-768x578.jpg 768w, https:\/\/vosgesinfo.fr\/app\/uploads\/sites\/3\/2025\/04\/elit-days-epinal.5jpg-1536x1157.jpg 1536w, https:\/\/vosgesinfo.fr\/app\/uploads\/sites\/3\/2025\/04\/elit-days-epinal.5jpg.jpg 2040w\" sizes=\"(max-width: 1024px) 100vw, 1024px\" \/><\/a>\n\t\t\t<\/dt><\/dl><br style=\"clear: both\" \/><dl class='gallery-item'>\n\t\t\t<dt class='gallery-icon landscape'>\n\t\t\t\t<a href='https:\/\/vosgesinfo.fr\/app\/uploads\/sites\/3\/2025\/04\/elit-days-epinal.jpg'><img decoding=\"async\" width=\"1024\" height=\"771\" src=\"https:\/\/vosgesinfo.fr\/app\/uploads\/sites\/3\/2025\/04\/elit-days-epinal-1024x771.jpg\" class=\"attachment-large size-large\" alt=\"\" srcset=\"https:\/\/vosgesinfo.fr\/app\/uploads\/sites\/3\/2025\/04\/elit-days-epinal-1024x771.jpg 1024w, https:\/\/vosgesinfo.fr\/app\/uploads\/sites\/3\/2025\/04\/elit-days-epinal-300x226.jpg 300w, https:\/\/vosgesinfo.fr\/app\/uploads\/sites\/3\/2025\/04\/elit-days-epinal-768x578.jpg 768w, https:\/\/vosgesinfo.fr\/app\/uploads\/sites\/3\/2025\/04\/elit-days-epinal-1536x1157.jpg 1536w, https:\/\/vosgesinfo.fr\/app\/uploads\/sites\/3\/2025\/04\/elit-days-epinal.jpg 2040w\" sizes=\"(max-width: 1024px) 100vw, 1024px\" \/><\/a>\n\t\t\t<\/dt><\/dl>\n\t\t\t<br style='clear: both' \/>\n\t\t<\/div>\n\n","protected":false},"excerpt":{"rendered":"<p>Les plus beaux sp\u00e9cimens des vaches de l\u2019est de la France ont quitt\u00e9 leurs fermes le temps des \u00c9lit\u2019days, un [&hellip;]<\/p>\n","protected":false},"author":52,"featured_media":130508,"comment_status":"open","ping_status":"open","sticky":false,"template":"","format":"standard","meta":{"footnotes":""},"categories":[22,316,24],"tags":[317,16394,1589],"class_list":["post-130504","post","type-post","status-publish","format-standard","has-post-thumbnail","hentry","category-a-la-une","category-agriculture","category-epinal","tag-agriculture","tag-elitdays","tag-vaches"],"acf":[],"yoast_head":"<!-- This site is optimized with the Yoast SEO plugin v22.5 - https:\/\/yoast.com\/wordpress\/plugins\/seo\/ -->\n<title>Les \u00c9lit\u2019days : l&#039;\u00e9lite des vaches \u00e0 \u00c9pinal ! - Epinal Info<\/title>\n<meta name=\"robots\" content=\"index, follow, max-snippet:-1, max-image-preview:large, max-video-preview:-1\" \/>\n<link rel=\"canonical\" href=\"https:\/\/vosgesinfo.fr\/epinalinfo\/2025\/04\/les-elitdays-lelite-des-vaches-a-epinal\/\" \/>\n<meta name=\"twitter:card\" content=\"summary_large_image\" \/>\n<meta name=\"twitter:title\" content=\"Les \u00c9lit\u2019days : l&#039;\u00e9lite des vaches \u00e0 \u00c9pinal ! - Epinal Info\" \/>\n<meta name=\"twitter:description\" content=\"Les plus beaux sp\u00e9cimens des vaches de l\u2019est de la France ont quitt\u00e9 leurs fermes le temps des \u00c9lit\u2019days, un [&hellip;]\" \/>\n<meta name=\"twitter:image\" content=\"https:\/\/vosgesinfo.fr\/app\/uploads\/sites\/3\/2025\/04\/elit-days-epinal.2jpg.jpg\" \/>\n<meta name=\"twitter:creator\" content=\"@VosgesInfo88\" \/>\n<meta name=\"twitter:site\" content=\"@VosgesInfo88\" \/>\n<meta name=\"twitter:label1\" content=\"\u00c9crit par\" \/>\n\t<meta name=\"twitter:data1\" content=\"C.K.\" \/>\n<script type=\"application\/ld+json\" class=\"yoast-schema-graph\">{\"@context\":\"https:\/\/schema.org\",\"@graph\":[{\"@type\":\"Article\",\"@id\":\"https:\/\/vosgesinfo.fr\/epinalinfo\/2025\/04\/les-elitdays-lelite-des-vaches-a-epinal\/#article\",\"isPartOf\":{\"@id\":\"https:\/\/vosgesinfo.fr\/epinalinfo\/2025\/04\/les-elitdays-lelite-des-vaches-a-epinal\/\"},\"author\":{\"name\":\"C.K.\",\"@id\":\"https:\/\/vosgesinfo.fr\/epinalinfo\/#\/schema\/person\/6f9a650eeea99d969b6c4ab78fccbe81\"},\"headline\":\"Les \u00c9lit\u2019days : l&rsquo;\u00e9lite des vaches \u00e0 \u00c9pinal !\",\"datePublished\":\"2025-04-03T09:40:20+00:00\",\"dateModified\":\"2025-04-03T09:29:26+00:00\",\"mainEntityOfPage\":{\"@id\":\"https:\/\/vosgesinfo.fr\/epinalinfo\/2025\/04\/les-elitdays-lelite-des-vaches-a-epinal\/\"},\"wordCount\":526,\"commentCount\":0,\"publisher\":{\"@id\":\"https:\/\/vosgesinfo.fr\/epinalinfo\/#organization\"},\"image\":{\"@id\":\"https:\/\/vosgesinfo.fr\/epinalinfo\/2025\/04\/les-elitdays-lelite-des-vaches-a-epinal\/#primaryimage\"},\"thumbnailUrl\":\"https:\/\/vosgesinfo.fr\/app\/uploads\/sites\/3\/2025\/04\/elit-days-epinal.2jpg.jpg\",\"keywords\":[\"agriculture\",\"\u00c9lit\u2019days\",\"vaches\"],\"articleSection\":[\"A la Une\",\"Agriculture\",\"Epinal\"],\"inLanguage\":\"fr-FR\",\"potentialAction\":[{\"@type\":\"CommentAction\",\"name\":\"Comment\",\"target\":[\"https:\/\/vosgesinfo.fr\/epinalinfo\/2025\/04\/les-elitdays-lelite-des-vaches-a-epinal\/#respond\"]}]},{\"@type\":\"WebPage\",\"@id\":\"https:\/\/vosgesinfo.fr\/epinalinfo\/2025\/04\/les-elitdays-lelite-des-vaches-a-epinal\/\",\"url\":\"https:\/\/vosgesinfo.fr\/epinalinfo\/2025\/04\/les-elitdays-lelite-des-vaches-a-epinal\/\",\"name\":\"Les \u00c9lit\u2019days : l'\u00e9lite des vaches \u00e0 \u00c9pinal ! - Epinal Info\",\"isPartOf\":{\"@id\":\"https:\/\/vosgesinfo.fr\/epinalinfo\/#website\"},\"primaryImageOfPage\":{\"@id\":\"https:\/\/vosgesinfo.fr\/epinalinfo\/2025\/04\/les-elitdays-lelite-des-vaches-a-epinal\/#primaryimage\"},\"image\":{\"@id\":\"https:\/\/vosgesinfo.fr\/epinalinfo\/2025\/04\/les-elitdays-lelite-des-vaches-a-epinal\/#primaryimage\"},\"thumbnailUrl\":\"https:\/\/vosgesinfo.fr\/app\/uploads\/sites\/3\/2025\/04\/elit-days-epinal.2jpg.jpg\",\"datePublished\":\"2025-04-03T09:40:20+00:00\",\"dateModified\":\"2025-04-03T09:29:26+00:00\",\"breadcrumb\":{\"@id\":\"https:\/\/vosgesinfo.fr\/epinalinfo\/2025\/04\/les-elitdays-lelite-des-vaches-a-epinal\/#breadcrumb\"},\"inLanguage\":\"fr-FR\",\"potentialAction\":[{\"@type\":\"ReadAction\",\"target\":[\"https:\/\/vosgesinfo.fr\/epinalinfo\/2025\/04\/les-elitdays-lelite-des-vaches-a-epinal\/\"]}]},{\"@type\":\"ImageObject\",\"inLanguage\":\"fr-FR\",\"@id\":\"https:\/\/vosgesinfo.fr\/epinalinfo\/2025\/04\/les-elitdays-lelite-des-vaches-a-epinal\/#primaryimage\",\"url\":\"https:\/\/vosgesinfo.fr\/app\/uploads\/sites\/3\/2025\/04\/elit-days-epinal.2jpg.jpg\",\"contentUrl\":\"https:\/\/vosgesinfo.fr\/app\/uploads\/sites\/3\/2025\/04\/elit-days-epinal.2jpg.jpg\",\"width\":2040,\"height\":1536},{\"@type\":\"BreadcrumbList\",\"@id\":\"https:\/\/vosgesinfo.fr\/epinalinfo\/2025\/04\/les-elitdays-lelite-des-vaches-a-epinal\/#breadcrumb\",\"itemListElement\":[{\"@type\":\"ListItem\",\"position\":1,\"name\":\"Home\",\"item\":\"https:\/\/vosgesinfo.fr\/epinalinfo\/\"},{\"@type\":\"ListItem\",\"position\":2,\"name\":\"Les \u00c9lit\u2019days : l&rsquo;\u00e9lite des vaches \u00e0 \u00c9pinal !\"}]},{\"@type\":\"WebSite\",\"@id\":\"https:\/\/vosgesinfo.fr\/epinalinfo\/#website\",\"url\":\"https:\/\/vosgesinfo.fr\/epinalinfo\/\",\"name\":\"Epinal Info\",\"description\":\"Toute l&#039;actualit\u00e9 d&#039;\u00c9pinal\",\"publisher\":{\"@id\":\"https:\/\/vosgesinfo.fr\/epinalinfo\/#organization\"},\"alternateName\":\"Toute l'actualit\u00e9 d'\u00c9pinal\",\"potentialAction\":[{\"@type\":\"SearchAction\",\"target\":{\"@type\":\"EntryPoint\",\"urlTemplate\":\"https:\/\/vosgesinfo.fr\/epinalinfo\/?s={search_term_string}\"},\"query-input\":\"required name=search_term_string\"}],\"inLanguage\":\"fr-FR\"},{\"@type\":\"Organization\",\"@id\":\"https:\/\/vosgesinfo.fr\/epinalinfo\/#organization\",\"name\":\"Epinal Info\",\"url\":\"https:\/\/vosgesinfo.fr\/epinalinfo\/\",\"logo\":{\"@type\":\"ImageObject\",\"inLanguage\":\"fr-FR\",\"@id\":\"https:\/\/vosgesinfo.fr\/epinalinfo\/#\/schema\/logo\/image\/\",\"url\":\"https:\/\/vosgesinfo.fr\/app\/uploads\/sites\/3\/2023\/08\/logo-epinalinfos.svg\",\"contentUrl\":\"https:\/\/vosgesinfo.fr\/app\/uploads\/sites\/3\/2023\/08\/logo-epinalinfos.svg\",\"width\":1,\"height\":1,\"caption\":\"Epinal Info\"},\"image\":{\"@id\":\"https:\/\/vosgesinfo.fr\/epinalinfo\/#\/schema\/logo\/image\/\"},\"sameAs\":[\"https:\/\/www.facebook.com\/Epinalinfos\",\"https:\/\/x.com\/VosgesInfo88\",\"https:\/\/www.youtube.com\/@vosgesinfo\"]},{\"@type\":\"Person\",\"@id\":\"https:\/\/vosgesinfo.fr\/epinalinfo\/#\/schema\/person\/6f9a650eeea99d969b6c4ab78fccbe81\",\"name\":\"C.K.\",\"image\":{\"@type\":\"ImageObject\",\"inLanguage\":\"fr-FR\",\"@id\":\"https:\/\/vosgesinfo.fr\/epinalinfo\/#\/schema\/person\/image\/\",\"url\":\"https:\/\/secure.gravatar.com\/avatar\/48e3fc7f8421ba8942be6b74a2b7f014ca39bc00dece156b7a8e098ae7dc87bf?s=96&d=mm&r=g\",\"contentUrl\":\"https:\/\/secure.gravatar.com\/avatar\/48e3fc7f8421ba8942be6b74a2b7f014ca39bc00dece156b7a8e098ae7dc87bf?s=96&d=mm&r=g\",\"caption\":\"C.K.\"},\"url\":\"https:\/\/vosgesinfo.fr\/epinalinfo\/author\/celia-k-n\/\"}]}<\/script>\n<!-- \/ Yoast SEO plugin. -->","yoast_head_json":{"title":"Les \u00c9lit\u2019days : l'\u00e9lite des vaches \u00e0 \u00c9pinal ! - Epinal Info","robots":{"index":"index","follow":"follow","max-snippet":"max-snippet:-1","max-image-preview":"max-image-preview:large","max-video-preview":"max-video-preview:-1"},"canonical":"https:\/\/vosgesinfo.fr\/epinalinfo\/2025\/04\/les-elitdays-lelite-des-vaches-a-epinal\/","twitter_card":"summary_large_image","twitter_title":"Les \u00c9lit\u2019days : l'\u00e9lite des vaches \u00e0 \u00c9pinal ! - Epinal Info","twitter_description":"Les plus beaux sp\u00e9cimens des vaches de l\u2019est de la France ont quitt\u00e9 leurs fermes le temps des \u00c9lit\u2019days, un [&hellip;]","twitter_image":"https:\/\/vosgesinfo.fr\/app\/uploads\/sites\/3\/2025\/04\/elit-days-epinal.2jpg.jpg","twitter_creator":"@VosgesInfo88","twitter_site":"@VosgesInfo88","twitter_misc":{"\u00c9crit par":"C.K."},"schema":{"@context":"https:\/\/schema.org","@graph":[{"@type":"Article","@id":"https:\/\/vosgesinfo.fr\/epinalinfo\/2025\/04\/les-elitdays-lelite-des-vaches-a-epinal\/#article","isPartOf":{"@id":"https:\/\/vosgesinfo.fr\/epinalinfo\/2025\/04\/les-elitdays-lelite-des-vaches-a-epinal\/"},"author":{"name":"C.K.","@id":"https:\/\/vosgesinfo.fr\/epinalinfo\/#\/schema\/person\/6f9a650eeea99d969b6c4ab78fccbe81"},"headline":"Les \u00c9lit\u2019days : l&rsquo;\u00e9lite des vaches \u00e0 \u00c9pinal !","datePublished":"2025-04-03T09:40:20+00:00","dateModified":"2025-04-03T09:29:26+00:00","mainEntityOfPage":{"@id":"https:\/\/vosgesinfo.fr\/epinalinfo\/2025\/04\/les-elitdays-lelite-des-vaches-a-epinal\/"},"wordCount":526,"commentCount":0,"publisher":{"@id":"https:\/\/vosgesinfo.fr\/epinalinfo\/#organization"},"image":{"@id":"https:\/\/vosgesinfo.fr\/epinalinfo\/2025\/04\/les-elitdays-lelite-des-vaches-a-epinal\/#primaryimage"},"thumbnailUrl":"https:\/\/vosgesinfo.fr\/app\/uploads\/sites\/3\/2025\/04\/elit-days-epinal.2jpg.jpg","keywords":["agriculture","\u00c9lit\u2019days","vaches"],"articleSection":["A la Une","Agriculture","Epinal"],"inLanguage":"fr-FR","potentialAction":[{"@type":"CommentAction","name":"Comment","target":["https:\/\/vosgesinfo.fr\/epinalinfo\/2025\/04\/les-elitdays-lelite-des-vaches-a-epinal\/#respond"]}]},{"@type":"WebPage","@id":"https:\/\/vosgesinfo.fr\/epinalinfo\/2025\/04\/les-elitdays-lelite-des-vaches-a-epinal\/","url":"https:\/\/vosgesinfo.fr\/epinalinfo\/2025\/04\/les-elitdays-lelite-des-vaches-a-epinal\/","name":"Les \u00c9lit\u2019days : l'\u00e9lite des vaches \u00e0 \u00c9pinal ! - Epinal Info","isPartOf":{"@id":"https:\/\/vosgesinfo.fr\/epinalinfo\/#website"},"primaryImageOfPage":{"@id":"https:\/\/vosgesinfo.fr\/epinalinfo\/2025\/04\/les-elitdays-lelite-des-vaches-a-epinal\/#primaryimage"},"image":{"@id":"https:\/\/vosgesinfo.fr\/epinalinfo\/2025\/04\/les-elitdays-lelite-des-vaches-a-epinal\/#primaryimage"},"thumbnailUrl":"https:\/\/vosgesinfo.fr\/app\/uploads\/sites\/3\/2025\/04\/elit-days-epinal.2jpg.jpg","datePublished":"2025-04-03T09:40:20+00:00","dateModified":"2025-04-03T09:29:26+00:00","breadcrumb":{"@id":"https:\/\/vosgesinfo.fr\/epinalinfo\/2025\/04\/les-elitdays-lelite-des-vaches-a-epinal\/#breadcrumb"},"inLanguage":"fr-FR","potentialAction":[{"@type":"ReadAction","target":["https:\/\/vosgesinfo.fr\/epinalinfo\/2025\/04\/les-elitdays-lelite-des-vaches-a-epinal\/"]}]},{"@type":"ImageObject","inLanguage":"fr-FR","@id":"https:\/\/vosgesinfo.fr\/epinalinfo\/2025\/04\/les-elitdays-lelite-des-vaches-a-epinal\/#primaryimage","url":"https:\/\/vosgesinfo.fr\/app\/uploads\/sites\/3\/2025\/04\/elit-days-epinal.2jpg.jpg","contentUrl":"https:\/\/vosgesinfo.fr\/app\/uploads\/sites\/3\/2025\/04\/elit-days-epinal.2jpg.jpg","width":2040,"height":1536},{"@type":"BreadcrumbList","@id":"https:\/\/vosgesinfo.fr\/epinalinfo\/2025\/04\/les-elitdays-lelite-des-vaches-a-epinal\/#breadcrumb","itemListElement":[{"@type":"ListItem","position":1,"name":"Home","item":"https:\/\/vosgesinfo.fr\/epinalinfo\/"},{"@type":"ListItem","position":2,"name":"Les \u00c9lit\u2019days : l&rsquo;\u00e9lite des vaches \u00e0 \u00c9pinal !"}]},{"@type":"WebSite","@id":"https:\/\/vosgesinfo.fr\/epinalinfo\/#website","url":"https:\/\/vosgesinfo.fr\/epinalinfo\/","name":"Epinal Info","description":"Toute l&#039;actualit\u00e9 d&#039;\u00c9pinal","publisher":{"@id":"https:\/\/vosgesinfo.fr\/epinalinfo\/#organization"},"alternateName":"Toute l'actualit\u00e9 d'\u00c9pinal","potentialAction":[{"@type":"SearchAction","target":{"@type":"EntryPoint","urlTemplate":"https:\/\/vosgesinfo.fr\/epinalinfo\/?s={search_term_string}"},"query-input":"required name=search_term_string"}],"inLanguage":"fr-FR"},{"@type":"Organization","@id":"https:\/\/vosgesinfo.fr\/epinalinfo\/#organization","name":"Epinal Info","url":"https:\/\/vosgesinfo.fr\/epinalinfo\/","logo":{"@type":"ImageObject","inLanguage":"fr-FR","@id":"https:\/\/vosgesinfo.fr\/epinalinfo\/#\/schema\/logo\/image\/","url":"https:\/\/vosgesinfo.fr\/app\/uploads\/sites\/3\/2023\/08\/logo-epinalinfos.svg","contentUrl":"https:\/\/vosgesinfo.fr\/app\/uploads\/sites\/3\/2023\/08\/logo-epinalinfos.svg","width":1,"height":1,"caption":"Epinal Info"},"image":{"@id":"https:\/\/vosgesinfo.fr\/epinalinfo\/#\/schema\/logo\/image\/"},"sameAs":["https:\/\/www.facebook.com\/Epinalinfos","https:\/\/x.com\/VosgesInfo88","https:\/\/www.youtube.com\/@vosgesinfo"]},{"@type":"Person","@id":"https:\/\/vosgesinfo.fr\/epinalinfo\/#\/schema\/person\/6f9a650eeea99d969b6c4ab78fccbe81","name":"C.K.","image":{"@type":"ImageObject","inLanguage":"fr-FR","@id":"https:\/\/vosgesinfo.fr\/epinalinfo\/#\/schema\/person\/image\/","url":"https:\/\/secure.gravatar.com\/avatar\/48e3fc7f8421ba8942be6b74a2b7f014ca39bc00dece156b7a8e098ae7dc87bf?s=96&d=mm&r=g","contentUrl":"https:\/\/secure.gravatar.com\/avatar\/48e3fc7f8421ba8942be6b74a2b7f014ca39bc00dece156b7a8e098ae7dc87bf?s=96&d=mm&r=g","caption":"C.K."},"url":"https:\/\/vosgesinfo.fr\/epinalinfo\/author\/celia-k-n\/"}]}},"_links":{"self":[{"href":"https:\/\/vosgesinfo.fr\/epinalinfo\/wp-json\/wp\/v2\/posts\/130504","targetHints":{"allow":["GET"]}}],"collection":[{"href":"https:\/\/vosgesinfo.fr\/epinalinfo\/wp-json\/wp\/v2\/posts"}],"about":[{"href":"https:\/\/vosgesinfo.fr\/epinalinfo\/wp-json\/wp\/v2\/types\/post"}],"author":[{"embeddable":true,"href":"https:\/\/vosgesinfo.fr\/epinalinfo\/wp-json\/wp\/v2\/users\/52"}],"replies":[{"embeddable":true,"href":"https:\/\/vosgesinfo.fr\/epinalinfo\/wp-json\/wp\/v2\/comments?post=130504"}],"version-history":[{"count":2,"href":"https:\/\/vosgesinfo.fr\/epinalinfo\/wp-json\/wp\/v2\/posts\/130504\/revisions"}],"predecessor-version":[{"id":130513,"href":"https:\/\/vosgesinfo.fr\/epinalinfo\/wp-json\/wp\/v2\/posts\/130504\/revisions\/130513"}],"wp:featuredmedia":[{"embeddable":true,"href":"https:\/\/vosgesinfo.fr\/epinalinfo\/wp-json\/wp\/v2\/media\/130508"}],"wp:attachment":[{"href":"https:\/\/vosgesinfo.fr\/epinalinfo\/wp-json\/wp\/v2\/media?parent=130504"}],"wp:term":[{"taxonomy":"category","embeddable":true,"href":"https:\/\/vosgesinfo.fr\/epinalinfo\/wp-json\/wp\/v2\/categories?post=130504"},{"taxonomy":"post_tag","embeddable":true,"href":"https:\/\/vosgesinfo.fr\/epinalinfo\/wp-json\/wp\/v2\/tags?post=130504"}],"curies":[{"name":"wp","href":"https:\/\/api.w.org\/{rel}","templated":true}]}}