{"id":130515,"date":"2025-04-03T12:39:39","date_gmt":"2025-04-03T10:39:39","guid":{"rendered":"https:\/\/vosgesinfo.fr\/epinalinfo\/?p=130515"},"modified":"2025-04-03T12:50:00","modified_gmt":"2025-04-03T10:50:00","slug":"du-stade-vers-lemploi-quand-le-basket-rapproche-entreprises-et-demandeurs-demploi","status":"publish","type":"post","link":"https:\/\/vosgesinfo.fr\/epinalinfo\/2025\/04\/du-stade-vers-lemploi-quand-le-basket-rapproche-entreprises-et-demandeurs-demploi\/","title":{"rendered":"\u00ab\u00a0Du stade vers l&#8217;emploi\u00a0\u00bb : quand le basket rapproche entreprises et demandeurs d&#8217;emploi"},"content":{"rendered":"<h2 data-start=\"429\" data-end=\"871\"><strong><a href=\"https:\/\/vosgesinfo.fr\/app\/uploads\/sites\/3\/2025\/04\/du-stade-vers-l-emploi-epinal2.jpg\"><img decoding=\"async\" class=\"aligncenter size-full wp-image-130531\" src=\"https:\/\/vosgesinfo.fr\/app\/uploads\/sites\/3\/2025\/04\/du-stade-vers-l-emploi-epinal2.jpg\" alt=\"\" width=\"2040\" height=\"1536\" srcset=\"https:\/\/vosgesinfo.fr\/app\/uploads\/sites\/3\/2025\/04\/du-stade-vers-l-emploi-epinal2.jpg 2040w, https:\/\/vosgesinfo.fr\/app\/uploads\/sites\/3\/2025\/04\/du-stade-vers-l-emploi-epinal2-300x226.jpg 300w, https:\/\/vosgesinfo.fr\/app\/uploads\/sites\/3\/2025\/04\/du-stade-vers-l-emploi-epinal2-1024x771.jpg 1024w, https:\/\/vosgesinfo.fr\/app\/uploads\/sites\/3\/2025\/04\/du-stade-vers-l-emploi-epinal2-768x578.jpg 768w, https:\/\/vosgesinfo.fr\/app\/uploads\/sites\/3\/2025\/04\/du-stade-vers-l-emploi-epinal2-1536x1157.jpg 1536w\" sizes=\"(max-width: 2040px) 100vw, 2040px\" \/><\/a>Ce jeudi, le Palais des Sports d&rsquo;\u00c9pinal a accueilli une nouvelle \u00e9dition de l&rsquo;op\u00e9ration \u00ab\u00a0Du stade vers l&#8217;emploi\u00a0\u00bb, un \u00e9v\u00e9nement innovant qui m\u00eale sport et recrutement. Organis\u00e9e par France Travail Vosges, la Ligue Grand Est de basketball, en collaboration avec la Mission locale et Cap emploi, cette initiative vise \u00e0 favoriser les rencontres entre employeurs et demandeurs d&#8217;emploi dans un cadre original et d\u00e9contract\u00e9.<\/strong><\/h2>\n<h3 class=\"\" data-start=\"873\" data-end=\"949\"><strong data-start=\"877\" data-end=\"947\">Une premi\u00e8re \u00e9dition 2025 sous le signe du sport et de l\u2019insertion<\/strong><\/h3>\n<p class=\"\" data-start=\"951\" data-end=\"1312\">Pour cette \u00e9dition 2025, 15 entreprises ayant des besoins de recrutement ont r\u00e9pondu pr\u00e9sentes pour \u00e9changer avec 84 demandeurs d\u2019emploi. L\u2019\u00e9v\u00e9nement repose sur un concept unique : lors de la matin\u00e9e, les participants, qu&rsquo;ils soient recruteurs ou demandeurs d&#8217;emploi, sont m\u00e9lang\u00e9s de mani\u00e8re anonyme et s&rsquo;affrontent dans des matchs de basketball.<\/p>\n<p class=\"\" data-start=\"1314\" data-end=\"1699\"><em>\u00ab L&rsquo;an pass\u00e9, 72 % des demandeurs d&#8217;emploi ayant particip\u00e9 ont retrouv\u00e9 un travail dans les six mois suivants, et 54 % dans les trois mois, \u00bb<\/em> souligne Jean-Luc Kientz, directeur territorial Vosges de France Travail. Ces chiffres t\u00e9moignent du succ\u00e8s de cette approche innovante, qui permet de cr\u00e9er du lien sans les barri\u00e8res habituelles des entretiens d\u2019embauche classiques.<\/p>\n<h3 class=\"\" data-start=\"1701\" data-end=\"1746\"><strong data-start=\"1705\" data-end=\"1744\">Un format qui favorise les \u00e9changes<\/strong><\/h3>\n<p class=\"\" data-start=\"1748\" data-end=\"2018\">Au-del\u00e0 du sport, cette journ\u00e9e est con\u00e7ue pour encourager les interactions informelles entre recruteurs et candidats. Apr\u00e8s les matchs du matin, tous les participants se retrouvent autour d\u2019un d\u00e9jeuner commun, avant que l\u2019anonymat soit lev\u00e9 en d\u00e9but d\u2019apr\u00e8s-midi.<\/p>\n<p class=\"\" data-start=\"2020\" data-end=\"2457\"><em>\u00ab Nous voulons casser les codes traditionnels du recrutement. Apr\u00e8s le sport et le repas partag\u00e9, nous r\u00e9v\u00e9lons enfin qui sont les entreprises et les demandeurs d\u2019emploi, \u00bb<\/em> explique Ga\u00ebtan Formet, directeur du comit\u00e9 des Vosges de basketball. Ce format permet aux recruteurs d\u2019observer les qualit\u00e9s humaines des candidats \u2013 esprit d\u2019\u00e9quipe, leadership, r\u00e9activit\u00e9 \u2013 avant m\u00eame de discuter de leurs comp\u00e9tences professionnelles.<\/p>\n<h3 class=\"\" data-start=\"2459\" data-end=\"2490\"><strong data-start=\"2463\" data-end=\"2488\">Une approche gagnante<\/strong><\/h3>\n<p class=\"\" data-start=\"2492\" data-end=\"2801\">Avec des r\u00e9sultats encourageants les ann\u00e9es pr\u00e9c\u00e9dentes, l&rsquo;op\u00e9ration \u00ab\u00a0Du stade vers l&#8217;emploi\u00a0\u00bb continue de prouver son efficacit\u00e9. En favorisant les rencontres sans pression et en mettant en avant les valeurs du sport, cet \u00e9v\u00e9nement s\u2019impose comme un levier innovant pour l\u2019insertion professionnelle.<\/p>\n<p class=\"\" data-start=\"2803\" data-end=\"3092\">Pour les participants, c&rsquo;est une opportunit\u00e9 unique de montrer leur savoir-\u00eatre dans un contexte diff\u00e9rent et d\u2019\u00e9tablir des contacts pr\u00e9cieux avec des employeurs. Une initiative qui, une fois de plus, d\u00e9montre que le sport peut \u00eatre un formidable vecteur d\u2019opportunit\u00e9s professionnelles.<\/p>\n\n\t\t<style type=\"text\/css\">\n\t\t\t#gallery-1 {\n\t\t\t\tmargin: auto;\n\t\t\t}\n\t\t\t#gallery-1 .gallery-item {\n\t\t\t\tfloat: left;\n\t\t\t\tmargin-top: 10px;\n\t\t\t\ttext-align: center;\n\t\t\t\twidth: 33%;\n\t\t\t}\n\t\t\t#gallery-1 img {\n\t\t\t\tborder: 2px solid #cfcfcf;\n\t\t\t}\n\t\t\t#gallery-1 .gallery-caption {\n\t\t\t\tmargin-left: 0;\n\t\t\t}\n\t\t\t\/* see gallery_shortcode() in wp-includes\/media.php *\/\n\t\t<\/style>\n\t\t<div id='gallery-1' class='gallery galleryid-130515 gallery-columns-3 gallery-size-large'><dl class='gallery-item'>\n\t\t\t<dt class='gallery-icon landscape'>\n\t\t\t\t<a href='https:\/\/vosgesinfo.fr\/app\/uploads\/sites\/3\/2025\/04\/du-stade-vers-l-emploi-epinal.jpg'><img decoding=\"async\" width=\"1024\" height=\"771\" src=\"https:\/\/vosgesinfo.fr\/app\/uploads\/sites\/3\/2025\/04\/du-stade-vers-l-emploi-epinal-1024x771.jpg\" class=\"attachment-large size-large\" alt=\"\" srcset=\"https:\/\/vosgesinfo.fr\/app\/uploads\/sites\/3\/2025\/04\/du-stade-vers-l-emploi-epinal-1024x771.jpg 1024w, https:\/\/vosgesinfo.fr\/app\/uploads\/sites\/3\/2025\/04\/du-stade-vers-l-emploi-epinal-300x226.jpg 300w, https:\/\/vosgesinfo.fr\/app\/uploads\/sites\/3\/2025\/04\/du-stade-vers-l-emploi-epinal-768x578.jpg 768w, https:\/\/vosgesinfo.fr\/app\/uploads\/sites\/3\/2025\/04\/du-stade-vers-l-emploi-epinal-1536x1157.jpg 1536w, https:\/\/vosgesinfo.fr\/app\/uploads\/sites\/3\/2025\/04\/du-stade-vers-l-emploi-epinal.jpg 2040w\" sizes=\"(max-width: 1024px) 100vw, 1024px\" \/><\/a>\n\t\t\t<\/dt><\/dl><dl class='gallery-item'>\n\t\t\t<dt class='gallery-icon landscape'>\n\t\t\t\t<a href='https:\/\/vosgesinfo.fr\/app\/uploads\/sites\/3\/2025\/04\/du-stade-vers-l-emploi-epinal2-1.jpg'><img decoding=\"async\" width=\"1024\" height=\"771\" src=\"https:\/\/vosgesinfo.fr\/app\/uploads\/sites\/3\/2025\/04\/du-stade-vers-l-emploi-epinal2-1-1024x771.jpg\" class=\"attachment-large size-large\" alt=\"\" srcset=\"https:\/\/vosgesinfo.fr\/app\/uploads\/sites\/3\/2025\/04\/du-stade-vers-l-emploi-epinal2-1-1024x771.jpg 1024w, https:\/\/vosgesinfo.fr\/app\/uploads\/sites\/3\/2025\/04\/du-stade-vers-l-emploi-epinal2-1-300x226.jpg 300w, https:\/\/vosgesinfo.fr\/app\/uploads\/sites\/3\/2025\/04\/du-stade-vers-l-emploi-epinal2-1-768x578.jpg 768w, https:\/\/vosgesinfo.fr\/app\/uploads\/sites\/3\/2025\/04\/du-stade-vers-l-emploi-epinal2-1-1536x1157.jpg 1536w, https:\/\/vosgesinfo.fr\/app\/uploads\/sites\/3\/2025\/04\/du-stade-vers-l-emploi-epinal2-1.jpg 2040w\" sizes=\"(max-width: 1024px) 100vw, 1024px\" \/><\/a>\n\t\t\t<\/dt><\/dl><dl class='gallery-item'>\n\t\t\t<dt class='gallery-icon landscape'>\n\t\t\t\t<a href='https:\/\/vosgesinfo.fr\/app\/uploads\/sites\/3\/2025\/04\/du-stade-vers-l-emploi-epinal3.jpg'><img decoding=\"async\" width=\"1024\" height=\"771\" src=\"https:\/\/vosgesinfo.fr\/app\/uploads\/sites\/3\/2025\/04\/du-stade-vers-l-emploi-epinal3-1024x771.jpg\" class=\"attachment-large size-large\" alt=\"\" srcset=\"https:\/\/vosgesinfo.fr\/app\/uploads\/sites\/3\/2025\/04\/du-stade-vers-l-emploi-epinal3-1024x771.jpg 1024w, https:\/\/vosgesinfo.fr\/app\/uploads\/sites\/3\/2025\/04\/du-stade-vers-l-emploi-epinal3-300x226.jpg 300w, https:\/\/vosgesinfo.fr\/app\/uploads\/sites\/3\/2025\/04\/du-stade-vers-l-emploi-epinal3-768x578.jpg 768w, https:\/\/vosgesinfo.fr\/app\/uploads\/sites\/3\/2025\/04\/du-stade-vers-l-emploi-epinal3-1536x1157.jpg 1536w, https:\/\/vosgesinfo.fr\/app\/uploads\/sites\/3\/2025\/04\/du-stade-vers-l-emploi-epinal3.jpg 2040w\" sizes=\"(max-width: 1024px) 100vw, 1024px\" \/><\/a>\n\t\t\t<\/dt><\/dl><br style=\"clear: both\" \/>\n\t\t<\/div>\n\n","protected":false},"excerpt":{"rendered":"<p>Ce jeudi, le Palais des Sports d&rsquo;\u00c9pinal a accueilli une nouvelle \u00e9dition de l&rsquo;op\u00e9ration \u00ab\u00a0Du stade vers l&#8217;emploi\u00a0\u00bb, un \u00e9v\u00e9nement [&hellip;]<\/p>\n","protected":false},"author":52,"featured_media":130533,"comment_status":"open","ping_status":"open","sticky":false,"template":"","format":"standard","meta":{"footnotes":""},"categories":[22,24],"tags":[16396,155,744,1051,70,75],"class_list":["post-130515","post","type-post","status-publish","format-standard","has-post-thumbnail","hentry","category-a-la-une","category-epinal","tag-du-stade-vers-lemploi","tag-economie","tag-emploi","tag-entreprise","tag-epinal","tag-vosges"],"acf":[],"yoast_head":"<!-- This site is optimized with the Yoast SEO plugin v22.5 - https:\/\/yoast.com\/wordpress\/plugins\/seo\/ -->\n<title>&quot;Du stade vers l&#039;emploi&quot; : quand le basket rapproche entreprises et demandeurs d&#039;emploi - Epinal Info<\/title>\n<meta name=\"robots\" content=\"index, follow, max-snippet:-1, max-image-preview:large, max-video-preview:-1\" \/>\n<link rel=\"canonical\" href=\"https:\/\/vosgesinfo.fr\/epinalinfo\/2025\/04\/du-stade-vers-lemploi-quand-le-basket-rapproche-entreprises-et-demandeurs-demploi\/\" \/>\n<meta name=\"twitter:card\" content=\"summary_large_image\" \/>\n<meta name=\"twitter:title\" content=\"&quot;Du stade vers l&#039;emploi&quot; : quand le basket rapproche entreprises et demandeurs d&#039;emploi - Epinal Info\" \/>\n<meta name=\"twitter:description\" content=\"Ce jeudi, le Palais des Sports d&rsquo;\u00c9pinal a accueilli une nouvelle \u00e9dition de l&rsquo;op\u00e9ration \u00ab\u00a0Du stade vers l&#8217;emploi\u00a0\u00bb, un \u00e9v\u00e9nement [&hellip;]\" \/>\n<meta name=\"twitter:image\" content=\"https:\/\/vosgesinfo.fr\/app\/uploads\/sites\/3\/2025\/04\/du-stade-vers-l-emploi-epinal2-1.jpg\" \/>\n<meta name=\"twitter:creator\" content=\"@VosgesInfo88\" \/>\n<meta name=\"twitter:site\" content=\"@VosgesInfo88\" \/>\n<meta name=\"twitter:label1\" content=\"\u00c9crit par\" \/>\n\t<meta name=\"twitter:data1\" content=\"C.K.\" \/>\n\t<meta name=\"twitter:label2\" content=\"Dur\u00e9e de lecture estim\u00e9e\" \/>\n\t<meta name=\"twitter:data2\" content=\"3 minutes\" \/>\n<script type=\"application\/ld+json\" class=\"yoast-schema-graph\">{\"@context\":\"https:\/\/schema.org\",\"@graph\":[{\"@type\":\"Article\",\"@id\":\"https:\/\/vosgesinfo.fr\/epinalinfo\/2025\/04\/du-stade-vers-lemploi-quand-le-basket-rapproche-entreprises-et-demandeurs-demploi\/#article\",\"isPartOf\":{\"@id\":\"https:\/\/vosgesinfo.fr\/epinalinfo\/2025\/04\/du-stade-vers-lemploi-quand-le-basket-rapproche-entreprises-et-demandeurs-demploi\/\"},\"author\":{\"name\":\"C.K.\",\"@id\":\"https:\/\/vosgesinfo.fr\/epinalinfo\/#\/schema\/person\/6f9a650eeea99d969b6c4ab78fccbe81\"},\"headline\":\"\u00ab\u00a0Du stade vers l&#8217;emploi\u00a0\u00bb : quand le basket rapproche entreprises et demandeurs d&#8217;emploi\",\"datePublished\":\"2025-04-03T10:39:39+00:00\",\"dateModified\":\"2025-04-03T10:50:00+00:00\",\"mainEntityOfPage\":{\"@id\":\"https:\/\/vosgesinfo.fr\/epinalinfo\/2025\/04\/du-stade-vers-lemploi-quand-le-basket-rapproche-entreprises-et-demandeurs-demploi\/\"},\"wordCount\":451,\"commentCount\":0,\"publisher\":{\"@id\":\"https:\/\/vosgesinfo.fr\/epinalinfo\/#organization\"},\"image\":{\"@id\":\"https:\/\/vosgesinfo.fr\/epinalinfo\/2025\/04\/du-stade-vers-lemploi-quand-le-basket-rapproche-entreprises-et-demandeurs-demploi\/#primaryimage\"},\"thumbnailUrl\":\"https:\/\/vosgesinfo.fr\/app\/uploads\/sites\/3\/2025\/04\/du-stade-vers-l-emploi-epinal2-1.jpg\",\"keywords\":[\"du stade vers l'emploi\",\"\u00e9conomie\",\"Emploi\",\"entreprise\",\"Epinal\",\"vosges\"],\"articleSection\":[\"A la Une\",\"Epinal\"],\"inLanguage\":\"fr-FR\",\"potentialAction\":[{\"@type\":\"CommentAction\",\"name\":\"Comment\",\"target\":[\"https:\/\/vosgesinfo.fr\/epinalinfo\/2025\/04\/du-stade-vers-lemploi-quand-le-basket-rapproche-entreprises-et-demandeurs-demploi\/#respond\"]}]},{\"@type\":\"WebPage\",\"@id\":\"https:\/\/vosgesinfo.fr\/epinalinfo\/2025\/04\/du-stade-vers-lemploi-quand-le-basket-rapproche-entreprises-et-demandeurs-demploi\/\",\"url\":\"https:\/\/vosgesinfo.fr\/epinalinfo\/2025\/04\/du-stade-vers-lemploi-quand-le-basket-rapproche-entreprises-et-demandeurs-demploi\/\",\"name\":\"\\\"Du stade vers l'emploi\\\" : quand le basket rapproche entreprises et demandeurs d'emploi - Epinal Info\",\"isPartOf\":{\"@id\":\"https:\/\/vosgesinfo.fr\/epinalinfo\/#website\"},\"primaryImageOfPage\":{\"@id\":\"https:\/\/vosgesinfo.fr\/epinalinfo\/2025\/04\/du-stade-vers-lemploi-quand-le-basket-rapproche-entreprises-et-demandeurs-demploi\/#primaryimage\"},\"image\":{\"@id\":\"https:\/\/vosgesinfo.fr\/epinalinfo\/2025\/04\/du-stade-vers-lemploi-quand-le-basket-rapproche-entreprises-et-demandeurs-demploi\/#primaryimage\"},\"thumbnailUrl\":\"https:\/\/vosgesinfo.fr\/app\/uploads\/sites\/3\/2025\/04\/du-stade-vers-l-emploi-epinal2-1.jpg\",\"datePublished\":\"2025-04-03T10:39:39+00:00\",\"dateModified\":\"2025-04-03T10:50:00+00:00\",\"breadcrumb\":{\"@id\":\"https:\/\/vosgesinfo.fr\/epinalinfo\/2025\/04\/du-stade-vers-lemploi-quand-le-basket-rapproche-entreprises-et-demandeurs-demploi\/#breadcrumb\"},\"inLanguage\":\"fr-FR\",\"potentialAction\":[{\"@type\":\"ReadAction\",\"target\":[\"https:\/\/vosgesinfo.fr\/epinalinfo\/2025\/04\/du-stade-vers-lemploi-quand-le-basket-rapproche-entreprises-et-demandeurs-demploi\/\"]}]},{\"@type\":\"ImageObject\",\"inLanguage\":\"fr-FR\",\"@id\":\"https:\/\/vosgesinfo.fr\/epinalinfo\/2025\/04\/du-stade-vers-lemploi-quand-le-basket-rapproche-entreprises-et-demandeurs-demploi\/#primaryimage\",\"url\":\"https:\/\/vosgesinfo.fr\/app\/uploads\/sites\/3\/2025\/04\/du-stade-vers-l-emploi-epinal2-1.jpg\",\"contentUrl\":\"https:\/\/vosgesinfo.fr\/app\/uploads\/sites\/3\/2025\/04\/du-stade-vers-l-emploi-epinal2-1.jpg\",\"width\":2040,\"height\":1536},{\"@type\":\"BreadcrumbList\",\"@id\":\"https:\/\/vosgesinfo.fr\/epinalinfo\/2025\/04\/du-stade-vers-lemploi-quand-le-basket-rapproche-entreprises-et-demandeurs-demploi\/#breadcrumb\",\"itemListElement\":[{\"@type\":\"ListItem\",\"position\":1,\"name\":\"Home\",\"item\":\"https:\/\/vosgesinfo.fr\/epinalinfo\/\"},{\"@type\":\"ListItem\",\"position\":2,\"name\":\"&#8220;Du stade vers l&#8217;emploi&#8221; : quand le basket rapproche entreprises et demandeurs d&#8217;emploi\"}]},{\"@type\":\"WebSite\",\"@id\":\"https:\/\/vosgesinfo.fr\/epinalinfo\/#website\",\"url\":\"https:\/\/vosgesinfo.fr\/epinalinfo\/\",\"name\":\"Epinal Info\",\"description\":\"Toute l&#039;actualit\u00e9 d&#039;\u00c9pinal\",\"publisher\":{\"@id\":\"https:\/\/vosgesinfo.fr\/epinalinfo\/#organization\"},\"alternateName\":\"Toute l'actualit\u00e9 d'\u00c9pinal\",\"potentialAction\":[{\"@type\":\"SearchAction\",\"target\":{\"@type\":\"EntryPoint\",\"urlTemplate\":\"https:\/\/vosgesinfo.fr\/epinalinfo\/?s={search_term_string}\"},\"query-input\":\"required name=search_term_string\"}],\"inLanguage\":\"fr-FR\"},{\"@type\":\"Organization\",\"@id\":\"https:\/\/vosgesinfo.fr\/epinalinfo\/#organization\",\"name\":\"Epinal Info\",\"url\":\"https:\/\/vosgesinfo.fr\/epinalinfo\/\",\"logo\":{\"@type\":\"ImageObject\",\"inLanguage\":\"fr-FR\",\"@id\":\"https:\/\/vosgesinfo.fr\/epinalinfo\/#\/schema\/logo\/image\/\",\"url\":\"https:\/\/vosgesinfo.fr\/app\/uploads\/sites\/3\/2023\/08\/logo-epinalinfos.svg\",\"contentUrl\":\"https:\/\/vosgesinfo.fr\/app\/uploads\/sites\/3\/2023\/08\/logo-epinalinfos.svg\",\"width\":1,\"height\":1,\"caption\":\"Epinal Info\"},\"image\":{\"@id\":\"https:\/\/vosgesinfo.fr\/epinalinfo\/#\/schema\/logo\/image\/\"},\"sameAs\":[\"https:\/\/www.facebook.com\/Epinalinfos\",\"https:\/\/x.com\/VosgesInfo88\",\"https:\/\/www.youtube.com\/@vosgesinfo\"]},{\"@type\":\"Person\",\"@id\":\"https:\/\/vosgesinfo.fr\/epinalinfo\/#\/schema\/person\/6f9a650eeea99d969b6c4ab78fccbe81\",\"name\":\"C.K.\",\"image\":{\"@type\":\"ImageObject\",\"inLanguage\":\"fr-FR\",\"@id\":\"https:\/\/vosgesinfo.fr\/epinalinfo\/#\/schema\/person\/image\/\",\"url\":\"https:\/\/secure.gravatar.com\/avatar\/48e3fc7f8421ba8942be6b74a2b7f014ca39bc00dece156b7a8e098ae7dc87bf?s=96&d=mm&r=g\",\"contentUrl\":\"https:\/\/secure.gravatar.com\/avatar\/48e3fc7f8421ba8942be6b74a2b7f014ca39bc00dece156b7a8e098ae7dc87bf?s=96&d=mm&r=g\",\"caption\":\"C.K.\"},\"url\":\"https:\/\/vosgesinfo.fr\/epinalinfo\/author\/celia-k-n\/\"}]}<\/script>\n<!-- \/ Yoast SEO plugin. -->","yoast_head_json":{"title":"\"Du stade vers l'emploi\" : quand le basket rapproche entreprises et demandeurs d'emploi - Epinal Info","robots":{"index":"index","follow":"follow","max-snippet":"max-snippet:-1","max-image-preview":"max-image-preview:large","max-video-preview":"max-video-preview:-1"},"canonical":"https:\/\/vosgesinfo.fr\/epinalinfo\/2025\/04\/du-stade-vers-lemploi-quand-le-basket-rapproche-entreprises-et-demandeurs-demploi\/","twitter_card":"summary_large_image","twitter_title":"\"Du stade vers l'emploi\" : quand le basket rapproche entreprises et demandeurs d'emploi - Epinal Info","twitter_description":"Ce jeudi, le Palais des Sports d&rsquo;\u00c9pinal a accueilli une nouvelle \u00e9dition de l&rsquo;op\u00e9ration \u00ab\u00a0Du stade vers l&#8217;emploi\u00a0\u00bb, un \u00e9v\u00e9nement [&hellip;]","twitter_image":"https:\/\/vosgesinfo.fr\/app\/uploads\/sites\/3\/2025\/04\/du-stade-vers-l-emploi-epinal2-1.jpg","twitter_creator":"@VosgesInfo88","twitter_site":"@VosgesInfo88","twitter_misc":{"\u00c9crit par":"C.K.","Dur\u00e9e de lecture estim\u00e9e":"3 minutes"},"schema":{"@context":"https:\/\/schema.org","@graph":[{"@type":"Article","@id":"https:\/\/vosgesinfo.fr\/epinalinfo\/2025\/04\/du-stade-vers-lemploi-quand-le-basket-rapproche-entreprises-et-demandeurs-demploi\/#article","isPartOf":{"@id":"https:\/\/vosgesinfo.fr\/epinalinfo\/2025\/04\/du-stade-vers-lemploi-quand-le-basket-rapproche-entreprises-et-demandeurs-demploi\/"},"author":{"name":"C.K.","@id":"https:\/\/vosgesinfo.fr\/epinalinfo\/#\/schema\/person\/6f9a650eeea99d969b6c4ab78fccbe81"},"headline":"\u00ab\u00a0Du stade vers l&#8217;emploi\u00a0\u00bb : quand le basket rapproche entreprises et demandeurs d&#8217;emploi","datePublished":"2025-04-03T10:39:39+00:00","dateModified":"2025-04-03T10:50:00+00:00","mainEntityOfPage":{"@id":"https:\/\/vosgesinfo.fr\/epinalinfo\/2025\/04\/du-stade-vers-lemploi-quand-le-basket-rapproche-entreprises-et-demandeurs-demploi\/"},"wordCount":451,"commentCount":0,"publisher":{"@id":"https:\/\/vosgesinfo.fr\/epinalinfo\/#organization"},"image":{"@id":"https:\/\/vosgesinfo.fr\/epinalinfo\/2025\/04\/du-stade-vers-lemploi-quand-le-basket-rapproche-entreprises-et-demandeurs-demploi\/#primaryimage"},"thumbnailUrl":"https:\/\/vosgesinfo.fr\/app\/uploads\/sites\/3\/2025\/04\/du-stade-vers-l-emploi-epinal2-1.jpg","keywords":["du stade vers l'emploi","\u00e9conomie","Emploi","entreprise","Epinal","vosges"],"articleSection":["A la Une","Epinal"],"inLanguage":"fr-FR","potentialAction":[{"@type":"CommentAction","name":"Comment","target":["https:\/\/vosgesinfo.fr\/epinalinfo\/2025\/04\/du-stade-vers-lemploi-quand-le-basket-rapproche-entreprises-et-demandeurs-demploi\/#respond"]}]},{"@type":"WebPage","@id":"https:\/\/vosgesinfo.fr\/epinalinfo\/2025\/04\/du-stade-vers-lemploi-quand-le-basket-rapproche-entreprises-et-demandeurs-demploi\/","url":"https:\/\/vosgesinfo.fr\/epinalinfo\/2025\/04\/du-stade-vers-lemploi-quand-le-basket-rapproche-entreprises-et-demandeurs-demploi\/","name":"\"Du stade vers l'emploi\" : quand le basket rapproche entreprises et demandeurs d'emploi - Epinal Info","isPartOf":{"@id":"https:\/\/vosgesinfo.fr\/epinalinfo\/#website"},"primaryImageOfPage":{"@id":"https:\/\/vosgesinfo.fr\/epinalinfo\/2025\/04\/du-stade-vers-lemploi-quand-le-basket-rapproche-entreprises-et-demandeurs-demploi\/#primaryimage"},"image":{"@id":"https:\/\/vosgesinfo.fr\/epinalinfo\/2025\/04\/du-stade-vers-lemploi-quand-le-basket-rapproche-entreprises-et-demandeurs-demploi\/#primaryimage"},"thumbnailUrl":"https:\/\/vosgesinfo.fr\/app\/uploads\/sites\/3\/2025\/04\/du-stade-vers-l-emploi-epinal2-1.jpg","datePublished":"2025-04-03T10:39:39+00:00","dateModified":"2025-04-03T10:50:00+00:00","breadcrumb":{"@id":"https:\/\/vosgesinfo.fr\/epinalinfo\/2025\/04\/du-stade-vers-lemploi-quand-le-basket-rapproche-entreprises-et-demandeurs-demploi\/#breadcrumb"},"inLanguage":"fr-FR","potentialAction":[{"@type":"ReadAction","target":["https:\/\/vosgesinfo.fr\/epinalinfo\/2025\/04\/du-stade-vers-lemploi-quand-le-basket-rapproche-entreprises-et-demandeurs-demploi\/"]}]},{"@type":"ImageObject","inLanguage":"fr-FR","@id":"https:\/\/vosgesinfo.fr\/epinalinfo\/2025\/04\/du-stade-vers-lemploi-quand-le-basket-rapproche-entreprises-et-demandeurs-demploi\/#primaryimage","url":"https:\/\/vosgesinfo.fr\/app\/uploads\/sites\/3\/2025\/04\/du-stade-vers-l-emploi-epinal2-1.jpg","contentUrl":"https:\/\/vosgesinfo.fr\/app\/uploads\/sites\/3\/2025\/04\/du-stade-vers-l-emploi-epinal2-1.jpg","width":2040,"height":1536},{"@type":"BreadcrumbList","@id":"https:\/\/vosgesinfo.fr\/epinalinfo\/2025\/04\/du-stade-vers-lemploi-quand-le-basket-rapproche-entreprises-et-demandeurs-demploi\/#breadcrumb","itemListElement":[{"@type":"ListItem","position":1,"name":"Home","item":"https:\/\/vosgesinfo.fr\/epinalinfo\/"},{"@type":"ListItem","position":2,"name":"&#8220;Du stade vers l&#8217;emploi&#8221; : quand le basket rapproche entreprises et demandeurs d&#8217;emploi"}]},{"@type":"WebSite","@id":"https:\/\/vosgesinfo.fr\/epinalinfo\/#website","url":"https:\/\/vosgesinfo.fr\/epinalinfo\/","name":"Epinal Info","description":"Toute l&#039;actualit\u00e9 d&#039;\u00c9pinal","publisher":{"@id":"https:\/\/vosgesinfo.fr\/epinalinfo\/#organization"},"alternateName":"Toute l'actualit\u00e9 d'\u00c9pinal","potentialAction":[{"@type":"SearchAction","target":{"@type":"EntryPoint","urlTemplate":"https:\/\/vosgesinfo.fr\/epinalinfo\/?s={search_term_string}"},"query-input":"required name=search_term_string"}],"inLanguage":"fr-FR"},{"@type":"Organization","@id":"https:\/\/vosgesinfo.fr\/epinalinfo\/#organization","name":"Epinal Info","url":"https:\/\/vosgesinfo.fr\/epinalinfo\/","logo":{"@type":"ImageObject","inLanguage":"fr-FR","@id":"https:\/\/vosgesinfo.fr\/epinalinfo\/#\/schema\/logo\/image\/","url":"https:\/\/vosgesinfo.fr\/app\/uploads\/sites\/3\/2023\/08\/logo-epinalinfos.svg","contentUrl":"https:\/\/vosgesinfo.fr\/app\/uploads\/sites\/3\/2023\/08\/logo-epinalinfos.svg","width":1,"height":1,"caption":"Epinal Info"},"image":{"@id":"https:\/\/vosgesinfo.fr\/epinalinfo\/#\/schema\/logo\/image\/"},"sameAs":["https:\/\/www.facebook.com\/Epinalinfos","https:\/\/x.com\/VosgesInfo88","https:\/\/www.youtube.com\/@vosgesinfo"]},{"@type":"Person","@id":"https:\/\/vosgesinfo.fr\/epinalinfo\/#\/schema\/person\/6f9a650eeea99d969b6c4ab78fccbe81","name":"C.K.","image":{"@type":"ImageObject","inLanguage":"fr-FR","@id":"https:\/\/vosgesinfo.fr\/epinalinfo\/#\/schema\/person\/image\/","url":"https:\/\/secure.gravatar.com\/avatar\/48e3fc7f8421ba8942be6b74a2b7f014ca39bc00dece156b7a8e098ae7dc87bf?s=96&d=mm&r=g","contentUrl":"https:\/\/secure.gravatar.com\/avatar\/48e3fc7f8421ba8942be6b74a2b7f014ca39bc00dece156b7a8e098ae7dc87bf?s=96&d=mm&r=g","caption":"C.K."},"url":"https:\/\/vosgesinfo.fr\/epinalinfo\/author\/celia-k-n\/"}]}},"_links":{"self":[{"href":"https:\/\/vosgesinfo.fr\/epinalinfo\/wp-json\/wp\/v2\/posts\/130515","targetHints":{"allow":["GET"]}}],"collection":[{"href":"https:\/\/vosgesinfo.fr\/epinalinfo\/wp-json\/wp\/v2\/posts"}],"about":[{"href":"https:\/\/vosgesinfo.fr\/epinalinfo\/wp-json\/wp\/v2\/types\/post"}],"author":[{"embeddable":true,"href":"https:\/\/vosgesinfo.fr\/epinalinfo\/wp-json\/wp\/v2\/users\/52"}],"replies":[{"embeddable":true,"href":"https:\/\/vosgesinfo.fr\/epinalinfo\/wp-json\/wp\/v2\/comments?post=130515"}],"version-history":[{"count":1,"href":"https:\/\/vosgesinfo.fr\/epinalinfo\/wp-json\/wp\/v2\/posts\/130515\/revisions"}],"predecessor-version":[{"id":130535,"href":"https:\/\/vosgesinfo.fr\/epinalinfo\/wp-json\/wp\/v2\/posts\/130515\/revisions\/130535"}],"wp:featuredmedia":[{"embeddable":true,"href":"https:\/\/vosgesinfo.fr\/epinalinfo\/wp-json\/wp\/v2\/media\/130533"}],"wp:attachment":[{"href":"https:\/\/vosgesinfo.fr\/epinalinfo\/wp-json\/wp\/v2\/media?parent=130515"}],"wp:term":[{"taxonomy":"category","embeddable":true,"href":"https:\/\/vosgesinfo.fr\/epinalinfo\/wp-json\/wp\/v2\/categories?post=130515"},{"taxonomy":"post_tag","embeddable":true,"href":"https:\/\/vosgesinfo.fr\/epinalinfo\/wp-json\/wp\/v2\/tags?post=130515"}],"curies":[{"name":"wp","href":"https:\/\/api.w.org\/{rel}","templated":true}]}}