{"id":130536,"date":"2025-04-03T12:30:46","date_gmt":"2025-04-03T10:30:46","guid":{"rendered":"https:\/\/vosgesinfo.fr\/epinalinfo\/?p=130536"},"modified":"2025-04-03T12:16:52","modified_gmt":"2025-04-03T10:16:52","slug":"le-grand-cirque-achille-zavatta-fils-fait-escale-a-epinal-avec-son-spectacle-2025","status":"publish","type":"post","link":"https:\/\/vosgesinfo.fr\/epinalinfo\/2025\/04\/le-grand-cirque-achille-zavatta-fils-fait-escale-a-epinal-avec-son-spectacle-2025\/","title":{"rendered":"Le Grand Cirque Achille Zavatta Fils fait escale \u00e0 \u00c9pinal avec son spectacle 2025 !"},"content":{"rendered":"<h2 data-start=\"429\" data-end=\"785\"><strong><a href=\"https:\/\/vosgesinfo.fr\/app\/uploads\/sites\/3\/2025\/04\/cirque-zavatta-epinal.jpg\"><img decoding=\"async\" class=\"aligncenter size-full wp-image-130537\" src=\"https:\/\/vosgesinfo.fr\/app\/uploads\/sites\/3\/2025\/04\/cirque-zavatta-epinal.jpg\" alt=\"\" width=\"2040\" height=\"1536\" srcset=\"https:\/\/vosgesinfo.fr\/app\/uploads\/sites\/3\/2025\/04\/cirque-zavatta-epinal.jpg 2040w, https:\/\/vosgesinfo.fr\/app\/uploads\/sites\/3\/2025\/04\/cirque-zavatta-epinal-300x226.jpg 300w, https:\/\/vosgesinfo.fr\/app\/uploads\/sites\/3\/2025\/04\/cirque-zavatta-epinal-1024x771.jpg 1024w, https:\/\/vosgesinfo.fr\/app\/uploads\/sites\/3\/2025\/04\/cirque-zavatta-epinal-768x578.jpg 768w, https:\/\/vosgesinfo.fr\/app\/uploads\/sites\/3\/2025\/04\/cirque-zavatta-epinal-1536x1157.jpg 1536w\" sizes=\"(max-width: 2040px) 100vw, 2040px\" \/><\/a>Le cirque, ce monde de magie, de frissons et d\u2019\u00e9motions, pose ses valises \u00e0 \u00c9pinal ! Le Grand Cirque Achille Zavatta Fils, sous la direction de CZF Production et la famille Cagniac, s\u2019installe pr\u00e8s du centre des congr\u00e8s, en face du magasin Decathlon, pour pr\u00e9senter son tout nouveau spectacle 2025 : \u00ab \u00c0 la d\u00e9couverte de notre histoire \u00bb.<\/strong><\/h2>\n<h3 data-start=\"787\" data-end=\"838\"><strong data-start=\"790\" data-end=\"831\">Un voyage captivant au c\u0153ur du cirque<\/strong><\/h3>\n<p class=\"\" data-start=\"839\" data-end=\"1233\">Cette ann\u00e9e, le spectacle vous plonge dans un voyage fascinant \u00e0 travers l\u2019histoire de cette illustre famille, o\u00f9 passion et tradition se m\u00ealent depuis des g\u00e9n\u00e9rations. Acrobaties spectaculaires, jonglerie ma\u00eetris\u00e9e, num\u00e9ros d\u2019\u00e9quilibre \u00e9poustouflants et mont\u00e9es d\u2019adr\u00e9naline rythmeront ce spectacle unique, o\u00f9 la po\u00e9sie et la performance s\u2019unissent pour \u00e9merveiller petits et grands.<\/p>\n<p class=\"\" data-start=\"1235\" data-end=\"1478\">Sous le chapiteau, des artistes talentueux et des num\u00e9ros in\u00e9dits transporteront le public dans un univers o\u00f9 le r\u00eave devient r\u00e9alit\u00e9. Chaque tableau a \u00e9t\u00e9 con\u00e7u pour faire vibrer les spectateurs, entre rires, frissons et \u00e9merveillement.<\/p>\n<h3 data-start=\"1936\" data-end=\"1981\"><strong data-start=\"1939\" data-end=\"1979\">Un spectacle \u00e0 ne pas manquer !<br \/>\n<\/strong><\/h3>\n<p class=\"\" data-start=\"1982\" data-end=\"2276\">Que vous soyez un passionn\u00e9 du cirque ou que vous souhaitiez simplement vivre un moment inoubliable en famille, \u00ab \u00c0 la d\u00e9couverte de notre histoire \u00bb promet r\u00eave, \u00e9motions et sensations fortes. Venez applaudir ces artistes hors pair et plongez dans la grande tradition du cirque ! Rendez-vous sous le chapiteau, pr\u00e8s du centre des congr\u00e8s d\u2019\u00c9pinal !<\/p>\n<h3 data-start=\"1480\" data-end=\"1533\"><strong data-start=\"1483\" data-end=\"1524\">Dates et horaires des repr\u00e9sentations<\/strong><\/h3>\n<p class=\"\" data-start=\"1534\" data-end=\"1647\">Voici les horaires des repr\u00e9sentations :<\/p>\n<p class=\"\" data-start=\"1649\" data-end=\"1934\">\ud83d\udcc5 <strong data-start=\"1652\" data-end=\"1670\">Samedi 5 avril<\/strong> : 16h et 20h<br data-start=\"1683\" data-end=\"1686\" \/>\ud83d\udcc5 <strong data-start=\"1689\" data-end=\"1709\">Dimanche 6 avril<\/strong> : 16h<br data-start=\"1715\" data-end=\"1718\" \/>\ud83d\udcc5 <strong data-start=\"1721\" data-end=\"1738\">Lundi 7 avril<\/strong> : 16h<br data-start=\"1744\" data-end=\"1747\" \/>\ud83d\udcc5 <strong data-start=\"1750\" data-end=\"1767\">Mardi 8 avril<\/strong> : 16h<br data-start=\"1773\" data-end=\"1776\" \/>\ud83d\udcc5 <strong data-start=\"1779\" data-end=\"1799\">Mercredi 9 avril<\/strong> : 16h<br data-start=\"1805\" data-end=\"1808\" \/>\ud83d\udcc5 <strong data-start=\"1811\" data-end=\"1829\" data-is-only-node=\"\">Jeudi 10 avril<\/strong> : 16h<br data-start=\"1835\" data-end=\"1838\" \/>\ud83d\udcc5 <strong data-start=\"1841\" data-end=\"1862\">Vendredi 11 avril<\/strong> : 16h<br data-start=\"1868\" data-end=\"1871\" \/>\ud83d\udcc5 <strong data-start=\"1874\" data-end=\"1893\">Samedi 12 avril<\/strong> : 16h<br data-start=\"1899\" data-end=\"1902\" \/>\ud83d\udcc5 <strong data-start=\"1905\" data-end=\"1926\">Dimanche 13 avril<\/strong> : 16h<\/p>\n<p data-start=\"1649\" data-end=\"1934\">\n","protected":false},"excerpt":{"rendered":"<p>Le cirque, ce monde de magie, de frissons et d\u2019\u00e9motions, pose ses valises \u00e0 \u00c9pinal ! Le Grand Cirque Achille [&hellip;]<\/p>\n","protected":false},"author":52,"featured_media":130537,"comment_status":"open","ping_status":"open","sticky":false,"template":"","format":"standard","meta":{"footnotes":""},"categories":[22,24],"tags":[7382,70,16397],"class_list":["post-130536","post","type-post","status-publish","format-standard","has-post-thumbnail","hentry","category-a-la-une","category-epinal","tag-cirque","tag-epinal","tag-grand-cirque-achille-zavatta-fils"],"acf":[],"yoast_head":"<!-- This site is optimized with the Yoast SEO plugin v22.5 - https:\/\/yoast.com\/wordpress\/plugins\/seo\/ -->\n<title>Le Grand Cirque Achille Zavatta Fils fait escale \u00e0 \u00c9pinal avec son spectacle 2025 ! - Epinal Info<\/title>\n<meta name=\"robots\" content=\"index, follow, max-snippet:-1, max-image-preview:large, max-video-preview:-1\" \/>\n<link rel=\"canonical\" href=\"https:\/\/vosgesinfo.fr\/epinalinfo\/2025\/04\/le-grand-cirque-achille-zavatta-fils-fait-escale-a-epinal-avec-son-spectacle-2025\/\" \/>\n<meta name=\"twitter:card\" content=\"summary_large_image\" \/>\n<meta name=\"twitter:title\" content=\"Le Grand Cirque Achille Zavatta Fils fait escale \u00e0 \u00c9pinal avec son spectacle 2025 ! - Epinal Info\" \/>\n<meta name=\"twitter:description\" content=\"Le cirque, ce monde de magie, de frissons et d\u2019\u00e9motions, pose ses valises \u00e0 \u00c9pinal ! Le Grand Cirque Achille [&hellip;]\" \/>\n<meta name=\"twitter:image\" content=\"https:\/\/vosgesinfo.fr\/app\/uploads\/sites\/3\/2025\/04\/cirque-zavatta-epinal.jpg\" \/>\n<meta name=\"twitter:creator\" content=\"@VosgesInfo88\" \/>\n<meta name=\"twitter:site\" content=\"@VosgesInfo88\" \/>\n<meta name=\"twitter:label1\" content=\"\u00c9crit par\" \/>\n\t<meta name=\"twitter:data1\" content=\"C.K.\" \/>\n\t<meta name=\"twitter:label2\" content=\"Dur\u00e9e de lecture estim\u00e9e\" \/>\n\t<meta name=\"twitter:data2\" content=\"1 minute\" \/>\n<script type=\"application\/ld+json\" class=\"yoast-schema-graph\">{\"@context\":\"https:\/\/schema.org\",\"@graph\":[{\"@type\":\"Article\",\"@id\":\"https:\/\/vosgesinfo.fr\/epinalinfo\/2025\/04\/le-grand-cirque-achille-zavatta-fils-fait-escale-a-epinal-avec-son-spectacle-2025\/#article\",\"isPartOf\":{\"@id\":\"https:\/\/vosgesinfo.fr\/epinalinfo\/2025\/04\/le-grand-cirque-achille-zavatta-fils-fait-escale-a-epinal-avec-son-spectacle-2025\/\"},\"author\":{\"name\":\"C.K.\",\"@id\":\"https:\/\/vosgesinfo.fr\/epinalinfo\/#\/schema\/person\/6f9a650eeea99d969b6c4ab78fccbe81\"},\"headline\":\"Le Grand Cirque Achille Zavatta Fils fait escale \u00e0 \u00c9pinal avec son spectacle 2025 !\",\"datePublished\":\"2025-04-03T10:30:46+00:00\",\"dateModified\":\"2025-04-03T10:16:52+00:00\",\"mainEntityOfPage\":{\"@id\":\"https:\/\/vosgesinfo.fr\/epinalinfo\/2025\/04\/le-grand-cirque-achille-zavatta-fils-fait-escale-a-epinal-avec-son-spectacle-2025\/\"},\"wordCount\":288,\"commentCount\":13,\"publisher\":{\"@id\":\"https:\/\/vosgesinfo.fr\/epinalinfo\/#organization\"},\"image\":{\"@id\":\"https:\/\/vosgesinfo.fr\/epinalinfo\/2025\/04\/le-grand-cirque-achille-zavatta-fils-fait-escale-a-epinal-avec-son-spectacle-2025\/#primaryimage\"},\"thumbnailUrl\":\"https:\/\/vosgesinfo.fr\/app\/uploads\/sites\/3\/2025\/04\/cirque-zavatta-epinal.jpg\",\"keywords\":[\"cirque\",\"Epinal\",\"Grand Cirque Achille Zavatta Fils\"],\"articleSection\":[\"A la Une\",\"Epinal\"],\"inLanguage\":\"fr-FR\",\"potentialAction\":[{\"@type\":\"CommentAction\",\"name\":\"Comment\",\"target\":[\"https:\/\/vosgesinfo.fr\/epinalinfo\/2025\/04\/le-grand-cirque-achille-zavatta-fils-fait-escale-a-epinal-avec-son-spectacle-2025\/#respond\"]}]},{\"@type\":\"WebPage\",\"@id\":\"https:\/\/vosgesinfo.fr\/epinalinfo\/2025\/04\/le-grand-cirque-achille-zavatta-fils-fait-escale-a-epinal-avec-son-spectacle-2025\/\",\"url\":\"https:\/\/vosgesinfo.fr\/epinalinfo\/2025\/04\/le-grand-cirque-achille-zavatta-fils-fait-escale-a-epinal-avec-son-spectacle-2025\/\",\"name\":\"Le Grand Cirque Achille Zavatta Fils fait escale \u00e0 \u00c9pinal avec son spectacle 2025 ! - Epinal Info\",\"isPartOf\":{\"@id\":\"https:\/\/vosgesinfo.fr\/epinalinfo\/#website\"},\"primaryImageOfPage\":{\"@id\":\"https:\/\/vosgesinfo.fr\/epinalinfo\/2025\/04\/le-grand-cirque-achille-zavatta-fils-fait-escale-a-epinal-avec-son-spectacle-2025\/#primaryimage\"},\"image\":{\"@id\":\"https:\/\/vosgesinfo.fr\/epinalinfo\/2025\/04\/le-grand-cirque-achille-zavatta-fils-fait-escale-a-epinal-avec-son-spectacle-2025\/#primaryimage\"},\"thumbnailUrl\":\"https:\/\/vosgesinfo.fr\/app\/uploads\/sites\/3\/2025\/04\/cirque-zavatta-epinal.jpg\",\"datePublished\":\"2025-04-03T10:30:46+00:00\",\"dateModified\":\"2025-04-03T10:16:52+00:00\",\"breadcrumb\":{\"@id\":\"https:\/\/vosgesinfo.fr\/epinalinfo\/2025\/04\/le-grand-cirque-achille-zavatta-fils-fait-escale-a-epinal-avec-son-spectacle-2025\/#breadcrumb\"},\"inLanguage\":\"fr-FR\",\"potentialAction\":[{\"@type\":\"ReadAction\",\"target\":[\"https:\/\/vosgesinfo.fr\/epinalinfo\/2025\/04\/le-grand-cirque-achille-zavatta-fils-fait-escale-a-epinal-avec-son-spectacle-2025\/\"]}]},{\"@type\":\"ImageObject\",\"inLanguage\":\"fr-FR\",\"@id\":\"https:\/\/vosgesinfo.fr\/epinalinfo\/2025\/04\/le-grand-cirque-achille-zavatta-fils-fait-escale-a-epinal-avec-son-spectacle-2025\/#primaryimage\",\"url\":\"https:\/\/vosgesinfo.fr\/app\/uploads\/sites\/3\/2025\/04\/cirque-zavatta-epinal.jpg\",\"contentUrl\":\"https:\/\/vosgesinfo.fr\/app\/uploads\/sites\/3\/2025\/04\/cirque-zavatta-epinal.jpg\",\"width\":2040,\"height\":1536},{\"@type\":\"BreadcrumbList\",\"@id\":\"https:\/\/vosgesinfo.fr\/epinalinfo\/2025\/04\/le-grand-cirque-achille-zavatta-fils-fait-escale-a-epinal-avec-son-spectacle-2025\/#breadcrumb\",\"itemListElement\":[{\"@type\":\"ListItem\",\"position\":1,\"name\":\"Home\",\"item\":\"https:\/\/vosgesinfo.fr\/epinalinfo\/\"},{\"@type\":\"ListItem\",\"position\":2,\"name\":\"Le Grand Cirque Achille Zavatta Fils fait escale \u00e0 \u00c9pinal avec son spectacle 2025 !\"}]},{\"@type\":\"WebSite\",\"@id\":\"https:\/\/vosgesinfo.fr\/epinalinfo\/#website\",\"url\":\"https:\/\/vosgesinfo.fr\/epinalinfo\/\",\"name\":\"Epinal Info\",\"description\":\"Toute l&#039;actualit\u00e9 d&#039;\u00c9pinal\",\"publisher\":{\"@id\":\"https:\/\/vosgesinfo.fr\/epinalinfo\/#organization\"},\"alternateName\":\"Toute l'actualit\u00e9 d'\u00c9pinal\",\"potentialAction\":[{\"@type\":\"SearchAction\",\"target\":{\"@type\":\"EntryPoint\",\"urlTemplate\":\"https:\/\/vosgesinfo.fr\/epinalinfo\/?s={search_term_string}\"},\"query-input\":\"required name=search_term_string\"}],\"inLanguage\":\"fr-FR\"},{\"@type\":\"Organization\",\"@id\":\"https:\/\/vosgesinfo.fr\/epinalinfo\/#organization\",\"name\":\"Epinal Info\",\"url\":\"https:\/\/vosgesinfo.fr\/epinalinfo\/\",\"logo\":{\"@type\":\"ImageObject\",\"inLanguage\":\"fr-FR\",\"@id\":\"https:\/\/vosgesinfo.fr\/epinalinfo\/#\/schema\/logo\/image\/\",\"url\":\"https:\/\/vosgesinfo.fr\/app\/uploads\/sites\/3\/2023\/08\/logo-epinalinfos.svg\",\"contentUrl\":\"https:\/\/vosgesinfo.fr\/app\/uploads\/sites\/3\/2023\/08\/logo-epinalinfos.svg\",\"width\":1,\"height\":1,\"caption\":\"Epinal Info\"},\"image\":{\"@id\":\"https:\/\/vosgesinfo.fr\/epinalinfo\/#\/schema\/logo\/image\/\"},\"sameAs\":[\"https:\/\/www.facebook.com\/Epinalinfos\",\"https:\/\/x.com\/VosgesInfo88\",\"https:\/\/www.youtube.com\/@vosgesinfo\"]},{\"@type\":\"Person\",\"@id\":\"https:\/\/vosgesinfo.fr\/epinalinfo\/#\/schema\/person\/6f9a650eeea99d969b6c4ab78fccbe81\",\"name\":\"C.K.\",\"image\":{\"@type\":\"ImageObject\",\"inLanguage\":\"fr-FR\",\"@id\":\"https:\/\/vosgesinfo.fr\/epinalinfo\/#\/schema\/person\/image\/\",\"url\":\"https:\/\/secure.gravatar.com\/avatar\/48e3fc7f8421ba8942be6b74a2b7f014ca39bc00dece156b7a8e098ae7dc87bf?s=96&d=mm&r=g\",\"contentUrl\":\"https:\/\/secure.gravatar.com\/avatar\/48e3fc7f8421ba8942be6b74a2b7f014ca39bc00dece156b7a8e098ae7dc87bf?s=96&d=mm&r=g\",\"caption\":\"C.K.\"},\"url\":\"https:\/\/vosgesinfo.fr\/epinalinfo\/author\/celia-k-n\/\"}]}<\/script>\n<!-- \/ Yoast SEO plugin. -->","yoast_head_json":{"title":"Le Grand Cirque Achille Zavatta Fils fait escale \u00e0 \u00c9pinal avec son spectacle 2025 ! - Epinal Info","robots":{"index":"index","follow":"follow","max-snippet":"max-snippet:-1","max-image-preview":"max-image-preview:large","max-video-preview":"max-video-preview:-1"},"canonical":"https:\/\/vosgesinfo.fr\/epinalinfo\/2025\/04\/le-grand-cirque-achille-zavatta-fils-fait-escale-a-epinal-avec-son-spectacle-2025\/","twitter_card":"summary_large_image","twitter_title":"Le Grand Cirque Achille Zavatta Fils fait escale \u00e0 \u00c9pinal avec son spectacle 2025 ! - Epinal Info","twitter_description":"Le cirque, ce monde de magie, de frissons et d\u2019\u00e9motions, pose ses valises \u00e0 \u00c9pinal ! Le Grand Cirque Achille [&hellip;]","twitter_image":"https:\/\/vosgesinfo.fr\/app\/uploads\/sites\/3\/2025\/04\/cirque-zavatta-epinal.jpg","twitter_creator":"@VosgesInfo88","twitter_site":"@VosgesInfo88","twitter_misc":{"\u00c9crit par":"C.K.","Dur\u00e9e de lecture estim\u00e9e":"1 minute"},"schema":{"@context":"https:\/\/schema.org","@graph":[{"@type":"Article","@id":"https:\/\/vosgesinfo.fr\/epinalinfo\/2025\/04\/le-grand-cirque-achille-zavatta-fils-fait-escale-a-epinal-avec-son-spectacle-2025\/#article","isPartOf":{"@id":"https:\/\/vosgesinfo.fr\/epinalinfo\/2025\/04\/le-grand-cirque-achille-zavatta-fils-fait-escale-a-epinal-avec-son-spectacle-2025\/"},"author":{"name":"C.K.","@id":"https:\/\/vosgesinfo.fr\/epinalinfo\/#\/schema\/person\/6f9a650eeea99d969b6c4ab78fccbe81"},"headline":"Le Grand Cirque Achille Zavatta Fils fait escale \u00e0 \u00c9pinal avec son spectacle 2025 !","datePublished":"2025-04-03T10:30:46+00:00","dateModified":"2025-04-03T10:16:52+00:00","mainEntityOfPage":{"@id":"https:\/\/vosgesinfo.fr\/epinalinfo\/2025\/04\/le-grand-cirque-achille-zavatta-fils-fait-escale-a-epinal-avec-son-spectacle-2025\/"},"wordCount":288,"commentCount":13,"publisher":{"@id":"https:\/\/vosgesinfo.fr\/epinalinfo\/#organization"},"image":{"@id":"https:\/\/vosgesinfo.fr\/epinalinfo\/2025\/04\/le-grand-cirque-achille-zavatta-fils-fait-escale-a-epinal-avec-son-spectacle-2025\/#primaryimage"},"thumbnailUrl":"https:\/\/vosgesinfo.fr\/app\/uploads\/sites\/3\/2025\/04\/cirque-zavatta-epinal.jpg","keywords":["cirque","Epinal","Grand Cirque Achille Zavatta Fils"],"articleSection":["A la Une","Epinal"],"inLanguage":"fr-FR","potentialAction":[{"@type":"CommentAction","name":"Comment","target":["https:\/\/vosgesinfo.fr\/epinalinfo\/2025\/04\/le-grand-cirque-achille-zavatta-fils-fait-escale-a-epinal-avec-son-spectacle-2025\/#respond"]}]},{"@type":"WebPage","@id":"https:\/\/vosgesinfo.fr\/epinalinfo\/2025\/04\/le-grand-cirque-achille-zavatta-fils-fait-escale-a-epinal-avec-son-spectacle-2025\/","url":"https:\/\/vosgesinfo.fr\/epinalinfo\/2025\/04\/le-grand-cirque-achille-zavatta-fils-fait-escale-a-epinal-avec-son-spectacle-2025\/","name":"Le Grand Cirque Achille Zavatta Fils fait escale \u00e0 \u00c9pinal avec son spectacle 2025 ! - Epinal Info","isPartOf":{"@id":"https:\/\/vosgesinfo.fr\/epinalinfo\/#website"},"primaryImageOfPage":{"@id":"https:\/\/vosgesinfo.fr\/epinalinfo\/2025\/04\/le-grand-cirque-achille-zavatta-fils-fait-escale-a-epinal-avec-son-spectacle-2025\/#primaryimage"},"image":{"@id":"https:\/\/vosgesinfo.fr\/epinalinfo\/2025\/04\/le-grand-cirque-achille-zavatta-fils-fait-escale-a-epinal-avec-son-spectacle-2025\/#primaryimage"},"thumbnailUrl":"https:\/\/vosgesinfo.fr\/app\/uploads\/sites\/3\/2025\/04\/cirque-zavatta-epinal.jpg","datePublished":"2025-04-03T10:30:46+00:00","dateModified":"2025-04-03T10:16:52+00:00","breadcrumb":{"@id":"https:\/\/vosgesinfo.fr\/epinalinfo\/2025\/04\/le-grand-cirque-achille-zavatta-fils-fait-escale-a-epinal-avec-son-spectacle-2025\/#breadcrumb"},"inLanguage":"fr-FR","potentialAction":[{"@type":"ReadAction","target":["https:\/\/vosgesinfo.fr\/epinalinfo\/2025\/04\/le-grand-cirque-achille-zavatta-fils-fait-escale-a-epinal-avec-son-spectacle-2025\/"]}]},{"@type":"ImageObject","inLanguage":"fr-FR","@id":"https:\/\/vosgesinfo.fr\/epinalinfo\/2025\/04\/le-grand-cirque-achille-zavatta-fils-fait-escale-a-epinal-avec-son-spectacle-2025\/#primaryimage","url":"https:\/\/vosgesinfo.fr\/app\/uploads\/sites\/3\/2025\/04\/cirque-zavatta-epinal.jpg","contentUrl":"https:\/\/vosgesinfo.fr\/app\/uploads\/sites\/3\/2025\/04\/cirque-zavatta-epinal.jpg","width":2040,"height":1536},{"@type":"BreadcrumbList","@id":"https:\/\/vosgesinfo.fr\/epinalinfo\/2025\/04\/le-grand-cirque-achille-zavatta-fils-fait-escale-a-epinal-avec-son-spectacle-2025\/#breadcrumb","itemListElement":[{"@type":"ListItem","position":1,"name":"Home","item":"https:\/\/vosgesinfo.fr\/epinalinfo\/"},{"@type":"ListItem","position":2,"name":"Le Grand Cirque Achille Zavatta Fils fait escale \u00e0 \u00c9pinal avec son spectacle 2025 !"}]},{"@type":"WebSite","@id":"https:\/\/vosgesinfo.fr\/epinalinfo\/#website","url":"https:\/\/vosgesinfo.fr\/epinalinfo\/","name":"Epinal Info","description":"Toute l&#039;actualit\u00e9 d&#039;\u00c9pinal","publisher":{"@id":"https:\/\/vosgesinfo.fr\/epinalinfo\/#organization"},"alternateName":"Toute l'actualit\u00e9 d'\u00c9pinal","potentialAction":[{"@type":"SearchAction","target":{"@type":"EntryPoint","urlTemplate":"https:\/\/vosgesinfo.fr\/epinalinfo\/?s={search_term_string}"},"query-input":"required name=search_term_string"}],"inLanguage":"fr-FR"},{"@type":"Organization","@id":"https:\/\/vosgesinfo.fr\/epinalinfo\/#organization","name":"Epinal Info","url":"https:\/\/vosgesinfo.fr\/epinalinfo\/","logo":{"@type":"ImageObject","inLanguage":"fr-FR","@id":"https:\/\/vosgesinfo.fr\/epinalinfo\/#\/schema\/logo\/image\/","url":"https:\/\/vosgesinfo.fr\/app\/uploads\/sites\/3\/2023\/08\/logo-epinalinfos.svg","contentUrl":"https:\/\/vosgesinfo.fr\/app\/uploads\/sites\/3\/2023\/08\/logo-epinalinfos.svg","width":1,"height":1,"caption":"Epinal Info"},"image":{"@id":"https:\/\/vosgesinfo.fr\/epinalinfo\/#\/schema\/logo\/image\/"},"sameAs":["https:\/\/www.facebook.com\/Epinalinfos","https:\/\/x.com\/VosgesInfo88","https:\/\/www.youtube.com\/@vosgesinfo"]},{"@type":"Person","@id":"https:\/\/vosgesinfo.fr\/epinalinfo\/#\/schema\/person\/6f9a650eeea99d969b6c4ab78fccbe81","name":"C.K.","image":{"@type":"ImageObject","inLanguage":"fr-FR","@id":"https:\/\/vosgesinfo.fr\/epinalinfo\/#\/schema\/person\/image\/","url":"https:\/\/secure.gravatar.com\/avatar\/48e3fc7f8421ba8942be6b74a2b7f014ca39bc00dece156b7a8e098ae7dc87bf?s=96&d=mm&r=g","contentUrl":"https:\/\/secure.gravatar.com\/avatar\/48e3fc7f8421ba8942be6b74a2b7f014ca39bc00dece156b7a8e098ae7dc87bf?s=96&d=mm&r=g","caption":"C.K."},"url":"https:\/\/vosgesinfo.fr\/epinalinfo\/author\/celia-k-n\/"}]}},"_links":{"self":[{"href":"https:\/\/vosgesinfo.fr\/epinalinfo\/wp-json\/wp\/v2\/posts\/130536","targetHints":{"allow":["GET"]}}],"collection":[{"href":"https:\/\/vosgesinfo.fr\/epinalinfo\/wp-json\/wp\/v2\/posts"}],"about":[{"href":"https:\/\/vosgesinfo.fr\/epinalinfo\/wp-json\/wp\/v2\/types\/post"}],"author":[{"embeddable":true,"href":"https:\/\/vosgesinfo.fr\/epinalinfo\/wp-json\/wp\/v2\/users\/52"}],"replies":[{"embeddable":true,"href":"https:\/\/vosgesinfo.fr\/epinalinfo\/wp-json\/wp\/v2\/comments?post=130536"}],"version-history":[{"count":1,"href":"https:\/\/vosgesinfo.fr\/epinalinfo\/wp-json\/wp\/v2\/posts\/130536\/revisions"}],"predecessor-version":[{"id":130538,"href":"https:\/\/vosgesinfo.fr\/epinalinfo\/wp-json\/wp\/v2\/posts\/130536\/revisions\/130538"}],"wp:featuredmedia":[{"embeddable":true,"href":"https:\/\/vosgesinfo.fr\/epinalinfo\/wp-json\/wp\/v2\/media\/130537"}],"wp:attachment":[{"href":"https:\/\/vosgesinfo.fr\/epinalinfo\/wp-json\/wp\/v2\/media?parent=130536"}],"wp:term":[{"taxonomy":"category","embeddable":true,"href":"https:\/\/vosgesinfo.fr\/epinalinfo\/wp-json\/wp\/v2\/categories?post=130536"},{"taxonomy":"post_tag","embeddable":true,"href":"https:\/\/vosgesinfo.fr\/epinalinfo\/wp-json\/wp\/v2\/tags?post=130536"}],"curies":[{"name":"wp","href":"https:\/\/api.w.org\/{rel}","templated":true}]}}