{"id":130548,"date":"2025-04-03T14:02:58","date_gmt":"2025-04-03T12:02:58","guid":{"rendered":"https:\/\/vosgesinfo.fr\/epinalinfo\/2025\/04\/travaux-de-refection-sur-le-toit-de-leglise-de-pouxeux\/"},"modified":"2025-04-03T14:02:58","modified_gmt":"2025-04-03T12:02:58","slug":"travaux-de-refection-sur-le-toit-de-leglise-de-pouxeux","status":"publish","type":"post","link":"https:\/\/vosgesinfo.fr\/epinalinfo\/2025\/04\/travaux-de-refection-sur-le-toit-de-leglise-de-pouxeux\/","title":{"rendered":"Travaux de r\u00e9fection sur le toit de l\u2019\u00e9glise de Pouxeux"},"content":{"rendered":"<p data-start=\"67\" data-end=\"304\"><a href=\"https:\/\/vosgesinfo.fr\/app\/uploads\/sites\/5\/2025\/04\/travaux-toit-eglise-pouxeux-scaled.jpg\"><img decoding=\"async\" class=\"aligncenter size-full wp-image-80370\" src=\"https:\/\/vosgesinfo.fr\/app\/uploads\/sites\/5\/2025\/04\/travaux-toit-eglise-pouxeux-scaled.jpg\" alt=\"\" width=\"2560\" height=\"1920\" \/><\/a><\/p>\n<p class=\"\" data-start=\"67\" data-end=\"304\"><strong>La municipalit\u00e9 de Pouxeux a engag\u00e9 des travaux sur le toit de l\u2019\u00e9glise afin de restaurer le campanile (tour qui abrite les cloches) de l\u2019\u00e9difice, endommag\u00e9 par des fuites. C\u2019est l\u2019entreprise Viry, bas\u00e9e \u00e0 Pouxeux, qui a \u00e9t\u00e9 charg\u00e9e de mener \u00e0 bien cette r\u00e9fection.<\/strong><\/p>\n<p class=\"\" data-start=\"306\" data-end=\"609\">L\u2019intervention comprend le remplacement d\u2019ardoises et de plaques de zinc, garantissant ainsi l\u2019\u00e9tanch\u00e9it\u00e9 du b\u00e2timent. Une ancienne sir\u00e8ne, qui n\u2019a plus d\u2019utilit\u00e9, sera \u00e9galement retir\u00e9e. Bonne nouvelle, les premi\u00e8res inspections ont confirm\u00e9 que la charpente de l\u2019\u00e9glise n\u2019a pas subi de d\u00e9gradations.<\/p>\n<h3 class=\"\" data-start=\"611\" data-end=\"664\"><strong data-start=\"615\" data-end=\"662\">Des restrictions temporaires de circulation<\/strong><\/h3>\n<p class=\"\" data-start=\"666\" data-end=\"818\">Pour permettre le bon d\u00e9roulement des travaux en toute s\u00e9curit\u00e9, des restrictions temporaires ont \u00e9t\u00e9 mises en place jusqu\u2019au vendredi 4 avril \u00e0 18h :<\/p>\n<ul data-start=\"820\" data-end=\"1048\">\n<li class=\"\" data-start=\"820\" data-end=\"911\">\n<p class=\"\" data-start=\"822\" data-end=\"911\"><strong data-start=\"822\" data-end=\"848\">Stationnement interdit<\/strong> sur la place de l\u2019\u00e9glise et rue des Martyrs et des D\u00e9port\u00e9s.<\/p>\n<\/li>\n<li class=\"\" data-start=\"912\" data-end=\"1048\">\n<p class=\"\" data-start=\"914\" data-end=\"1048\"><strong data-start=\"914\" data-end=\"939\">Circulation interdite<\/strong> rue des Martyrs et des D\u00e9port\u00e9s, entre le carrefour avec la rue de la Gare et le parking de la chaufferie.<\/p>\n<\/li>\n<\/ul>\n<p class=\"\" data-start=\"1050\" data-end=\"1159\">La municipalit\u00e9 remercie les habitants pour leur compr\u00e9hension et leur vigilance durant la dur\u00e9e du chantier.<\/p>\n","protected":false},"excerpt":{"rendered":"<p>La municipalit\u00e9 de Pouxeux a engag\u00e9 des travaux sur le toit de l\u2019\u00e9glise afin de restaurer le campanile (tour qui [&hellip;]<\/p>\n","protected":false},"author":418,"featured_media":130549,"comment_status":"open","ping_status":"open","sticky":false,"template":"","format":"standard","meta":{"footnotes":""},"categories":[22,24],"tags":[8438,16398],"class_list":["post-130548","post","type-post","status-publish","format-standard","has-post-thumbnail","hentry","category-a-la-une","category-epinal","tag-pouxeux","tag-travaux-eglise-pouxeux"],"acf":[],"yoast_head":"<!-- This site is optimized with the Yoast SEO plugin v22.5 - https:\/\/yoast.com\/wordpress\/plugins\/seo\/ -->\n<title>Travaux de r\u00e9fection sur le toit de l\u2019\u00e9glise de Pouxeux - Epinal Info<\/title>\n<meta name=\"robots\" content=\"index, follow, max-snippet:-1, max-image-preview:large, max-video-preview:-1\" \/>\n<link rel=\"canonical\" href=\"https:\/\/vosgesinfo.fr\/epinalinfo\/2025\/04\/travaux-de-refection-sur-le-toit-de-leglise-de-pouxeux\/\" \/>\n<meta name=\"twitter:card\" content=\"summary_large_image\" \/>\n<meta name=\"twitter:title\" content=\"Travaux de r\u00e9fection sur le toit de l\u2019\u00e9glise de Pouxeux - Epinal Info\" \/>\n<meta name=\"twitter:description\" content=\"La municipalit\u00e9 de Pouxeux a engag\u00e9 des travaux sur le toit de l\u2019\u00e9glise afin de restaurer le campanile (tour qui [&hellip;]\" \/>\n<meta name=\"twitter:image\" content=\"https:\/\/vosgesinfo.fr\/app\/uploads\/sites\/3\/2025\/04\/travaux-toit-eglise-pouxeux-scaled-1.jpg\" \/>\n<meta name=\"twitter:creator\" content=\"@VosgesInfo88\" \/>\n<meta name=\"twitter:site\" content=\"@VosgesInfo88\" \/>\n<meta name=\"twitter:label1\" content=\"\u00c9crit par\" \/>\n\t<meta name=\"twitter:data1\" content=\"C.M\" \/>\n\t<meta name=\"twitter:label2\" content=\"Dur\u00e9e de lecture estim\u00e9e\" \/>\n\t<meta name=\"twitter:data2\" content=\"1 minute\" \/>\n<script type=\"application\/ld+json\" class=\"yoast-schema-graph\">{\"@context\":\"https:\/\/schema.org\",\"@graph\":[{\"@type\":\"Article\",\"@id\":\"https:\/\/vosgesinfo.fr\/epinalinfo\/2025\/04\/travaux-de-refection-sur-le-toit-de-leglise-de-pouxeux\/#article\",\"isPartOf\":{\"@id\":\"https:\/\/vosgesinfo.fr\/epinalinfo\/2025\/04\/travaux-de-refection-sur-le-toit-de-leglise-de-pouxeux\/\"},\"author\":{\"name\":\"C.M\",\"@id\":\"https:\/\/vosgesinfo.fr\/epinalinfo\/#\/schema\/person\/4f38cd3068e342935b7304695c797d08\"},\"headline\":\"Travaux de r\u00e9fection sur le toit de l\u2019\u00e9glise de Pouxeux\",\"datePublished\":\"2025-04-03T12:02:58+00:00\",\"dateModified\":\"2025-04-03T12:02:58+00:00\",\"mainEntityOfPage\":{\"@id\":\"https:\/\/vosgesinfo.fr\/epinalinfo\/2025\/04\/travaux-de-refection-sur-le-toit-de-leglise-de-pouxeux\/\"},\"wordCount\":207,\"commentCount\":0,\"publisher\":{\"@id\":\"https:\/\/vosgesinfo.fr\/epinalinfo\/#organization\"},\"image\":{\"@id\":\"https:\/\/vosgesinfo.fr\/epinalinfo\/2025\/04\/travaux-de-refection-sur-le-toit-de-leglise-de-pouxeux\/#primaryimage\"},\"thumbnailUrl\":\"https:\/\/vosgesinfo.fr\/app\/uploads\/sites\/3\/2025\/04\/travaux-toit-eglise-pouxeux-scaled-1.jpg\",\"keywords\":[\"Pouxeux\",\"Travaux \u00e9glise Pouxeux\"],\"articleSection\":[\"A la Une\",\"Epinal\"],\"inLanguage\":\"fr-FR\",\"potentialAction\":[{\"@type\":\"CommentAction\",\"name\":\"Comment\",\"target\":[\"https:\/\/vosgesinfo.fr\/epinalinfo\/2025\/04\/travaux-de-refection-sur-le-toit-de-leglise-de-pouxeux\/#respond\"]}]},{\"@type\":\"WebPage\",\"@id\":\"https:\/\/vosgesinfo.fr\/epinalinfo\/2025\/04\/travaux-de-refection-sur-le-toit-de-leglise-de-pouxeux\/\",\"url\":\"https:\/\/vosgesinfo.fr\/epinalinfo\/2025\/04\/travaux-de-refection-sur-le-toit-de-leglise-de-pouxeux\/\",\"name\":\"Travaux de r\u00e9fection sur le toit de l\u2019\u00e9glise de Pouxeux - Epinal Info\",\"isPartOf\":{\"@id\":\"https:\/\/vosgesinfo.fr\/epinalinfo\/#website\"},\"primaryImageOfPage\":{\"@id\":\"https:\/\/vosgesinfo.fr\/epinalinfo\/2025\/04\/travaux-de-refection-sur-le-toit-de-leglise-de-pouxeux\/#primaryimage\"},\"image\":{\"@id\":\"https:\/\/vosgesinfo.fr\/epinalinfo\/2025\/04\/travaux-de-refection-sur-le-toit-de-leglise-de-pouxeux\/#primaryimage\"},\"thumbnailUrl\":\"https:\/\/vosgesinfo.fr\/app\/uploads\/sites\/3\/2025\/04\/travaux-toit-eglise-pouxeux-scaled-1.jpg\",\"datePublished\":\"2025-04-03T12:02:58+00:00\",\"dateModified\":\"2025-04-03T12:02:58+00:00\",\"breadcrumb\":{\"@id\":\"https:\/\/vosgesinfo.fr\/epinalinfo\/2025\/04\/travaux-de-refection-sur-le-toit-de-leglise-de-pouxeux\/#breadcrumb\"},\"inLanguage\":\"fr-FR\",\"potentialAction\":[{\"@type\":\"ReadAction\",\"target\":[\"https:\/\/vosgesinfo.fr\/epinalinfo\/2025\/04\/travaux-de-refection-sur-le-toit-de-leglise-de-pouxeux\/\"]}]},{\"@type\":\"ImageObject\",\"inLanguage\":\"fr-FR\",\"@id\":\"https:\/\/vosgesinfo.fr\/epinalinfo\/2025\/04\/travaux-de-refection-sur-le-toit-de-leglise-de-pouxeux\/#primaryimage\",\"url\":\"https:\/\/vosgesinfo.fr\/app\/uploads\/sites\/3\/2025\/04\/travaux-toit-eglise-pouxeux-scaled-1.jpg\",\"contentUrl\":\"https:\/\/vosgesinfo.fr\/app\/uploads\/sites\/3\/2025\/04\/travaux-toit-eglise-pouxeux-scaled-1.jpg\",\"width\":2560,\"height\":1920},{\"@type\":\"BreadcrumbList\",\"@id\":\"https:\/\/vosgesinfo.fr\/epinalinfo\/2025\/04\/travaux-de-refection-sur-le-toit-de-leglise-de-pouxeux\/#breadcrumb\",\"itemListElement\":[{\"@type\":\"ListItem\",\"position\":1,\"name\":\"Home\",\"item\":\"https:\/\/vosgesinfo.fr\/epinalinfo\/\"},{\"@type\":\"ListItem\",\"position\":2,\"name\":\"Travaux de r\u00e9fection sur le toit de l\u2019\u00e9glise de Pouxeux\"}]},{\"@type\":\"WebSite\",\"@id\":\"https:\/\/vosgesinfo.fr\/epinalinfo\/#website\",\"url\":\"https:\/\/vosgesinfo.fr\/epinalinfo\/\",\"name\":\"Epinal Info\",\"description\":\"Toute l&#039;actualit\u00e9 d&#039;\u00c9pinal\",\"publisher\":{\"@id\":\"https:\/\/vosgesinfo.fr\/epinalinfo\/#organization\"},\"alternateName\":\"Toute l'actualit\u00e9 d'\u00c9pinal\",\"potentialAction\":[{\"@type\":\"SearchAction\",\"target\":{\"@type\":\"EntryPoint\",\"urlTemplate\":\"https:\/\/vosgesinfo.fr\/epinalinfo\/?s={search_term_string}\"},\"query-input\":\"required name=search_term_string\"}],\"inLanguage\":\"fr-FR\"},{\"@type\":\"Organization\",\"@id\":\"https:\/\/vosgesinfo.fr\/epinalinfo\/#organization\",\"name\":\"Epinal Info\",\"url\":\"https:\/\/vosgesinfo.fr\/epinalinfo\/\",\"logo\":{\"@type\":\"ImageObject\",\"inLanguage\":\"fr-FR\",\"@id\":\"https:\/\/vosgesinfo.fr\/epinalinfo\/#\/schema\/logo\/image\/\",\"url\":\"https:\/\/vosgesinfo.fr\/app\/uploads\/sites\/3\/2023\/08\/logo-epinalinfos.svg\",\"contentUrl\":\"https:\/\/vosgesinfo.fr\/app\/uploads\/sites\/3\/2023\/08\/logo-epinalinfos.svg\",\"width\":1,\"height\":1,\"caption\":\"Epinal Info\"},\"image\":{\"@id\":\"https:\/\/vosgesinfo.fr\/epinalinfo\/#\/schema\/logo\/image\/\"},\"sameAs\":[\"https:\/\/www.facebook.com\/Epinalinfos\",\"https:\/\/x.com\/VosgesInfo88\",\"https:\/\/www.youtube.com\/@vosgesinfo\"]},{\"@type\":\"Person\",\"@id\":\"https:\/\/vosgesinfo.fr\/epinalinfo\/#\/schema\/person\/4f38cd3068e342935b7304695c797d08\",\"name\":\"C.M\",\"image\":{\"@type\":\"ImageObject\",\"inLanguage\":\"fr-FR\",\"@id\":\"https:\/\/vosgesinfo.fr\/epinalinfo\/#\/schema\/person\/image\/\",\"url\":\"https:\/\/secure.gravatar.com\/avatar\/fe9daaef0164d920717484172682f3c5c9bcf7d42aa8c7048c76c34f0eb6c8da?s=96&d=mm&r=g\",\"contentUrl\":\"https:\/\/secure.gravatar.com\/avatar\/fe9daaef0164d920717484172682f3c5c9bcf7d42aa8c7048c76c34f0eb6c8da?s=96&d=mm&r=g\",\"caption\":\"C.M\"},\"url\":\"https:\/\/vosgesinfo.fr\/epinalinfo\/author\/cm88200\/\"}]}<\/script>\n<!-- \/ Yoast SEO plugin. -->","yoast_head_json":{"title":"Travaux de r\u00e9fection sur le toit de l\u2019\u00e9glise de Pouxeux - Epinal Info","robots":{"index":"index","follow":"follow","max-snippet":"max-snippet:-1","max-image-preview":"max-image-preview:large","max-video-preview":"max-video-preview:-1"},"canonical":"https:\/\/vosgesinfo.fr\/epinalinfo\/2025\/04\/travaux-de-refection-sur-le-toit-de-leglise-de-pouxeux\/","twitter_card":"summary_large_image","twitter_title":"Travaux de r\u00e9fection sur le toit de l\u2019\u00e9glise de Pouxeux - Epinal Info","twitter_description":"La municipalit\u00e9 de Pouxeux a engag\u00e9 des travaux sur le toit de l\u2019\u00e9glise afin de restaurer le campanile (tour qui [&hellip;]","twitter_image":"https:\/\/vosgesinfo.fr\/app\/uploads\/sites\/3\/2025\/04\/travaux-toit-eglise-pouxeux-scaled-1.jpg","twitter_creator":"@VosgesInfo88","twitter_site":"@VosgesInfo88","twitter_misc":{"\u00c9crit par":"C.M","Dur\u00e9e de lecture estim\u00e9e":"1 minute"},"schema":{"@context":"https:\/\/schema.org","@graph":[{"@type":"Article","@id":"https:\/\/vosgesinfo.fr\/epinalinfo\/2025\/04\/travaux-de-refection-sur-le-toit-de-leglise-de-pouxeux\/#article","isPartOf":{"@id":"https:\/\/vosgesinfo.fr\/epinalinfo\/2025\/04\/travaux-de-refection-sur-le-toit-de-leglise-de-pouxeux\/"},"author":{"name":"C.M","@id":"https:\/\/vosgesinfo.fr\/epinalinfo\/#\/schema\/person\/4f38cd3068e342935b7304695c797d08"},"headline":"Travaux de r\u00e9fection sur le toit de l\u2019\u00e9glise de Pouxeux","datePublished":"2025-04-03T12:02:58+00:00","dateModified":"2025-04-03T12:02:58+00:00","mainEntityOfPage":{"@id":"https:\/\/vosgesinfo.fr\/epinalinfo\/2025\/04\/travaux-de-refection-sur-le-toit-de-leglise-de-pouxeux\/"},"wordCount":207,"commentCount":0,"publisher":{"@id":"https:\/\/vosgesinfo.fr\/epinalinfo\/#organization"},"image":{"@id":"https:\/\/vosgesinfo.fr\/epinalinfo\/2025\/04\/travaux-de-refection-sur-le-toit-de-leglise-de-pouxeux\/#primaryimage"},"thumbnailUrl":"https:\/\/vosgesinfo.fr\/app\/uploads\/sites\/3\/2025\/04\/travaux-toit-eglise-pouxeux-scaled-1.jpg","keywords":["Pouxeux","Travaux \u00e9glise Pouxeux"],"articleSection":["A la Une","Epinal"],"inLanguage":"fr-FR","potentialAction":[{"@type":"CommentAction","name":"Comment","target":["https:\/\/vosgesinfo.fr\/epinalinfo\/2025\/04\/travaux-de-refection-sur-le-toit-de-leglise-de-pouxeux\/#respond"]}]},{"@type":"WebPage","@id":"https:\/\/vosgesinfo.fr\/epinalinfo\/2025\/04\/travaux-de-refection-sur-le-toit-de-leglise-de-pouxeux\/","url":"https:\/\/vosgesinfo.fr\/epinalinfo\/2025\/04\/travaux-de-refection-sur-le-toit-de-leglise-de-pouxeux\/","name":"Travaux de r\u00e9fection sur le toit de l\u2019\u00e9glise de Pouxeux - Epinal Info","isPartOf":{"@id":"https:\/\/vosgesinfo.fr\/epinalinfo\/#website"},"primaryImageOfPage":{"@id":"https:\/\/vosgesinfo.fr\/epinalinfo\/2025\/04\/travaux-de-refection-sur-le-toit-de-leglise-de-pouxeux\/#primaryimage"},"image":{"@id":"https:\/\/vosgesinfo.fr\/epinalinfo\/2025\/04\/travaux-de-refection-sur-le-toit-de-leglise-de-pouxeux\/#primaryimage"},"thumbnailUrl":"https:\/\/vosgesinfo.fr\/app\/uploads\/sites\/3\/2025\/04\/travaux-toit-eglise-pouxeux-scaled-1.jpg","datePublished":"2025-04-03T12:02:58+00:00","dateModified":"2025-04-03T12:02:58+00:00","breadcrumb":{"@id":"https:\/\/vosgesinfo.fr\/epinalinfo\/2025\/04\/travaux-de-refection-sur-le-toit-de-leglise-de-pouxeux\/#breadcrumb"},"inLanguage":"fr-FR","potentialAction":[{"@type":"ReadAction","target":["https:\/\/vosgesinfo.fr\/epinalinfo\/2025\/04\/travaux-de-refection-sur-le-toit-de-leglise-de-pouxeux\/"]}]},{"@type":"ImageObject","inLanguage":"fr-FR","@id":"https:\/\/vosgesinfo.fr\/epinalinfo\/2025\/04\/travaux-de-refection-sur-le-toit-de-leglise-de-pouxeux\/#primaryimage","url":"https:\/\/vosgesinfo.fr\/app\/uploads\/sites\/3\/2025\/04\/travaux-toit-eglise-pouxeux-scaled-1.jpg","contentUrl":"https:\/\/vosgesinfo.fr\/app\/uploads\/sites\/3\/2025\/04\/travaux-toit-eglise-pouxeux-scaled-1.jpg","width":2560,"height":1920},{"@type":"BreadcrumbList","@id":"https:\/\/vosgesinfo.fr\/epinalinfo\/2025\/04\/travaux-de-refection-sur-le-toit-de-leglise-de-pouxeux\/#breadcrumb","itemListElement":[{"@type":"ListItem","position":1,"name":"Home","item":"https:\/\/vosgesinfo.fr\/epinalinfo\/"},{"@type":"ListItem","position":2,"name":"Travaux de r\u00e9fection sur le toit de l\u2019\u00e9glise de Pouxeux"}]},{"@type":"WebSite","@id":"https:\/\/vosgesinfo.fr\/epinalinfo\/#website","url":"https:\/\/vosgesinfo.fr\/epinalinfo\/","name":"Epinal Info","description":"Toute l&#039;actualit\u00e9 d&#039;\u00c9pinal","publisher":{"@id":"https:\/\/vosgesinfo.fr\/epinalinfo\/#organization"},"alternateName":"Toute l'actualit\u00e9 d'\u00c9pinal","potentialAction":[{"@type":"SearchAction","target":{"@type":"EntryPoint","urlTemplate":"https:\/\/vosgesinfo.fr\/epinalinfo\/?s={search_term_string}"},"query-input":"required name=search_term_string"}],"inLanguage":"fr-FR"},{"@type":"Organization","@id":"https:\/\/vosgesinfo.fr\/epinalinfo\/#organization","name":"Epinal Info","url":"https:\/\/vosgesinfo.fr\/epinalinfo\/","logo":{"@type":"ImageObject","inLanguage":"fr-FR","@id":"https:\/\/vosgesinfo.fr\/epinalinfo\/#\/schema\/logo\/image\/","url":"https:\/\/vosgesinfo.fr\/app\/uploads\/sites\/3\/2023\/08\/logo-epinalinfos.svg","contentUrl":"https:\/\/vosgesinfo.fr\/app\/uploads\/sites\/3\/2023\/08\/logo-epinalinfos.svg","width":1,"height":1,"caption":"Epinal Info"},"image":{"@id":"https:\/\/vosgesinfo.fr\/epinalinfo\/#\/schema\/logo\/image\/"},"sameAs":["https:\/\/www.facebook.com\/Epinalinfos","https:\/\/x.com\/VosgesInfo88","https:\/\/www.youtube.com\/@vosgesinfo"]},{"@type":"Person","@id":"https:\/\/vosgesinfo.fr\/epinalinfo\/#\/schema\/person\/4f38cd3068e342935b7304695c797d08","name":"C.M","image":{"@type":"ImageObject","inLanguage":"fr-FR","@id":"https:\/\/vosgesinfo.fr\/epinalinfo\/#\/schema\/person\/image\/","url":"https:\/\/secure.gravatar.com\/avatar\/fe9daaef0164d920717484172682f3c5c9bcf7d42aa8c7048c76c34f0eb6c8da?s=96&d=mm&r=g","contentUrl":"https:\/\/secure.gravatar.com\/avatar\/fe9daaef0164d920717484172682f3c5c9bcf7d42aa8c7048c76c34f0eb6c8da?s=96&d=mm&r=g","caption":"C.M"},"url":"https:\/\/vosgesinfo.fr\/epinalinfo\/author\/cm88200\/"}]}},"_links":{"self":[{"href":"https:\/\/vosgesinfo.fr\/epinalinfo\/wp-json\/wp\/v2\/posts\/130548","targetHints":{"allow":["GET"]}}],"collection":[{"href":"https:\/\/vosgesinfo.fr\/epinalinfo\/wp-json\/wp\/v2\/posts"}],"about":[{"href":"https:\/\/vosgesinfo.fr\/epinalinfo\/wp-json\/wp\/v2\/types\/post"}],"author":[{"embeddable":true,"href":"https:\/\/vosgesinfo.fr\/epinalinfo\/wp-json\/wp\/v2\/users\/418"}],"replies":[{"embeddable":true,"href":"https:\/\/vosgesinfo.fr\/epinalinfo\/wp-json\/wp\/v2\/comments?post=130548"}],"version-history":[{"count":0,"href":"https:\/\/vosgesinfo.fr\/epinalinfo\/wp-json\/wp\/v2\/posts\/130548\/revisions"}],"wp:featuredmedia":[{"embeddable":true,"href":"https:\/\/vosgesinfo.fr\/epinalinfo\/wp-json\/wp\/v2\/media\/130549"}],"wp:attachment":[{"href":"https:\/\/vosgesinfo.fr\/epinalinfo\/wp-json\/wp\/v2\/media?parent=130548"}],"wp:term":[{"taxonomy":"category","embeddable":true,"href":"https:\/\/vosgesinfo.fr\/epinalinfo\/wp-json\/wp\/v2\/categories?post=130548"},{"taxonomy":"post_tag","embeddable":true,"href":"https:\/\/vosgesinfo.fr\/epinalinfo\/wp-json\/wp\/v2\/tags?post=130548"}],"curies":[{"name":"wp","href":"https:\/\/api.w.org\/{rel}","templated":true}]}}