{"id":130552,"date":"2025-04-03T17:30:37","date_gmt":"2025-04-03T15:30:37","guid":{"rendered":"https:\/\/vosgesinfo.fr\/epinalinfo\/?p=130552"},"modified":"2025-04-03T17:30:37","modified_gmt":"2025-04-03T15:30:37","slug":"7eme-edition-du-family-trail-le-weekend-du-17-et-18-mai-organise-par-la-team-family-a-pouxeux","status":"publish","type":"post","link":"https:\/\/vosgesinfo.fr\/epinalinfo\/2025\/04\/7eme-edition-du-family-trail-le-weekend-du-17-et-18-mai-organise-par-la-team-family-a-pouxeux\/","title":{"rendered":"7\u00e8me \u00e9dition du Family Trail le weekend du 17 et 18 mai organis\u00e9 par la TEAM FAMILY \u00e0 Pouxeux"},"content":{"rendered":"<p style=\"text-align: center;\"><strong>7\u00e8me \u00e9dition du Family Trail le weekend du 17 et 18 mai organis\u00e9 par la TEAM FAMILY \u00e0 Pouxeux.<\/strong><\/p>\n<p>Le dimanche 18 mai : Trail accessible en duo un adulte et un enfant de \u2013 de 18 ans sur un parcours balis\u00e9 avec 3 distances au choix en pleine nature.<\/p>\n<p>Chaque duo r\u00e9compens\u00e9. Un cadeau offert d\u00e8s les 200 premiers inscrits.<\/p>\n<p>Le samedi soir 17 mai, une Family Marche de 6 ou 12 km au choix accessible \u00e0 tous en famille ou entre adulte majeur avec en option tour du fort. Cadeau offert pour chaque enfant. Inscriptions sur place de 15h \u00e0 18h.<\/p>\n<p>Village d&rsquo;animation, tombola, buvette et restauration sur place.<\/p>\n<p>Les inscriptions sont ouvertes d\u00e8s maintenant en ligne sur le site klikego <a href=\"https:\/\/ft2025.la-team-family.fr\/\" target=\"_blank\" rel=\"noopener noreferrer\">https:\/\/FT2025.la-team-family.fr<\/a><\/p>\n<p>Pour plus d&rsquo;infos, rendez-vous sur notre Facebook Family Trail<\/p>\n<p><a href=\"https:\/\/vosgesinfo.fr\/app\/uploads\/sites\/5\/2025\/04\/affiche-ft-2025-recto.jpg\"><img decoding=\"async\" class=\"aligncenter size-full wp-image-80385\" src=\"https:\/\/vosgesinfo.fr\/app\/uploads\/sites\/5\/2025\/04\/affiche-ft-2025-recto.jpg\" alt=\"\" width=\"446\" height=\"628\" \/><\/a><\/p>\n","protected":false},"excerpt":{"rendered":"<p>7\u00e8me \u00e9dition du Family Trail le weekend du 17 et 18 mai organis\u00e9 par la TEAM FAMILY \u00e0 Pouxeux. Le [&hellip;]<\/p>\n","protected":false},"author":391,"featured_media":130553,"comment_status":"open","ping_status":"open","sticky":false,"template":"","format":"standard","meta":{"footnotes":""},"categories":[22,24],"tags":[5714,8438,16401],"class_list":["post-130552","post","type-post","status-publish","format-standard","has-post-thumbnail","hentry","category-a-la-une","category-epinal","tag-family-trail","tag-pouxeux","tag-team-family"],"acf":[],"yoast_head":"<!-- This site is optimized with the Yoast SEO plugin v22.5 - https:\/\/yoast.com\/wordpress\/plugins\/seo\/ -->\n<title>7\u00e8me \u00e9dition du Family Trail le weekend du 17 et 18 mai organis\u00e9 par la TEAM FAMILY \u00e0 Pouxeux - Epinal Info<\/title>\n<meta name=\"robots\" content=\"index, follow, max-snippet:-1, max-image-preview:large, max-video-preview:-1\" \/>\n<link rel=\"canonical\" href=\"https:\/\/vosgesinfo.fr\/epinalinfo\/2025\/04\/7eme-edition-du-family-trail-le-weekend-du-17-et-18-mai-organise-par-la-team-family-a-pouxeux\/\" \/>\n<meta name=\"twitter:card\" content=\"summary_large_image\" \/>\n<meta name=\"twitter:title\" content=\"7\u00e8me \u00e9dition du Family Trail le weekend du 17 et 18 mai organis\u00e9 par la TEAM FAMILY \u00e0 Pouxeux - Epinal Info\" \/>\n<meta name=\"twitter:description\" content=\"7\u00e8me \u00e9dition du Family Trail le weekend du 17 et 18 mai organis\u00e9 par la TEAM FAMILY \u00e0 Pouxeux. Le [&hellip;]\" \/>\n<meta name=\"twitter:image\" content=\"https:\/\/vosgesinfo.fr\/app\/uploads\/sites\/3\/2025\/04\/affiche-ft-2025-recto.jpg\" \/>\n<meta name=\"twitter:creator\" content=\"@VosgesInfo88\" \/>\n<meta name=\"twitter:site\" content=\"@VosgesInfo88\" \/>\n<meta name=\"twitter:label1\" content=\"\u00c9crit par\" \/>\n\t<meta name=\"twitter:data1\" content=\"La redaction\" \/>\n\t<meta name=\"twitter:label2\" content=\"Dur\u00e9e de lecture estim\u00e9e\" \/>\n\t<meta name=\"twitter:data2\" content=\"1 minute\" \/>\n<script type=\"application\/ld+json\" class=\"yoast-schema-graph\">{\"@context\":\"https:\/\/schema.org\",\"@graph\":[{\"@type\":\"Article\",\"@id\":\"https:\/\/vosgesinfo.fr\/epinalinfo\/2025\/04\/7eme-edition-du-family-trail-le-weekend-du-17-et-18-mai-organise-par-la-team-family-a-pouxeux\/#article\",\"isPartOf\":{\"@id\":\"https:\/\/vosgesinfo.fr\/epinalinfo\/2025\/04\/7eme-edition-du-family-trail-le-weekend-du-17-et-18-mai-organise-par-la-team-family-a-pouxeux\/\"},\"author\":{\"name\":\"La redaction\",\"@id\":\"https:\/\/vosgesinfo.fr\/epinalinfo\/#\/schema\/person\/27a3695b06db98895b354c0765cdfc31\"},\"headline\":\"7\u00e8me \u00e9dition du Family Trail le weekend du 17 et 18 mai organis\u00e9 par la TEAM FAMILY \u00e0 Pouxeux\",\"datePublished\":\"2025-04-03T15:30:37+00:00\",\"dateModified\":\"2025-04-03T15:30:37+00:00\",\"mainEntityOfPage\":{\"@id\":\"https:\/\/vosgesinfo.fr\/epinalinfo\/2025\/04\/7eme-edition-du-family-trail-le-weekend-du-17-et-18-mai-organise-par-la-team-family-a-pouxeux\/\"},\"wordCount\":143,\"commentCount\":0,\"publisher\":{\"@id\":\"https:\/\/vosgesinfo.fr\/epinalinfo\/#organization\"},\"image\":{\"@id\":\"https:\/\/vosgesinfo.fr\/epinalinfo\/2025\/04\/7eme-edition-du-family-trail-le-weekend-du-17-et-18-mai-organise-par-la-team-family-a-pouxeux\/#primaryimage\"},\"thumbnailUrl\":\"https:\/\/vosgesinfo.fr\/app\/uploads\/sites\/3\/2025\/04\/affiche-ft-2025-recto.jpg\",\"keywords\":[\"Family Trail\",\"Pouxeux\",\"team family\"],\"articleSection\":[\"A la Une\",\"Epinal\"],\"inLanguage\":\"fr-FR\",\"potentialAction\":[{\"@type\":\"CommentAction\",\"name\":\"Comment\",\"target\":[\"https:\/\/vosgesinfo.fr\/epinalinfo\/2025\/04\/7eme-edition-du-family-trail-le-weekend-du-17-et-18-mai-organise-par-la-team-family-a-pouxeux\/#respond\"]}]},{\"@type\":\"WebPage\",\"@id\":\"https:\/\/vosgesinfo.fr\/epinalinfo\/2025\/04\/7eme-edition-du-family-trail-le-weekend-du-17-et-18-mai-organise-par-la-team-family-a-pouxeux\/\",\"url\":\"https:\/\/vosgesinfo.fr\/epinalinfo\/2025\/04\/7eme-edition-du-family-trail-le-weekend-du-17-et-18-mai-organise-par-la-team-family-a-pouxeux\/\",\"name\":\"7\u00e8me \u00e9dition du Family Trail le weekend du 17 et 18 mai organis\u00e9 par la TEAM FAMILY \u00e0 Pouxeux - Epinal Info\",\"isPartOf\":{\"@id\":\"https:\/\/vosgesinfo.fr\/epinalinfo\/#website\"},\"primaryImageOfPage\":{\"@id\":\"https:\/\/vosgesinfo.fr\/epinalinfo\/2025\/04\/7eme-edition-du-family-trail-le-weekend-du-17-et-18-mai-organise-par-la-team-family-a-pouxeux\/#primaryimage\"},\"image\":{\"@id\":\"https:\/\/vosgesinfo.fr\/epinalinfo\/2025\/04\/7eme-edition-du-family-trail-le-weekend-du-17-et-18-mai-organise-par-la-team-family-a-pouxeux\/#primaryimage\"},\"thumbnailUrl\":\"https:\/\/vosgesinfo.fr\/app\/uploads\/sites\/3\/2025\/04\/affiche-ft-2025-recto.jpg\",\"datePublished\":\"2025-04-03T15:30:37+00:00\",\"dateModified\":\"2025-04-03T15:30:37+00:00\",\"breadcrumb\":{\"@id\":\"https:\/\/vosgesinfo.fr\/epinalinfo\/2025\/04\/7eme-edition-du-family-trail-le-weekend-du-17-et-18-mai-organise-par-la-team-family-a-pouxeux\/#breadcrumb\"},\"inLanguage\":\"fr-FR\",\"potentialAction\":[{\"@type\":\"ReadAction\",\"target\":[\"https:\/\/vosgesinfo.fr\/epinalinfo\/2025\/04\/7eme-edition-du-family-trail-le-weekend-du-17-et-18-mai-organise-par-la-team-family-a-pouxeux\/\"]}]},{\"@type\":\"ImageObject\",\"inLanguage\":\"fr-FR\",\"@id\":\"https:\/\/vosgesinfo.fr\/epinalinfo\/2025\/04\/7eme-edition-du-family-trail-le-weekend-du-17-et-18-mai-organise-par-la-team-family-a-pouxeux\/#primaryimage\",\"url\":\"https:\/\/vosgesinfo.fr\/app\/uploads\/sites\/3\/2025\/04\/affiche-ft-2025-recto.jpg\",\"contentUrl\":\"https:\/\/vosgesinfo.fr\/app\/uploads\/sites\/3\/2025\/04\/affiche-ft-2025-recto.jpg\",\"width\":446,\"height\":628},{\"@type\":\"BreadcrumbList\",\"@id\":\"https:\/\/vosgesinfo.fr\/epinalinfo\/2025\/04\/7eme-edition-du-family-trail-le-weekend-du-17-et-18-mai-organise-par-la-team-family-a-pouxeux\/#breadcrumb\",\"itemListElement\":[{\"@type\":\"ListItem\",\"position\":1,\"name\":\"Home\",\"item\":\"https:\/\/vosgesinfo.fr\/epinalinfo\/\"},{\"@type\":\"ListItem\",\"position\":2,\"name\":\"7\u00e8me \u00e9dition du Family Trail le weekend du 17 et 18 mai organis\u00e9 par la TEAM FAMILY \u00e0 Pouxeux\"}]},{\"@type\":\"WebSite\",\"@id\":\"https:\/\/vosgesinfo.fr\/epinalinfo\/#website\",\"url\":\"https:\/\/vosgesinfo.fr\/epinalinfo\/\",\"name\":\"Epinal Info\",\"description\":\"Toute l&#039;actualit\u00e9 d&#039;\u00c9pinal\",\"publisher\":{\"@id\":\"https:\/\/vosgesinfo.fr\/epinalinfo\/#organization\"},\"alternateName\":\"Toute l'actualit\u00e9 d'\u00c9pinal\",\"potentialAction\":[{\"@type\":\"SearchAction\",\"target\":{\"@type\":\"EntryPoint\",\"urlTemplate\":\"https:\/\/vosgesinfo.fr\/epinalinfo\/?s={search_term_string}\"},\"query-input\":\"required name=search_term_string\"}],\"inLanguage\":\"fr-FR\"},{\"@type\":\"Organization\",\"@id\":\"https:\/\/vosgesinfo.fr\/epinalinfo\/#organization\",\"name\":\"Epinal Info\",\"url\":\"https:\/\/vosgesinfo.fr\/epinalinfo\/\",\"logo\":{\"@type\":\"ImageObject\",\"inLanguage\":\"fr-FR\",\"@id\":\"https:\/\/vosgesinfo.fr\/epinalinfo\/#\/schema\/logo\/image\/\",\"url\":\"https:\/\/vosgesinfo.fr\/app\/uploads\/sites\/3\/2023\/08\/logo-epinalinfos.svg\",\"contentUrl\":\"https:\/\/vosgesinfo.fr\/app\/uploads\/sites\/3\/2023\/08\/logo-epinalinfos.svg\",\"width\":1,\"height\":1,\"caption\":\"Epinal Info\"},\"image\":{\"@id\":\"https:\/\/vosgesinfo.fr\/epinalinfo\/#\/schema\/logo\/image\/\"},\"sameAs\":[\"https:\/\/www.facebook.com\/Epinalinfos\",\"https:\/\/x.com\/VosgesInfo88\",\"https:\/\/www.youtube.com\/@vosgesinfo\"]},{\"@type\":\"Person\",\"@id\":\"https:\/\/vosgesinfo.fr\/epinalinfo\/#\/schema\/person\/27a3695b06db98895b354c0765cdfc31\",\"name\":\"La redaction\",\"image\":{\"@type\":\"ImageObject\",\"inLanguage\":\"fr-FR\",\"@id\":\"https:\/\/vosgesinfo.fr\/epinalinfo\/#\/schema\/person\/image\/\",\"url\":\"https:\/\/secure.gravatar.com\/avatar\/64c76a78e501cedee55736f43f332df901e1896ae9cd8fad269ae2236dd0e8b6?s=96&d=mm&r=g\",\"contentUrl\":\"https:\/\/secure.gravatar.com\/avatar\/64c76a78e501cedee55736f43f332df901e1896ae9cd8fad269ae2236dd0e8b6?s=96&d=mm&r=g\",\"caption\":\"La redaction\"},\"url\":\"https:\/\/vosgesinfo.fr\/epinalinfo\/author\/la-redaction\/\"}]}<\/script>\n<!-- \/ Yoast SEO plugin. -->","yoast_head_json":{"title":"7\u00e8me \u00e9dition du Family Trail le weekend du 17 et 18 mai organis\u00e9 par la TEAM FAMILY \u00e0 Pouxeux - Epinal Info","robots":{"index":"index","follow":"follow","max-snippet":"max-snippet:-1","max-image-preview":"max-image-preview:large","max-video-preview":"max-video-preview:-1"},"canonical":"https:\/\/vosgesinfo.fr\/epinalinfo\/2025\/04\/7eme-edition-du-family-trail-le-weekend-du-17-et-18-mai-organise-par-la-team-family-a-pouxeux\/","twitter_card":"summary_large_image","twitter_title":"7\u00e8me \u00e9dition du Family Trail le weekend du 17 et 18 mai organis\u00e9 par la TEAM FAMILY \u00e0 Pouxeux - Epinal Info","twitter_description":"7\u00e8me \u00e9dition du Family Trail le weekend du 17 et 18 mai organis\u00e9 par la TEAM FAMILY \u00e0 Pouxeux. Le [&hellip;]","twitter_image":"https:\/\/vosgesinfo.fr\/app\/uploads\/sites\/3\/2025\/04\/affiche-ft-2025-recto.jpg","twitter_creator":"@VosgesInfo88","twitter_site":"@VosgesInfo88","twitter_misc":{"\u00c9crit par":"La redaction","Dur\u00e9e de lecture estim\u00e9e":"1 minute"},"schema":{"@context":"https:\/\/schema.org","@graph":[{"@type":"Article","@id":"https:\/\/vosgesinfo.fr\/epinalinfo\/2025\/04\/7eme-edition-du-family-trail-le-weekend-du-17-et-18-mai-organise-par-la-team-family-a-pouxeux\/#article","isPartOf":{"@id":"https:\/\/vosgesinfo.fr\/epinalinfo\/2025\/04\/7eme-edition-du-family-trail-le-weekend-du-17-et-18-mai-organise-par-la-team-family-a-pouxeux\/"},"author":{"name":"La redaction","@id":"https:\/\/vosgesinfo.fr\/epinalinfo\/#\/schema\/person\/27a3695b06db98895b354c0765cdfc31"},"headline":"7\u00e8me \u00e9dition du Family Trail le weekend du 17 et 18 mai organis\u00e9 par la TEAM FAMILY \u00e0 Pouxeux","datePublished":"2025-04-03T15:30:37+00:00","dateModified":"2025-04-03T15:30:37+00:00","mainEntityOfPage":{"@id":"https:\/\/vosgesinfo.fr\/epinalinfo\/2025\/04\/7eme-edition-du-family-trail-le-weekend-du-17-et-18-mai-organise-par-la-team-family-a-pouxeux\/"},"wordCount":143,"commentCount":0,"publisher":{"@id":"https:\/\/vosgesinfo.fr\/epinalinfo\/#organization"},"image":{"@id":"https:\/\/vosgesinfo.fr\/epinalinfo\/2025\/04\/7eme-edition-du-family-trail-le-weekend-du-17-et-18-mai-organise-par-la-team-family-a-pouxeux\/#primaryimage"},"thumbnailUrl":"https:\/\/vosgesinfo.fr\/app\/uploads\/sites\/3\/2025\/04\/affiche-ft-2025-recto.jpg","keywords":["Family Trail","Pouxeux","team family"],"articleSection":["A la Une","Epinal"],"inLanguage":"fr-FR","potentialAction":[{"@type":"CommentAction","name":"Comment","target":["https:\/\/vosgesinfo.fr\/epinalinfo\/2025\/04\/7eme-edition-du-family-trail-le-weekend-du-17-et-18-mai-organise-par-la-team-family-a-pouxeux\/#respond"]}]},{"@type":"WebPage","@id":"https:\/\/vosgesinfo.fr\/epinalinfo\/2025\/04\/7eme-edition-du-family-trail-le-weekend-du-17-et-18-mai-organise-par-la-team-family-a-pouxeux\/","url":"https:\/\/vosgesinfo.fr\/epinalinfo\/2025\/04\/7eme-edition-du-family-trail-le-weekend-du-17-et-18-mai-organise-par-la-team-family-a-pouxeux\/","name":"7\u00e8me \u00e9dition du Family Trail le weekend du 17 et 18 mai organis\u00e9 par la TEAM FAMILY \u00e0 Pouxeux - Epinal Info","isPartOf":{"@id":"https:\/\/vosgesinfo.fr\/epinalinfo\/#website"},"primaryImageOfPage":{"@id":"https:\/\/vosgesinfo.fr\/epinalinfo\/2025\/04\/7eme-edition-du-family-trail-le-weekend-du-17-et-18-mai-organise-par-la-team-family-a-pouxeux\/#primaryimage"},"image":{"@id":"https:\/\/vosgesinfo.fr\/epinalinfo\/2025\/04\/7eme-edition-du-family-trail-le-weekend-du-17-et-18-mai-organise-par-la-team-family-a-pouxeux\/#primaryimage"},"thumbnailUrl":"https:\/\/vosgesinfo.fr\/app\/uploads\/sites\/3\/2025\/04\/affiche-ft-2025-recto.jpg","datePublished":"2025-04-03T15:30:37+00:00","dateModified":"2025-04-03T15:30:37+00:00","breadcrumb":{"@id":"https:\/\/vosgesinfo.fr\/epinalinfo\/2025\/04\/7eme-edition-du-family-trail-le-weekend-du-17-et-18-mai-organise-par-la-team-family-a-pouxeux\/#breadcrumb"},"inLanguage":"fr-FR","potentialAction":[{"@type":"ReadAction","target":["https:\/\/vosgesinfo.fr\/epinalinfo\/2025\/04\/7eme-edition-du-family-trail-le-weekend-du-17-et-18-mai-organise-par-la-team-family-a-pouxeux\/"]}]},{"@type":"ImageObject","inLanguage":"fr-FR","@id":"https:\/\/vosgesinfo.fr\/epinalinfo\/2025\/04\/7eme-edition-du-family-trail-le-weekend-du-17-et-18-mai-organise-par-la-team-family-a-pouxeux\/#primaryimage","url":"https:\/\/vosgesinfo.fr\/app\/uploads\/sites\/3\/2025\/04\/affiche-ft-2025-recto.jpg","contentUrl":"https:\/\/vosgesinfo.fr\/app\/uploads\/sites\/3\/2025\/04\/affiche-ft-2025-recto.jpg","width":446,"height":628},{"@type":"BreadcrumbList","@id":"https:\/\/vosgesinfo.fr\/epinalinfo\/2025\/04\/7eme-edition-du-family-trail-le-weekend-du-17-et-18-mai-organise-par-la-team-family-a-pouxeux\/#breadcrumb","itemListElement":[{"@type":"ListItem","position":1,"name":"Home","item":"https:\/\/vosgesinfo.fr\/epinalinfo\/"},{"@type":"ListItem","position":2,"name":"7\u00e8me \u00e9dition du Family Trail le weekend du 17 et 18 mai organis\u00e9 par la TEAM FAMILY \u00e0 Pouxeux"}]},{"@type":"WebSite","@id":"https:\/\/vosgesinfo.fr\/epinalinfo\/#website","url":"https:\/\/vosgesinfo.fr\/epinalinfo\/","name":"Epinal Info","description":"Toute l&#039;actualit\u00e9 d&#039;\u00c9pinal","publisher":{"@id":"https:\/\/vosgesinfo.fr\/epinalinfo\/#organization"},"alternateName":"Toute l'actualit\u00e9 d'\u00c9pinal","potentialAction":[{"@type":"SearchAction","target":{"@type":"EntryPoint","urlTemplate":"https:\/\/vosgesinfo.fr\/epinalinfo\/?s={search_term_string}"},"query-input":"required name=search_term_string"}],"inLanguage":"fr-FR"},{"@type":"Organization","@id":"https:\/\/vosgesinfo.fr\/epinalinfo\/#organization","name":"Epinal Info","url":"https:\/\/vosgesinfo.fr\/epinalinfo\/","logo":{"@type":"ImageObject","inLanguage":"fr-FR","@id":"https:\/\/vosgesinfo.fr\/epinalinfo\/#\/schema\/logo\/image\/","url":"https:\/\/vosgesinfo.fr\/app\/uploads\/sites\/3\/2023\/08\/logo-epinalinfos.svg","contentUrl":"https:\/\/vosgesinfo.fr\/app\/uploads\/sites\/3\/2023\/08\/logo-epinalinfos.svg","width":1,"height":1,"caption":"Epinal Info"},"image":{"@id":"https:\/\/vosgesinfo.fr\/epinalinfo\/#\/schema\/logo\/image\/"},"sameAs":["https:\/\/www.facebook.com\/Epinalinfos","https:\/\/x.com\/VosgesInfo88","https:\/\/www.youtube.com\/@vosgesinfo"]},{"@type":"Person","@id":"https:\/\/vosgesinfo.fr\/epinalinfo\/#\/schema\/person\/27a3695b06db98895b354c0765cdfc31","name":"La redaction","image":{"@type":"ImageObject","inLanguage":"fr-FR","@id":"https:\/\/vosgesinfo.fr\/epinalinfo\/#\/schema\/person\/image\/","url":"https:\/\/secure.gravatar.com\/avatar\/64c76a78e501cedee55736f43f332df901e1896ae9cd8fad269ae2236dd0e8b6?s=96&d=mm&r=g","contentUrl":"https:\/\/secure.gravatar.com\/avatar\/64c76a78e501cedee55736f43f332df901e1896ae9cd8fad269ae2236dd0e8b6?s=96&d=mm&r=g","caption":"La redaction"},"url":"https:\/\/vosgesinfo.fr\/epinalinfo\/author\/la-redaction\/"}]}},"_links":{"self":[{"href":"https:\/\/vosgesinfo.fr\/epinalinfo\/wp-json\/wp\/v2\/posts\/130552","targetHints":{"allow":["GET"]}}],"collection":[{"href":"https:\/\/vosgesinfo.fr\/epinalinfo\/wp-json\/wp\/v2\/posts"}],"about":[{"href":"https:\/\/vosgesinfo.fr\/epinalinfo\/wp-json\/wp\/v2\/types\/post"}],"author":[{"embeddable":true,"href":"https:\/\/vosgesinfo.fr\/epinalinfo\/wp-json\/wp\/v2\/users\/391"}],"replies":[{"embeddable":true,"href":"https:\/\/vosgesinfo.fr\/epinalinfo\/wp-json\/wp\/v2\/comments?post=130552"}],"version-history":[{"count":0,"href":"https:\/\/vosgesinfo.fr\/epinalinfo\/wp-json\/wp\/v2\/posts\/130552\/revisions"}],"wp:featuredmedia":[{"embeddable":true,"href":"https:\/\/vosgesinfo.fr\/epinalinfo\/wp-json\/wp\/v2\/media\/130553"}],"wp:attachment":[{"href":"https:\/\/vosgesinfo.fr\/epinalinfo\/wp-json\/wp\/v2\/media?parent=130552"}],"wp:term":[{"taxonomy":"category","embeddable":true,"href":"https:\/\/vosgesinfo.fr\/epinalinfo\/wp-json\/wp\/v2\/categories?post=130552"},{"taxonomy":"post_tag","embeddable":true,"href":"https:\/\/vosgesinfo.fr\/epinalinfo\/wp-json\/wp\/v2\/tags?post=130552"}],"curies":[{"name":"wp","href":"https:\/\/api.w.org\/{rel}","templated":true}]}}