{"id":130556,"date":"2025-04-04T08:30:15","date_gmt":"2025-04-04T06:30:15","guid":{"rendered":"https:\/\/vosgesinfo.fr\/epinalinfo\/?p=130556"},"modified":"2025-04-04T08:25:56","modified_gmt":"2025-04-04T06:25:56","slug":"fermeture-en-vue-pour-lintermarche-depinal-une-cinquantaine-demplois-menaces","status":"publish","type":"post","link":"https:\/\/vosgesinfo.fr\/epinalinfo\/2025\/04\/fermeture-en-vue-pour-lintermarche-depinal-une-cinquantaine-demplois-menaces\/","title":{"rendered":"Fermeture en vue pour l&rsquo;Intermarch\u00e9 d&rsquo;\u00c9pinal : une cinquantaine d&#8217;emplois menac\u00e9s"},"content":{"rendered":"<div id=\"attachment_130557\" style=\"width: 1246px\" class=\"wp-caption aligncenter\"><a href=\"https:\/\/vosgesinfo.fr\/app\/uploads\/sites\/3\/2025\/04\/intermarche-epinal.jpg\"><img decoding=\"async\" aria-describedby=\"caption-attachment-130557\" class=\"size-full wp-image-130557\" src=\"https:\/\/vosgesinfo.fr\/app\/uploads\/sites\/3\/2025\/04\/intermarche-epinal.jpg\" alt=\"\" width=\"1236\" height=\"482\" srcset=\"https:\/\/vosgesinfo.fr\/app\/uploads\/sites\/3\/2025\/04\/intermarche-epinal.jpg 1236w, https:\/\/vosgesinfo.fr\/app\/uploads\/sites\/3\/2025\/04\/intermarche-epinal-300x117.jpg 300w, https:\/\/vosgesinfo.fr\/app\/uploads\/sites\/3\/2025\/04\/intermarche-epinal-1024x399.jpg 1024w, https:\/\/vosgesinfo.fr\/app\/uploads\/sites\/3\/2025\/04\/intermarche-epinal-768x299.jpg 768w\" sizes=\"(max-width: 1236px) 100vw, 1236px\" \/><\/a><p id=\"caption-attachment-130557\" class=\"wp-caption-text\">photo Google maps<\/p><\/div>\n<h2 data-start=\"574\" data-end=\"861\"><strong>Le groupe des Mousquetaires, propri\u00e9taire de l\u2019enseigne Intermarch\u00e9, a annonc\u00e9 ce jeudi 3 avril envisager la fermeture de 30 magasins rachet\u00e9s r\u00e9cemment au groupe Casino. Parmi eux, l\u2019Intermarch\u00e9 d\u2019\u00c9pinal, situ\u00e9 route de Remiremont, ancien Casino, qui emploie actuellement une cinquantaine de salari\u00e9s.<\/strong><\/h2>\n<p class=\"\" data-start=\"863\" data-end=\"1195\">Selon un communiqu\u00e9 du groupement, ces points de vente sont consid\u00e9r\u00e9s comme <em>\u00ab\u202fcommercialement inexploitables\u202f\u00bb<\/em> 18 mois apr\u00e8s leur reprise. Malgr\u00e9 des efforts significatifs pour relancer l&rsquo;activit\u00e9, <em>\u00ab\u202fl\u2019\u00e9quilibre financier reste inatteignable\u202f\u00bb<\/em>, explique le distributeur, \u00e9voquant une situation \u00e9conomique particuli\u00e8rement complexe.<\/p>\n<h3 class=\"\" data-start=\"1197\" data-end=\"1230\"><strong data-start=\"1204\" data-end=\"1230\">Un plan social \u00e0 venir<\/strong><\/h3>\n<p class=\"\" data-start=\"1232\" data-end=\"1578\">Dans ce contexte difficile, une proc\u00e9dure de reclassement est envisag\u00e9e pour les salari\u00e9s impact\u00e9s. Les repr\u00e9sentants du personnel ainsi que les \u00e9quipes des magasins concern\u00e9s ont \u00e9t\u00e9 r\u00e9unis pour faire le point sur la situation \u00e9conomique et sur les possibilit\u00e9s de reconversion professionnelle ou de transfert vers d&rsquo;autres structures du groupe.<\/p>\n<p class=\"\" data-start=\"1580\" data-end=\"1769\">En tout, ce sont pr\u00e8s de 700 salari\u00e9s \u00e0 travers la France qui pourraient \u00eatre affect\u00e9s par cette vague de fermetures.<\/p>\n<h3 class=\"\" data-start=\"1771\" data-end=\"1820\"><strong data-start=\"1778\" data-end=\"1820\">Un revers apr\u00e8s une reprise ambitieuse<\/strong><\/h3>\n<p class=\"\" data-start=\"1822\" data-end=\"2232\">Le groupement des Mousquetaires, num\u00e9ro trois de la distribution alimentaire en France, avait acquis ces magasins dans le but de sauver plus de 10 000 emplois au moment de la crise travers\u00e9e par Casino. Si la majorit\u00e9 des points de vente repris ont pu \u00eatre int\u00e9gr\u00e9s dans le r\u00e9seau Intermarch\u00e9, une trentaine d\u2019entre eux ne parviennent toujours pas \u00e0 g\u00e9n\u00e9rer une activit\u00e9 suffisante pour \u00eatre maintenus ouverts.<\/p>\n<p class=\"\" data-start=\"2234\" data-end=\"2394\">\u00c0 \u00c9pinal, l\u2019inqui\u00e9tude est palpable chez les salari\u00e9s. L\u2019annonce, bien que redout\u00e9e, vient concr\u00e9tiser des mois d\u2019incertitudes et de difficult\u00e9s sur le terrain.<\/p>\n","protected":false},"excerpt":{"rendered":"<p>Le groupe des Mousquetaires, propri\u00e9taire de l\u2019enseigne Intermarch\u00e9, a annonc\u00e9 ce jeudi 3 avril envisager la fermeture de 30 magasins [&hellip;]<\/p>\n","protected":false},"author":52,"featured_media":130557,"comment_status":"open","ping_status":"open","sticky":false,"template":"","format":"standard","meta":{"footnotes":""},"categories":[22,24],"tags":[],"class_list":["post-130556","post","type-post","status-publish","format-standard","has-post-thumbnail","hentry","category-a-la-une","category-epinal"],"acf":[],"yoast_head":"<!-- This site is optimized with the Yoast SEO plugin v22.5 - https:\/\/yoast.com\/wordpress\/plugins\/seo\/ -->\n<title>Fermeture en vue pour l&#039;Intermarch\u00e9 d&#039;\u00c9pinal : une cinquantaine d&#039;emplois menac\u00e9s - Epinal Info<\/title>\n<meta name=\"robots\" content=\"index, follow, max-snippet:-1, max-image-preview:large, max-video-preview:-1\" \/>\n<link rel=\"canonical\" href=\"https:\/\/vosgesinfo.fr\/epinalinfo\/2025\/04\/fermeture-en-vue-pour-lintermarche-depinal-une-cinquantaine-demplois-menaces\/\" \/>\n<meta name=\"twitter:card\" content=\"summary_large_image\" \/>\n<meta name=\"twitter:title\" content=\"Fermeture en vue pour l&#039;Intermarch\u00e9 d&#039;\u00c9pinal : une cinquantaine d&#039;emplois menac\u00e9s - Epinal Info\" \/>\n<meta name=\"twitter:description\" content=\"Le groupe des Mousquetaires, propri\u00e9taire de l\u2019enseigne Intermarch\u00e9, a annonc\u00e9 ce jeudi 3 avril envisager la fermeture de 30 magasins [&hellip;]\" \/>\n<meta name=\"twitter:image\" content=\"https:\/\/vosgesinfo.fr\/app\/uploads\/sites\/3\/2025\/04\/intermarche-epinal.jpg\" \/>\n<meta name=\"twitter:creator\" content=\"@VosgesInfo88\" \/>\n<meta name=\"twitter:site\" content=\"@VosgesInfo88\" \/>\n<meta name=\"twitter:label1\" content=\"\u00c9crit par\" \/>\n\t<meta name=\"twitter:data1\" content=\"C.K.\" \/>\n\t<meta name=\"twitter:label2\" content=\"Dur\u00e9e de lecture estim\u00e9e\" \/>\n\t<meta name=\"twitter:data2\" content=\"1 minute\" \/>\n<script type=\"application\/ld+json\" class=\"yoast-schema-graph\">{\"@context\":\"https:\/\/schema.org\",\"@graph\":[{\"@type\":\"Article\",\"@id\":\"https:\/\/vosgesinfo.fr\/epinalinfo\/2025\/04\/fermeture-en-vue-pour-lintermarche-depinal-une-cinquantaine-demplois-menaces\/#article\",\"isPartOf\":{\"@id\":\"https:\/\/vosgesinfo.fr\/epinalinfo\/2025\/04\/fermeture-en-vue-pour-lintermarche-depinal-une-cinquantaine-demplois-menaces\/\"},\"author\":{\"name\":\"C.K.\",\"@id\":\"https:\/\/vosgesinfo.fr\/epinalinfo\/#\/schema\/person\/6f9a650eeea99d969b6c4ab78fccbe81\"},\"headline\":\"Fermeture en vue pour l&rsquo;Intermarch\u00e9 d&rsquo;\u00c9pinal : une cinquantaine d&#8217;emplois menac\u00e9s\",\"datePublished\":\"2025-04-04T06:30:15+00:00\",\"dateModified\":\"2025-04-04T06:25:56+00:00\",\"mainEntityOfPage\":{\"@id\":\"https:\/\/vosgesinfo.fr\/epinalinfo\/2025\/04\/fermeture-en-vue-pour-lintermarche-depinal-une-cinquantaine-demplois-menaces\/\"},\"wordCount\":310,\"commentCount\":1,\"publisher\":{\"@id\":\"https:\/\/vosgesinfo.fr\/epinalinfo\/#organization\"},\"image\":{\"@id\":\"https:\/\/vosgesinfo.fr\/epinalinfo\/2025\/04\/fermeture-en-vue-pour-lintermarche-depinal-une-cinquantaine-demplois-menaces\/#primaryimage\"},\"thumbnailUrl\":\"https:\/\/vosgesinfo.fr\/app\/uploads\/sites\/3\/2025\/04\/intermarche-epinal.jpg\",\"articleSection\":[\"A la Une\",\"Epinal\"],\"inLanguage\":\"fr-FR\",\"potentialAction\":[{\"@type\":\"CommentAction\",\"name\":\"Comment\",\"target\":[\"https:\/\/vosgesinfo.fr\/epinalinfo\/2025\/04\/fermeture-en-vue-pour-lintermarche-depinal-une-cinquantaine-demplois-menaces\/#respond\"]}]},{\"@type\":\"WebPage\",\"@id\":\"https:\/\/vosgesinfo.fr\/epinalinfo\/2025\/04\/fermeture-en-vue-pour-lintermarche-depinal-une-cinquantaine-demplois-menaces\/\",\"url\":\"https:\/\/vosgesinfo.fr\/epinalinfo\/2025\/04\/fermeture-en-vue-pour-lintermarche-depinal-une-cinquantaine-demplois-menaces\/\",\"name\":\"Fermeture en vue pour l'Intermarch\u00e9 d'\u00c9pinal : une cinquantaine d'emplois menac\u00e9s - Epinal Info\",\"isPartOf\":{\"@id\":\"https:\/\/vosgesinfo.fr\/epinalinfo\/#website\"},\"primaryImageOfPage\":{\"@id\":\"https:\/\/vosgesinfo.fr\/epinalinfo\/2025\/04\/fermeture-en-vue-pour-lintermarche-depinal-une-cinquantaine-demplois-menaces\/#primaryimage\"},\"image\":{\"@id\":\"https:\/\/vosgesinfo.fr\/epinalinfo\/2025\/04\/fermeture-en-vue-pour-lintermarche-depinal-une-cinquantaine-demplois-menaces\/#primaryimage\"},\"thumbnailUrl\":\"https:\/\/vosgesinfo.fr\/app\/uploads\/sites\/3\/2025\/04\/intermarche-epinal.jpg\",\"datePublished\":\"2025-04-04T06:30:15+00:00\",\"dateModified\":\"2025-04-04T06:25:56+00:00\",\"breadcrumb\":{\"@id\":\"https:\/\/vosgesinfo.fr\/epinalinfo\/2025\/04\/fermeture-en-vue-pour-lintermarche-depinal-une-cinquantaine-demplois-menaces\/#breadcrumb\"},\"inLanguage\":\"fr-FR\",\"potentialAction\":[{\"@type\":\"ReadAction\",\"target\":[\"https:\/\/vosgesinfo.fr\/epinalinfo\/2025\/04\/fermeture-en-vue-pour-lintermarche-depinal-une-cinquantaine-demplois-menaces\/\"]}]},{\"@type\":\"ImageObject\",\"inLanguage\":\"fr-FR\",\"@id\":\"https:\/\/vosgesinfo.fr\/epinalinfo\/2025\/04\/fermeture-en-vue-pour-lintermarche-depinal-une-cinquantaine-demplois-menaces\/#primaryimage\",\"url\":\"https:\/\/vosgesinfo.fr\/app\/uploads\/sites\/3\/2025\/04\/intermarche-epinal.jpg\",\"contentUrl\":\"https:\/\/vosgesinfo.fr\/app\/uploads\/sites\/3\/2025\/04\/intermarche-epinal.jpg\",\"width\":1236,\"height\":482,\"caption\":\"photo Google maps\"},{\"@type\":\"BreadcrumbList\",\"@id\":\"https:\/\/vosgesinfo.fr\/epinalinfo\/2025\/04\/fermeture-en-vue-pour-lintermarche-depinal-une-cinquantaine-demplois-menaces\/#breadcrumb\",\"itemListElement\":[{\"@type\":\"ListItem\",\"position\":1,\"name\":\"Home\",\"item\":\"https:\/\/vosgesinfo.fr\/epinalinfo\/\"},{\"@type\":\"ListItem\",\"position\":2,\"name\":\"Fermeture en vue pour l&rsquo;Intermarch\u00e9 d&rsquo;\u00c9pinal : une cinquantaine d&#8217;emplois menac\u00e9s\"}]},{\"@type\":\"WebSite\",\"@id\":\"https:\/\/vosgesinfo.fr\/epinalinfo\/#website\",\"url\":\"https:\/\/vosgesinfo.fr\/epinalinfo\/\",\"name\":\"Epinal Info\",\"description\":\"Toute l&#039;actualit\u00e9 d&#039;\u00c9pinal\",\"publisher\":{\"@id\":\"https:\/\/vosgesinfo.fr\/epinalinfo\/#organization\"},\"alternateName\":\"Toute l'actualit\u00e9 d'\u00c9pinal\",\"potentialAction\":[{\"@type\":\"SearchAction\",\"target\":{\"@type\":\"EntryPoint\",\"urlTemplate\":\"https:\/\/vosgesinfo.fr\/epinalinfo\/?s={search_term_string}\"},\"query-input\":\"required name=search_term_string\"}],\"inLanguage\":\"fr-FR\"},{\"@type\":\"Organization\",\"@id\":\"https:\/\/vosgesinfo.fr\/epinalinfo\/#organization\",\"name\":\"Epinal Info\",\"url\":\"https:\/\/vosgesinfo.fr\/epinalinfo\/\",\"logo\":{\"@type\":\"ImageObject\",\"inLanguage\":\"fr-FR\",\"@id\":\"https:\/\/vosgesinfo.fr\/epinalinfo\/#\/schema\/logo\/image\/\",\"url\":\"https:\/\/vosgesinfo.fr\/app\/uploads\/sites\/3\/2023\/08\/logo-epinalinfos.svg\",\"contentUrl\":\"https:\/\/vosgesinfo.fr\/app\/uploads\/sites\/3\/2023\/08\/logo-epinalinfos.svg\",\"width\":1,\"height\":1,\"caption\":\"Epinal Info\"},\"image\":{\"@id\":\"https:\/\/vosgesinfo.fr\/epinalinfo\/#\/schema\/logo\/image\/\"},\"sameAs\":[\"https:\/\/www.facebook.com\/Epinalinfos\",\"https:\/\/x.com\/VosgesInfo88\",\"https:\/\/www.youtube.com\/@vosgesinfo\"]},{\"@type\":\"Person\",\"@id\":\"https:\/\/vosgesinfo.fr\/epinalinfo\/#\/schema\/person\/6f9a650eeea99d969b6c4ab78fccbe81\",\"name\":\"C.K.\",\"image\":{\"@type\":\"ImageObject\",\"inLanguage\":\"fr-FR\",\"@id\":\"https:\/\/vosgesinfo.fr\/epinalinfo\/#\/schema\/person\/image\/\",\"url\":\"https:\/\/secure.gravatar.com\/avatar\/48e3fc7f8421ba8942be6b74a2b7f014ca39bc00dece156b7a8e098ae7dc87bf?s=96&d=mm&r=g\",\"contentUrl\":\"https:\/\/secure.gravatar.com\/avatar\/48e3fc7f8421ba8942be6b74a2b7f014ca39bc00dece156b7a8e098ae7dc87bf?s=96&d=mm&r=g\",\"caption\":\"C.K.\"},\"url\":\"https:\/\/vosgesinfo.fr\/epinalinfo\/author\/celia-k-n\/\"}]}<\/script>\n<!-- \/ Yoast SEO plugin. -->","yoast_head_json":{"title":"Fermeture en vue pour l'Intermarch\u00e9 d'\u00c9pinal : une cinquantaine d'emplois menac\u00e9s - Epinal Info","robots":{"index":"index","follow":"follow","max-snippet":"max-snippet:-1","max-image-preview":"max-image-preview:large","max-video-preview":"max-video-preview:-1"},"canonical":"https:\/\/vosgesinfo.fr\/epinalinfo\/2025\/04\/fermeture-en-vue-pour-lintermarche-depinal-une-cinquantaine-demplois-menaces\/","twitter_card":"summary_large_image","twitter_title":"Fermeture en vue pour l'Intermarch\u00e9 d'\u00c9pinal : une cinquantaine d'emplois menac\u00e9s - Epinal Info","twitter_description":"Le groupe des Mousquetaires, propri\u00e9taire de l\u2019enseigne Intermarch\u00e9, a annonc\u00e9 ce jeudi 3 avril envisager la fermeture de 30 magasins [&hellip;]","twitter_image":"https:\/\/vosgesinfo.fr\/app\/uploads\/sites\/3\/2025\/04\/intermarche-epinal.jpg","twitter_creator":"@VosgesInfo88","twitter_site":"@VosgesInfo88","twitter_misc":{"\u00c9crit par":"C.K.","Dur\u00e9e de lecture estim\u00e9e":"1 minute"},"schema":{"@context":"https:\/\/schema.org","@graph":[{"@type":"Article","@id":"https:\/\/vosgesinfo.fr\/epinalinfo\/2025\/04\/fermeture-en-vue-pour-lintermarche-depinal-une-cinquantaine-demplois-menaces\/#article","isPartOf":{"@id":"https:\/\/vosgesinfo.fr\/epinalinfo\/2025\/04\/fermeture-en-vue-pour-lintermarche-depinal-une-cinquantaine-demplois-menaces\/"},"author":{"name":"C.K.","@id":"https:\/\/vosgesinfo.fr\/epinalinfo\/#\/schema\/person\/6f9a650eeea99d969b6c4ab78fccbe81"},"headline":"Fermeture en vue pour l&rsquo;Intermarch\u00e9 d&rsquo;\u00c9pinal : une cinquantaine d&#8217;emplois menac\u00e9s","datePublished":"2025-04-04T06:30:15+00:00","dateModified":"2025-04-04T06:25:56+00:00","mainEntityOfPage":{"@id":"https:\/\/vosgesinfo.fr\/epinalinfo\/2025\/04\/fermeture-en-vue-pour-lintermarche-depinal-une-cinquantaine-demplois-menaces\/"},"wordCount":310,"commentCount":1,"publisher":{"@id":"https:\/\/vosgesinfo.fr\/epinalinfo\/#organization"},"image":{"@id":"https:\/\/vosgesinfo.fr\/epinalinfo\/2025\/04\/fermeture-en-vue-pour-lintermarche-depinal-une-cinquantaine-demplois-menaces\/#primaryimage"},"thumbnailUrl":"https:\/\/vosgesinfo.fr\/app\/uploads\/sites\/3\/2025\/04\/intermarche-epinal.jpg","articleSection":["A la Une","Epinal"],"inLanguage":"fr-FR","potentialAction":[{"@type":"CommentAction","name":"Comment","target":["https:\/\/vosgesinfo.fr\/epinalinfo\/2025\/04\/fermeture-en-vue-pour-lintermarche-depinal-une-cinquantaine-demplois-menaces\/#respond"]}]},{"@type":"WebPage","@id":"https:\/\/vosgesinfo.fr\/epinalinfo\/2025\/04\/fermeture-en-vue-pour-lintermarche-depinal-une-cinquantaine-demplois-menaces\/","url":"https:\/\/vosgesinfo.fr\/epinalinfo\/2025\/04\/fermeture-en-vue-pour-lintermarche-depinal-une-cinquantaine-demplois-menaces\/","name":"Fermeture en vue pour l'Intermarch\u00e9 d'\u00c9pinal : une cinquantaine d'emplois menac\u00e9s - Epinal Info","isPartOf":{"@id":"https:\/\/vosgesinfo.fr\/epinalinfo\/#website"},"primaryImageOfPage":{"@id":"https:\/\/vosgesinfo.fr\/epinalinfo\/2025\/04\/fermeture-en-vue-pour-lintermarche-depinal-une-cinquantaine-demplois-menaces\/#primaryimage"},"image":{"@id":"https:\/\/vosgesinfo.fr\/epinalinfo\/2025\/04\/fermeture-en-vue-pour-lintermarche-depinal-une-cinquantaine-demplois-menaces\/#primaryimage"},"thumbnailUrl":"https:\/\/vosgesinfo.fr\/app\/uploads\/sites\/3\/2025\/04\/intermarche-epinal.jpg","datePublished":"2025-04-04T06:30:15+00:00","dateModified":"2025-04-04T06:25:56+00:00","breadcrumb":{"@id":"https:\/\/vosgesinfo.fr\/epinalinfo\/2025\/04\/fermeture-en-vue-pour-lintermarche-depinal-une-cinquantaine-demplois-menaces\/#breadcrumb"},"inLanguage":"fr-FR","potentialAction":[{"@type":"ReadAction","target":["https:\/\/vosgesinfo.fr\/epinalinfo\/2025\/04\/fermeture-en-vue-pour-lintermarche-depinal-une-cinquantaine-demplois-menaces\/"]}]},{"@type":"ImageObject","inLanguage":"fr-FR","@id":"https:\/\/vosgesinfo.fr\/epinalinfo\/2025\/04\/fermeture-en-vue-pour-lintermarche-depinal-une-cinquantaine-demplois-menaces\/#primaryimage","url":"https:\/\/vosgesinfo.fr\/app\/uploads\/sites\/3\/2025\/04\/intermarche-epinal.jpg","contentUrl":"https:\/\/vosgesinfo.fr\/app\/uploads\/sites\/3\/2025\/04\/intermarche-epinal.jpg","width":1236,"height":482,"caption":"photo Google maps"},{"@type":"BreadcrumbList","@id":"https:\/\/vosgesinfo.fr\/epinalinfo\/2025\/04\/fermeture-en-vue-pour-lintermarche-depinal-une-cinquantaine-demplois-menaces\/#breadcrumb","itemListElement":[{"@type":"ListItem","position":1,"name":"Home","item":"https:\/\/vosgesinfo.fr\/epinalinfo\/"},{"@type":"ListItem","position":2,"name":"Fermeture en vue pour l&rsquo;Intermarch\u00e9 d&rsquo;\u00c9pinal : une cinquantaine d&#8217;emplois menac\u00e9s"}]},{"@type":"WebSite","@id":"https:\/\/vosgesinfo.fr\/epinalinfo\/#website","url":"https:\/\/vosgesinfo.fr\/epinalinfo\/","name":"Epinal Info","description":"Toute l&#039;actualit\u00e9 d&#039;\u00c9pinal","publisher":{"@id":"https:\/\/vosgesinfo.fr\/epinalinfo\/#organization"},"alternateName":"Toute l'actualit\u00e9 d'\u00c9pinal","potentialAction":[{"@type":"SearchAction","target":{"@type":"EntryPoint","urlTemplate":"https:\/\/vosgesinfo.fr\/epinalinfo\/?s={search_term_string}"},"query-input":"required name=search_term_string"}],"inLanguage":"fr-FR"},{"@type":"Organization","@id":"https:\/\/vosgesinfo.fr\/epinalinfo\/#organization","name":"Epinal Info","url":"https:\/\/vosgesinfo.fr\/epinalinfo\/","logo":{"@type":"ImageObject","inLanguage":"fr-FR","@id":"https:\/\/vosgesinfo.fr\/epinalinfo\/#\/schema\/logo\/image\/","url":"https:\/\/vosgesinfo.fr\/app\/uploads\/sites\/3\/2023\/08\/logo-epinalinfos.svg","contentUrl":"https:\/\/vosgesinfo.fr\/app\/uploads\/sites\/3\/2023\/08\/logo-epinalinfos.svg","width":1,"height":1,"caption":"Epinal Info"},"image":{"@id":"https:\/\/vosgesinfo.fr\/epinalinfo\/#\/schema\/logo\/image\/"},"sameAs":["https:\/\/www.facebook.com\/Epinalinfos","https:\/\/x.com\/VosgesInfo88","https:\/\/www.youtube.com\/@vosgesinfo"]},{"@type":"Person","@id":"https:\/\/vosgesinfo.fr\/epinalinfo\/#\/schema\/person\/6f9a650eeea99d969b6c4ab78fccbe81","name":"C.K.","image":{"@type":"ImageObject","inLanguage":"fr-FR","@id":"https:\/\/vosgesinfo.fr\/epinalinfo\/#\/schema\/person\/image\/","url":"https:\/\/secure.gravatar.com\/avatar\/48e3fc7f8421ba8942be6b74a2b7f014ca39bc00dece156b7a8e098ae7dc87bf?s=96&d=mm&r=g","contentUrl":"https:\/\/secure.gravatar.com\/avatar\/48e3fc7f8421ba8942be6b74a2b7f014ca39bc00dece156b7a8e098ae7dc87bf?s=96&d=mm&r=g","caption":"C.K."},"url":"https:\/\/vosgesinfo.fr\/epinalinfo\/author\/celia-k-n\/"}]}},"_links":{"self":[{"href":"https:\/\/vosgesinfo.fr\/epinalinfo\/wp-json\/wp\/v2\/posts\/130556","targetHints":{"allow":["GET"]}}],"collection":[{"href":"https:\/\/vosgesinfo.fr\/epinalinfo\/wp-json\/wp\/v2\/posts"}],"about":[{"href":"https:\/\/vosgesinfo.fr\/epinalinfo\/wp-json\/wp\/v2\/types\/post"}],"author":[{"embeddable":true,"href":"https:\/\/vosgesinfo.fr\/epinalinfo\/wp-json\/wp\/v2\/users\/52"}],"replies":[{"embeddable":true,"href":"https:\/\/vosgesinfo.fr\/epinalinfo\/wp-json\/wp\/v2\/comments?post=130556"}],"version-history":[{"count":1,"href":"https:\/\/vosgesinfo.fr\/epinalinfo\/wp-json\/wp\/v2\/posts\/130556\/revisions"}],"predecessor-version":[{"id":130558,"href":"https:\/\/vosgesinfo.fr\/epinalinfo\/wp-json\/wp\/v2\/posts\/130556\/revisions\/130558"}],"wp:featuredmedia":[{"embeddable":true,"href":"https:\/\/vosgesinfo.fr\/epinalinfo\/wp-json\/wp\/v2\/media\/130557"}],"wp:attachment":[{"href":"https:\/\/vosgesinfo.fr\/epinalinfo\/wp-json\/wp\/v2\/media?parent=130556"}],"wp:term":[{"taxonomy":"category","embeddable":true,"href":"https:\/\/vosgesinfo.fr\/epinalinfo\/wp-json\/wp\/v2\/categories?post=130556"},{"taxonomy":"post_tag","embeddable":true,"href":"https:\/\/vosgesinfo.fr\/epinalinfo\/wp-json\/wp\/v2\/tags?post=130556"}],"curies":[{"name":"wp","href":"https:\/\/api.w.org\/{rel}","templated":true}]}}