{"id":130559,"date":"2025-04-04T08:40:09","date_gmt":"2025-04-04T06:40:09","guid":{"rendered":"https:\/\/vosgesinfo.fr\/epinalinfo\/?p=130559"},"modified":"2025-04-04T08:33:38","modified_gmt":"2025-04-04T06:33:38","slug":"gifi-le-magasin-depinal-echappe-a-la-fermeture","status":"publish","type":"post","link":"https:\/\/vosgesinfo.fr\/epinalinfo\/2025\/04\/gifi-le-magasin-depinal-echappe-a-la-fermeture\/","title":{"rendered":"GiFi : Le magasin d\u2019\u00c9pinal \u00e9chappe \u00e0 la fermeture"},"content":{"rendered":"<div id=\"attachment_130560\" style=\"width: 1080px\" class=\"wp-caption aligncenter\"><a href=\"https:\/\/vosgesinfo.fr\/app\/uploads\/sites\/3\/2025\/04\/gifi-epinal.jpg\"><img decoding=\"async\" aria-describedby=\"caption-attachment-130560\" class=\"size-full wp-image-130560\" src=\"https:\/\/vosgesinfo.fr\/app\/uploads\/sites\/3\/2025\/04\/gifi-epinal.jpg\" alt=\"\" width=\"1070\" height=\"479\" srcset=\"https:\/\/vosgesinfo.fr\/app\/uploads\/sites\/3\/2025\/04\/gifi-epinal.jpg 1070w, https:\/\/vosgesinfo.fr\/app\/uploads\/sites\/3\/2025\/04\/gifi-epinal-300x134.jpg 300w, https:\/\/vosgesinfo.fr\/app\/uploads\/sites\/3\/2025\/04\/gifi-epinal-1024x458.jpg 1024w, https:\/\/vosgesinfo.fr\/app\/uploads\/sites\/3\/2025\/04\/gifi-epinal-768x344.jpg 768w\" sizes=\"(max-width: 1070px) 100vw, 1070px\" \/><\/a><p id=\"caption-attachment-130560\" class=\"wp-caption-text\">photo Google maps<\/p><\/div>\n<h2 data-start=\"409\" data-end=\"737\">Les salari\u00e9s du magasin GiFi d\u2019\u00c9pinal peuvent enfin souffler. Alors que la cha\u00eene de magasins sp\u00e9cialis\u00e9e dans les articles de bazar a annonc\u00e9 jeudi un important plan de r\u00e9duction de ses effectifs et la fermeture de 11 de ses 570 points de vente en France, celui d\u2019\u00c9pinal ne figure pas sur la liste des \u00e9tablissements concern\u00e9s.<\/h2>\n<p class=\"\" data-start=\"739\" data-end=\"1024\">En proie \u00e0 des difficult\u00e9s \u00e9conomiques persistantes, l\u2019enseigne, qui avait amorc\u00e9 une restructuration financi\u00e8re en janvier dernier, pr\u00e9voit de r\u00e9duire ses effectifs de 5 % \u00e0 l\u2019\u00e9chelle nationale. Cela repr\u00e9sente environ 300 postes supprim\u00e9s sur les 6 000 que compte GiFi en France.<\/p>\n<p class=\"\" data-start=\"1026\" data-end=\"1587\">Ce plan de sauvegarde de l&#8217;emploi (PSE) toucherait notamment 186 salari\u00e9s du si\u00e8ge social situ\u00e9 \u00e0 Villeneuve-sur-Lot, o\u00f9 sont actuellement employ\u00e9s 730 collaborateurs. En parall\u00e8le, 116 salari\u00e9s r\u00e9partis sur 11 magasins sont directement concern\u00e9s par la fermeture de leurs \u00e9tablissements. Les sites concern\u00e9s sont implant\u00e9s \u00e0 Lyon, Thiais (Val-de-Marne), Stains (Seine-Saint-Denis), Pontault-Combault (Seine-et-Marne), Toulouse, Neuville-en-Ferrain (Nord), Saint-Claude (Jura), Saverne (Bas-Rhin), La Fert\u00e9-Mac\u00e9 (Orne), Tonnerre (Yonne) et Besan\u00e7on. Le magasin d&rsquo;Epinal ne figure donc pas dans la liste.<\/p>\n<p class=\"\" data-start=\"1589\" data-end=\"1852\">Selon GiFi, ces magasins <em>\u00ab n&rsquo;ont pas pu \u00eatre redress\u00e9s, ni repris \u00bb<\/em> malgr\u00e9 les efforts men\u00e9s en interne.<\/p>\n","protected":false},"excerpt":{"rendered":"<p>Les salari\u00e9s du magasin GiFi d\u2019\u00c9pinal peuvent enfin souffler. Alors que la cha\u00eene de magasins sp\u00e9cialis\u00e9e dans les articles de [&hellip;]<\/p>\n","protected":false},"author":52,"featured_media":130560,"comment_status":"open","ping_status":"open","sticky":false,"template":"","format":"standard","meta":{"footnotes":""},"categories":[22,24],"tags":[1051,70,16402,11322,75],"class_list":["post-130559","post","type-post","status-publish","format-standard","has-post-thumbnail","hentry","category-a-la-une","category-epinal","tag-entreprise","tag-epinal","tag-fermeture-de-magasins","tag-gifi","tag-vosges"],"acf":[],"yoast_head":"<!-- This site is optimized with the Yoast SEO plugin v22.5 - https:\/\/yoast.com\/wordpress\/plugins\/seo\/ -->\n<title>GiFi : Le magasin d\u2019\u00c9pinal \u00e9chappe \u00e0 la fermeture - Epinal Info<\/title>\n<meta name=\"robots\" content=\"index, follow, max-snippet:-1, max-image-preview:large, max-video-preview:-1\" \/>\n<link rel=\"canonical\" href=\"https:\/\/vosgesinfo.fr\/epinalinfo\/2025\/04\/gifi-le-magasin-depinal-echappe-a-la-fermeture\/\" \/>\n<meta name=\"twitter:card\" content=\"summary_large_image\" \/>\n<meta name=\"twitter:title\" content=\"GiFi : Le magasin d\u2019\u00c9pinal \u00e9chappe \u00e0 la fermeture - Epinal Info\" \/>\n<meta name=\"twitter:description\" content=\"Les salari\u00e9s du magasin GiFi d\u2019\u00c9pinal peuvent enfin souffler. Alors que la cha\u00eene de magasins sp\u00e9cialis\u00e9e dans les articles de [&hellip;]\" \/>\n<meta name=\"twitter:image\" content=\"https:\/\/vosgesinfo.fr\/app\/uploads\/sites\/3\/2025\/04\/gifi-epinal.jpg\" \/>\n<meta name=\"twitter:creator\" content=\"@VosgesInfo88\" \/>\n<meta name=\"twitter:site\" content=\"@VosgesInfo88\" \/>\n<meta name=\"twitter:label1\" content=\"\u00c9crit par\" \/>\n\t<meta name=\"twitter:data1\" content=\"C.K.\" \/>\n\t<meta name=\"twitter:label2\" content=\"Dur\u00e9e de lecture estim\u00e9e\" \/>\n\t<meta name=\"twitter:data2\" content=\"1 minute\" \/>\n<script type=\"application\/ld+json\" class=\"yoast-schema-graph\">{\"@context\":\"https:\/\/schema.org\",\"@graph\":[{\"@type\":\"Article\",\"@id\":\"https:\/\/vosgesinfo.fr\/epinalinfo\/2025\/04\/gifi-le-magasin-depinal-echappe-a-la-fermeture\/#article\",\"isPartOf\":{\"@id\":\"https:\/\/vosgesinfo.fr\/epinalinfo\/2025\/04\/gifi-le-magasin-depinal-echappe-a-la-fermeture\/\"},\"author\":{\"name\":\"C.K.\",\"@id\":\"https:\/\/vosgesinfo.fr\/epinalinfo\/#\/schema\/person\/6f9a650eeea99d969b6c4ab78fccbe81\"},\"headline\":\"GiFi : Le magasin d\u2019\u00c9pinal \u00e9chappe \u00e0 la fermeture\",\"datePublished\":\"2025-04-04T06:40:09+00:00\",\"dateModified\":\"2025-04-04T06:33:38+00:00\",\"mainEntityOfPage\":{\"@id\":\"https:\/\/vosgesinfo.fr\/epinalinfo\/2025\/04\/gifi-le-magasin-depinal-echappe-a-la-fermeture\/\"},\"wordCount\":228,\"commentCount\":0,\"publisher\":{\"@id\":\"https:\/\/vosgesinfo.fr\/epinalinfo\/#organization\"},\"image\":{\"@id\":\"https:\/\/vosgesinfo.fr\/epinalinfo\/2025\/04\/gifi-le-magasin-depinal-echappe-a-la-fermeture\/#primaryimage\"},\"thumbnailUrl\":\"https:\/\/vosgesinfo.fr\/app\/uploads\/sites\/3\/2025\/04\/gifi-epinal.jpg\",\"keywords\":[\"entreprise\",\"Epinal\",\"fermeture de magasins\",\"Gifi\",\"vosges\"],\"articleSection\":[\"A la Une\",\"Epinal\"],\"inLanguage\":\"fr-FR\",\"potentialAction\":[{\"@type\":\"CommentAction\",\"name\":\"Comment\",\"target\":[\"https:\/\/vosgesinfo.fr\/epinalinfo\/2025\/04\/gifi-le-magasin-depinal-echappe-a-la-fermeture\/#respond\"]}]},{\"@type\":\"WebPage\",\"@id\":\"https:\/\/vosgesinfo.fr\/epinalinfo\/2025\/04\/gifi-le-magasin-depinal-echappe-a-la-fermeture\/\",\"url\":\"https:\/\/vosgesinfo.fr\/epinalinfo\/2025\/04\/gifi-le-magasin-depinal-echappe-a-la-fermeture\/\",\"name\":\"GiFi : Le magasin d\u2019\u00c9pinal \u00e9chappe \u00e0 la fermeture - Epinal Info\",\"isPartOf\":{\"@id\":\"https:\/\/vosgesinfo.fr\/epinalinfo\/#website\"},\"primaryImageOfPage\":{\"@id\":\"https:\/\/vosgesinfo.fr\/epinalinfo\/2025\/04\/gifi-le-magasin-depinal-echappe-a-la-fermeture\/#primaryimage\"},\"image\":{\"@id\":\"https:\/\/vosgesinfo.fr\/epinalinfo\/2025\/04\/gifi-le-magasin-depinal-echappe-a-la-fermeture\/#primaryimage\"},\"thumbnailUrl\":\"https:\/\/vosgesinfo.fr\/app\/uploads\/sites\/3\/2025\/04\/gifi-epinal.jpg\",\"datePublished\":\"2025-04-04T06:40:09+00:00\",\"dateModified\":\"2025-04-04T06:33:38+00:00\",\"breadcrumb\":{\"@id\":\"https:\/\/vosgesinfo.fr\/epinalinfo\/2025\/04\/gifi-le-magasin-depinal-echappe-a-la-fermeture\/#breadcrumb\"},\"inLanguage\":\"fr-FR\",\"potentialAction\":[{\"@type\":\"ReadAction\",\"target\":[\"https:\/\/vosgesinfo.fr\/epinalinfo\/2025\/04\/gifi-le-magasin-depinal-echappe-a-la-fermeture\/\"]}]},{\"@type\":\"ImageObject\",\"inLanguage\":\"fr-FR\",\"@id\":\"https:\/\/vosgesinfo.fr\/epinalinfo\/2025\/04\/gifi-le-magasin-depinal-echappe-a-la-fermeture\/#primaryimage\",\"url\":\"https:\/\/vosgesinfo.fr\/app\/uploads\/sites\/3\/2025\/04\/gifi-epinal.jpg\",\"contentUrl\":\"https:\/\/vosgesinfo.fr\/app\/uploads\/sites\/3\/2025\/04\/gifi-epinal.jpg\",\"width\":1070,\"height\":479,\"caption\":\"photo Google maps\"},{\"@type\":\"BreadcrumbList\",\"@id\":\"https:\/\/vosgesinfo.fr\/epinalinfo\/2025\/04\/gifi-le-magasin-depinal-echappe-a-la-fermeture\/#breadcrumb\",\"itemListElement\":[{\"@type\":\"ListItem\",\"position\":1,\"name\":\"Home\",\"item\":\"https:\/\/vosgesinfo.fr\/epinalinfo\/\"},{\"@type\":\"ListItem\",\"position\":2,\"name\":\"GiFi : Le magasin d\u2019\u00c9pinal \u00e9chappe \u00e0 la fermeture\"}]},{\"@type\":\"WebSite\",\"@id\":\"https:\/\/vosgesinfo.fr\/epinalinfo\/#website\",\"url\":\"https:\/\/vosgesinfo.fr\/epinalinfo\/\",\"name\":\"Epinal Info\",\"description\":\"Toute l&#039;actualit\u00e9 d&#039;\u00c9pinal\",\"publisher\":{\"@id\":\"https:\/\/vosgesinfo.fr\/epinalinfo\/#organization\"},\"alternateName\":\"Toute l'actualit\u00e9 d'\u00c9pinal\",\"potentialAction\":[{\"@type\":\"SearchAction\",\"target\":{\"@type\":\"EntryPoint\",\"urlTemplate\":\"https:\/\/vosgesinfo.fr\/epinalinfo\/?s={search_term_string}\"},\"query-input\":\"required name=search_term_string\"}],\"inLanguage\":\"fr-FR\"},{\"@type\":\"Organization\",\"@id\":\"https:\/\/vosgesinfo.fr\/epinalinfo\/#organization\",\"name\":\"Epinal Info\",\"url\":\"https:\/\/vosgesinfo.fr\/epinalinfo\/\",\"logo\":{\"@type\":\"ImageObject\",\"inLanguage\":\"fr-FR\",\"@id\":\"https:\/\/vosgesinfo.fr\/epinalinfo\/#\/schema\/logo\/image\/\",\"url\":\"https:\/\/vosgesinfo.fr\/app\/uploads\/sites\/3\/2023\/08\/logo-epinalinfos.svg\",\"contentUrl\":\"https:\/\/vosgesinfo.fr\/app\/uploads\/sites\/3\/2023\/08\/logo-epinalinfos.svg\",\"width\":1,\"height\":1,\"caption\":\"Epinal Info\"},\"image\":{\"@id\":\"https:\/\/vosgesinfo.fr\/epinalinfo\/#\/schema\/logo\/image\/\"},\"sameAs\":[\"https:\/\/www.facebook.com\/Epinalinfos\",\"https:\/\/x.com\/VosgesInfo88\",\"https:\/\/www.youtube.com\/@vosgesinfo\"]},{\"@type\":\"Person\",\"@id\":\"https:\/\/vosgesinfo.fr\/epinalinfo\/#\/schema\/person\/6f9a650eeea99d969b6c4ab78fccbe81\",\"name\":\"C.K.\",\"image\":{\"@type\":\"ImageObject\",\"inLanguage\":\"fr-FR\",\"@id\":\"https:\/\/vosgesinfo.fr\/epinalinfo\/#\/schema\/person\/image\/\",\"url\":\"https:\/\/secure.gravatar.com\/avatar\/48e3fc7f8421ba8942be6b74a2b7f014ca39bc00dece156b7a8e098ae7dc87bf?s=96&d=mm&r=g\",\"contentUrl\":\"https:\/\/secure.gravatar.com\/avatar\/48e3fc7f8421ba8942be6b74a2b7f014ca39bc00dece156b7a8e098ae7dc87bf?s=96&d=mm&r=g\",\"caption\":\"C.K.\"},\"url\":\"https:\/\/vosgesinfo.fr\/epinalinfo\/author\/celia-k-n\/\"}]}<\/script>\n<!-- \/ Yoast SEO plugin. -->","yoast_head_json":{"title":"GiFi : Le magasin d\u2019\u00c9pinal \u00e9chappe \u00e0 la fermeture - Epinal Info","robots":{"index":"index","follow":"follow","max-snippet":"max-snippet:-1","max-image-preview":"max-image-preview:large","max-video-preview":"max-video-preview:-1"},"canonical":"https:\/\/vosgesinfo.fr\/epinalinfo\/2025\/04\/gifi-le-magasin-depinal-echappe-a-la-fermeture\/","twitter_card":"summary_large_image","twitter_title":"GiFi : Le magasin d\u2019\u00c9pinal \u00e9chappe \u00e0 la fermeture - Epinal Info","twitter_description":"Les salari\u00e9s du magasin GiFi d\u2019\u00c9pinal peuvent enfin souffler. Alors que la cha\u00eene de magasins sp\u00e9cialis\u00e9e dans les articles de [&hellip;]","twitter_image":"https:\/\/vosgesinfo.fr\/app\/uploads\/sites\/3\/2025\/04\/gifi-epinal.jpg","twitter_creator":"@VosgesInfo88","twitter_site":"@VosgesInfo88","twitter_misc":{"\u00c9crit par":"C.K.","Dur\u00e9e de lecture estim\u00e9e":"1 minute"},"schema":{"@context":"https:\/\/schema.org","@graph":[{"@type":"Article","@id":"https:\/\/vosgesinfo.fr\/epinalinfo\/2025\/04\/gifi-le-magasin-depinal-echappe-a-la-fermeture\/#article","isPartOf":{"@id":"https:\/\/vosgesinfo.fr\/epinalinfo\/2025\/04\/gifi-le-magasin-depinal-echappe-a-la-fermeture\/"},"author":{"name":"C.K.","@id":"https:\/\/vosgesinfo.fr\/epinalinfo\/#\/schema\/person\/6f9a650eeea99d969b6c4ab78fccbe81"},"headline":"GiFi : Le magasin d\u2019\u00c9pinal \u00e9chappe \u00e0 la fermeture","datePublished":"2025-04-04T06:40:09+00:00","dateModified":"2025-04-04T06:33:38+00:00","mainEntityOfPage":{"@id":"https:\/\/vosgesinfo.fr\/epinalinfo\/2025\/04\/gifi-le-magasin-depinal-echappe-a-la-fermeture\/"},"wordCount":228,"commentCount":0,"publisher":{"@id":"https:\/\/vosgesinfo.fr\/epinalinfo\/#organization"},"image":{"@id":"https:\/\/vosgesinfo.fr\/epinalinfo\/2025\/04\/gifi-le-magasin-depinal-echappe-a-la-fermeture\/#primaryimage"},"thumbnailUrl":"https:\/\/vosgesinfo.fr\/app\/uploads\/sites\/3\/2025\/04\/gifi-epinal.jpg","keywords":["entreprise","Epinal","fermeture de magasins","Gifi","vosges"],"articleSection":["A la Une","Epinal"],"inLanguage":"fr-FR","potentialAction":[{"@type":"CommentAction","name":"Comment","target":["https:\/\/vosgesinfo.fr\/epinalinfo\/2025\/04\/gifi-le-magasin-depinal-echappe-a-la-fermeture\/#respond"]}]},{"@type":"WebPage","@id":"https:\/\/vosgesinfo.fr\/epinalinfo\/2025\/04\/gifi-le-magasin-depinal-echappe-a-la-fermeture\/","url":"https:\/\/vosgesinfo.fr\/epinalinfo\/2025\/04\/gifi-le-magasin-depinal-echappe-a-la-fermeture\/","name":"GiFi : Le magasin d\u2019\u00c9pinal \u00e9chappe \u00e0 la fermeture - Epinal Info","isPartOf":{"@id":"https:\/\/vosgesinfo.fr\/epinalinfo\/#website"},"primaryImageOfPage":{"@id":"https:\/\/vosgesinfo.fr\/epinalinfo\/2025\/04\/gifi-le-magasin-depinal-echappe-a-la-fermeture\/#primaryimage"},"image":{"@id":"https:\/\/vosgesinfo.fr\/epinalinfo\/2025\/04\/gifi-le-magasin-depinal-echappe-a-la-fermeture\/#primaryimage"},"thumbnailUrl":"https:\/\/vosgesinfo.fr\/app\/uploads\/sites\/3\/2025\/04\/gifi-epinal.jpg","datePublished":"2025-04-04T06:40:09+00:00","dateModified":"2025-04-04T06:33:38+00:00","breadcrumb":{"@id":"https:\/\/vosgesinfo.fr\/epinalinfo\/2025\/04\/gifi-le-magasin-depinal-echappe-a-la-fermeture\/#breadcrumb"},"inLanguage":"fr-FR","potentialAction":[{"@type":"ReadAction","target":["https:\/\/vosgesinfo.fr\/epinalinfo\/2025\/04\/gifi-le-magasin-depinal-echappe-a-la-fermeture\/"]}]},{"@type":"ImageObject","inLanguage":"fr-FR","@id":"https:\/\/vosgesinfo.fr\/epinalinfo\/2025\/04\/gifi-le-magasin-depinal-echappe-a-la-fermeture\/#primaryimage","url":"https:\/\/vosgesinfo.fr\/app\/uploads\/sites\/3\/2025\/04\/gifi-epinal.jpg","contentUrl":"https:\/\/vosgesinfo.fr\/app\/uploads\/sites\/3\/2025\/04\/gifi-epinal.jpg","width":1070,"height":479,"caption":"photo Google maps"},{"@type":"BreadcrumbList","@id":"https:\/\/vosgesinfo.fr\/epinalinfo\/2025\/04\/gifi-le-magasin-depinal-echappe-a-la-fermeture\/#breadcrumb","itemListElement":[{"@type":"ListItem","position":1,"name":"Home","item":"https:\/\/vosgesinfo.fr\/epinalinfo\/"},{"@type":"ListItem","position":2,"name":"GiFi : Le magasin d\u2019\u00c9pinal \u00e9chappe \u00e0 la fermeture"}]},{"@type":"WebSite","@id":"https:\/\/vosgesinfo.fr\/epinalinfo\/#website","url":"https:\/\/vosgesinfo.fr\/epinalinfo\/","name":"Epinal Info","description":"Toute l&#039;actualit\u00e9 d&#039;\u00c9pinal","publisher":{"@id":"https:\/\/vosgesinfo.fr\/epinalinfo\/#organization"},"alternateName":"Toute l'actualit\u00e9 d'\u00c9pinal","potentialAction":[{"@type":"SearchAction","target":{"@type":"EntryPoint","urlTemplate":"https:\/\/vosgesinfo.fr\/epinalinfo\/?s={search_term_string}"},"query-input":"required name=search_term_string"}],"inLanguage":"fr-FR"},{"@type":"Organization","@id":"https:\/\/vosgesinfo.fr\/epinalinfo\/#organization","name":"Epinal Info","url":"https:\/\/vosgesinfo.fr\/epinalinfo\/","logo":{"@type":"ImageObject","inLanguage":"fr-FR","@id":"https:\/\/vosgesinfo.fr\/epinalinfo\/#\/schema\/logo\/image\/","url":"https:\/\/vosgesinfo.fr\/app\/uploads\/sites\/3\/2023\/08\/logo-epinalinfos.svg","contentUrl":"https:\/\/vosgesinfo.fr\/app\/uploads\/sites\/3\/2023\/08\/logo-epinalinfos.svg","width":1,"height":1,"caption":"Epinal Info"},"image":{"@id":"https:\/\/vosgesinfo.fr\/epinalinfo\/#\/schema\/logo\/image\/"},"sameAs":["https:\/\/www.facebook.com\/Epinalinfos","https:\/\/x.com\/VosgesInfo88","https:\/\/www.youtube.com\/@vosgesinfo"]},{"@type":"Person","@id":"https:\/\/vosgesinfo.fr\/epinalinfo\/#\/schema\/person\/6f9a650eeea99d969b6c4ab78fccbe81","name":"C.K.","image":{"@type":"ImageObject","inLanguage":"fr-FR","@id":"https:\/\/vosgesinfo.fr\/epinalinfo\/#\/schema\/person\/image\/","url":"https:\/\/secure.gravatar.com\/avatar\/48e3fc7f8421ba8942be6b74a2b7f014ca39bc00dece156b7a8e098ae7dc87bf?s=96&d=mm&r=g","contentUrl":"https:\/\/secure.gravatar.com\/avatar\/48e3fc7f8421ba8942be6b74a2b7f014ca39bc00dece156b7a8e098ae7dc87bf?s=96&d=mm&r=g","caption":"C.K."},"url":"https:\/\/vosgesinfo.fr\/epinalinfo\/author\/celia-k-n\/"}]}},"_links":{"self":[{"href":"https:\/\/vosgesinfo.fr\/epinalinfo\/wp-json\/wp\/v2\/posts\/130559","targetHints":{"allow":["GET"]}}],"collection":[{"href":"https:\/\/vosgesinfo.fr\/epinalinfo\/wp-json\/wp\/v2\/posts"}],"about":[{"href":"https:\/\/vosgesinfo.fr\/epinalinfo\/wp-json\/wp\/v2\/types\/post"}],"author":[{"embeddable":true,"href":"https:\/\/vosgesinfo.fr\/epinalinfo\/wp-json\/wp\/v2\/users\/52"}],"replies":[{"embeddable":true,"href":"https:\/\/vosgesinfo.fr\/epinalinfo\/wp-json\/wp\/v2\/comments?post=130559"}],"version-history":[{"count":1,"href":"https:\/\/vosgesinfo.fr\/epinalinfo\/wp-json\/wp\/v2\/posts\/130559\/revisions"}],"predecessor-version":[{"id":130561,"href":"https:\/\/vosgesinfo.fr\/epinalinfo\/wp-json\/wp\/v2\/posts\/130559\/revisions\/130561"}],"wp:featuredmedia":[{"embeddable":true,"href":"https:\/\/vosgesinfo.fr\/epinalinfo\/wp-json\/wp\/v2\/media\/130560"}],"wp:attachment":[{"href":"https:\/\/vosgesinfo.fr\/epinalinfo\/wp-json\/wp\/v2\/media?parent=130559"}],"wp:term":[{"taxonomy":"category","embeddable":true,"href":"https:\/\/vosgesinfo.fr\/epinalinfo\/wp-json\/wp\/v2\/categories?post=130559"},{"taxonomy":"post_tag","embeddable":true,"href":"https:\/\/vosgesinfo.fr\/epinalinfo\/wp-json\/wp\/v2\/tags?post=130559"}],"curies":[{"name":"wp","href":"https:\/\/api.w.org\/{rel}","templated":true}]}}