{"id":130572,"date":"2025-04-04T10:00:25","date_gmt":"2025-04-04T08:00:25","guid":{"rendered":"https:\/\/vosgesinfo.fr\/epinalinfo\/?p=130572"},"modified":"2025-04-04T08:55:59","modified_gmt":"2025-04-04T06:55:59","slug":"forum-des-aidants-a-epinal-le-15-mai-prochain-11-millions-de-personnes-aidantes-en-france-et-vous","status":"publish","type":"post","link":"https:\/\/vosgesinfo.fr\/epinalinfo\/2025\/04\/forum-des-aidants-a-epinal-le-15-mai-prochain-11-millions-de-personnes-aidantes-en-france-et-vous\/","title":{"rendered":"Forum des aidants : \u00c0 \u00c9pinal, le 15 mai prochain : 11 millions de personnes aidantes en France\u2026 et vous ?"},"content":{"rendered":"<h2 data-start=\"486\" data-end=\"929\"><strong><a href=\"https:\/\/vosgesinfo.fr\/app\/uploads\/sites\/3\/2025\/04\/image010.png\"><img decoding=\"async\" class=\"aligncenter size-full wp-image-130573\" src=\"https:\/\/vosgesinfo.fr\/app\/uploads\/sites\/3\/2025\/04\/image010.png\" alt=\"\" width=\"242\" height=\"343\" srcset=\"https:\/\/vosgesinfo.fr\/app\/uploads\/sites\/3\/2025\/04\/image010.png 242w, https:\/\/vosgesinfo.fr\/app\/uploads\/sites\/3\/2025\/04\/image010-212x300.png 212w\" sizes=\"(max-width: 242px) 100vw, 242px\" \/><\/a>Alors que la population fran\u00e7aise vieillit, que les maladies chroniques se multiplient et que l\u2019inclusion des personnes en situation de handicap demeure un d\u00e9fi majeur, les aidants \u2013 ces proches qui accompagnent au quotidien un parent, un enfant, un conjoint ou un ami en perte d\u2019autonomie \u2013 sont devenus les piliers silencieux de notre soci\u00e9t\u00e9. On les estime \u00e0 plus de 11 millions en France. Et vous, \u00eates-vous aidant sans le savoir ?<\/strong><\/h2>\n<p class=\"\" data-start=\"931\" data-end=\"1293\">Pour leur donner la place qu\u2019ils m\u00e9ritent, un Forum d\u00e9partemental des Aidants se tiendra le mercredi 15 mai 2025 au Centre des Congr\u00e8s d\u2019\u00c9pinal, une initiative port\u00e9e par la Ville d\u2019\u00c9pinal, avec le soutien du Conseil d\u00e9partemental des Vosges, de l\u2019ARS Grand-Est, du GCS Sant\u00e9 Mentale Vosges, et de nombreux partenaires locaux engag\u00e9s.<\/p>\n<hr class=\"\" data-start=\"1295\" data-end=\"1298\" \/>\n<h3 class=\"\" data-start=\"1300\" data-end=\"1363\"><strong data-start=\"1304\" data-end=\"1363\">Un rendez-vous pour \u00e9changer, s\u2019informer, se ressourcer<\/strong><\/h3>\n<p class=\"\" data-start=\"1365\" data-end=\"1456\">Cette journ\u00e9e gratuite et ouverte \u00e0 tous propose une s\u00e9rie d\u2019animations et de temps forts :<\/p>\n<p class=\"\" data-start=\"1458\" data-end=\"1624\">\ud83d\udd39 <strong data-start=\"1461\" data-end=\"1506\">Rencontres avec 40 structures partenaires<\/strong> : associations, professionnels de sant\u00e9, organismes de soutien aux aidants, dispositifs de r\u00e9pit, services sociaux&#8230;<\/p>\n<p class=\"\" data-start=\"1626\" data-end=\"1734\">\ud83d\udd39 <strong data-start=\"1629\" data-end=\"1646\">Th\u00e9\u00e2tre Forum<\/strong> : une mani\u00e8re vivante et interactive de partager les r\u00e9alit\u00e9s du quotidien des aidants.<\/p>\n<p class=\"\" data-start=\"1736\" data-end=\"1886\">\ud83d\udd39 <strong data-start=\"1739\" data-end=\"1754\">Table ronde<\/strong> : r\u00e9flexions crois\u00e9es entre aidants, professionnels et institutions pour faire avancer les droits et la reconnaissance des aidants.<\/p>\n<p class=\"\" data-start=\"1888\" data-end=\"2080\">\ud83d\udd39 <strong data-start=\"1891\" data-end=\"1925\">Ateliers pratiques et ludiques<\/strong> : d\u00e9tente, bien-\u00eatre, cr\u00e9ativit\u00e9, mais aussi initiation \u00e0 l\u2019intelligence artificielle, un outil innovant pouvant simplifier certaines t\u00e2ches du quotidien.<\/p>\n<hr class=\"\" data-start=\"2082\" data-end=\"2085\" \/>\n<h3 class=\"\" data-start=\"2087\" data-end=\"2111\"><strong data-start=\"2091\" data-end=\"2111\">Pourquoi venir ?<\/strong><\/h3>\n<p class=\"\" data-start=\"2113\" data-end=\"2314\">Parce qu\u2019\u00eatre aidant ne s\u2019improvise pas, et que l\u2019\u00e9puisement, l\u2019isolement, la m\u00e9connaissance des dispositifs de soutien peuvent mettre en p\u00e9ril l\u2019\u00e9quilibre personnel, familial et professionnel.<\/p>\n<p class=\"\" data-start=\"2316\" data-end=\"2333\">Ce forum vise \u00e0 :<\/p>\n<p class=\"\" data-start=\"2335\" data-end=\"2465\">\u2714 <strong data-start=\"2337\" data-end=\"2378\">Faire conna\u00eetre la notion d\u2019\u00a0\u00bbaidance\u00a0\u00bb<\/strong>, afin que chacun puisse identifier son r\u00f4le d\u2019aidant et acc\u00e9der aux aides disponibles.<\/p>\n<p class=\"\" data-start=\"2467\" data-end=\"2561\">\u2714 <strong data-start=\"2469\" data-end=\"2498\">Lutter contre l\u2019isolement<\/strong>, en cr\u00e9ant un espace de parole, de partage et de convivialit\u00e9.<\/p>\n<p class=\"\" data-start=\"2563\" data-end=\"2672\">\u2714 <strong data-start=\"2565\" data-end=\"2591\">Valoriser l&rsquo;engagement<\/strong> de millions de personnes, souvent invisibles, mais essentielles au tissu social.<\/p>\n<hr class=\"\" data-start=\"2674\" data-end=\"2677\" \/>\n<h3 class=\"\" data-start=\"2679\" data-end=\"2740\"><strong data-start=\"2683\" data-end=\"2740\">Vous \u00eates concern\u00e9(e) ? Venez, ne restez pas seul(e).<\/strong><\/h3>\n<p class=\"\" data-start=\"2742\" data-end=\"2856\">\u00a0<strong data-start=\"2745\" data-end=\"2788\">Rendez-vous le 15 mai 2025, de 9h \u00e0 17h<\/strong>, au <strong data-start=\"2793\" data-end=\"2824\">Centre des Congr\u00e8s d\u2019\u00c9pinal<\/strong>.<br data-start=\"2825\" data-end=\"2828\" \/>Entr\u00e9e libre et gratuite.<\/p>\n<p class=\"\" data-start=\"2858\" data-end=\"2936\">Pour plus d\u2019informations : [ajoutez ici un contact ou un lien utile si besoin]<\/p>\n","protected":false},"excerpt":{"rendered":"<p>Alors que la population fran\u00e7aise vieillit, que les maladies chroniques se multiplient et que l\u2019inclusion des personnes en situation de [&hellip;]<\/p>\n","protected":false},"author":52,"featured_media":130573,"comment_status":"open","ping_status":"open","sticky":false,"template":"","format":"standard","meta":{"footnotes":""},"categories":[22,24],"tags":[70,16405],"class_list":["post-130572","post","type-post","status-publish","format-standard","has-post-thumbnail","hentry","category-a-la-une","category-epinal","tag-epinal","tag-forum-des-aidants"],"acf":[],"yoast_head":"<!-- This site is optimized with the Yoast SEO plugin v22.5 - https:\/\/yoast.com\/wordpress\/plugins\/seo\/ -->\n<title>Forum des aidants : \u00c0 \u00c9pinal, le 15 mai prochain : 11 millions de personnes aidantes en France\u2026 et vous ? - Epinal Info<\/title>\n<meta name=\"robots\" content=\"index, follow, max-snippet:-1, max-image-preview:large, max-video-preview:-1\" \/>\n<link rel=\"canonical\" href=\"https:\/\/vosgesinfo.fr\/epinalinfo\/2025\/04\/forum-des-aidants-a-epinal-le-15-mai-prochain-11-millions-de-personnes-aidantes-en-france-et-vous\/\" \/>\n<meta name=\"twitter:card\" content=\"summary_large_image\" \/>\n<meta name=\"twitter:title\" content=\"Forum des aidants : \u00c0 \u00c9pinal, le 15 mai prochain : 11 millions de personnes aidantes en France\u2026 et vous ? - Epinal Info\" \/>\n<meta name=\"twitter:description\" content=\"Alors que la population fran\u00e7aise vieillit, que les maladies chroniques se multiplient et que l\u2019inclusion des personnes en situation de [&hellip;]\" \/>\n<meta name=\"twitter:image\" content=\"https:\/\/vosgesinfo.fr\/app\/uploads\/sites\/3\/2025\/04\/image010.png\" \/>\n<meta name=\"twitter:creator\" content=\"@VosgesInfo88\" \/>\n<meta name=\"twitter:site\" content=\"@VosgesInfo88\" \/>\n<meta name=\"twitter:label1\" content=\"\u00c9crit par\" \/>\n\t<meta name=\"twitter:data1\" content=\"C.K.\" \/>\n\t<meta name=\"twitter:label2\" content=\"Dur\u00e9e de lecture estim\u00e9e\" \/>\n\t<meta name=\"twitter:data2\" content=\"2 minutes\" \/>\n<script type=\"application\/ld+json\" class=\"yoast-schema-graph\">{\"@context\":\"https:\/\/schema.org\",\"@graph\":[{\"@type\":\"Article\",\"@id\":\"https:\/\/vosgesinfo.fr\/epinalinfo\/2025\/04\/forum-des-aidants-a-epinal-le-15-mai-prochain-11-millions-de-personnes-aidantes-en-france-et-vous\/#article\",\"isPartOf\":{\"@id\":\"https:\/\/vosgesinfo.fr\/epinalinfo\/2025\/04\/forum-des-aidants-a-epinal-le-15-mai-prochain-11-millions-de-personnes-aidantes-en-france-et-vous\/\"},\"author\":{\"name\":\"C.K.\",\"@id\":\"https:\/\/vosgesinfo.fr\/epinalinfo\/#\/schema\/person\/6f9a650eeea99d969b6c4ab78fccbe81\"},\"headline\":\"Forum des aidants : \u00c0 \u00c9pinal, le 15 mai prochain : 11 millions de personnes aidantes en France\u2026 et vous ?\",\"datePublished\":\"2025-04-04T08:00:25+00:00\",\"dateModified\":\"2025-04-04T06:55:59+00:00\",\"mainEntityOfPage\":{\"@id\":\"https:\/\/vosgesinfo.fr\/epinalinfo\/2025\/04\/forum-des-aidants-a-epinal-le-15-mai-prochain-11-millions-de-personnes-aidantes-en-france-et-vous\/\"},\"wordCount\":391,\"commentCount\":0,\"publisher\":{\"@id\":\"https:\/\/vosgesinfo.fr\/epinalinfo\/#organization\"},\"image\":{\"@id\":\"https:\/\/vosgesinfo.fr\/epinalinfo\/2025\/04\/forum-des-aidants-a-epinal-le-15-mai-prochain-11-millions-de-personnes-aidantes-en-france-et-vous\/#primaryimage\"},\"thumbnailUrl\":\"https:\/\/vosgesinfo.fr\/app\/uploads\/sites\/3\/2025\/04\/image010.png\",\"keywords\":[\"Epinal\",\"forum des aidants\"],\"articleSection\":[\"A la Une\",\"Epinal\"],\"inLanguage\":\"fr-FR\",\"potentialAction\":[{\"@type\":\"CommentAction\",\"name\":\"Comment\",\"target\":[\"https:\/\/vosgesinfo.fr\/epinalinfo\/2025\/04\/forum-des-aidants-a-epinal-le-15-mai-prochain-11-millions-de-personnes-aidantes-en-france-et-vous\/#respond\"]}]},{\"@type\":\"WebPage\",\"@id\":\"https:\/\/vosgesinfo.fr\/epinalinfo\/2025\/04\/forum-des-aidants-a-epinal-le-15-mai-prochain-11-millions-de-personnes-aidantes-en-france-et-vous\/\",\"url\":\"https:\/\/vosgesinfo.fr\/epinalinfo\/2025\/04\/forum-des-aidants-a-epinal-le-15-mai-prochain-11-millions-de-personnes-aidantes-en-france-et-vous\/\",\"name\":\"Forum des aidants : \u00c0 \u00c9pinal, le 15 mai prochain : 11 millions de personnes aidantes en France\u2026 et vous ? - Epinal Info\",\"isPartOf\":{\"@id\":\"https:\/\/vosgesinfo.fr\/epinalinfo\/#website\"},\"primaryImageOfPage\":{\"@id\":\"https:\/\/vosgesinfo.fr\/epinalinfo\/2025\/04\/forum-des-aidants-a-epinal-le-15-mai-prochain-11-millions-de-personnes-aidantes-en-france-et-vous\/#primaryimage\"},\"image\":{\"@id\":\"https:\/\/vosgesinfo.fr\/epinalinfo\/2025\/04\/forum-des-aidants-a-epinal-le-15-mai-prochain-11-millions-de-personnes-aidantes-en-france-et-vous\/#primaryimage\"},\"thumbnailUrl\":\"https:\/\/vosgesinfo.fr\/app\/uploads\/sites\/3\/2025\/04\/image010.png\",\"datePublished\":\"2025-04-04T08:00:25+00:00\",\"dateModified\":\"2025-04-04T06:55:59+00:00\",\"breadcrumb\":{\"@id\":\"https:\/\/vosgesinfo.fr\/epinalinfo\/2025\/04\/forum-des-aidants-a-epinal-le-15-mai-prochain-11-millions-de-personnes-aidantes-en-france-et-vous\/#breadcrumb\"},\"inLanguage\":\"fr-FR\",\"potentialAction\":[{\"@type\":\"ReadAction\",\"target\":[\"https:\/\/vosgesinfo.fr\/epinalinfo\/2025\/04\/forum-des-aidants-a-epinal-le-15-mai-prochain-11-millions-de-personnes-aidantes-en-france-et-vous\/\"]}]},{\"@type\":\"ImageObject\",\"inLanguage\":\"fr-FR\",\"@id\":\"https:\/\/vosgesinfo.fr\/epinalinfo\/2025\/04\/forum-des-aidants-a-epinal-le-15-mai-prochain-11-millions-de-personnes-aidantes-en-france-et-vous\/#primaryimage\",\"url\":\"https:\/\/vosgesinfo.fr\/app\/uploads\/sites\/3\/2025\/04\/image010.png\",\"contentUrl\":\"https:\/\/vosgesinfo.fr\/app\/uploads\/sites\/3\/2025\/04\/image010.png\",\"width\":242,\"height\":343},{\"@type\":\"BreadcrumbList\",\"@id\":\"https:\/\/vosgesinfo.fr\/epinalinfo\/2025\/04\/forum-des-aidants-a-epinal-le-15-mai-prochain-11-millions-de-personnes-aidantes-en-france-et-vous\/#breadcrumb\",\"itemListElement\":[{\"@type\":\"ListItem\",\"position\":1,\"name\":\"Home\",\"item\":\"https:\/\/vosgesinfo.fr\/epinalinfo\/\"},{\"@type\":\"ListItem\",\"position\":2,\"name\":\"Forum des aidants : \u00c0 \u00c9pinal, le 15 mai prochain : 11 millions de personnes aidantes en France\u2026 et vous ?\"}]},{\"@type\":\"WebSite\",\"@id\":\"https:\/\/vosgesinfo.fr\/epinalinfo\/#website\",\"url\":\"https:\/\/vosgesinfo.fr\/epinalinfo\/\",\"name\":\"Epinal Info\",\"description\":\"Toute l&#039;actualit\u00e9 d&#039;\u00c9pinal\",\"publisher\":{\"@id\":\"https:\/\/vosgesinfo.fr\/epinalinfo\/#organization\"},\"alternateName\":\"Toute l'actualit\u00e9 d'\u00c9pinal\",\"potentialAction\":[{\"@type\":\"SearchAction\",\"target\":{\"@type\":\"EntryPoint\",\"urlTemplate\":\"https:\/\/vosgesinfo.fr\/epinalinfo\/?s={search_term_string}\"},\"query-input\":\"required name=search_term_string\"}],\"inLanguage\":\"fr-FR\"},{\"@type\":\"Organization\",\"@id\":\"https:\/\/vosgesinfo.fr\/epinalinfo\/#organization\",\"name\":\"Epinal Info\",\"url\":\"https:\/\/vosgesinfo.fr\/epinalinfo\/\",\"logo\":{\"@type\":\"ImageObject\",\"inLanguage\":\"fr-FR\",\"@id\":\"https:\/\/vosgesinfo.fr\/epinalinfo\/#\/schema\/logo\/image\/\",\"url\":\"https:\/\/vosgesinfo.fr\/app\/uploads\/sites\/3\/2023\/08\/logo-epinalinfos.svg\",\"contentUrl\":\"https:\/\/vosgesinfo.fr\/app\/uploads\/sites\/3\/2023\/08\/logo-epinalinfos.svg\",\"width\":1,\"height\":1,\"caption\":\"Epinal Info\"},\"image\":{\"@id\":\"https:\/\/vosgesinfo.fr\/epinalinfo\/#\/schema\/logo\/image\/\"},\"sameAs\":[\"https:\/\/www.facebook.com\/Epinalinfos\",\"https:\/\/x.com\/VosgesInfo88\",\"https:\/\/www.youtube.com\/@vosgesinfo\"]},{\"@type\":\"Person\",\"@id\":\"https:\/\/vosgesinfo.fr\/epinalinfo\/#\/schema\/person\/6f9a650eeea99d969b6c4ab78fccbe81\",\"name\":\"C.K.\",\"image\":{\"@type\":\"ImageObject\",\"inLanguage\":\"fr-FR\",\"@id\":\"https:\/\/vosgesinfo.fr\/epinalinfo\/#\/schema\/person\/image\/\",\"url\":\"https:\/\/secure.gravatar.com\/avatar\/48e3fc7f8421ba8942be6b74a2b7f014ca39bc00dece156b7a8e098ae7dc87bf?s=96&d=mm&r=g\",\"contentUrl\":\"https:\/\/secure.gravatar.com\/avatar\/48e3fc7f8421ba8942be6b74a2b7f014ca39bc00dece156b7a8e098ae7dc87bf?s=96&d=mm&r=g\",\"caption\":\"C.K.\"},\"url\":\"https:\/\/vosgesinfo.fr\/epinalinfo\/author\/celia-k-n\/\"}]}<\/script>\n<!-- \/ Yoast SEO plugin. -->","yoast_head_json":{"title":"Forum des aidants : \u00c0 \u00c9pinal, le 15 mai prochain : 11 millions de personnes aidantes en France\u2026 et vous ? - Epinal Info","robots":{"index":"index","follow":"follow","max-snippet":"max-snippet:-1","max-image-preview":"max-image-preview:large","max-video-preview":"max-video-preview:-1"},"canonical":"https:\/\/vosgesinfo.fr\/epinalinfo\/2025\/04\/forum-des-aidants-a-epinal-le-15-mai-prochain-11-millions-de-personnes-aidantes-en-france-et-vous\/","twitter_card":"summary_large_image","twitter_title":"Forum des aidants : \u00c0 \u00c9pinal, le 15 mai prochain : 11 millions de personnes aidantes en France\u2026 et vous ? - Epinal Info","twitter_description":"Alors que la population fran\u00e7aise vieillit, que les maladies chroniques se multiplient et que l\u2019inclusion des personnes en situation de [&hellip;]","twitter_image":"https:\/\/vosgesinfo.fr\/app\/uploads\/sites\/3\/2025\/04\/image010.png","twitter_creator":"@VosgesInfo88","twitter_site":"@VosgesInfo88","twitter_misc":{"\u00c9crit par":"C.K.","Dur\u00e9e de lecture estim\u00e9e":"2 minutes"},"schema":{"@context":"https:\/\/schema.org","@graph":[{"@type":"Article","@id":"https:\/\/vosgesinfo.fr\/epinalinfo\/2025\/04\/forum-des-aidants-a-epinal-le-15-mai-prochain-11-millions-de-personnes-aidantes-en-france-et-vous\/#article","isPartOf":{"@id":"https:\/\/vosgesinfo.fr\/epinalinfo\/2025\/04\/forum-des-aidants-a-epinal-le-15-mai-prochain-11-millions-de-personnes-aidantes-en-france-et-vous\/"},"author":{"name":"C.K.","@id":"https:\/\/vosgesinfo.fr\/epinalinfo\/#\/schema\/person\/6f9a650eeea99d969b6c4ab78fccbe81"},"headline":"Forum des aidants : \u00c0 \u00c9pinal, le 15 mai prochain : 11 millions de personnes aidantes en France\u2026 et vous ?","datePublished":"2025-04-04T08:00:25+00:00","dateModified":"2025-04-04T06:55:59+00:00","mainEntityOfPage":{"@id":"https:\/\/vosgesinfo.fr\/epinalinfo\/2025\/04\/forum-des-aidants-a-epinal-le-15-mai-prochain-11-millions-de-personnes-aidantes-en-france-et-vous\/"},"wordCount":391,"commentCount":0,"publisher":{"@id":"https:\/\/vosgesinfo.fr\/epinalinfo\/#organization"},"image":{"@id":"https:\/\/vosgesinfo.fr\/epinalinfo\/2025\/04\/forum-des-aidants-a-epinal-le-15-mai-prochain-11-millions-de-personnes-aidantes-en-france-et-vous\/#primaryimage"},"thumbnailUrl":"https:\/\/vosgesinfo.fr\/app\/uploads\/sites\/3\/2025\/04\/image010.png","keywords":["Epinal","forum des aidants"],"articleSection":["A la Une","Epinal"],"inLanguage":"fr-FR","potentialAction":[{"@type":"CommentAction","name":"Comment","target":["https:\/\/vosgesinfo.fr\/epinalinfo\/2025\/04\/forum-des-aidants-a-epinal-le-15-mai-prochain-11-millions-de-personnes-aidantes-en-france-et-vous\/#respond"]}]},{"@type":"WebPage","@id":"https:\/\/vosgesinfo.fr\/epinalinfo\/2025\/04\/forum-des-aidants-a-epinal-le-15-mai-prochain-11-millions-de-personnes-aidantes-en-france-et-vous\/","url":"https:\/\/vosgesinfo.fr\/epinalinfo\/2025\/04\/forum-des-aidants-a-epinal-le-15-mai-prochain-11-millions-de-personnes-aidantes-en-france-et-vous\/","name":"Forum des aidants : \u00c0 \u00c9pinal, le 15 mai prochain : 11 millions de personnes aidantes en France\u2026 et vous ? - Epinal Info","isPartOf":{"@id":"https:\/\/vosgesinfo.fr\/epinalinfo\/#website"},"primaryImageOfPage":{"@id":"https:\/\/vosgesinfo.fr\/epinalinfo\/2025\/04\/forum-des-aidants-a-epinal-le-15-mai-prochain-11-millions-de-personnes-aidantes-en-france-et-vous\/#primaryimage"},"image":{"@id":"https:\/\/vosgesinfo.fr\/epinalinfo\/2025\/04\/forum-des-aidants-a-epinal-le-15-mai-prochain-11-millions-de-personnes-aidantes-en-france-et-vous\/#primaryimage"},"thumbnailUrl":"https:\/\/vosgesinfo.fr\/app\/uploads\/sites\/3\/2025\/04\/image010.png","datePublished":"2025-04-04T08:00:25+00:00","dateModified":"2025-04-04T06:55:59+00:00","breadcrumb":{"@id":"https:\/\/vosgesinfo.fr\/epinalinfo\/2025\/04\/forum-des-aidants-a-epinal-le-15-mai-prochain-11-millions-de-personnes-aidantes-en-france-et-vous\/#breadcrumb"},"inLanguage":"fr-FR","potentialAction":[{"@type":"ReadAction","target":["https:\/\/vosgesinfo.fr\/epinalinfo\/2025\/04\/forum-des-aidants-a-epinal-le-15-mai-prochain-11-millions-de-personnes-aidantes-en-france-et-vous\/"]}]},{"@type":"ImageObject","inLanguage":"fr-FR","@id":"https:\/\/vosgesinfo.fr\/epinalinfo\/2025\/04\/forum-des-aidants-a-epinal-le-15-mai-prochain-11-millions-de-personnes-aidantes-en-france-et-vous\/#primaryimage","url":"https:\/\/vosgesinfo.fr\/app\/uploads\/sites\/3\/2025\/04\/image010.png","contentUrl":"https:\/\/vosgesinfo.fr\/app\/uploads\/sites\/3\/2025\/04\/image010.png","width":242,"height":343},{"@type":"BreadcrumbList","@id":"https:\/\/vosgesinfo.fr\/epinalinfo\/2025\/04\/forum-des-aidants-a-epinal-le-15-mai-prochain-11-millions-de-personnes-aidantes-en-france-et-vous\/#breadcrumb","itemListElement":[{"@type":"ListItem","position":1,"name":"Home","item":"https:\/\/vosgesinfo.fr\/epinalinfo\/"},{"@type":"ListItem","position":2,"name":"Forum des aidants : \u00c0 \u00c9pinal, le 15 mai prochain : 11 millions de personnes aidantes en France\u2026 et vous ?"}]},{"@type":"WebSite","@id":"https:\/\/vosgesinfo.fr\/epinalinfo\/#website","url":"https:\/\/vosgesinfo.fr\/epinalinfo\/","name":"Epinal Info","description":"Toute l&#039;actualit\u00e9 d&#039;\u00c9pinal","publisher":{"@id":"https:\/\/vosgesinfo.fr\/epinalinfo\/#organization"},"alternateName":"Toute l'actualit\u00e9 d'\u00c9pinal","potentialAction":[{"@type":"SearchAction","target":{"@type":"EntryPoint","urlTemplate":"https:\/\/vosgesinfo.fr\/epinalinfo\/?s={search_term_string}"},"query-input":"required name=search_term_string"}],"inLanguage":"fr-FR"},{"@type":"Organization","@id":"https:\/\/vosgesinfo.fr\/epinalinfo\/#organization","name":"Epinal Info","url":"https:\/\/vosgesinfo.fr\/epinalinfo\/","logo":{"@type":"ImageObject","inLanguage":"fr-FR","@id":"https:\/\/vosgesinfo.fr\/epinalinfo\/#\/schema\/logo\/image\/","url":"https:\/\/vosgesinfo.fr\/app\/uploads\/sites\/3\/2023\/08\/logo-epinalinfos.svg","contentUrl":"https:\/\/vosgesinfo.fr\/app\/uploads\/sites\/3\/2023\/08\/logo-epinalinfos.svg","width":1,"height":1,"caption":"Epinal Info"},"image":{"@id":"https:\/\/vosgesinfo.fr\/epinalinfo\/#\/schema\/logo\/image\/"},"sameAs":["https:\/\/www.facebook.com\/Epinalinfos","https:\/\/x.com\/VosgesInfo88","https:\/\/www.youtube.com\/@vosgesinfo"]},{"@type":"Person","@id":"https:\/\/vosgesinfo.fr\/epinalinfo\/#\/schema\/person\/6f9a650eeea99d969b6c4ab78fccbe81","name":"C.K.","image":{"@type":"ImageObject","inLanguage":"fr-FR","@id":"https:\/\/vosgesinfo.fr\/epinalinfo\/#\/schema\/person\/image\/","url":"https:\/\/secure.gravatar.com\/avatar\/48e3fc7f8421ba8942be6b74a2b7f014ca39bc00dece156b7a8e098ae7dc87bf?s=96&d=mm&r=g","contentUrl":"https:\/\/secure.gravatar.com\/avatar\/48e3fc7f8421ba8942be6b74a2b7f014ca39bc00dece156b7a8e098ae7dc87bf?s=96&d=mm&r=g","caption":"C.K."},"url":"https:\/\/vosgesinfo.fr\/epinalinfo\/author\/celia-k-n\/"}]}},"_links":{"self":[{"href":"https:\/\/vosgesinfo.fr\/epinalinfo\/wp-json\/wp\/v2\/posts\/130572","targetHints":{"allow":["GET"]}}],"collection":[{"href":"https:\/\/vosgesinfo.fr\/epinalinfo\/wp-json\/wp\/v2\/posts"}],"about":[{"href":"https:\/\/vosgesinfo.fr\/epinalinfo\/wp-json\/wp\/v2\/types\/post"}],"author":[{"embeddable":true,"href":"https:\/\/vosgesinfo.fr\/epinalinfo\/wp-json\/wp\/v2\/users\/52"}],"replies":[{"embeddable":true,"href":"https:\/\/vosgesinfo.fr\/epinalinfo\/wp-json\/wp\/v2\/comments?post=130572"}],"version-history":[{"count":1,"href":"https:\/\/vosgesinfo.fr\/epinalinfo\/wp-json\/wp\/v2\/posts\/130572\/revisions"}],"predecessor-version":[{"id":130574,"href":"https:\/\/vosgesinfo.fr\/epinalinfo\/wp-json\/wp\/v2\/posts\/130572\/revisions\/130574"}],"wp:featuredmedia":[{"embeddable":true,"href":"https:\/\/vosgesinfo.fr\/epinalinfo\/wp-json\/wp\/v2\/media\/130573"}],"wp:attachment":[{"href":"https:\/\/vosgesinfo.fr\/epinalinfo\/wp-json\/wp\/v2\/media?parent=130572"}],"wp:term":[{"taxonomy":"category","embeddable":true,"href":"https:\/\/vosgesinfo.fr\/epinalinfo\/wp-json\/wp\/v2\/categories?post=130572"},{"taxonomy":"post_tag","embeddable":true,"href":"https:\/\/vosgesinfo.fr\/epinalinfo\/wp-json\/wp\/v2\/tags?post=130572"}],"curies":[{"name":"wp","href":"https:\/\/api.w.org\/{rel}","templated":true}]}}