{"id":130577,"date":"2025-04-04T09:35:13","date_gmt":"2025-04-04T07:35:13","guid":{"rendered":"https:\/\/vosgesinfo.fr\/epinalinfo\/?p=130577"},"modified":"2025-04-04T09:26:49","modified_gmt":"2025-04-04T07:26:49","slug":"une-nouvelle-direction-pour-rues-cies","status":"publish","type":"post","link":"https:\/\/vosgesinfo.fr\/epinalinfo\/2025\/04\/une-nouvelle-direction-pour-rues-cies\/","title":{"rendered":"Une nouvelle direction pour Rues &#038; Cies"},"content":{"rendered":"<div id=\"attachment_42545\" style=\"width: 2570px\" class=\"wp-caption aligncenter\"><a href=\"https:\/\/vosgesinfo.fr\/app\/uploads\/sites\/3\/2024\/06\/ruescie-93-scaled.jpg\"><img decoding=\"async\" aria-describedby=\"caption-attachment-42545\" class=\"size-full wp-image-42545\" src=\"https:\/\/vosgesinfo.fr\/app\/uploads\/sites\/3\/2024\/06\/ruescie-93-scaled.jpg\" alt=\"\" width=\"2560\" height=\"1709\" srcset=\"https:\/\/vosgesinfo.fr\/app\/uploads\/sites\/3\/2024\/06\/ruescie-93-scaled.jpg 2560w, https:\/\/vosgesinfo.fr\/app\/uploads\/sites\/3\/2024\/06\/ruescie-93-300x200.jpg 300w, https:\/\/vosgesinfo.fr\/app\/uploads\/sites\/3\/2024\/06\/ruescie-93-1024x683.jpg 1024w, https:\/\/vosgesinfo.fr\/app\/uploads\/sites\/3\/2024\/06\/ruescie-93-768x513.jpg 768w, https:\/\/vosgesinfo.fr\/app\/uploads\/sites\/3\/2024\/06\/ruescie-93-1536x1025.jpg 1536w, https:\/\/vosgesinfo.fr\/app\/uploads\/sites\/3\/2024\/06\/ruescie-93-2048x1367.jpg 2048w\" sizes=\"(max-width: 2560px) 100vw, 2560px\" \/><\/a><p id=\"caption-attachment-42545\" class=\"wp-caption-text\">photo d&rsquo;archive PBP-PHOTOGRAPHIE<\/p><\/div>\n<h2><strong>L\u2019embl\u00e9matique rendez-vous spinalien Rues &amp; Cies se renouvelle cette ann\u00e9e avec l\u2019arriv\u00e9e \u00e0 la <\/strong><strong>t\u00eate du festival de Fr\u00e9d\u00e9ric Flusin et Nicolas Sion, artistes et metteurs en sc\u00e8ne de la compagnie <\/strong><strong>professionnelle l\u2019\u00c9tincelle ProD.<\/strong><\/h2>\n<p>En l\u2019espace de quatre d\u00e9cennies, Rues &amp; Cies, plus ancien festival de spectacles de rue de France, s\u2019est impos\u00e9 comme un rendez-vous incontournable de la vie culturelle r\u00e9gionale.<\/p>\n<p>Apr\u00e8s 41 \u00e9ditions d\u2019une formule qui a su conqu\u00e9rir le grand public amateur des arts de la rue, la Ville d\u2019\u00c9pinal a souhait\u00e9 poser les bases d\u2019une nouvelle version de la manifestation, toujours centr\u00e9e sur les arts de la rue, mais renouvel\u00e9e dans son esprit comme dans sa structuration. C\u2019est pourquoi, apr\u00e8s consultation publique, elle en a confi\u00e9 la direction artistique \u00e0 la compagnie spinalienne l\u2019\u00c9tincelle ProD, repr\u00e9sent\u00e9e par le duo form\u00e9 par Nicolas Sion, com\u00e9dien et musicien, et Fr\u00e9d\u00e9ric Flusin, com\u00e9dien et metteur en sc\u00e8ne.<\/p>\n<p>La nouvelle \u00e9quipe est d\u00e9j\u00e0 au travail pour proposer, en un temps record, une \u00e9dition 2025 qui se tiendra les 14 &amp; 15 juin prochains. Dans l\u2019objectif d\u2019offrir un \u00e9v\u00e8nement \u00e0 la fois festif, ludique, participatif et toujours gratuit, elle conservera la recette qui a fait la renomm\u00e9e de l\u2019\u00e9v\u00e9nement en m\u00ealant th\u00e9\u00e2tre, com\u00e9die, acrobatie, jonglage, art clownesque, musique et fanfares, spectacle de pyrotechnie et elle y ajoutera sa patte avec un lot de nouveaut\u00e9s.<\/p>\n<p>Parmi celles-ci, les artistes et leur public se retrouveront dans un village du festival, situ\u00e9 derri\u00e8re le palais de Justice, qui les accueillera y compris en dehors des spectacles. Ce m\u00eame lieu accueillera \u00e9galement des fanfares pour un rendez-vous insolite, arbitr\u00e9 par Olivier Tuaillon, compositeur et arrangeur. Enfin, durant les semaines pr\u00e9c\u00e9dant l\u2019\u00e9v\u00e9nement, des ateliers artistiques seront ouverts \u00e0 tous avec une attention particuli\u00e8re port\u00e9e \u00e0 l\u2019implication des acteurs locaux : associations, centres sociaux, MJC et \u00e9tudiants de l\u2019\u00c9cole sup\u00e9rieure d\u2019art de Lorraine.<\/p>\n<p>Au-del\u00e0 de la qualit\u00e9 et de la vari\u00e9t\u00e9 des spectacles programm\u00e9s, le festival, recentr\u00e9 en vieille ville, proposera un univers esth\u00e9tique, th\u00e9\u00e2tralis\u00e9 et sc\u00e9nographi\u00e9, au travers d\u2019une d\u00e9coration originale con\u00e7ue avec des installations plastiques et po\u00e9tiques cr\u00e9\u00e9s par la Compagnie l\u2019Etincelle ProD, en lien avec l\u2019artiste Clair Arthur, peintre, illustrateur et auteur.<\/p>\n","protected":false},"excerpt":{"rendered":"<p>L\u2019embl\u00e9matique rendez-vous spinalien Rues &amp; Cies se renouvelle cette ann\u00e9e avec l\u2019arriv\u00e9e \u00e0 la t\u00eate du festival de Fr\u00e9d\u00e9ric Flusin [&hellip;]<\/p>\n","protected":false},"author":41,"featured_media":42545,"comment_status":"open","ping_status":"open","sticky":false,"template":"","format":"standard","meta":{"footnotes":""},"categories":[22,24],"tags":[70,16407,7663],"class_list":["post-130577","post","type-post","status-publish","format-standard","has-post-thumbnail","hentry","category-a-la-une","category-epinal","tag-epinal","tag-nouvelle-direction","tag-rues-cies"],"acf":[],"yoast_head":"<!-- This site is optimized with the Yoast SEO plugin v22.5 - https:\/\/yoast.com\/wordpress\/plugins\/seo\/ -->\n<title>Une nouvelle direction pour Rues &amp; Cies - Epinal Info<\/title>\n<meta name=\"robots\" content=\"index, follow, max-snippet:-1, max-image-preview:large, max-video-preview:-1\" \/>\n<link rel=\"canonical\" href=\"https:\/\/vosgesinfo.fr\/epinalinfo\/2025\/04\/une-nouvelle-direction-pour-rues-cies\/\" \/>\n<meta name=\"twitter:card\" content=\"summary_large_image\" \/>\n<meta name=\"twitter:title\" content=\"Une nouvelle direction pour Rues &amp; Cies - Epinal Info\" \/>\n<meta name=\"twitter:description\" content=\"L\u2019embl\u00e9matique rendez-vous spinalien Rues &amp; Cies se renouvelle cette ann\u00e9e avec l\u2019arriv\u00e9e \u00e0 la t\u00eate du festival de Fr\u00e9d\u00e9ric Flusin [&hellip;]\" \/>\n<meta name=\"twitter:image\" content=\"https:\/\/vosgesinfo.fr\/app\/uploads\/sites\/3\/2024\/06\/ruescie-93-scaled.jpg\" \/>\n<meta name=\"twitter:creator\" content=\"@VosgesInfo88\" \/>\n<meta name=\"twitter:site\" content=\"@VosgesInfo88\" \/>\n<meta name=\"twitter:label1\" content=\"\u00c9crit par\" \/>\n\t<meta name=\"twitter:data1\" content=\"La r\u00e9daction\" \/>\n\t<meta name=\"twitter:label2\" content=\"Dur\u00e9e de lecture estim\u00e9e\" \/>\n\t<meta name=\"twitter:data2\" content=\"2 minutes\" \/>\n<script type=\"application\/ld+json\" class=\"yoast-schema-graph\">{\"@context\":\"https:\/\/schema.org\",\"@graph\":[{\"@type\":\"Article\",\"@id\":\"https:\/\/vosgesinfo.fr\/epinalinfo\/2025\/04\/une-nouvelle-direction-pour-rues-cies\/#article\",\"isPartOf\":{\"@id\":\"https:\/\/vosgesinfo.fr\/epinalinfo\/2025\/04\/une-nouvelle-direction-pour-rues-cies\/\"},\"author\":{\"name\":\"La r\u00e9daction\",\"@id\":\"https:\/\/vosgesinfo.fr\/epinalinfo\/#\/schema\/person\/44f5fff67d0ae31d2770e1f7555c711d\"},\"headline\":\"Une nouvelle direction pour Rues &#038; Cies\",\"datePublished\":\"2025-04-04T07:35:13+00:00\",\"dateModified\":\"2025-04-04T07:26:49+00:00\",\"mainEntityOfPage\":{\"@id\":\"https:\/\/vosgesinfo.fr\/epinalinfo\/2025\/04\/une-nouvelle-direction-pour-rues-cies\/\"},\"wordCount\":431,\"commentCount\":0,\"publisher\":{\"@id\":\"https:\/\/vosgesinfo.fr\/epinalinfo\/#organization\"},\"image\":{\"@id\":\"https:\/\/vosgesinfo.fr\/epinalinfo\/2025\/04\/une-nouvelle-direction-pour-rues-cies\/#primaryimage\"},\"thumbnailUrl\":\"https:\/\/vosgesinfo.fr\/app\/uploads\/sites\/3\/2024\/06\/ruescie-93-scaled.jpg\",\"keywords\":[\"Epinal\",\"nouvelle direction\",\"Rues &amp; Cies\"],\"articleSection\":[\"A la Une\",\"Epinal\"],\"inLanguage\":\"fr-FR\",\"potentialAction\":[{\"@type\":\"CommentAction\",\"name\":\"Comment\",\"target\":[\"https:\/\/vosgesinfo.fr\/epinalinfo\/2025\/04\/une-nouvelle-direction-pour-rues-cies\/#respond\"]}]},{\"@type\":\"WebPage\",\"@id\":\"https:\/\/vosgesinfo.fr\/epinalinfo\/2025\/04\/une-nouvelle-direction-pour-rues-cies\/\",\"url\":\"https:\/\/vosgesinfo.fr\/epinalinfo\/2025\/04\/une-nouvelle-direction-pour-rues-cies\/\",\"name\":\"Une nouvelle direction pour Rues & Cies - Epinal Info\",\"isPartOf\":{\"@id\":\"https:\/\/vosgesinfo.fr\/epinalinfo\/#website\"},\"primaryImageOfPage\":{\"@id\":\"https:\/\/vosgesinfo.fr\/epinalinfo\/2025\/04\/une-nouvelle-direction-pour-rues-cies\/#primaryimage\"},\"image\":{\"@id\":\"https:\/\/vosgesinfo.fr\/epinalinfo\/2025\/04\/une-nouvelle-direction-pour-rues-cies\/#primaryimage\"},\"thumbnailUrl\":\"https:\/\/vosgesinfo.fr\/app\/uploads\/sites\/3\/2024\/06\/ruescie-93-scaled.jpg\",\"datePublished\":\"2025-04-04T07:35:13+00:00\",\"dateModified\":\"2025-04-04T07:26:49+00:00\",\"breadcrumb\":{\"@id\":\"https:\/\/vosgesinfo.fr\/epinalinfo\/2025\/04\/une-nouvelle-direction-pour-rues-cies\/#breadcrumb\"},\"inLanguage\":\"fr-FR\",\"potentialAction\":[{\"@type\":\"ReadAction\",\"target\":[\"https:\/\/vosgesinfo.fr\/epinalinfo\/2025\/04\/une-nouvelle-direction-pour-rues-cies\/\"]}]},{\"@type\":\"ImageObject\",\"inLanguage\":\"fr-FR\",\"@id\":\"https:\/\/vosgesinfo.fr\/epinalinfo\/2025\/04\/une-nouvelle-direction-pour-rues-cies\/#primaryimage\",\"url\":\"https:\/\/vosgesinfo.fr\/app\/uploads\/sites\/3\/2024\/06\/ruescie-93-scaled.jpg\",\"contentUrl\":\"https:\/\/vosgesinfo.fr\/app\/uploads\/sites\/3\/2024\/06\/ruescie-93-scaled.jpg\",\"width\":2560,\"height\":1709,\"caption\":\"photo d'archive PBP-PHOTOGRAPHIE\"},{\"@type\":\"BreadcrumbList\",\"@id\":\"https:\/\/vosgesinfo.fr\/epinalinfo\/2025\/04\/une-nouvelle-direction-pour-rues-cies\/#breadcrumb\",\"itemListElement\":[{\"@type\":\"ListItem\",\"position\":1,\"name\":\"Home\",\"item\":\"https:\/\/vosgesinfo.fr\/epinalinfo\/\"},{\"@type\":\"ListItem\",\"position\":2,\"name\":\"Une nouvelle direction pour Rues &#038; Cies\"}]},{\"@type\":\"WebSite\",\"@id\":\"https:\/\/vosgesinfo.fr\/epinalinfo\/#website\",\"url\":\"https:\/\/vosgesinfo.fr\/epinalinfo\/\",\"name\":\"Epinal Info\",\"description\":\"Toute l&#039;actualit\u00e9 d&#039;\u00c9pinal\",\"publisher\":{\"@id\":\"https:\/\/vosgesinfo.fr\/epinalinfo\/#organization\"},\"alternateName\":\"Toute l'actualit\u00e9 d'\u00c9pinal\",\"potentialAction\":[{\"@type\":\"SearchAction\",\"target\":{\"@type\":\"EntryPoint\",\"urlTemplate\":\"https:\/\/vosgesinfo.fr\/epinalinfo\/?s={search_term_string}\"},\"query-input\":\"required name=search_term_string\"}],\"inLanguage\":\"fr-FR\"},{\"@type\":\"Organization\",\"@id\":\"https:\/\/vosgesinfo.fr\/epinalinfo\/#organization\",\"name\":\"Epinal Info\",\"url\":\"https:\/\/vosgesinfo.fr\/epinalinfo\/\",\"logo\":{\"@type\":\"ImageObject\",\"inLanguage\":\"fr-FR\",\"@id\":\"https:\/\/vosgesinfo.fr\/epinalinfo\/#\/schema\/logo\/image\/\",\"url\":\"https:\/\/vosgesinfo.fr\/app\/uploads\/sites\/3\/2023\/08\/logo-epinalinfos.svg\",\"contentUrl\":\"https:\/\/vosgesinfo.fr\/app\/uploads\/sites\/3\/2023\/08\/logo-epinalinfos.svg\",\"width\":1,\"height\":1,\"caption\":\"Epinal Info\"},\"image\":{\"@id\":\"https:\/\/vosgesinfo.fr\/epinalinfo\/#\/schema\/logo\/image\/\"},\"sameAs\":[\"https:\/\/www.facebook.com\/Epinalinfos\",\"https:\/\/x.com\/VosgesInfo88\",\"https:\/\/www.youtube.com\/@vosgesinfo\"]},{\"@type\":\"Person\",\"@id\":\"https:\/\/vosgesinfo.fr\/epinalinfo\/#\/schema\/person\/44f5fff67d0ae31d2770e1f7555c711d\",\"name\":\"La r\u00e9daction\",\"image\":{\"@type\":\"ImageObject\",\"inLanguage\":\"fr-FR\",\"@id\":\"https:\/\/vosgesinfo.fr\/epinalinfo\/#\/schema\/person\/image\/\",\"url\":\"https:\/\/secure.gravatar.com\/avatar\/16dedd2578b2ae59b9a3a38f046defecb4cf834aaec7bb1d03d9ba6b5e55a8d5?s=96&d=mm&r=g\",\"contentUrl\":\"https:\/\/secure.gravatar.com\/avatar\/16dedd2578b2ae59b9a3a38f046defecb4cf834aaec7bb1d03d9ba6b5e55a8d5?s=96&d=mm&r=g\",\"caption\":\"La r\u00e9daction\"},\"url\":\"https:\/\/vosgesinfo.fr\/epinalinfo\/author\/poupy\/\"}]}<\/script>\n<!-- \/ Yoast SEO plugin. -->","yoast_head_json":{"title":"Une nouvelle direction pour Rues & Cies - Epinal Info","robots":{"index":"index","follow":"follow","max-snippet":"max-snippet:-1","max-image-preview":"max-image-preview:large","max-video-preview":"max-video-preview:-1"},"canonical":"https:\/\/vosgesinfo.fr\/epinalinfo\/2025\/04\/une-nouvelle-direction-pour-rues-cies\/","twitter_card":"summary_large_image","twitter_title":"Une nouvelle direction pour Rues & Cies - Epinal Info","twitter_description":"L\u2019embl\u00e9matique rendez-vous spinalien Rues &amp; Cies se renouvelle cette ann\u00e9e avec l\u2019arriv\u00e9e \u00e0 la t\u00eate du festival de Fr\u00e9d\u00e9ric Flusin [&hellip;]","twitter_image":"https:\/\/vosgesinfo.fr\/app\/uploads\/sites\/3\/2024\/06\/ruescie-93-scaled.jpg","twitter_creator":"@VosgesInfo88","twitter_site":"@VosgesInfo88","twitter_misc":{"\u00c9crit par":"La r\u00e9daction","Dur\u00e9e de lecture estim\u00e9e":"2 minutes"},"schema":{"@context":"https:\/\/schema.org","@graph":[{"@type":"Article","@id":"https:\/\/vosgesinfo.fr\/epinalinfo\/2025\/04\/une-nouvelle-direction-pour-rues-cies\/#article","isPartOf":{"@id":"https:\/\/vosgesinfo.fr\/epinalinfo\/2025\/04\/une-nouvelle-direction-pour-rues-cies\/"},"author":{"name":"La r\u00e9daction","@id":"https:\/\/vosgesinfo.fr\/epinalinfo\/#\/schema\/person\/44f5fff67d0ae31d2770e1f7555c711d"},"headline":"Une nouvelle direction pour Rues &#038; Cies","datePublished":"2025-04-04T07:35:13+00:00","dateModified":"2025-04-04T07:26:49+00:00","mainEntityOfPage":{"@id":"https:\/\/vosgesinfo.fr\/epinalinfo\/2025\/04\/une-nouvelle-direction-pour-rues-cies\/"},"wordCount":431,"commentCount":0,"publisher":{"@id":"https:\/\/vosgesinfo.fr\/epinalinfo\/#organization"},"image":{"@id":"https:\/\/vosgesinfo.fr\/epinalinfo\/2025\/04\/une-nouvelle-direction-pour-rues-cies\/#primaryimage"},"thumbnailUrl":"https:\/\/vosgesinfo.fr\/app\/uploads\/sites\/3\/2024\/06\/ruescie-93-scaled.jpg","keywords":["Epinal","nouvelle direction","Rues &amp; Cies"],"articleSection":["A la Une","Epinal"],"inLanguage":"fr-FR","potentialAction":[{"@type":"CommentAction","name":"Comment","target":["https:\/\/vosgesinfo.fr\/epinalinfo\/2025\/04\/une-nouvelle-direction-pour-rues-cies\/#respond"]}]},{"@type":"WebPage","@id":"https:\/\/vosgesinfo.fr\/epinalinfo\/2025\/04\/une-nouvelle-direction-pour-rues-cies\/","url":"https:\/\/vosgesinfo.fr\/epinalinfo\/2025\/04\/une-nouvelle-direction-pour-rues-cies\/","name":"Une nouvelle direction pour Rues & Cies - Epinal Info","isPartOf":{"@id":"https:\/\/vosgesinfo.fr\/epinalinfo\/#website"},"primaryImageOfPage":{"@id":"https:\/\/vosgesinfo.fr\/epinalinfo\/2025\/04\/une-nouvelle-direction-pour-rues-cies\/#primaryimage"},"image":{"@id":"https:\/\/vosgesinfo.fr\/epinalinfo\/2025\/04\/une-nouvelle-direction-pour-rues-cies\/#primaryimage"},"thumbnailUrl":"https:\/\/vosgesinfo.fr\/app\/uploads\/sites\/3\/2024\/06\/ruescie-93-scaled.jpg","datePublished":"2025-04-04T07:35:13+00:00","dateModified":"2025-04-04T07:26:49+00:00","breadcrumb":{"@id":"https:\/\/vosgesinfo.fr\/epinalinfo\/2025\/04\/une-nouvelle-direction-pour-rues-cies\/#breadcrumb"},"inLanguage":"fr-FR","potentialAction":[{"@type":"ReadAction","target":["https:\/\/vosgesinfo.fr\/epinalinfo\/2025\/04\/une-nouvelle-direction-pour-rues-cies\/"]}]},{"@type":"ImageObject","inLanguage":"fr-FR","@id":"https:\/\/vosgesinfo.fr\/epinalinfo\/2025\/04\/une-nouvelle-direction-pour-rues-cies\/#primaryimage","url":"https:\/\/vosgesinfo.fr\/app\/uploads\/sites\/3\/2024\/06\/ruescie-93-scaled.jpg","contentUrl":"https:\/\/vosgesinfo.fr\/app\/uploads\/sites\/3\/2024\/06\/ruescie-93-scaled.jpg","width":2560,"height":1709,"caption":"photo d'archive PBP-PHOTOGRAPHIE"},{"@type":"BreadcrumbList","@id":"https:\/\/vosgesinfo.fr\/epinalinfo\/2025\/04\/une-nouvelle-direction-pour-rues-cies\/#breadcrumb","itemListElement":[{"@type":"ListItem","position":1,"name":"Home","item":"https:\/\/vosgesinfo.fr\/epinalinfo\/"},{"@type":"ListItem","position":2,"name":"Une nouvelle direction pour Rues &#038; Cies"}]},{"@type":"WebSite","@id":"https:\/\/vosgesinfo.fr\/epinalinfo\/#website","url":"https:\/\/vosgesinfo.fr\/epinalinfo\/","name":"Epinal Info","description":"Toute l&#039;actualit\u00e9 d&#039;\u00c9pinal","publisher":{"@id":"https:\/\/vosgesinfo.fr\/epinalinfo\/#organization"},"alternateName":"Toute l'actualit\u00e9 d'\u00c9pinal","potentialAction":[{"@type":"SearchAction","target":{"@type":"EntryPoint","urlTemplate":"https:\/\/vosgesinfo.fr\/epinalinfo\/?s={search_term_string}"},"query-input":"required name=search_term_string"}],"inLanguage":"fr-FR"},{"@type":"Organization","@id":"https:\/\/vosgesinfo.fr\/epinalinfo\/#organization","name":"Epinal Info","url":"https:\/\/vosgesinfo.fr\/epinalinfo\/","logo":{"@type":"ImageObject","inLanguage":"fr-FR","@id":"https:\/\/vosgesinfo.fr\/epinalinfo\/#\/schema\/logo\/image\/","url":"https:\/\/vosgesinfo.fr\/app\/uploads\/sites\/3\/2023\/08\/logo-epinalinfos.svg","contentUrl":"https:\/\/vosgesinfo.fr\/app\/uploads\/sites\/3\/2023\/08\/logo-epinalinfos.svg","width":1,"height":1,"caption":"Epinal Info"},"image":{"@id":"https:\/\/vosgesinfo.fr\/epinalinfo\/#\/schema\/logo\/image\/"},"sameAs":["https:\/\/www.facebook.com\/Epinalinfos","https:\/\/x.com\/VosgesInfo88","https:\/\/www.youtube.com\/@vosgesinfo"]},{"@type":"Person","@id":"https:\/\/vosgesinfo.fr\/epinalinfo\/#\/schema\/person\/44f5fff67d0ae31d2770e1f7555c711d","name":"La r\u00e9daction","image":{"@type":"ImageObject","inLanguage":"fr-FR","@id":"https:\/\/vosgesinfo.fr\/epinalinfo\/#\/schema\/person\/image\/","url":"https:\/\/secure.gravatar.com\/avatar\/16dedd2578b2ae59b9a3a38f046defecb4cf834aaec7bb1d03d9ba6b5e55a8d5?s=96&d=mm&r=g","contentUrl":"https:\/\/secure.gravatar.com\/avatar\/16dedd2578b2ae59b9a3a38f046defecb4cf834aaec7bb1d03d9ba6b5e55a8d5?s=96&d=mm&r=g","caption":"La r\u00e9daction"},"url":"https:\/\/vosgesinfo.fr\/epinalinfo\/author\/poupy\/"}]}},"_links":{"self":[{"href":"https:\/\/vosgesinfo.fr\/epinalinfo\/wp-json\/wp\/v2\/posts\/130577","targetHints":{"allow":["GET"]}}],"collection":[{"href":"https:\/\/vosgesinfo.fr\/epinalinfo\/wp-json\/wp\/v2\/posts"}],"about":[{"href":"https:\/\/vosgesinfo.fr\/epinalinfo\/wp-json\/wp\/v2\/types\/post"}],"author":[{"embeddable":true,"href":"https:\/\/vosgesinfo.fr\/epinalinfo\/wp-json\/wp\/v2\/users\/41"}],"replies":[{"embeddable":true,"href":"https:\/\/vosgesinfo.fr\/epinalinfo\/wp-json\/wp\/v2\/comments?post=130577"}],"version-history":[{"count":1,"href":"https:\/\/vosgesinfo.fr\/epinalinfo\/wp-json\/wp\/v2\/posts\/130577\/revisions"}],"predecessor-version":[{"id":130578,"href":"https:\/\/vosgesinfo.fr\/epinalinfo\/wp-json\/wp\/v2\/posts\/130577\/revisions\/130578"}],"wp:featuredmedia":[{"embeddable":true,"href":"https:\/\/vosgesinfo.fr\/epinalinfo\/wp-json\/wp\/v2\/media\/42545"}],"wp:attachment":[{"href":"https:\/\/vosgesinfo.fr\/epinalinfo\/wp-json\/wp\/v2\/media?parent=130577"}],"wp:term":[{"taxonomy":"category","embeddable":true,"href":"https:\/\/vosgesinfo.fr\/epinalinfo\/wp-json\/wp\/v2\/categories?post=130577"},{"taxonomy":"post_tag","embeddable":true,"href":"https:\/\/vosgesinfo.fr\/epinalinfo\/wp-json\/wp\/v2\/tags?post=130577"}],"curies":[{"name":"wp","href":"https:\/\/api.w.org\/{rel}","templated":true}]}}