{"id":130585,"date":"2025-04-04T12:30:56","date_gmt":"2025-04-04T10:30:56","guid":{"rendered":"https:\/\/vosgesinfo.fr\/epinalinfo\/?p=130585"},"modified":"2025-04-04T12:22:31","modified_gmt":"2025-04-04T10:22:31","slug":"inclusion-numerique-dans-les-vosges-un-engagement-fort-pour-lavenir","status":"publish","type":"post","link":"https:\/\/vosgesinfo.fr\/epinalinfo\/2025\/04\/inclusion-numerique-dans-les-vosges-un-engagement-fort-pour-lavenir\/","title":{"rendered":"Inclusion num\u00e9rique dans les Vosges : un engagement fort pour l\u2019avenir !"},"content":{"rendered":"<div id=\"attachment_130586\" style=\"width: 2026px\" class=\"wp-caption aligncenter\"><a href=\"https:\/\/vosgesinfo.fr\/app\/uploads\/sites\/3\/2025\/04\/inclusion-numerique-vosges.jpg\"><img decoding=\"async\" aria-describedby=\"caption-attachment-130586\" class=\"size-full wp-image-130586\" src=\"https:\/\/vosgesinfo.fr\/app\/uploads\/sites\/3\/2025\/04\/inclusion-numerique-vosges.jpg\" alt=\"\" width=\"2016\" height=\"1512\" srcset=\"https:\/\/vosgesinfo.fr\/app\/uploads\/sites\/3\/2025\/04\/inclusion-numerique-vosges.jpg 2016w, https:\/\/vosgesinfo.fr\/app\/uploads\/sites\/3\/2025\/04\/inclusion-numerique-vosges-300x225.jpg 300w, https:\/\/vosgesinfo.fr\/app\/uploads\/sites\/3\/2025\/04\/inclusion-numerique-vosges-1024x768.jpg 1024w, https:\/\/vosgesinfo.fr\/app\/uploads\/sites\/3\/2025\/04\/inclusion-numerique-vosges-768x576.jpg 768w, https:\/\/vosgesinfo.fr\/app\/uploads\/sites\/3\/2025\/04\/inclusion-numerique-vosges-1536x1152.jpg 1536w\" sizes=\"(max-width: 2016px) 100vw, 2016px\" \/><\/a><p id=\"caption-attachment-130586\" class=\"wp-caption-text\">photo Communaut\u00e9 de Communes de Bruy\u00e8res, Vallons des Vosges<\/p><\/div>\n<h2 data-start=\"500\" data-end=\"842\"><strong>Le jeudi 3 avril a marqu\u00e9 une \u00e9tape d\u00e9cisive pour l&rsquo;inclusion num\u00e9rique dans le d\u00e9partement des Vosges. Madame Marie-Jos\u00e9 DARTOIS, Vice-Pr\u00e9sidente du Conseil D\u00e9partemental, a pr\u00e9sid\u00e9 le tout premier Comit\u00e9 de Pilotage de la feuille de route France Num\u00e9rique Ensemble (FNE), en pr\u00e9sence de la Pr\u00e9fecture et de nombreux partenaires engag\u00e9s.<\/strong><\/h2>\n<p class=\"\" data-start=\"844\" data-end=\"1252\">R\u00e9unissant une trentaine d\u2019acteurs locaux, ce comit\u00e9 a permis d\u2019\u00e9laborer une strat\u00e9gie d\u00e9partementale ambitieuse pour lutter contre la fracture num\u00e9rique. L\u2019objectif est clair : permettre \u00e0 chaque Vosgien, o\u00f9 qu\u2019il vive, de b\u00e9n\u00e9ficier d\u2019un acc\u00e8s \u00e9quitable aux outils et aux usages num\u00e9riques, devenus essentiels \u00e0 la vie quotidienne, \u00e0 l\u2019emploi, \u00e0 la formation, et \u00e0 l&rsquo;acc\u00e8s aux services publics.<\/p>\n<p class=\"\" data-start=\"1254\" data-end=\"1663\"><strong data-start=\"1257\" data-end=\"1302\">Une convention symbolique, un pas concret<\/strong><br data-start=\"1302\" data-end=\"1305\" \/>La signature officielle de la convention France Num\u00e9rique Ensemble symbolise une avanc\u00e9e significative pour le territoire. Elle engage collectivement les institutions locales \u00e0 renforcer l\u2019accompagnement, la m\u00e9diation num\u00e9rique et le d\u00e9ploiement d\u2019infrastructures adapt\u00e9es, pour faire du num\u00e9rique un levier d\u2019inclusion sociale et de d\u00e9veloppement local.<\/p>\n","protected":false},"excerpt":{"rendered":"<p>Le jeudi 3 avril a marqu\u00e9 une \u00e9tape d\u00e9cisive pour l&rsquo;inclusion num\u00e9rique dans le d\u00e9partement des Vosges. Madame Marie-Jos\u00e9 DARTOIS, [&hellip;]<\/p>\n","protected":false},"author":52,"featured_media":130586,"comment_status":"open","ping_status":"open","sticky":false,"template":"","format":"standard","meta":{"footnotes":""},"categories":[22,24],"tags":[16409],"class_list":["post-130585","post","type-post","status-publish","format-standard","has-post-thumbnail","hentry","category-a-la-une","category-epinal","tag-inclusion-numerique-dans-les-vosges"],"acf":[],"yoast_head":"<!-- This site is optimized with the Yoast SEO plugin v22.5 - https:\/\/yoast.com\/wordpress\/plugins\/seo\/ -->\n<title>Inclusion num\u00e9rique dans les Vosges : un engagement fort pour l\u2019avenir ! - Epinal Info<\/title>\n<meta name=\"robots\" content=\"index, follow, max-snippet:-1, max-image-preview:large, max-video-preview:-1\" \/>\n<link rel=\"canonical\" href=\"https:\/\/vosgesinfo.fr\/epinalinfo\/2025\/04\/inclusion-numerique-dans-les-vosges-un-engagement-fort-pour-lavenir\/\" \/>\n<meta name=\"twitter:card\" content=\"summary_large_image\" \/>\n<meta name=\"twitter:title\" content=\"Inclusion num\u00e9rique dans les Vosges : un engagement fort pour l\u2019avenir ! - Epinal Info\" \/>\n<meta name=\"twitter:description\" content=\"Le jeudi 3 avril a marqu\u00e9 une \u00e9tape d\u00e9cisive pour l&rsquo;inclusion num\u00e9rique dans le d\u00e9partement des Vosges. Madame Marie-Jos\u00e9 DARTOIS, [&hellip;]\" \/>\n<meta name=\"twitter:image\" content=\"https:\/\/vosgesinfo.fr\/app\/uploads\/sites\/3\/2025\/04\/inclusion-numerique-vosges.jpg\" \/>\n<meta name=\"twitter:creator\" content=\"@VosgesInfo88\" \/>\n<meta name=\"twitter:site\" content=\"@VosgesInfo88\" \/>\n<meta name=\"twitter:label1\" content=\"\u00c9crit par\" \/>\n\t<meta name=\"twitter:data1\" content=\"C.K.\" \/>\n\t<meta name=\"twitter:label2\" content=\"Dur\u00e9e de lecture estim\u00e9e\" \/>\n\t<meta name=\"twitter:data2\" content=\"1 minute\" \/>\n<script type=\"application\/ld+json\" class=\"yoast-schema-graph\">{\"@context\":\"https:\/\/schema.org\",\"@graph\":[{\"@type\":\"Article\",\"@id\":\"https:\/\/vosgesinfo.fr\/epinalinfo\/2025\/04\/inclusion-numerique-dans-les-vosges-un-engagement-fort-pour-lavenir\/#article\",\"isPartOf\":{\"@id\":\"https:\/\/vosgesinfo.fr\/epinalinfo\/2025\/04\/inclusion-numerique-dans-les-vosges-un-engagement-fort-pour-lavenir\/\"},\"author\":{\"name\":\"C.K.\",\"@id\":\"https:\/\/vosgesinfo.fr\/epinalinfo\/#\/schema\/person\/6f9a650eeea99d969b6c4ab78fccbe81\"},\"headline\":\"Inclusion num\u00e9rique dans les Vosges : un engagement fort pour l\u2019avenir !\",\"datePublished\":\"2025-04-04T10:30:56+00:00\",\"dateModified\":\"2025-04-04T10:22:31+00:00\",\"mainEntityOfPage\":{\"@id\":\"https:\/\/vosgesinfo.fr\/epinalinfo\/2025\/04\/inclusion-numerique-dans-les-vosges-un-engagement-fort-pour-lavenir\/\"},\"wordCount\":220,\"commentCount\":0,\"publisher\":{\"@id\":\"https:\/\/vosgesinfo.fr\/epinalinfo\/#organization\"},\"image\":{\"@id\":\"https:\/\/vosgesinfo.fr\/epinalinfo\/2025\/04\/inclusion-numerique-dans-les-vosges-un-engagement-fort-pour-lavenir\/#primaryimage\"},\"thumbnailUrl\":\"https:\/\/vosgesinfo.fr\/app\/uploads\/sites\/3\/2025\/04\/inclusion-numerique-vosges.jpg\",\"keywords\":[\"Inclusion num\u00e9rique dans les Vosges\"],\"articleSection\":[\"A la Une\",\"Epinal\"],\"inLanguage\":\"fr-FR\",\"potentialAction\":[{\"@type\":\"CommentAction\",\"name\":\"Comment\",\"target\":[\"https:\/\/vosgesinfo.fr\/epinalinfo\/2025\/04\/inclusion-numerique-dans-les-vosges-un-engagement-fort-pour-lavenir\/#respond\"]}]},{\"@type\":\"WebPage\",\"@id\":\"https:\/\/vosgesinfo.fr\/epinalinfo\/2025\/04\/inclusion-numerique-dans-les-vosges-un-engagement-fort-pour-lavenir\/\",\"url\":\"https:\/\/vosgesinfo.fr\/epinalinfo\/2025\/04\/inclusion-numerique-dans-les-vosges-un-engagement-fort-pour-lavenir\/\",\"name\":\"Inclusion num\u00e9rique dans les Vosges : un engagement fort pour l\u2019avenir ! - Epinal Info\",\"isPartOf\":{\"@id\":\"https:\/\/vosgesinfo.fr\/epinalinfo\/#website\"},\"primaryImageOfPage\":{\"@id\":\"https:\/\/vosgesinfo.fr\/epinalinfo\/2025\/04\/inclusion-numerique-dans-les-vosges-un-engagement-fort-pour-lavenir\/#primaryimage\"},\"image\":{\"@id\":\"https:\/\/vosgesinfo.fr\/epinalinfo\/2025\/04\/inclusion-numerique-dans-les-vosges-un-engagement-fort-pour-lavenir\/#primaryimage\"},\"thumbnailUrl\":\"https:\/\/vosgesinfo.fr\/app\/uploads\/sites\/3\/2025\/04\/inclusion-numerique-vosges.jpg\",\"datePublished\":\"2025-04-04T10:30:56+00:00\",\"dateModified\":\"2025-04-04T10:22:31+00:00\",\"breadcrumb\":{\"@id\":\"https:\/\/vosgesinfo.fr\/epinalinfo\/2025\/04\/inclusion-numerique-dans-les-vosges-un-engagement-fort-pour-lavenir\/#breadcrumb\"},\"inLanguage\":\"fr-FR\",\"potentialAction\":[{\"@type\":\"ReadAction\",\"target\":[\"https:\/\/vosgesinfo.fr\/epinalinfo\/2025\/04\/inclusion-numerique-dans-les-vosges-un-engagement-fort-pour-lavenir\/\"]}]},{\"@type\":\"ImageObject\",\"inLanguage\":\"fr-FR\",\"@id\":\"https:\/\/vosgesinfo.fr\/epinalinfo\/2025\/04\/inclusion-numerique-dans-les-vosges-un-engagement-fort-pour-lavenir\/#primaryimage\",\"url\":\"https:\/\/vosgesinfo.fr\/app\/uploads\/sites\/3\/2025\/04\/inclusion-numerique-vosges.jpg\",\"contentUrl\":\"https:\/\/vosgesinfo.fr\/app\/uploads\/sites\/3\/2025\/04\/inclusion-numerique-vosges.jpg\",\"width\":2016,\"height\":1512,\"caption\":\"Communaut\u00e9 de Communes de Bruy\u00e8res, Vallons des Vosges\"},{\"@type\":\"BreadcrumbList\",\"@id\":\"https:\/\/vosgesinfo.fr\/epinalinfo\/2025\/04\/inclusion-numerique-dans-les-vosges-un-engagement-fort-pour-lavenir\/#breadcrumb\",\"itemListElement\":[{\"@type\":\"ListItem\",\"position\":1,\"name\":\"Home\",\"item\":\"https:\/\/vosgesinfo.fr\/epinalinfo\/\"},{\"@type\":\"ListItem\",\"position\":2,\"name\":\"Inclusion num\u00e9rique dans les Vosges : un engagement fort pour l\u2019avenir !\"}]},{\"@type\":\"WebSite\",\"@id\":\"https:\/\/vosgesinfo.fr\/epinalinfo\/#website\",\"url\":\"https:\/\/vosgesinfo.fr\/epinalinfo\/\",\"name\":\"Epinal Info\",\"description\":\"Toute l&#039;actualit\u00e9 d&#039;\u00c9pinal\",\"publisher\":{\"@id\":\"https:\/\/vosgesinfo.fr\/epinalinfo\/#organization\"},\"alternateName\":\"Toute l'actualit\u00e9 d'\u00c9pinal\",\"potentialAction\":[{\"@type\":\"SearchAction\",\"target\":{\"@type\":\"EntryPoint\",\"urlTemplate\":\"https:\/\/vosgesinfo.fr\/epinalinfo\/?s={search_term_string}\"},\"query-input\":\"required name=search_term_string\"}],\"inLanguage\":\"fr-FR\"},{\"@type\":\"Organization\",\"@id\":\"https:\/\/vosgesinfo.fr\/epinalinfo\/#organization\",\"name\":\"Epinal Info\",\"url\":\"https:\/\/vosgesinfo.fr\/epinalinfo\/\",\"logo\":{\"@type\":\"ImageObject\",\"inLanguage\":\"fr-FR\",\"@id\":\"https:\/\/vosgesinfo.fr\/epinalinfo\/#\/schema\/logo\/image\/\",\"url\":\"https:\/\/vosgesinfo.fr\/app\/uploads\/sites\/3\/2023\/08\/logo-epinalinfos.svg\",\"contentUrl\":\"https:\/\/vosgesinfo.fr\/app\/uploads\/sites\/3\/2023\/08\/logo-epinalinfos.svg\",\"width\":1,\"height\":1,\"caption\":\"Epinal Info\"},\"image\":{\"@id\":\"https:\/\/vosgesinfo.fr\/epinalinfo\/#\/schema\/logo\/image\/\"},\"sameAs\":[\"https:\/\/www.facebook.com\/Epinalinfos\",\"https:\/\/x.com\/VosgesInfo88\",\"https:\/\/www.youtube.com\/@vosgesinfo\"]},{\"@type\":\"Person\",\"@id\":\"https:\/\/vosgesinfo.fr\/epinalinfo\/#\/schema\/person\/6f9a650eeea99d969b6c4ab78fccbe81\",\"name\":\"C.K.\",\"image\":{\"@type\":\"ImageObject\",\"inLanguage\":\"fr-FR\",\"@id\":\"https:\/\/vosgesinfo.fr\/epinalinfo\/#\/schema\/person\/image\/\",\"url\":\"https:\/\/secure.gravatar.com\/avatar\/48e3fc7f8421ba8942be6b74a2b7f014ca39bc00dece156b7a8e098ae7dc87bf?s=96&d=mm&r=g\",\"contentUrl\":\"https:\/\/secure.gravatar.com\/avatar\/48e3fc7f8421ba8942be6b74a2b7f014ca39bc00dece156b7a8e098ae7dc87bf?s=96&d=mm&r=g\",\"caption\":\"C.K.\"},\"url\":\"https:\/\/vosgesinfo.fr\/epinalinfo\/author\/celia-k-n\/\"}]}<\/script>\n<!-- \/ Yoast SEO plugin. -->","yoast_head_json":{"title":"Inclusion num\u00e9rique dans les Vosges : un engagement fort pour l\u2019avenir ! - Epinal Info","robots":{"index":"index","follow":"follow","max-snippet":"max-snippet:-1","max-image-preview":"max-image-preview:large","max-video-preview":"max-video-preview:-1"},"canonical":"https:\/\/vosgesinfo.fr\/epinalinfo\/2025\/04\/inclusion-numerique-dans-les-vosges-un-engagement-fort-pour-lavenir\/","twitter_card":"summary_large_image","twitter_title":"Inclusion num\u00e9rique dans les Vosges : un engagement fort pour l\u2019avenir ! - Epinal Info","twitter_description":"Le jeudi 3 avril a marqu\u00e9 une \u00e9tape d\u00e9cisive pour l&rsquo;inclusion num\u00e9rique dans le d\u00e9partement des Vosges. Madame Marie-Jos\u00e9 DARTOIS, [&hellip;]","twitter_image":"https:\/\/vosgesinfo.fr\/app\/uploads\/sites\/3\/2025\/04\/inclusion-numerique-vosges.jpg","twitter_creator":"@VosgesInfo88","twitter_site":"@VosgesInfo88","twitter_misc":{"\u00c9crit par":"C.K.","Dur\u00e9e de lecture estim\u00e9e":"1 minute"},"schema":{"@context":"https:\/\/schema.org","@graph":[{"@type":"Article","@id":"https:\/\/vosgesinfo.fr\/epinalinfo\/2025\/04\/inclusion-numerique-dans-les-vosges-un-engagement-fort-pour-lavenir\/#article","isPartOf":{"@id":"https:\/\/vosgesinfo.fr\/epinalinfo\/2025\/04\/inclusion-numerique-dans-les-vosges-un-engagement-fort-pour-lavenir\/"},"author":{"name":"C.K.","@id":"https:\/\/vosgesinfo.fr\/epinalinfo\/#\/schema\/person\/6f9a650eeea99d969b6c4ab78fccbe81"},"headline":"Inclusion num\u00e9rique dans les Vosges : un engagement fort pour l\u2019avenir !","datePublished":"2025-04-04T10:30:56+00:00","dateModified":"2025-04-04T10:22:31+00:00","mainEntityOfPage":{"@id":"https:\/\/vosgesinfo.fr\/epinalinfo\/2025\/04\/inclusion-numerique-dans-les-vosges-un-engagement-fort-pour-lavenir\/"},"wordCount":220,"commentCount":0,"publisher":{"@id":"https:\/\/vosgesinfo.fr\/epinalinfo\/#organization"},"image":{"@id":"https:\/\/vosgesinfo.fr\/epinalinfo\/2025\/04\/inclusion-numerique-dans-les-vosges-un-engagement-fort-pour-lavenir\/#primaryimage"},"thumbnailUrl":"https:\/\/vosgesinfo.fr\/app\/uploads\/sites\/3\/2025\/04\/inclusion-numerique-vosges.jpg","keywords":["Inclusion num\u00e9rique dans les Vosges"],"articleSection":["A la Une","Epinal"],"inLanguage":"fr-FR","potentialAction":[{"@type":"CommentAction","name":"Comment","target":["https:\/\/vosgesinfo.fr\/epinalinfo\/2025\/04\/inclusion-numerique-dans-les-vosges-un-engagement-fort-pour-lavenir\/#respond"]}]},{"@type":"WebPage","@id":"https:\/\/vosgesinfo.fr\/epinalinfo\/2025\/04\/inclusion-numerique-dans-les-vosges-un-engagement-fort-pour-lavenir\/","url":"https:\/\/vosgesinfo.fr\/epinalinfo\/2025\/04\/inclusion-numerique-dans-les-vosges-un-engagement-fort-pour-lavenir\/","name":"Inclusion num\u00e9rique dans les Vosges : un engagement fort pour l\u2019avenir ! - Epinal Info","isPartOf":{"@id":"https:\/\/vosgesinfo.fr\/epinalinfo\/#website"},"primaryImageOfPage":{"@id":"https:\/\/vosgesinfo.fr\/epinalinfo\/2025\/04\/inclusion-numerique-dans-les-vosges-un-engagement-fort-pour-lavenir\/#primaryimage"},"image":{"@id":"https:\/\/vosgesinfo.fr\/epinalinfo\/2025\/04\/inclusion-numerique-dans-les-vosges-un-engagement-fort-pour-lavenir\/#primaryimage"},"thumbnailUrl":"https:\/\/vosgesinfo.fr\/app\/uploads\/sites\/3\/2025\/04\/inclusion-numerique-vosges.jpg","datePublished":"2025-04-04T10:30:56+00:00","dateModified":"2025-04-04T10:22:31+00:00","breadcrumb":{"@id":"https:\/\/vosgesinfo.fr\/epinalinfo\/2025\/04\/inclusion-numerique-dans-les-vosges-un-engagement-fort-pour-lavenir\/#breadcrumb"},"inLanguage":"fr-FR","potentialAction":[{"@type":"ReadAction","target":["https:\/\/vosgesinfo.fr\/epinalinfo\/2025\/04\/inclusion-numerique-dans-les-vosges-un-engagement-fort-pour-lavenir\/"]}]},{"@type":"ImageObject","inLanguage":"fr-FR","@id":"https:\/\/vosgesinfo.fr\/epinalinfo\/2025\/04\/inclusion-numerique-dans-les-vosges-un-engagement-fort-pour-lavenir\/#primaryimage","url":"https:\/\/vosgesinfo.fr\/app\/uploads\/sites\/3\/2025\/04\/inclusion-numerique-vosges.jpg","contentUrl":"https:\/\/vosgesinfo.fr\/app\/uploads\/sites\/3\/2025\/04\/inclusion-numerique-vosges.jpg","width":2016,"height":1512,"caption":"Communaut\u00e9 de Communes de Bruy\u00e8res, Vallons des Vosges"},{"@type":"BreadcrumbList","@id":"https:\/\/vosgesinfo.fr\/epinalinfo\/2025\/04\/inclusion-numerique-dans-les-vosges-un-engagement-fort-pour-lavenir\/#breadcrumb","itemListElement":[{"@type":"ListItem","position":1,"name":"Home","item":"https:\/\/vosgesinfo.fr\/epinalinfo\/"},{"@type":"ListItem","position":2,"name":"Inclusion num\u00e9rique dans les Vosges : un engagement fort pour l\u2019avenir !"}]},{"@type":"WebSite","@id":"https:\/\/vosgesinfo.fr\/epinalinfo\/#website","url":"https:\/\/vosgesinfo.fr\/epinalinfo\/","name":"Epinal Info","description":"Toute l&#039;actualit\u00e9 d&#039;\u00c9pinal","publisher":{"@id":"https:\/\/vosgesinfo.fr\/epinalinfo\/#organization"},"alternateName":"Toute l'actualit\u00e9 d'\u00c9pinal","potentialAction":[{"@type":"SearchAction","target":{"@type":"EntryPoint","urlTemplate":"https:\/\/vosgesinfo.fr\/epinalinfo\/?s={search_term_string}"},"query-input":"required name=search_term_string"}],"inLanguage":"fr-FR"},{"@type":"Organization","@id":"https:\/\/vosgesinfo.fr\/epinalinfo\/#organization","name":"Epinal Info","url":"https:\/\/vosgesinfo.fr\/epinalinfo\/","logo":{"@type":"ImageObject","inLanguage":"fr-FR","@id":"https:\/\/vosgesinfo.fr\/epinalinfo\/#\/schema\/logo\/image\/","url":"https:\/\/vosgesinfo.fr\/app\/uploads\/sites\/3\/2023\/08\/logo-epinalinfos.svg","contentUrl":"https:\/\/vosgesinfo.fr\/app\/uploads\/sites\/3\/2023\/08\/logo-epinalinfos.svg","width":1,"height":1,"caption":"Epinal Info"},"image":{"@id":"https:\/\/vosgesinfo.fr\/epinalinfo\/#\/schema\/logo\/image\/"},"sameAs":["https:\/\/www.facebook.com\/Epinalinfos","https:\/\/x.com\/VosgesInfo88","https:\/\/www.youtube.com\/@vosgesinfo"]},{"@type":"Person","@id":"https:\/\/vosgesinfo.fr\/epinalinfo\/#\/schema\/person\/6f9a650eeea99d969b6c4ab78fccbe81","name":"C.K.","image":{"@type":"ImageObject","inLanguage":"fr-FR","@id":"https:\/\/vosgesinfo.fr\/epinalinfo\/#\/schema\/person\/image\/","url":"https:\/\/secure.gravatar.com\/avatar\/48e3fc7f8421ba8942be6b74a2b7f014ca39bc00dece156b7a8e098ae7dc87bf?s=96&d=mm&r=g","contentUrl":"https:\/\/secure.gravatar.com\/avatar\/48e3fc7f8421ba8942be6b74a2b7f014ca39bc00dece156b7a8e098ae7dc87bf?s=96&d=mm&r=g","caption":"C.K."},"url":"https:\/\/vosgesinfo.fr\/epinalinfo\/author\/celia-k-n\/"}]}},"_links":{"self":[{"href":"https:\/\/vosgesinfo.fr\/epinalinfo\/wp-json\/wp\/v2\/posts\/130585","targetHints":{"allow":["GET"]}}],"collection":[{"href":"https:\/\/vosgesinfo.fr\/epinalinfo\/wp-json\/wp\/v2\/posts"}],"about":[{"href":"https:\/\/vosgesinfo.fr\/epinalinfo\/wp-json\/wp\/v2\/types\/post"}],"author":[{"embeddable":true,"href":"https:\/\/vosgesinfo.fr\/epinalinfo\/wp-json\/wp\/v2\/users\/52"}],"replies":[{"embeddable":true,"href":"https:\/\/vosgesinfo.fr\/epinalinfo\/wp-json\/wp\/v2\/comments?post=130585"}],"version-history":[{"count":1,"href":"https:\/\/vosgesinfo.fr\/epinalinfo\/wp-json\/wp\/v2\/posts\/130585\/revisions"}],"predecessor-version":[{"id":130587,"href":"https:\/\/vosgesinfo.fr\/epinalinfo\/wp-json\/wp\/v2\/posts\/130585\/revisions\/130587"}],"wp:featuredmedia":[{"embeddable":true,"href":"https:\/\/vosgesinfo.fr\/epinalinfo\/wp-json\/wp\/v2\/media\/130586"}],"wp:attachment":[{"href":"https:\/\/vosgesinfo.fr\/epinalinfo\/wp-json\/wp\/v2\/media?parent=130585"}],"wp:term":[{"taxonomy":"category","embeddable":true,"href":"https:\/\/vosgesinfo.fr\/epinalinfo\/wp-json\/wp\/v2\/categories?post=130585"},{"taxonomy":"post_tag","embeddable":true,"href":"https:\/\/vosgesinfo.fr\/epinalinfo\/wp-json\/wp\/v2\/tags?post=130585"}],"curies":[{"name":"wp","href":"https:\/\/api.w.org\/{rel}","templated":true}]}}