{"id":130588,"date":"2025-04-04T12:40:34","date_gmt":"2025-04-04T10:40:34","guid":{"rendered":"https:\/\/vosgesinfo.fr\/epinalinfo\/?p=130588"},"modified":"2025-04-04T12:33:51","modified_gmt":"2025-04-04T10:33:51","slug":"vie-commercante-a-epinal-epicentre-reste-soudee-face-aux-defis","status":"publish","type":"post","link":"https:\/\/vosgesinfo.fr\/epinalinfo\/2025\/04\/vie-commercante-a-epinal-epicentre-reste-soudee-face-aux-defis\/","title":{"rendered":"Vie commer\u00e7ante \u00e0 \u00c9pinal : Epicentre reste soud\u00e9e face aux d\u00e9fis"},"content":{"rendered":"<h2 data-start=\"491\" data-end=\"806\"><strong><a href=\"https:\/\/vosgesinfo.fr\/app\/uploads\/sites\/3\/2025\/04\/ag-epicentre-epinal-3.jpg\"><img decoding=\"async\" class=\"aligncenter size-full wp-image-130590\" src=\"https:\/\/vosgesinfo.fr\/app\/uploads\/sites\/3\/2025\/04\/ag-epicentre-epinal-3.jpg\" alt=\"\" width=\"2040\" height=\"1536\" srcset=\"https:\/\/vosgesinfo.fr\/app\/uploads\/sites\/3\/2025\/04\/ag-epicentre-epinal-3.jpg 2040w, https:\/\/vosgesinfo.fr\/app\/uploads\/sites\/3\/2025\/04\/ag-epicentre-epinal-3-300x226.jpg 300w, https:\/\/vosgesinfo.fr\/app\/uploads\/sites\/3\/2025\/04\/ag-epicentre-epinal-3-1024x771.jpg 1024w, https:\/\/vosgesinfo.fr\/app\/uploads\/sites\/3\/2025\/04\/ag-epicentre-epinal-3-768x578.jpg 768w, https:\/\/vosgesinfo.fr\/app\/uploads\/sites\/3\/2025\/04\/ag-epicentre-epinal-3-1536x1157.jpg 1536w\" sizes=\"(max-width: 2040px) 100vw, 2040px\" \/><\/a>L\u2019espace Cours a accueilli, mardi 1er avril, l\u2019assembl\u00e9e g\u00e9n\u00e9rale d\u2019Epicentre, l\u2019union des commer\u00e7ants et artisans d\u2019\u00c9pinal. Un moment fort pour les acteurs \u00e9conomiques locaux, marqu\u00e9 par la pr\u00e9sence de Patrick Nardin, maire de la ville, venu saluer la r\u00e9silience et l\u2019engagement des commer\u00e7ants spinaliens.<\/strong><\/h2>\n<p data-start=\"808\" data-end=\"998\"><strong data-start=\"811\" data-end=\"850\">Des d\u00e9fis, mais un soutien constant<\/strong><br data-start=\"850\" data-end=\"853\" \/>Malgr\u00e9 un contexte complexe, l\u2019association Epicentre continue de rassembler largement : plus de 240 adh\u00e9rents sont aujourd\u2019hui membres, dont 18 nouveaux commer\u00e7ants spinaliens ayant r\u00e9cemment rejoint ses rangs.<\/p>\n<p data-start=\"808\" data-end=\"998\">Lors de son intervention, le maire a tenu \u00e0 rappeler les nombreuses difficult\u00e9s rencontr\u00e9es par le commerce de proximit\u00e9 ces derni\u00e8res ann\u00e9es : <em data-start=\"1001\" data-end=\"1245\">\u00ab Il y a eu la p\u00e9riode Covid, la baisse du pouvoir d\u2019achat des Fran\u00e7ais, le e-commerce qui se d\u00e9veloppe et grignote des parts de march\u00e9, le march\u00e9 de seconde main avec les friperies&#8230; Mais la ville a toujours \u00e9t\u00e9 aux c\u00f4t\u00e9s des commer\u00e7ants. \u00bb<\/em><\/p>\n<h3 data-start=\"1467\" data-end=\"1678\"><strong data-start=\"1470\" data-end=\"1497\">Des temps forts \u00e0 venir<\/strong><\/h3>\n<p class=\"\" data-start=\"1467\" data-end=\"1678\">L\u2019assembl\u00e9e a aussi permis d\u2019annoncer les prochaines animations commerciales \u00e0 \u00c9pinal. Les commer\u00e7ants donnent d\u00e9j\u00e0 rendez-vous au public pour deux \u00e9v\u00e9nements incontournables : le D\u00e9ballage de printemps, pr\u00e9vu le 19 avril et la Braderie d\u2019\u00e9t\u00e9, fix\u00e9e au 29 juin 2025<\/p>\n<h3 data-start=\"1788\" data-end=\"2055\"><strong data-start=\"1791\" data-end=\"1819\">Une dynamique collective<\/strong><\/h3>\n<p class=\"\" data-start=\"1788\" data-end=\"2055\">Cette r\u00e9union annuelle d\u00e9montre une fois de plus la volont\u00e9 commune de dynamiser le c\u0153ur de ville et de soutenir le tissu \u00e9conomique local. Epicentre reste une force vive pour f\u00e9d\u00e9rer, innover et faire rayonner le commerce spinalien.<\/p>\n\n\t\t<style type=\"text\/css\">\n\t\t\t#gallery-1 {\n\t\t\t\tmargin: auto;\n\t\t\t}\n\t\t\t#gallery-1 .gallery-item {\n\t\t\t\tfloat: left;\n\t\t\t\tmargin-top: 10px;\n\t\t\t\ttext-align: center;\n\t\t\t\twidth: 33%;\n\t\t\t}\n\t\t\t#gallery-1 img {\n\t\t\t\tborder: 2px solid #cfcfcf;\n\t\t\t}\n\t\t\t#gallery-1 .gallery-caption {\n\t\t\t\tmargin-left: 0;\n\t\t\t}\n\t\t\t\/* see gallery_shortcode() in wp-includes\/media.php *\/\n\t\t<\/style>\n\t\t<div id='gallery-1' class='gallery galleryid-130588 gallery-columns-3 gallery-size-large'><dl class='gallery-item'>\n\t\t\t<dt class='gallery-icon landscape'>\n\t\t\t\t<a href='https:\/\/vosgesinfo.fr\/app\/uploads\/sites\/3\/2025\/04\/ag-epicentre-epinal-5.jpg'><img decoding=\"async\" width=\"1024\" height=\"771\" src=\"https:\/\/vosgesinfo.fr\/app\/uploads\/sites\/3\/2025\/04\/ag-epicentre-epinal-5-1024x771.jpg\" class=\"attachment-large size-large\" alt=\"\" srcset=\"https:\/\/vosgesinfo.fr\/app\/uploads\/sites\/3\/2025\/04\/ag-epicentre-epinal-5-1024x771.jpg 1024w, https:\/\/vosgesinfo.fr\/app\/uploads\/sites\/3\/2025\/04\/ag-epicentre-epinal-5-300x226.jpg 300w, https:\/\/vosgesinfo.fr\/app\/uploads\/sites\/3\/2025\/04\/ag-epicentre-epinal-5-768x578.jpg 768w, https:\/\/vosgesinfo.fr\/app\/uploads\/sites\/3\/2025\/04\/ag-epicentre-epinal-5-1536x1157.jpg 1536w, https:\/\/vosgesinfo.fr\/app\/uploads\/sites\/3\/2025\/04\/ag-epicentre-epinal-5.jpg 2040w\" sizes=\"(max-width: 1024px) 100vw, 1024px\" \/><\/a>\n\t\t\t<\/dt><\/dl><dl class='gallery-item'>\n\t\t\t<dt class='gallery-icon landscape'>\n\t\t\t\t<a href='https:\/\/vosgesinfo.fr\/app\/uploads\/sites\/3\/2025\/04\/ag-epicentre-epinal-1.jpg'><img decoding=\"async\" width=\"1024\" height=\"771\" src=\"https:\/\/vosgesinfo.fr\/app\/uploads\/sites\/3\/2025\/04\/ag-epicentre-epinal-1-1024x771.jpg\" class=\"attachment-large size-large\" alt=\"\" srcset=\"https:\/\/vosgesinfo.fr\/app\/uploads\/sites\/3\/2025\/04\/ag-epicentre-epinal-1-1024x771.jpg 1024w, https:\/\/vosgesinfo.fr\/app\/uploads\/sites\/3\/2025\/04\/ag-epicentre-epinal-1-300x226.jpg 300w, https:\/\/vosgesinfo.fr\/app\/uploads\/sites\/3\/2025\/04\/ag-epicentre-epinal-1-768x578.jpg 768w, https:\/\/vosgesinfo.fr\/app\/uploads\/sites\/3\/2025\/04\/ag-epicentre-epinal-1-1536x1157.jpg 1536w, https:\/\/vosgesinfo.fr\/app\/uploads\/sites\/3\/2025\/04\/ag-epicentre-epinal-1.jpg 2040w\" sizes=\"(max-width: 1024px) 100vw, 1024px\" \/><\/a>\n\t\t\t<\/dt><\/dl><dl class='gallery-item'>\n\t\t\t<dt class='gallery-icon landscape'>\n\t\t\t\t<a href='https:\/\/vosgesinfo.fr\/app\/uploads\/sites\/3\/2025\/04\/ag-epicentre-epinal-2.jpg'><img decoding=\"async\" width=\"1024\" height=\"771\" src=\"https:\/\/vosgesinfo.fr\/app\/uploads\/sites\/3\/2025\/04\/ag-epicentre-epinal-2-1024x771.jpg\" class=\"attachment-large size-large\" alt=\"\" srcset=\"https:\/\/vosgesinfo.fr\/app\/uploads\/sites\/3\/2025\/04\/ag-epicentre-epinal-2-1024x771.jpg 1024w, https:\/\/vosgesinfo.fr\/app\/uploads\/sites\/3\/2025\/04\/ag-epicentre-epinal-2-300x226.jpg 300w, https:\/\/vosgesinfo.fr\/app\/uploads\/sites\/3\/2025\/04\/ag-epicentre-epinal-2-768x578.jpg 768w, https:\/\/vosgesinfo.fr\/app\/uploads\/sites\/3\/2025\/04\/ag-epicentre-epinal-2-1536x1157.jpg 1536w, https:\/\/vosgesinfo.fr\/app\/uploads\/sites\/3\/2025\/04\/ag-epicentre-epinal-2.jpg 2040w\" sizes=\"(max-width: 1024px) 100vw, 1024px\" \/><\/a>\n\t\t\t<\/dt><\/dl><br style=\"clear: both\" \/><dl class='gallery-item'>\n\t\t\t<dt class='gallery-icon landscape'>\n\t\t\t\t<a href='https:\/\/vosgesinfo.fr\/app\/uploads\/sites\/3\/2025\/04\/ag-epicentre-epinal-4.jpg'><img decoding=\"async\" width=\"1024\" height=\"771\" src=\"https:\/\/vosgesinfo.fr\/app\/uploads\/sites\/3\/2025\/04\/ag-epicentre-epinal-4-1024x771.jpg\" class=\"attachment-large size-large\" alt=\"\" srcset=\"https:\/\/vosgesinfo.fr\/app\/uploads\/sites\/3\/2025\/04\/ag-epicentre-epinal-4-1024x771.jpg 1024w, https:\/\/vosgesinfo.fr\/app\/uploads\/sites\/3\/2025\/04\/ag-epicentre-epinal-4-300x226.jpg 300w, https:\/\/vosgesinfo.fr\/app\/uploads\/sites\/3\/2025\/04\/ag-epicentre-epinal-4-768x578.jpg 768w, https:\/\/vosgesinfo.fr\/app\/uploads\/sites\/3\/2025\/04\/ag-epicentre-epinal-4-1536x1157.jpg 1536w, https:\/\/vosgesinfo.fr\/app\/uploads\/sites\/3\/2025\/04\/ag-epicentre-epinal-4.jpg 2040w\" sizes=\"(max-width: 1024px) 100vw, 1024px\" \/><\/a>\n\t\t\t<\/dt><\/dl>\n\t\t\t<br style='clear: both' \/>\n\t\t<\/div>\n\n","protected":false},"excerpt":{"rendered":"<p>L\u2019espace Cours a accueilli, mardi 1er avril, l\u2019assembl\u00e9e g\u00e9n\u00e9rale d\u2019Epicentre, l\u2019union des commer\u00e7ants et artisans d\u2019\u00c9pinal. Un moment fort pour [&hellip;]<\/p>\n","protected":false},"author":52,"featured_media":130590,"comment_status":"open","ping_status":"open","sticky":false,"template":"","format":"standard","meta":{"footnotes":""},"categories":[22,24],"tags":[710,711,70],"class_list":["post-130588","post","type-post","status-publish","format-standard","has-post-thumbnail","hentry","category-a-la-une","category-epinal","tag-commerce","tag-epicentre","tag-epinal"],"acf":[],"yoast_head":"<!-- This site is optimized with the Yoast SEO plugin v22.5 - https:\/\/yoast.com\/wordpress\/plugins\/seo\/ -->\n<title>Vie commer\u00e7ante \u00e0 \u00c9pinal : Epicentre reste soud\u00e9e face aux d\u00e9fis - Epinal Info<\/title>\n<meta name=\"robots\" content=\"index, follow, max-snippet:-1, max-image-preview:large, max-video-preview:-1\" \/>\n<link rel=\"canonical\" href=\"https:\/\/vosgesinfo.fr\/epinalinfo\/2025\/04\/vie-commercante-a-epinal-epicentre-reste-soudee-face-aux-defis\/\" \/>\n<meta name=\"twitter:card\" content=\"summary_large_image\" \/>\n<meta name=\"twitter:title\" content=\"Vie commer\u00e7ante \u00e0 \u00c9pinal : Epicentre reste soud\u00e9e face aux d\u00e9fis - Epinal Info\" \/>\n<meta name=\"twitter:description\" content=\"L\u2019espace Cours a accueilli, mardi 1er avril, l\u2019assembl\u00e9e g\u00e9n\u00e9rale d\u2019Epicentre, l\u2019union des commer\u00e7ants et artisans d\u2019\u00c9pinal. Un moment fort pour [&hellip;]\" \/>\n<meta name=\"twitter:image\" content=\"https:\/\/vosgesinfo.fr\/app\/uploads\/sites\/3\/2025\/04\/ag-epicentre-epinal-3.jpg\" \/>\n<meta name=\"twitter:creator\" content=\"@VosgesInfo88\" \/>\n<meta name=\"twitter:site\" content=\"@VosgesInfo88\" \/>\n<meta name=\"twitter:label1\" content=\"\u00c9crit par\" \/>\n\t<meta name=\"twitter:data1\" content=\"C.K.\" \/>\n\t<meta name=\"twitter:label2\" content=\"Dur\u00e9e de lecture estim\u00e9e\" \/>\n\t<meta name=\"twitter:data2\" content=\"1 minute\" \/>\n<script type=\"application\/ld+json\" class=\"yoast-schema-graph\">{\"@context\":\"https:\/\/schema.org\",\"@graph\":[{\"@type\":\"Article\",\"@id\":\"https:\/\/vosgesinfo.fr\/epinalinfo\/2025\/04\/vie-commercante-a-epinal-epicentre-reste-soudee-face-aux-defis\/#article\",\"isPartOf\":{\"@id\":\"https:\/\/vosgesinfo.fr\/epinalinfo\/2025\/04\/vie-commercante-a-epinal-epicentre-reste-soudee-face-aux-defis\/\"},\"author\":{\"name\":\"C.K.\",\"@id\":\"https:\/\/vosgesinfo.fr\/epinalinfo\/#\/schema\/person\/6f9a650eeea99d969b6c4ab78fccbe81\"},\"headline\":\"Vie commer\u00e7ante \u00e0 \u00c9pinal : Epicentre reste soud\u00e9e face aux d\u00e9fis\",\"datePublished\":\"2025-04-04T10:40:34+00:00\",\"dateModified\":\"2025-04-04T10:33:51+00:00\",\"mainEntityOfPage\":{\"@id\":\"https:\/\/vosgesinfo.fr\/epinalinfo\/2025\/04\/vie-commercante-a-epinal-epicentre-reste-soudee-face-aux-defis\/\"},\"wordCount\":282,\"commentCount\":0,\"publisher\":{\"@id\":\"https:\/\/vosgesinfo.fr\/epinalinfo\/#organization\"},\"image\":{\"@id\":\"https:\/\/vosgesinfo.fr\/epinalinfo\/2025\/04\/vie-commercante-a-epinal-epicentre-reste-soudee-face-aux-defis\/#primaryimage\"},\"thumbnailUrl\":\"https:\/\/vosgesinfo.fr\/app\/uploads\/sites\/3\/2025\/04\/ag-epicentre-epinal-3.jpg\",\"keywords\":[\"Commerce\",\"\u00c9picentre\",\"Epinal\"],\"articleSection\":[\"A la Une\",\"Epinal\"],\"inLanguage\":\"fr-FR\",\"potentialAction\":[{\"@type\":\"CommentAction\",\"name\":\"Comment\",\"target\":[\"https:\/\/vosgesinfo.fr\/epinalinfo\/2025\/04\/vie-commercante-a-epinal-epicentre-reste-soudee-face-aux-defis\/#respond\"]}]},{\"@type\":\"WebPage\",\"@id\":\"https:\/\/vosgesinfo.fr\/epinalinfo\/2025\/04\/vie-commercante-a-epinal-epicentre-reste-soudee-face-aux-defis\/\",\"url\":\"https:\/\/vosgesinfo.fr\/epinalinfo\/2025\/04\/vie-commercante-a-epinal-epicentre-reste-soudee-face-aux-defis\/\",\"name\":\"Vie commer\u00e7ante \u00e0 \u00c9pinal : Epicentre reste soud\u00e9e face aux d\u00e9fis - Epinal Info\",\"isPartOf\":{\"@id\":\"https:\/\/vosgesinfo.fr\/epinalinfo\/#website\"},\"primaryImageOfPage\":{\"@id\":\"https:\/\/vosgesinfo.fr\/epinalinfo\/2025\/04\/vie-commercante-a-epinal-epicentre-reste-soudee-face-aux-defis\/#primaryimage\"},\"image\":{\"@id\":\"https:\/\/vosgesinfo.fr\/epinalinfo\/2025\/04\/vie-commercante-a-epinal-epicentre-reste-soudee-face-aux-defis\/#primaryimage\"},\"thumbnailUrl\":\"https:\/\/vosgesinfo.fr\/app\/uploads\/sites\/3\/2025\/04\/ag-epicentre-epinal-3.jpg\",\"datePublished\":\"2025-04-04T10:40:34+00:00\",\"dateModified\":\"2025-04-04T10:33:51+00:00\",\"breadcrumb\":{\"@id\":\"https:\/\/vosgesinfo.fr\/epinalinfo\/2025\/04\/vie-commercante-a-epinal-epicentre-reste-soudee-face-aux-defis\/#breadcrumb\"},\"inLanguage\":\"fr-FR\",\"potentialAction\":[{\"@type\":\"ReadAction\",\"target\":[\"https:\/\/vosgesinfo.fr\/epinalinfo\/2025\/04\/vie-commercante-a-epinal-epicentre-reste-soudee-face-aux-defis\/\"]}]},{\"@type\":\"ImageObject\",\"inLanguage\":\"fr-FR\",\"@id\":\"https:\/\/vosgesinfo.fr\/epinalinfo\/2025\/04\/vie-commercante-a-epinal-epicentre-reste-soudee-face-aux-defis\/#primaryimage\",\"url\":\"https:\/\/vosgesinfo.fr\/app\/uploads\/sites\/3\/2025\/04\/ag-epicentre-epinal-3.jpg\",\"contentUrl\":\"https:\/\/vosgesinfo.fr\/app\/uploads\/sites\/3\/2025\/04\/ag-epicentre-epinal-3.jpg\",\"width\":2040,\"height\":1536},{\"@type\":\"BreadcrumbList\",\"@id\":\"https:\/\/vosgesinfo.fr\/epinalinfo\/2025\/04\/vie-commercante-a-epinal-epicentre-reste-soudee-face-aux-defis\/#breadcrumb\",\"itemListElement\":[{\"@type\":\"ListItem\",\"position\":1,\"name\":\"Home\",\"item\":\"https:\/\/vosgesinfo.fr\/epinalinfo\/\"},{\"@type\":\"ListItem\",\"position\":2,\"name\":\"Vie commer\u00e7ante \u00e0 \u00c9pinal : Epicentre reste soud\u00e9e face aux d\u00e9fis\"}]},{\"@type\":\"WebSite\",\"@id\":\"https:\/\/vosgesinfo.fr\/epinalinfo\/#website\",\"url\":\"https:\/\/vosgesinfo.fr\/epinalinfo\/\",\"name\":\"Epinal Info\",\"description\":\"Toute l&#039;actualit\u00e9 d&#039;\u00c9pinal\",\"publisher\":{\"@id\":\"https:\/\/vosgesinfo.fr\/epinalinfo\/#organization\"},\"alternateName\":\"Toute l'actualit\u00e9 d'\u00c9pinal\",\"potentialAction\":[{\"@type\":\"SearchAction\",\"target\":{\"@type\":\"EntryPoint\",\"urlTemplate\":\"https:\/\/vosgesinfo.fr\/epinalinfo\/?s={search_term_string}\"},\"query-input\":\"required name=search_term_string\"}],\"inLanguage\":\"fr-FR\"},{\"@type\":\"Organization\",\"@id\":\"https:\/\/vosgesinfo.fr\/epinalinfo\/#organization\",\"name\":\"Epinal Info\",\"url\":\"https:\/\/vosgesinfo.fr\/epinalinfo\/\",\"logo\":{\"@type\":\"ImageObject\",\"inLanguage\":\"fr-FR\",\"@id\":\"https:\/\/vosgesinfo.fr\/epinalinfo\/#\/schema\/logo\/image\/\",\"url\":\"https:\/\/vosgesinfo.fr\/app\/uploads\/sites\/3\/2023\/08\/logo-epinalinfos.svg\",\"contentUrl\":\"https:\/\/vosgesinfo.fr\/app\/uploads\/sites\/3\/2023\/08\/logo-epinalinfos.svg\",\"width\":1,\"height\":1,\"caption\":\"Epinal Info\"},\"image\":{\"@id\":\"https:\/\/vosgesinfo.fr\/epinalinfo\/#\/schema\/logo\/image\/\"},\"sameAs\":[\"https:\/\/www.facebook.com\/Epinalinfos\",\"https:\/\/x.com\/VosgesInfo88\",\"https:\/\/www.youtube.com\/@vosgesinfo\"]},{\"@type\":\"Person\",\"@id\":\"https:\/\/vosgesinfo.fr\/epinalinfo\/#\/schema\/person\/6f9a650eeea99d969b6c4ab78fccbe81\",\"name\":\"C.K.\",\"image\":{\"@type\":\"ImageObject\",\"inLanguage\":\"fr-FR\",\"@id\":\"https:\/\/vosgesinfo.fr\/epinalinfo\/#\/schema\/person\/image\/\",\"url\":\"https:\/\/secure.gravatar.com\/avatar\/48e3fc7f8421ba8942be6b74a2b7f014ca39bc00dece156b7a8e098ae7dc87bf?s=96&d=mm&r=g\",\"contentUrl\":\"https:\/\/secure.gravatar.com\/avatar\/48e3fc7f8421ba8942be6b74a2b7f014ca39bc00dece156b7a8e098ae7dc87bf?s=96&d=mm&r=g\",\"caption\":\"C.K.\"},\"url\":\"https:\/\/vosgesinfo.fr\/epinalinfo\/author\/celia-k-n\/\"}]}<\/script>\n<!-- \/ Yoast SEO plugin. -->","yoast_head_json":{"title":"Vie commer\u00e7ante \u00e0 \u00c9pinal : Epicentre reste soud\u00e9e face aux d\u00e9fis - Epinal Info","robots":{"index":"index","follow":"follow","max-snippet":"max-snippet:-1","max-image-preview":"max-image-preview:large","max-video-preview":"max-video-preview:-1"},"canonical":"https:\/\/vosgesinfo.fr\/epinalinfo\/2025\/04\/vie-commercante-a-epinal-epicentre-reste-soudee-face-aux-defis\/","twitter_card":"summary_large_image","twitter_title":"Vie commer\u00e7ante \u00e0 \u00c9pinal : Epicentre reste soud\u00e9e face aux d\u00e9fis - Epinal Info","twitter_description":"L\u2019espace Cours a accueilli, mardi 1er avril, l\u2019assembl\u00e9e g\u00e9n\u00e9rale d\u2019Epicentre, l\u2019union des commer\u00e7ants et artisans d\u2019\u00c9pinal. Un moment fort pour [&hellip;]","twitter_image":"https:\/\/vosgesinfo.fr\/app\/uploads\/sites\/3\/2025\/04\/ag-epicentre-epinal-3.jpg","twitter_creator":"@VosgesInfo88","twitter_site":"@VosgesInfo88","twitter_misc":{"\u00c9crit par":"C.K.","Dur\u00e9e de lecture estim\u00e9e":"1 minute"},"schema":{"@context":"https:\/\/schema.org","@graph":[{"@type":"Article","@id":"https:\/\/vosgesinfo.fr\/epinalinfo\/2025\/04\/vie-commercante-a-epinal-epicentre-reste-soudee-face-aux-defis\/#article","isPartOf":{"@id":"https:\/\/vosgesinfo.fr\/epinalinfo\/2025\/04\/vie-commercante-a-epinal-epicentre-reste-soudee-face-aux-defis\/"},"author":{"name":"C.K.","@id":"https:\/\/vosgesinfo.fr\/epinalinfo\/#\/schema\/person\/6f9a650eeea99d969b6c4ab78fccbe81"},"headline":"Vie commer\u00e7ante \u00e0 \u00c9pinal : Epicentre reste soud\u00e9e face aux d\u00e9fis","datePublished":"2025-04-04T10:40:34+00:00","dateModified":"2025-04-04T10:33:51+00:00","mainEntityOfPage":{"@id":"https:\/\/vosgesinfo.fr\/epinalinfo\/2025\/04\/vie-commercante-a-epinal-epicentre-reste-soudee-face-aux-defis\/"},"wordCount":282,"commentCount":0,"publisher":{"@id":"https:\/\/vosgesinfo.fr\/epinalinfo\/#organization"},"image":{"@id":"https:\/\/vosgesinfo.fr\/epinalinfo\/2025\/04\/vie-commercante-a-epinal-epicentre-reste-soudee-face-aux-defis\/#primaryimage"},"thumbnailUrl":"https:\/\/vosgesinfo.fr\/app\/uploads\/sites\/3\/2025\/04\/ag-epicentre-epinal-3.jpg","keywords":["Commerce","\u00c9picentre","Epinal"],"articleSection":["A la Une","Epinal"],"inLanguage":"fr-FR","potentialAction":[{"@type":"CommentAction","name":"Comment","target":["https:\/\/vosgesinfo.fr\/epinalinfo\/2025\/04\/vie-commercante-a-epinal-epicentre-reste-soudee-face-aux-defis\/#respond"]}]},{"@type":"WebPage","@id":"https:\/\/vosgesinfo.fr\/epinalinfo\/2025\/04\/vie-commercante-a-epinal-epicentre-reste-soudee-face-aux-defis\/","url":"https:\/\/vosgesinfo.fr\/epinalinfo\/2025\/04\/vie-commercante-a-epinal-epicentre-reste-soudee-face-aux-defis\/","name":"Vie commer\u00e7ante \u00e0 \u00c9pinal : Epicentre reste soud\u00e9e face aux d\u00e9fis - Epinal Info","isPartOf":{"@id":"https:\/\/vosgesinfo.fr\/epinalinfo\/#website"},"primaryImageOfPage":{"@id":"https:\/\/vosgesinfo.fr\/epinalinfo\/2025\/04\/vie-commercante-a-epinal-epicentre-reste-soudee-face-aux-defis\/#primaryimage"},"image":{"@id":"https:\/\/vosgesinfo.fr\/epinalinfo\/2025\/04\/vie-commercante-a-epinal-epicentre-reste-soudee-face-aux-defis\/#primaryimage"},"thumbnailUrl":"https:\/\/vosgesinfo.fr\/app\/uploads\/sites\/3\/2025\/04\/ag-epicentre-epinal-3.jpg","datePublished":"2025-04-04T10:40:34+00:00","dateModified":"2025-04-04T10:33:51+00:00","breadcrumb":{"@id":"https:\/\/vosgesinfo.fr\/epinalinfo\/2025\/04\/vie-commercante-a-epinal-epicentre-reste-soudee-face-aux-defis\/#breadcrumb"},"inLanguage":"fr-FR","potentialAction":[{"@type":"ReadAction","target":["https:\/\/vosgesinfo.fr\/epinalinfo\/2025\/04\/vie-commercante-a-epinal-epicentre-reste-soudee-face-aux-defis\/"]}]},{"@type":"ImageObject","inLanguage":"fr-FR","@id":"https:\/\/vosgesinfo.fr\/epinalinfo\/2025\/04\/vie-commercante-a-epinal-epicentre-reste-soudee-face-aux-defis\/#primaryimage","url":"https:\/\/vosgesinfo.fr\/app\/uploads\/sites\/3\/2025\/04\/ag-epicentre-epinal-3.jpg","contentUrl":"https:\/\/vosgesinfo.fr\/app\/uploads\/sites\/3\/2025\/04\/ag-epicentre-epinal-3.jpg","width":2040,"height":1536},{"@type":"BreadcrumbList","@id":"https:\/\/vosgesinfo.fr\/epinalinfo\/2025\/04\/vie-commercante-a-epinal-epicentre-reste-soudee-face-aux-defis\/#breadcrumb","itemListElement":[{"@type":"ListItem","position":1,"name":"Home","item":"https:\/\/vosgesinfo.fr\/epinalinfo\/"},{"@type":"ListItem","position":2,"name":"Vie commer\u00e7ante \u00e0 \u00c9pinal : Epicentre reste soud\u00e9e face aux d\u00e9fis"}]},{"@type":"WebSite","@id":"https:\/\/vosgesinfo.fr\/epinalinfo\/#website","url":"https:\/\/vosgesinfo.fr\/epinalinfo\/","name":"Epinal Info","description":"Toute l&#039;actualit\u00e9 d&#039;\u00c9pinal","publisher":{"@id":"https:\/\/vosgesinfo.fr\/epinalinfo\/#organization"},"alternateName":"Toute l'actualit\u00e9 d'\u00c9pinal","potentialAction":[{"@type":"SearchAction","target":{"@type":"EntryPoint","urlTemplate":"https:\/\/vosgesinfo.fr\/epinalinfo\/?s={search_term_string}"},"query-input":"required name=search_term_string"}],"inLanguage":"fr-FR"},{"@type":"Organization","@id":"https:\/\/vosgesinfo.fr\/epinalinfo\/#organization","name":"Epinal Info","url":"https:\/\/vosgesinfo.fr\/epinalinfo\/","logo":{"@type":"ImageObject","inLanguage":"fr-FR","@id":"https:\/\/vosgesinfo.fr\/epinalinfo\/#\/schema\/logo\/image\/","url":"https:\/\/vosgesinfo.fr\/app\/uploads\/sites\/3\/2023\/08\/logo-epinalinfos.svg","contentUrl":"https:\/\/vosgesinfo.fr\/app\/uploads\/sites\/3\/2023\/08\/logo-epinalinfos.svg","width":1,"height":1,"caption":"Epinal Info"},"image":{"@id":"https:\/\/vosgesinfo.fr\/epinalinfo\/#\/schema\/logo\/image\/"},"sameAs":["https:\/\/www.facebook.com\/Epinalinfos","https:\/\/x.com\/VosgesInfo88","https:\/\/www.youtube.com\/@vosgesinfo"]},{"@type":"Person","@id":"https:\/\/vosgesinfo.fr\/epinalinfo\/#\/schema\/person\/6f9a650eeea99d969b6c4ab78fccbe81","name":"C.K.","image":{"@type":"ImageObject","inLanguage":"fr-FR","@id":"https:\/\/vosgesinfo.fr\/epinalinfo\/#\/schema\/person\/image\/","url":"https:\/\/secure.gravatar.com\/avatar\/48e3fc7f8421ba8942be6b74a2b7f014ca39bc00dece156b7a8e098ae7dc87bf?s=96&d=mm&r=g","contentUrl":"https:\/\/secure.gravatar.com\/avatar\/48e3fc7f8421ba8942be6b74a2b7f014ca39bc00dece156b7a8e098ae7dc87bf?s=96&d=mm&r=g","caption":"C.K."},"url":"https:\/\/vosgesinfo.fr\/epinalinfo\/author\/celia-k-n\/"}]}},"_links":{"self":[{"href":"https:\/\/vosgesinfo.fr\/epinalinfo\/wp-json\/wp\/v2\/posts\/130588","targetHints":{"allow":["GET"]}}],"collection":[{"href":"https:\/\/vosgesinfo.fr\/epinalinfo\/wp-json\/wp\/v2\/posts"}],"about":[{"href":"https:\/\/vosgesinfo.fr\/epinalinfo\/wp-json\/wp\/v2\/types\/post"}],"author":[{"embeddable":true,"href":"https:\/\/vosgesinfo.fr\/epinalinfo\/wp-json\/wp\/v2\/users\/52"}],"replies":[{"embeddable":true,"href":"https:\/\/vosgesinfo.fr\/epinalinfo\/wp-json\/wp\/v2\/comments?post=130588"}],"version-history":[{"count":1,"href":"https:\/\/vosgesinfo.fr\/epinalinfo\/wp-json\/wp\/v2\/posts\/130588\/revisions"}],"predecessor-version":[{"id":130595,"href":"https:\/\/vosgesinfo.fr\/epinalinfo\/wp-json\/wp\/v2\/posts\/130588\/revisions\/130595"}],"wp:featuredmedia":[{"embeddable":true,"href":"https:\/\/vosgesinfo.fr\/epinalinfo\/wp-json\/wp\/v2\/media\/130590"}],"wp:attachment":[{"href":"https:\/\/vosgesinfo.fr\/epinalinfo\/wp-json\/wp\/v2\/media?parent=130588"}],"wp:term":[{"taxonomy":"category","embeddable":true,"href":"https:\/\/vosgesinfo.fr\/epinalinfo\/wp-json\/wp\/v2\/categories?post=130588"},{"taxonomy":"post_tag","embeddable":true,"href":"https:\/\/vosgesinfo.fr\/epinalinfo\/wp-json\/wp\/v2\/tags?post=130588"}],"curies":[{"name":"wp","href":"https:\/\/api.w.org\/{rel}","templated":true}]}}