{"id":130991,"date":"2025-04-15T07:00:47","date_gmt":"2025-04-15T05:00:47","guid":{"rendered":"https:\/\/vosgesinfo.fr\/epinalinfo\/?p=130991"},"modified":"2025-04-14T19:01:05","modified_gmt":"2025-04-14T17:01:05","slug":"philippe-herard-investit-le-mur-epinal-a-partir-du-25-avril-2025","status":"publish","type":"post","link":"https:\/\/vosgesinfo.fr\/epinalinfo\/2025\/04\/philippe-herard-investit-le-mur-epinal-a-partir-du-25-avril-2025\/","title":{"rendered":"Philippe H\u00e9rard investit Le MUR \u00c9pinal \u00e0 partir du 25 avril 2025"},"content":{"rendered":"<h2 data-start=\"425\" data-end=\"791\"><strong><a href=\"https:\/\/vosgesinfo.fr\/app\/uploads\/sites\/3\/2025\/04\/philippe-hebrard.jpg\"><img decoding=\"async\" class=\"aligncenter size-full wp-image-130992\" src=\"https:\/\/vosgesinfo.fr\/app\/uploads\/sites\/3\/2025\/04\/philippe-hebrard.jpg\" alt=\"\" width=\"500\" height=\"328\" srcset=\"https:\/\/vosgesinfo.fr\/app\/uploads\/sites\/3\/2025\/04\/philippe-hebrard.jpg 500w, https:\/\/vosgesinfo.fr\/app\/uploads\/sites\/3\/2025\/04\/philippe-hebrard-300x197.jpg 300w\" sizes=\"(max-width: 500px) 100vw, 500px\" \/><\/a>\u00c0 partir du 25 avril 2025, le c\u0153ur d\u2019\u00c9pinal vibrera au rythme d\u2019une nouvelle cr\u00e9ation artistique : Philippe H\u00e9rard, figure embl\u00e9matique de l\u2019art urbain po\u00e9tique, investira le MUR#44, poursuivant ainsi la belle tradition du street art \u00e9ph\u00e9m\u00e8re port\u00e9e par l\u2019association Le MUR \u00c9pinal. Il succ\u00e8de \u00e0 ARDIF, dont l\u2019\u0153uvre restera visible jusqu\u2019au 19 avril.<\/strong><\/h2>\n<h4 class=\"\" data-start=\"793\" data-end=\"846\">Une r\u00e9sidence artistique au service de l\u2019\u00e9motion<\/h4>\n<p class=\"\" data-start=\"848\" data-end=\"1237\">C\u2019est dans le parc situ\u00e9 entre La Plomberie et la BMI, sur un panneau de 8 m\u00e8tres sur 3, que Philippe H\u00e9rard m\u00e8nera sa r\u00e9sidence. Il y r\u00e9alisera une \u0153uvre in\u00e9dite, sensible et engag\u00e9e, visible jusqu\u2019au 14 juin 2025. \u00c0 travers cette performance en plein air, l\u2019artiste offrira aux passants un moment suspendu, une respiration po\u00e9tique dans l\u2019espace urbain spinalien.<\/p>\n<h4 class=\"\" data-start=\"1239\" data-end=\"1295\">Un univers onirique, absurde et profond\u00e9ment humain<\/h4>\n<p class=\"\" data-start=\"1297\" data-end=\"1636\">N\u00e9 en 1966, Philippe H\u00e9rard cultive depuis plus de 35 ans un style reconnaissable entre mille : un m\u00e9lange de r\u00eaverie, d\u2019ironie et de profondeur. Ses cr\u00e9ations sont peupl\u00e9es de personnages \u00e9nigmatiques, les fameux \u201cgugusses\u201d, silhouettes anonymes suspendues entre ciel et bitume, porteurs d\u2019une humanit\u00e9 fragile et universelle.<\/p>\n<p class=\"\" data-start=\"1638\" data-end=\"1917\">Avec des mat\u00e9riaux simples \u2013 papier kraft, fusain, journaux recycl\u00e9s, crayon \u2013 H\u00e9rard compose des \u0153uvres riches en textures et en \u00e9motions. Loin des codes tapageurs du street art, il privil\u00e9gie une sobri\u00e9t\u00e9 po\u00e9tique qui invite \u00e0 la r\u00e9flexion autant qu\u2019\u00e0 la contemplation.<\/p>\n<p class=\"\" data-start=\"2296\" data-end=\"2481\">\n","protected":false},"excerpt":{"rendered":"<p>\u00c0 partir du 25 avril 2025, le c\u0153ur d\u2019\u00c9pinal vibrera au rythme d\u2019une nouvelle cr\u00e9ation artistique : Philippe H\u00e9rard, figure [&hellip;]<\/p>\n","protected":false},"author":52,"featured_media":130992,"comment_status":"open","ping_status":"open","sticky":false,"template":"","format":"standard","meta":{"footnotes":""},"categories":[22,24],"tags":[],"class_list":["post-130991","post","type-post","status-publish","format-standard","has-post-thumbnail","hentry","category-a-la-une","category-epinal"],"acf":[],"yoast_head":"<!-- This site is optimized with the Yoast SEO plugin v22.5 - https:\/\/yoast.com\/wordpress\/plugins\/seo\/ -->\n<title>Philippe H\u00e9rard investit Le MUR \u00c9pinal \u00e0 partir du 25 avril 2025 - Epinal Info<\/title>\n<meta name=\"robots\" content=\"index, follow, max-snippet:-1, max-image-preview:large, max-video-preview:-1\" \/>\n<link rel=\"canonical\" href=\"https:\/\/vosgesinfo.fr\/epinalinfo\/2025\/04\/philippe-herard-investit-le-mur-epinal-a-partir-du-25-avril-2025\/\" \/>\n<meta name=\"twitter:card\" content=\"summary_large_image\" \/>\n<meta name=\"twitter:title\" content=\"Philippe H\u00e9rard investit Le MUR \u00c9pinal \u00e0 partir du 25 avril 2025 - Epinal Info\" \/>\n<meta name=\"twitter:description\" content=\"\u00c0 partir du 25 avril 2025, le c\u0153ur d\u2019\u00c9pinal vibrera au rythme d\u2019une nouvelle cr\u00e9ation artistique : Philippe H\u00e9rard, figure [&hellip;]\" \/>\n<meta name=\"twitter:image\" content=\"https:\/\/vosgesinfo.fr\/app\/uploads\/sites\/3\/2025\/04\/philippe-hebrard.jpg\" \/>\n<meta name=\"twitter:creator\" content=\"@VosgesInfo88\" \/>\n<meta name=\"twitter:site\" content=\"@VosgesInfo88\" \/>\n<meta name=\"twitter:label1\" content=\"\u00c9crit par\" \/>\n\t<meta name=\"twitter:data1\" content=\"C.K.\" \/>\n\t<meta name=\"twitter:label2\" content=\"Dur\u00e9e de lecture estim\u00e9e\" \/>\n\t<meta name=\"twitter:data2\" content=\"1 minute\" \/>\n<script type=\"application\/ld+json\" class=\"yoast-schema-graph\">{\"@context\":\"https:\/\/schema.org\",\"@graph\":[{\"@type\":\"Article\",\"@id\":\"https:\/\/vosgesinfo.fr\/epinalinfo\/2025\/04\/philippe-herard-investit-le-mur-epinal-a-partir-du-25-avril-2025\/#article\",\"isPartOf\":{\"@id\":\"https:\/\/vosgesinfo.fr\/epinalinfo\/2025\/04\/philippe-herard-investit-le-mur-epinal-a-partir-du-25-avril-2025\/\"},\"author\":{\"name\":\"C.K.\",\"@id\":\"https:\/\/vosgesinfo.fr\/epinalinfo\/#\/schema\/person\/6f9a650eeea99d969b6c4ab78fccbe81\"},\"headline\":\"Philippe H\u00e9rard investit Le MUR \u00c9pinal \u00e0 partir du 25 avril 2025\",\"datePublished\":\"2025-04-15T05:00:47+00:00\",\"dateModified\":\"2025-04-14T17:01:05+00:00\",\"mainEntityOfPage\":{\"@id\":\"https:\/\/vosgesinfo.fr\/epinalinfo\/2025\/04\/philippe-herard-investit-le-mur-epinal-a-partir-du-25-avril-2025\/\"},\"wordCount\":256,\"commentCount\":0,\"publisher\":{\"@id\":\"https:\/\/vosgesinfo.fr\/epinalinfo\/#organization\"},\"image\":{\"@id\":\"https:\/\/vosgesinfo.fr\/epinalinfo\/2025\/04\/philippe-herard-investit-le-mur-epinal-a-partir-du-25-avril-2025\/#primaryimage\"},\"thumbnailUrl\":\"https:\/\/vosgesinfo.fr\/app\/uploads\/sites\/3\/2025\/04\/philippe-hebrard.jpg\",\"articleSection\":[\"A la Une\",\"Epinal\"],\"inLanguage\":\"fr-FR\",\"potentialAction\":[{\"@type\":\"CommentAction\",\"name\":\"Comment\",\"target\":[\"https:\/\/vosgesinfo.fr\/epinalinfo\/2025\/04\/philippe-herard-investit-le-mur-epinal-a-partir-du-25-avril-2025\/#respond\"]}]},{\"@type\":\"WebPage\",\"@id\":\"https:\/\/vosgesinfo.fr\/epinalinfo\/2025\/04\/philippe-herard-investit-le-mur-epinal-a-partir-du-25-avril-2025\/\",\"url\":\"https:\/\/vosgesinfo.fr\/epinalinfo\/2025\/04\/philippe-herard-investit-le-mur-epinal-a-partir-du-25-avril-2025\/\",\"name\":\"Philippe H\u00e9rard investit Le MUR \u00c9pinal \u00e0 partir du 25 avril 2025 - Epinal Info\",\"isPartOf\":{\"@id\":\"https:\/\/vosgesinfo.fr\/epinalinfo\/#website\"},\"primaryImageOfPage\":{\"@id\":\"https:\/\/vosgesinfo.fr\/epinalinfo\/2025\/04\/philippe-herard-investit-le-mur-epinal-a-partir-du-25-avril-2025\/#primaryimage\"},\"image\":{\"@id\":\"https:\/\/vosgesinfo.fr\/epinalinfo\/2025\/04\/philippe-herard-investit-le-mur-epinal-a-partir-du-25-avril-2025\/#primaryimage\"},\"thumbnailUrl\":\"https:\/\/vosgesinfo.fr\/app\/uploads\/sites\/3\/2025\/04\/philippe-hebrard.jpg\",\"datePublished\":\"2025-04-15T05:00:47+00:00\",\"dateModified\":\"2025-04-14T17:01:05+00:00\",\"breadcrumb\":{\"@id\":\"https:\/\/vosgesinfo.fr\/epinalinfo\/2025\/04\/philippe-herard-investit-le-mur-epinal-a-partir-du-25-avril-2025\/#breadcrumb\"},\"inLanguage\":\"fr-FR\",\"potentialAction\":[{\"@type\":\"ReadAction\",\"target\":[\"https:\/\/vosgesinfo.fr\/epinalinfo\/2025\/04\/philippe-herard-investit-le-mur-epinal-a-partir-du-25-avril-2025\/\"]}]},{\"@type\":\"ImageObject\",\"inLanguage\":\"fr-FR\",\"@id\":\"https:\/\/vosgesinfo.fr\/epinalinfo\/2025\/04\/philippe-herard-investit-le-mur-epinal-a-partir-du-25-avril-2025\/#primaryimage\",\"url\":\"https:\/\/vosgesinfo.fr\/app\/uploads\/sites\/3\/2025\/04\/philippe-hebrard.jpg\",\"contentUrl\":\"https:\/\/vosgesinfo.fr\/app\/uploads\/sites\/3\/2025\/04\/philippe-hebrard.jpg\",\"width\":500,\"height\":328},{\"@type\":\"BreadcrumbList\",\"@id\":\"https:\/\/vosgesinfo.fr\/epinalinfo\/2025\/04\/philippe-herard-investit-le-mur-epinal-a-partir-du-25-avril-2025\/#breadcrumb\",\"itemListElement\":[{\"@type\":\"ListItem\",\"position\":1,\"name\":\"Home\",\"item\":\"https:\/\/vosgesinfo.fr\/epinalinfo\/\"},{\"@type\":\"ListItem\",\"position\":2,\"name\":\"Philippe H\u00e9rard investit Le MUR \u00c9pinal \u00e0 partir du 25 avril 2025\"}]},{\"@type\":\"WebSite\",\"@id\":\"https:\/\/vosgesinfo.fr\/epinalinfo\/#website\",\"url\":\"https:\/\/vosgesinfo.fr\/epinalinfo\/\",\"name\":\"Epinal Info\",\"description\":\"Toute l&#039;actualit\u00e9 d&#039;\u00c9pinal\",\"publisher\":{\"@id\":\"https:\/\/vosgesinfo.fr\/epinalinfo\/#organization\"},\"alternateName\":\"Toute l'actualit\u00e9 d'\u00c9pinal\",\"potentialAction\":[{\"@type\":\"SearchAction\",\"target\":{\"@type\":\"EntryPoint\",\"urlTemplate\":\"https:\/\/vosgesinfo.fr\/epinalinfo\/?s={search_term_string}\"},\"query-input\":\"required name=search_term_string\"}],\"inLanguage\":\"fr-FR\"},{\"@type\":\"Organization\",\"@id\":\"https:\/\/vosgesinfo.fr\/epinalinfo\/#organization\",\"name\":\"Epinal Info\",\"url\":\"https:\/\/vosgesinfo.fr\/epinalinfo\/\",\"logo\":{\"@type\":\"ImageObject\",\"inLanguage\":\"fr-FR\",\"@id\":\"https:\/\/vosgesinfo.fr\/epinalinfo\/#\/schema\/logo\/image\/\",\"url\":\"https:\/\/vosgesinfo.fr\/app\/uploads\/sites\/3\/2023\/08\/logo-epinalinfos.svg\",\"contentUrl\":\"https:\/\/vosgesinfo.fr\/app\/uploads\/sites\/3\/2023\/08\/logo-epinalinfos.svg\",\"width\":1,\"height\":1,\"caption\":\"Epinal Info\"},\"image\":{\"@id\":\"https:\/\/vosgesinfo.fr\/epinalinfo\/#\/schema\/logo\/image\/\"},\"sameAs\":[\"https:\/\/www.facebook.com\/Epinalinfos\",\"https:\/\/x.com\/VosgesInfo88\",\"https:\/\/www.youtube.com\/@vosgesinfo\"]},{\"@type\":\"Person\",\"@id\":\"https:\/\/vosgesinfo.fr\/epinalinfo\/#\/schema\/person\/6f9a650eeea99d969b6c4ab78fccbe81\",\"name\":\"C.K.\",\"image\":{\"@type\":\"ImageObject\",\"inLanguage\":\"fr-FR\",\"@id\":\"https:\/\/vosgesinfo.fr\/epinalinfo\/#\/schema\/person\/image\/\",\"url\":\"https:\/\/secure.gravatar.com\/avatar\/48e3fc7f8421ba8942be6b74a2b7f014ca39bc00dece156b7a8e098ae7dc87bf?s=96&d=mm&r=g\",\"contentUrl\":\"https:\/\/secure.gravatar.com\/avatar\/48e3fc7f8421ba8942be6b74a2b7f014ca39bc00dece156b7a8e098ae7dc87bf?s=96&d=mm&r=g\",\"caption\":\"C.K.\"},\"url\":\"https:\/\/vosgesinfo.fr\/epinalinfo\/author\/celia-k-n\/\"}]}<\/script>\n<!-- \/ Yoast SEO plugin. -->","yoast_head_json":{"title":"Philippe H\u00e9rard investit Le MUR \u00c9pinal \u00e0 partir du 25 avril 2025 - Epinal Info","robots":{"index":"index","follow":"follow","max-snippet":"max-snippet:-1","max-image-preview":"max-image-preview:large","max-video-preview":"max-video-preview:-1"},"canonical":"https:\/\/vosgesinfo.fr\/epinalinfo\/2025\/04\/philippe-herard-investit-le-mur-epinal-a-partir-du-25-avril-2025\/","twitter_card":"summary_large_image","twitter_title":"Philippe H\u00e9rard investit Le MUR \u00c9pinal \u00e0 partir du 25 avril 2025 - Epinal Info","twitter_description":"\u00c0 partir du 25 avril 2025, le c\u0153ur d\u2019\u00c9pinal vibrera au rythme d\u2019une nouvelle cr\u00e9ation artistique : Philippe H\u00e9rard, figure [&hellip;]","twitter_image":"https:\/\/vosgesinfo.fr\/app\/uploads\/sites\/3\/2025\/04\/philippe-hebrard.jpg","twitter_creator":"@VosgesInfo88","twitter_site":"@VosgesInfo88","twitter_misc":{"\u00c9crit par":"C.K.","Dur\u00e9e de lecture estim\u00e9e":"1 minute"},"schema":{"@context":"https:\/\/schema.org","@graph":[{"@type":"Article","@id":"https:\/\/vosgesinfo.fr\/epinalinfo\/2025\/04\/philippe-herard-investit-le-mur-epinal-a-partir-du-25-avril-2025\/#article","isPartOf":{"@id":"https:\/\/vosgesinfo.fr\/epinalinfo\/2025\/04\/philippe-herard-investit-le-mur-epinal-a-partir-du-25-avril-2025\/"},"author":{"name":"C.K.","@id":"https:\/\/vosgesinfo.fr\/epinalinfo\/#\/schema\/person\/6f9a650eeea99d969b6c4ab78fccbe81"},"headline":"Philippe H\u00e9rard investit Le MUR \u00c9pinal \u00e0 partir du 25 avril 2025","datePublished":"2025-04-15T05:00:47+00:00","dateModified":"2025-04-14T17:01:05+00:00","mainEntityOfPage":{"@id":"https:\/\/vosgesinfo.fr\/epinalinfo\/2025\/04\/philippe-herard-investit-le-mur-epinal-a-partir-du-25-avril-2025\/"},"wordCount":256,"commentCount":0,"publisher":{"@id":"https:\/\/vosgesinfo.fr\/epinalinfo\/#organization"},"image":{"@id":"https:\/\/vosgesinfo.fr\/epinalinfo\/2025\/04\/philippe-herard-investit-le-mur-epinal-a-partir-du-25-avril-2025\/#primaryimage"},"thumbnailUrl":"https:\/\/vosgesinfo.fr\/app\/uploads\/sites\/3\/2025\/04\/philippe-hebrard.jpg","articleSection":["A la Une","Epinal"],"inLanguage":"fr-FR","potentialAction":[{"@type":"CommentAction","name":"Comment","target":["https:\/\/vosgesinfo.fr\/epinalinfo\/2025\/04\/philippe-herard-investit-le-mur-epinal-a-partir-du-25-avril-2025\/#respond"]}]},{"@type":"WebPage","@id":"https:\/\/vosgesinfo.fr\/epinalinfo\/2025\/04\/philippe-herard-investit-le-mur-epinal-a-partir-du-25-avril-2025\/","url":"https:\/\/vosgesinfo.fr\/epinalinfo\/2025\/04\/philippe-herard-investit-le-mur-epinal-a-partir-du-25-avril-2025\/","name":"Philippe H\u00e9rard investit Le MUR \u00c9pinal \u00e0 partir du 25 avril 2025 - Epinal Info","isPartOf":{"@id":"https:\/\/vosgesinfo.fr\/epinalinfo\/#website"},"primaryImageOfPage":{"@id":"https:\/\/vosgesinfo.fr\/epinalinfo\/2025\/04\/philippe-herard-investit-le-mur-epinal-a-partir-du-25-avril-2025\/#primaryimage"},"image":{"@id":"https:\/\/vosgesinfo.fr\/epinalinfo\/2025\/04\/philippe-herard-investit-le-mur-epinal-a-partir-du-25-avril-2025\/#primaryimage"},"thumbnailUrl":"https:\/\/vosgesinfo.fr\/app\/uploads\/sites\/3\/2025\/04\/philippe-hebrard.jpg","datePublished":"2025-04-15T05:00:47+00:00","dateModified":"2025-04-14T17:01:05+00:00","breadcrumb":{"@id":"https:\/\/vosgesinfo.fr\/epinalinfo\/2025\/04\/philippe-herard-investit-le-mur-epinal-a-partir-du-25-avril-2025\/#breadcrumb"},"inLanguage":"fr-FR","potentialAction":[{"@type":"ReadAction","target":["https:\/\/vosgesinfo.fr\/epinalinfo\/2025\/04\/philippe-herard-investit-le-mur-epinal-a-partir-du-25-avril-2025\/"]}]},{"@type":"ImageObject","inLanguage":"fr-FR","@id":"https:\/\/vosgesinfo.fr\/epinalinfo\/2025\/04\/philippe-herard-investit-le-mur-epinal-a-partir-du-25-avril-2025\/#primaryimage","url":"https:\/\/vosgesinfo.fr\/app\/uploads\/sites\/3\/2025\/04\/philippe-hebrard.jpg","contentUrl":"https:\/\/vosgesinfo.fr\/app\/uploads\/sites\/3\/2025\/04\/philippe-hebrard.jpg","width":500,"height":328},{"@type":"BreadcrumbList","@id":"https:\/\/vosgesinfo.fr\/epinalinfo\/2025\/04\/philippe-herard-investit-le-mur-epinal-a-partir-du-25-avril-2025\/#breadcrumb","itemListElement":[{"@type":"ListItem","position":1,"name":"Home","item":"https:\/\/vosgesinfo.fr\/epinalinfo\/"},{"@type":"ListItem","position":2,"name":"Philippe H\u00e9rard investit Le MUR \u00c9pinal \u00e0 partir du 25 avril 2025"}]},{"@type":"WebSite","@id":"https:\/\/vosgesinfo.fr\/epinalinfo\/#website","url":"https:\/\/vosgesinfo.fr\/epinalinfo\/","name":"Epinal Info","description":"Toute l&#039;actualit\u00e9 d&#039;\u00c9pinal","publisher":{"@id":"https:\/\/vosgesinfo.fr\/epinalinfo\/#organization"},"alternateName":"Toute l'actualit\u00e9 d'\u00c9pinal","potentialAction":[{"@type":"SearchAction","target":{"@type":"EntryPoint","urlTemplate":"https:\/\/vosgesinfo.fr\/epinalinfo\/?s={search_term_string}"},"query-input":"required name=search_term_string"}],"inLanguage":"fr-FR"},{"@type":"Organization","@id":"https:\/\/vosgesinfo.fr\/epinalinfo\/#organization","name":"Epinal Info","url":"https:\/\/vosgesinfo.fr\/epinalinfo\/","logo":{"@type":"ImageObject","inLanguage":"fr-FR","@id":"https:\/\/vosgesinfo.fr\/epinalinfo\/#\/schema\/logo\/image\/","url":"https:\/\/vosgesinfo.fr\/app\/uploads\/sites\/3\/2023\/08\/logo-epinalinfos.svg","contentUrl":"https:\/\/vosgesinfo.fr\/app\/uploads\/sites\/3\/2023\/08\/logo-epinalinfos.svg","width":1,"height":1,"caption":"Epinal Info"},"image":{"@id":"https:\/\/vosgesinfo.fr\/epinalinfo\/#\/schema\/logo\/image\/"},"sameAs":["https:\/\/www.facebook.com\/Epinalinfos","https:\/\/x.com\/VosgesInfo88","https:\/\/www.youtube.com\/@vosgesinfo"]},{"@type":"Person","@id":"https:\/\/vosgesinfo.fr\/epinalinfo\/#\/schema\/person\/6f9a650eeea99d969b6c4ab78fccbe81","name":"C.K.","image":{"@type":"ImageObject","inLanguage":"fr-FR","@id":"https:\/\/vosgesinfo.fr\/epinalinfo\/#\/schema\/person\/image\/","url":"https:\/\/secure.gravatar.com\/avatar\/48e3fc7f8421ba8942be6b74a2b7f014ca39bc00dece156b7a8e098ae7dc87bf?s=96&d=mm&r=g","contentUrl":"https:\/\/secure.gravatar.com\/avatar\/48e3fc7f8421ba8942be6b74a2b7f014ca39bc00dece156b7a8e098ae7dc87bf?s=96&d=mm&r=g","caption":"C.K."},"url":"https:\/\/vosgesinfo.fr\/epinalinfo\/author\/celia-k-n\/"}]}},"_links":{"self":[{"href":"https:\/\/vosgesinfo.fr\/epinalinfo\/wp-json\/wp\/v2\/posts\/130991","targetHints":{"allow":["GET"]}}],"collection":[{"href":"https:\/\/vosgesinfo.fr\/epinalinfo\/wp-json\/wp\/v2\/posts"}],"about":[{"href":"https:\/\/vosgesinfo.fr\/epinalinfo\/wp-json\/wp\/v2\/types\/post"}],"author":[{"embeddable":true,"href":"https:\/\/vosgesinfo.fr\/epinalinfo\/wp-json\/wp\/v2\/users\/52"}],"replies":[{"embeddable":true,"href":"https:\/\/vosgesinfo.fr\/epinalinfo\/wp-json\/wp\/v2\/comments?post=130991"}],"version-history":[{"count":1,"href":"https:\/\/vosgesinfo.fr\/epinalinfo\/wp-json\/wp\/v2\/posts\/130991\/revisions"}],"predecessor-version":[{"id":130993,"href":"https:\/\/vosgesinfo.fr\/epinalinfo\/wp-json\/wp\/v2\/posts\/130991\/revisions\/130993"}],"wp:featuredmedia":[{"embeddable":true,"href":"https:\/\/vosgesinfo.fr\/epinalinfo\/wp-json\/wp\/v2\/media\/130992"}],"wp:attachment":[{"href":"https:\/\/vosgesinfo.fr\/epinalinfo\/wp-json\/wp\/v2\/media?parent=130991"}],"wp:term":[{"taxonomy":"category","embeddable":true,"href":"https:\/\/vosgesinfo.fr\/epinalinfo\/wp-json\/wp\/v2\/categories?post=130991"},{"taxonomy":"post_tag","embeddable":true,"href":"https:\/\/vosgesinfo.fr\/epinalinfo\/wp-json\/wp\/v2\/tags?post=130991"}],"curies":[{"name":"wp","href":"https:\/\/api.w.org\/{rel}","templated":true}]}}