{"id":131047,"date":"2025-04-18T10:00:19","date_gmt":"2025-04-18T08:00:19","guid":{"rendered":"https:\/\/vosgesinfo.fr\/epinalinfo\/?p=131047"},"modified":"2025-04-18T09:53:05","modified_gmt":"2025-04-18T07:53:05","slug":"un-nouveau-souffle-pour-les-familles-en-neonatologie-inauguration-dun-salon-dedie-au-ch-depinal","status":"publish","type":"post","link":"https:\/\/vosgesinfo.fr\/epinalinfo\/2025\/04\/un-nouveau-souffle-pour-les-familles-en-neonatologie-inauguration-dun-salon-dedie-au-ch-depinal\/","title":{"rendered":"Un nouveau souffle pour les familles en n\u00e9onatologie : inauguration d\u2019un salon d\u00e9di\u00e9 au CH d\u2019\u00c9pinal"},"content":{"rendered":"<div id=\"attachment_131122\" style=\"width: 494px\" class=\"wp-caption aligncenter\"><a href=\"https:\/\/vosgesinfo.fr\/app\/uploads\/sites\/3\/2025\/04\/espace-familial-003.jpg\"><img decoding=\"async\" aria-describedby=\"caption-attachment-131122\" class=\"size-full wp-image-131122\" src=\"https:\/\/vosgesinfo.fr\/app\/uploads\/sites\/3\/2025\/04\/espace-familial-003.jpg\" alt=\"\" width=\"484\" height=\"323\" srcset=\"https:\/\/vosgesinfo.fr\/app\/uploads\/sites\/3\/2025\/04\/espace-familial-003.jpg 484w, https:\/\/vosgesinfo.fr\/app\/uploads\/sites\/3\/2025\/04\/espace-familial-003-300x200.jpg 300w\" sizes=\"(max-width: 484px) 100vw, 484px\" \/><\/a><p id=\"caption-attachment-131122\" class=\"wp-caption-text\">PBP-PHOTOGRAPHIE<\/p><\/div>\n<h2 data-start=\"500\" data-end=\"835\"><strong>Une belle initiative a vu le jour ce jeudi au Centre Hospitalier d\u2019\u00c9pinal avec l\u2019inauguration d\u2019un tout nouvel espace : le salon des familles, am\u00e9nag\u00e9 au sein du service de p\u00e9diatrie et de n\u00e9onatologie. Ce lieu accueillant a \u00e9t\u00e9 con\u00e7u pour offrir un moment de r\u00e9pit aux proches des jeunes patients hospitalis\u00e9s.<\/strong><\/h2>\n<h4 class=\"\" data-start=\"837\" data-end=\"873\"><strong data-start=\"842\" data-end=\"873\">Un projet port\u00e9 par le c\u0153ur<\/strong><\/h4>\n<p class=\"\" data-start=\"875\" data-end=\"1399\">Derri\u00e8re cette belle r\u00e9alisation, une association au grand c\u0153ur : \u00ab Ana\u00efs contre la leuc\u00e9mie \u00bb. Partie d\u2019une simple id\u00e9e et d\u2019une page blanche, l\u2019association a imagin\u00e9, pens\u00e9 et concr\u00e9tis\u00e9 ce projet dans les moindres d\u00e9tails. En \u00e9troite collaboration avec le personnel hospitalier, les membres ont pris en charge l\u2019int\u00e9gralit\u00e9 du processus : choix des fournisseurs, am\u00e9nagement de la pi\u00e8ce, s\u00e9lection du mobilier et des \u00e9quipements. Cuisine, banquette, table, poufs, vaisselle, d\u00e9coration\u2026 rien n\u2019a \u00e9t\u00e9 laiss\u00e9 au hasard.<\/p>\n<p class=\"\" data-start=\"1401\" data-end=\"1694\">R\u00e9sultat : un espace chaleureux, \u00e0 l\u2019image de l\u2019engagement de ses cr\u00e9ateurs. Ce salon permet d\u00e9sormais aux familles de se reposer, se restaurer ou tout simplement souffler dans un cadre apaisant, notamment lorsqu\u2019elles doivent quitter momentan\u00e9ment la chambre de leur enfant lors de soins.<\/p>\n<h4 class=\"\" data-start=\"1696\" data-end=\"1756\"><strong data-start=\"1701\" data-end=\"1756\">Une association n\u00e9e d\u2019un drame, engag\u00e9e pour la vie<\/strong><\/h4>\n<p class=\"\" data-start=\"1758\" data-end=\"2013\">L\u2019association \u00ab Ana\u00efs contre la leuc\u00e9mie \u00bb a vu le jour en 2013, apr\u00e8s la disparition soudaine d\u2019Ana\u00efs, une adolescente de 16 ans emport\u00e9e par une leuc\u00e9mie foudroyante. Depuis, ses proches ont transform\u00e9 leur douleur en un formidable moteur de solidarit\u00e9.<\/p>\n<p class=\"\" data-start=\"2015\" data-end=\"2252\">Leur mission : apporter du r\u00e9confort aux enfants malades, financer la recherche et r\u00e9aliser des r\u00eaves d\u2019enfants. Pour cela, ils organisent r\u00e9guli\u00e8rement des \u00e9v\u00e9nements solidaires : marches gourmandes, lotos, bapt\u00eames de rallye, bals\u2026<\/p>\n<p class=\"\" data-start=\"2254\" data-end=\"2656\">Leur engagement ne s\u2019arr\u00eate pas l\u00e0. L\u2019association reverse \u00e9galement des dons concrets, notamment 10 000 euros remis au bio-p\u00f4le de Nancy-Brabois pour soutenir directement la recherche. Elle d\u00e9veloppe aussi des projets similaires dans d\u2019autres \u00e9tablissements hospitaliers de la r\u00e9gion : une chambre de r\u00e9pit \u00e0 Brabois, des ateliers cuisine \u00e0 Remiremont\u2026 et d\u00e9sormais, ce salon des familles \u00e0 \u00c9pinal.<\/p>\n<h4 class=\"\" data-start=\"2658\" data-end=\"2707\"><strong data-start=\"2663\" data-end=\"2707\">Un lieu pour apaiser, un lieu pour aimer<\/strong><\/h4>\n<p class=\"\" data-start=\"2709\" data-end=\"3041\">Ce salon des familles n\u2019est pas simplement une pi\u00e8ce de plus dans le service. C\u2019est un v\u00e9ritable cocon, pens\u00e9 avec empathie, destin\u00e9 \u00e0 soutenir ceux qui accompagnent les tout-petits dans leur combat. Il t\u00e9moigne d\u2019un bel \u00e9lan de g\u00e9n\u00e9rosit\u00e9 et de solidarit\u00e9, preuve que m\u00eame au c\u0153ur de la douleur peuvent na\u00eetre de beaux projets.<\/p>\n\n\t\t<style type=\"text\/css\">\n\t\t\t#gallery-1 {\n\t\t\t\tmargin: auto;\n\t\t\t}\n\t\t\t#gallery-1 .gallery-item {\n\t\t\t\tfloat: left;\n\t\t\t\tmargin-top: 10px;\n\t\t\t\ttext-align: center;\n\t\t\t\twidth: 33%;\n\t\t\t}\n\t\t\t#gallery-1 img {\n\t\t\t\tborder: 2px solid #cfcfcf;\n\t\t\t}\n\t\t\t#gallery-1 .gallery-caption {\n\t\t\t\tmargin-left: 0;\n\t\t\t}\n\t\t\t\/* see gallery_shortcode() in wp-includes\/media.php *\/\n\t\t<\/style>\n\t\t<div id='gallery-1' class='gallery galleryid-131047 gallery-columns-3 gallery-size-large'><dl class='gallery-item'>\n\t\t\t<dt class='gallery-icon portrait'>\n\t\t\t\t<a href='https:\/\/vosgesinfo.fr\/app\/uploads\/sites\/3\/2025\/04\/espace-familial-015.jpg'><img decoding=\"async\" width=\"338\" height=\"507\" src=\"https:\/\/vosgesinfo.fr\/app\/uploads\/sites\/3\/2025\/04\/espace-familial-015.jpg\" class=\"attachment-large size-large\" alt=\"\" aria-describedby=\"gallery-1-131123\" srcset=\"https:\/\/vosgesinfo.fr\/app\/uploads\/sites\/3\/2025\/04\/espace-familial-015.jpg 338w, https:\/\/vosgesinfo.fr\/app\/uploads\/sites\/3\/2025\/04\/espace-familial-015-200x300.jpg 200w\" sizes=\"(max-width: 338px) 100vw, 338px\" \/><\/a>\n\t\t\t<\/dt>\n\t\t\t\t<dd class='wp-caption-text gallery-caption' id='gallery-1-131123'>\n\t\t\t\tPBP-PHOTOGRAPHIE\n\t\t\t\t<\/dd><\/dl><dl class='gallery-item'>\n\t\t\t<dt class='gallery-icon landscape'>\n\t\t\t\t<a href='https:\/\/vosgesinfo.fr\/app\/uploads\/sites\/3\/2025\/04\/espace-familial-002.jpg'><img decoding=\"async\" width=\"509\" height=\"340\" src=\"https:\/\/vosgesinfo.fr\/app\/uploads\/sites\/3\/2025\/04\/espace-familial-002.jpg\" class=\"attachment-large size-large\" alt=\"\" aria-describedby=\"gallery-1-131124\" srcset=\"https:\/\/vosgesinfo.fr\/app\/uploads\/sites\/3\/2025\/04\/espace-familial-002.jpg 509w, https:\/\/vosgesinfo.fr\/app\/uploads\/sites\/3\/2025\/04\/espace-familial-002-300x200.jpg 300w\" sizes=\"(max-width: 509px) 100vw, 509px\" \/><\/a>\n\t\t\t<\/dt>\n\t\t\t\t<dd class='wp-caption-text gallery-caption' id='gallery-1-131124'>\n\t\t\t\tPBP-PHOTOGRAPHIE\n\t\t\t\t<\/dd><\/dl><dl class='gallery-item'>\n\t\t\t<dt class='gallery-icon landscape'>\n\t\t\t\t<a href='https:\/\/vosgesinfo.fr\/app\/uploads\/sites\/3\/2025\/04\/espace-familial-005.jpg'><img decoding=\"async\" width=\"547\" height=\"365\" src=\"https:\/\/vosgesinfo.fr\/app\/uploads\/sites\/3\/2025\/04\/espace-familial-005.jpg\" class=\"attachment-large size-large\" alt=\"\" aria-describedby=\"gallery-1-131125\" srcset=\"https:\/\/vosgesinfo.fr\/app\/uploads\/sites\/3\/2025\/04\/espace-familial-005.jpg 547w, https:\/\/vosgesinfo.fr\/app\/uploads\/sites\/3\/2025\/04\/espace-familial-005-300x200.jpg 300w\" sizes=\"(max-width: 547px) 100vw, 547px\" \/><\/a>\n\t\t\t<\/dt>\n\t\t\t\t<dd class='wp-caption-text gallery-caption' id='gallery-1-131125'>\n\t\t\t\tPBP-PHOTOGRAPHIE\n\t\t\t\t<\/dd><\/dl><br style=\"clear: both\" \/><dl class='gallery-item'>\n\t\t\t<dt class='gallery-icon landscape'>\n\t\t\t\t<a href='https:\/\/vosgesinfo.fr\/app\/uploads\/sites\/3\/2025\/04\/espace-familial-007.jpg'><img decoding=\"async\" width=\"468\" height=\"313\" src=\"https:\/\/vosgesinfo.fr\/app\/uploads\/sites\/3\/2025\/04\/espace-familial-007.jpg\" class=\"attachment-large size-large\" alt=\"\" aria-describedby=\"gallery-1-131126\" srcset=\"https:\/\/vosgesinfo.fr\/app\/uploads\/sites\/3\/2025\/04\/espace-familial-007.jpg 468w, https:\/\/vosgesinfo.fr\/app\/uploads\/sites\/3\/2025\/04\/espace-familial-007-300x201.jpg 300w\" sizes=\"(max-width: 468px) 100vw, 468px\" \/><\/a>\n\t\t\t<\/dt>\n\t\t\t\t<dd class='wp-caption-text gallery-caption' id='gallery-1-131126'>\n\t\t\t\tPBP-PHOTOGRAPHIE\n\t\t\t\t<\/dd><\/dl><dl class='gallery-item'>\n\t\t\t<dt class='gallery-icon landscape'>\n\t\t\t\t<a href='https:\/\/vosgesinfo.fr\/app\/uploads\/sites\/3\/2025\/04\/espace-familial-009.jpg'><img decoding=\"async\" width=\"540\" height=\"361\" src=\"https:\/\/vosgesinfo.fr\/app\/uploads\/sites\/3\/2025\/04\/espace-familial-009.jpg\" class=\"attachment-large size-large\" alt=\"\" aria-describedby=\"gallery-1-131127\" srcset=\"https:\/\/vosgesinfo.fr\/app\/uploads\/sites\/3\/2025\/04\/espace-familial-009.jpg 540w, https:\/\/vosgesinfo.fr\/app\/uploads\/sites\/3\/2025\/04\/espace-familial-009-300x201.jpg 300w\" sizes=\"(max-width: 540px) 100vw, 540px\" \/><\/a>\n\t\t\t<\/dt>\n\t\t\t\t<dd class='wp-caption-text gallery-caption' id='gallery-1-131127'>\n\t\t\t\tPBP-PHOTOGRAPHIE\n\t\t\t\t<\/dd><\/dl><dl class='gallery-item'>\n\t\t\t<dt class='gallery-icon landscape'>\n\t\t\t\t<a href='https:\/\/vosgesinfo.fr\/app\/uploads\/sites\/3\/2025\/04\/espace-familial-010.jpg'><img decoding=\"async\" width=\"435\" height=\"291\" src=\"https:\/\/vosgesinfo.fr\/app\/uploads\/sites\/3\/2025\/04\/espace-familial-010.jpg\" class=\"attachment-large size-large\" alt=\"\" aria-describedby=\"gallery-1-131128\" srcset=\"https:\/\/vosgesinfo.fr\/app\/uploads\/sites\/3\/2025\/04\/espace-familial-010.jpg 435w, https:\/\/vosgesinfo.fr\/app\/uploads\/sites\/3\/2025\/04\/espace-familial-010-300x201.jpg 300w\" sizes=\"(max-width: 435px) 100vw, 435px\" \/><\/a>\n\t\t\t<\/dt>\n\t\t\t\t<dd class='wp-caption-text gallery-caption' id='gallery-1-131128'>\n\t\t\t\tPBP-PHOTOGRAPHIE\n\t\t\t\t<\/dd><\/dl><br style=\"clear: both\" \/>\n\t\t<\/div>\n\n","protected":false},"excerpt":{"rendered":"<p>Une belle initiative a vu le jour ce jeudi au Centre Hospitalier d\u2019\u00c9pinal avec l\u2019inauguration d\u2019un tout nouvel espace : [&hellip;]<\/p>\n","protected":false},"author":52,"featured_media":131122,"comment_status":"open","ping_status":"open","sticky":false,"template":"","format":"standard","meta":{"footnotes":""},"categories":[22,24,14,5],"tags":[],"class_list":["post-131047","post","type-post","status-publish","format-standard","has-post-thumbnail","hentry","category-a-la-une","category-epinal","category-sante","category-vosges"],"acf":[],"yoast_head":"<!-- This site is optimized with the Yoast SEO plugin v22.5 - https:\/\/yoast.com\/wordpress\/plugins\/seo\/ -->\n<title>Un nouveau souffle pour les familles en n\u00e9onatologie : inauguration d\u2019un salon d\u00e9di\u00e9 au CH d\u2019\u00c9pinal - Epinal Info<\/title>\n<meta name=\"robots\" content=\"index, follow, max-snippet:-1, max-image-preview:large, max-video-preview:-1\" \/>\n<link rel=\"canonical\" href=\"https:\/\/vosgesinfo.fr\/epinalinfo\/2025\/04\/un-nouveau-souffle-pour-les-familles-en-neonatologie-inauguration-dun-salon-dedie-au-ch-depinal\/\" \/>\n<meta name=\"twitter:card\" content=\"summary_large_image\" \/>\n<meta name=\"twitter:title\" content=\"Un nouveau souffle pour les familles en n\u00e9onatologie : inauguration d\u2019un salon d\u00e9di\u00e9 au CH d\u2019\u00c9pinal - Epinal Info\" \/>\n<meta name=\"twitter:description\" content=\"Une belle initiative a vu le jour ce jeudi au Centre Hospitalier d\u2019\u00c9pinal avec l\u2019inauguration d\u2019un tout nouvel espace : [&hellip;]\" \/>\n<meta name=\"twitter:image\" content=\"https:\/\/vosgesinfo.fr\/app\/uploads\/sites\/3\/2025\/04\/espace-familial-003.jpg\" \/>\n<meta name=\"twitter:creator\" content=\"@VosgesInfo88\" \/>\n<meta name=\"twitter:site\" content=\"@VosgesInfo88\" \/>\n<meta name=\"twitter:label1\" content=\"\u00c9crit par\" \/>\n\t<meta name=\"twitter:data1\" content=\"C.K.\" \/>\n\t<meta name=\"twitter:label2\" content=\"Dur\u00e9e de lecture estim\u00e9e\" \/>\n\t<meta name=\"twitter:data2\" content=\"2 minutes\" \/>\n<script type=\"application\/ld+json\" class=\"yoast-schema-graph\">{\"@context\":\"https:\/\/schema.org\",\"@graph\":[{\"@type\":\"Article\",\"@id\":\"https:\/\/vosgesinfo.fr\/epinalinfo\/2025\/04\/un-nouveau-souffle-pour-les-familles-en-neonatologie-inauguration-dun-salon-dedie-au-ch-depinal\/#article\",\"isPartOf\":{\"@id\":\"https:\/\/vosgesinfo.fr\/epinalinfo\/2025\/04\/un-nouveau-souffle-pour-les-familles-en-neonatologie-inauguration-dun-salon-dedie-au-ch-depinal\/\"},\"author\":{\"name\":\"C.K.\",\"@id\":\"https:\/\/vosgesinfo.fr\/epinalinfo\/#\/schema\/person\/6f9a650eeea99d969b6c4ab78fccbe81\"},\"headline\":\"Un nouveau souffle pour les familles en n\u00e9onatologie : inauguration d\u2019un salon d\u00e9di\u00e9 au CH d\u2019\u00c9pinal\",\"datePublished\":\"2025-04-18T08:00:19+00:00\",\"dateModified\":\"2025-04-18T07:53:05+00:00\",\"mainEntityOfPage\":{\"@id\":\"https:\/\/vosgesinfo.fr\/epinalinfo\/2025\/04\/un-nouveau-souffle-pour-les-familles-en-neonatologie-inauguration-dun-salon-dedie-au-ch-depinal\/\"},\"wordCount\":472,\"commentCount\":0,\"publisher\":{\"@id\":\"https:\/\/vosgesinfo.fr\/epinalinfo\/#organization\"},\"image\":{\"@id\":\"https:\/\/vosgesinfo.fr\/epinalinfo\/2025\/04\/un-nouveau-souffle-pour-les-familles-en-neonatologie-inauguration-dun-salon-dedie-au-ch-depinal\/#primaryimage\"},\"thumbnailUrl\":\"https:\/\/vosgesinfo.fr\/app\/uploads\/sites\/3\/2025\/04\/espace-familial-003.jpg\",\"articleSection\":[\"A la Une\",\"Epinal\",\"Sant\u00e9\",\"Vosges\"],\"inLanguage\":\"fr-FR\",\"potentialAction\":[{\"@type\":\"CommentAction\",\"name\":\"Comment\",\"target\":[\"https:\/\/vosgesinfo.fr\/epinalinfo\/2025\/04\/un-nouveau-souffle-pour-les-familles-en-neonatologie-inauguration-dun-salon-dedie-au-ch-depinal\/#respond\"]}]},{\"@type\":\"WebPage\",\"@id\":\"https:\/\/vosgesinfo.fr\/epinalinfo\/2025\/04\/un-nouveau-souffle-pour-les-familles-en-neonatologie-inauguration-dun-salon-dedie-au-ch-depinal\/\",\"url\":\"https:\/\/vosgesinfo.fr\/epinalinfo\/2025\/04\/un-nouveau-souffle-pour-les-familles-en-neonatologie-inauguration-dun-salon-dedie-au-ch-depinal\/\",\"name\":\"Un nouveau souffle pour les familles en n\u00e9onatologie : inauguration d\u2019un salon d\u00e9di\u00e9 au CH d\u2019\u00c9pinal - Epinal Info\",\"isPartOf\":{\"@id\":\"https:\/\/vosgesinfo.fr\/epinalinfo\/#website\"},\"primaryImageOfPage\":{\"@id\":\"https:\/\/vosgesinfo.fr\/epinalinfo\/2025\/04\/un-nouveau-souffle-pour-les-familles-en-neonatologie-inauguration-dun-salon-dedie-au-ch-depinal\/#primaryimage\"},\"image\":{\"@id\":\"https:\/\/vosgesinfo.fr\/epinalinfo\/2025\/04\/un-nouveau-souffle-pour-les-familles-en-neonatologie-inauguration-dun-salon-dedie-au-ch-depinal\/#primaryimage\"},\"thumbnailUrl\":\"https:\/\/vosgesinfo.fr\/app\/uploads\/sites\/3\/2025\/04\/espace-familial-003.jpg\",\"datePublished\":\"2025-04-18T08:00:19+00:00\",\"dateModified\":\"2025-04-18T07:53:05+00:00\",\"breadcrumb\":{\"@id\":\"https:\/\/vosgesinfo.fr\/epinalinfo\/2025\/04\/un-nouveau-souffle-pour-les-familles-en-neonatologie-inauguration-dun-salon-dedie-au-ch-depinal\/#breadcrumb\"},\"inLanguage\":\"fr-FR\",\"potentialAction\":[{\"@type\":\"ReadAction\",\"target\":[\"https:\/\/vosgesinfo.fr\/epinalinfo\/2025\/04\/un-nouveau-souffle-pour-les-familles-en-neonatologie-inauguration-dun-salon-dedie-au-ch-depinal\/\"]}]},{\"@type\":\"ImageObject\",\"inLanguage\":\"fr-FR\",\"@id\":\"https:\/\/vosgesinfo.fr\/epinalinfo\/2025\/04\/un-nouveau-souffle-pour-les-familles-en-neonatologie-inauguration-dun-salon-dedie-au-ch-depinal\/#primaryimage\",\"url\":\"https:\/\/vosgesinfo.fr\/app\/uploads\/sites\/3\/2025\/04\/espace-familial-003.jpg\",\"contentUrl\":\"https:\/\/vosgesinfo.fr\/app\/uploads\/sites\/3\/2025\/04\/espace-familial-003.jpg\",\"width\":484,\"height\":323,\"caption\":\"PBP-PHOTOGRAPHIE\"},{\"@type\":\"BreadcrumbList\",\"@id\":\"https:\/\/vosgesinfo.fr\/epinalinfo\/2025\/04\/un-nouveau-souffle-pour-les-familles-en-neonatologie-inauguration-dun-salon-dedie-au-ch-depinal\/#breadcrumb\",\"itemListElement\":[{\"@type\":\"ListItem\",\"position\":1,\"name\":\"Home\",\"item\":\"https:\/\/vosgesinfo.fr\/epinalinfo\/\"},{\"@type\":\"ListItem\",\"position\":2,\"name\":\"Un nouveau souffle pour les familles en n\u00e9onatologie : inauguration d\u2019un salon d\u00e9di\u00e9 au CH d\u2019\u00c9pinal\"}]},{\"@type\":\"WebSite\",\"@id\":\"https:\/\/vosgesinfo.fr\/epinalinfo\/#website\",\"url\":\"https:\/\/vosgesinfo.fr\/epinalinfo\/\",\"name\":\"Epinal Info\",\"description\":\"Toute l&#039;actualit\u00e9 d&#039;\u00c9pinal\",\"publisher\":{\"@id\":\"https:\/\/vosgesinfo.fr\/epinalinfo\/#organization\"},\"alternateName\":\"Toute l'actualit\u00e9 d'\u00c9pinal\",\"potentialAction\":[{\"@type\":\"SearchAction\",\"target\":{\"@type\":\"EntryPoint\",\"urlTemplate\":\"https:\/\/vosgesinfo.fr\/epinalinfo\/?s={search_term_string}\"},\"query-input\":\"required name=search_term_string\"}],\"inLanguage\":\"fr-FR\"},{\"@type\":\"Organization\",\"@id\":\"https:\/\/vosgesinfo.fr\/epinalinfo\/#organization\",\"name\":\"Epinal Info\",\"url\":\"https:\/\/vosgesinfo.fr\/epinalinfo\/\",\"logo\":{\"@type\":\"ImageObject\",\"inLanguage\":\"fr-FR\",\"@id\":\"https:\/\/vosgesinfo.fr\/epinalinfo\/#\/schema\/logo\/image\/\",\"url\":\"https:\/\/vosgesinfo.fr\/app\/uploads\/sites\/3\/2023\/08\/logo-epinalinfos.svg\",\"contentUrl\":\"https:\/\/vosgesinfo.fr\/app\/uploads\/sites\/3\/2023\/08\/logo-epinalinfos.svg\",\"width\":1,\"height\":1,\"caption\":\"Epinal Info\"},\"image\":{\"@id\":\"https:\/\/vosgesinfo.fr\/epinalinfo\/#\/schema\/logo\/image\/\"},\"sameAs\":[\"https:\/\/www.facebook.com\/Epinalinfos\",\"https:\/\/x.com\/VosgesInfo88\",\"https:\/\/www.youtube.com\/@vosgesinfo\"]},{\"@type\":\"Person\",\"@id\":\"https:\/\/vosgesinfo.fr\/epinalinfo\/#\/schema\/person\/6f9a650eeea99d969b6c4ab78fccbe81\",\"name\":\"C.K.\",\"image\":{\"@type\":\"ImageObject\",\"inLanguage\":\"fr-FR\",\"@id\":\"https:\/\/vosgesinfo.fr\/epinalinfo\/#\/schema\/person\/image\/\",\"url\":\"https:\/\/secure.gravatar.com\/avatar\/48e3fc7f8421ba8942be6b74a2b7f014ca39bc00dece156b7a8e098ae7dc87bf?s=96&d=mm&r=g\",\"contentUrl\":\"https:\/\/secure.gravatar.com\/avatar\/48e3fc7f8421ba8942be6b74a2b7f014ca39bc00dece156b7a8e098ae7dc87bf?s=96&d=mm&r=g\",\"caption\":\"C.K.\"},\"url\":\"https:\/\/vosgesinfo.fr\/epinalinfo\/author\/celia-k-n\/\"}]}<\/script>\n<!-- \/ Yoast SEO plugin. -->","yoast_head_json":{"title":"Un nouveau souffle pour les familles en n\u00e9onatologie : inauguration d\u2019un salon d\u00e9di\u00e9 au CH d\u2019\u00c9pinal - Epinal Info","robots":{"index":"index","follow":"follow","max-snippet":"max-snippet:-1","max-image-preview":"max-image-preview:large","max-video-preview":"max-video-preview:-1"},"canonical":"https:\/\/vosgesinfo.fr\/epinalinfo\/2025\/04\/un-nouveau-souffle-pour-les-familles-en-neonatologie-inauguration-dun-salon-dedie-au-ch-depinal\/","twitter_card":"summary_large_image","twitter_title":"Un nouveau souffle pour les familles en n\u00e9onatologie : inauguration d\u2019un salon d\u00e9di\u00e9 au CH d\u2019\u00c9pinal - Epinal Info","twitter_description":"Une belle initiative a vu le jour ce jeudi au Centre Hospitalier d\u2019\u00c9pinal avec l\u2019inauguration d\u2019un tout nouvel espace : [&hellip;]","twitter_image":"https:\/\/vosgesinfo.fr\/app\/uploads\/sites\/3\/2025\/04\/espace-familial-003.jpg","twitter_creator":"@VosgesInfo88","twitter_site":"@VosgesInfo88","twitter_misc":{"\u00c9crit par":"C.K.","Dur\u00e9e de lecture estim\u00e9e":"2 minutes"},"schema":{"@context":"https:\/\/schema.org","@graph":[{"@type":"Article","@id":"https:\/\/vosgesinfo.fr\/epinalinfo\/2025\/04\/un-nouveau-souffle-pour-les-familles-en-neonatologie-inauguration-dun-salon-dedie-au-ch-depinal\/#article","isPartOf":{"@id":"https:\/\/vosgesinfo.fr\/epinalinfo\/2025\/04\/un-nouveau-souffle-pour-les-familles-en-neonatologie-inauguration-dun-salon-dedie-au-ch-depinal\/"},"author":{"name":"C.K.","@id":"https:\/\/vosgesinfo.fr\/epinalinfo\/#\/schema\/person\/6f9a650eeea99d969b6c4ab78fccbe81"},"headline":"Un nouveau souffle pour les familles en n\u00e9onatologie : inauguration d\u2019un salon d\u00e9di\u00e9 au CH d\u2019\u00c9pinal","datePublished":"2025-04-18T08:00:19+00:00","dateModified":"2025-04-18T07:53:05+00:00","mainEntityOfPage":{"@id":"https:\/\/vosgesinfo.fr\/epinalinfo\/2025\/04\/un-nouveau-souffle-pour-les-familles-en-neonatologie-inauguration-dun-salon-dedie-au-ch-depinal\/"},"wordCount":472,"commentCount":0,"publisher":{"@id":"https:\/\/vosgesinfo.fr\/epinalinfo\/#organization"},"image":{"@id":"https:\/\/vosgesinfo.fr\/epinalinfo\/2025\/04\/un-nouveau-souffle-pour-les-familles-en-neonatologie-inauguration-dun-salon-dedie-au-ch-depinal\/#primaryimage"},"thumbnailUrl":"https:\/\/vosgesinfo.fr\/app\/uploads\/sites\/3\/2025\/04\/espace-familial-003.jpg","articleSection":["A la Une","Epinal","Sant\u00e9","Vosges"],"inLanguage":"fr-FR","potentialAction":[{"@type":"CommentAction","name":"Comment","target":["https:\/\/vosgesinfo.fr\/epinalinfo\/2025\/04\/un-nouveau-souffle-pour-les-familles-en-neonatologie-inauguration-dun-salon-dedie-au-ch-depinal\/#respond"]}]},{"@type":"WebPage","@id":"https:\/\/vosgesinfo.fr\/epinalinfo\/2025\/04\/un-nouveau-souffle-pour-les-familles-en-neonatologie-inauguration-dun-salon-dedie-au-ch-depinal\/","url":"https:\/\/vosgesinfo.fr\/epinalinfo\/2025\/04\/un-nouveau-souffle-pour-les-familles-en-neonatologie-inauguration-dun-salon-dedie-au-ch-depinal\/","name":"Un nouveau souffle pour les familles en n\u00e9onatologie : inauguration d\u2019un salon d\u00e9di\u00e9 au CH d\u2019\u00c9pinal - Epinal Info","isPartOf":{"@id":"https:\/\/vosgesinfo.fr\/epinalinfo\/#website"},"primaryImageOfPage":{"@id":"https:\/\/vosgesinfo.fr\/epinalinfo\/2025\/04\/un-nouveau-souffle-pour-les-familles-en-neonatologie-inauguration-dun-salon-dedie-au-ch-depinal\/#primaryimage"},"image":{"@id":"https:\/\/vosgesinfo.fr\/epinalinfo\/2025\/04\/un-nouveau-souffle-pour-les-familles-en-neonatologie-inauguration-dun-salon-dedie-au-ch-depinal\/#primaryimage"},"thumbnailUrl":"https:\/\/vosgesinfo.fr\/app\/uploads\/sites\/3\/2025\/04\/espace-familial-003.jpg","datePublished":"2025-04-18T08:00:19+00:00","dateModified":"2025-04-18T07:53:05+00:00","breadcrumb":{"@id":"https:\/\/vosgesinfo.fr\/epinalinfo\/2025\/04\/un-nouveau-souffle-pour-les-familles-en-neonatologie-inauguration-dun-salon-dedie-au-ch-depinal\/#breadcrumb"},"inLanguage":"fr-FR","potentialAction":[{"@type":"ReadAction","target":["https:\/\/vosgesinfo.fr\/epinalinfo\/2025\/04\/un-nouveau-souffle-pour-les-familles-en-neonatologie-inauguration-dun-salon-dedie-au-ch-depinal\/"]}]},{"@type":"ImageObject","inLanguage":"fr-FR","@id":"https:\/\/vosgesinfo.fr\/epinalinfo\/2025\/04\/un-nouveau-souffle-pour-les-familles-en-neonatologie-inauguration-dun-salon-dedie-au-ch-depinal\/#primaryimage","url":"https:\/\/vosgesinfo.fr\/app\/uploads\/sites\/3\/2025\/04\/espace-familial-003.jpg","contentUrl":"https:\/\/vosgesinfo.fr\/app\/uploads\/sites\/3\/2025\/04\/espace-familial-003.jpg","width":484,"height":323,"caption":"PBP-PHOTOGRAPHIE"},{"@type":"BreadcrumbList","@id":"https:\/\/vosgesinfo.fr\/epinalinfo\/2025\/04\/un-nouveau-souffle-pour-les-familles-en-neonatologie-inauguration-dun-salon-dedie-au-ch-depinal\/#breadcrumb","itemListElement":[{"@type":"ListItem","position":1,"name":"Home","item":"https:\/\/vosgesinfo.fr\/epinalinfo\/"},{"@type":"ListItem","position":2,"name":"Un nouveau souffle pour les familles en n\u00e9onatologie : inauguration d\u2019un salon d\u00e9di\u00e9 au CH d\u2019\u00c9pinal"}]},{"@type":"WebSite","@id":"https:\/\/vosgesinfo.fr\/epinalinfo\/#website","url":"https:\/\/vosgesinfo.fr\/epinalinfo\/","name":"Epinal Info","description":"Toute l&#039;actualit\u00e9 d&#039;\u00c9pinal","publisher":{"@id":"https:\/\/vosgesinfo.fr\/epinalinfo\/#organization"},"alternateName":"Toute l'actualit\u00e9 d'\u00c9pinal","potentialAction":[{"@type":"SearchAction","target":{"@type":"EntryPoint","urlTemplate":"https:\/\/vosgesinfo.fr\/epinalinfo\/?s={search_term_string}"},"query-input":"required name=search_term_string"}],"inLanguage":"fr-FR"},{"@type":"Organization","@id":"https:\/\/vosgesinfo.fr\/epinalinfo\/#organization","name":"Epinal Info","url":"https:\/\/vosgesinfo.fr\/epinalinfo\/","logo":{"@type":"ImageObject","inLanguage":"fr-FR","@id":"https:\/\/vosgesinfo.fr\/epinalinfo\/#\/schema\/logo\/image\/","url":"https:\/\/vosgesinfo.fr\/app\/uploads\/sites\/3\/2023\/08\/logo-epinalinfos.svg","contentUrl":"https:\/\/vosgesinfo.fr\/app\/uploads\/sites\/3\/2023\/08\/logo-epinalinfos.svg","width":1,"height":1,"caption":"Epinal Info"},"image":{"@id":"https:\/\/vosgesinfo.fr\/epinalinfo\/#\/schema\/logo\/image\/"},"sameAs":["https:\/\/www.facebook.com\/Epinalinfos","https:\/\/x.com\/VosgesInfo88","https:\/\/www.youtube.com\/@vosgesinfo"]},{"@type":"Person","@id":"https:\/\/vosgesinfo.fr\/epinalinfo\/#\/schema\/person\/6f9a650eeea99d969b6c4ab78fccbe81","name":"C.K.","image":{"@type":"ImageObject","inLanguage":"fr-FR","@id":"https:\/\/vosgesinfo.fr\/epinalinfo\/#\/schema\/person\/image\/","url":"https:\/\/secure.gravatar.com\/avatar\/48e3fc7f8421ba8942be6b74a2b7f014ca39bc00dece156b7a8e098ae7dc87bf?s=96&d=mm&r=g","contentUrl":"https:\/\/secure.gravatar.com\/avatar\/48e3fc7f8421ba8942be6b74a2b7f014ca39bc00dece156b7a8e098ae7dc87bf?s=96&d=mm&r=g","caption":"C.K."},"url":"https:\/\/vosgesinfo.fr\/epinalinfo\/author\/celia-k-n\/"}]}},"_links":{"self":[{"href":"https:\/\/vosgesinfo.fr\/epinalinfo\/wp-json\/wp\/v2\/posts\/131047","targetHints":{"allow":["GET"]}}],"collection":[{"href":"https:\/\/vosgesinfo.fr\/epinalinfo\/wp-json\/wp\/v2\/posts"}],"about":[{"href":"https:\/\/vosgesinfo.fr\/epinalinfo\/wp-json\/wp\/v2\/types\/post"}],"author":[{"embeddable":true,"href":"https:\/\/vosgesinfo.fr\/epinalinfo\/wp-json\/wp\/v2\/users\/52"}],"replies":[{"embeddable":true,"href":"https:\/\/vosgesinfo.fr\/epinalinfo\/wp-json\/wp\/v2\/comments?post=131047"}],"version-history":[{"count":2,"href":"https:\/\/vosgesinfo.fr\/epinalinfo\/wp-json\/wp\/v2\/posts\/131047\/revisions"}],"predecessor-version":[{"id":131129,"href":"https:\/\/vosgesinfo.fr\/epinalinfo\/wp-json\/wp\/v2\/posts\/131047\/revisions\/131129"}],"wp:featuredmedia":[{"embeddable":true,"href":"https:\/\/vosgesinfo.fr\/epinalinfo\/wp-json\/wp\/v2\/media\/131122"}],"wp:attachment":[{"href":"https:\/\/vosgesinfo.fr\/epinalinfo\/wp-json\/wp\/v2\/media?parent=131047"}],"wp:term":[{"taxonomy":"category","embeddable":true,"href":"https:\/\/vosgesinfo.fr\/epinalinfo\/wp-json\/wp\/v2\/categories?post=131047"},{"taxonomy":"post_tag","embeddable":true,"href":"https:\/\/vosgesinfo.fr\/epinalinfo\/wp-json\/wp\/v2\/tags?post=131047"}],"curies":[{"name":"wp","href":"https:\/\/api.w.org\/{rel}","templated":true}]}}