{"id":131141,"date":"2025-04-18T19:40:22","date_gmt":"2025-04-18T17:40:22","guid":{"rendered":"https:\/\/vosgesinfo.fr\/epinalinfo\/?p=131141"},"modified":"2025-04-18T19:30:00","modified_gmt":"2025-04-18T17:30:00","slug":"grande-braderie-chez-valrupt-tradition-des-vosges-trois-jours-de-bonnes-affaires-a-ne-pas-manquer","status":"publish","type":"post","link":"https:\/\/vosgesinfo.fr\/epinalinfo\/2025\/04\/grande-braderie-chez-valrupt-tradition-des-vosges-trois-jours-de-bonnes-affaires-a-ne-pas-manquer\/","title":{"rendered":"Grande Braderie chez Valrupt Tradition des Vosges \u2013 Trois jours de bonnes affaires \u00e0 ne pas manquer !"},"content":{"rendered":"<h2 data-start=\"454\" data-end=\"774\"><strong><a href=\"https:\/\/vosgesinfo.fr\/app\/uploads\/sites\/3\/2025\/04\/1744997215327.jpeg\"><img decoding=\"async\" class=\"aligncenter size-full wp-image-131142\" src=\"https:\/\/vosgesinfo.fr\/app\/uploads\/sites\/3\/2025\/04\/1744997215327.jpeg\" alt=\"\" width=\"2048\" height=\"1536\" srcset=\"https:\/\/vosgesinfo.fr\/app\/uploads\/sites\/3\/2025\/04\/1744997215327.jpeg 2048w, https:\/\/vosgesinfo.fr\/app\/uploads\/sites\/3\/2025\/04\/1744997215327-300x225.jpeg 300w, https:\/\/vosgesinfo.fr\/app\/uploads\/sites\/3\/2025\/04\/1744997215327-1024x768.jpeg 1024w, https:\/\/vosgesinfo.fr\/app\/uploads\/sites\/3\/2025\/04\/1744997215327-768x576.jpeg 768w, https:\/\/vosgesinfo.fr\/app\/uploads\/sites\/3\/2025\/04\/1744997215327-1536x1152.jpeg 1536w\" sizes=\"(max-width: 2048px) 100vw, 2048px\" \/><\/a>La c\u00e9l\u00e8bre usine Valrupt TGV Industries ouvre ses portes pour une braderie exceptionnelle du vendredi 18 avril au dimanche 20 avril, de 9h \u00e0 18h, au 14 rue de la Lib\u00e9ration \u00e0 Rupt-sur-Moselle. Une occasion unique de faire le plein de linge de maison de qualit\u00e9 \u00e0 prix tout doux, directement \u00e0 la source ! <\/strong><strong data-start=\"779\" data-end=\"818\">Un parking est disponible sur place, pour un shopping en toute tranquillit\u00e9.<\/strong><\/h2>\n<p data-start=\"454\" data-end=\"774\">Que vous cherchiez \u00e0 renouveler votre linge de maison ou \u00e0 faire plaisir \u00e0 petit prix, cette braderie est l\u2019\u00e9v\u00e9nement \u00e0 ne pas rater ! Venez nombreux profiter de ces offres exclusives dans une ambiance conviviale au c\u0153ur des Vosges.<\/p>\n<p class=\"\" data-start=\"861\" data-end=\"893\">Au programme de cette braderie :<\/p>\n<p class=\"\" data-start=\"895\" data-end=\"936\"><strong data-start=\"899\" data-end=\"934\">Linge de lit \u00e0 prix imbattables<\/strong> :<\/p>\n<ul data-start=\"937\" data-end=\"1149\">\n<li class=\"\" data-start=\"937\" data-end=\"973\">\n<p class=\"\" data-start=\"939\" data-end=\"973\">Protection literie vendue au poids<\/p>\n<\/li>\n<li class=\"\" data-start=\"974\" data-end=\"1011\">\n<p class=\"\" data-start=\"976\" data-end=\"1011\">Parures \u00e0 composer selon vos envies<\/p>\n<\/li>\n<li class=\"\" data-start=\"1012\" data-end=\"1049\">\n<p class=\"\" data-start=\"1014\" data-end=\"1049\">Parures compl\u00e8tes pr\u00eates \u00e0 l\u2019emploi<\/p>\n<\/li>\n<li class=\"\" data-start=\"1050\" data-end=\"1149\">\n<p class=\"\" data-start=\"1052\" data-end=\"1149\">Articles \u00e0 l\u2019unit\u00e9 : draps-housses, taies d\u2019oreiller, traversins, draps plats, housses de couette<\/p>\n<\/li>\n<\/ul>\n<p class=\"\" data-start=\"1151\" data-end=\"1185\"><strong data-start=\"1154\" data-end=\"1183\">Textiles de salle de bain<\/strong> :<\/p>\n<ul data-start=\"1186\" data-end=\"1234\">\n<li class=\"\" data-start=\"1186\" data-end=\"1209\">\n<p class=\"\" data-start=\"1188\" data-end=\"1209\">Serviettes moelleuses<\/p>\n<\/li>\n<li class=\"\" data-start=\"1210\" data-end=\"1234\">\n<p class=\"\" data-start=\"1212\" data-end=\"1234\">Peignoirs confortables<\/p>\n<\/li>\n<\/ul>\n<p class=\"\" data-start=\"1236\" data-end=\"1261\"><strong data-start=\"1239\" data-end=\"1259\">Id\u00e9al pour l\u2019\u00e9t\u00e9<\/strong> :<\/p>\n<ul data-start=\"1262\" data-end=\"1336\">\n<li class=\"\" data-start=\"1262\" data-end=\"1336\">\n<p class=\"\" data-start=\"1264\" data-end=\"1336\">Une jolie gamme de <strong data-start=\"1283\" data-end=\"1293\">foutas<\/strong> et <strong data-start=\"1297\" data-end=\"1315\">draps de plage<\/strong> pour les beaux jours<\/p>\n<\/li>\n<\/ul>\n<p class=\"\" data-start=\"1338\" data-end=\"1356\"><strong data-start=\"1342\" data-end=\"1354\">Et aussi<\/strong> :<\/p>\n<ul data-start=\"1357\" data-end=\"1451\">\n<li class=\"\" data-start=\"1357\" data-end=\"1383\">\n<p class=\"\" data-start=\"1359\" data-end=\"1383\">Un peu de linge de table<\/p>\n<\/li>\n<li class=\"\" data-start=\"1384\" data-end=\"1451\">\n<p class=\"\" data-start=\"1386\" data-end=\"1451\">Un rayon <strong data-start=\"1395\" data-end=\"1413\">deuxi\u00e8me choix<\/strong> pour les chasseurs de bonnes affaires<\/p>\n<\/li>\n<\/ul>\n<p class=\"\" data-start=\"1453\" data-end=\"1484\">Modes de paiement accept\u00e9s :<\/p>\n<p class=\"\" data-start=\"1487\" data-end=\"1543\">Carte bancaire (sans contact et paiement par smartphone)<\/p>\n<p class=\"\" data-start=\"1546\" data-end=\"1552\">Ch\u00e8que<\/p>\n<p class=\"\" data-start=\"1555\" data-end=\"1562\">Esp\u00e8ces<\/p>\n<p class=\"\" data-start=\"1564\" data-end=\"1796\">\n<p class=\"\" data-start=\"1798\" data-end=\"1860\">\ud83d\udcc5 <strong data-start=\"1801\" data-end=\"1860\">Notez bien les dates : 18, 19 et 20 avril, de 9h \u00e0 18h.<\/strong><\/p>\n\n\t\t<style type=\"text\/css\">\n\t\t\t#gallery-1 {\n\t\t\t\tmargin: auto;\n\t\t\t}\n\t\t\t#gallery-1 .gallery-item {\n\t\t\t\tfloat: left;\n\t\t\t\tmargin-top: 10px;\n\t\t\t\ttext-align: center;\n\t\t\t\twidth: 33%;\n\t\t\t}\n\t\t\t#gallery-1 img {\n\t\t\t\tborder: 2px solid #cfcfcf;\n\t\t\t}\n\t\t\t#gallery-1 .gallery-caption {\n\t\t\t\tmargin-left: 0;\n\t\t\t}\n\t\t\t\/* see gallery_shortcode() in wp-includes\/media.php *\/\n\t\t<\/style>\n\t\t<div id='gallery-1' class='gallery galleryid-131141 gallery-columns-3 gallery-size-large'><dl class='gallery-item'>\n\t\t\t<dt class='gallery-icon portrait'>\n\t\t\t\t<a href='https:\/\/vosgesinfo.fr\/app\/uploads\/sites\/3\/2025\/04\/1744997087962.jpeg'><img decoding=\"async\" width=\"768\" height=\"1024\" src=\"https:\/\/vosgesinfo.fr\/app\/uploads\/sites\/3\/2025\/04\/1744997087962-768x1024.jpeg\" class=\"attachment-large size-large\" alt=\"\" aria-describedby=\"gallery-1-131143\" srcset=\"https:\/\/vosgesinfo.fr\/app\/uploads\/sites\/3\/2025\/04\/1744997087962-768x1024.jpeg 768w, https:\/\/vosgesinfo.fr\/app\/uploads\/sites\/3\/2025\/04\/1744997087962-225x300.jpeg 225w, https:\/\/vosgesinfo.fr\/app\/uploads\/sites\/3\/2025\/04\/1744997087962-1152x1536.jpeg 1152w, https:\/\/vosgesinfo.fr\/app\/uploads\/sites\/3\/2025\/04\/1744997087962.jpeg 1536w\" sizes=\"(max-width: 768px) 100vw, 768px\" \/><\/a>\n\t\t\t<\/dt>\n\t\t\t\t<dd class='wp-caption-text gallery-caption' id='gallery-1-131143'>\n\t\t\t\tphoto L.C.\n\t\t\t\t<\/dd><\/dl><dl class='gallery-item'>\n\t\t\t<dt class='gallery-icon portrait'>\n\t\t\t\t<a href='https:\/\/vosgesinfo.fr\/app\/uploads\/sites\/3\/2025\/04\/1744997088011.jpeg'><img decoding=\"async\" width=\"768\" height=\"1024\" src=\"https:\/\/vosgesinfo.fr\/app\/uploads\/sites\/3\/2025\/04\/1744997088011-768x1024.jpeg\" class=\"attachment-large size-large\" alt=\"\" aria-describedby=\"gallery-1-131144\" srcset=\"https:\/\/vosgesinfo.fr\/app\/uploads\/sites\/3\/2025\/04\/1744997088011-768x1024.jpeg 768w, https:\/\/vosgesinfo.fr\/app\/uploads\/sites\/3\/2025\/04\/1744997088011-225x300.jpeg 225w, https:\/\/vosgesinfo.fr\/app\/uploads\/sites\/3\/2025\/04\/1744997088011-1152x1536.jpeg 1152w, https:\/\/vosgesinfo.fr\/app\/uploads\/sites\/3\/2025\/04\/1744997088011.jpeg 1536w\" sizes=\"(max-width: 768px) 100vw, 768px\" \/><\/a>\n\t\t\t<\/dt>\n\t\t\t\t<dd class='wp-caption-text gallery-caption' id='gallery-1-131144'>\n\t\t\t\tphoto L.C.\n\t\t\t\t<\/dd><\/dl><dl class='gallery-item'>\n\t\t\t<dt class='gallery-icon landscape'>\n\t\t\t\t<a href='https:\/\/vosgesinfo.fr\/app\/uploads\/sites\/3\/2025\/04\/1744997088057.jpeg'><img decoding=\"async\" width=\"1024\" height=\"768\" src=\"https:\/\/vosgesinfo.fr\/app\/uploads\/sites\/3\/2025\/04\/1744997088057-1024x768.jpeg\" class=\"attachment-large size-large\" alt=\"\" aria-describedby=\"gallery-1-131145\" srcset=\"https:\/\/vosgesinfo.fr\/app\/uploads\/sites\/3\/2025\/04\/1744997088057-1024x768.jpeg 1024w, https:\/\/vosgesinfo.fr\/app\/uploads\/sites\/3\/2025\/04\/1744997088057-300x225.jpeg 300w, https:\/\/vosgesinfo.fr\/app\/uploads\/sites\/3\/2025\/04\/1744997088057-768x576.jpeg 768w, https:\/\/vosgesinfo.fr\/app\/uploads\/sites\/3\/2025\/04\/1744997088057-1536x1152.jpeg 1536w, https:\/\/vosgesinfo.fr\/app\/uploads\/sites\/3\/2025\/04\/1744997088057.jpeg 2048w\" sizes=\"(max-width: 1024px) 100vw, 1024px\" \/><\/a>\n\t\t\t<\/dt>\n\t\t\t\t<dd class='wp-caption-text gallery-caption' id='gallery-1-131145'>\n\t\t\t\tphoto L.C.\n\t\t\t\t<\/dd><\/dl><br style=\"clear: both\" \/><dl class='gallery-item'>\n\t\t\t<dt class='gallery-icon landscape'>\n\t\t\t\t<a href='https:\/\/vosgesinfo.fr\/app\/uploads\/sites\/3\/2025\/04\/1744997215384.jpeg'><img decoding=\"async\" width=\"1024\" height=\"768\" src=\"https:\/\/vosgesinfo.fr\/app\/uploads\/sites\/3\/2025\/04\/1744997215384-1024x768.jpeg\" class=\"attachment-large size-large\" alt=\"\" aria-describedby=\"gallery-1-131146\" srcset=\"https:\/\/vosgesinfo.fr\/app\/uploads\/sites\/3\/2025\/04\/1744997215384-1024x768.jpeg 1024w, https:\/\/vosgesinfo.fr\/app\/uploads\/sites\/3\/2025\/04\/1744997215384-300x225.jpeg 300w, https:\/\/vosgesinfo.fr\/app\/uploads\/sites\/3\/2025\/04\/1744997215384-768x576.jpeg 768w, https:\/\/vosgesinfo.fr\/app\/uploads\/sites\/3\/2025\/04\/1744997215384-1536x1152.jpeg 1536w, https:\/\/vosgesinfo.fr\/app\/uploads\/sites\/3\/2025\/04\/1744997215384.jpeg 2048w\" sizes=\"(max-width: 1024px) 100vw, 1024px\" \/><\/a>\n\t\t\t<\/dt>\n\t\t\t\t<dd class='wp-caption-text gallery-caption' id='gallery-1-131146'>\n\t\t\t\tphoto L.C.\n\t\t\t\t<\/dd><\/dl>\n\t\t\t<br style='clear: both' \/>\n\t\t<\/div>\n\n","protected":false},"excerpt":{"rendered":"<p>La c\u00e9l\u00e8bre usine Valrupt TGV Industries ouvre ses portes pour une braderie exceptionnelle du vendredi 18 avril au dimanche 20 [&hellip;]<\/p>\n","protected":false},"author":52,"featured_media":131142,"comment_status":"open","ping_status":"open","sticky":false,"template":"","format":"standard","meta":{"footnotes":""},"categories":[22,24,6055],"tags":[],"class_list":["post-131141","post","type-post","status-publish","format-standard","has-post-thumbnail","hentry","category-a-la-une","category-epinal","category-remiremont"],"acf":[],"yoast_head":"<!-- This site is optimized with the Yoast SEO plugin v22.5 - https:\/\/yoast.com\/wordpress\/plugins\/seo\/ -->\n<title>Grande Braderie chez Valrupt Tradition des Vosges \u2013 Trois jours de bonnes affaires \u00e0 ne pas manquer ! - Epinal Info<\/title>\n<meta name=\"robots\" content=\"index, follow, max-snippet:-1, max-image-preview:large, max-video-preview:-1\" \/>\n<link rel=\"canonical\" href=\"https:\/\/vosgesinfo.fr\/epinalinfo\/2025\/04\/grande-braderie-chez-valrupt-tradition-des-vosges-trois-jours-de-bonnes-affaires-a-ne-pas-manquer\/\" \/>\n<meta name=\"twitter:card\" content=\"summary_large_image\" \/>\n<meta name=\"twitter:title\" content=\"Grande Braderie chez Valrupt Tradition des Vosges \u2013 Trois jours de bonnes affaires \u00e0 ne pas manquer ! - Epinal Info\" \/>\n<meta name=\"twitter:description\" content=\"La c\u00e9l\u00e8bre usine Valrupt TGV Industries ouvre ses portes pour une braderie exceptionnelle du vendredi 18 avril au dimanche 20 [&hellip;]\" \/>\n<meta name=\"twitter:image\" content=\"https:\/\/vosgesinfo.fr\/app\/uploads\/sites\/3\/2025\/04\/1744997215327.jpeg\" \/>\n<meta name=\"twitter:creator\" content=\"@VosgesInfo88\" \/>\n<meta name=\"twitter:site\" content=\"@VosgesInfo88\" \/>\n<meta name=\"twitter:label1\" content=\"\u00c9crit par\" \/>\n\t<meta name=\"twitter:data1\" content=\"C.K.\" \/>\n\t<meta name=\"twitter:label2\" content=\"Dur\u00e9e de lecture estim\u00e9e\" \/>\n\t<meta name=\"twitter:data2\" content=\"1 minute\" \/>\n<script type=\"application\/ld+json\" class=\"yoast-schema-graph\">{\"@context\":\"https:\/\/schema.org\",\"@graph\":[{\"@type\":\"Article\",\"@id\":\"https:\/\/vosgesinfo.fr\/epinalinfo\/2025\/04\/grande-braderie-chez-valrupt-tradition-des-vosges-trois-jours-de-bonnes-affaires-a-ne-pas-manquer\/#article\",\"isPartOf\":{\"@id\":\"https:\/\/vosgesinfo.fr\/epinalinfo\/2025\/04\/grande-braderie-chez-valrupt-tradition-des-vosges-trois-jours-de-bonnes-affaires-a-ne-pas-manquer\/\"},\"author\":{\"name\":\"C.K.\",\"@id\":\"https:\/\/vosgesinfo.fr\/epinalinfo\/#\/schema\/person\/6f9a650eeea99d969b6c4ab78fccbe81\"},\"headline\":\"Grande Braderie chez Valrupt Tradition des Vosges \u2013 Trois jours de bonnes affaires \u00e0 ne pas manquer !\",\"datePublished\":\"2025-04-18T17:40:22+00:00\",\"dateModified\":\"2025-04-18T17:30:00+00:00\",\"mainEntityOfPage\":{\"@id\":\"https:\/\/vosgesinfo.fr\/epinalinfo\/2025\/04\/grande-braderie-chez-valrupt-tradition-des-vosges-trois-jours-de-bonnes-affaires-a-ne-pas-manquer\/\"},\"wordCount\":233,\"commentCount\":0,\"publisher\":{\"@id\":\"https:\/\/vosgesinfo.fr\/epinalinfo\/#organization\"},\"image\":{\"@id\":\"https:\/\/vosgesinfo.fr\/epinalinfo\/2025\/04\/grande-braderie-chez-valrupt-tradition-des-vosges-trois-jours-de-bonnes-affaires-a-ne-pas-manquer\/#primaryimage\"},\"thumbnailUrl\":\"https:\/\/vosgesinfo.fr\/app\/uploads\/sites\/3\/2025\/04\/1744997215327.jpeg\",\"articleSection\":[\"A la Une\",\"Epinal\",\"Remiremont\"],\"inLanguage\":\"fr-FR\",\"potentialAction\":[{\"@type\":\"CommentAction\",\"name\":\"Comment\",\"target\":[\"https:\/\/vosgesinfo.fr\/epinalinfo\/2025\/04\/grande-braderie-chez-valrupt-tradition-des-vosges-trois-jours-de-bonnes-affaires-a-ne-pas-manquer\/#respond\"]}]},{\"@type\":\"WebPage\",\"@id\":\"https:\/\/vosgesinfo.fr\/epinalinfo\/2025\/04\/grande-braderie-chez-valrupt-tradition-des-vosges-trois-jours-de-bonnes-affaires-a-ne-pas-manquer\/\",\"url\":\"https:\/\/vosgesinfo.fr\/epinalinfo\/2025\/04\/grande-braderie-chez-valrupt-tradition-des-vosges-trois-jours-de-bonnes-affaires-a-ne-pas-manquer\/\",\"name\":\"Grande Braderie chez Valrupt Tradition des Vosges \u2013 Trois jours de bonnes affaires \u00e0 ne pas manquer ! - Epinal Info\",\"isPartOf\":{\"@id\":\"https:\/\/vosgesinfo.fr\/epinalinfo\/#website\"},\"primaryImageOfPage\":{\"@id\":\"https:\/\/vosgesinfo.fr\/epinalinfo\/2025\/04\/grande-braderie-chez-valrupt-tradition-des-vosges-trois-jours-de-bonnes-affaires-a-ne-pas-manquer\/#primaryimage\"},\"image\":{\"@id\":\"https:\/\/vosgesinfo.fr\/epinalinfo\/2025\/04\/grande-braderie-chez-valrupt-tradition-des-vosges-trois-jours-de-bonnes-affaires-a-ne-pas-manquer\/#primaryimage\"},\"thumbnailUrl\":\"https:\/\/vosgesinfo.fr\/app\/uploads\/sites\/3\/2025\/04\/1744997215327.jpeg\",\"datePublished\":\"2025-04-18T17:40:22+00:00\",\"dateModified\":\"2025-04-18T17:30:00+00:00\",\"breadcrumb\":{\"@id\":\"https:\/\/vosgesinfo.fr\/epinalinfo\/2025\/04\/grande-braderie-chez-valrupt-tradition-des-vosges-trois-jours-de-bonnes-affaires-a-ne-pas-manquer\/#breadcrumb\"},\"inLanguage\":\"fr-FR\",\"potentialAction\":[{\"@type\":\"ReadAction\",\"target\":[\"https:\/\/vosgesinfo.fr\/epinalinfo\/2025\/04\/grande-braderie-chez-valrupt-tradition-des-vosges-trois-jours-de-bonnes-affaires-a-ne-pas-manquer\/\"]}]},{\"@type\":\"ImageObject\",\"inLanguage\":\"fr-FR\",\"@id\":\"https:\/\/vosgesinfo.fr\/epinalinfo\/2025\/04\/grande-braderie-chez-valrupt-tradition-des-vosges-trois-jours-de-bonnes-affaires-a-ne-pas-manquer\/#primaryimage\",\"url\":\"https:\/\/vosgesinfo.fr\/app\/uploads\/sites\/3\/2025\/04\/1744997215327.jpeg\",\"contentUrl\":\"https:\/\/vosgesinfo.fr\/app\/uploads\/sites\/3\/2025\/04\/1744997215327.jpeg\",\"width\":2048,\"height\":1536,\"caption\":\"photo L.C.\"},{\"@type\":\"BreadcrumbList\",\"@id\":\"https:\/\/vosgesinfo.fr\/epinalinfo\/2025\/04\/grande-braderie-chez-valrupt-tradition-des-vosges-trois-jours-de-bonnes-affaires-a-ne-pas-manquer\/#breadcrumb\",\"itemListElement\":[{\"@type\":\"ListItem\",\"position\":1,\"name\":\"Home\",\"item\":\"https:\/\/vosgesinfo.fr\/epinalinfo\/\"},{\"@type\":\"ListItem\",\"position\":2,\"name\":\"Grande Braderie chez Valrupt Tradition des Vosges \u2013 Trois jours de bonnes affaires \u00e0 ne pas manquer !\"}]},{\"@type\":\"WebSite\",\"@id\":\"https:\/\/vosgesinfo.fr\/epinalinfo\/#website\",\"url\":\"https:\/\/vosgesinfo.fr\/epinalinfo\/\",\"name\":\"Epinal Info\",\"description\":\"Toute l&#039;actualit\u00e9 d&#039;\u00c9pinal\",\"publisher\":{\"@id\":\"https:\/\/vosgesinfo.fr\/epinalinfo\/#organization\"},\"alternateName\":\"Toute l'actualit\u00e9 d'\u00c9pinal\",\"potentialAction\":[{\"@type\":\"SearchAction\",\"target\":{\"@type\":\"EntryPoint\",\"urlTemplate\":\"https:\/\/vosgesinfo.fr\/epinalinfo\/?s={search_term_string}\"},\"query-input\":\"required name=search_term_string\"}],\"inLanguage\":\"fr-FR\"},{\"@type\":\"Organization\",\"@id\":\"https:\/\/vosgesinfo.fr\/epinalinfo\/#organization\",\"name\":\"Epinal Info\",\"url\":\"https:\/\/vosgesinfo.fr\/epinalinfo\/\",\"logo\":{\"@type\":\"ImageObject\",\"inLanguage\":\"fr-FR\",\"@id\":\"https:\/\/vosgesinfo.fr\/epinalinfo\/#\/schema\/logo\/image\/\",\"url\":\"https:\/\/vosgesinfo.fr\/app\/uploads\/sites\/3\/2023\/08\/logo-epinalinfos.svg\",\"contentUrl\":\"https:\/\/vosgesinfo.fr\/app\/uploads\/sites\/3\/2023\/08\/logo-epinalinfos.svg\",\"width\":1,\"height\":1,\"caption\":\"Epinal Info\"},\"image\":{\"@id\":\"https:\/\/vosgesinfo.fr\/epinalinfo\/#\/schema\/logo\/image\/\"},\"sameAs\":[\"https:\/\/www.facebook.com\/Epinalinfos\",\"https:\/\/x.com\/VosgesInfo88\",\"https:\/\/www.youtube.com\/@vosgesinfo\"]},{\"@type\":\"Person\",\"@id\":\"https:\/\/vosgesinfo.fr\/epinalinfo\/#\/schema\/person\/6f9a650eeea99d969b6c4ab78fccbe81\",\"name\":\"C.K.\",\"image\":{\"@type\":\"ImageObject\",\"inLanguage\":\"fr-FR\",\"@id\":\"https:\/\/vosgesinfo.fr\/epinalinfo\/#\/schema\/person\/image\/\",\"url\":\"https:\/\/secure.gravatar.com\/avatar\/48e3fc7f8421ba8942be6b74a2b7f014ca39bc00dece156b7a8e098ae7dc87bf?s=96&d=mm&r=g\",\"contentUrl\":\"https:\/\/secure.gravatar.com\/avatar\/48e3fc7f8421ba8942be6b74a2b7f014ca39bc00dece156b7a8e098ae7dc87bf?s=96&d=mm&r=g\",\"caption\":\"C.K.\"},\"url\":\"https:\/\/vosgesinfo.fr\/epinalinfo\/author\/celia-k-n\/\"}]}<\/script>\n<!-- \/ Yoast SEO plugin. -->","yoast_head_json":{"title":"Grande Braderie chez Valrupt Tradition des Vosges \u2013 Trois jours de bonnes affaires \u00e0 ne pas manquer ! - Epinal Info","robots":{"index":"index","follow":"follow","max-snippet":"max-snippet:-1","max-image-preview":"max-image-preview:large","max-video-preview":"max-video-preview:-1"},"canonical":"https:\/\/vosgesinfo.fr\/epinalinfo\/2025\/04\/grande-braderie-chez-valrupt-tradition-des-vosges-trois-jours-de-bonnes-affaires-a-ne-pas-manquer\/","twitter_card":"summary_large_image","twitter_title":"Grande Braderie chez Valrupt Tradition des Vosges \u2013 Trois jours de bonnes affaires \u00e0 ne pas manquer ! - Epinal Info","twitter_description":"La c\u00e9l\u00e8bre usine Valrupt TGV Industries ouvre ses portes pour une braderie exceptionnelle du vendredi 18 avril au dimanche 20 [&hellip;]","twitter_image":"https:\/\/vosgesinfo.fr\/app\/uploads\/sites\/3\/2025\/04\/1744997215327.jpeg","twitter_creator":"@VosgesInfo88","twitter_site":"@VosgesInfo88","twitter_misc":{"\u00c9crit par":"C.K.","Dur\u00e9e de lecture estim\u00e9e":"1 minute"},"schema":{"@context":"https:\/\/schema.org","@graph":[{"@type":"Article","@id":"https:\/\/vosgesinfo.fr\/epinalinfo\/2025\/04\/grande-braderie-chez-valrupt-tradition-des-vosges-trois-jours-de-bonnes-affaires-a-ne-pas-manquer\/#article","isPartOf":{"@id":"https:\/\/vosgesinfo.fr\/epinalinfo\/2025\/04\/grande-braderie-chez-valrupt-tradition-des-vosges-trois-jours-de-bonnes-affaires-a-ne-pas-manquer\/"},"author":{"name":"C.K.","@id":"https:\/\/vosgesinfo.fr\/epinalinfo\/#\/schema\/person\/6f9a650eeea99d969b6c4ab78fccbe81"},"headline":"Grande Braderie chez Valrupt Tradition des Vosges \u2013 Trois jours de bonnes affaires \u00e0 ne pas manquer !","datePublished":"2025-04-18T17:40:22+00:00","dateModified":"2025-04-18T17:30:00+00:00","mainEntityOfPage":{"@id":"https:\/\/vosgesinfo.fr\/epinalinfo\/2025\/04\/grande-braderie-chez-valrupt-tradition-des-vosges-trois-jours-de-bonnes-affaires-a-ne-pas-manquer\/"},"wordCount":233,"commentCount":0,"publisher":{"@id":"https:\/\/vosgesinfo.fr\/epinalinfo\/#organization"},"image":{"@id":"https:\/\/vosgesinfo.fr\/epinalinfo\/2025\/04\/grande-braderie-chez-valrupt-tradition-des-vosges-trois-jours-de-bonnes-affaires-a-ne-pas-manquer\/#primaryimage"},"thumbnailUrl":"https:\/\/vosgesinfo.fr\/app\/uploads\/sites\/3\/2025\/04\/1744997215327.jpeg","articleSection":["A la Une","Epinal","Remiremont"],"inLanguage":"fr-FR","potentialAction":[{"@type":"CommentAction","name":"Comment","target":["https:\/\/vosgesinfo.fr\/epinalinfo\/2025\/04\/grande-braderie-chez-valrupt-tradition-des-vosges-trois-jours-de-bonnes-affaires-a-ne-pas-manquer\/#respond"]}]},{"@type":"WebPage","@id":"https:\/\/vosgesinfo.fr\/epinalinfo\/2025\/04\/grande-braderie-chez-valrupt-tradition-des-vosges-trois-jours-de-bonnes-affaires-a-ne-pas-manquer\/","url":"https:\/\/vosgesinfo.fr\/epinalinfo\/2025\/04\/grande-braderie-chez-valrupt-tradition-des-vosges-trois-jours-de-bonnes-affaires-a-ne-pas-manquer\/","name":"Grande Braderie chez Valrupt Tradition des Vosges \u2013 Trois jours de bonnes affaires \u00e0 ne pas manquer ! - Epinal Info","isPartOf":{"@id":"https:\/\/vosgesinfo.fr\/epinalinfo\/#website"},"primaryImageOfPage":{"@id":"https:\/\/vosgesinfo.fr\/epinalinfo\/2025\/04\/grande-braderie-chez-valrupt-tradition-des-vosges-trois-jours-de-bonnes-affaires-a-ne-pas-manquer\/#primaryimage"},"image":{"@id":"https:\/\/vosgesinfo.fr\/epinalinfo\/2025\/04\/grande-braderie-chez-valrupt-tradition-des-vosges-trois-jours-de-bonnes-affaires-a-ne-pas-manquer\/#primaryimage"},"thumbnailUrl":"https:\/\/vosgesinfo.fr\/app\/uploads\/sites\/3\/2025\/04\/1744997215327.jpeg","datePublished":"2025-04-18T17:40:22+00:00","dateModified":"2025-04-18T17:30:00+00:00","breadcrumb":{"@id":"https:\/\/vosgesinfo.fr\/epinalinfo\/2025\/04\/grande-braderie-chez-valrupt-tradition-des-vosges-trois-jours-de-bonnes-affaires-a-ne-pas-manquer\/#breadcrumb"},"inLanguage":"fr-FR","potentialAction":[{"@type":"ReadAction","target":["https:\/\/vosgesinfo.fr\/epinalinfo\/2025\/04\/grande-braderie-chez-valrupt-tradition-des-vosges-trois-jours-de-bonnes-affaires-a-ne-pas-manquer\/"]}]},{"@type":"ImageObject","inLanguage":"fr-FR","@id":"https:\/\/vosgesinfo.fr\/epinalinfo\/2025\/04\/grande-braderie-chez-valrupt-tradition-des-vosges-trois-jours-de-bonnes-affaires-a-ne-pas-manquer\/#primaryimage","url":"https:\/\/vosgesinfo.fr\/app\/uploads\/sites\/3\/2025\/04\/1744997215327.jpeg","contentUrl":"https:\/\/vosgesinfo.fr\/app\/uploads\/sites\/3\/2025\/04\/1744997215327.jpeg","width":2048,"height":1536,"caption":"photo L.C."},{"@type":"BreadcrumbList","@id":"https:\/\/vosgesinfo.fr\/epinalinfo\/2025\/04\/grande-braderie-chez-valrupt-tradition-des-vosges-trois-jours-de-bonnes-affaires-a-ne-pas-manquer\/#breadcrumb","itemListElement":[{"@type":"ListItem","position":1,"name":"Home","item":"https:\/\/vosgesinfo.fr\/epinalinfo\/"},{"@type":"ListItem","position":2,"name":"Grande Braderie chez Valrupt Tradition des Vosges \u2013 Trois jours de bonnes affaires \u00e0 ne pas manquer !"}]},{"@type":"WebSite","@id":"https:\/\/vosgesinfo.fr\/epinalinfo\/#website","url":"https:\/\/vosgesinfo.fr\/epinalinfo\/","name":"Epinal Info","description":"Toute l&#039;actualit\u00e9 d&#039;\u00c9pinal","publisher":{"@id":"https:\/\/vosgesinfo.fr\/epinalinfo\/#organization"},"alternateName":"Toute l'actualit\u00e9 d'\u00c9pinal","potentialAction":[{"@type":"SearchAction","target":{"@type":"EntryPoint","urlTemplate":"https:\/\/vosgesinfo.fr\/epinalinfo\/?s={search_term_string}"},"query-input":"required name=search_term_string"}],"inLanguage":"fr-FR"},{"@type":"Organization","@id":"https:\/\/vosgesinfo.fr\/epinalinfo\/#organization","name":"Epinal Info","url":"https:\/\/vosgesinfo.fr\/epinalinfo\/","logo":{"@type":"ImageObject","inLanguage":"fr-FR","@id":"https:\/\/vosgesinfo.fr\/epinalinfo\/#\/schema\/logo\/image\/","url":"https:\/\/vosgesinfo.fr\/app\/uploads\/sites\/3\/2023\/08\/logo-epinalinfos.svg","contentUrl":"https:\/\/vosgesinfo.fr\/app\/uploads\/sites\/3\/2023\/08\/logo-epinalinfos.svg","width":1,"height":1,"caption":"Epinal Info"},"image":{"@id":"https:\/\/vosgesinfo.fr\/epinalinfo\/#\/schema\/logo\/image\/"},"sameAs":["https:\/\/www.facebook.com\/Epinalinfos","https:\/\/x.com\/VosgesInfo88","https:\/\/www.youtube.com\/@vosgesinfo"]},{"@type":"Person","@id":"https:\/\/vosgesinfo.fr\/epinalinfo\/#\/schema\/person\/6f9a650eeea99d969b6c4ab78fccbe81","name":"C.K.","image":{"@type":"ImageObject","inLanguage":"fr-FR","@id":"https:\/\/vosgesinfo.fr\/epinalinfo\/#\/schema\/person\/image\/","url":"https:\/\/secure.gravatar.com\/avatar\/48e3fc7f8421ba8942be6b74a2b7f014ca39bc00dece156b7a8e098ae7dc87bf?s=96&d=mm&r=g","contentUrl":"https:\/\/secure.gravatar.com\/avatar\/48e3fc7f8421ba8942be6b74a2b7f014ca39bc00dece156b7a8e098ae7dc87bf?s=96&d=mm&r=g","caption":"C.K."},"url":"https:\/\/vosgesinfo.fr\/epinalinfo\/author\/celia-k-n\/"}]}},"_links":{"self":[{"href":"https:\/\/vosgesinfo.fr\/epinalinfo\/wp-json\/wp\/v2\/posts\/131141","targetHints":{"allow":["GET"]}}],"collection":[{"href":"https:\/\/vosgesinfo.fr\/epinalinfo\/wp-json\/wp\/v2\/posts"}],"about":[{"href":"https:\/\/vosgesinfo.fr\/epinalinfo\/wp-json\/wp\/v2\/types\/post"}],"author":[{"embeddable":true,"href":"https:\/\/vosgesinfo.fr\/epinalinfo\/wp-json\/wp\/v2\/users\/52"}],"replies":[{"embeddable":true,"href":"https:\/\/vosgesinfo.fr\/epinalinfo\/wp-json\/wp\/v2\/comments?post=131141"}],"version-history":[{"count":1,"href":"https:\/\/vosgesinfo.fr\/epinalinfo\/wp-json\/wp\/v2\/posts\/131141\/revisions"}],"predecessor-version":[{"id":131147,"href":"https:\/\/vosgesinfo.fr\/epinalinfo\/wp-json\/wp\/v2\/posts\/131141\/revisions\/131147"}],"wp:featuredmedia":[{"embeddable":true,"href":"https:\/\/vosgesinfo.fr\/epinalinfo\/wp-json\/wp\/v2\/media\/131142"}],"wp:attachment":[{"href":"https:\/\/vosgesinfo.fr\/epinalinfo\/wp-json\/wp\/v2\/media?parent=131141"}],"wp:term":[{"taxonomy":"category","embeddable":true,"href":"https:\/\/vosgesinfo.fr\/epinalinfo\/wp-json\/wp\/v2\/categories?post=131141"},{"taxonomy":"post_tag","embeddable":true,"href":"https:\/\/vosgesinfo.fr\/epinalinfo\/wp-json\/wp\/v2\/tags?post=131141"}],"curies":[{"name":"wp","href":"https:\/\/api.w.org\/{rel}","templated":true}]}}