{"id":131575,"date":"2025-05-06T07:00:30","date_gmt":"2025-05-06T05:00:30","guid":{"rendered":"https:\/\/vosgesinfo.fr\/epinalinfo\/?p=131575"},"modified":"2025-05-05T20:07:46","modified_gmt":"2025-05-05T18:07:46","slug":"gaec-derriere-la-croix-vous-ouvre-ses-portes","status":"publish","type":"post","link":"https:\/\/vosgesinfo.fr\/epinalinfo\/2025\/05\/gaec-derriere-la-croix-vous-ouvre-ses-portes\/","title":{"rendered":"GAEC DERRIERE LA CROIX vous ouvre ses portes"},"content":{"rendered":"<h2><strong><a href=\"https:\/\/vosgesinfo.fr\/app\/uploads\/sites\/3\/2025\/05\/thumbnail-gaec-derriere-la-croix-photo-premium.png\"><img decoding=\"async\" class=\"aligncenter size-full wp-image-131576\" src=\"https:\/\/vosgesinfo.fr\/app\/uploads\/sites\/3\/2025\/05\/thumbnail-gaec-derriere-la-croix-photo-premium.png\" alt=\"\" width=\"623\" height=\"557\" srcset=\"https:\/\/vosgesinfo.fr\/app\/uploads\/sites\/3\/2025\/05\/thumbnail-gaec-derriere-la-croix-photo-premium.png 623w, https:\/\/vosgesinfo.fr\/app\/uploads\/sites\/3\/2025\/05\/thumbnail-gaec-derriere-la-croix-photo-premium-300x268.png 300w\" sizes=\"(max-width: 623px) 100vw, 623px\" \/><\/a>Situ\u00e9 sur la jolie commune de Oelleville, le GAEC derri\u00e8re la croix sera de la partie pour cette nouvelle \u00e9dition des Rencontres \u00e0 la ferme 2025, le samedi 17 Mai 2025 !<\/strong><\/h2>\n<p>Sylvain s\u2019est install\u00e9 en 1997 sur la ferme familiale avec ses parents. C\u2019est seulement en 2007 suite au d\u00e9part en retraite de son p\u00e8re que le GAEC derri\u00e8re la croix verra le jour. Aur\u00e9lie viendra par la suite, en 2023, agrandir le GAEC.<\/p>\n<p>Sur l\u2019exploitation, ils \u00e9l\u00e8vent un troupeau de 110 vaches laiti\u00e8res de race Montb\u00e9liarde avec une conduite en agriculture biologique et avec une production annuelle de 800 000 L de lait.<\/p>\n<p>En plus de la production laiti\u00e8re, ils \u00e9l\u00e8vent 20 b\u0153ufs par an issus du troupeau laitier.<\/p>\n<p>Le samedi 17 mai , ils vous pr\u00e9parent une journ\u00e9e bas\u00e9e sur les diff\u00e9rents m\u00e9tiers de l\u2019agriculture avec un march\u00e9 de producteurs, des animations et une visite de l\u2019exploitation.<\/p>\n<p>Le midi et tout au long de la journ\u00e9e, les Jeunes Agriculteurs de Mirecourt vous proposeront un repas local et l\u2019incontournable buvette !<\/p>\n<p>Venez passer un moment convivial en famille et d\u00e9couvrir le savoir-faire de notre agriculture !<\/p>\n<p><strong>Gaec Derri\u00e8re La Croix<\/strong><\/p>\n<p><strong>900 Rte de Rouvres<\/strong><\/p>\n<p><strong>88500 OELLEVILLE<\/strong><\/p>\n\n\t\t<style type=\"text\/css\">\n\t\t\t#gallery-1 {\n\t\t\t\tmargin: auto;\n\t\t\t}\n\t\t\t#gallery-1 .gallery-item {\n\t\t\t\tfloat: left;\n\t\t\t\tmargin-top: 10px;\n\t\t\t\ttext-align: center;\n\t\t\t\twidth: 33%;\n\t\t\t}\n\t\t\t#gallery-1 img {\n\t\t\t\tborder: 2px solid #cfcfcf;\n\t\t\t}\n\t\t\t#gallery-1 .gallery-caption {\n\t\t\t\tmargin-left: 0;\n\t\t\t}\n\t\t\t\/* see gallery_shortcode() in wp-includes\/media.php *\/\n\t\t<\/style>\n\t\t<div id='gallery-1' class='gallery galleryid-131575 gallery-columns-3 gallery-size-large'><dl class='gallery-item'>\n\t\t\t<dt class='gallery-icon portrait'>\n\t\t\t\t<a href='https:\/\/vosgesinfo.fr\/app\/uploads\/sites\/3\/2025\/05\/thumbnail-flyer-gaec-derriere-la-croix-page-0001.jpg'><img decoding=\"async\" width=\"721\" height=\"1024\" src=\"https:\/\/vosgesinfo.fr\/app\/uploads\/sites\/3\/2025\/05\/thumbnail-flyer-gaec-derriere-la-croix-page-0001-721x1024.jpg\" class=\"attachment-large size-large\" alt=\"\" srcset=\"https:\/\/vosgesinfo.fr\/app\/uploads\/sites\/3\/2025\/05\/thumbnail-flyer-gaec-derriere-la-croix-page-0001-721x1024.jpg 721w, https:\/\/vosgesinfo.fr\/app\/uploads\/sites\/3\/2025\/05\/thumbnail-flyer-gaec-derriere-la-croix-page-0001-211x300.jpg 211w, https:\/\/vosgesinfo.fr\/app\/uploads\/sites\/3\/2025\/05\/thumbnail-flyer-gaec-derriere-la-croix-page-0001-768x1090.jpg 768w, https:\/\/vosgesinfo.fr\/app\/uploads\/sites\/3\/2025\/05\/thumbnail-flyer-gaec-derriere-la-croix-page-0001.jpg 874w\" sizes=\"(max-width: 721px) 100vw, 721px\" \/><\/a>\n\t\t\t<\/dt><\/dl><dl class='gallery-item'>\n\t\t\t<dt class='gallery-icon portrait'>\n\t\t\t\t<a href='https:\/\/vosgesinfo.fr\/app\/uploads\/sites\/3\/2025\/05\/thumbnail-flyer-gaec-derriere-la-croix-page-0002.jpg'><img decoding=\"async\" width=\"721\" height=\"1024\" src=\"https:\/\/vosgesinfo.fr\/app\/uploads\/sites\/3\/2025\/05\/thumbnail-flyer-gaec-derriere-la-croix-page-0002-721x1024.jpg\" class=\"attachment-large size-large\" alt=\"\" srcset=\"https:\/\/vosgesinfo.fr\/app\/uploads\/sites\/3\/2025\/05\/thumbnail-flyer-gaec-derriere-la-croix-page-0002-721x1024.jpg 721w, https:\/\/vosgesinfo.fr\/app\/uploads\/sites\/3\/2025\/05\/thumbnail-flyer-gaec-derriere-la-croix-page-0002-211x300.jpg 211w, https:\/\/vosgesinfo.fr\/app\/uploads\/sites\/3\/2025\/05\/thumbnail-flyer-gaec-derriere-la-croix-page-0002-768x1090.jpg 768w, https:\/\/vosgesinfo.fr\/app\/uploads\/sites\/3\/2025\/05\/thumbnail-flyer-gaec-derriere-la-croix-page-0002.jpg 874w\" sizes=\"(max-width: 721px) 100vw, 721px\" \/><\/a>\n\t\t\t<\/dt><\/dl>\n\t\t\t<br style='clear: both' \/>\n\t\t<\/div>\n\n","protected":false},"excerpt":{"rendered":"<p>Situ\u00e9 sur la jolie commune de Oelleville, le GAEC derri\u00e8re la croix sera de la partie pour cette nouvelle \u00e9dition [&hellip;]<\/p>\n","protected":false},"author":41,"featured_media":131576,"comment_status":"open","ping_status":"open","sticky":false,"template":"","format":"standard","meta":{"footnotes":""},"categories":[22,24,6057,3,1085],"tags":[],"class_list":["post-131575","post","type-post","status-publish","format-standard","has-post-thumbnail","hentry","category-a-la-une","category-epinal","category-la-plaine-des-vosges","category-publi-reportage","category-publireportage"],"acf":[],"yoast_head":"<!-- This site is optimized with the Yoast SEO plugin v22.5 - https:\/\/yoast.com\/wordpress\/plugins\/seo\/ -->\n<title>GAEC DERRIERE LA CROIX vous ouvre ses portes - Epinal Info<\/title>\n<meta name=\"robots\" content=\"index, follow, max-snippet:-1, max-image-preview:large, max-video-preview:-1\" \/>\n<link rel=\"canonical\" href=\"https:\/\/vosgesinfo.fr\/epinalinfo\/2025\/05\/gaec-derriere-la-croix-vous-ouvre-ses-portes\/\" \/>\n<meta name=\"twitter:card\" content=\"summary_large_image\" \/>\n<meta name=\"twitter:title\" content=\"GAEC DERRIERE LA CROIX vous ouvre ses portes - Epinal Info\" \/>\n<meta name=\"twitter:description\" content=\"Situ\u00e9 sur la jolie commune de Oelleville, le GAEC derri\u00e8re la croix sera de la partie pour cette nouvelle \u00e9dition [&hellip;]\" \/>\n<meta name=\"twitter:image\" content=\"https:\/\/vosgesinfo.fr\/app\/uploads\/sites\/3\/2025\/05\/thumbnail-gaec-derriere-la-croix-photo-premium.png\" \/>\n<meta name=\"twitter:creator\" content=\"@VosgesInfo88\" \/>\n<meta name=\"twitter:site\" content=\"@VosgesInfo88\" \/>\n<meta name=\"twitter:label1\" content=\"\u00c9crit par\" \/>\n\t<meta name=\"twitter:data1\" content=\"La r\u00e9daction\" \/>\n\t<meta name=\"twitter:label2\" content=\"Dur\u00e9e de lecture estim\u00e9e\" \/>\n\t<meta name=\"twitter:data2\" content=\"1 minute\" \/>\n<script type=\"application\/ld+json\" class=\"yoast-schema-graph\">{\"@context\":\"https:\/\/schema.org\",\"@graph\":[{\"@type\":\"Article\",\"@id\":\"https:\/\/vosgesinfo.fr\/epinalinfo\/2025\/05\/gaec-derriere-la-croix-vous-ouvre-ses-portes\/#article\",\"isPartOf\":{\"@id\":\"https:\/\/vosgesinfo.fr\/epinalinfo\/2025\/05\/gaec-derriere-la-croix-vous-ouvre-ses-portes\/\"},\"author\":{\"name\":\"La r\u00e9daction\",\"@id\":\"https:\/\/vosgesinfo.fr\/epinalinfo\/#\/schema\/person\/44f5fff67d0ae31d2770e1f7555c711d\"},\"headline\":\"GAEC DERRIERE LA CROIX vous ouvre ses portes\",\"datePublished\":\"2025-05-06T05:00:30+00:00\",\"dateModified\":\"2025-05-05T18:07:46+00:00\",\"mainEntityOfPage\":{\"@id\":\"https:\/\/vosgesinfo.fr\/epinalinfo\/2025\/05\/gaec-derriere-la-croix-vous-ouvre-ses-portes\/\"},\"wordCount\":219,\"commentCount\":0,\"publisher\":{\"@id\":\"https:\/\/vosgesinfo.fr\/epinalinfo\/#organization\"},\"image\":{\"@id\":\"https:\/\/vosgesinfo.fr\/epinalinfo\/2025\/05\/gaec-derriere-la-croix-vous-ouvre-ses-portes\/#primaryimage\"},\"thumbnailUrl\":\"https:\/\/vosgesinfo.fr\/app\/uploads\/sites\/3\/2025\/05\/thumbnail-gaec-derriere-la-croix-photo-premium.png\",\"articleSection\":[\"A la Une\",\"Epinal\",\"La plaine des vosges\",\"Publi-reportage\",\"Publireportage\"],\"inLanguage\":\"fr-FR\",\"potentialAction\":[{\"@type\":\"CommentAction\",\"name\":\"Comment\",\"target\":[\"https:\/\/vosgesinfo.fr\/epinalinfo\/2025\/05\/gaec-derriere-la-croix-vous-ouvre-ses-portes\/#respond\"]}]},{\"@type\":\"WebPage\",\"@id\":\"https:\/\/vosgesinfo.fr\/epinalinfo\/2025\/05\/gaec-derriere-la-croix-vous-ouvre-ses-portes\/\",\"url\":\"https:\/\/vosgesinfo.fr\/epinalinfo\/2025\/05\/gaec-derriere-la-croix-vous-ouvre-ses-portes\/\",\"name\":\"GAEC DERRIERE LA CROIX vous ouvre ses portes - Epinal Info\",\"isPartOf\":{\"@id\":\"https:\/\/vosgesinfo.fr\/epinalinfo\/#website\"},\"primaryImageOfPage\":{\"@id\":\"https:\/\/vosgesinfo.fr\/epinalinfo\/2025\/05\/gaec-derriere-la-croix-vous-ouvre-ses-portes\/#primaryimage\"},\"image\":{\"@id\":\"https:\/\/vosgesinfo.fr\/epinalinfo\/2025\/05\/gaec-derriere-la-croix-vous-ouvre-ses-portes\/#primaryimage\"},\"thumbnailUrl\":\"https:\/\/vosgesinfo.fr\/app\/uploads\/sites\/3\/2025\/05\/thumbnail-gaec-derriere-la-croix-photo-premium.png\",\"datePublished\":\"2025-05-06T05:00:30+00:00\",\"dateModified\":\"2025-05-05T18:07:46+00:00\",\"breadcrumb\":{\"@id\":\"https:\/\/vosgesinfo.fr\/epinalinfo\/2025\/05\/gaec-derriere-la-croix-vous-ouvre-ses-portes\/#breadcrumb\"},\"inLanguage\":\"fr-FR\",\"potentialAction\":[{\"@type\":\"ReadAction\",\"target\":[\"https:\/\/vosgesinfo.fr\/epinalinfo\/2025\/05\/gaec-derriere-la-croix-vous-ouvre-ses-portes\/\"]}]},{\"@type\":\"ImageObject\",\"inLanguage\":\"fr-FR\",\"@id\":\"https:\/\/vosgesinfo.fr\/epinalinfo\/2025\/05\/gaec-derriere-la-croix-vous-ouvre-ses-portes\/#primaryimage\",\"url\":\"https:\/\/vosgesinfo.fr\/app\/uploads\/sites\/3\/2025\/05\/thumbnail-gaec-derriere-la-croix-photo-premium.png\",\"contentUrl\":\"https:\/\/vosgesinfo.fr\/app\/uploads\/sites\/3\/2025\/05\/thumbnail-gaec-derriere-la-croix-photo-premium.png\",\"width\":623,\"height\":557},{\"@type\":\"BreadcrumbList\",\"@id\":\"https:\/\/vosgesinfo.fr\/epinalinfo\/2025\/05\/gaec-derriere-la-croix-vous-ouvre-ses-portes\/#breadcrumb\",\"itemListElement\":[{\"@type\":\"ListItem\",\"position\":1,\"name\":\"Home\",\"item\":\"https:\/\/vosgesinfo.fr\/epinalinfo\/\"},{\"@type\":\"ListItem\",\"position\":2,\"name\":\"GAEC DERRIERE LA CROIX vous ouvre ses portes\"}]},{\"@type\":\"WebSite\",\"@id\":\"https:\/\/vosgesinfo.fr\/epinalinfo\/#website\",\"url\":\"https:\/\/vosgesinfo.fr\/epinalinfo\/\",\"name\":\"Epinal Info\",\"description\":\"Toute l&#039;actualit\u00e9 d&#039;\u00c9pinal\",\"publisher\":{\"@id\":\"https:\/\/vosgesinfo.fr\/epinalinfo\/#organization\"},\"alternateName\":\"Toute l'actualit\u00e9 d'\u00c9pinal\",\"potentialAction\":[{\"@type\":\"SearchAction\",\"target\":{\"@type\":\"EntryPoint\",\"urlTemplate\":\"https:\/\/vosgesinfo.fr\/epinalinfo\/?s={search_term_string}\"},\"query-input\":\"required name=search_term_string\"}],\"inLanguage\":\"fr-FR\"},{\"@type\":\"Organization\",\"@id\":\"https:\/\/vosgesinfo.fr\/epinalinfo\/#organization\",\"name\":\"Epinal Info\",\"url\":\"https:\/\/vosgesinfo.fr\/epinalinfo\/\",\"logo\":{\"@type\":\"ImageObject\",\"inLanguage\":\"fr-FR\",\"@id\":\"https:\/\/vosgesinfo.fr\/epinalinfo\/#\/schema\/logo\/image\/\",\"url\":\"https:\/\/vosgesinfo.fr\/app\/uploads\/sites\/3\/2023\/08\/logo-epinalinfos.svg\",\"contentUrl\":\"https:\/\/vosgesinfo.fr\/app\/uploads\/sites\/3\/2023\/08\/logo-epinalinfos.svg\",\"width\":1,\"height\":1,\"caption\":\"Epinal Info\"},\"image\":{\"@id\":\"https:\/\/vosgesinfo.fr\/epinalinfo\/#\/schema\/logo\/image\/\"},\"sameAs\":[\"https:\/\/www.facebook.com\/Epinalinfos\",\"https:\/\/x.com\/VosgesInfo88\",\"https:\/\/www.youtube.com\/@vosgesinfo\"]},{\"@type\":\"Person\",\"@id\":\"https:\/\/vosgesinfo.fr\/epinalinfo\/#\/schema\/person\/44f5fff67d0ae31d2770e1f7555c711d\",\"name\":\"La r\u00e9daction\",\"image\":{\"@type\":\"ImageObject\",\"inLanguage\":\"fr-FR\",\"@id\":\"https:\/\/vosgesinfo.fr\/epinalinfo\/#\/schema\/person\/image\/\",\"url\":\"https:\/\/secure.gravatar.com\/avatar\/16dedd2578b2ae59b9a3a38f046defecb4cf834aaec7bb1d03d9ba6b5e55a8d5?s=96&d=mm&r=g\",\"contentUrl\":\"https:\/\/secure.gravatar.com\/avatar\/16dedd2578b2ae59b9a3a38f046defecb4cf834aaec7bb1d03d9ba6b5e55a8d5?s=96&d=mm&r=g\",\"caption\":\"La r\u00e9daction\"},\"url\":\"https:\/\/vosgesinfo.fr\/epinalinfo\/author\/poupy\/\"}]}<\/script>\n<!-- \/ Yoast SEO plugin. -->","yoast_head_json":{"title":"GAEC DERRIERE LA CROIX vous ouvre ses portes - Epinal Info","robots":{"index":"index","follow":"follow","max-snippet":"max-snippet:-1","max-image-preview":"max-image-preview:large","max-video-preview":"max-video-preview:-1"},"canonical":"https:\/\/vosgesinfo.fr\/epinalinfo\/2025\/05\/gaec-derriere-la-croix-vous-ouvre-ses-portes\/","twitter_card":"summary_large_image","twitter_title":"GAEC DERRIERE LA CROIX vous ouvre ses portes - Epinal Info","twitter_description":"Situ\u00e9 sur la jolie commune de Oelleville, le GAEC derri\u00e8re la croix sera de la partie pour cette nouvelle \u00e9dition [&hellip;]","twitter_image":"https:\/\/vosgesinfo.fr\/app\/uploads\/sites\/3\/2025\/05\/thumbnail-gaec-derriere-la-croix-photo-premium.png","twitter_creator":"@VosgesInfo88","twitter_site":"@VosgesInfo88","twitter_misc":{"\u00c9crit par":"La r\u00e9daction","Dur\u00e9e de lecture estim\u00e9e":"1 minute"},"schema":{"@context":"https:\/\/schema.org","@graph":[{"@type":"Article","@id":"https:\/\/vosgesinfo.fr\/epinalinfo\/2025\/05\/gaec-derriere-la-croix-vous-ouvre-ses-portes\/#article","isPartOf":{"@id":"https:\/\/vosgesinfo.fr\/epinalinfo\/2025\/05\/gaec-derriere-la-croix-vous-ouvre-ses-portes\/"},"author":{"name":"La r\u00e9daction","@id":"https:\/\/vosgesinfo.fr\/epinalinfo\/#\/schema\/person\/44f5fff67d0ae31d2770e1f7555c711d"},"headline":"GAEC DERRIERE LA CROIX vous ouvre ses portes","datePublished":"2025-05-06T05:00:30+00:00","dateModified":"2025-05-05T18:07:46+00:00","mainEntityOfPage":{"@id":"https:\/\/vosgesinfo.fr\/epinalinfo\/2025\/05\/gaec-derriere-la-croix-vous-ouvre-ses-portes\/"},"wordCount":219,"commentCount":0,"publisher":{"@id":"https:\/\/vosgesinfo.fr\/epinalinfo\/#organization"},"image":{"@id":"https:\/\/vosgesinfo.fr\/epinalinfo\/2025\/05\/gaec-derriere-la-croix-vous-ouvre-ses-portes\/#primaryimage"},"thumbnailUrl":"https:\/\/vosgesinfo.fr\/app\/uploads\/sites\/3\/2025\/05\/thumbnail-gaec-derriere-la-croix-photo-premium.png","articleSection":["A la Une","Epinal","La plaine des vosges","Publi-reportage","Publireportage"],"inLanguage":"fr-FR","potentialAction":[{"@type":"CommentAction","name":"Comment","target":["https:\/\/vosgesinfo.fr\/epinalinfo\/2025\/05\/gaec-derriere-la-croix-vous-ouvre-ses-portes\/#respond"]}]},{"@type":"WebPage","@id":"https:\/\/vosgesinfo.fr\/epinalinfo\/2025\/05\/gaec-derriere-la-croix-vous-ouvre-ses-portes\/","url":"https:\/\/vosgesinfo.fr\/epinalinfo\/2025\/05\/gaec-derriere-la-croix-vous-ouvre-ses-portes\/","name":"GAEC DERRIERE LA CROIX vous ouvre ses portes - Epinal Info","isPartOf":{"@id":"https:\/\/vosgesinfo.fr\/epinalinfo\/#website"},"primaryImageOfPage":{"@id":"https:\/\/vosgesinfo.fr\/epinalinfo\/2025\/05\/gaec-derriere-la-croix-vous-ouvre-ses-portes\/#primaryimage"},"image":{"@id":"https:\/\/vosgesinfo.fr\/epinalinfo\/2025\/05\/gaec-derriere-la-croix-vous-ouvre-ses-portes\/#primaryimage"},"thumbnailUrl":"https:\/\/vosgesinfo.fr\/app\/uploads\/sites\/3\/2025\/05\/thumbnail-gaec-derriere-la-croix-photo-premium.png","datePublished":"2025-05-06T05:00:30+00:00","dateModified":"2025-05-05T18:07:46+00:00","breadcrumb":{"@id":"https:\/\/vosgesinfo.fr\/epinalinfo\/2025\/05\/gaec-derriere-la-croix-vous-ouvre-ses-portes\/#breadcrumb"},"inLanguage":"fr-FR","potentialAction":[{"@type":"ReadAction","target":["https:\/\/vosgesinfo.fr\/epinalinfo\/2025\/05\/gaec-derriere-la-croix-vous-ouvre-ses-portes\/"]}]},{"@type":"ImageObject","inLanguage":"fr-FR","@id":"https:\/\/vosgesinfo.fr\/epinalinfo\/2025\/05\/gaec-derriere-la-croix-vous-ouvre-ses-portes\/#primaryimage","url":"https:\/\/vosgesinfo.fr\/app\/uploads\/sites\/3\/2025\/05\/thumbnail-gaec-derriere-la-croix-photo-premium.png","contentUrl":"https:\/\/vosgesinfo.fr\/app\/uploads\/sites\/3\/2025\/05\/thumbnail-gaec-derriere-la-croix-photo-premium.png","width":623,"height":557},{"@type":"BreadcrumbList","@id":"https:\/\/vosgesinfo.fr\/epinalinfo\/2025\/05\/gaec-derriere-la-croix-vous-ouvre-ses-portes\/#breadcrumb","itemListElement":[{"@type":"ListItem","position":1,"name":"Home","item":"https:\/\/vosgesinfo.fr\/epinalinfo\/"},{"@type":"ListItem","position":2,"name":"GAEC DERRIERE LA CROIX vous ouvre ses portes"}]},{"@type":"WebSite","@id":"https:\/\/vosgesinfo.fr\/epinalinfo\/#website","url":"https:\/\/vosgesinfo.fr\/epinalinfo\/","name":"Epinal Info","description":"Toute l&#039;actualit\u00e9 d&#039;\u00c9pinal","publisher":{"@id":"https:\/\/vosgesinfo.fr\/epinalinfo\/#organization"},"alternateName":"Toute l'actualit\u00e9 d'\u00c9pinal","potentialAction":[{"@type":"SearchAction","target":{"@type":"EntryPoint","urlTemplate":"https:\/\/vosgesinfo.fr\/epinalinfo\/?s={search_term_string}"},"query-input":"required name=search_term_string"}],"inLanguage":"fr-FR"},{"@type":"Organization","@id":"https:\/\/vosgesinfo.fr\/epinalinfo\/#organization","name":"Epinal Info","url":"https:\/\/vosgesinfo.fr\/epinalinfo\/","logo":{"@type":"ImageObject","inLanguage":"fr-FR","@id":"https:\/\/vosgesinfo.fr\/epinalinfo\/#\/schema\/logo\/image\/","url":"https:\/\/vosgesinfo.fr\/app\/uploads\/sites\/3\/2023\/08\/logo-epinalinfos.svg","contentUrl":"https:\/\/vosgesinfo.fr\/app\/uploads\/sites\/3\/2023\/08\/logo-epinalinfos.svg","width":1,"height":1,"caption":"Epinal Info"},"image":{"@id":"https:\/\/vosgesinfo.fr\/epinalinfo\/#\/schema\/logo\/image\/"},"sameAs":["https:\/\/www.facebook.com\/Epinalinfos","https:\/\/x.com\/VosgesInfo88","https:\/\/www.youtube.com\/@vosgesinfo"]},{"@type":"Person","@id":"https:\/\/vosgesinfo.fr\/epinalinfo\/#\/schema\/person\/44f5fff67d0ae31d2770e1f7555c711d","name":"La r\u00e9daction","image":{"@type":"ImageObject","inLanguage":"fr-FR","@id":"https:\/\/vosgesinfo.fr\/epinalinfo\/#\/schema\/person\/image\/","url":"https:\/\/secure.gravatar.com\/avatar\/16dedd2578b2ae59b9a3a38f046defecb4cf834aaec7bb1d03d9ba6b5e55a8d5?s=96&d=mm&r=g","contentUrl":"https:\/\/secure.gravatar.com\/avatar\/16dedd2578b2ae59b9a3a38f046defecb4cf834aaec7bb1d03d9ba6b5e55a8d5?s=96&d=mm&r=g","caption":"La r\u00e9daction"},"url":"https:\/\/vosgesinfo.fr\/epinalinfo\/author\/poupy\/"}]}},"_links":{"self":[{"href":"https:\/\/vosgesinfo.fr\/epinalinfo\/wp-json\/wp\/v2\/posts\/131575","targetHints":{"allow":["GET"]}}],"collection":[{"href":"https:\/\/vosgesinfo.fr\/epinalinfo\/wp-json\/wp\/v2\/posts"}],"about":[{"href":"https:\/\/vosgesinfo.fr\/epinalinfo\/wp-json\/wp\/v2\/types\/post"}],"author":[{"embeddable":true,"href":"https:\/\/vosgesinfo.fr\/epinalinfo\/wp-json\/wp\/v2\/users\/41"}],"replies":[{"embeddable":true,"href":"https:\/\/vosgesinfo.fr\/epinalinfo\/wp-json\/wp\/v2\/comments?post=131575"}],"version-history":[{"count":1,"href":"https:\/\/vosgesinfo.fr\/epinalinfo\/wp-json\/wp\/v2\/posts\/131575\/revisions"}],"predecessor-version":[{"id":131579,"href":"https:\/\/vosgesinfo.fr\/epinalinfo\/wp-json\/wp\/v2\/posts\/131575\/revisions\/131579"}],"wp:featuredmedia":[{"embeddable":true,"href":"https:\/\/vosgesinfo.fr\/epinalinfo\/wp-json\/wp\/v2\/media\/131576"}],"wp:attachment":[{"href":"https:\/\/vosgesinfo.fr\/epinalinfo\/wp-json\/wp\/v2\/media?parent=131575"}],"wp:term":[{"taxonomy":"category","embeddable":true,"href":"https:\/\/vosgesinfo.fr\/epinalinfo\/wp-json\/wp\/v2\/categories?post=131575"},{"taxonomy":"post_tag","embeddable":true,"href":"https:\/\/vosgesinfo.fr\/epinalinfo\/wp-json\/wp\/v2\/tags?post=131575"}],"curies":[{"name":"wp","href":"https:\/\/api.w.org\/{rel}","templated":true}]}}