{"id":131591,"date":"2025-05-06T09:20:49","date_gmt":"2025-05-06T07:20:49","guid":{"rendered":"https:\/\/vosgesinfo.fr\/epinalinfo\/?p=131591"},"modified":"2025-05-06T09:08:08","modified_gmt":"2025-05-06T07:08:08","slug":"portes-ouvertes-au-gaec-des-bergers-de-langer","status":"publish","type":"post","link":"https:\/\/vosgesinfo.fr\/epinalinfo\/2025\/05\/portes-ouvertes-au-gaec-des-bergers-de-langer\/","title":{"rendered":"Portes ouvertes au GAEC DES BERGERS DE L\u2019ANGER"},"content":{"rendered":"<h2 class=\"x_MsoNormal\"><b data-olk-copy-source=\"MessageBody\"><a href=\"https:\/\/vosgesinfo.fr\/app\/uploads\/sites\/3\/2025\/05\/thumbnail-gaec-des-bergers-du-langer-photo-premium.png\"><img decoding=\"async\" class=\"aligncenter size-full wp-image-131592\" src=\"https:\/\/vosgesinfo.fr\/app\/uploads\/sites\/3\/2025\/05\/thumbnail-gaec-des-bergers-du-langer-photo-premium.png\" alt=\"\" width=\"620\" height=\"559\" srcset=\"https:\/\/vosgesinfo.fr\/app\/uploads\/sites\/3\/2025\/05\/thumbnail-gaec-des-bergers-du-langer-photo-premium.png 620w, https:\/\/vosgesinfo.fr\/app\/uploads\/sites\/3\/2025\/05\/thumbnail-gaec-des-bergers-du-langer-photo-premium-300x270.png 300w\" sizes=\"(max-width: 620px) 100vw, 620px\" \/><\/a>Aujourd\u2019hui, pr\u00e9sentation du GAEC des Bergers de l\u2019Anger \u00e0 la Vacheresse, commune de 130 habitants, non loin de la commune de Bulgn\u00e9ville. Sandrine et Hugo, les deux g\u00e9rants de l\u2019exploitation ouvriront leurs portes au grand public pour les Rencontres \u00e0 la ferme le samedi 17 mai 2025\u00a0!<\/b><\/h2>\n<p class=\"x_MsoNormal\">Cr\u00e9er en 2002, le gaec des bergers de l\u2019Anger \u00e9l\u00e8ve 1700 brebis de races \u00cele de France et Suffolk.<\/p>\n<p class=\"x_MsoNormal\">En plus de l\u2019\u00e9levage des ovins, ils \u00e9l\u00e8vent 70 vaches allaitantes et ils transforment leur viande pour la vendre en vente directe<\/p>\n<p class=\"x_MsoNormal\">Le 17 mai, venez visiter l\u2019exploitation et profiter des nombreuses animations qui vous seront propos\u00e9es\u00a0: visite de la ferme, piscine de paille, chamboule tout, d\u00e9monstration de tonte, etc\u2026<\/p>\n<p class=\"x_MsoNormal\">Le midi et tout au long de la journ\u00e9e, les Jeunes Agriculteurs de Bulgn\u00e9ville vous proposeront un repas local (cuisse de b\u0153uf et mouton \u00e0 la broche) et l\u2019incontournable buvette ! <img decoding=\"async\" class=\"Do8Zj\" tabindex=\"0\" src=\"data:image\/png;base64,iVBORw0KGgoAAAANSUhEUgAAABAAAAAQCAYAAAAf8\/9hAAAC50lEQVQ4T31TW0gUURj+z87N3Z113TXxkmvbbTHTEIR6yOiCGOKTREJQkBVBUE8RWc\/hhaKHXoJClOg1kjDqwYcIIhIsMBNMa72kuboXnZ2dnTOXc5qZzW0xamDmH87\/f9\/5zv9\/B8F\/Hnq5ibPT6NG4\/q8yVJiwAYt1JY286G9BFDdQVhTtPJGSSzgtT4OSfROOM18KCfME81caAlxtRQ9THOjkfP4g8J4ct6YATsStKFEtLa9lFWPQndD6dzz8nHLU2R8bjGr4ASFQ2sH4y8HFFeWFEV0FXZKByGvOmqkTTdtID4pBdL3ixkTGIZi5WX9WrC5\/4uIYxIrFQBn3HwJVAoqzQHSTEg079TaJuiqdityfHEErdw94UUnoMeP1nkGEABJYB0yx4URiEqDEBGK9SNdyOY4HPab2hW6P3kJTz\/btoD\/E4aqaukbWVwpUy+SkYtVGW2ADkMsidTFADez8m1gDZf7bc57Vz6HB8+Git1PScMfR7SebD+4H1usHxHsLh5Pb1SI2sxnA6+uQMVJQWkO\/LiupVnT6XrBOeUVehiV3uLO9ApraGnLSNyQwFQzJmATKugnJLIbYYgom5xWYXTEgcpyf7TwWaEEXBkJVGzPKoPqRtEayHui8VA9NR3ZCdHwOpseWIBpNwVyMgqYSSFkkcdkEo5pC4AQ3zW5j2p2uvuhrezCbmLj2iWAIqC4Iezh4\/0EGDgmOmozV0DRrAF+RO1n1IREaQpUDxa8TVx2CxZ6WXrLCdy8LCYhXMhA3rdHSn\/k+hBZcoK1gqCHUWWN2ByEi8P21d8a78z4oqto15HaVMxpWgBc8YEecVMAlY3BrBtC0NQGfAMaeMjCMqIZT0sW9\/ZNP807US6CX9\/u6+LIgz7C8M4mtjiSWqdTY2t9OtGXZdsZueph4hGaPFyIUCSGmiPdvnkPPqHOmnPlOMB15l5RHu4bmLKP8vgtbh27fygVGE2Uz49vMjWlkdRNUWP8LXHVqqyAdYpcAAAAASUVORK5CYII=\" alt=\"\ud83c\udf54\" width=\"16\" height=\"16\" crossorigin=\"use-credentials\" data-custom=\"AQMkADAwATY3ZmYAZS05YzQwLTVjMjUtMDACLTAwCgBGAAADjAQK4thQZUK0cX7O3IAoGwcANIj6W1N040eayfuWDPxGPAAAAgEMAAAANIj6W1N040eayfuWDPxGPAAITMXzjwAAAAESABAAWEuSqhFJI0OJ2cZ9x3Z0%2FQ%3D%3D\" data-imagetype=\"AttachmentByCid\" \/><img decoding=\"async\" class=\"Do8Zj\" tabindex=\"0\" src=\"data:image\/png;base64,iVBORw0KGgoAAAANSUhEUgAAABAAAAAQCAYAAAAf8\/9hAAACz0lEQVQ4T12TW0gUYRTH\/7Nz29lVV0dNt4vmfbMsI3opjDQCwRLCiLSgXiISop4jeqne66GHniN9CBG8gBQhKD2FoVko5m1NN2\/N7rquszvX5vsGxe3AMPN98\/1\/5\/zPnGGwL+y52+10qYSXYKWnUdLUidTqKCwjCNt6CDX+kqkbHNyvYTIAy51vsDIRQna2BCX6HcGaJsTmeHiEArCiD9E\/T+CRh5iG4YldHQXYo42nIGc9wLZSBQ7l9GVs6ygKD1lIKh663lEBltMh+UYx9uM60xmPkm0XsHD3ImLhfiz\/zkLwCGAabgIrDXhEIgT0pAthGAWC9AGi8I45O\/rFBXxtOI9EvA\/JHRkHHLsrS2AkARC8LsgnuWJycY4kr1jH+sYdpnW62wVMtrTgb6QXiQSPAtk9mJVLM9tL82BKHFcby4BhuzBSBZ\/fRHpBASNXy9tO3szuDtTIPBUEcoBAgZud2CFWNhVQuHNPRFLa+IDQcaF\/vocChuqPPao9Ybw6fC8f1tQvqmNP17pWCIxkjUVhqxqs9W0o8158+5jzuHl86jUF9IVCVypyuZ6D9YLgkWIU4D+XA\/3XGn3mq4qgR3agLRqIb7BIzIraXMxoa52eHqCArsrK4yFJ+pzv8xXxXhFingAPz8LSTdeGE+moBj2Vxs62U0FaWwvDvtQxO\/uTAt7X1eVV2PanoN9\/hgA4zvkC+8IwXLGmqjBME6up1FjE57t8a3IyujeJI6FQV1AQ2gVJwn4IEZPYBaRTKSxrWnfz4mIH2d8DDJaVPS3l+eei1+vMidO0\/4KUbuo6VFW11znuWcvCwosMQE9p6bUSy+qRJIlheR4cy+4hSNlEbGgatnTd2OC4G23hcG8GgDSyOJkclkWxcFfJCQIVUQum6UwRkDCMzVW\/v5E0MAPwtrq6IKAoQ9lAPevxZPyl5KBpWS4AGI\/LcvP9mZlNsv4HlrY8IM0dzhoAAAAASUVORK5CYII=\" alt=\"\ud83c\udf5f\" width=\"16\" height=\"16\" crossorigin=\"use-credentials\" data-custom=\"AQMkADAwATY3ZmYAZS05YzQwLTVjMjUtMDACLTAwCgBGAAADjAQK4thQZUK0cX7O3IAoGwcANIj6W1N040eayfuWDPxGPAAAAgEMAAAANIj6W1N040eayfuWDPxGPAAITMXzjwAAAAESABAANEiXUKrev0G18mFZ7lqeKQ%3D%3D\" data-imagetype=\"AttachmentByCid\" \/><img decoding=\"async\" class=\"Do8Zj\" tabindex=\"0\" src=\"data:image\/png;base64,iVBORw0KGgoAAAANSUhEUgAAABAAAAAQCAYAAAAf8\/9hAAAC6UlEQVQ4T6WTW0iTARiG\/3+bp9wqm9PUmpsybchEY6auJa2Fx8yUXERZGZlGYHXlRWAhkQldmBmldBKJwrSQTNPwmFM8RdhymnO6s+6kO\/z7d\/gPsUHSTd743X3wfg8vfO8LAtsccKv76ekmPy633LOVZhPgFbe1TdCEGQIGl02L8A8M5sBmJWfoTWOV6MG47H+QTUBvVysPQdDStJREIYWym+mBTbji26u1ULbwM3lPhBl2WCempQZd\/8jgikiUavjrDHzROUohATYmi2y+lpTMrSCR\/AAE8QBmSReimf7iYRffCQzcFQl6gVaT0jg7OzcBkBm1WSdKxryuwJ6+9ly5ShvKIi6KjhbdysNRCIMXmzZWvnZga0qUkHCuaieNk0lA3E4QdbsAaEMDSiTSZu2O1CcIQFkGHzVWijRK++jZvcP34wpqinGPHNr4Xg+szlkJajkCszLzSXGnasmYS4shdj3JppYGiIcnuw1RBe3R+8ONPsB6b\/tAURa1JeZ4eSpqGUUt892gfhEmqOTYEktwxJ918nYMrOhE7LK3qE0HERVzaMcAteRuFJ3MB+sbblyI1E6OcRjW1xEHBWzEOolYZL+AdbWbqJLjQ7E8dtC\/YMjoJuoVuHhwmXo5JOv0MfDlu9Zy04+esOzomSsRB5jBLvM8BmlWQaseBY064EN4At2fyc\/JRyAZ7tRNYQ4jBJq0wIIKSL6kjTzE832hrb4ip\/oM9SI9mpZoUc34O5VqImwjYkoDoSk+IYjC4KWcR91GzLX6G3Ba3KDRADrEnsLn1KQcvS8HGfnFzKqrAiE3PioXtSj22dcUmESyMnavdWqwJns9jZ2WVObV2XVzOO5wu9Vmv9nHU5EtopvPejaD1P+xITaMSkoPCgpge8VSjV18\/WHfeOj6T\/7TujJBDIPOc0IGgsuJqxeswd11zYP9I5\/eL2\/ZBS+Izs8LaaouTWeFWA57dxh2SfUmZFxYWLnkC9I2y7h9wB\/WrHTWstkxFAAAAABJRU5ErkJggg==\" alt=\"\ud83c\udf7b\" width=\"16\" height=\"16\" crossorigin=\"use-credentials\" data-custom=\"AQMkADAwATY3ZmYAZS05YzQwLTVjMjUtMDACLTAwCgBGAAADjAQK4thQZUK0cX7O3IAoGwcANIj6W1N040eayfuWDPxGPAAAAgEMAAAANIj6W1N040eayfuWDPxGPAAITMXzjwAAAAESABAAIVuSyxJ6xkuCECVVJiTqGg%3D%3D\" data-imagetype=\"AttachmentByCid\" \/><b>Gaec des Bergers de l&rsquo;Anger<\/b><\/p>\n<p class=\"x_MsoNormal\"><b>31 Rue Sergent Roch<\/b><\/p>\n<p class=\"x_MsoNormal\"><b>88140 La Vacheresse et la Rouillie<\/b><\/p>\n\n\t\t<style type=\"text\/css\">\n\t\t\t#gallery-1 {\n\t\t\t\tmargin: auto;\n\t\t\t}\n\t\t\t#gallery-1 .gallery-item {\n\t\t\t\tfloat: left;\n\t\t\t\tmargin-top: 10px;\n\t\t\t\ttext-align: center;\n\t\t\t\twidth: 33%;\n\t\t\t}\n\t\t\t#gallery-1 img {\n\t\t\t\tborder: 2px solid #cfcfcf;\n\t\t\t}\n\t\t\t#gallery-1 .gallery-caption {\n\t\t\t\tmargin-left: 0;\n\t\t\t}\n\t\t\t\/* see gallery_shortcode() in wp-includes\/media.php *\/\n\t\t<\/style>\n\t\t<div id='gallery-1' class='gallery galleryid-131591 gallery-columns-3 gallery-size-large'><dl class='gallery-item'>\n\t\t\t<dt class='gallery-icon portrait'>\n\t\t\t\t<a href='https:\/\/vosgesinfo.fr\/app\/uploads\/sites\/3\/2025\/05\/thumbnail-flyer-gaec-des-bergers-de-langer-3-page-0001.jpg'><img decoding=\"async\" width=\"721\" height=\"1024\" src=\"https:\/\/vosgesinfo.fr\/app\/uploads\/sites\/3\/2025\/05\/thumbnail-flyer-gaec-des-bergers-de-langer-3-page-0001-721x1024.jpg\" class=\"attachment-large size-large\" alt=\"\" srcset=\"https:\/\/vosgesinfo.fr\/app\/uploads\/sites\/3\/2025\/05\/thumbnail-flyer-gaec-des-bergers-de-langer-3-page-0001-721x1024.jpg 721w, https:\/\/vosgesinfo.fr\/app\/uploads\/sites\/3\/2025\/05\/thumbnail-flyer-gaec-des-bergers-de-langer-3-page-0001-211x300.jpg 211w, https:\/\/vosgesinfo.fr\/app\/uploads\/sites\/3\/2025\/05\/thumbnail-flyer-gaec-des-bergers-de-langer-3-page-0001-768x1090.jpg 768w, https:\/\/vosgesinfo.fr\/app\/uploads\/sites\/3\/2025\/05\/thumbnail-flyer-gaec-des-bergers-de-langer-3-page-0001.jpg 874w\" sizes=\"(max-width: 721px) 100vw, 721px\" \/><\/a>\n\t\t\t<\/dt><\/dl><dl class='gallery-item'>\n\t\t\t<dt class='gallery-icon portrait'>\n\t\t\t\t<a href='https:\/\/vosgesinfo.fr\/app\/uploads\/sites\/3\/2025\/05\/thumbnail-flyer-gaec-des-bergers-de-langer-3-page-0002.jpg'><img decoding=\"async\" width=\"721\" height=\"1024\" src=\"https:\/\/vosgesinfo.fr\/app\/uploads\/sites\/3\/2025\/05\/thumbnail-flyer-gaec-des-bergers-de-langer-3-page-0002-721x1024.jpg\" class=\"attachment-large size-large\" alt=\"\" srcset=\"https:\/\/vosgesinfo.fr\/app\/uploads\/sites\/3\/2025\/05\/thumbnail-flyer-gaec-des-bergers-de-langer-3-page-0002-721x1024.jpg 721w, https:\/\/vosgesinfo.fr\/app\/uploads\/sites\/3\/2025\/05\/thumbnail-flyer-gaec-des-bergers-de-langer-3-page-0002-211x300.jpg 211w, https:\/\/vosgesinfo.fr\/app\/uploads\/sites\/3\/2025\/05\/thumbnail-flyer-gaec-des-bergers-de-langer-3-page-0002-768x1090.jpg 768w, https:\/\/vosgesinfo.fr\/app\/uploads\/sites\/3\/2025\/05\/thumbnail-flyer-gaec-des-bergers-de-langer-3-page-0002.jpg 874w\" sizes=\"(max-width: 721px) 100vw, 721px\" \/><\/a>\n\t\t\t<\/dt><\/dl>\n\t\t\t<br style='clear: both' \/>\n\t\t<\/div>\n\n<p class=\"x_MsoNormal\" aria-hidden=\"true\">\n","protected":false},"excerpt":{"rendered":"<p>Aujourd\u2019hui, pr\u00e9sentation du GAEC des Bergers de l\u2019Anger \u00e0 la Vacheresse, commune de 130 habitants, non loin de la commune [&hellip;]<\/p>\n","protected":false},"author":41,"featured_media":131592,"comment_status":"open","ping_status":"open","sticky":false,"template":"","format":"standard","meta":{"footnotes":""},"categories":[22,24,6057,3,1085],"tags":[],"class_list":["post-131591","post","type-post","status-publish","format-standard","has-post-thumbnail","hentry","category-a-la-une","category-epinal","category-la-plaine-des-vosges","category-publi-reportage","category-publireportage"],"acf":[],"yoast_head":"<!-- This site is optimized with the Yoast SEO plugin v22.5 - https:\/\/yoast.com\/wordpress\/plugins\/seo\/ -->\n<title>Portes ouvertes au GAEC DES BERGERS DE L\u2019ANGER - Epinal Info<\/title>\n<meta name=\"robots\" content=\"index, follow, max-snippet:-1, max-image-preview:large, max-video-preview:-1\" \/>\n<link rel=\"canonical\" href=\"https:\/\/vosgesinfo.fr\/epinalinfo\/2025\/05\/portes-ouvertes-au-gaec-des-bergers-de-langer\/\" \/>\n<meta name=\"twitter:card\" content=\"summary_large_image\" \/>\n<meta name=\"twitter:title\" content=\"Portes ouvertes au GAEC DES BERGERS DE L\u2019ANGER - Epinal Info\" \/>\n<meta name=\"twitter:description\" content=\"Aujourd\u2019hui, pr\u00e9sentation du GAEC des Bergers de l\u2019Anger \u00e0 la Vacheresse, commune de 130 habitants, non loin de la commune [&hellip;]\" \/>\n<meta name=\"twitter:image\" content=\"https:\/\/vosgesinfo.fr\/app\/uploads\/sites\/3\/2025\/05\/thumbnail-gaec-des-bergers-du-langer-photo-premium.png\" \/>\n<meta name=\"twitter:creator\" content=\"@VosgesInfo88\" \/>\n<meta name=\"twitter:site\" content=\"@VosgesInfo88\" \/>\n<meta name=\"twitter:label1\" content=\"\u00c9crit par\" \/>\n\t<meta name=\"twitter:data1\" content=\"La r\u00e9daction\" \/>\n\t<meta name=\"twitter:label2\" content=\"Dur\u00e9e de lecture estim\u00e9e\" \/>\n\t<meta name=\"twitter:data2\" content=\"1 minute\" \/>\n<script type=\"application\/ld+json\" class=\"yoast-schema-graph\">{\"@context\":\"https:\/\/schema.org\",\"@graph\":[{\"@type\":\"Article\",\"@id\":\"https:\/\/vosgesinfo.fr\/epinalinfo\/2025\/05\/portes-ouvertes-au-gaec-des-bergers-de-langer\/#article\",\"isPartOf\":{\"@id\":\"https:\/\/vosgesinfo.fr\/epinalinfo\/2025\/05\/portes-ouvertes-au-gaec-des-bergers-de-langer\/\"},\"author\":{\"name\":\"La r\u00e9daction\",\"@id\":\"https:\/\/vosgesinfo.fr\/epinalinfo\/#\/schema\/person\/44f5fff67d0ae31d2770e1f7555c711d\"},\"headline\":\"Portes ouvertes au GAEC DES BERGERS DE L\u2019ANGER\",\"datePublished\":\"2025-05-06T07:20:49+00:00\",\"dateModified\":\"2025-05-06T07:08:08+00:00\",\"mainEntityOfPage\":{\"@id\":\"https:\/\/vosgesinfo.fr\/epinalinfo\/2025\/05\/portes-ouvertes-au-gaec-des-bergers-de-langer\/\"},\"wordCount\":183,\"commentCount\":0,\"publisher\":{\"@id\":\"https:\/\/vosgesinfo.fr\/epinalinfo\/#organization\"},\"image\":{\"@id\":\"https:\/\/vosgesinfo.fr\/epinalinfo\/2025\/05\/portes-ouvertes-au-gaec-des-bergers-de-langer\/#primaryimage\"},\"thumbnailUrl\":\"https:\/\/vosgesinfo.fr\/app\/uploads\/sites\/3\/2025\/05\/thumbnail-gaec-des-bergers-du-langer-photo-premium.png\",\"articleSection\":[\"A la Une\",\"Epinal\",\"La plaine des vosges\",\"Publi-reportage\",\"Publireportage\"],\"inLanguage\":\"fr-FR\",\"potentialAction\":[{\"@type\":\"CommentAction\",\"name\":\"Comment\",\"target\":[\"https:\/\/vosgesinfo.fr\/epinalinfo\/2025\/05\/portes-ouvertes-au-gaec-des-bergers-de-langer\/#respond\"]}]},{\"@type\":\"WebPage\",\"@id\":\"https:\/\/vosgesinfo.fr\/epinalinfo\/2025\/05\/portes-ouvertes-au-gaec-des-bergers-de-langer\/\",\"url\":\"https:\/\/vosgesinfo.fr\/epinalinfo\/2025\/05\/portes-ouvertes-au-gaec-des-bergers-de-langer\/\",\"name\":\"Portes ouvertes au GAEC DES BERGERS DE L\u2019ANGER - Epinal Info\",\"isPartOf\":{\"@id\":\"https:\/\/vosgesinfo.fr\/epinalinfo\/#website\"},\"primaryImageOfPage\":{\"@id\":\"https:\/\/vosgesinfo.fr\/epinalinfo\/2025\/05\/portes-ouvertes-au-gaec-des-bergers-de-langer\/#primaryimage\"},\"image\":{\"@id\":\"https:\/\/vosgesinfo.fr\/epinalinfo\/2025\/05\/portes-ouvertes-au-gaec-des-bergers-de-langer\/#primaryimage\"},\"thumbnailUrl\":\"https:\/\/vosgesinfo.fr\/app\/uploads\/sites\/3\/2025\/05\/thumbnail-gaec-des-bergers-du-langer-photo-premium.png\",\"datePublished\":\"2025-05-06T07:20:49+00:00\",\"dateModified\":\"2025-05-06T07:08:08+00:00\",\"breadcrumb\":{\"@id\":\"https:\/\/vosgesinfo.fr\/epinalinfo\/2025\/05\/portes-ouvertes-au-gaec-des-bergers-de-langer\/#breadcrumb\"},\"inLanguage\":\"fr-FR\",\"potentialAction\":[{\"@type\":\"ReadAction\",\"target\":[\"https:\/\/vosgesinfo.fr\/epinalinfo\/2025\/05\/portes-ouvertes-au-gaec-des-bergers-de-langer\/\"]}]},{\"@type\":\"ImageObject\",\"inLanguage\":\"fr-FR\",\"@id\":\"https:\/\/vosgesinfo.fr\/epinalinfo\/2025\/05\/portes-ouvertes-au-gaec-des-bergers-de-langer\/#primaryimage\",\"url\":\"https:\/\/vosgesinfo.fr\/app\/uploads\/sites\/3\/2025\/05\/thumbnail-gaec-des-bergers-du-langer-photo-premium.png\",\"contentUrl\":\"https:\/\/vosgesinfo.fr\/app\/uploads\/sites\/3\/2025\/05\/thumbnail-gaec-des-bergers-du-langer-photo-premium.png\",\"width\":620,\"height\":559},{\"@type\":\"BreadcrumbList\",\"@id\":\"https:\/\/vosgesinfo.fr\/epinalinfo\/2025\/05\/portes-ouvertes-au-gaec-des-bergers-de-langer\/#breadcrumb\",\"itemListElement\":[{\"@type\":\"ListItem\",\"position\":1,\"name\":\"Home\",\"item\":\"https:\/\/vosgesinfo.fr\/epinalinfo\/\"},{\"@type\":\"ListItem\",\"position\":2,\"name\":\"Portes ouvertes au GAEC DES BERGERS DE L\u2019ANGER\"}]},{\"@type\":\"WebSite\",\"@id\":\"https:\/\/vosgesinfo.fr\/epinalinfo\/#website\",\"url\":\"https:\/\/vosgesinfo.fr\/epinalinfo\/\",\"name\":\"Epinal Info\",\"description\":\"Toute l&#039;actualit\u00e9 d&#039;\u00c9pinal\",\"publisher\":{\"@id\":\"https:\/\/vosgesinfo.fr\/epinalinfo\/#organization\"},\"alternateName\":\"Toute l'actualit\u00e9 d'\u00c9pinal\",\"potentialAction\":[{\"@type\":\"SearchAction\",\"target\":{\"@type\":\"EntryPoint\",\"urlTemplate\":\"https:\/\/vosgesinfo.fr\/epinalinfo\/?s={search_term_string}\"},\"query-input\":\"required name=search_term_string\"}],\"inLanguage\":\"fr-FR\"},{\"@type\":\"Organization\",\"@id\":\"https:\/\/vosgesinfo.fr\/epinalinfo\/#organization\",\"name\":\"Epinal Info\",\"url\":\"https:\/\/vosgesinfo.fr\/epinalinfo\/\",\"logo\":{\"@type\":\"ImageObject\",\"inLanguage\":\"fr-FR\",\"@id\":\"https:\/\/vosgesinfo.fr\/epinalinfo\/#\/schema\/logo\/image\/\",\"url\":\"https:\/\/vosgesinfo.fr\/app\/uploads\/sites\/3\/2023\/08\/logo-epinalinfos.svg\",\"contentUrl\":\"https:\/\/vosgesinfo.fr\/app\/uploads\/sites\/3\/2023\/08\/logo-epinalinfos.svg\",\"width\":1,\"height\":1,\"caption\":\"Epinal Info\"},\"image\":{\"@id\":\"https:\/\/vosgesinfo.fr\/epinalinfo\/#\/schema\/logo\/image\/\"},\"sameAs\":[\"https:\/\/www.facebook.com\/Epinalinfos\",\"https:\/\/x.com\/VosgesInfo88\",\"https:\/\/www.youtube.com\/@vosgesinfo\"]},{\"@type\":\"Person\",\"@id\":\"https:\/\/vosgesinfo.fr\/epinalinfo\/#\/schema\/person\/44f5fff67d0ae31d2770e1f7555c711d\",\"name\":\"La r\u00e9daction\",\"image\":{\"@type\":\"ImageObject\",\"inLanguage\":\"fr-FR\",\"@id\":\"https:\/\/vosgesinfo.fr\/epinalinfo\/#\/schema\/person\/image\/\",\"url\":\"https:\/\/secure.gravatar.com\/avatar\/16dedd2578b2ae59b9a3a38f046defecb4cf834aaec7bb1d03d9ba6b5e55a8d5?s=96&d=mm&r=g\",\"contentUrl\":\"https:\/\/secure.gravatar.com\/avatar\/16dedd2578b2ae59b9a3a38f046defecb4cf834aaec7bb1d03d9ba6b5e55a8d5?s=96&d=mm&r=g\",\"caption\":\"La r\u00e9daction\"},\"url\":\"https:\/\/vosgesinfo.fr\/epinalinfo\/author\/poupy\/\"}]}<\/script>\n<!-- \/ Yoast SEO plugin. -->","yoast_head_json":{"title":"Portes ouvertes au GAEC DES BERGERS DE L\u2019ANGER - Epinal Info","robots":{"index":"index","follow":"follow","max-snippet":"max-snippet:-1","max-image-preview":"max-image-preview:large","max-video-preview":"max-video-preview:-1"},"canonical":"https:\/\/vosgesinfo.fr\/epinalinfo\/2025\/05\/portes-ouvertes-au-gaec-des-bergers-de-langer\/","twitter_card":"summary_large_image","twitter_title":"Portes ouvertes au GAEC DES BERGERS DE L\u2019ANGER - Epinal Info","twitter_description":"Aujourd\u2019hui, pr\u00e9sentation du GAEC des Bergers de l\u2019Anger \u00e0 la Vacheresse, commune de 130 habitants, non loin de la commune [&hellip;]","twitter_image":"https:\/\/vosgesinfo.fr\/app\/uploads\/sites\/3\/2025\/05\/thumbnail-gaec-des-bergers-du-langer-photo-premium.png","twitter_creator":"@VosgesInfo88","twitter_site":"@VosgesInfo88","twitter_misc":{"\u00c9crit par":"La r\u00e9daction","Dur\u00e9e de lecture estim\u00e9e":"1 minute"},"schema":{"@context":"https:\/\/schema.org","@graph":[{"@type":"Article","@id":"https:\/\/vosgesinfo.fr\/epinalinfo\/2025\/05\/portes-ouvertes-au-gaec-des-bergers-de-langer\/#article","isPartOf":{"@id":"https:\/\/vosgesinfo.fr\/epinalinfo\/2025\/05\/portes-ouvertes-au-gaec-des-bergers-de-langer\/"},"author":{"name":"La r\u00e9daction","@id":"https:\/\/vosgesinfo.fr\/epinalinfo\/#\/schema\/person\/44f5fff67d0ae31d2770e1f7555c711d"},"headline":"Portes ouvertes au GAEC DES BERGERS DE L\u2019ANGER","datePublished":"2025-05-06T07:20:49+00:00","dateModified":"2025-05-06T07:08:08+00:00","mainEntityOfPage":{"@id":"https:\/\/vosgesinfo.fr\/epinalinfo\/2025\/05\/portes-ouvertes-au-gaec-des-bergers-de-langer\/"},"wordCount":183,"commentCount":0,"publisher":{"@id":"https:\/\/vosgesinfo.fr\/epinalinfo\/#organization"},"image":{"@id":"https:\/\/vosgesinfo.fr\/epinalinfo\/2025\/05\/portes-ouvertes-au-gaec-des-bergers-de-langer\/#primaryimage"},"thumbnailUrl":"https:\/\/vosgesinfo.fr\/app\/uploads\/sites\/3\/2025\/05\/thumbnail-gaec-des-bergers-du-langer-photo-premium.png","articleSection":["A la Une","Epinal","La plaine des vosges","Publi-reportage","Publireportage"],"inLanguage":"fr-FR","potentialAction":[{"@type":"CommentAction","name":"Comment","target":["https:\/\/vosgesinfo.fr\/epinalinfo\/2025\/05\/portes-ouvertes-au-gaec-des-bergers-de-langer\/#respond"]}]},{"@type":"WebPage","@id":"https:\/\/vosgesinfo.fr\/epinalinfo\/2025\/05\/portes-ouvertes-au-gaec-des-bergers-de-langer\/","url":"https:\/\/vosgesinfo.fr\/epinalinfo\/2025\/05\/portes-ouvertes-au-gaec-des-bergers-de-langer\/","name":"Portes ouvertes au GAEC DES BERGERS DE L\u2019ANGER - Epinal Info","isPartOf":{"@id":"https:\/\/vosgesinfo.fr\/epinalinfo\/#website"},"primaryImageOfPage":{"@id":"https:\/\/vosgesinfo.fr\/epinalinfo\/2025\/05\/portes-ouvertes-au-gaec-des-bergers-de-langer\/#primaryimage"},"image":{"@id":"https:\/\/vosgesinfo.fr\/epinalinfo\/2025\/05\/portes-ouvertes-au-gaec-des-bergers-de-langer\/#primaryimage"},"thumbnailUrl":"https:\/\/vosgesinfo.fr\/app\/uploads\/sites\/3\/2025\/05\/thumbnail-gaec-des-bergers-du-langer-photo-premium.png","datePublished":"2025-05-06T07:20:49+00:00","dateModified":"2025-05-06T07:08:08+00:00","breadcrumb":{"@id":"https:\/\/vosgesinfo.fr\/epinalinfo\/2025\/05\/portes-ouvertes-au-gaec-des-bergers-de-langer\/#breadcrumb"},"inLanguage":"fr-FR","potentialAction":[{"@type":"ReadAction","target":["https:\/\/vosgesinfo.fr\/epinalinfo\/2025\/05\/portes-ouvertes-au-gaec-des-bergers-de-langer\/"]}]},{"@type":"ImageObject","inLanguage":"fr-FR","@id":"https:\/\/vosgesinfo.fr\/epinalinfo\/2025\/05\/portes-ouvertes-au-gaec-des-bergers-de-langer\/#primaryimage","url":"https:\/\/vosgesinfo.fr\/app\/uploads\/sites\/3\/2025\/05\/thumbnail-gaec-des-bergers-du-langer-photo-premium.png","contentUrl":"https:\/\/vosgesinfo.fr\/app\/uploads\/sites\/3\/2025\/05\/thumbnail-gaec-des-bergers-du-langer-photo-premium.png","width":620,"height":559},{"@type":"BreadcrumbList","@id":"https:\/\/vosgesinfo.fr\/epinalinfo\/2025\/05\/portes-ouvertes-au-gaec-des-bergers-de-langer\/#breadcrumb","itemListElement":[{"@type":"ListItem","position":1,"name":"Home","item":"https:\/\/vosgesinfo.fr\/epinalinfo\/"},{"@type":"ListItem","position":2,"name":"Portes ouvertes au GAEC DES BERGERS DE L\u2019ANGER"}]},{"@type":"WebSite","@id":"https:\/\/vosgesinfo.fr\/epinalinfo\/#website","url":"https:\/\/vosgesinfo.fr\/epinalinfo\/","name":"Epinal Info","description":"Toute l&#039;actualit\u00e9 d&#039;\u00c9pinal","publisher":{"@id":"https:\/\/vosgesinfo.fr\/epinalinfo\/#organization"},"alternateName":"Toute l'actualit\u00e9 d'\u00c9pinal","potentialAction":[{"@type":"SearchAction","target":{"@type":"EntryPoint","urlTemplate":"https:\/\/vosgesinfo.fr\/epinalinfo\/?s={search_term_string}"},"query-input":"required name=search_term_string"}],"inLanguage":"fr-FR"},{"@type":"Organization","@id":"https:\/\/vosgesinfo.fr\/epinalinfo\/#organization","name":"Epinal Info","url":"https:\/\/vosgesinfo.fr\/epinalinfo\/","logo":{"@type":"ImageObject","inLanguage":"fr-FR","@id":"https:\/\/vosgesinfo.fr\/epinalinfo\/#\/schema\/logo\/image\/","url":"https:\/\/vosgesinfo.fr\/app\/uploads\/sites\/3\/2023\/08\/logo-epinalinfos.svg","contentUrl":"https:\/\/vosgesinfo.fr\/app\/uploads\/sites\/3\/2023\/08\/logo-epinalinfos.svg","width":1,"height":1,"caption":"Epinal Info"},"image":{"@id":"https:\/\/vosgesinfo.fr\/epinalinfo\/#\/schema\/logo\/image\/"},"sameAs":["https:\/\/www.facebook.com\/Epinalinfos","https:\/\/x.com\/VosgesInfo88","https:\/\/www.youtube.com\/@vosgesinfo"]},{"@type":"Person","@id":"https:\/\/vosgesinfo.fr\/epinalinfo\/#\/schema\/person\/44f5fff67d0ae31d2770e1f7555c711d","name":"La r\u00e9daction","image":{"@type":"ImageObject","inLanguage":"fr-FR","@id":"https:\/\/vosgesinfo.fr\/epinalinfo\/#\/schema\/person\/image\/","url":"https:\/\/secure.gravatar.com\/avatar\/16dedd2578b2ae59b9a3a38f046defecb4cf834aaec7bb1d03d9ba6b5e55a8d5?s=96&d=mm&r=g","contentUrl":"https:\/\/secure.gravatar.com\/avatar\/16dedd2578b2ae59b9a3a38f046defecb4cf834aaec7bb1d03d9ba6b5e55a8d5?s=96&d=mm&r=g","caption":"La r\u00e9daction"},"url":"https:\/\/vosgesinfo.fr\/epinalinfo\/author\/poupy\/"}]}},"_links":{"self":[{"href":"https:\/\/vosgesinfo.fr\/epinalinfo\/wp-json\/wp\/v2\/posts\/131591","targetHints":{"allow":["GET"]}}],"collection":[{"href":"https:\/\/vosgesinfo.fr\/epinalinfo\/wp-json\/wp\/v2\/posts"}],"about":[{"href":"https:\/\/vosgesinfo.fr\/epinalinfo\/wp-json\/wp\/v2\/types\/post"}],"author":[{"embeddable":true,"href":"https:\/\/vosgesinfo.fr\/epinalinfo\/wp-json\/wp\/v2\/users\/41"}],"replies":[{"embeddable":true,"href":"https:\/\/vosgesinfo.fr\/epinalinfo\/wp-json\/wp\/v2\/comments?post=131591"}],"version-history":[{"count":1,"href":"https:\/\/vosgesinfo.fr\/epinalinfo\/wp-json\/wp\/v2\/posts\/131591\/revisions"}],"predecessor-version":[{"id":131595,"href":"https:\/\/vosgesinfo.fr\/epinalinfo\/wp-json\/wp\/v2\/posts\/131591\/revisions\/131595"}],"wp:featuredmedia":[{"embeddable":true,"href":"https:\/\/vosgesinfo.fr\/epinalinfo\/wp-json\/wp\/v2\/media\/131592"}],"wp:attachment":[{"href":"https:\/\/vosgesinfo.fr\/epinalinfo\/wp-json\/wp\/v2\/media?parent=131591"}],"wp:term":[{"taxonomy":"category","embeddable":true,"href":"https:\/\/vosgesinfo.fr\/epinalinfo\/wp-json\/wp\/v2\/categories?post=131591"},{"taxonomy":"post_tag","embeddable":true,"href":"https:\/\/vosgesinfo.fr\/epinalinfo\/wp-json\/wp\/v2\/tags?post=131591"}],"curies":[{"name":"wp","href":"https:\/\/api.w.org\/{rel}","templated":true}]}}