{"id":131601,"date":"2025-05-06T09:30:25","date_gmt":"2025-05-06T07:30:25","guid":{"rendered":"https:\/\/vosgesinfo.fr\/epinalinfo\/?p=131601"},"modified":"2025-05-06T09:17:44","modified_gmt":"2025-05-06T07:17:44","slug":"solidarite-transfrontaliere-le-rotary-club-depinal-et-de-gembloux-unis-pour-la-recherche-sur-le-cerveau","status":"publish","type":"post","link":"https:\/\/vosgesinfo.fr\/epinalinfo\/2025\/05\/solidarite-transfrontaliere-le-rotary-club-depinal-et-de-gembloux-unis-pour-la-recherche-sur-le-cerveau\/","title":{"rendered":"Solidarit\u00e9 transfrontali\u00e8re : le Rotary Club d\u2019\u00c9pinal et de Gembloux unis pour la recherche sur le cerveau"},"content":{"rendered":"<h2 data-start=\"361\" data-end=\"789\"><strong><a href=\"https:\/\/vosgesinfo.fr\/app\/uploads\/sites\/3\/2025\/05\/espoir-en-tete-cheque.jpg\"><img decoding=\"async\" class=\"aligncenter size-full wp-image-131602\" src=\"https:\/\/vosgesinfo.fr\/app\/uploads\/sites\/3\/2025\/05\/espoir-en-tete-cheque.jpg\" alt=\"\" width=\"1600\" height=\"1200\" srcset=\"https:\/\/vosgesinfo.fr\/app\/uploads\/sites\/3\/2025\/05\/espoir-en-tete-cheque.jpg 1600w, https:\/\/vosgesinfo.fr\/app\/uploads\/sites\/3\/2025\/05\/espoir-en-tete-cheque-300x225.jpg 300w, https:\/\/vosgesinfo.fr\/app\/uploads\/sites\/3\/2025\/05\/espoir-en-tete-cheque-1024x768.jpg 1024w, https:\/\/vosgesinfo.fr\/app\/uploads\/sites\/3\/2025\/05\/espoir-en-tete-cheque-768x576.jpg 768w, https:\/\/vosgesinfo.fr\/app\/uploads\/sites\/3\/2025\/05\/espoir-en-tete-cheque-1536x1152.jpg 1536w\" sizes=\"(max-width: 1600px) 100vw, 1600px\" \/><\/a>Le 26 avril dernier, un moment fort de solidarit\u00e9 et d\u2019engagement s\u2019est tenu \u00e0 \u00c9pinal. Dans le cadre de l\u2019op\u00e9ration \u00ab\u202fEspoir en t\u00eate\u202f\u00bb, St\u00e9phane Gschwend, pr\u00e9sident du Rotary Club d\u2019\u00c9pinal, et Pierre Cambresier, pr\u00e9sident du club contact belge de Gembloux, ont remis conjointement un ch\u00e8que de 7000 euros \u00e0 Jean-Pierre Remazeilhes, repr\u00e9sentant national de cette action d\u00e9di\u00e9e \u00e0 la recherche sur les maladies du cerveau.<\/strong><\/h2>\n<h3 class=\"\" data-start=\"791\" data-end=\"857\"><strong data-start=\"795\" data-end=\"857\">Une action conjointe franco-belge au service de la science<\/strong><\/h3>\n<p class=\"\" data-start=\"859\" data-end=\"1340\">L\u2019op\u00e9ration \u00ab\u202fEspoir en t\u00eate\u202f\u00bb, port\u00e9e chaque ann\u00e9e par les Rotary Clubs de France et de Belgique, vise \u00e0 financer la recherche fondamentale sur les pathologies c\u00e9r\u00e9brales \u00e0 travers des actions originales de collecte de fonds. Cette ann\u00e9e, les clubs d\u2019\u00c9pinal et de Gembloux ont uni leurs forces dans une initiative aussi conviviale qu\u2019efficace\u202f: la cr\u00e9ation d\u2019une bi\u00e8re artisanale baptis\u00e9e \u00ab\u202fLa Quinze\u202f\u00bb, \u00e9labor\u00e9e en partenariat avec la brasserie spinalienne La Fouillotte.<\/p>\n<p class=\"\" data-start=\"1342\" data-end=\"1656\">Ce projet brassicole, au-del\u00e0 de son originalit\u00e9, illustre parfaitement l\u2019esprit rotarien : allier engagement local, cr\u00e9ativit\u00e9 et soutien concret \u00e0 la recherche scientifique. En parall\u00e8le, une projection en avant-premi\u00e8re du film \u00ab\u202fDes jours meilleurs\u202f\u00bb a permis de sensibiliser un large public \u00e0 cette cause.<\/p>\n<h3 class=\"\" data-start=\"1658\" data-end=\"1700\">Un soutien vital pour la recherche<\/h3>\n<p class=\"\" data-start=\"1702\" data-end=\"1993\">Les 7000 euros collect\u00e9s seront int\u00e9gralement revers\u00e9s pour l\u2019achat de mat\u00e9riel de pointe, destin\u00e9 \u00e0 am\u00e9liorer la compr\u00e9hension du fonctionnement du cerveau et \u00e0 faire avancer les pistes th\u00e9rapeutiques contre des maladies aussi graves que la maladie d\u2019Alzheimer, Parkinson ou encore les AVC.<\/p>\n<p class=\"\" data-start=\"1995\" data-end=\"2285\">Jean-Pierre Remazeilhes, repr\u00e9sentant national d\u2019\u00ab\u202fEspoir en t\u00eate\u202f\u00bb, a salu\u00e9 la cr\u00e9ativit\u00e9 et la mobilisation exemplaire des deux clubs\u202f: \u00ab\u202fC\u2019est en multipliant ces actions locales et solidaires que nous pouvons faire \u00e9merger de r\u00e9els progr\u00e8s dans la lutte contre les maladies du cerveau.\u202f\u00bb<\/p>\n","protected":false},"excerpt":{"rendered":"<p>Le 26 avril dernier, un moment fort de solidarit\u00e9 et d\u2019engagement s\u2019est tenu \u00e0 \u00c9pinal. Dans le cadre de l\u2019op\u00e9ration [&hellip;]<\/p>\n","protected":false},"author":52,"featured_media":131602,"comment_status":"open","ping_status":"open","sticky":false,"template":"","format":"standard","meta":{"footnotes":""},"categories":[22,24],"tags":[],"class_list":["post-131601","post","type-post","status-publish","format-standard","has-post-thumbnail","hentry","category-a-la-une","category-epinal"],"acf":[],"yoast_head":"<!-- This site is optimized with the Yoast SEO plugin v22.5 - https:\/\/yoast.com\/wordpress\/plugins\/seo\/ -->\n<title>Solidarit\u00e9 transfrontali\u00e8re : le Rotary Club d\u2019\u00c9pinal et de Gembloux unis pour la recherche sur le cerveau - Epinal Info<\/title>\n<meta name=\"robots\" content=\"index, follow, max-snippet:-1, max-image-preview:large, max-video-preview:-1\" \/>\n<link rel=\"canonical\" href=\"https:\/\/vosgesinfo.fr\/epinalinfo\/2025\/05\/solidarite-transfrontaliere-le-rotary-club-depinal-et-de-gembloux-unis-pour-la-recherche-sur-le-cerveau\/\" \/>\n<meta name=\"twitter:card\" content=\"summary_large_image\" \/>\n<meta name=\"twitter:title\" content=\"Solidarit\u00e9 transfrontali\u00e8re : le Rotary Club d\u2019\u00c9pinal et de Gembloux unis pour la recherche sur le cerveau - Epinal Info\" \/>\n<meta name=\"twitter:description\" content=\"Le 26 avril dernier, un moment fort de solidarit\u00e9 et d\u2019engagement s\u2019est tenu \u00e0 \u00c9pinal. Dans le cadre de l\u2019op\u00e9ration [&hellip;]\" \/>\n<meta name=\"twitter:image\" content=\"https:\/\/vosgesinfo.fr\/app\/uploads\/sites\/3\/2025\/05\/espoir-en-tete-cheque.jpg\" \/>\n<meta name=\"twitter:creator\" content=\"@VosgesInfo88\" \/>\n<meta name=\"twitter:site\" content=\"@VosgesInfo88\" \/>\n<meta name=\"twitter:label1\" content=\"\u00c9crit par\" \/>\n\t<meta name=\"twitter:data1\" content=\"C.K.\" \/>\n\t<meta name=\"twitter:label2\" content=\"Dur\u00e9e de lecture estim\u00e9e\" \/>\n\t<meta name=\"twitter:data2\" content=\"2 minutes\" \/>\n<script type=\"application\/ld+json\" class=\"yoast-schema-graph\">{\"@context\":\"https:\/\/schema.org\",\"@graph\":[{\"@type\":\"Article\",\"@id\":\"https:\/\/vosgesinfo.fr\/epinalinfo\/2025\/05\/solidarite-transfrontaliere-le-rotary-club-depinal-et-de-gembloux-unis-pour-la-recherche-sur-le-cerveau\/#article\",\"isPartOf\":{\"@id\":\"https:\/\/vosgesinfo.fr\/epinalinfo\/2025\/05\/solidarite-transfrontaliere-le-rotary-club-depinal-et-de-gembloux-unis-pour-la-recherche-sur-le-cerveau\/\"},\"author\":{\"name\":\"C.K.\",\"@id\":\"https:\/\/vosgesinfo.fr\/epinalinfo\/#\/schema\/person\/6f9a650eeea99d969b6c4ab78fccbe81\"},\"headline\":\"Solidarit\u00e9 transfrontali\u00e8re : le Rotary Club d\u2019\u00c9pinal et de Gembloux unis pour la recherche sur le cerveau\",\"datePublished\":\"2025-05-06T07:30:25+00:00\",\"dateModified\":\"2025-05-06T07:17:44+00:00\",\"mainEntityOfPage\":{\"@id\":\"https:\/\/vosgesinfo.fr\/epinalinfo\/2025\/05\/solidarite-transfrontaliere-le-rotary-club-depinal-et-de-gembloux-unis-pour-la-recherche-sur-le-cerveau\/\"},\"wordCount\":332,\"commentCount\":0,\"publisher\":{\"@id\":\"https:\/\/vosgesinfo.fr\/epinalinfo\/#organization\"},\"image\":{\"@id\":\"https:\/\/vosgesinfo.fr\/epinalinfo\/2025\/05\/solidarite-transfrontaliere-le-rotary-club-depinal-et-de-gembloux-unis-pour-la-recherche-sur-le-cerveau\/#primaryimage\"},\"thumbnailUrl\":\"https:\/\/vosgesinfo.fr\/app\/uploads\/sites\/3\/2025\/05\/espoir-en-tete-cheque.jpg\",\"articleSection\":[\"A la Une\",\"Epinal\"],\"inLanguage\":\"fr-FR\",\"potentialAction\":[{\"@type\":\"CommentAction\",\"name\":\"Comment\",\"target\":[\"https:\/\/vosgesinfo.fr\/epinalinfo\/2025\/05\/solidarite-transfrontaliere-le-rotary-club-depinal-et-de-gembloux-unis-pour-la-recherche-sur-le-cerveau\/#respond\"]}]},{\"@type\":\"WebPage\",\"@id\":\"https:\/\/vosgesinfo.fr\/epinalinfo\/2025\/05\/solidarite-transfrontaliere-le-rotary-club-depinal-et-de-gembloux-unis-pour-la-recherche-sur-le-cerveau\/\",\"url\":\"https:\/\/vosgesinfo.fr\/epinalinfo\/2025\/05\/solidarite-transfrontaliere-le-rotary-club-depinal-et-de-gembloux-unis-pour-la-recherche-sur-le-cerveau\/\",\"name\":\"Solidarit\u00e9 transfrontali\u00e8re : le Rotary Club d\u2019\u00c9pinal et de Gembloux unis pour la recherche sur le cerveau - Epinal Info\",\"isPartOf\":{\"@id\":\"https:\/\/vosgesinfo.fr\/epinalinfo\/#website\"},\"primaryImageOfPage\":{\"@id\":\"https:\/\/vosgesinfo.fr\/epinalinfo\/2025\/05\/solidarite-transfrontaliere-le-rotary-club-depinal-et-de-gembloux-unis-pour-la-recherche-sur-le-cerveau\/#primaryimage\"},\"image\":{\"@id\":\"https:\/\/vosgesinfo.fr\/epinalinfo\/2025\/05\/solidarite-transfrontaliere-le-rotary-club-depinal-et-de-gembloux-unis-pour-la-recherche-sur-le-cerveau\/#primaryimage\"},\"thumbnailUrl\":\"https:\/\/vosgesinfo.fr\/app\/uploads\/sites\/3\/2025\/05\/espoir-en-tete-cheque.jpg\",\"datePublished\":\"2025-05-06T07:30:25+00:00\",\"dateModified\":\"2025-05-06T07:17:44+00:00\",\"breadcrumb\":{\"@id\":\"https:\/\/vosgesinfo.fr\/epinalinfo\/2025\/05\/solidarite-transfrontaliere-le-rotary-club-depinal-et-de-gembloux-unis-pour-la-recherche-sur-le-cerveau\/#breadcrumb\"},\"inLanguage\":\"fr-FR\",\"potentialAction\":[{\"@type\":\"ReadAction\",\"target\":[\"https:\/\/vosgesinfo.fr\/epinalinfo\/2025\/05\/solidarite-transfrontaliere-le-rotary-club-depinal-et-de-gembloux-unis-pour-la-recherche-sur-le-cerveau\/\"]}]},{\"@type\":\"ImageObject\",\"inLanguage\":\"fr-FR\",\"@id\":\"https:\/\/vosgesinfo.fr\/epinalinfo\/2025\/05\/solidarite-transfrontaliere-le-rotary-club-depinal-et-de-gembloux-unis-pour-la-recherche-sur-le-cerveau\/#primaryimage\",\"url\":\"https:\/\/vosgesinfo.fr\/app\/uploads\/sites\/3\/2025\/05\/espoir-en-tete-cheque.jpg\",\"contentUrl\":\"https:\/\/vosgesinfo.fr\/app\/uploads\/sites\/3\/2025\/05\/espoir-en-tete-cheque.jpg\",\"width\":1600,\"height\":1200},{\"@type\":\"BreadcrumbList\",\"@id\":\"https:\/\/vosgesinfo.fr\/epinalinfo\/2025\/05\/solidarite-transfrontaliere-le-rotary-club-depinal-et-de-gembloux-unis-pour-la-recherche-sur-le-cerveau\/#breadcrumb\",\"itemListElement\":[{\"@type\":\"ListItem\",\"position\":1,\"name\":\"Home\",\"item\":\"https:\/\/vosgesinfo.fr\/epinalinfo\/\"},{\"@type\":\"ListItem\",\"position\":2,\"name\":\"Solidarit\u00e9 transfrontali\u00e8re : le Rotary Club d\u2019\u00c9pinal et de Gembloux unis pour la recherche sur le cerveau\"}]},{\"@type\":\"WebSite\",\"@id\":\"https:\/\/vosgesinfo.fr\/epinalinfo\/#website\",\"url\":\"https:\/\/vosgesinfo.fr\/epinalinfo\/\",\"name\":\"Epinal Info\",\"description\":\"Toute l&#039;actualit\u00e9 d&#039;\u00c9pinal\",\"publisher\":{\"@id\":\"https:\/\/vosgesinfo.fr\/epinalinfo\/#organization\"},\"alternateName\":\"Toute l'actualit\u00e9 d'\u00c9pinal\",\"potentialAction\":[{\"@type\":\"SearchAction\",\"target\":{\"@type\":\"EntryPoint\",\"urlTemplate\":\"https:\/\/vosgesinfo.fr\/epinalinfo\/?s={search_term_string}\"},\"query-input\":\"required name=search_term_string\"}],\"inLanguage\":\"fr-FR\"},{\"@type\":\"Organization\",\"@id\":\"https:\/\/vosgesinfo.fr\/epinalinfo\/#organization\",\"name\":\"Epinal Info\",\"url\":\"https:\/\/vosgesinfo.fr\/epinalinfo\/\",\"logo\":{\"@type\":\"ImageObject\",\"inLanguage\":\"fr-FR\",\"@id\":\"https:\/\/vosgesinfo.fr\/epinalinfo\/#\/schema\/logo\/image\/\",\"url\":\"https:\/\/vosgesinfo.fr\/app\/uploads\/sites\/3\/2023\/08\/logo-epinalinfos.svg\",\"contentUrl\":\"https:\/\/vosgesinfo.fr\/app\/uploads\/sites\/3\/2023\/08\/logo-epinalinfos.svg\",\"width\":1,\"height\":1,\"caption\":\"Epinal Info\"},\"image\":{\"@id\":\"https:\/\/vosgesinfo.fr\/epinalinfo\/#\/schema\/logo\/image\/\"},\"sameAs\":[\"https:\/\/www.facebook.com\/Epinalinfos\",\"https:\/\/x.com\/VosgesInfo88\",\"https:\/\/www.youtube.com\/@vosgesinfo\"]},{\"@type\":\"Person\",\"@id\":\"https:\/\/vosgesinfo.fr\/epinalinfo\/#\/schema\/person\/6f9a650eeea99d969b6c4ab78fccbe81\",\"name\":\"C.K.\",\"image\":{\"@type\":\"ImageObject\",\"inLanguage\":\"fr-FR\",\"@id\":\"https:\/\/vosgesinfo.fr\/epinalinfo\/#\/schema\/person\/image\/\",\"url\":\"https:\/\/secure.gravatar.com\/avatar\/48e3fc7f8421ba8942be6b74a2b7f014ca39bc00dece156b7a8e098ae7dc87bf?s=96&d=mm&r=g\",\"contentUrl\":\"https:\/\/secure.gravatar.com\/avatar\/48e3fc7f8421ba8942be6b74a2b7f014ca39bc00dece156b7a8e098ae7dc87bf?s=96&d=mm&r=g\",\"caption\":\"C.K.\"},\"url\":\"https:\/\/vosgesinfo.fr\/epinalinfo\/author\/celia-k-n\/\"}]}<\/script>\n<!-- \/ Yoast SEO plugin. -->","yoast_head_json":{"title":"Solidarit\u00e9 transfrontali\u00e8re : le Rotary Club d\u2019\u00c9pinal et de Gembloux unis pour la recherche sur le cerveau - Epinal Info","robots":{"index":"index","follow":"follow","max-snippet":"max-snippet:-1","max-image-preview":"max-image-preview:large","max-video-preview":"max-video-preview:-1"},"canonical":"https:\/\/vosgesinfo.fr\/epinalinfo\/2025\/05\/solidarite-transfrontaliere-le-rotary-club-depinal-et-de-gembloux-unis-pour-la-recherche-sur-le-cerveau\/","twitter_card":"summary_large_image","twitter_title":"Solidarit\u00e9 transfrontali\u00e8re : le Rotary Club d\u2019\u00c9pinal et de Gembloux unis pour la recherche sur le cerveau - Epinal Info","twitter_description":"Le 26 avril dernier, un moment fort de solidarit\u00e9 et d\u2019engagement s\u2019est tenu \u00e0 \u00c9pinal. Dans le cadre de l\u2019op\u00e9ration [&hellip;]","twitter_image":"https:\/\/vosgesinfo.fr\/app\/uploads\/sites\/3\/2025\/05\/espoir-en-tete-cheque.jpg","twitter_creator":"@VosgesInfo88","twitter_site":"@VosgesInfo88","twitter_misc":{"\u00c9crit par":"C.K.","Dur\u00e9e de lecture estim\u00e9e":"2 minutes"},"schema":{"@context":"https:\/\/schema.org","@graph":[{"@type":"Article","@id":"https:\/\/vosgesinfo.fr\/epinalinfo\/2025\/05\/solidarite-transfrontaliere-le-rotary-club-depinal-et-de-gembloux-unis-pour-la-recherche-sur-le-cerveau\/#article","isPartOf":{"@id":"https:\/\/vosgesinfo.fr\/epinalinfo\/2025\/05\/solidarite-transfrontaliere-le-rotary-club-depinal-et-de-gembloux-unis-pour-la-recherche-sur-le-cerveau\/"},"author":{"name":"C.K.","@id":"https:\/\/vosgesinfo.fr\/epinalinfo\/#\/schema\/person\/6f9a650eeea99d969b6c4ab78fccbe81"},"headline":"Solidarit\u00e9 transfrontali\u00e8re : le Rotary Club d\u2019\u00c9pinal et de Gembloux unis pour la recherche sur le cerveau","datePublished":"2025-05-06T07:30:25+00:00","dateModified":"2025-05-06T07:17:44+00:00","mainEntityOfPage":{"@id":"https:\/\/vosgesinfo.fr\/epinalinfo\/2025\/05\/solidarite-transfrontaliere-le-rotary-club-depinal-et-de-gembloux-unis-pour-la-recherche-sur-le-cerveau\/"},"wordCount":332,"commentCount":0,"publisher":{"@id":"https:\/\/vosgesinfo.fr\/epinalinfo\/#organization"},"image":{"@id":"https:\/\/vosgesinfo.fr\/epinalinfo\/2025\/05\/solidarite-transfrontaliere-le-rotary-club-depinal-et-de-gembloux-unis-pour-la-recherche-sur-le-cerveau\/#primaryimage"},"thumbnailUrl":"https:\/\/vosgesinfo.fr\/app\/uploads\/sites\/3\/2025\/05\/espoir-en-tete-cheque.jpg","articleSection":["A la Une","Epinal"],"inLanguage":"fr-FR","potentialAction":[{"@type":"CommentAction","name":"Comment","target":["https:\/\/vosgesinfo.fr\/epinalinfo\/2025\/05\/solidarite-transfrontaliere-le-rotary-club-depinal-et-de-gembloux-unis-pour-la-recherche-sur-le-cerveau\/#respond"]}]},{"@type":"WebPage","@id":"https:\/\/vosgesinfo.fr\/epinalinfo\/2025\/05\/solidarite-transfrontaliere-le-rotary-club-depinal-et-de-gembloux-unis-pour-la-recherche-sur-le-cerveau\/","url":"https:\/\/vosgesinfo.fr\/epinalinfo\/2025\/05\/solidarite-transfrontaliere-le-rotary-club-depinal-et-de-gembloux-unis-pour-la-recherche-sur-le-cerveau\/","name":"Solidarit\u00e9 transfrontali\u00e8re : le Rotary Club d\u2019\u00c9pinal et de Gembloux unis pour la recherche sur le cerveau - Epinal Info","isPartOf":{"@id":"https:\/\/vosgesinfo.fr\/epinalinfo\/#website"},"primaryImageOfPage":{"@id":"https:\/\/vosgesinfo.fr\/epinalinfo\/2025\/05\/solidarite-transfrontaliere-le-rotary-club-depinal-et-de-gembloux-unis-pour-la-recherche-sur-le-cerveau\/#primaryimage"},"image":{"@id":"https:\/\/vosgesinfo.fr\/epinalinfo\/2025\/05\/solidarite-transfrontaliere-le-rotary-club-depinal-et-de-gembloux-unis-pour-la-recherche-sur-le-cerveau\/#primaryimage"},"thumbnailUrl":"https:\/\/vosgesinfo.fr\/app\/uploads\/sites\/3\/2025\/05\/espoir-en-tete-cheque.jpg","datePublished":"2025-05-06T07:30:25+00:00","dateModified":"2025-05-06T07:17:44+00:00","breadcrumb":{"@id":"https:\/\/vosgesinfo.fr\/epinalinfo\/2025\/05\/solidarite-transfrontaliere-le-rotary-club-depinal-et-de-gembloux-unis-pour-la-recherche-sur-le-cerveau\/#breadcrumb"},"inLanguage":"fr-FR","potentialAction":[{"@type":"ReadAction","target":["https:\/\/vosgesinfo.fr\/epinalinfo\/2025\/05\/solidarite-transfrontaliere-le-rotary-club-depinal-et-de-gembloux-unis-pour-la-recherche-sur-le-cerveau\/"]}]},{"@type":"ImageObject","inLanguage":"fr-FR","@id":"https:\/\/vosgesinfo.fr\/epinalinfo\/2025\/05\/solidarite-transfrontaliere-le-rotary-club-depinal-et-de-gembloux-unis-pour-la-recherche-sur-le-cerveau\/#primaryimage","url":"https:\/\/vosgesinfo.fr\/app\/uploads\/sites\/3\/2025\/05\/espoir-en-tete-cheque.jpg","contentUrl":"https:\/\/vosgesinfo.fr\/app\/uploads\/sites\/3\/2025\/05\/espoir-en-tete-cheque.jpg","width":1600,"height":1200},{"@type":"BreadcrumbList","@id":"https:\/\/vosgesinfo.fr\/epinalinfo\/2025\/05\/solidarite-transfrontaliere-le-rotary-club-depinal-et-de-gembloux-unis-pour-la-recherche-sur-le-cerveau\/#breadcrumb","itemListElement":[{"@type":"ListItem","position":1,"name":"Home","item":"https:\/\/vosgesinfo.fr\/epinalinfo\/"},{"@type":"ListItem","position":2,"name":"Solidarit\u00e9 transfrontali\u00e8re : le Rotary Club d\u2019\u00c9pinal et de Gembloux unis pour la recherche sur le cerveau"}]},{"@type":"WebSite","@id":"https:\/\/vosgesinfo.fr\/epinalinfo\/#website","url":"https:\/\/vosgesinfo.fr\/epinalinfo\/","name":"Epinal Info","description":"Toute l&#039;actualit\u00e9 d&#039;\u00c9pinal","publisher":{"@id":"https:\/\/vosgesinfo.fr\/epinalinfo\/#organization"},"alternateName":"Toute l'actualit\u00e9 d'\u00c9pinal","potentialAction":[{"@type":"SearchAction","target":{"@type":"EntryPoint","urlTemplate":"https:\/\/vosgesinfo.fr\/epinalinfo\/?s={search_term_string}"},"query-input":"required name=search_term_string"}],"inLanguage":"fr-FR"},{"@type":"Organization","@id":"https:\/\/vosgesinfo.fr\/epinalinfo\/#organization","name":"Epinal Info","url":"https:\/\/vosgesinfo.fr\/epinalinfo\/","logo":{"@type":"ImageObject","inLanguage":"fr-FR","@id":"https:\/\/vosgesinfo.fr\/epinalinfo\/#\/schema\/logo\/image\/","url":"https:\/\/vosgesinfo.fr\/app\/uploads\/sites\/3\/2023\/08\/logo-epinalinfos.svg","contentUrl":"https:\/\/vosgesinfo.fr\/app\/uploads\/sites\/3\/2023\/08\/logo-epinalinfos.svg","width":1,"height":1,"caption":"Epinal Info"},"image":{"@id":"https:\/\/vosgesinfo.fr\/epinalinfo\/#\/schema\/logo\/image\/"},"sameAs":["https:\/\/www.facebook.com\/Epinalinfos","https:\/\/x.com\/VosgesInfo88","https:\/\/www.youtube.com\/@vosgesinfo"]},{"@type":"Person","@id":"https:\/\/vosgesinfo.fr\/epinalinfo\/#\/schema\/person\/6f9a650eeea99d969b6c4ab78fccbe81","name":"C.K.","image":{"@type":"ImageObject","inLanguage":"fr-FR","@id":"https:\/\/vosgesinfo.fr\/epinalinfo\/#\/schema\/person\/image\/","url":"https:\/\/secure.gravatar.com\/avatar\/48e3fc7f8421ba8942be6b74a2b7f014ca39bc00dece156b7a8e098ae7dc87bf?s=96&d=mm&r=g","contentUrl":"https:\/\/secure.gravatar.com\/avatar\/48e3fc7f8421ba8942be6b74a2b7f014ca39bc00dece156b7a8e098ae7dc87bf?s=96&d=mm&r=g","caption":"C.K."},"url":"https:\/\/vosgesinfo.fr\/epinalinfo\/author\/celia-k-n\/"}]}},"_links":{"self":[{"href":"https:\/\/vosgesinfo.fr\/epinalinfo\/wp-json\/wp\/v2\/posts\/131601","targetHints":{"allow":["GET"]}}],"collection":[{"href":"https:\/\/vosgesinfo.fr\/epinalinfo\/wp-json\/wp\/v2\/posts"}],"about":[{"href":"https:\/\/vosgesinfo.fr\/epinalinfo\/wp-json\/wp\/v2\/types\/post"}],"author":[{"embeddable":true,"href":"https:\/\/vosgesinfo.fr\/epinalinfo\/wp-json\/wp\/v2\/users\/52"}],"replies":[{"embeddable":true,"href":"https:\/\/vosgesinfo.fr\/epinalinfo\/wp-json\/wp\/v2\/comments?post=131601"}],"version-history":[{"count":1,"href":"https:\/\/vosgesinfo.fr\/epinalinfo\/wp-json\/wp\/v2\/posts\/131601\/revisions"}],"predecessor-version":[{"id":131603,"href":"https:\/\/vosgesinfo.fr\/epinalinfo\/wp-json\/wp\/v2\/posts\/131601\/revisions\/131603"}],"wp:featuredmedia":[{"embeddable":true,"href":"https:\/\/vosgesinfo.fr\/epinalinfo\/wp-json\/wp\/v2\/media\/131602"}],"wp:attachment":[{"href":"https:\/\/vosgesinfo.fr\/epinalinfo\/wp-json\/wp\/v2\/media?parent=131601"}],"wp:term":[{"taxonomy":"category","embeddable":true,"href":"https:\/\/vosgesinfo.fr\/epinalinfo\/wp-json\/wp\/v2\/categories?post=131601"},{"taxonomy":"post_tag","embeddable":true,"href":"https:\/\/vosgesinfo.fr\/epinalinfo\/wp-json\/wp\/v2\/tags?post=131601"}],"curies":[{"name":"wp","href":"https:\/\/api.w.org\/{rel}","templated":true}]}}