{"id":131607,"date":"2025-05-06T12:27:28","date_gmt":"2025-05-06T10:27:28","guid":{"rendered":"https:\/\/vosgesinfo.fr\/epinalinfo\/2025\/05\/un-cable-haute-tension-chute-sur-un-poids-lourd-circulation-perturbee-sur-la-d417-entre-saint-ame-et-saint-etienne\/"},"modified":"2025-05-06T12:27:28","modified_gmt":"2025-05-06T10:27:28","slug":"un-cable-haute-tension-chute-sur-un-poids-lourd-circulation-perturbee-sur-la-d417-entre-saint-ame-et-saint-etienne","status":"publish","type":"post","link":"https:\/\/vosgesinfo.fr\/epinalinfo\/2025\/05\/un-cable-haute-tension-chute-sur-un-poids-lourd-circulation-perturbee-sur-la-d417-entre-saint-ame-et-saint-etienne\/","title":{"rendered":"Un c\u00e2ble haute tension chute sur un poids lourd, circulation perturb\u00e9e sur la D417 entre Saint-Am\u00e9 et Saint-Etienne"},"content":{"rendered":"<p data-start=\"167\" data-end=\"433\"><a href=\"https:\/\/vosgesinfo.fr\/app\/uploads\/sites\/5\/2025\/05\/ligne-haute-tension-tombee-saint-ame.jpg\"><img decoding=\"async\" class=\"aligncenter size-full wp-image-81431\" src=\"https:\/\/vosgesinfo.fr\/app\/uploads\/sites\/5\/2025\/05\/ligne-haute-tension-tombee-saint-ame.jpg\" alt=\"\" width=\"960\" height=\"720\" \/><\/a><\/p>\n<p class=\"\" data-start=\"167\" data-end=\"433\"><strong>Ce mardi 6 mai, en fin de matin\u00e9e, vers 11 h 30, un incident\u00a0s\u2019est produit sur le contournement de la commune de Saint-Am\u00e9, sur la route d\u00e9partementale 417. Un c\u00e2ble haute tension de 20 000 volts est tomb\u00e9 sur la cabine d\u2019un poids lourd en circulation.<\/strong><\/p>\n<p class=\"\" data-start=\"435\" data-end=\"810\">Aussit\u00f4t alert\u00e9s, les sapeurs-pompiers, les forces de l\u2019ordre et les agents du d\u00e9partement se sont rendus sur place pour s\u00e9curiser la zone et r\u00e9guler la circulation, le temps de l\u2019intervention des services sp\u00e9cialis\u00e9s. Enedis, gestionnaire du r\u00e9seau \u00e9lectrique, est attendu sur les lieux pour proc\u00e9der \u00e0 l\u2019extraction du c\u00e2ble et r\u00e9tablir la situation.<\/p>\n<p class=\"\" data-start=\"812\" data-end=\"927\">Fort heureusement, le chauffeur du camion n\u2019a pas \u00e9t\u00e9 bless\u00e9 et a attendu l&rsquo;arriv\u00e9e des sapeurs-pompiers pour pouvoir sortir de son v\u00e9hicule sain et sauf.<\/p>\n<p class=\"\" data-start=\"929\" data-end=\"1197\">En parall\u00e8le, la commune de Dommartin-l\u00e8s-Remiremont a signal\u00e9 une coupure de courant survenue, en lien avec cet incident. D\u2019apr\u00e8s les premi\u00e8res informations communiqu\u00e9es par Enedis, le retour \u00e0 la normale est pr\u00e9vu d\u2019ici 15 h.<\/p>\n<p class=\"\" data-start=\"1199\" data-end=\"1439\">En attendant, la route est enti\u00e8rement barr\u00e9e, tant au giratoire du Syndicat qu\u2019\u00e0 hauteur de l\u2019entreprise Petitjean \u00e0 Saint-Am\u00e9. Une d\u00e9viation a \u00e9t\u00e9 mise en place via le centre de Saint-Am\u00e9, sous la supervision des agents d\u00e9partementaux.<\/p>\n<p class=\"\" data-start=\"1441\" data-end=\"1600\">La situation est sous contr\u00f4le, mais pourrait engendrer des perturbations sur la circulation locale jusqu\u2019\u00e0 l\u2019intervention compl\u00e8te des \u00e9quipes techniques.<\/p>\n","protected":false},"excerpt":{"rendered":"<p>Ce mardi 6 mai, en fin de matin\u00e9e, vers 11 h 30, un incident\u00a0s\u2019est produit sur le contournement de la [&hellip;]<\/p>\n","protected":false},"author":418,"featured_media":131608,"comment_status":"open","ping_status":"open","sticky":false,"template":"","format":"standard","meta":{"footnotes":""},"categories":[22,24,6,6056,6055,16579],"tags":[16575,268,16576],"class_list":["post-131607","post","type-post","status-publish","format-standard","has-post-thumbnail","hentry","category-a-la-une","category-epinal","category-faits-divers","category-gerardmer","category-remiremont","category-saint-etienne","tag-chute-ligne-haute-tension","tag-faits-divers","tag-incident"],"acf":[],"yoast_head":"<!-- This site is optimized with the Yoast SEO plugin v22.5 - https:\/\/yoast.com\/wordpress\/plugins\/seo\/ -->\n<title>Un c\u00e2ble haute tension chute sur un poids lourd, circulation perturb\u00e9e sur la D417 entre Saint-Am\u00e9 et Saint-Etienne - Epinal Info<\/title>\n<meta name=\"robots\" content=\"index, follow, max-snippet:-1, max-image-preview:large, max-video-preview:-1\" \/>\n<link rel=\"canonical\" href=\"https:\/\/vosgesinfo.fr\/epinalinfo\/2025\/05\/un-cable-haute-tension-chute-sur-un-poids-lourd-circulation-perturbee-sur-la-d417-entre-saint-ame-et-saint-etienne\/\" \/>\n<meta name=\"twitter:card\" content=\"summary_large_image\" \/>\n<meta name=\"twitter:title\" content=\"Un c\u00e2ble haute tension chute sur un poids lourd, circulation perturb\u00e9e sur la D417 entre Saint-Am\u00e9 et Saint-Etienne - Epinal Info\" \/>\n<meta name=\"twitter:description\" content=\"Ce mardi 6 mai, en fin de matin\u00e9e, vers 11 h 30, un incident\u00a0s\u2019est produit sur le contournement de la [&hellip;]\" \/>\n<meta name=\"twitter:image\" content=\"https:\/\/vosgesinfo.fr\/app\/uploads\/sites\/3\/2025\/05\/ligne-haute-tension-tombee-saint-ame.jpg\" \/>\n<meta name=\"twitter:creator\" content=\"@VosgesInfo88\" \/>\n<meta name=\"twitter:site\" content=\"@VosgesInfo88\" \/>\n<meta name=\"twitter:label1\" content=\"\u00c9crit par\" \/>\n\t<meta name=\"twitter:data1\" content=\"C.M\" \/>\n\t<meta name=\"twitter:label2\" content=\"Dur\u00e9e de lecture estim\u00e9e\" \/>\n\t<meta name=\"twitter:data2\" content=\"1 minute\" \/>\n<script type=\"application\/ld+json\" class=\"yoast-schema-graph\">{\"@context\":\"https:\/\/schema.org\",\"@graph\":[{\"@type\":\"Article\",\"@id\":\"https:\/\/vosgesinfo.fr\/epinalinfo\/2025\/05\/un-cable-haute-tension-chute-sur-un-poids-lourd-circulation-perturbee-sur-la-d417-entre-saint-ame-et-saint-etienne\/#article\",\"isPartOf\":{\"@id\":\"https:\/\/vosgesinfo.fr\/epinalinfo\/2025\/05\/un-cable-haute-tension-chute-sur-un-poids-lourd-circulation-perturbee-sur-la-d417-entre-saint-ame-et-saint-etienne\/\"},\"author\":{\"name\":\"C.M\",\"@id\":\"https:\/\/vosgesinfo.fr\/epinalinfo\/#\/schema\/person\/4f38cd3068e342935b7304695c797d08\"},\"headline\":\"Un c\u00e2ble haute tension chute sur un poids lourd, circulation perturb\u00e9e sur la D417 entre Saint-Am\u00e9 et Saint-Etienne\",\"datePublished\":\"2025-05-06T10:27:28+00:00\",\"dateModified\":\"2025-05-06T10:27:28+00:00\",\"mainEntityOfPage\":{\"@id\":\"https:\/\/vosgesinfo.fr\/epinalinfo\/2025\/05\/un-cable-haute-tension-chute-sur-un-poids-lourd-circulation-perturbee-sur-la-d417-entre-saint-ame-et-saint-etienne\/\"},\"wordCount\":266,\"commentCount\":0,\"publisher\":{\"@id\":\"https:\/\/vosgesinfo.fr\/epinalinfo\/#organization\"},\"image\":{\"@id\":\"https:\/\/vosgesinfo.fr\/epinalinfo\/2025\/05\/un-cable-haute-tension-chute-sur-un-poids-lourd-circulation-perturbee-sur-la-d417-entre-saint-ame-et-saint-etienne\/#primaryimage\"},\"thumbnailUrl\":\"https:\/\/vosgesinfo.fr\/app\/uploads\/sites\/3\/2025\/05\/ligne-haute-tension-tombee-saint-ame.jpg\",\"keywords\":[\"Chute ligne haute tension\",\"Faits divers\",\"Incident\"],\"articleSection\":[\"A la Une\",\"Epinal\",\"Faits-divers\",\"Gerardmer\",\"Remiremont\",\"Saint-Etienne\"],\"inLanguage\":\"fr-FR\",\"potentialAction\":[{\"@type\":\"CommentAction\",\"name\":\"Comment\",\"target\":[\"https:\/\/vosgesinfo.fr\/epinalinfo\/2025\/05\/un-cable-haute-tension-chute-sur-un-poids-lourd-circulation-perturbee-sur-la-d417-entre-saint-ame-et-saint-etienne\/#respond\"]}]},{\"@type\":\"WebPage\",\"@id\":\"https:\/\/vosgesinfo.fr\/epinalinfo\/2025\/05\/un-cable-haute-tension-chute-sur-un-poids-lourd-circulation-perturbee-sur-la-d417-entre-saint-ame-et-saint-etienne\/\",\"url\":\"https:\/\/vosgesinfo.fr\/epinalinfo\/2025\/05\/un-cable-haute-tension-chute-sur-un-poids-lourd-circulation-perturbee-sur-la-d417-entre-saint-ame-et-saint-etienne\/\",\"name\":\"Un c\u00e2ble haute tension chute sur un poids lourd, circulation perturb\u00e9e sur la D417 entre Saint-Am\u00e9 et Saint-Etienne - Epinal Info\",\"isPartOf\":{\"@id\":\"https:\/\/vosgesinfo.fr\/epinalinfo\/#website\"},\"primaryImageOfPage\":{\"@id\":\"https:\/\/vosgesinfo.fr\/epinalinfo\/2025\/05\/un-cable-haute-tension-chute-sur-un-poids-lourd-circulation-perturbee-sur-la-d417-entre-saint-ame-et-saint-etienne\/#primaryimage\"},\"image\":{\"@id\":\"https:\/\/vosgesinfo.fr\/epinalinfo\/2025\/05\/un-cable-haute-tension-chute-sur-un-poids-lourd-circulation-perturbee-sur-la-d417-entre-saint-ame-et-saint-etienne\/#primaryimage\"},\"thumbnailUrl\":\"https:\/\/vosgesinfo.fr\/app\/uploads\/sites\/3\/2025\/05\/ligne-haute-tension-tombee-saint-ame.jpg\",\"datePublished\":\"2025-05-06T10:27:28+00:00\",\"dateModified\":\"2025-05-06T10:27:28+00:00\",\"breadcrumb\":{\"@id\":\"https:\/\/vosgesinfo.fr\/epinalinfo\/2025\/05\/un-cable-haute-tension-chute-sur-un-poids-lourd-circulation-perturbee-sur-la-d417-entre-saint-ame-et-saint-etienne\/#breadcrumb\"},\"inLanguage\":\"fr-FR\",\"potentialAction\":[{\"@type\":\"ReadAction\",\"target\":[\"https:\/\/vosgesinfo.fr\/epinalinfo\/2025\/05\/un-cable-haute-tension-chute-sur-un-poids-lourd-circulation-perturbee-sur-la-d417-entre-saint-ame-et-saint-etienne\/\"]}]},{\"@type\":\"ImageObject\",\"inLanguage\":\"fr-FR\",\"@id\":\"https:\/\/vosgesinfo.fr\/epinalinfo\/2025\/05\/un-cable-haute-tension-chute-sur-un-poids-lourd-circulation-perturbee-sur-la-d417-entre-saint-ame-et-saint-etienne\/#primaryimage\",\"url\":\"https:\/\/vosgesinfo.fr\/app\/uploads\/sites\/3\/2025\/05\/ligne-haute-tension-tombee-saint-ame.jpg\",\"contentUrl\":\"https:\/\/vosgesinfo.fr\/app\/uploads\/sites\/3\/2025\/05\/ligne-haute-tension-tombee-saint-ame.jpg\",\"width\":960,\"height\":720},{\"@type\":\"BreadcrumbList\",\"@id\":\"https:\/\/vosgesinfo.fr\/epinalinfo\/2025\/05\/un-cable-haute-tension-chute-sur-un-poids-lourd-circulation-perturbee-sur-la-d417-entre-saint-ame-et-saint-etienne\/#breadcrumb\",\"itemListElement\":[{\"@type\":\"ListItem\",\"position\":1,\"name\":\"Home\",\"item\":\"https:\/\/vosgesinfo.fr\/epinalinfo\/\"},{\"@type\":\"ListItem\",\"position\":2,\"name\":\"Un c\u00e2ble haute tension chute sur un poids lourd, circulation perturb\u00e9e sur la D417 entre Saint-Am\u00e9 et Saint-Etienne\"}]},{\"@type\":\"WebSite\",\"@id\":\"https:\/\/vosgesinfo.fr\/epinalinfo\/#website\",\"url\":\"https:\/\/vosgesinfo.fr\/epinalinfo\/\",\"name\":\"Epinal Info\",\"description\":\"Toute l&#039;actualit\u00e9 d&#039;\u00c9pinal\",\"publisher\":{\"@id\":\"https:\/\/vosgesinfo.fr\/epinalinfo\/#organization\"},\"alternateName\":\"Toute l'actualit\u00e9 d'\u00c9pinal\",\"potentialAction\":[{\"@type\":\"SearchAction\",\"target\":{\"@type\":\"EntryPoint\",\"urlTemplate\":\"https:\/\/vosgesinfo.fr\/epinalinfo\/?s={search_term_string}\"},\"query-input\":\"required name=search_term_string\"}],\"inLanguage\":\"fr-FR\"},{\"@type\":\"Organization\",\"@id\":\"https:\/\/vosgesinfo.fr\/epinalinfo\/#organization\",\"name\":\"Epinal Info\",\"url\":\"https:\/\/vosgesinfo.fr\/epinalinfo\/\",\"logo\":{\"@type\":\"ImageObject\",\"inLanguage\":\"fr-FR\",\"@id\":\"https:\/\/vosgesinfo.fr\/epinalinfo\/#\/schema\/logo\/image\/\",\"url\":\"https:\/\/vosgesinfo.fr\/app\/uploads\/sites\/3\/2023\/08\/logo-epinalinfos.svg\",\"contentUrl\":\"https:\/\/vosgesinfo.fr\/app\/uploads\/sites\/3\/2023\/08\/logo-epinalinfos.svg\",\"width\":1,\"height\":1,\"caption\":\"Epinal Info\"},\"image\":{\"@id\":\"https:\/\/vosgesinfo.fr\/epinalinfo\/#\/schema\/logo\/image\/\"},\"sameAs\":[\"https:\/\/www.facebook.com\/Epinalinfos\",\"https:\/\/x.com\/VosgesInfo88\",\"https:\/\/www.youtube.com\/@vosgesinfo\"]},{\"@type\":\"Person\",\"@id\":\"https:\/\/vosgesinfo.fr\/epinalinfo\/#\/schema\/person\/4f38cd3068e342935b7304695c797d08\",\"name\":\"C.M\",\"image\":{\"@type\":\"ImageObject\",\"inLanguage\":\"fr-FR\",\"@id\":\"https:\/\/vosgesinfo.fr\/epinalinfo\/#\/schema\/person\/image\/\",\"url\":\"https:\/\/secure.gravatar.com\/avatar\/fe9daaef0164d920717484172682f3c5c9bcf7d42aa8c7048c76c34f0eb6c8da?s=96&d=mm&r=g\",\"contentUrl\":\"https:\/\/secure.gravatar.com\/avatar\/fe9daaef0164d920717484172682f3c5c9bcf7d42aa8c7048c76c34f0eb6c8da?s=96&d=mm&r=g\",\"caption\":\"C.M\"},\"url\":\"https:\/\/vosgesinfo.fr\/epinalinfo\/author\/cm88200\/\"}]}<\/script>\n<!-- \/ Yoast SEO plugin. -->","yoast_head_json":{"title":"Un c\u00e2ble haute tension chute sur un poids lourd, circulation perturb\u00e9e sur la D417 entre Saint-Am\u00e9 et Saint-Etienne - Epinal Info","robots":{"index":"index","follow":"follow","max-snippet":"max-snippet:-1","max-image-preview":"max-image-preview:large","max-video-preview":"max-video-preview:-1"},"canonical":"https:\/\/vosgesinfo.fr\/epinalinfo\/2025\/05\/un-cable-haute-tension-chute-sur-un-poids-lourd-circulation-perturbee-sur-la-d417-entre-saint-ame-et-saint-etienne\/","twitter_card":"summary_large_image","twitter_title":"Un c\u00e2ble haute tension chute sur un poids lourd, circulation perturb\u00e9e sur la D417 entre Saint-Am\u00e9 et Saint-Etienne - Epinal Info","twitter_description":"Ce mardi 6 mai, en fin de matin\u00e9e, vers 11 h 30, un incident\u00a0s\u2019est produit sur le contournement de la [&hellip;]","twitter_image":"https:\/\/vosgesinfo.fr\/app\/uploads\/sites\/3\/2025\/05\/ligne-haute-tension-tombee-saint-ame.jpg","twitter_creator":"@VosgesInfo88","twitter_site":"@VosgesInfo88","twitter_misc":{"\u00c9crit par":"C.M","Dur\u00e9e de lecture estim\u00e9e":"1 minute"},"schema":{"@context":"https:\/\/schema.org","@graph":[{"@type":"Article","@id":"https:\/\/vosgesinfo.fr\/epinalinfo\/2025\/05\/un-cable-haute-tension-chute-sur-un-poids-lourd-circulation-perturbee-sur-la-d417-entre-saint-ame-et-saint-etienne\/#article","isPartOf":{"@id":"https:\/\/vosgesinfo.fr\/epinalinfo\/2025\/05\/un-cable-haute-tension-chute-sur-un-poids-lourd-circulation-perturbee-sur-la-d417-entre-saint-ame-et-saint-etienne\/"},"author":{"name":"C.M","@id":"https:\/\/vosgesinfo.fr\/epinalinfo\/#\/schema\/person\/4f38cd3068e342935b7304695c797d08"},"headline":"Un c\u00e2ble haute tension chute sur un poids lourd, circulation perturb\u00e9e sur la D417 entre Saint-Am\u00e9 et Saint-Etienne","datePublished":"2025-05-06T10:27:28+00:00","dateModified":"2025-05-06T10:27:28+00:00","mainEntityOfPage":{"@id":"https:\/\/vosgesinfo.fr\/epinalinfo\/2025\/05\/un-cable-haute-tension-chute-sur-un-poids-lourd-circulation-perturbee-sur-la-d417-entre-saint-ame-et-saint-etienne\/"},"wordCount":266,"commentCount":0,"publisher":{"@id":"https:\/\/vosgesinfo.fr\/epinalinfo\/#organization"},"image":{"@id":"https:\/\/vosgesinfo.fr\/epinalinfo\/2025\/05\/un-cable-haute-tension-chute-sur-un-poids-lourd-circulation-perturbee-sur-la-d417-entre-saint-ame-et-saint-etienne\/#primaryimage"},"thumbnailUrl":"https:\/\/vosgesinfo.fr\/app\/uploads\/sites\/3\/2025\/05\/ligne-haute-tension-tombee-saint-ame.jpg","keywords":["Chute ligne haute tension","Faits divers","Incident"],"articleSection":["A la Une","Epinal","Faits-divers","Gerardmer","Remiremont","Saint-Etienne"],"inLanguage":"fr-FR","potentialAction":[{"@type":"CommentAction","name":"Comment","target":["https:\/\/vosgesinfo.fr\/epinalinfo\/2025\/05\/un-cable-haute-tension-chute-sur-un-poids-lourd-circulation-perturbee-sur-la-d417-entre-saint-ame-et-saint-etienne\/#respond"]}]},{"@type":"WebPage","@id":"https:\/\/vosgesinfo.fr\/epinalinfo\/2025\/05\/un-cable-haute-tension-chute-sur-un-poids-lourd-circulation-perturbee-sur-la-d417-entre-saint-ame-et-saint-etienne\/","url":"https:\/\/vosgesinfo.fr\/epinalinfo\/2025\/05\/un-cable-haute-tension-chute-sur-un-poids-lourd-circulation-perturbee-sur-la-d417-entre-saint-ame-et-saint-etienne\/","name":"Un c\u00e2ble haute tension chute sur un poids lourd, circulation perturb\u00e9e sur la D417 entre Saint-Am\u00e9 et Saint-Etienne - Epinal Info","isPartOf":{"@id":"https:\/\/vosgesinfo.fr\/epinalinfo\/#website"},"primaryImageOfPage":{"@id":"https:\/\/vosgesinfo.fr\/epinalinfo\/2025\/05\/un-cable-haute-tension-chute-sur-un-poids-lourd-circulation-perturbee-sur-la-d417-entre-saint-ame-et-saint-etienne\/#primaryimage"},"image":{"@id":"https:\/\/vosgesinfo.fr\/epinalinfo\/2025\/05\/un-cable-haute-tension-chute-sur-un-poids-lourd-circulation-perturbee-sur-la-d417-entre-saint-ame-et-saint-etienne\/#primaryimage"},"thumbnailUrl":"https:\/\/vosgesinfo.fr\/app\/uploads\/sites\/3\/2025\/05\/ligne-haute-tension-tombee-saint-ame.jpg","datePublished":"2025-05-06T10:27:28+00:00","dateModified":"2025-05-06T10:27:28+00:00","breadcrumb":{"@id":"https:\/\/vosgesinfo.fr\/epinalinfo\/2025\/05\/un-cable-haute-tension-chute-sur-un-poids-lourd-circulation-perturbee-sur-la-d417-entre-saint-ame-et-saint-etienne\/#breadcrumb"},"inLanguage":"fr-FR","potentialAction":[{"@type":"ReadAction","target":["https:\/\/vosgesinfo.fr\/epinalinfo\/2025\/05\/un-cable-haute-tension-chute-sur-un-poids-lourd-circulation-perturbee-sur-la-d417-entre-saint-ame-et-saint-etienne\/"]}]},{"@type":"ImageObject","inLanguage":"fr-FR","@id":"https:\/\/vosgesinfo.fr\/epinalinfo\/2025\/05\/un-cable-haute-tension-chute-sur-un-poids-lourd-circulation-perturbee-sur-la-d417-entre-saint-ame-et-saint-etienne\/#primaryimage","url":"https:\/\/vosgesinfo.fr\/app\/uploads\/sites\/3\/2025\/05\/ligne-haute-tension-tombee-saint-ame.jpg","contentUrl":"https:\/\/vosgesinfo.fr\/app\/uploads\/sites\/3\/2025\/05\/ligne-haute-tension-tombee-saint-ame.jpg","width":960,"height":720},{"@type":"BreadcrumbList","@id":"https:\/\/vosgesinfo.fr\/epinalinfo\/2025\/05\/un-cable-haute-tension-chute-sur-un-poids-lourd-circulation-perturbee-sur-la-d417-entre-saint-ame-et-saint-etienne\/#breadcrumb","itemListElement":[{"@type":"ListItem","position":1,"name":"Home","item":"https:\/\/vosgesinfo.fr\/epinalinfo\/"},{"@type":"ListItem","position":2,"name":"Un c\u00e2ble haute tension chute sur un poids lourd, circulation perturb\u00e9e sur la D417 entre Saint-Am\u00e9 et Saint-Etienne"}]},{"@type":"WebSite","@id":"https:\/\/vosgesinfo.fr\/epinalinfo\/#website","url":"https:\/\/vosgesinfo.fr\/epinalinfo\/","name":"Epinal Info","description":"Toute l&#039;actualit\u00e9 d&#039;\u00c9pinal","publisher":{"@id":"https:\/\/vosgesinfo.fr\/epinalinfo\/#organization"},"alternateName":"Toute l'actualit\u00e9 d'\u00c9pinal","potentialAction":[{"@type":"SearchAction","target":{"@type":"EntryPoint","urlTemplate":"https:\/\/vosgesinfo.fr\/epinalinfo\/?s={search_term_string}"},"query-input":"required name=search_term_string"}],"inLanguage":"fr-FR"},{"@type":"Organization","@id":"https:\/\/vosgesinfo.fr\/epinalinfo\/#organization","name":"Epinal Info","url":"https:\/\/vosgesinfo.fr\/epinalinfo\/","logo":{"@type":"ImageObject","inLanguage":"fr-FR","@id":"https:\/\/vosgesinfo.fr\/epinalinfo\/#\/schema\/logo\/image\/","url":"https:\/\/vosgesinfo.fr\/app\/uploads\/sites\/3\/2023\/08\/logo-epinalinfos.svg","contentUrl":"https:\/\/vosgesinfo.fr\/app\/uploads\/sites\/3\/2023\/08\/logo-epinalinfos.svg","width":1,"height":1,"caption":"Epinal Info"},"image":{"@id":"https:\/\/vosgesinfo.fr\/epinalinfo\/#\/schema\/logo\/image\/"},"sameAs":["https:\/\/www.facebook.com\/Epinalinfos","https:\/\/x.com\/VosgesInfo88","https:\/\/www.youtube.com\/@vosgesinfo"]},{"@type":"Person","@id":"https:\/\/vosgesinfo.fr\/epinalinfo\/#\/schema\/person\/4f38cd3068e342935b7304695c797d08","name":"C.M","image":{"@type":"ImageObject","inLanguage":"fr-FR","@id":"https:\/\/vosgesinfo.fr\/epinalinfo\/#\/schema\/person\/image\/","url":"https:\/\/secure.gravatar.com\/avatar\/fe9daaef0164d920717484172682f3c5c9bcf7d42aa8c7048c76c34f0eb6c8da?s=96&d=mm&r=g","contentUrl":"https:\/\/secure.gravatar.com\/avatar\/fe9daaef0164d920717484172682f3c5c9bcf7d42aa8c7048c76c34f0eb6c8da?s=96&d=mm&r=g","caption":"C.M"},"url":"https:\/\/vosgesinfo.fr\/epinalinfo\/author\/cm88200\/"}]}},"_links":{"self":[{"href":"https:\/\/vosgesinfo.fr\/epinalinfo\/wp-json\/wp\/v2\/posts\/131607","targetHints":{"allow":["GET"]}}],"collection":[{"href":"https:\/\/vosgesinfo.fr\/epinalinfo\/wp-json\/wp\/v2\/posts"}],"about":[{"href":"https:\/\/vosgesinfo.fr\/epinalinfo\/wp-json\/wp\/v2\/types\/post"}],"author":[{"embeddable":true,"href":"https:\/\/vosgesinfo.fr\/epinalinfo\/wp-json\/wp\/v2\/users\/418"}],"replies":[{"embeddable":true,"href":"https:\/\/vosgesinfo.fr\/epinalinfo\/wp-json\/wp\/v2\/comments?post=131607"}],"version-history":[{"count":0,"href":"https:\/\/vosgesinfo.fr\/epinalinfo\/wp-json\/wp\/v2\/posts\/131607\/revisions"}],"wp:featuredmedia":[{"embeddable":true,"href":"https:\/\/vosgesinfo.fr\/epinalinfo\/wp-json\/wp\/v2\/media\/131608"}],"wp:attachment":[{"href":"https:\/\/vosgesinfo.fr\/epinalinfo\/wp-json\/wp\/v2\/media?parent=131607"}],"wp:term":[{"taxonomy":"category","embeddable":true,"href":"https:\/\/vosgesinfo.fr\/epinalinfo\/wp-json\/wp\/v2\/categories?post=131607"},{"taxonomy":"post_tag","embeddable":true,"href":"https:\/\/vosgesinfo.fr\/epinalinfo\/wp-json\/wp\/v2\/tags?post=131607"}],"curies":[{"name":"wp","href":"https:\/\/api.w.org\/{rel}","templated":true}]}}