{"id":131664,"date":"2025-05-09T07:00:14","date_gmt":"2025-05-09T05:00:14","guid":{"rendered":"https:\/\/vosgesinfo.fr\/epinalinfo\/?p=131664"},"modified":"2025-05-08T19:34:38","modified_gmt":"2025-05-08T17:34:38","slug":"commemoration-du-8-mai-1945-a-epinal-dinoze-saint-laurent-un-hommage-solennel-pour-le-80e-anniversaire-de-la-victoire","status":"publish","type":"post","link":"https:\/\/vosgesinfo.fr\/epinalinfo\/2025\/05\/commemoration-du-8-mai-1945-a-epinal-dinoze-saint-laurent-un-hommage-solennel-pour-le-80e-anniversaire-de-la-victoire\/","title":{"rendered":"Comm\u00e9moration du 8 mai 1945 \u00e0 Epinal, Dinoz\u00e9, Saint-Laurent: un hommage solennel pour le 80e anniversaire de la Victoire"},"content":{"rendered":"<div id=\"attachment_131665\" style=\"width: 569px\" class=\"wp-caption aligncenter\"><a href=\"https:\/\/vosgesinfo.fr\/app\/uploads\/sites\/3\/2025\/05\/1.jpg\"><img decoding=\"async\" aria-describedby=\"caption-attachment-131665\" class=\"wp-image-131665 size-full\" src=\"https:\/\/vosgesinfo.fr\/app\/uploads\/sites\/3\/2025\/05\/1.jpg\" alt=\"\" width=\"559\" height=\"420\" srcset=\"https:\/\/vosgesinfo.fr\/app\/uploads\/sites\/3\/2025\/05\/1.jpg 559w, https:\/\/vosgesinfo.fr\/app\/uploads\/sites\/3\/2025\/05\/1-300x225.jpg 300w\" sizes=\"(max-width: 559px) 100vw, 559px\" \/><\/a><p id=\"caption-attachment-131665\" class=\"wp-caption-text\">photos prefecture des Vosges<\/p><\/div>\n<h2 data-start=\"494\" data-end=\"958\"><strong>\u00c0 l\u2019occasion du 80e anniversaire de la fin de la Seconde Guerre mondiale en Europe, les Vosges ont rendu un hommage solennel aux combattants, aux d\u00e9port\u00e9s, et aux victimes civiles de ce conflit majeur qui a marqu\u00e9 l\u2019Histoire du XXe si\u00e8cle. Sous un ciel printanier charg\u00e9 d\u2019\u00e9motion, Val\u00e9rie Michel-Moreaux, pr\u00e9f\u00e8te des Vosges, a pr\u00e9sid\u00e9 les c\u00e9r\u00e9monies comm\u00e9moratives organis\u00e9es en diff\u00e9rents lieux embl\u00e9matiques du d\u00e9partement.<\/strong><\/h2>\n<p class=\"\" data-start=\"960\" data-end=\"1015\">Trois temps forts ont rythm\u00e9 cette journ\u00e9e de m\u00e9moire :<\/p>\n<ul data-start=\"1017\" data-end=\"1599\">\n<li class=\"\" data-start=\"1017\" data-end=\"1209\">\n<p class=\"\" data-start=\"1019\" data-end=\"1209\"><strong data-start=\"1019\" data-end=\"1065\">Au Cimeti\u00e8re militaire am\u00e9ricain de Dinoz\u00e9<\/strong>, o\u00f9 reposent les soldats am\u00e9ricains tomb\u00e9s pour la lib\u00e9ration de la France, un hommage international et \u00e9mouvant a ouvert les comm\u00e9morations.<\/p>\n<\/li>\n<li class=\"\" data-start=\"1210\" data-end=\"1429\">\n<p class=\"\" data-start=\"1212\" data-end=\"1429\"><strong data-start=\"1212\" data-end=\"1254\">Au Monument aux Morts de Saint-Laurent<\/strong>, la c\u00e9r\u00e9monie s\u2019est poursuivie dans le recueillement, en pr\u00e9sence des anciens combattants, des \u00e9lus locaux, et de nombreux habitants venus t\u00e9moigner de leur reconnaissance.<\/p>\n<\/li>\n<li class=\"\" data-start=\"1430\" data-end=\"1599\">\n<p class=\"\" data-start=\"1432\" data-end=\"1599\"><strong data-start=\"1432\" data-end=\"1462\">Enfin, Place Foch \u00e0 \u00c9pinal<\/strong>, centre n\u00e9vralgique de la ville, un moment solennel a rassembl\u00e9 la population autour de la m\u00e9moire collective et de la promesse de paix.<\/p>\n<\/li>\n<\/ul>\n<p class=\"\" data-start=\"1601\" data-end=\"1865\">Lors de ces c\u00e9r\u00e9monies, la Pr\u00e9f\u00e8te a donn\u00e9 lecture du message officiel de S\u00e9bastien Lecornu, ministre des Arm\u00e9es, et de Patricia Mirall\u00e8s, secr\u00e9taire d\u2019\u00c9tat charg\u00e9e des Anciens combattants et de la M\u00e9moire. Un message fort, rappelant que :<\/p>\n<blockquote data-start=\"1866\" data-end=\"2129\">\n<p class=\"\" data-start=\"1868\" data-end=\"2129\"><em data-start=\"1868\" data-end=\"2129\">\u00ab Le 8 mai 1945, \u00e0 15h, la guerre prenait fin en Europe. Ce jour-l\u00e0, l\u2019Allemagne nazie capitulait sans condition. C\u2019\u00e9tait la victoire des d\u00e9mocraties contre une id\u00e9ologie raciste, antis\u00e9mite et liberticide. C\u2019\u00e9tait la victoire de la libert\u00e9 sur la tyrannie. \u00bb<\/em><\/p>\n<\/blockquote>\n<p class=\"\" data-start=\"2131\" data-end=\"2258\">Le texte officiel soulignait \u00e9galement l\u2019actualit\u00e9 de cette m\u00e9moire, dans un monde o\u00f9 les tensions g\u00e9opolitiques r\u00e9\u00e9mergent :<\/p>\n<blockquote data-start=\"2259\" data-end=\"2524\">\n<p class=\"\" data-start=\"2261\" data-end=\"2524\"><em data-start=\"2261\" data-end=\"2524\">\u00ab Alors que les rapports de force internationaux se reconfigurent, souvenons-nous des sacrifices qu\u2019une g\u00e9n\u00e9ration enti\u00e8re de Fran\u00e7aises et de Fran\u00e7ais a accept\u00e9s pour lib\u00e9rer le pays, pour le reconstruire et pour nous donner les moyens de notre souverainet\u00e9. \u00bb<\/em><\/p>\n<\/blockquote>\n\n\t\t<style type=\"text\/css\">\n\t\t\t#gallery-1 {\n\t\t\t\tmargin: auto;\n\t\t\t}\n\t\t\t#gallery-1 .gallery-item {\n\t\t\t\tfloat: left;\n\t\t\t\tmargin-top: 10px;\n\t\t\t\ttext-align: center;\n\t\t\t\twidth: 33%;\n\t\t\t}\n\t\t\t#gallery-1 img {\n\t\t\t\tborder: 2px solid #cfcfcf;\n\t\t\t}\n\t\t\t#gallery-1 .gallery-caption {\n\t\t\t\tmargin-left: 0;\n\t\t\t}\n\t\t\t\/* see gallery_shortcode() in wp-includes\/media.php *\/\n\t\t<\/style>\n\t\t<div id='gallery-1' class='gallery galleryid-131664 gallery-columns-3 gallery-size-large'><dl class='gallery-item'>\n\t\t\t<dt class='gallery-icon landscape'>\n\t\t\t\t<a href='https:\/\/vosgesinfo.fr\/app\/uploads\/sites\/3\/2025\/05\/2.jpg'><img decoding=\"async\" width=\"558\" height=\"414\" src=\"https:\/\/vosgesinfo.fr\/app\/uploads\/sites\/3\/2025\/05\/2.jpg\" class=\"attachment-large size-large\" alt=\"\" srcset=\"https:\/\/vosgesinfo.fr\/app\/uploads\/sites\/3\/2025\/05\/2.jpg 558w, https:\/\/vosgesinfo.fr\/app\/uploads\/sites\/3\/2025\/05\/2-300x223.jpg 300w\" sizes=\"(max-width: 558px) 100vw, 558px\" \/><\/a>\n\t\t\t<\/dt><\/dl><dl class='gallery-item'>\n\t\t\t<dt class='gallery-icon landscape'>\n\t\t\t\t<a href='https:\/\/vosgesinfo.fr\/app\/uploads\/sites\/3\/2025\/05\/3.jpg'><img decoding=\"async\" width=\"571\" height=\"419\" src=\"https:\/\/vosgesinfo.fr\/app\/uploads\/sites\/3\/2025\/05\/3.jpg\" class=\"attachment-large size-large\" alt=\"\" srcset=\"https:\/\/vosgesinfo.fr\/app\/uploads\/sites\/3\/2025\/05\/3.jpg 571w, https:\/\/vosgesinfo.fr\/app\/uploads\/sites\/3\/2025\/05\/3-300x220.jpg 300w\" sizes=\"(max-width: 571px) 100vw, 571px\" \/><\/a>\n\t\t\t<\/dt><\/dl>\n\t\t\t<br style='clear: both' \/>\n\t\t<\/div>\n\n","protected":false},"excerpt":{"rendered":"<p>\u00c0 l\u2019occasion du 80e anniversaire de la fin de la Seconde Guerre mondiale en Europe, les Vosges ont rendu un [&hellip;]<\/p>\n","protected":false},"author":52,"featured_media":131665,"comment_status":"open","ping_status":"open","sticky":false,"template":"","format":"standard","meta":{"footnotes":""},"categories":[22,3397,24],"tags":[],"class_list":["post-131664","post","type-post","status-publish","format-standard","has-post-thumbnail","hentry","category-a-la-une","category-dinoze","category-epinal"],"acf":[],"yoast_head":"<!-- This site is optimized with the Yoast SEO plugin v22.5 - https:\/\/yoast.com\/wordpress\/plugins\/seo\/ -->\n<title>Comm\u00e9moration du 8 mai 1945 \u00e0 Epinal, Dinoz\u00e9, Saint-Laurent: un hommage solennel pour le 80e anniversaire de la Victoire - Epinal Info<\/title>\n<meta name=\"robots\" content=\"index, follow, max-snippet:-1, max-image-preview:large, max-video-preview:-1\" \/>\n<link rel=\"canonical\" href=\"https:\/\/vosgesinfo.fr\/epinalinfo\/2025\/05\/commemoration-du-8-mai-1945-a-epinal-dinoze-saint-laurent-un-hommage-solennel-pour-le-80e-anniversaire-de-la-victoire\/\" \/>\n<meta name=\"twitter:card\" content=\"summary_large_image\" \/>\n<meta name=\"twitter:title\" content=\"Comm\u00e9moration du 8 mai 1945 \u00e0 Epinal, Dinoz\u00e9, Saint-Laurent: un hommage solennel pour le 80e anniversaire de la Victoire - Epinal Info\" \/>\n<meta name=\"twitter:description\" content=\"\u00c0 l\u2019occasion du 80e anniversaire de la fin de la Seconde Guerre mondiale en Europe, les Vosges ont rendu un [&hellip;]\" \/>\n<meta name=\"twitter:image\" content=\"https:\/\/vosgesinfo.fr\/app\/uploads\/sites\/3\/2025\/05\/1.jpg\" \/>\n<meta name=\"twitter:creator\" content=\"@VosgesInfo88\" \/>\n<meta name=\"twitter:site\" content=\"@VosgesInfo88\" \/>\n<meta name=\"twitter:label1\" content=\"\u00c9crit par\" \/>\n\t<meta name=\"twitter:data1\" content=\"C.K.\" \/>\n\t<meta name=\"twitter:label2\" content=\"Dur\u00e9e de lecture estim\u00e9e\" \/>\n\t<meta name=\"twitter:data2\" content=\"2 minutes\" \/>\n<script type=\"application\/ld+json\" class=\"yoast-schema-graph\">{\"@context\":\"https:\/\/schema.org\",\"@graph\":[{\"@type\":\"Article\",\"@id\":\"https:\/\/vosgesinfo.fr\/epinalinfo\/2025\/05\/commemoration-du-8-mai-1945-a-epinal-dinoze-saint-laurent-un-hommage-solennel-pour-le-80e-anniversaire-de-la-victoire\/#article\",\"isPartOf\":{\"@id\":\"https:\/\/vosgesinfo.fr\/epinalinfo\/2025\/05\/commemoration-du-8-mai-1945-a-epinal-dinoze-saint-laurent-un-hommage-solennel-pour-le-80e-anniversaire-de-la-victoire\/\"},\"author\":{\"name\":\"C.K.\",\"@id\":\"https:\/\/vosgesinfo.fr\/epinalinfo\/#\/schema\/person\/6f9a650eeea99d969b6c4ab78fccbe81\"},\"headline\":\"Comm\u00e9moration du 8 mai 1945 \u00e0 Epinal, Dinoz\u00e9, Saint-Laurent: un hommage solennel pour le 80e anniversaire de la Victoire\",\"datePublished\":\"2025-05-09T05:00:14+00:00\",\"dateModified\":\"2025-05-08T17:34:38+00:00\",\"mainEntityOfPage\":{\"@id\":\"https:\/\/vosgesinfo.fr\/epinalinfo\/2025\/05\/commemoration-du-8-mai-1945-a-epinal-dinoze-saint-laurent-un-hommage-solennel-pour-le-80e-anniversaire-de-la-victoire\/\"},\"wordCount\":380,\"commentCount\":0,\"publisher\":{\"@id\":\"https:\/\/vosgesinfo.fr\/epinalinfo\/#organization\"},\"image\":{\"@id\":\"https:\/\/vosgesinfo.fr\/epinalinfo\/2025\/05\/commemoration-du-8-mai-1945-a-epinal-dinoze-saint-laurent-un-hommage-solennel-pour-le-80e-anniversaire-de-la-victoire\/#primaryimage\"},\"thumbnailUrl\":\"https:\/\/vosgesinfo.fr\/app\/uploads\/sites\/3\/2025\/05\/1.jpg\",\"articleSection\":[\"A la Une\",\"Dinoz\u00e9\",\"Epinal\"],\"inLanguage\":\"fr-FR\",\"potentialAction\":[{\"@type\":\"CommentAction\",\"name\":\"Comment\",\"target\":[\"https:\/\/vosgesinfo.fr\/epinalinfo\/2025\/05\/commemoration-du-8-mai-1945-a-epinal-dinoze-saint-laurent-un-hommage-solennel-pour-le-80e-anniversaire-de-la-victoire\/#respond\"]}]},{\"@type\":\"WebPage\",\"@id\":\"https:\/\/vosgesinfo.fr\/epinalinfo\/2025\/05\/commemoration-du-8-mai-1945-a-epinal-dinoze-saint-laurent-un-hommage-solennel-pour-le-80e-anniversaire-de-la-victoire\/\",\"url\":\"https:\/\/vosgesinfo.fr\/epinalinfo\/2025\/05\/commemoration-du-8-mai-1945-a-epinal-dinoze-saint-laurent-un-hommage-solennel-pour-le-80e-anniversaire-de-la-victoire\/\",\"name\":\"Comm\u00e9moration du 8 mai 1945 \u00e0 Epinal, Dinoz\u00e9, Saint-Laurent: un hommage solennel pour le 80e anniversaire de la Victoire - Epinal Info\",\"isPartOf\":{\"@id\":\"https:\/\/vosgesinfo.fr\/epinalinfo\/#website\"},\"primaryImageOfPage\":{\"@id\":\"https:\/\/vosgesinfo.fr\/epinalinfo\/2025\/05\/commemoration-du-8-mai-1945-a-epinal-dinoze-saint-laurent-un-hommage-solennel-pour-le-80e-anniversaire-de-la-victoire\/#primaryimage\"},\"image\":{\"@id\":\"https:\/\/vosgesinfo.fr\/epinalinfo\/2025\/05\/commemoration-du-8-mai-1945-a-epinal-dinoze-saint-laurent-un-hommage-solennel-pour-le-80e-anniversaire-de-la-victoire\/#primaryimage\"},\"thumbnailUrl\":\"https:\/\/vosgesinfo.fr\/app\/uploads\/sites\/3\/2025\/05\/1.jpg\",\"datePublished\":\"2025-05-09T05:00:14+00:00\",\"dateModified\":\"2025-05-08T17:34:38+00:00\",\"breadcrumb\":{\"@id\":\"https:\/\/vosgesinfo.fr\/epinalinfo\/2025\/05\/commemoration-du-8-mai-1945-a-epinal-dinoze-saint-laurent-un-hommage-solennel-pour-le-80e-anniversaire-de-la-victoire\/#breadcrumb\"},\"inLanguage\":\"fr-FR\",\"potentialAction\":[{\"@type\":\"ReadAction\",\"target\":[\"https:\/\/vosgesinfo.fr\/epinalinfo\/2025\/05\/commemoration-du-8-mai-1945-a-epinal-dinoze-saint-laurent-un-hommage-solennel-pour-le-80e-anniversaire-de-la-victoire\/\"]}]},{\"@type\":\"ImageObject\",\"inLanguage\":\"fr-FR\",\"@id\":\"https:\/\/vosgesinfo.fr\/epinalinfo\/2025\/05\/commemoration-du-8-mai-1945-a-epinal-dinoze-saint-laurent-un-hommage-solennel-pour-le-80e-anniversaire-de-la-victoire\/#primaryimage\",\"url\":\"https:\/\/vosgesinfo.fr\/app\/uploads\/sites\/3\/2025\/05\/1.jpg\",\"contentUrl\":\"https:\/\/vosgesinfo.fr\/app\/uploads\/sites\/3\/2025\/05\/1.jpg\",\"width\":559,\"height\":420},{\"@type\":\"BreadcrumbList\",\"@id\":\"https:\/\/vosgesinfo.fr\/epinalinfo\/2025\/05\/commemoration-du-8-mai-1945-a-epinal-dinoze-saint-laurent-un-hommage-solennel-pour-le-80e-anniversaire-de-la-victoire\/#breadcrumb\",\"itemListElement\":[{\"@type\":\"ListItem\",\"position\":1,\"name\":\"Home\",\"item\":\"https:\/\/vosgesinfo.fr\/epinalinfo\/\"},{\"@type\":\"ListItem\",\"position\":2,\"name\":\"Comm\u00e9moration du 8 mai 1945 \u00e0 Epinal, Dinoz\u00e9, Saint-Laurent: un hommage solennel pour le 80e anniversaire de la Victoire\"}]},{\"@type\":\"WebSite\",\"@id\":\"https:\/\/vosgesinfo.fr\/epinalinfo\/#website\",\"url\":\"https:\/\/vosgesinfo.fr\/epinalinfo\/\",\"name\":\"Epinal Info\",\"description\":\"Toute l&#039;actualit\u00e9 d&#039;\u00c9pinal\",\"publisher\":{\"@id\":\"https:\/\/vosgesinfo.fr\/epinalinfo\/#organization\"},\"alternateName\":\"Toute l'actualit\u00e9 d'\u00c9pinal\",\"potentialAction\":[{\"@type\":\"SearchAction\",\"target\":{\"@type\":\"EntryPoint\",\"urlTemplate\":\"https:\/\/vosgesinfo.fr\/epinalinfo\/?s={search_term_string}\"},\"query-input\":\"required name=search_term_string\"}],\"inLanguage\":\"fr-FR\"},{\"@type\":\"Organization\",\"@id\":\"https:\/\/vosgesinfo.fr\/epinalinfo\/#organization\",\"name\":\"Epinal Info\",\"url\":\"https:\/\/vosgesinfo.fr\/epinalinfo\/\",\"logo\":{\"@type\":\"ImageObject\",\"inLanguage\":\"fr-FR\",\"@id\":\"https:\/\/vosgesinfo.fr\/epinalinfo\/#\/schema\/logo\/image\/\",\"url\":\"https:\/\/vosgesinfo.fr\/app\/uploads\/sites\/3\/2023\/08\/logo-epinalinfos.svg\",\"contentUrl\":\"https:\/\/vosgesinfo.fr\/app\/uploads\/sites\/3\/2023\/08\/logo-epinalinfos.svg\",\"width\":1,\"height\":1,\"caption\":\"Epinal Info\"},\"image\":{\"@id\":\"https:\/\/vosgesinfo.fr\/epinalinfo\/#\/schema\/logo\/image\/\"},\"sameAs\":[\"https:\/\/www.facebook.com\/Epinalinfos\",\"https:\/\/x.com\/VosgesInfo88\",\"https:\/\/www.youtube.com\/@vosgesinfo\"]},{\"@type\":\"Person\",\"@id\":\"https:\/\/vosgesinfo.fr\/epinalinfo\/#\/schema\/person\/6f9a650eeea99d969b6c4ab78fccbe81\",\"name\":\"C.K.\",\"image\":{\"@type\":\"ImageObject\",\"inLanguage\":\"fr-FR\",\"@id\":\"https:\/\/vosgesinfo.fr\/epinalinfo\/#\/schema\/person\/image\/\",\"url\":\"https:\/\/secure.gravatar.com\/avatar\/48e3fc7f8421ba8942be6b74a2b7f014ca39bc00dece156b7a8e098ae7dc87bf?s=96&d=mm&r=g\",\"contentUrl\":\"https:\/\/secure.gravatar.com\/avatar\/48e3fc7f8421ba8942be6b74a2b7f014ca39bc00dece156b7a8e098ae7dc87bf?s=96&d=mm&r=g\",\"caption\":\"C.K.\"},\"url\":\"https:\/\/vosgesinfo.fr\/epinalinfo\/author\/celia-k-n\/\"}]}<\/script>\n<!-- \/ Yoast SEO plugin. -->","yoast_head_json":{"title":"Comm\u00e9moration du 8 mai 1945 \u00e0 Epinal, Dinoz\u00e9, Saint-Laurent: un hommage solennel pour le 80e anniversaire de la Victoire - Epinal Info","robots":{"index":"index","follow":"follow","max-snippet":"max-snippet:-1","max-image-preview":"max-image-preview:large","max-video-preview":"max-video-preview:-1"},"canonical":"https:\/\/vosgesinfo.fr\/epinalinfo\/2025\/05\/commemoration-du-8-mai-1945-a-epinal-dinoze-saint-laurent-un-hommage-solennel-pour-le-80e-anniversaire-de-la-victoire\/","twitter_card":"summary_large_image","twitter_title":"Comm\u00e9moration du 8 mai 1945 \u00e0 Epinal, Dinoz\u00e9, Saint-Laurent: un hommage solennel pour le 80e anniversaire de la Victoire - Epinal Info","twitter_description":"\u00c0 l\u2019occasion du 80e anniversaire de la fin de la Seconde Guerre mondiale en Europe, les Vosges ont rendu un [&hellip;]","twitter_image":"https:\/\/vosgesinfo.fr\/app\/uploads\/sites\/3\/2025\/05\/1.jpg","twitter_creator":"@VosgesInfo88","twitter_site":"@VosgesInfo88","twitter_misc":{"\u00c9crit par":"C.K.","Dur\u00e9e de lecture estim\u00e9e":"2 minutes"},"schema":{"@context":"https:\/\/schema.org","@graph":[{"@type":"Article","@id":"https:\/\/vosgesinfo.fr\/epinalinfo\/2025\/05\/commemoration-du-8-mai-1945-a-epinal-dinoze-saint-laurent-un-hommage-solennel-pour-le-80e-anniversaire-de-la-victoire\/#article","isPartOf":{"@id":"https:\/\/vosgesinfo.fr\/epinalinfo\/2025\/05\/commemoration-du-8-mai-1945-a-epinal-dinoze-saint-laurent-un-hommage-solennel-pour-le-80e-anniversaire-de-la-victoire\/"},"author":{"name":"C.K.","@id":"https:\/\/vosgesinfo.fr\/epinalinfo\/#\/schema\/person\/6f9a650eeea99d969b6c4ab78fccbe81"},"headline":"Comm\u00e9moration du 8 mai 1945 \u00e0 Epinal, Dinoz\u00e9, Saint-Laurent: un hommage solennel pour le 80e anniversaire de la Victoire","datePublished":"2025-05-09T05:00:14+00:00","dateModified":"2025-05-08T17:34:38+00:00","mainEntityOfPage":{"@id":"https:\/\/vosgesinfo.fr\/epinalinfo\/2025\/05\/commemoration-du-8-mai-1945-a-epinal-dinoze-saint-laurent-un-hommage-solennel-pour-le-80e-anniversaire-de-la-victoire\/"},"wordCount":380,"commentCount":0,"publisher":{"@id":"https:\/\/vosgesinfo.fr\/epinalinfo\/#organization"},"image":{"@id":"https:\/\/vosgesinfo.fr\/epinalinfo\/2025\/05\/commemoration-du-8-mai-1945-a-epinal-dinoze-saint-laurent-un-hommage-solennel-pour-le-80e-anniversaire-de-la-victoire\/#primaryimage"},"thumbnailUrl":"https:\/\/vosgesinfo.fr\/app\/uploads\/sites\/3\/2025\/05\/1.jpg","articleSection":["A la Une","Dinoz\u00e9","Epinal"],"inLanguage":"fr-FR","potentialAction":[{"@type":"CommentAction","name":"Comment","target":["https:\/\/vosgesinfo.fr\/epinalinfo\/2025\/05\/commemoration-du-8-mai-1945-a-epinal-dinoze-saint-laurent-un-hommage-solennel-pour-le-80e-anniversaire-de-la-victoire\/#respond"]}]},{"@type":"WebPage","@id":"https:\/\/vosgesinfo.fr\/epinalinfo\/2025\/05\/commemoration-du-8-mai-1945-a-epinal-dinoze-saint-laurent-un-hommage-solennel-pour-le-80e-anniversaire-de-la-victoire\/","url":"https:\/\/vosgesinfo.fr\/epinalinfo\/2025\/05\/commemoration-du-8-mai-1945-a-epinal-dinoze-saint-laurent-un-hommage-solennel-pour-le-80e-anniversaire-de-la-victoire\/","name":"Comm\u00e9moration du 8 mai 1945 \u00e0 Epinal, Dinoz\u00e9, Saint-Laurent: un hommage solennel pour le 80e anniversaire de la Victoire - Epinal Info","isPartOf":{"@id":"https:\/\/vosgesinfo.fr\/epinalinfo\/#website"},"primaryImageOfPage":{"@id":"https:\/\/vosgesinfo.fr\/epinalinfo\/2025\/05\/commemoration-du-8-mai-1945-a-epinal-dinoze-saint-laurent-un-hommage-solennel-pour-le-80e-anniversaire-de-la-victoire\/#primaryimage"},"image":{"@id":"https:\/\/vosgesinfo.fr\/epinalinfo\/2025\/05\/commemoration-du-8-mai-1945-a-epinal-dinoze-saint-laurent-un-hommage-solennel-pour-le-80e-anniversaire-de-la-victoire\/#primaryimage"},"thumbnailUrl":"https:\/\/vosgesinfo.fr\/app\/uploads\/sites\/3\/2025\/05\/1.jpg","datePublished":"2025-05-09T05:00:14+00:00","dateModified":"2025-05-08T17:34:38+00:00","breadcrumb":{"@id":"https:\/\/vosgesinfo.fr\/epinalinfo\/2025\/05\/commemoration-du-8-mai-1945-a-epinal-dinoze-saint-laurent-un-hommage-solennel-pour-le-80e-anniversaire-de-la-victoire\/#breadcrumb"},"inLanguage":"fr-FR","potentialAction":[{"@type":"ReadAction","target":["https:\/\/vosgesinfo.fr\/epinalinfo\/2025\/05\/commemoration-du-8-mai-1945-a-epinal-dinoze-saint-laurent-un-hommage-solennel-pour-le-80e-anniversaire-de-la-victoire\/"]}]},{"@type":"ImageObject","inLanguage":"fr-FR","@id":"https:\/\/vosgesinfo.fr\/epinalinfo\/2025\/05\/commemoration-du-8-mai-1945-a-epinal-dinoze-saint-laurent-un-hommage-solennel-pour-le-80e-anniversaire-de-la-victoire\/#primaryimage","url":"https:\/\/vosgesinfo.fr\/app\/uploads\/sites\/3\/2025\/05\/1.jpg","contentUrl":"https:\/\/vosgesinfo.fr\/app\/uploads\/sites\/3\/2025\/05\/1.jpg","width":559,"height":420},{"@type":"BreadcrumbList","@id":"https:\/\/vosgesinfo.fr\/epinalinfo\/2025\/05\/commemoration-du-8-mai-1945-a-epinal-dinoze-saint-laurent-un-hommage-solennel-pour-le-80e-anniversaire-de-la-victoire\/#breadcrumb","itemListElement":[{"@type":"ListItem","position":1,"name":"Home","item":"https:\/\/vosgesinfo.fr\/epinalinfo\/"},{"@type":"ListItem","position":2,"name":"Comm\u00e9moration du 8 mai 1945 \u00e0 Epinal, Dinoz\u00e9, Saint-Laurent: un hommage solennel pour le 80e anniversaire de la Victoire"}]},{"@type":"WebSite","@id":"https:\/\/vosgesinfo.fr\/epinalinfo\/#website","url":"https:\/\/vosgesinfo.fr\/epinalinfo\/","name":"Epinal Info","description":"Toute l&#039;actualit\u00e9 d&#039;\u00c9pinal","publisher":{"@id":"https:\/\/vosgesinfo.fr\/epinalinfo\/#organization"},"alternateName":"Toute l'actualit\u00e9 d'\u00c9pinal","potentialAction":[{"@type":"SearchAction","target":{"@type":"EntryPoint","urlTemplate":"https:\/\/vosgesinfo.fr\/epinalinfo\/?s={search_term_string}"},"query-input":"required name=search_term_string"}],"inLanguage":"fr-FR"},{"@type":"Organization","@id":"https:\/\/vosgesinfo.fr\/epinalinfo\/#organization","name":"Epinal Info","url":"https:\/\/vosgesinfo.fr\/epinalinfo\/","logo":{"@type":"ImageObject","inLanguage":"fr-FR","@id":"https:\/\/vosgesinfo.fr\/epinalinfo\/#\/schema\/logo\/image\/","url":"https:\/\/vosgesinfo.fr\/app\/uploads\/sites\/3\/2023\/08\/logo-epinalinfos.svg","contentUrl":"https:\/\/vosgesinfo.fr\/app\/uploads\/sites\/3\/2023\/08\/logo-epinalinfos.svg","width":1,"height":1,"caption":"Epinal Info"},"image":{"@id":"https:\/\/vosgesinfo.fr\/epinalinfo\/#\/schema\/logo\/image\/"},"sameAs":["https:\/\/www.facebook.com\/Epinalinfos","https:\/\/x.com\/VosgesInfo88","https:\/\/www.youtube.com\/@vosgesinfo"]},{"@type":"Person","@id":"https:\/\/vosgesinfo.fr\/epinalinfo\/#\/schema\/person\/6f9a650eeea99d969b6c4ab78fccbe81","name":"C.K.","image":{"@type":"ImageObject","inLanguage":"fr-FR","@id":"https:\/\/vosgesinfo.fr\/epinalinfo\/#\/schema\/person\/image\/","url":"https:\/\/secure.gravatar.com\/avatar\/48e3fc7f8421ba8942be6b74a2b7f014ca39bc00dece156b7a8e098ae7dc87bf?s=96&d=mm&r=g","contentUrl":"https:\/\/secure.gravatar.com\/avatar\/48e3fc7f8421ba8942be6b74a2b7f014ca39bc00dece156b7a8e098ae7dc87bf?s=96&d=mm&r=g","caption":"C.K."},"url":"https:\/\/vosgesinfo.fr\/epinalinfo\/author\/celia-k-n\/"}]}},"_links":{"self":[{"href":"https:\/\/vosgesinfo.fr\/epinalinfo\/wp-json\/wp\/v2\/posts\/131664","targetHints":{"allow":["GET"]}}],"collection":[{"href":"https:\/\/vosgesinfo.fr\/epinalinfo\/wp-json\/wp\/v2\/posts"}],"about":[{"href":"https:\/\/vosgesinfo.fr\/epinalinfo\/wp-json\/wp\/v2\/types\/post"}],"author":[{"embeddable":true,"href":"https:\/\/vosgesinfo.fr\/epinalinfo\/wp-json\/wp\/v2\/users\/52"}],"replies":[{"embeddable":true,"href":"https:\/\/vosgesinfo.fr\/epinalinfo\/wp-json\/wp\/v2\/comments?post=131664"}],"version-history":[{"count":1,"href":"https:\/\/vosgesinfo.fr\/epinalinfo\/wp-json\/wp\/v2\/posts\/131664\/revisions"}],"predecessor-version":[{"id":131669,"href":"https:\/\/vosgesinfo.fr\/epinalinfo\/wp-json\/wp\/v2\/posts\/131664\/revisions\/131669"}],"wp:featuredmedia":[{"embeddable":true,"href":"https:\/\/vosgesinfo.fr\/epinalinfo\/wp-json\/wp\/v2\/media\/131665"}],"wp:attachment":[{"href":"https:\/\/vosgesinfo.fr\/epinalinfo\/wp-json\/wp\/v2\/media?parent=131664"}],"wp:term":[{"taxonomy":"category","embeddable":true,"href":"https:\/\/vosgesinfo.fr\/epinalinfo\/wp-json\/wp\/v2\/categories?post=131664"},{"taxonomy":"post_tag","embeddable":true,"href":"https:\/\/vosgesinfo.fr\/epinalinfo\/wp-json\/wp\/v2\/tags?post=131664"}],"curies":[{"name":"wp","href":"https:\/\/api.w.org\/{rel}","templated":true}]}}