{"id":131685,"date":"2025-05-09T09:50:41","date_gmt":"2025-05-09T07:50:41","guid":{"rendered":"https:\/\/vosgesinfo.fr\/epinalinfo\/?p=131685"},"modified":"2025-05-09T09:43:40","modified_gmt":"2025-05-09T07:43:40","slug":"le-spinabad-revient-pour-sa-23e-edition-un-week-end-de-badminton-de-haut-niveau-a-epinal","status":"publish","type":"post","link":"https:\/\/vosgesinfo.fr\/epinalinfo\/2025\/05\/le-spinabad-revient-pour-sa-23e-edition-un-week-end-de-badminton-de-haut-niveau-a-epinal\/","title":{"rendered":"Le Spinabad revient pour sa 23e \u00e9dition : un week-end de badminton de haut niveau \u00e0 \u00c9pinal !"},"content":{"rendered":"<div id=\"attachment_131686\" style=\"width: 876px\" class=\"wp-caption aligncenter\"><a href=\"https:\/\/vosgesinfo.fr\/app\/uploads\/sites\/3\/2025\/05\/spinabad-epinal.jpg\"><img decoding=\"async\" aria-describedby=\"caption-attachment-131686\" class=\"size-full wp-image-131686\" src=\"https:\/\/vosgesinfo.fr\/app\/uploads\/sites\/3\/2025\/05\/spinabad-epinal.jpg\" alt=\"\" width=\"866\" height=\"441\" srcset=\"https:\/\/vosgesinfo.fr\/app\/uploads\/sites\/3\/2025\/05\/spinabad-epinal.jpg 866w, https:\/\/vosgesinfo.fr\/app\/uploads\/sites\/3\/2025\/05\/spinabad-epinal-300x153.jpg 300w, https:\/\/vosgesinfo.fr\/app\/uploads\/sites\/3\/2025\/05\/spinabad-epinal-768x391.jpg 768w\" sizes=\"(max-width: 866px) 100vw, 866px\" \/><\/a><p id=\"caption-attachment-131686\" class=\"wp-caption-text\">Photo Spinabad 2022, \u00a9Club de Badminton d&rsquo;Epinal<\/p><\/div>\n<h2 data-start=\"457\" data-end=\"910\"><strong>Les 21 et 22 juin 2025, le Spinabad, le plus grand tournoi de badminton des Vosges, revient pour une 23e \u00e9dition plac\u00e9e sous le signe de la passion, de la comp\u00e9tition et du fair-play. Organis\u00e9 par le Club de Badminton d\u2019\u00c9pinal (CBE), cet \u00e9v\u00e9nement devenu incontournable se d\u00e9roulera sur le plateau de la Justice, r\u00e9parti entre les installations du Tennis Club Spinalien et du gymnase Saint-Exup\u00e9ry, rue Charles Perrault \u00e0 \u00c9pinal.<\/strong><\/h2>\n<p class=\"\" data-start=\"912\" data-end=\"1287\">Pas moins de 320 joueurs, venus de tout le Grand Est, de la r\u00e9gion parisienne, de Bourgogne-Franche-Comt\u00e9 et d\u2019ailleurs, s\u2019affronteront sur les terrains tout au long du week-end. Tous les niveaux seront repr\u00e9sent\u00e9s, des d\u00e9butants non class\u00e9s (NC) jusqu\u2019aux comp\u00e9titeurs de niveau national (N1), garantissant un spectacle aussi vari\u00e9 qu\u2019enthousiasmant.<\/p>\n<h3 class=\"\" data-start=\"1289\" data-end=\"1331\">\ud83c\udff8 Un programme intense sur deux jours<\/h3>\n<p class=\"\" data-start=\"1333\" data-end=\"1371\">\ud83d\udd39 <strong data-start=\"1336\" data-end=\"1367\">Samedi 21 juin, de 8h \u00e0 21h<\/strong> :<\/p>\n<ul data-start=\"1372\" data-end=\"1520\">\n<li class=\"\" data-start=\"1372\" data-end=\"1418\">\n<p class=\"\" data-start=\"1374\" data-end=\"1418\">D\u00e9roulement int\u00e9gral des matchs <strong data-start=\"1406\" data-end=\"1416\">mixtes<\/strong><\/p>\n<\/li>\n<li class=\"\" data-start=\"1419\" data-end=\"1459\">\n<p class=\"\" data-start=\"1421\" data-end=\"1459\">Phases \u00e9liminatoires des <strong data-start=\"1446\" data-end=\"1457\">simples<\/strong><\/p>\n<\/li>\n<li class=\"\" data-start=\"1460\" data-end=\"1520\">\n<p class=\"\" data-start=\"1462\" data-end=\"1520\">Finales des <strong data-start=\"1474\" data-end=\"1495\">\u00ab\u00a0petits\u00a0\u00bb tableaux<\/strong> et des <strong data-start=\"1503\" data-end=\"1520\">simples dames<\/strong><\/p>\n<\/li>\n<\/ul>\n<p class=\"\" data-start=\"1522\" data-end=\"1562\">\ud83d\udd39 <strong data-start=\"1525\" data-end=\"1558\">Dimanche 22 juin, de 8h \u00e0 18h<\/strong> :<\/p>\n<ul data-start=\"1563\" data-end=\"1631\">\n<li class=\"\" data-start=\"1563\" data-end=\"1589\">\n<p class=\"\" data-start=\"1565\" data-end=\"1589\">Matches de <strong data-start=\"1576\" data-end=\"1587\">doubles<\/strong><\/p>\n<\/li>\n<li class=\"\" data-start=\"1590\" data-end=\"1631\">\n<p class=\"\" data-start=\"1592\" data-end=\"1631\">Demi-finales et finales des <strong data-start=\"1620\" data-end=\"1631\">simples<\/strong><\/p>\n<\/li>\n<\/ul>\n<p class=\"\" data-start=\"1633\" data-end=\"1784\">Au total, ce sont pr\u00e8s de 550 matchs qui seront disput\u00e9s, dans une ambiance chaleureuse et conviviale, rythm\u00e9e par la passion commune du badminton.<\/p>\n<h3 class=\"\" data-start=\"1786\" data-end=\"1828\">Un rendez-vous sportif et convivial<\/h3>\n<p class=\"\" data-start=\"1830\" data-end=\"2169\">Plus qu\u2019un simple tournoi, le Spinabad est une v\u00e9ritable f\u00eate du badminton, rassemblant joueurs, b\u00e9n\u00e9voles, familles et supporters dans un esprit de partage et de comp\u00e9tition saine. L&rsquo;\u00e9v\u00e9nement b\u00e9n\u00e9ficie du soutien de nombreux partenaires et de la mobilisation active des membres du CBE, qui font de ce tournoi un succ\u00e8s ann\u00e9e apr\u00e8s ann\u00e9e.<\/p>\n<p class=\"\" data-start=\"2171\" data-end=\"2312\">Que vous soyez joueur, amateur de badminton ou simple curieux, venez nombreux assister \u00e0 ce spectacle sportif unique au c\u0153ur des Vosges !<\/p>\n","protected":false},"excerpt":{"rendered":"<p>Les 21 et 22 juin 2025, le Spinabad, le plus grand tournoi de badminton des Vosges, revient pour une 23e [&hellip;]<\/p>\n","protected":false},"author":52,"featured_media":131686,"comment_status":"open","ping_status":"open","sticky":false,"template":"","format":"standard","meta":{"footnotes":""},"categories":[22,24,7],"tags":[16588,70,16587,218],"class_list":["post-131685","post","type-post","status-publish","format-standard","has-post-thumbnail","hentry","category-a-la-une","category-epinal","category-sport","tag-club-de-badminton-depinal","tag-epinal","tag-le-spinabad","tag-sport"],"acf":[],"yoast_head":"<!-- This site is optimized with the Yoast SEO plugin v22.5 - https:\/\/yoast.com\/wordpress\/plugins\/seo\/ -->\n<title>Le Spinabad revient pour sa 23e \u00e9dition : un week-end de badminton de haut niveau \u00e0 \u00c9pinal ! - Epinal Info<\/title>\n<meta name=\"robots\" content=\"index, follow, max-snippet:-1, max-image-preview:large, max-video-preview:-1\" \/>\n<link rel=\"canonical\" href=\"https:\/\/vosgesinfo.fr\/epinalinfo\/2025\/05\/le-spinabad-revient-pour-sa-23e-edition-un-week-end-de-badminton-de-haut-niveau-a-epinal\/\" \/>\n<meta name=\"twitter:card\" content=\"summary_large_image\" \/>\n<meta name=\"twitter:title\" content=\"Le Spinabad revient pour sa 23e \u00e9dition : un week-end de badminton de haut niveau \u00e0 \u00c9pinal ! - Epinal Info\" \/>\n<meta name=\"twitter:description\" content=\"Les 21 et 22 juin 2025, le Spinabad, le plus grand tournoi de badminton des Vosges, revient pour une 23e [&hellip;]\" \/>\n<meta name=\"twitter:image\" content=\"https:\/\/vosgesinfo.fr\/app\/uploads\/sites\/3\/2025\/05\/spinabad-epinal.jpg\" \/>\n<meta name=\"twitter:creator\" content=\"@VosgesInfo88\" \/>\n<meta name=\"twitter:site\" content=\"@VosgesInfo88\" \/>\n<meta name=\"twitter:label1\" content=\"\u00c9crit par\" \/>\n\t<meta name=\"twitter:data1\" content=\"C.K.\" \/>\n\t<meta name=\"twitter:label2\" content=\"Dur\u00e9e de lecture estim\u00e9e\" \/>\n\t<meta name=\"twitter:data2\" content=\"2 minutes\" \/>\n<script type=\"application\/ld+json\" class=\"yoast-schema-graph\">{\"@context\":\"https:\/\/schema.org\",\"@graph\":[{\"@type\":\"Article\",\"@id\":\"https:\/\/vosgesinfo.fr\/epinalinfo\/2025\/05\/le-spinabad-revient-pour-sa-23e-edition-un-week-end-de-badminton-de-haut-niveau-a-epinal\/#article\",\"isPartOf\":{\"@id\":\"https:\/\/vosgesinfo.fr\/epinalinfo\/2025\/05\/le-spinabad-revient-pour-sa-23e-edition-un-week-end-de-badminton-de-haut-niveau-a-epinal\/\"},\"author\":{\"name\":\"C.K.\",\"@id\":\"https:\/\/vosgesinfo.fr\/epinalinfo\/#\/schema\/person\/6f9a650eeea99d969b6c4ab78fccbe81\"},\"headline\":\"Le Spinabad revient pour sa 23e \u00e9dition : un week-end de badminton de haut niveau \u00e0 \u00c9pinal !\",\"datePublished\":\"2025-05-09T07:50:41+00:00\",\"dateModified\":\"2025-05-09T07:43:40+00:00\",\"mainEntityOfPage\":{\"@id\":\"https:\/\/vosgesinfo.fr\/epinalinfo\/2025\/05\/le-spinabad-revient-pour-sa-23e-edition-un-week-end-de-badminton-de-haut-niveau-a-epinal\/\"},\"wordCount\":325,\"commentCount\":0,\"publisher\":{\"@id\":\"https:\/\/vosgesinfo.fr\/epinalinfo\/#organization\"},\"image\":{\"@id\":\"https:\/\/vosgesinfo.fr\/epinalinfo\/2025\/05\/le-spinabad-revient-pour-sa-23e-edition-un-week-end-de-badminton-de-haut-niveau-a-epinal\/#primaryimage\"},\"thumbnailUrl\":\"https:\/\/vosgesinfo.fr\/app\/uploads\/sites\/3\/2025\/05\/spinabad-epinal.jpg\",\"keywords\":[\"Club de Badminton d\u2019\u00c9pinal\",\"Epinal\",\"Le Spinabad\",\"sport\"],\"articleSection\":[\"A la Une\",\"Epinal\",\"Sport\"],\"inLanguage\":\"fr-FR\",\"potentialAction\":[{\"@type\":\"CommentAction\",\"name\":\"Comment\",\"target\":[\"https:\/\/vosgesinfo.fr\/epinalinfo\/2025\/05\/le-spinabad-revient-pour-sa-23e-edition-un-week-end-de-badminton-de-haut-niveau-a-epinal\/#respond\"]}]},{\"@type\":\"WebPage\",\"@id\":\"https:\/\/vosgesinfo.fr\/epinalinfo\/2025\/05\/le-spinabad-revient-pour-sa-23e-edition-un-week-end-de-badminton-de-haut-niveau-a-epinal\/\",\"url\":\"https:\/\/vosgesinfo.fr\/epinalinfo\/2025\/05\/le-spinabad-revient-pour-sa-23e-edition-un-week-end-de-badminton-de-haut-niveau-a-epinal\/\",\"name\":\"Le Spinabad revient pour sa 23e \u00e9dition : un week-end de badminton de haut niveau \u00e0 \u00c9pinal ! - Epinal Info\",\"isPartOf\":{\"@id\":\"https:\/\/vosgesinfo.fr\/epinalinfo\/#website\"},\"primaryImageOfPage\":{\"@id\":\"https:\/\/vosgesinfo.fr\/epinalinfo\/2025\/05\/le-spinabad-revient-pour-sa-23e-edition-un-week-end-de-badminton-de-haut-niveau-a-epinal\/#primaryimage\"},\"image\":{\"@id\":\"https:\/\/vosgesinfo.fr\/epinalinfo\/2025\/05\/le-spinabad-revient-pour-sa-23e-edition-un-week-end-de-badminton-de-haut-niveau-a-epinal\/#primaryimage\"},\"thumbnailUrl\":\"https:\/\/vosgesinfo.fr\/app\/uploads\/sites\/3\/2025\/05\/spinabad-epinal.jpg\",\"datePublished\":\"2025-05-09T07:50:41+00:00\",\"dateModified\":\"2025-05-09T07:43:40+00:00\",\"breadcrumb\":{\"@id\":\"https:\/\/vosgesinfo.fr\/epinalinfo\/2025\/05\/le-spinabad-revient-pour-sa-23e-edition-un-week-end-de-badminton-de-haut-niveau-a-epinal\/#breadcrumb\"},\"inLanguage\":\"fr-FR\",\"potentialAction\":[{\"@type\":\"ReadAction\",\"target\":[\"https:\/\/vosgesinfo.fr\/epinalinfo\/2025\/05\/le-spinabad-revient-pour-sa-23e-edition-un-week-end-de-badminton-de-haut-niveau-a-epinal\/\"]}]},{\"@type\":\"ImageObject\",\"inLanguage\":\"fr-FR\",\"@id\":\"https:\/\/vosgesinfo.fr\/epinalinfo\/2025\/05\/le-spinabad-revient-pour-sa-23e-edition-un-week-end-de-badminton-de-haut-niveau-a-epinal\/#primaryimage\",\"url\":\"https:\/\/vosgesinfo.fr\/app\/uploads\/sites\/3\/2025\/05\/spinabad-epinal.jpg\",\"contentUrl\":\"https:\/\/vosgesinfo.fr\/app\/uploads\/sites\/3\/2025\/05\/spinabad-epinal.jpg\",\"width\":866,\"height\":441,\"caption\":\"Photo Spinabad 2022, \u00a9Club de Badminton d'Epinal\"},{\"@type\":\"BreadcrumbList\",\"@id\":\"https:\/\/vosgesinfo.fr\/epinalinfo\/2025\/05\/le-spinabad-revient-pour-sa-23e-edition-un-week-end-de-badminton-de-haut-niveau-a-epinal\/#breadcrumb\",\"itemListElement\":[{\"@type\":\"ListItem\",\"position\":1,\"name\":\"Home\",\"item\":\"https:\/\/vosgesinfo.fr\/epinalinfo\/\"},{\"@type\":\"ListItem\",\"position\":2,\"name\":\"Le Spinabad revient pour sa 23e \u00e9dition : un week-end de badminton de haut niveau \u00e0 \u00c9pinal !\"}]},{\"@type\":\"WebSite\",\"@id\":\"https:\/\/vosgesinfo.fr\/epinalinfo\/#website\",\"url\":\"https:\/\/vosgesinfo.fr\/epinalinfo\/\",\"name\":\"Epinal Info\",\"description\":\"Toute l&#039;actualit\u00e9 d&#039;\u00c9pinal\",\"publisher\":{\"@id\":\"https:\/\/vosgesinfo.fr\/epinalinfo\/#organization\"},\"alternateName\":\"Toute l'actualit\u00e9 d'\u00c9pinal\",\"potentialAction\":[{\"@type\":\"SearchAction\",\"target\":{\"@type\":\"EntryPoint\",\"urlTemplate\":\"https:\/\/vosgesinfo.fr\/epinalinfo\/?s={search_term_string}\"},\"query-input\":\"required name=search_term_string\"}],\"inLanguage\":\"fr-FR\"},{\"@type\":\"Organization\",\"@id\":\"https:\/\/vosgesinfo.fr\/epinalinfo\/#organization\",\"name\":\"Epinal Info\",\"url\":\"https:\/\/vosgesinfo.fr\/epinalinfo\/\",\"logo\":{\"@type\":\"ImageObject\",\"inLanguage\":\"fr-FR\",\"@id\":\"https:\/\/vosgesinfo.fr\/epinalinfo\/#\/schema\/logo\/image\/\",\"url\":\"https:\/\/vosgesinfo.fr\/app\/uploads\/sites\/3\/2023\/08\/logo-epinalinfos.svg\",\"contentUrl\":\"https:\/\/vosgesinfo.fr\/app\/uploads\/sites\/3\/2023\/08\/logo-epinalinfos.svg\",\"width\":1,\"height\":1,\"caption\":\"Epinal Info\"},\"image\":{\"@id\":\"https:\/\/vosgesinfo.fr\/epinalinfo\/#\/schema\/logo\/image\/\"},\"sameAs\":[\"https:\/\/www.facebook.com\/Epinalinfos\",\"https:\/\/x.com\/VosgesInfo88\",\"https:\/\/www.youtube.com\/@vosgesinfo\"]},{\"@type\":\"Person\",\"@id\":\"https:\/\/vosgesinfo.fr\/epinalinfo\/#\/schema\/person\/6f9a650eeea99d969b6c4ab78fccbe81\",\"name\":\"C.K.\",\"image\":{\"@type\":\"ImageObject\",\"inLanguage\":\"fr-FR\",\"@id\":\"https:\/\/vosgesinfo.fr\/epinalinfo\/#\/schema\/person\/image\/\",\"url\":\"https:\/\/secure.gravatar.com\/avatar\/48e3fc7f8421ba8942be6b74a2b7f014ca39bc00dece156b7a8e098ae7dc87bf?s=96&d=mm&r=g\",\"contentUrl\":\"https:\/\/secure.gravatar.com\/avatar\/48e3fc7f8421ba8942be6b74a2b7f014ca39bc00dece156b7a8e098ae7dc87bf?s=96&d=mm&r=g\",\"caption\":\"C.K.\"},\"url\":\"https:\/\/vosgesinfo.fr\/epinalinfo\/author\/celia-k-n\/\"}]}<\/script>\n<!-- \/ Yoast SEO plugin. -->","yoast_head_json":{"title":"Le Spinabad revient pour sa 23e \u00e9dition : un week-end de badminton de haut niveau \u00e0 \u00c9pinal ! - Epinal Info","robots":{"index":"index","follow":"follow","max-snippet":"max-snippet:-1","max-image-preview":"max-image-preview:large","max-video-preview":"max-video-preview:-1"},"canonical":"https:\/\/vosgesinfo.fr\/epinalinfo\/2025\/05\/le-spinabad-revient-pour-sa-23e-edition-un-week-end-de-badminton-de-haut-niveau-a-epinal\/","twitter_card":"summary_large_image","twitter_title":"Le Spinabad revient pour sa 23e \u00e9dition : un week-end de badminton de haut niveau \u00e0 \u00c9pinal ! - Epinal Info","twitter_description":"Les 21 et 22 juin 2025, le Spinabad, le plus grand tournoi de badminton des Vosges, revient pour une 23e [&hellip;]","twitter_image":"https:\/\/vosgesinfo.fr\/app\/uploads\/sites\/3\/2025\/05\/spinabad-epinal.jpg","twitter_creator":"@VosgesInfo88","twitter_site":"@VosgesInfo88","twitter_misc":{"\u00c9crit par":"C.K.","Dur\u00e9e de lecture estim\u00e9e":"2 minutes"},"schema":{"@context":"https:\/\/schema.org","@graph":[{"@type":"Article","@id":"https:\/\/vosgesinfo.fr\/epinalinfo\/2025\/05\/le-spinabad-revient-pour-sa-23e-edition-un-week-end-de-badminton-de-haut-niveau-a-epinal\/#article","isPartOf":{"@id":"https:\/\/vosgesinfo.fr\/epinalinfo\/2025\/05\/le-spinabad-revient-pour-sa-23e-edition-un-week-end-de-badminton-de-haut-niveau-a-epinal\/"},"author":{"name":"C.K.","@id":"https:\/\/vosgesinfo.fr\/epinalinfo\/#\/schema\/person\/6f9a650eeea99d969b6c4ab78fccbe81"},"headline":"Le Spinabad revient pour sa 23e \u00e9dition : un week-end de badminton de haut niveau \u00e0 \u00c9pinal !","datePublished":"2025-05-09T07:50:41+00:00","dateModified":"2025-05-09T07:43:40+00:00","mainEntityOfPage":{"@id":"https:\/\/vosgesinfo.fr\/epinalinfo\/2025\/05\/le-spinabad-revient-pour-sa-23e-edition-un-week-end-de-badminton-de-haut-niveau-a-epinal\/"},"wordCount":325,"commentCount":0,"publisher":{"@id":"https:\/\/vosgesinfo.fr\/epinalinfo\/#organization"},"image":{"@id":"https:\/\/vosgesinfo.fr\/epinalinfo\/2025\/05\/le-spinabad-revient-pour-sa-23e-edition-un-week-end-de-badminton-de-haut-niveau-a-epinal\/#primaryimage"},"thumbnailUrl":"https:\/\/vosgesinfo.fr\/app\/uploads\/sites\/3\/2025\/05\/spinabad-epinal.jpg","keywords":["Club de Badminton d\u2019\u00c9pinal","Epinal","Le Spinabad","sport"],"articleSection":["A la Une","Epinal","Sport"],"inLanguage":"fr-FR","potentialAction":[{"@type":"CommentAction","name":"Comment","target":["https:\/\/vosgesinfo.fr\/epinalinfo\/2025\/05\/le-spinabad-revient-pour-sa-23e-edition-un-week-end-de-badminton-de-haut-niveau-a-epinal\/#respond"]}]},{"@type":"WebPage","@id":"https:\/\/vosgesinfo.fr\/epinalinfo\/2025\/05\/le-spinabad-revient-pour-sa-23e-edition-un-week-end-de-badminton-de-haut-niveau-a-epinal\/","url":"https:\/\/vosgesinfo.fr\/epinalinfo\/2025\/05\/le-spinabad-revient-pour-sa-23e-edition-un-week-end-de-badminton-de-haut-niveau-a-epinal\/","name":"Le Spinabad revient pour sa 23e \u00e9dition : un week-end de badminton de haut niveau \u00e0 \u00c9pinal ! - Epinal Info","isPartOf":{"@id":"https:\/\/vosgesinfo.fr\/epinalinfo\/#website"},"primaryImageOfPage":{"@id":"https:\/\/vosgesinfo.fr\/epinalinfo\/2025\/05\/le-spinabad-revient-pour-sa-23e-edition-un-week-end-de-badminton-de-haut-niveau-a-epinal\/#primaryimage"},"image":{"@id":"https:\/\/vosgesinfo.fr\/epinalinfo\/2025\/05\/le-spinabad-revient-pour-sa-23e-edition-un-week-end-de-badminton-de-haut-niveau-a-epinal\/#primaryimage"},"thumbnailUrl":"https:\/\/vosgesinfo.fr\/app\/uploads\/sites\/3\/2025\/05\/spinabad-epinal.jpg","datePublished":"2025-05-09T07:50:41+00:00","dateModified":"2025-05-09T07:43:40+00:00","breadcrumb":{"@id":"https:\/\/vosgesinfo.fr\/epinalinfo\/2025\/05\/le-spinabad-revient-pour-sa-23e-edition-un-week-end-de-badminton-de-haut-niveau-a-epinal\/#breadcrumb"},"inLanguage":"fr-FR","potentialAction":[{"@type":"ReadAction","target":["https:\/\/vosgesinfo.fr\/epinalinfo\/2025\/05\/le-spinabad-revient-pour-sa-23e-edition-un-week-end-de-badminton-de-haut-niveau-a-epinal\/"]}]},{"@type":"ImageObject","inLanguage":"fr-FR","@id":"https:\/\/vosgesinfo.fr\/epinalinfo\/2025\/05\/le-spinabad-revient-pour-sa-23e-edition-un-week-end-de-badminton-de-haut-niveau-a-epinal\/#primaryimage","url":"https:\/\/vosgesinfo.fr\/app\/uploads\/sites\/3\/2025\/05\/spinabad-epinal.jpg","contentUrl":"https:\/\/vosgesinfo.fr\/app\/uploads\/sites\/3\/2025\/05\/spinabad-epinal.jpg","width":866,"height":441,"caption":"Photo Spinabad 2022, \u00a9Club de Badminton d'Epinal"},{"@type":"BreadcrumbList","@id":"https:\/\/vosgesinfo.fr\/epinalinfo\/2025\/05\/le-spinabad-revient-pour-sa-23e-edition-un-week-end-de-badminton-de-haut-niveau-a-epinal\/#breadcrumb","itemListElement":[{"@type":"ListItem","position":1,"name":"Home","item":"https:\/\/vosgesinfo.fr\/epinalinfo\/"},{"@type":"ListItem","position":2,"name":"Le Spinabad revient pour sa 23e \u00e9dition : un week-end de badminton de haut niveau \u00e0 \u00c9pinal !"}]},{"@type":"WebSite","@id":"https:\/\/vosgesinfo.fr\/epinalinfo\/#website","url":"https:\/\/vosgesinfo.fr\/epinalinfo\/","name":"Epinal Info","description":"Toute l&#039;actualit\u00e9 d&#039;\u00c9pinal","publisher":{"@id":"https:\/\/vosgesinfo.fr\/epinalinfo\/#organization"},"alternateName":"Toute l'actualit\u00e9 d'\u00c9pinal","potentialAction":[{"@type":"SearchAction","target":{"@type":"EntryPoint","urlTemplate":"https:\/\/vosgesinfo.fr\/epinalinfo\/?s={search_term_string}"},"query-input":"required name=search_term_string"}],"inLanguage":"fr-FR"},{"@type":"Organization","@id":"https:\/\/vosgesinfo.fr\/epinalinfo\/#organization","name":"Epinal Info","url":"https:\/\/vosgesinfo.fr\/epinalinfo\/","logo":{"@type":"ImageObject","inLanguage":"fr-FR","@id":"https:\/\/vosgesinfo.fr\/epinalinfo\/#\/schema\/logo\/image\/","url":"https:\/\/vosgesinfo.fr\/app\/uploads\/sites\/3\/2023\/08\/logo-epinalinfos.svg","contentUrl":"https:\/\/vosgesinfo.fr\/app\/uploads\/sites\/3\/2023\/08\/logo-epinalinfos.svg","width":1,"height":1,"caption":"Epinal Info"},"image":{"@id":"https:\/\/vosgesinfo.fr\/epinalinfo\/#\/schema\/logo\/image\/"},"sameAs":["https:\/\/www.facebook.com\/Epinalinfos","https:\/\/x.com\/VosgesInfo88","https:\/\/www.youtube.com\/@vosgesinfo"]},{"@type":"Person","@id":"https:\/\/vosgesinfo.fr\/epinalinfo\/#\/schema\/person\/6f9a650eeea99d969b6c4ab78fccbe81","name":"C.K.","image":{"@type":"ImageObject","inLanguage":"fr-FR","@id":"https:\/\/vosgesinfo.fr\/epinalinfo\/#\/schema\/person\/image\/","url":"https:\/\/secure.gravatar.com\/avatar\/48e3fc7f8421ba8942be6b74a2b7f014ca39bc00dece156b7a8e098ae7dc87bf?s=96&d=mm&r=g","contentUrl":"https:\/\/secure.gravatar.com\/avatar\/48e3fc7f8421ba8942be6b74a2b7f014ca39bc00dece156b7a8e098ae7dc87bf?s=96&d=mm&r=g","caption":"C.K."},"url":"https:\/\/vosgesinfo.fr\/epinalinfo\/author\/celia-k-n\/"}]}},"_links":{"self":[{"href":"https:\/\/vosgesinfo.fr\/epinalinfo\/wp-json\/wp\/v2\/posts\/131685","targetHints":{"allow":["GET"]}}],"collection":[{"href":"https:\/\/vosgesinfo.fr\/epinalinfo\/wp-json\/wp\/v2\/posts"}],"about":[{"href":"https:\/\/vosgesinfo.fr\/epinalinfo\/wp-json\/wp\/v2\/types\/post"}],"author":[{"embeddable":true,"href":"https:\/\/vosgesinfo.fr\/epinalinfo\/wp-json\/wp\/v2\/users\/52"}],"replies":[{"embeddable":true,"href":"https:\/\/vosgesinfo.fr\/epinalinfo\/wp-json\/wp\/v2\/comments?post=131685"}],"version-history":[{"count":1,"href":"https:\/\/vosgesinfo.fr\/epinalinfo\/wp-json\/wp\/v2\/posts\/131685\/revisions"}],"predecessor-version":[{"id":131687,"href":"https:\/\/vosgesinfo.fr\/epinalinfo\/wp-json\/wp\/v2\/posts\/131685\/revisions\/131687"}],"wp:featuredmedia":[{"embeddable":true,"href":"https:\/\/vosgesinfo.fr\/epinalinfo\/wp-json\/wp\/v2\/media\/131686"}],"wp:attachment":[{"href":"https:\/\/vosgesinfo.fr\/epinalinfo\/wp-json\/wp\/v2\/media?parent=131685"}],"wp:term":[{"taxonomy":"category","embeddable":true,"href":"https:\/\/vosgesinfo.fr\/epinalinfo\/wp-json\/wp\/v2\/categories?post=131685"},{"taxonomy":"post_tag","embeddable":true,"href":"https:\/\/vosgesinfo.fr\/epinalinfo\/wp-json\/wp\/v2\/tags?post=131685"}],"curies":[{"name":"wp","href":"https:\/\/api.w.org\/{rel}","templated":true}]}}