{"id":131688,"date":"2025-05-09T12:20:12","date_gmt":"2025-05-09T10:20:12","guid":{"rendered":"https:\/\/vosgesinfo.fr\/epinalinfo\/?p=131688"},"modified":"2025-05-09T12:07:54","modified_gmt":"2025-05-09T10:07:54","slug":"les-enfants-du-roc-brillent-sur-les-murs-de-la-competition-nationale","status":"publish","type":"post","link":"https:\/\/vosgesinfo.fr\/epinalinfo\/2025\/05\/les-enfants-du-roc-brillent-sur-les-murs-de-la-competition-nationale\/","title":{"rendered":"Les Enfants du Roc brillent sur les murs de la comp\u00e9tition nationale !"},"content":{"rendered":"<h2 data-start=\"499\" data-end=\"833\"><strong><a href=\"https:\/\/vosgesinfo.fr\/app\/uploads\/sites\/3\/2025\/05\/sans-titre-5.jpg\"><img decoding=\"async\" class=\"aligncenter size-full wp-image-131689\" src=\"https:\/\/vosgesinfo.fr\/app\/uploads\/sites\/3\/2025\/05\/sans-titre-5.jpg\" alt=\"\" width=\"560\" height=\"417\" srcset=\"https:\/\/vosgesinfo.fr\/app\/uploads\/sites\/3\/2025\/05\/sans-titre-5.jpg 560w, https:\/\/vosgesinfo.fr\/app\/uploads\/sites\/3\/2025\/05\/sans-titre-5-300x223.jpg 300w\" sizes=\"(max-width: 560px) 100vw, 560px\" \/><\/a>Le club Les Enfants du Roc continue de faire parler de lui sur la sc\u00e8ne de l\u2019escalade fran\u00e7aise. Ce week-end, cinq repr\u00e9sentants du club \u00e9taient qualifi\u00e9s pour les demi-finales du Championnat de France de difficult\u00e9 \u00e0 Troyes. Une belle performance collective qui d\u00e9montre le travail et la passion partag\u00e9s au sein du club.<\/strong><\/h2>\n<p class=\"\" data-start=\"835\" data-end=\"1265\">Mais la performance individuelle \u00e0 retenir est celle de Tom Fran\u00e7ois, en cat\u00e9gorie U20, qui a su se d\u00e9marquer parmi 71 comp\u00e9titeurs en terminant 11e. Gr\u00e2ce \u00e0 ce r\u00e9sultat remarquable, Tom d\u00e9croche son ticket pour la grande finale du championnat de France qui se d\u00e9roulera \u00e0 Saint-\u00c9tienne les 17 et 18 mai prochains. Une premi\u00e8re finale nationale pour lui \u00e0 ce niveau, et tout le club est d\u00e9j\u00e0 derri\u00e8re lui !<\/p>\n<p class=\"\" data-start=\"1267\" data-end=\"1899\">De leur c\u00f4t\u00e9, les plus jeunes n\u2019ont pas d\u00e9m\u00e9rit\u00e9. Neuf jeunes comp\u00e9titeurs ont particip\u00e9 ce dimanche au championnat r\u00e9gional Grand Est \u00e0 Bischwiller, affrontant les meilleurs de la r\u00e9gion. L\u00e0 encore, une performance exceptionnelle ressort : Lily-Rose Andreux, en U12, se qualifie pour le Championnat de France du combin\u00e9 U12\/U14, qui se tiendra \u00e0 Thionville les 31 mai et 1er juin. Sa 2e place, alors qu\u2019elle n\u2019est encore que 1re ann\u00e9e, force l\u2019admiration. Elle devient ainsi la premi\u00e8re grimpeuse du club \u00e0 acc\u00e9der \u00e0 un championnat de France du combin\u00e9 depuis la cr\u00e9ation des Enfants du Roc.<\/p>\n<p class=\"\" data-start=\"1901\" data-end=\"2069\">Deux qualifications historiques pour le club, deux jeunes talents \u00e0 suivre de pr\u00e8s, et une belle \u00e9nergie collective qui augure un avenir radieux pour l&rsquo;escalade locale.<\/p>\n<p data-start=\"1901\" data-end=\"2069\"><a href=\"https:\/\/vosgesinfo.fr\/app\/uploads\/sites\/3\/2025\/05\/sans-titre.2jpg.jpg\"><img decoding=\"async\" class=\"aligncenter size-full wp-image-131690\" src=\"https:\/\/vosgesinfo.fr\/app\/uploads\/sites\/3\/2025\/05\/sans-titre.2jpg.jpg\" alt=\"\" width=\"281\" height=\"634\" srcset=\"https:\/\/vosgesinfo.fr\/app\/uploads\/sites\/3\/2025\/05\/sans-titre.2jpg.jpg 281w, https:\/\/vosgesinfo.fr\/app\/uploads\/sites\/3\/2025\/05\/sans-titre.2jpg-133x300.jpg 133w\" sizes=\"(max-width: 281px) 100vw, 281px\" \/><\/a><\/p>\n","protected":false},"excerpt":{"rendered":"<p>Le club Les Enfants du Roc continue de faire parler de lui sur la sc\u00e8ne de l\u2019escalade fran\u00e7aise. Ce week-end, [&hellip;]<\/p>\n","protected":false},"author":52,"featured_media":131689,"comment_status":"open","ping_status":"open","sticky":false,"template":"","format":"standard","meta":{"footnotes":""},"categories":[22,24,7,5],"tags":[70,688,16589,218,75],"class_list":["post-131688","post","type-post","status-publish","format-standard","has-post-thumbnail","hentry","category-a-la-une","category-epinal","category-sport","category-vosges","tag-epinal","tag-escalade","tag-les-enfants-du-roc","tag-sport","tag-vosges"],"acf":[],"yoast_head":"<!-- This site is optimized with the Yoast SEO plugin v22.5 - https:\/\/yoast.com\/wordpress\/plugins\/seo\/ -->\n<title>Les Enfants du Roc brillent sur les murs de la comp\u00e9tition nationale ! - Epinal Info<\/title>\n<meta name=\"robots\" content=\"index, follow, max-snippet:-1, max-image-preview:large, max-video-preview:-1\" \/>\n<link rel=\"canonical\" href=\"https:\/\/vosgesinfo.fr\/epinalinfo\/2025\/05\/les-enfants-du-roc-brillent-sur-les-murs-de-la-competition-nationale\/\" \/>\n<meta name=\"twitter:card\" content=\"summary_large_image\" \/>\n<meta name=\"twitter:title\" content=\"Les Enfants du Roc brillent sur les murs de la comp\u00e9tition nationale ! - Epinal Info\" \/>\n<meta name=\"twitter:description\" content=\"Le club Les Enfants du Roc continue de faire parler de lui sur la sc\u00e8ne de l\u2019escalade fran\u00e7aise. Ce week-end, [&hellip;]\" \/>\n<meta name=\"twitter:image\" content=\"https:\/\/vosgesinfo.fr\/app\/uploads\/sites\/3\/2025\/05\/sans-titre-5.jpg\" \/>\n<meta name=\"twitter:creator\" content=\"@VosgesInfo88\" \/>\n<meta name=\"twitter:site\" content=\"@VosgesInfo88\" \/>\n<meta name=\"twitter:label1\" content=\"\u00c9crit par\" \/>\n\t<meta name=\"twitter:data1\" content=\"C.K.\" \/>\n\t<meta name=\"twitter:label2\" content=\"Dur\u00e9e de lecture estim\u00e9e\" \/>\n\t<meta name=\"twitter:data2\" content=\"1 minute\" \/>\n<script type=\"application\/ld+json\" class=\"yoast-schema-graph\">{\"@context\":\"https:\/\/schema.org\",\"@graph\":[{\"@type\":\"Article\",\"@id\":\"https:\/\/vosgesinfo.fr\/epinalinfo\/2025\/05\/les-enfants-du-roc-brillent-sur-les-murs-de-la-competition-nationale\/#article\",\"isPartOf\":{\"@id\":\"https:\/\/vosgesinfo.fr\/epinalinfo\/2025\/05\/les-enfants-du-roc-brillent-sur-les-murs-de-la-competition-nationale\/\"},\"author\":{\"name\":\"C.K.\",\"@id\":\"https:\/\/vosgesinfo.fr\/epinalinfo\/#\/schema\/person\/6f9a650eeea99d969b6c4ab78fccbe81\"},\"headline\":\"Les Enfants du Roc brillent sur les murs de la comp\u00e9tition nationale !\",\"datePublished\":\"2025-05-09T10:20:12+00:00\",\"dateModified\":\"2025-05-09T10:07:54+00:00\",\"mainEntityOfPage\":{\"@id\":\"https:\/\/vosgesinfo.fr\/epinalinfo\/2025\/05\/les-enfants-du-roc-brillent-sur-les-murs-de-la-competition-nationale\/\"},\"wordCount\":280,\"commentCount\":0,\"publisher\":{\"@id\":\"https:\/\/vosgesinfo.fr\/epinalinfo\/#organization\"},\"image\":{\"@id\":\"https:\/\/vosgesinfo.fr\/epinalinfo\/2025\/05\/les-enfants-du-roc-brillent-sur-les-murs-de-la-competition-nationale\/#primaryimage\"},\"thumbnailUrl\":\"https:\/\/vosgesinfo.fr\/app\/uploads\/sites\/3\/2025\/05\/sans-titre-5.jpg\",\"keywords\":[\"Epinal\",\"escalade\",\"Les Enfants du Roc\",\"sport\",\"vosges\"],\"articleSection\":[\"A la Une\",\"Epinal\",\"Sport\",\"Vosges\"],\"inLanguage\":\"fr-FR\",\"potentialAction\":[{\"@type\":\"CommentAction\",\"name\":\"Comment\",\"target\":[\"https:\/\/vosgesinfo.fr\/epinalinfo\/2025\/05\/les-enfants-du-roc-brillent-sur-les-murs-de-la-competition-nationale\/#respond\"]}]},{\"@type\":\"WebPage\",\"@id\":\"https:\/\/vosgesinfo.fr\/epinalinfo\/2025\/05\/les-enfants-du-roc-brillent-sur-les-murs-de-la-competition-nationale\/\",\"url\":\"https:\/\/vosgesinfo.fr\/epinalinfo\/2025\/05\/les-enfants-du-roc-brillent-sur-les-murs-de-la-competition-nationale\/\",\"name\":\"Les Enfants du Roc brillent sur les murs de la comp\u00e9tition nationale ! - Epinal Info\",\"isPartOf\":{\"@id\":\"https:\/\/vosgesinfo.fr\/epinalinfo\/#website\"},\"primaryImageOfPage\":{\"@id\":\"https:\/\/vosgesinfo.fr\/epinalinfo\/2025\/05\/les-enfants-du-roc-brillent-sur-les-murs-de-la-competition-nationale\/#primaryimage\"},\"image\":{\"@id\":\"https:\/\/vosgesinfo.fr\/epinalinfo\/2025\/05\/les-enfants-du-roc-brillent-sur-les-murs-de-la-competition-nationale\/#primaryimage\"},\"thumbnailUrl\":\"https:\/\/vosgesinfo.fr\/app\/uploads\/sites\/3\/2025\/05\/sans-titre-5.jpg\",\"datePublished\":\"2025-05-09T10:20:12+00:00\",\"dateModified\":\"2025-05-09T10:07:54+00:00\",\"breadcrumb\":{\"@id\":\"https:\/\/vosgesinfo.fr\/epinalinfo\/2025\/05\/les-enfants-du-roc-brillent-sur-les-murs-de-la-competition-nationale\/#breadcrumb\"},\"inLanguage\":\"fr-FR\",\"potentialAction\":[{\"@type\":\"ReadAction\",\"target\":[\"https:\/\/vosgesinfo.fr\/epinalinfo\/2025\/05\/les-enfants-du-roc-brillent-sur-les-murs-de-la-competition-nationale\/\"]}]},{\"@type\":\"ImageObject\",\"inLanguage\":\"fr-FR\",\"@id\":\"https:\/\/vosgesinfo.fr\/epinalinfo\/2025\/05\/les-enfants-du-roc-brillent-sur-les-murs-de-la-competition-nationale\/#primaryimage\",\"url\":\"https:\/\/vosgesinfo.fr\/app\/uploads\/sites\/3\/2025\/05\/sans-titre-5.jpg\",\"contentUrl\":\"https:\/\/vosgesinfo.fr\/app\/uploads\/sites\/3\/2025\/05\/sans-titre-5.jpg\",\"width\":560,\"height\":417},{\"@type\":\"BreadcrumbList\",\"@id\":\"https:\/\/vosgesinfo.fr\/epinalinfo\/2025\/05\/les-enfants-du-roc-brillent-sur-les-murs-de-la-competition-nationale\/#breadcrumb\",\"itemListElement\":[{\"@type\":\"ListItem\",\"position\":1,\"name\":\"Home\",\"item\":\"https:\/\/vosgesinfo.fr\/epinalinfo\/\"},{\"@type\":\"ListItem\",\"position\":2,\"name\":\"Les Enfants du Roc brillent sur les murs de la comp\u00e9tition nationale !\"}]},{\"@type\":\"WebSite\",\"@id\":\"https:\/\/vosgesinfo.fr\/epinalinfo\/#website\",\"url\":\"https:\/\/vosgesinfo.fr\/epinalinfo\/\",\"name\":\"Epinal Info\",\"description\":\"Toute l&#039;actualit\u00e9 d&#039;\u00c9pinal\",\"publisher\":{\"@id\":\"https:\/\/vosgesinfo.fr\/epinalinfo\/#organization\"},\"alternateName\":\"Toute l'actualit\u00e9 d'\u00c9pinal\",\"potentialAction\":[{\"@type\":\"SearchAction\",\"target\":{\"@type\":\"EntryPoint\",\"urlTemplate\":\"https:\/\/vosgesinfo.fr\/epinalinfo\/?s={search_term_string}\"},\"query-input\":\"required name=search_term_string\"}],\"inLanguage\":\"fr-FR\"},{\"@type\":\"Organization\",\"@id\":\"https:\/\/vosgesinfo.fr\/epinalinfo\/#organization\",\"name\":\"Epinal Info\",\"url\":\"https:\/\/vosgesinfo.fr\/epinalinfo\/\",\"logo\":{\"@type\":\"ImageObject\",\"inLanguage\":\"fr-FR\",\"@id\":\"https:\/\/vosgesinfo.fr\/epinalinfo\/#\/schema\/logo\/image\/\",\"url\":\"https:\/\/vosgesinfo.fr\/app\/uploads\/sites\/3\/2023\/08\/logo-epinalinfos.svg\",\"contentUrl\":\"https:\/\/vosgesinfo.fr\/app\/uploads\/sites\/3\/2023\/08\/logo-epinalinfos.svg\",\"width\":1,\"height\":1,\"caption\":\"Epinal Info\"},\"image\":{\"@id\":\"https:\/\/vosgesinfo.fr\/epinalinfo\/#\/schema\/logo\/image\/\"},\"sameAs\":[\"https:\/\/www.facebook.com\/Epinalinfos\",\"https:\/\/x.com\/VosgesInfo88\",\"https:\/\/www.youtube.com\/@vosgesinfo\"]},{\"@type\":\"Person\",\"@id\":\"https:\/\/vosgesinfo.fr\/epinalinfo\/#\/schema\/person\/6f9a650eeea99d969b6c4ab78fccbe81\",\"name\":\"C.K.\",\"image\":{\"@type\":\"ImageObject\",\"inLanguage\":\"fr-FR\",\"@id\":\"https:\/\/vosgesinfo.fr\/epinalinfo\/#\/schema\/person\/image\/\",\"url\":\"https:\/\/secure.gravatar.com\/avatar\/48e3fc7f8421ba8942be6b74a2b7f014ca39bc00dece156b7a8e098ae7dc87bf?s=96&d=mm&r=g\",\"contentUrl\":\"https:\/\/secure.gravatar.com\/avatar\/48e3fc7f8421ba8942be6b74a2b7f014ca39bc00dece156b7a8e098ae7dc87bf?s=96&d=mm&r=g\",\"caption\":\"C.K.\"},\"url\":\"https:\/\/vosgesinfo.fr\/epinalinfo\/author\/celia-k-n\/\"}]}<\/script>\n<!-- \/ Yoast SEO plugin. -->","yoast_head_json":{"title":"Les Enfants du Roc brillent sur les murs de la comp\u00e9tition nationale ! - Epinal Info","robots":{"index":"index","follow":"follow","max-snippet":"max-snippet:-1","max-image-preview":"max-image-preview:large","max-video-preview":"max-video-preview:-1"},"canonical":"https:\/\/vosgesinfo.fr\/epinalinfo\/2025\/05\/les-enfants-du-roc-brillent-sur-les-murs-de-la-competition-nationale\/","twitter_card":"summary_large_image","twitter_title":"Les Enfants du Roc brillent sur les murs de la comp\u00e9tition nationale ! - Epinal Info","twitter_description":"Le club Les Enfants du Roc continue de faire parler de lui sur la sc\u00e8ne de l\u2019escalade fran\u00e7aise. Ce week-end, [&hellip;]","twitter_image":"https:\/\/vosgesinfo.fr\/app\/uploads\/sites\/3\/2025\/05\/sans-titre-5.jpg","twitter_creator":"@VosgesInfo88","twitter_site":"@VosgesInfo88","twitter_misc":{"\u00c9crit par":"C.K.","Dur\u00e9e de lecture estim\u00e9e":"1 minute"},"schema":{"@context":"https:\/\/schema.org","@graph":[{"@type":"Article","@id":"https:\/\/vosgesinfo.fr\/epinalinfo\/2025\/05\/les-enfants-du-roc-brillent-sur-les-murs-de-la-competition-nationale\/#article","isPartOf":{"@id":"https:\/\/vosgesinfo.fr\/epinalinfo\/2025\/05\/les-enfants-du-roc-brillent-sur-les-murs-de-la-competition-nationale\/"},"author":{"name":"C.K.","@id":"https:\/\/vosgesinfo.fr\/epinalinfo\/#\/schema\/person\/6f9a650eeea99d969b6c4ab78fccbe81"},"headline":"Les Enfants du Roc brillent sur les murs de la comp\u00e9tition nationale !","datePublished":"2025-05-09T10:20:12+00:00","dateModified":"2025-05-09T10:07:54+00:00","mainEntityOfPage":{"@id":"https:\/\/vosgesinfo.fr\/epinalinfo\/2025\/05\/les-enfants-du-roc-brillent-sur-les-murs-de-la-competition-nationale\/"},"wordCount":280,"commentCount":0,"publisher":{"@id":"https:\/\/vosgesinfo.fr\/epinalinfo\/#organization"},"image":{"@id":"https:\/\/vosgesinfo.fr\/epinalinfo\/2025\/05\/les-enfants-du-roc-brillent-sur-les-murs-de-la-competition-nationale\/#primaryimage"},"thumbnailUrl":"https:\/\/vosgesinfo.fr\/app\/uploads\/sites\/3\/2025\/05\/sans-titre-5.jpg","keywords":["Epinal","escalade","Les Enfants du Roc","sport","vosges"],"articleSection":["A la Une","Epinal","Sport","Vosges"],"inLanguage":"fr-FR","potentialAction":[{"@type":"CommentAction","name":"Comment","target":["https:\/\/vosgesinfo.fr\/epinalinfo\/2025\/05\/les-enfants-du-roc-brillent-sur-les-murs-de-la-competition-nationale\/#respond"]}]},{"@type":"WebPage","@id":"https:\/\/vosgesinfo.fr\/epinalinfo\/2025\/05\/les-enfants-du-roc-brillent-sur-les-murs-de-la-competition-nationale\/","url":"https:\/\/vosgesinfo.fr\/epinalinfo\/2025\/05\/les-enfants-du-roc-brillent-sur-les-murs-de-la-competition-nationale\/","name":"Les Enfants du Roc brillent sur les murs de la comp\u00e9tition nationale ! - Epinal Info","isPartOf":{"@id":"https:\/\/vosgesinfo.fr\/epinalinfo\/#website"},"primaryImageOfPage":{"@id":"https:\/\/vosgesinfo.fr\/epinalinfo\/2025\/05\/les-enfants-du-roc-brillent-sur-les-murs-de-la-competition-nationale\/#primaryimage"},"image":{"@id":"https:\/\/vosgesinfo.fr\/epinalinfo\/2025\/05\/les-enfants-du-roc-brillent-sur-les-murs-de-la-competition-nationale\/#primaryimage"},"thumbnailUrl":"https:\/\/vosgesinfo.fr\/app\/uploads\/sites\/3\/2025\/05\/sans-titre-5.jpg","datePublished":"2025-05-09T10:20:12+00:00","dateModified":"2025-05-09T10:07:54+00:00","breadcrumb":{"@id":"https:\/\/vosgesinfo.fr\/epinalinfo\/2025\/05\/les-enfants-du-roc-brillent-sur-les-murs-de-la-competition-nationale\/#breadcrumb"},"inLanguage":"fr-FR","potentialAction":[{"@type":"ReadAction","target":["https:\/\/vosgesinfo.fr\/epinalinfo\/2025\/05\/les-enfants-du-roc-brillent-sur-les-murs-de-la-competition-nationale\/"]}]},{"@type":"ImageObject","inLanguage":"fr-FR","@id":"https:\/\/vosgesinfo.fr\/epinalinfo\/2025\/05\/les-enfants-du-roc-brillent-sur-les-murs-de-la-competition-nationale\/#primaryimage","url":"https:\/\/vosgesinfo.fr\/app\/uploads\/sites\/3\/2025\/05\/sans-titre-5.jpg","contentUrl":"https:\/\/vosgesinfo.fr\/app\/uploads\/sites\/3\/2025\/05\/sans-titre-5.jpg","width":560,"height":417},{"@type":"BreadcrumbList","@id":"https:\/\/vosgesinfo.fr\/epinalinfo\/2025\/05\/les-enfants-du-roc-brillent-sur-les-murs-de-la-competition-nationale\/#breadcrumb","itemListElement":[{"@type":"ListItem","position":1,"name":"Home","item":"https:\/\/vosgesinfo.fr\/epinalinfo\/"},{"@type":"ListItem","position":2,"name":"Les Enfants du Roc brillent sur les murs de la comp\u00e9tition nationale !"}]},{"@type":"WebSite","@id":"https:\/\/vosgesinfo.fr\/epinalinfo\/#website","url":"https:\/\/vosgesinfo.fr\/epinalinfo\/","name":"Epinal Info","description":"Toute l&#039;actualit\u00e9 d&#039;\u00c9pinal","publisher":{"@id":"https:\/\/vosgesinfo.fr\/epinalinfo\/#organization"},"alternateName":"Toute l'actualit\u00e9 d'\u00c9pinal","potentialAction":[{"@type":"SearchAction","target":{"@type":"EntryPoint","urlTemplate":"https:\/\/vosgesinfo.fr\/epinalinfo\/?s={search_term_string}"},"query-input":"required name=search_term_string"}],"inLanguage":"fr-FR"},{"@type":"Organization","@id":"https:\/\/vosgesinfo.fr\/epinalinfo\/#organization","name":"Epinal Info","url":"https:\/\/vosgesinfo.fr\/epinalinfo\/","logo":{"@type":"ImageObject","inLanguage":"fr-FR","@id":"https:\/\/vosgesinfo.fr\/epinalinfo\/#\/schema\/logo\/image\/","url":"https:\/\/vosgesinfo.fr\/app\/uploads\/sites\/3\/2023\/08\/logo-epinalinfos.svg","contentUrl":"https:\/\/vosgesinfo.fr\/app\/uploads\/sites\/3\/2023\/08\/logo-epinalinfos.svg","width":1,"height":1,"caption":"Epinal Info"},"image":{"@id":"https:\/\/vosgesinfo.fr\/epinalinfo\/#\/schema\/logo\/image\/"},"sameAs":["https:\/\/www.facebook.com\/Epinalinfos","https:\/\/x.com\/VosgesInfo88","https:\/\/www.youtube.com\/@vosgesinfo"]},{"@type":"Person","@id":"https:\/\/vosgesinfo.fr\/epinalinfo\/#\/schema\/person\/6f9a650eeea99d969b6c4ab78fccbe81","name":"C.K.","image":{"@type":"ImageObject","inLanguage":"fr-FR","@id":"https:\/\/vosgesinfo.fr\/epinalinfo\/#\/schema\/person\/image\/","url":"https:\/\/secure.gravatar.com\/avatar\/48e3fc7f8421ba8942be6b74a2b7f014ca39bc00dece156b7a8e098ae7dc87bf?s=96&d=mm&r=g","contentUrl":"https:\/\/secure.gravatar.com\/avatar\/48e3fc7f8421ba8942be6b74a2b7f014ca39bc00dece156b7a8e098ae7dc87bf?s=96&d=mm&r=g","caption":"C.K."},"url":"https:\/\/vosgesinfo.fr\/epinalinfo\/author\/celia-k-n\/"}]}},"_links":{"self":[{"href":"https:\/\/vosgesinfo.fr\/epinalinfo\/wp-json\/wp\/v2\/posts\/131688","targetHints":{"allow":["GET"]}}],"collection":[{"href":"https:\/\/vosgesinfo.fr\/epinalinfo\/wp-json\/wp\/v2\/posts"}],"about":[{"href":"https:\/\/vosgesinfo.fr\/epinalinfo\/wp-json\/wp\/v2\/types\/post"}],"author":[{"embeddable":true,"href":"https:\/\/vosgesinfo.fr\/epinalinfo\/wp-json\/wp\/v2\/users\/52"}],"replies":[{"embeddable":true,"href":"https:\/\/vosgesinfo.fr\/epinalinfo\/wp-json\/wp\/v2\/comments?post=131688"}],"version-history":[{"count":1,"href":"https:\/\/vosgesinfo.fr\/epinalinfo\/wp-json\/wp\/v2\/posts\/131688\/revisions"}],"predecessor-version":[{"id":131691,"href":"https:\/\/vosgesinfo.fr\/epinalinfo\/wp-json\/wp\/v2\/posts\/131688\/revisions\/131691"}],"wp:featuredmedia":[{"embeddable":true,"href":"https:\/\/vosgesinfo.fr\/epinalinfo\/wp-json\/wp\/v2\/media\/131689"}],"wp:attachment":[{"href":"https:\/\/vosgesinfo.fr\/epinalinfo\/wp-json\/wp\/v2\/media?parent=131688"}],"wp:term":[{"taxonomy":"category","embeddable":true,"href":"https:\/\/vosgesinfo.fr\/epinalinfo\/wp-json\/wp\/v2\/categories?post=131688"},{"taxonomy":"post_tag","embeddable":true,"href":"https:\/\/vosgesinfo.fr\/epinalinfo\/wp-json\/wp\/v2\/tags?post=131688"}],"curies":[{"name":"wp","href":"https:\/\/api.w.org\/{rel}","templated":true}]}}