{"id":131692,"date":"2025-05-09T12:20:13","date_gmt":"2025-05-09T10:20:13","guid":{"rendered":"https:\/\/vosgesinfo.fr\/epinalinfo\/?p=131692"},"modified":"2025-05-09T12:15:39","modified_gmt":"2025-05-09T10:15:39","slug":"disparition-inquietante-a-thaon-les-vosges-sonia-breyer-introuvable-depuis-jeudi-apres-midi","status":"publish","type":"post","link":"https:\/\/vosgesinfo.fr\/epinalinfo\/2025\/05\/disparition-inquietante-a-thaon-les-vosges-sonia-breyer-introuvable-depuis-jeudi-apres-midi\/","title":{"rendered":"Disparition inqui\u00e9tante \u00e0 Thaon-les-Vosges : Sonia Breyer introuvable depuis jeudi apr\u00e8s-midi"},"content":{"rendered":"<h2 data-start=\"451\" data-end=\"706\"><strong><a href=\"https:\/\/vosgesinfo.fr\/app\/uploads\/sites\/3\/2025\/05\/492693812-1106043328228432-4133809030798901619-n.jpg\"><img decoding=\"async\" class=\"aligncenter size-full wp-image-131693\" src=\"https:\/\/vosgesinfo.fr\/app\/uploads\/sites\/3\/2025\/05\/492693812-1106043328228432-4133809030798901619-n.jpg\" alt=\"\" width=\"1280\" height=\"720\" srcset=\"https:\/\/vosgesinfo.fr\/app\/uploads\/sites\/3\/2025\/05\/492693812-1106043328228432-4133809030798901619-n.jpg 1280w, https:\/\/vosgesinfo.fr\/app\/uploads\/sites\/3\/2025\/05\/492693812-1106043328228432-4133809030798901619-n-300x169.jpg 300w, https:\/\/vosgesinfo.fr\/app\/uploads\/sites\/3\/2025\/05\/492693812-1106043328228432-4133809030798901619-n-1024x576.jpg 1024w, https:\/\/vosgesinfo.fr\/app\/uploads\/sites\/3\/2025\/05\/492693812-1106043328228432-4133809030798901619-n-768x432.jpg 768w\" sizes=\"(max-width: 1280px) 100vw, 1280px\" \/><\/a>La Gendarmerie des Vosges a lanc\u00e9 ce vendredi matin un appel \u00e0 t\u00e9moins apr\u00e8s la disparition jug\u00e9e pr\u00e9occupante de Sonia Breyer, aper\u00e7ue pour la derni\u00e8re fois le jeudi 8 mai vers 14h45 \u00e0 Thaon-les-Vosges.<\/strong><\/h2>\n<p class=\"\" data-start=\"708\" data-end=\"899\">Selon les forces de l\u2019ordre, <strong data-start=\"737\" data-end=\"791\">cette disparition est consid\u00e9r\u00e9e comme inqui\u00e9tante<\/strong> en raison de <strong data-start=\"805\" data-end=\"814\">l&rsquo;\u00e2ge<\/strong> de la disparue et de sa <strong data-start=\"839\" data-end=\"861\">condition m\u00e9dicale<\/strong>, qui pourraient la rendre vuln\u00e9rable.<\/p>\n<h4 class=\"\" data-start=\"901\" data-end=\"932\">Une disparition sans trace<\/h4>\n<p class=\"\" data-start=\"934\" data-end=\"1165\">Sonia Breyer a quitt\u00e9 son domicile \u00e0 pied <strong data-start=\"976\" data-end=\"1005\">sans laisser d\u2019indication<\/strong> sur sa destination, et <strong data-start=\"1029\" data-end=\"1068\">n\u2019a donn\u00e9 aucun signe de vie depuis<\/strong>. Les premi\u00e8res constatations indiquent qu\u2019<strong data-start=\"1111\" data-end=\"1129\">aucun v\u00e9hicule<\/strong> n\u2019a \u00e9t\u00e9 utilis\u00e9 lors de son d\u00e9part.<\/p>\n<h4 class=\"\" data-start=\"1167\" data-end=\"1183\">Signalement<\/h4>\n<p class=\"\" data-start=\"1185\" data-end=\"1560\">Sonia Breyer mesure <strong data-start=\"1205\" data-end=\"1219\">1,68 m\u00e8tre<\/strong>, de <strong data-start=\"1224\" data-end=\"1246\">corpulence moyenne<\/strong>. Elle porte des <strong data-start=\"1263\" data-end=\"1294\">cheveux mi-longs blond-gris<\/strong>, des <strong data-start=\"1300\" data-end=\"1314\">yeux bleus<\/strong>, et \u00e9tait v\u00eatue de <strong data-start=\"1334\" data-end=\"1355\">v\u00eatements sombres<\/strong> au moment de sa disparition. Elle est \u00e9galement <strong data-start=\"1404\" data-end=\"1421\">malentendante<\/strong> et porte des <strong data-start=\"1435\" data-end=\"1454\">lunettes de vue<\/strong>, ce qui pourrait rendre toute interaction plus complexe si elle se trouve en situation de d\u00e9sorientation.<\/p>\n<h4 class=\"\" data-start=\"1562\" data-end=\"1605\">Appel \u00e0 t\u00e9moins : chaque minute compte<\/h4>\n<p class=\"\" data-start=\"1607\" data-end=\"1881\">La gendarmerie appelle \u00e0 la vigilance de tous les habitants du secteur et \u00e0 une <strong data-start=\"1687\" data-end=\"1712\">mobilisation g\u00e9n\u00e9rale<\/strong>. Toute personne disposant d\u2019informations utiles est invit\u00e9e \u00e0 <strong data-start=\"1775\" data-end=\"1799\">contacter sans d\u00e9lai<\/strong> la <strong data-start=\"1803\" data-end=\"1856\">gendarmerie de Thaon-les-Vosges au 03 29 39 20 17<\/strong> ou \u00e0 composer le <strong data-start=\"1874\" data-end=\"1880\">17<\/strong>.<\/p>\n<blockquote data-start=\"1883\" data-end=\"2039\">\n<p class=\"\" data-start=\"1885\" data-end=\"2039\">\n<\/blockquote>\n","protected":false},"excerpt":{"rendered":"<p>La Gendarmerie des Vosges a lanc\u00e9 ce vendredi matin un appel \u00e0 t\u00e9moins apr\u00e8s la disparition jug\u00e9e pr\u00e9occupante de Sonia [&hellip;]<\/p>\n","protected":false},"author":52,"featured_media":131693,"comment_status":"open","ping_status":"open","sticky":false,"template":"","format":"standard","meta":{"footnotes":""},"categories":[22,24,5],"tags":[16590,583,16591],"class_list":["post-131692","post","type-post","status-publish","format-standard","has-post-thumbnail","hentry","category-a-la-une","category-epinal","category-vosges","tag-disparition-inquietante-a-thaon-les-vosges","tag-gendarmerie-des-vosges","tag-sonia-breyer"],"acf":[],"yoast_head":"<!-- This site is optimized with the Yoast SEO plugin v22.5 - https:\/\/yoast.com\/wordpress\/plugins\/seo\/ -->\n<title>Disparition inqui\u00e9tante \u00e0 Thaon-les-Vosges : Sonia Breyer introuvable depuis jeudi apr\u00e8s-midi - Epinal Info<\/title>\n<meta name=\"robots\" content=\"index, follow, max-snippet:-1, max-image-preview:large, max-video-preview:-1\" \/>\n<link rel=\"canonical\" href=\"https:\/\/vosgesinfo.fr\/epinalinfo\/2025\/05\/disparition-inquietante-a-thaon-les-vosges-sonia-breyer-introuvable-depuis-jeudi-apres-midi\/\" \/>\n<meta name=\"twitter:card\" content=\"summary_large_image\" \/>\n<meta name=\"twitter:title\" content=\"Disparition inqui\u00e9tante \u00e0 Thaon-les-Vosges : Sonia Breyer introuvable depuis jeudi apr\u00e8s-midi - Epinal Info\" \/>\n<meta name=\"twitter:description\" content=\"La Gendarmerie des Vosges a lanc\u00e9 ce vendredi matin un appel \u00e0 t\u00e9moins apr\u00e8s la disparition jug\u00e9e pr\u00e9occupante de Sonia [&hellip;]\" \/>\n<meta name=\"twitter:image\" content=\"https:\/\/vosgesinfo.fr\/app\/uploads\/sites\/3\/2025\/05\/492693812-1106043328228432-4133809030798901619-n.jpg\" \/>\n<meta name=\"twitter:creator\" content=\"@VosgesInfo88\" \/>\n<meta name=\"twitter:site\" content=\"@VosgesInfo88\" \/>\n<meta name=\"twitter:label1\" content=\"\u00c9crit par\" \/>\n\t<meta name=\"twitter:data1\" content=\"C.K.\" \/>\n\t<meta name=\"twitter:label2\" content=\"Dur\u00e9e de lecture estim\u00e9e\" \/>\n\t<meta name=\"twitter:data2\" content=\"1 minute\" \/>\n<script type=\"application\/ld+json\" class=\"yoast-schema-graph\">{\"@context\":\"https:\/\/schema.org\",\"@graph\":[{\"@type\":\"Article\",\"@id\":\"https:\/\/vosgesinfo.fr\/epinalinfo\/2025\/05\/disparition-inquietante-a-thaon-les-vosges-sonia-breyer-introuvable-depuis-jeudi-apres-midi\/#article\",\"isPartOf\":{\"@id\":\"https:\/\/vosgesinfo.fr\/epinalinfo\/2025\/05\/disparition-inquietante-a-thaon-les-vosges-sonia-breyer-introuvable-depuis-jeudi-apres-midi\/\"},\"author\":{\"name\":\"C.K.\",\"@id\":\"https:\/\/vosgesinfo.fr\/epinalinfo\/#\/schema\/person\/6f9a650eeea99d969b6c4ab78fccbe81\"},\"headline\":\"Disparition inqui\u00e9tante \u00e0 Thaon-les-Vosges : Sonia Breyer introuvable depuis jeudi apr\u00e8s-midi\",\"datePublished\":\"2025-05-09T10:20:13+00:00\",\"dateModified\":\"2025-05-09T10:15:39+00:00\",\"mainEntityOfPage\":{\"@id\":\"https:\/\/vosgesinfo.fr\/epinalinfo\/2025\/05\/disparition-inquietante-a-thaon-les-vosges-sonia-breyer-introuvable-depuis-jeudi-apres-midi\/\"},\"wordCount\":230,\"commentCount\":0,\"publisher\":{\"@id\":\"https:\/\/vosgesinfo.fr\/epinalinfo\/#organization\"},\"image\":{\"@id\":\"https:\/\/vosgesinfo.fr\/epinalinfo\/2025\/05\/disparition-inquietante-a-thaon-les-vosges-sonia-breyer-introuvable-depuis-jeudi-apres-midi\/#primaryimage\"},\"thumbnailUrl\":\"https:\/\/vosgesinfo.fr\/app\/uploads\/sites\/3\/2025\/05\/492693812-1106043328228432-4133809030798901619-n.jpg\",\"keywords\":[\"Disparition inqui\u00e9tante \u00e0 Thaon-les-Vosges\",\"gendarmerie des Vosges\",\"Sonia Breyer\"],\"articleSection\":[\"A la Une\",\"Epinal\",\"Vosges\"],\"inLanguage\":\"fr-FR\",\"potentialAction\":[{\"@type\":\"CommentAction\",\"name\":\"Comment\",\"target\":[\"https:\/\/vosgesinfo.fr\/epinalinfo\/2025\/05\/disparition-inquietante-a-thaon-les-vosges-sonia-breyer-introuvable-depuis-jeudi-apres-midi\/#respond\"]}]},{\"@type\":\"WebPage\",\"@id\":\"https:\/\/vosgesinfo.fr\/epinalinfo\/2025\/05\/disparition-inquietante-a-thaon-les-vosges-sonia-breyer-introuvable-depuis-jeudi-apres-midi\/\",\"url\":\"https:\/\/vosgesinfo.fr\/epinalinfo\/2025\/05\/disparition-inquietante-a-thaon-les-vosges-sonia-breyer-introuvable-depuis-jeudi-apres-midi\/\",\"name\":\"Disparition inqui\u00e9tante \u00e0 Thaon-les-Vosges : Sonia Breyer introuvable depuis jeudi apr\u00e8s-midi - Epinal Info\",\"isPartOf\":{\"@id\":\"https:\/\/vosgesinfo.fr\/epinalinfo\/#website\"},\"primaryImageOfPage\":{\"@id\":\"https:\/\/vosgesinfo.fr\/epinalinfo\/2025\/05\/disparition-inquietante-a-thaon-les-vosges-sonia-breyer-introuvable-depuis-jeudi-apres-midi\/#primaryimage\"},\"image\":{\"@id\":\"https:\/\/vosgesinfo.fr\/epinalinfo\/2025\/05\/disparition-inquietante-a-thaon-les-vosges-sonia-breyer-introuvable-depuis-jeudi-apres-midi\/#primaryimage\"},\"thumbnailUrl\":\"https:\/\/vosgesinfo.fr\/app\/uploads\/sites\/3\/2025\/05\/492693812-1106043328228432-4133809030798901619-n.jpg\",\"datePublished\":\"2025-05-09T10:20:13+00:00\",\"dateModified\":\"2025-05-09T10:15:39+00:00\",\"breadcrumb\":{\"@id\":\"https:\/\/vosgesinfo.fr\/epinalinfo\/2025\/05\/disparition-inquietante-a-thaon-les-vosges-sonia-breyer-introuvable-depuis-jeudi-apres-midi\/#breadcrumb\"},\"inLanguage\":\"fr-FR\",\"potentialAction\":[{\"@type\":\"ReadAction\",\"target\":[\"https:\/\/vosgesinfo.fr\/epinalinfo\/2025\/05\/disparition-inquietante-a-thaon-les-vosges-sonia-breyer-introuvable-depuis-jeudi-apres-midi\/\"]}]},{\"@type\":\"ImageObject\",\"inLanguage\":\"fr-FR\",\"@id\":\"https:\/\/vosgesinfo.fr\/epinalinfo\/2025\/05\/disparition-inquietante-a-thaon-les-vosges-sonia-breyer-introuvable-depuis-jeudi-apres-midi\/#primaryimage\",\"url\":\"https:\/\/vosgesinfo.fr\/app\/uploads\/sites\/3\/2025\/05\/492693812-1106043328228432-4133809030798901619-n.jpg\",\"contentUrl\":\"https:\/\/vosgesinfo.fr\/app\/uploads\/sites\/3\/2025\/05\/492693812-1106043328228432-4133809030798901619-n.jpg\",\"width\":1280,\"height\":720},{\"@type\":\"BreadcrumbList\",\"@id\":\"https:\/\/vosgesinfo.fr\/epinalinfo\/2025\/05\/disparition-inquietante-a-thaon-les-vosges-sonia-breyer-introuvable-depuis-jeudi-apres-midi\/#breadcrumb\",\"itemListElement\":[{\"@type\":\"ListItem\",\"position\":1,\"name\":\"Home\",\"item\":\"https:\/\/vosgesinfo.fr\/epinalinfo\/\"},{\"@type\":\"ListItem\",\"position\":2,\"name\":\"Disparition inqui\u00e9tante \u00e0 Thaon-les-Vosges : Sonia Breyer introuvable depuis jeudi apr\u00e8s-midi\"}]},{\"@type\":\"WebSite\",\"@id\":\"https:\/\/vosgesinfo.fr\/epinalinfo\/#website\",\"url\":\"https:\/\/vosgesinfo.fr\/epinalinfo\/\",\"name\":\"Epinal Info\",\"description\":\"Toute l&#039;actualit\u00e9 d&#039;\u00c9pinal\",\"publisher\":{\"@id\":\"https:\/\/vosgesinfo.fr\/epinalinfo\/#organization\"},\"alternateName\":\"Toute l'actualit\u00e9 d'\u00c9pinal\",\"potentialAction\":[{\"@type\":\"SearchAction\",\"target\":{\"@type\":\"EntryPoint\",\"urlTemplate\":\"https:\/\/vosgesinfo.fr\/epinalinfo\/?s={search_term_string}\"},\"query-input\":\"required name=search_term_string\"}],\"inLanguage\":\"fr-FR\"},{\"@type\":\"Organization\",\"@id\":\"https:\/\/vosgesinfo.fr\/epinalinfo\/#organization\",\"name\":\"Epinal Info\",\"url\":\"https:\/\/vosgesinfo.fr\/epinalinfo\/\",\"logo\":{\"@type\":\"ImageObject\",\"inLanguage\":\"fr-FR\",\"@id\":\"https:\/\/vosgesinfo.fr\/epinalinfo\/#\/schema\/logo\/image\/\",\"url\":\"https:\/\/vosgesinfo.fr\/app\/uploads\/sites\/3\/2023\/08\/logo-epinalinfos.svg\",\"contentUrl\":\"https:\/\/vosgesinfo.fr\/app\/uploads\/sites\/3\/2023\/08\/logo-epinalinfos.svg\",\"width\":1,\"height\":1,\"caption\":\"Epinal Info\"},\"image\":{\"@id\":\"https:\/\/vosgesinfo.fr\/epinalinfo\/#\/schema\/logo\/image\/\"},\"sameAs\":[\"https:\/\/www.facebook.com\/Epinalinfos\",\"https:\/\/x.com\/VosgesInfo88\",\"https:\/\/www.youtube.com\/@vosgesinfo\"]},{\"@type\":\"Person\",\"@id\":\"https:\/\/vosgesinfo.fr\/epinalinfo\/#\/schema\/person\/6f9a650eeea99d969b6c4ab78fccbe81\",\"name\":\"C.K.\",\"image\":{\"@type\":\"ImageObject\",\"inLanguage\":\"fr-FR\",\"@id\":\"https:\/\/vosgesinfo.fr\/epinalinfo\/#\/schema\/person\/image\/\",\"url\":\"https:\/\/secure.gravatar.com\/avatar\/48e3fc7f8421ba8942be6b74a2b7f014ca39bc00dece156b7a8e098ae7dc87bf?s=96&d=mm&r=g\",\"contentUrl\":\"https:\/\/secure.gravatar.com\/avatar\/48e3fc7f8421ba8942be6b74a2b7f014ca39bc00dece156b7a8e098ae7dc87bf?s=96&d=mm&r=g\",\"caption\":\"C.K.\"},\"url\":\"https:\/\/vosgesinfo.fr\/epinalinfo\/author\/celia-k-n\/\"}]}<\/script>\n<!-- \/ Yoast SEO plugin. -->","yoast_head_json":{"title":"Disparition inqui\u00e9tante \u00e0 Thaon-les-Vosges : Sonia Breyer introuvable depuis jeudi apr\u00e8s-midi - Epinal Info","robots":{"index":"index","follow":"follow","max-snippet":"max-snippet:-1","max-image-preview":"max-image-preview:large","max-video-preview":"max-video-preview:-1"},"canonical":"https:\/\/vosgesinfo.fr\/epinalinfo\/2025\/05\/disparition-inquietante-a-thaon-les-vosges-sonia-breyer-introuvable-depuis-jeudi-apres-midi\/","twitter_card":"summary_large_image","twitter_title":"Disparition inqui\u00e9tante \u00e0 Thaon-les-Vosges : Sonia Breyer introuvable depuis jeudi apr\u00e8s-midi - Epinal Info","twitter_description":"La Gendarmerie des Vosges a lanc\u00e9 ce vendredi matin un appel \u00e0 t\u00e9moins apr\u00e8s la disparition jug\u00e9e pr\u00e9occupante de Sonia [&hellip;]","twitter_image":"https:\/\/vosgesinfo.fr\/app\/uploads\/sites\/3\/2025\/05\/492693812-1106043328228432-4133809030798901619-n.jpg","twitter_creator":"@VosgesInfo88","twitter_site":"@VosgesInfo88","twitter_misc":{"\u00c9crit par":"C.K.","Dur\u00e9e de lecture estim\u00e9e":"1 minute"},"schema":{"@context":"https:\/\/schema.org","@graph":[{"@type":"Article","@id":"https:\/\/vosgesinfo.fr\/epinalinfo\/2025\/05\/disparition-inquietante-a-thaon-les-vosges-sonia-breyer-introuvable-depuis-jeudi-apres-midi\/#article","isPartOf":{"@id":"https:\/\/vosgesinfo.fr\/epinalinfo\/2025\/05\/disparition-inquietante-a-thaon-les-vosges-sonia-breyer-introuvable-depuis-jeudi-apres-midi\/"},"author":{"name":"C.K.","@id":"https:\/\/vosgesinfo.fr\/epinalinfo\/#\/schema\/person\/6f9a650eeea99d969b6c4ab78fccbe81"},"headline":"Disparition inqui\u00e9tante \u00e0 Thaon-les-Vosges : Sonia Breyer introuvable depuis jeudi apr\u00e8s-midi","datePublished":"2025-05-09T10:20:13+00:00","dateModified":"2025-05-09T10:15:39+00:00","mainEntityOfPage":{"@id":"https:\/\/vosgesinfo.fr\/epinalinfo\/2025\/05\/disparition-inquietante-a-thaon-les-vosges-sonia-breyer-introuvable-depuis-jeudi-apres-midi\/"},"wordCount":230,"commentCount":0,"publisher":{"@id":"https:\/\/vosgesinfo.fr\/epinalinfo\/#organization"},"image":{"@id":"https:\/\/vosgesinfo.fr\/epinalinfo\/2025\/05\/disparition-inquietante-a-thaon-les-vosges-sonia-breyer-introuvable-depuis-jeudi-apres-midi\/#primaryimage"},"thumbnailUrl":"https:\/\/vosgesinfo.fr\/app\/uploads\/sites\/3\/2025\/05\/492693812-1106043328228432-4133809030798901619-n.jpg","keywords":["Disparition inqui\u00e9tante \u00e0 Thaon-les-Vosges","gendarmerie des Vosges","Sonia Breyer"],"articleSection":["A la Une","Epinal","Vosges"],"inLanguage":"fr-FR","potentialAction":[{"@type":"CommentAction","name":"Comment","target":["https:\/\/vosgesinfo.fr\/epinalinfo\/2025\/05\/disparition-inquietante-a-thaon-les-vosges-sonia-breyer-introuvable-depuis-jeudi-apres-midi\/#respond"]}]},{"@type":"WebPage","@id":"https:\/\/vosgesinfo.fr\/epinalinfo\/2025\/05\/disparition-inquietante-a-thaon-les-vosges-sonia-breyer-introuvable-depuis-jeudi-apres-midi\/","url":"https:\/\/vosgesinfo.fr\/epinalinfo\/2025\/05\/disparition-inquietante-a-thaon-les-vosges-sonia-breyer-introuvable-depuis-jeudi-apres-midi\/","name":"Disparition inqui\u00e9tante \u00e0 Thaon-les-Vosges : Sonia Breyer introuvable depuis jeudi apr\u00e8s-midi - Epinal Info","isPartOf":{"@id":"https:\/\/vosgesinfo.fr\/epinalinfo\/#website"},"primaryImageOfPage":{"@id":"https:\/\/vosgesinfo.fr\/epinalinfo\/2025\/05\/disparition-inquietante-a-thaon-les-vosges-sonia-breyer-introuvable-depuis-jeudi-apres-midi\/#primaryimage"},"image":{"@id":"https:\/\/vosgesinfo.fr\/epinalinfo\/2025\/05\/disparition-inquietante-a-thaon-les-vosges-sonia-breyer-introuvable-depuis-jeudi-apres-midi\/#primaryimage"},"thumbnailUrl":"https:\/\/vosgesinfo.fr\/app\/uploads\/sites\/3\/2025\/05\/492693812-1106043328228432-4133809030798901619-n.jpg","datePublished":"2025-05-09T10:20:13+00:00","dateModified":"2025-05-09T10:15:39+00:00","breadcrumb":{"@id":"https:\/\/vosgesinfo.fr\/epinalinfo\/2025\/05\/disparition-inquietante-a-thaon-les-vosges-sonia-breyer-introuvable-depuis-jeudi-apres-midi\/#breadcrumb"},"inLanguage":"fr-FR","potentialAction":[{"@type":"ReadAction","target":["https:\/\/vosgesinfo.fr\/epinalinfo\/2025\/05\/disparition-inquietante-a-thaon-les-vosges-sonia-breyer-introuvable-depuis-jeudi-apres-midi\/"]}]},{"@type":"ImageObject","inLanguage":"fr-FR","@id":"https:\/\/vosgesinfo.fr\/epinalinfo\/2025\/05\/disparition-inquietante-a-thaon-les-vosges-sonia-breyer-introuvable-depuis-jeudi-apres-midi\/#primaryimage","url":"https:\/\/vosgesinfo.fr\/app\/uploads\/sites\/3\/2025\/05\/492693812-1106043328228432-4133809030798901619-n.jpg","contentUrl":"https:\/\/vosgesinfo.fr\/app\/uploads\/sites\/3\/2025\/05\/492693812-1106043328228432-4133809030798901619-n.jpg","width":1280,"height":720},{"@type":"BreadcrumbList","@id":"https:\/\/vosgesinfo.fr\/epinalinfo\/2025\/05\/disparition-inquietante-a-thaon-les-vosges-sonia-breyer-introuvable-depuis-jeudi-apres-midi\/#breadcrumb","itemListElement":[{"@type":"ListItem","position":1,"name":"Home","item":"https:\/\/vosgesinfo.fr\/epinalinfo\/"},{"@type":"ListItem","position":2,"name":"Disparition inqui\u00e9tante \u00e0 Thaon-les-Vosges : Sonia Breyer introuvable depuis jeudi apr\u00e8s-midi"}]},{"@type":"WebSite","@id":"https:\/\/vosgesinfo.fr\/epinalinfo\/#website","url":"https:\/\/vosgesinfo.fr\/epinalinfo\/","name":"Epinal Info","description":"Toute l&#039;actualit\u00e9 d&#039;\u00c9pinal","publisher":{"@id":"https:\/\/vosgesinfo.fr\/epinalinfo\/#organization"},"alternateName":"Toute l'actualit\u00e9 d'\u00c9pinal","potentialAction":[{"@type":"SearchAction","target":{"@type":"EntryPoint","urlTemplate":"https:\/\/vosgesinfo.fr\/epinalinfo\/?s={search_term_string}"},"query-input":"required name=search_term_string"}],"inLanguage":"fr-FR"},{"@type":"Organization","@id":"https:\/\/vosgesinfo.fr\/epinalinfo\/#organization","name":"Epinal Info","url":"https:\/\/vosgesinfo.fr\/epinalinfo\/","logo":{"@type":"ImageObject","inLanguage":"fr-FR","@id":"https:\/\/vosgesinfo.fr\/epinalinfo\/#\/schema\/logo\/image\/","url":"https:\/\/vosgesinfo.fr\/app\/uploads\/sites\/3\/2023\/08\/logo-epinalinfos.svg","contentUrl":"https:\/\/vosgesinfo.fr\/app\/uploads\/sites\/3\/2023\/08\/logo-epinalinfos.svg","width":1,"height":1,"caption":"Epinal Info"},"image":{"@id":"https:\/\/vosgesinfo.fr\/epinalinfo\/#\/schema\/logo\/image\/"},"sameAs":["https:\/\/www.facebook.com\/Epinalinfos","https:\/\/x.com\/VosgesInfo88","https:\/\/www.youtube.com\/@vosgesinfo"]},{"@type":"Person","@id":"https:\/\/vosgesinfo.fr\/epinalinfo\/#\/schema\/person\/6f9a650eeea99d969b6c4ab78fccbe81","name":"C.K.","image":{"@type":"ImageObject","inLanguage":"fr-FR","@id":"https:\/\/vosgesinfo.fr\/epinalinfo\/#\/schema\/person\/image\/","url":"https:\/\/secure.gravatar.com\/avatar\/48e3fc7f8421ba8942be6b74a2b7f014ca39bc00dece156b7a8e098ae7dc87bf?s=96&d=mm&r=g","contentUrl":"https:\/\/secure.gravatar.com\/avatar\/48e3fc7f8421ba8942be6b74a2b7f014ca39bc00dece156b7a8e098ae7dc87bf?s=96&d=mm&r=g","caption":"C.K."},"url":"https:\/\/vosgesinfo.fr\/epinalinfo\/author\/celia-k-n\/"}]}},"_links":{"self":[{"href":"https:\/\/vosgesinfo.fr\/epinalinfo\/wp-json\/wp\/v2\/posts\/131692","targetHints":{"allow":["GET"]}}],"collection":[{"href":"https:\/\/vosgesinfo.fr\/epinalinfo\/wp-json\/wp\/v2\/posts"}],"about":[{"href":"https:\/\/vosgesinfo.fr\/epinalinfo\/wp-json\/wp\/v2\/types\/post"}],"author":[{"embeddable":true,"href":"https:\/\/vosgesinfo.fr\/epinalinfo\/wp-json\/wp\/v2\/users\/52"}],"replies":[{"embeddable":true,"href":"https:\/\/vosgesinfo.fr\/epinalinfo\/wp-json\/wp\/v2\/comments?post=131692"}],"version-history":[{"count":1,"href":"https:\/\/vosgesinfo.fr\/epinalinfo\/wp-json\/wp\/v2\/posts\/131692\/revisions"}],"predecessor-version":[{"id":131694,"href":"https:\/\/vosgesinfo.fr\/epinalinfo\/wp-json\/wp\/v2\/posts\/131692\/revisions\/131694"}],"wp:featuredmedia":[{"embeddable":true,"href":"https:\/\/vosgesinfo.fr\/epinalinfo\/wp-json\/wp\/v2\/media\/131693"}],"wp:attachment":[{"href":"https:\/\/vosgesinfo.fr\/epinalinfo\/wp-json\/wp\/v2\/media?parent=131692"}],"wp:term":[{"taxonomy":"category","embeddable":true,"href":"https:\/\/vosgesinfo.fr\/epinalinfo\/wp-json\/wp\/v2\/categories?post=131692"},{"taxonomy":"post_tag","embeddable":true,"href":"https:\/\/vosgesinfo.fr\/epinalinfo\/wp-json\/wp\/v2\/tags?post=131692"}],"curies":[{"name":"wp","href":"https:\/\/api.w.org\/{rel}","templated":true}]}}