{"id":131714,"date":"2025-05-10T15:50:03","date_gmt":"2025-05-10T13:50:03","guid":{"rendered":"https:\/\/vosgesinfo.fr\/epinalinfo\/?p=131714"},"modified":"2025-05-10T15:40:56","modified_gmt":"2025-05-10T13:40:56","slug":"tour-des-vosges-a-vtt-alexandrine-pierot-pedale-pour-les-orphelins-des-sapeurs-pompiers","status":"publish","type":"post","link":"https:\/\/vosgesinfo.fr\/epinalinfo\/2025\/05\/tour-des-vosges-a-vtt-alexandrine-pierot-pedale-pour-les-orphelins-des-sapeurs-pompiers\/","title":{"rendered":"Tour des Vosges \u00e0 VTT : Alexandrine Pierot p\u00e9dale pour les orphelins des sapeurs-pompiers"},"content":{"rendered":"<div id=\"attachment_131715\" style=\"width: 700px\" class=\"wp-caption aligncenter\"><a href=\"https:\/\/vosgesinfo.fr\/app\/uploads\/sites\/3\/2025\/05\/rotary-club-14.jpg\"><img decoding=\"async\" aria-describedby=\"caption-attachment-131715\" class=\"size-full wp-image-131715\" src=\"https:\/\/vosgesinfo.fr\/app\/uploads\/sites\/3\/2025\/05\/rotary-club-14.jpg\" alt=\"\" width=\"690\" height=\"461\" srcset=\"https:\/\/vosgesinfo.fr\/app\/uploads\/sites\/3\/2025\/05\/rotary-club-14.jpg 690w, https:\/\/vosgesinfo.fr\/app\/uploads\/sites\/3\/2025\/05\/rotary-club-14-300x200.jpg 300w\" sizes=\"(max-width: 690px) 100vw, 690px\" \/><\/a><p id=\"caption-attachment-131715\" class=\"wp-caption-text\">PBP-PHOTOGRAPHIE<\/p><\/div>\n<h2 data-start=\"403\" data-end=\"787\"><strong>Du 3 au 11 mai 2025, Alexandrine Pierot rel\u00e8ve un d\u00e9fi de taille : un tour complet des Vosges \u00e0 VTT, soit 700 kilom\u00e8tres en 9 \u00e9tapes, avec un d\u00e9nivel\u00e9 positif de 14 000 m\u00e8tres, au profit de l\u2019\u0152uvre des Pupilles des sapeurs-pompiers de France (ODP). Une aventure sportive, mais surtout humaine et solidaire, qu\u2019elle d\u00e9die \u00e0 celles et ceux que la vie a durement touch\u00e9s.<\/strong><\/h2>\n<p class=\"\" data-start=\"455\" data-end=\"945\">Du 3 au 11 mai 2025, Alexandrine Pierot parcourt les Vosges \u00e0 VTT dans le cadre d\u2019un d\u00e9fi solidaire exceptionnel. Pendant neuf jours, elle s\u2019\u00e9lance sur les sentiers vosgiens pour un circuit de 700 kilom\u00e8tres, cumulant 14 000 m\u00e8tres de d\u00e9nivel\u00e9 positif, au profit de l\u2019\u0152uvre des Pupilles des sapeurs-pompiers de France (ODP). Tous les fonds r\u00e9colt\u00e9s au cours de cette aventure seront revers\u00e9s \u00e0 cette association, qui soutient les orphelins des pompiers morts en service.<\/p>\n<h3 class=\"\" data-start=\"947\" data-end=\"986\">Une d\u00e9marche personnelle et engag\u00e9e<\/h3>\n<p class=\"\" data-start=\"988\" data-end=\"1405\">Veuve d\u2019un sapeur-pompier professionnel vosgien, Alexandrine Pierot, passionn\u00e9e de VTT et install\u00e9e \u00e0 Autigny-la-Tour o\u00f9 elle g\u00e8re deux chambres d\u2019h\u00f4tes, a choisi de transformer son amour du sport en engagement solidaire. Par ce projet, elle souhaite non seulement rendre hommage \u00e0 son \u00e9poux disparu, mais aussi faire conna\u00eetre le r\u00f4le essentiel de l\u2019ODP et sensibiliser le public \u00e0 la cause des familles endeuill\u00e9es.<\/p>\n<p class=\"\" data-start=\"1497\" data-end=\"1667\">Pour encourager les dons, un QR code appos\u00e9 sur les sacoches de son v\u00e9lo permet \u00e0 toute personne rencontr\u00e9e en chemin de contribuer facilement \u00e0 l\u2019\u0152uvre des Pupilles.<\/p>\n<h3 class=\"\" data-start=\"1669\" data-end=\"1731\">Un soutien collectif port\u00e9 par les Rotary Clubs des Vosges<\/h3>\n<p class=\"\" data-start=\"1733\" data-end=\"2001\">L\u2019initiative d\u2019Alexandrine re\u00e7oit le soutien actif de sept Rotary Clubs vosgiens : \u00c9pinal, \u00c9pinal Images, Vittel, Neufch\u00e2teau, Remiremont, G\u00e9rardmer et Saint-Di\u00e9. Chacun a vers\u00e9 500 euros \u00e0 l\u2019ODP pour soutenir ce projet dans le cadre des 120 ans du Rotary.<\/p>\n<p class=\"\" data-start=\"2003\" data-end=\"2191\">Une c\u00e9r\u00e9monie de remise de ch\u00e8que s\u2019est tenue ce vendredi 9 mai au si\u00e8ge vosgien de l\u2019ODP, 2 voie Husson \u00e0 Golbey, en pr\u00e9sence des membres des clubs engag\u00e9s et des partenaires.<\/p>\n\n\t\t<style type=\"text\/css\">\n\t\t\t#gallery-1 {\n\t\t\t\tmargin: auto;\n\t\t\t}\n\t\t\t#gallery-1 .gallery-item {\n\t\t\t\tfloat: left;\n\t\t\t\tmargin-top: 10px;\n\t\t\t\ttext-align: center;\n\t\t\t\twidth: 33%;\n\t\t\t}\n\t\t\t#gallery-1 img {\n\t\t\t\tborder: 2px solid #cfcfcf;\n\t\t\t}\n\t\t\t#gallery-1 .gallery-caption {\n\t\t\t\tmargin-left: 0;\n\t\t\t}\n\t\t\t\/* see gallery_shortcode() in wp-includes\/media.php *\/\n\t\t<\/style>\n\t\t<div id='gallery-1' class='gallery galleryid-131714 gallery-columns-3 gallery-size-large'><dl class='gallery-item'>\n\t\t\t<dt class='gallery-icon landscape'>\n\t\t\t\t<a href='https:\/\/vosgesinfo.fr\/app\/uploads\/sites\/3\/2025\/05\/rotary-club-07.jpg'><img decoding=\"async\" width=\"699\" height=\"466\" src=\"https:\/\/vosgesinfo.fr\/app\/uploads\/sites\/3\/2025\/05\/rotary-club-07.jpg\" class=\"attachment-large size-large\" alt=\"\" aria-describedby=\"gallery-1-131716\" srcset=\"https:\/\/vosgesinfo.fr\/app\/uploads\/sites\/3\/2025\/05\/rotary-club-07.jpg 699w, https:\/\/vosgesinfo.fr\/app\/uploads\/sites\/3\/2025\/05\/rotary-club-07-300x200.jpg 300w\" sizes=\"(max-width: 699px) 100vw, 699px\" \/><\/a>\n\t\t\t<\/dt>\n\t\t\t\t<dd class='wp-caption-text gallery-caption' id='gallery-1-131716'>\n\t\t\t\tPBP-PHOTOGRAPHIE\n\t\t\t\t<\/dd><\/dl><dl class='gallery-item'>\n\t\t\t<dt class='gallery-icon landscape'>\n\t\t\t\t<a href='https:\/\/vosgesinfo.fr\/app\/uploads\/sites\/3\/2025\/05\/rotary-club-13.jpg'><img decoding=\"async\" width=\"667\" height=\"446\" src=\"https:\/\/vosgesinfo.fr\/app\/uploads\/sites\/3\/2025\/05\/rotary-club-13.jpg\" class=\"attachment-large size-large\" alt=\"\" aria-describedby=\"gallery-1-131717\" srcset=\"https:\/\/vosgesinfo.fr\/app\/uploads\/sites\/3\/2025\/05\/rotary-club-13.jpg 667w, https:\/\/vosgesinfo.fr\/app\/uploads\/sites\/3\/2025\/05\/rotary-club-13-300x201.jpg 300w\" sizes=\"(max-width: 667px) 100vw, 667px\" \/><\/a>\n\t\t\t<\/dt>\n\t\t\t\t<dd class='wp-caption-text gallery-caption' id='gallery-1-131717'>\n\t\t\t\tPBP-PHOTOGRAPHIE\n\t\t\t\t<\/dd><\/dl><dl class='gallery-item'>\n\t\t\t<dt class='gallery-icon landscape'>\n\t\t\t\t<a href='https:\/\/vosgesinfo.fr\/app\/uploads\/sites\/3\/2025\/05\/rotary-club-15.jpg'><img decoding=\"async\" width=\"680\" height=\"454\" src=\"https:\/\/vosgesinfo.fr\/app\/uploads\/sites\/3\/2025\/05\/rotary-club-15.jpg\" class=\"attachment-large size-large\" alt=\"\" aria-describedby=\"gallery-1-131718\" srcset=\"https:\/\/vosgesinfo.fr\/app\/uploads\/sites\/3\/2025\/05\/rotary-club-15.jpg 680w, https:\/\/vosgesinfo.fr\/app\/uploads\/sites\/3\/2025\/05\/rotary-club-15-300x200.jpg 300w\" sizes=\"(max-width: 680px) 100vw, 680px\" \/><\/a>\n\t\t\t<\/dt>\n\t\t\t\t<dd class='wp-caption-text gallery-caption' id='gallery-1-131718'>\n\t\t\t\tPBP-PHOTOGRAPHIE\n\t\t\t\t<\/dd><\/dl><br style=\"clear: both\" \/><dl class='gallery-item'>\n\t\t\t<dt class='gallery-icon landscape'>\n\t\t\t\t<a href='https:\/\/vosgesinfo.fr\/app\/uploads\/sites\/3\/2025\/05\/rotary-club-19.jpg'><img decoding=\"async\" width=\"651\" height=\"435\" src=\"https:\/\/vosgesinfo.fr\/app\/uploads\/sites\/3\/2025\/05\/rotary-club-19.jpg\" class=\"attachment-large size-large\" alt=\"\" aria-describedby=\"gallery-1-131719\" srcset=\"https:\/\/vosgesinfo.fr\/app\/uploads\/sites\/3\/2025\/05\/rotary-club-19.jpg 651w, https:\/\/vosgesinfo.fr\/app\/uploads\/sites\/3\/2025\/05\/rotary-club-19-300x200.jpg 300w\" sizes=\"(max-width: 651px) 100vw, 651px\" \/><\/a>\n\t\t\t<\/dt>\n\t\t\t\t<dd class='wp-caption-text gallery-caption' id='gallery-1-131719'>\n\t\t\t\tPBP-PHOTOGRAPHIE\n\t\t\t\t<\/dd><\/dl><dl class='gallery-item'>\n\t\t\t<dt class='gallery-icon landscape'>\n\t\t\t\t<a href='https:\/\/vosgesinfo.fr\/app\/uploads\/sites\/3\/2025\/05\/rotary-club-21.jpg'><img decoding=\"async\" width=\"682\" height=\"455\" src=\"https:\/\/vosgesinfo.fr\/app\/uploads\/sites\/3\/2025\/05\/rotary-club-21.jpg\" class=\"attachment-large size-large\" alt=\"\" aria-describedby=\"gallery-1-131720\" srcset=\"https:\/\/vosgesinfo.fr\/app\/uploads\/sites\/3\/2025\/05\/rotary-club-21.jpg 682w, https:\/\/vosgesinfo.fr\/app\/uploads\/sites\/3\/2025\/05\/rotary-club-21-300x200.jpg 300w\" sizes=\"(max-width: 682px) 100vw, 682px\" \/><\/a>\n\t\t\t<\/dt>\n\t\t\t\t<dd class='wp-caption-text gallery-caption' id='gallery-1-131720'>\n\t\t\t\tPBP-PHOTOGRAPHIE\n\t\t\t\t<\/dd><\/dl><dl class='gallery-item'>\n\t\t\t<dt class='gallery-icon landscape'>\n\t\t\t\t<a href='https:\/\/vosgesinfo.fr\/app\/uploads\/sites\/3\/2025\/05\/rotary-club-04.jpg'><img decoding=\"async\" width=\"679\" height=\"454\" src=\"https:\/\/vosgesinfo.fr\/app\/uploads\/sites\/3\/2025\/05\/rotary-club-04.jpg\" class=\"attachment-large size-large\" alt=\"\" aria-describedby=\"gallery-1-131721\" srcset=\"https:\/\/vosgesinfo.fr\/app\/uploads\/sites\/3\/2025\/05\/rotary-club-04.jpg 679w, https:\/\/vosgesinfo.fr\/app\/uploads\/sites\/3\/2025\/05\/rotary-club-04-300x201.jpg 300w\" sizes=\"(max-width: 679px) 100vw, 679px\" \/><\/a>\n\t\t\t<\/dt>\n\t\t\t\t<dd class='wp-caption-text gallery-caption' id='gallery-1-131721'>\n\t\t\t\tPBP-PHOTOGRAPHIE\n\t\t\t\t<\/dd><\/dl><br style=\"clear: both\" \/><dl class='gallery-item'>\n\t\t\t<dt class='gallery-icon landscape'>\n\t\t\t\t<a href='https:\/\/vosgesinfo.fr\/app\/uploads\/sites\/3\/2025\/05\/rotary-club-05.jpg'><img decoding=\"async\" width=\"681\" height=\"455\" src=\"https:\/\/vosgesinfo.fr\/app\/uploads\/sites\/3\/2025\/05\/rotary-club-05.jpg\" class=\"attachment-large size-large\" alt=\"\" aria-describedby=\"gallery-1-131722\" srcset=\"https:\/\/vosgesinfo.fr\/app\/uploads\/sites\/3\/2025\/05\/rotary-club-05.jpg 681w, https:\/\/vosgesinfo.fr\/app\/uploads\/sites\/3\/2025\/05\/rotary-club-05-300x200.jpg 300w\" sizes=\"(max-width: 681px) 100vw, 681px\" \/><\/a>\n\t\t\t<\/dt>\n\t\t\t\t<dd class='wp-caption-text gallery-caption' id='gallery-1-131722'>\n\t\t\t\tPBP-PHOTOGRAPHIE\n\t\t\t\t<\/dd><\/dl>\n\t\t\t<br style='clear: both' \/>\n\t\t<\/div>\n\n","protected":false},"excerpt":{"rendered":"<p>Du 3 au 11 mai 2025, Alexandrine Pierot rel\u00e8ve un d\u00e9fi de taille : un tour complet des Vosges \u00e0 [&hellip;]<\/p>\n","protected":false},"author":52,"featured_media":131715,"comment_status":"open","ping_status":"open","sticky":false,"template":"","format":"standard","meta":{"footnotes":""},"categories":[22,24,148,5],"tags":[70,205,7255],"class_list":["post-131714","post","type-post","status-publish","format-standard","has-post-thumbnail","hentry","category-a-la-une","category-epinal","category-golbey","category-vosges","tag-epinal","tag-golbey","tag-rotary-club"],"acf":[],"yoast_head":"<!-- This site is optimized with the Yoast SEO plugin v22.5 - https:\/\/yoast.com\/wordpress\/plugins\/seo\/ -->\n<title>Tour des Vosges \u00e0 VTT : Alexandrine Pierot p\u00e9dale pour les orphelins des sapeurs-pompiers - Epinal Info<\/title>\n<meta name=\"robots\" content=\"index, follow, max-snippet:-1, max-image-preview:large, max-video-preview:-1\" \/>\n<link rel=\"canonical\" href=\"https:\/\/vosgesinfo.fr\/epinalinfo\/2025\/05\/tour-des-vosges-a-vtt-alexandrine-pierot-pedale-pour-les-orphelins-des-sapeurs-pompiers\/\" \/>\n<meta name=\"twitter:card\" content=\"summary_large_image\" \/>\n<meta name=\"twitter:title\" content=\"Tour des Vosges \u00e0 VTT : Alexandrine Pierot p\u00e9dale pour les orphelins des sapeurs-pompiers - Epinal Info\" \/>\n<meta name=\"twitter:description\" content=\"Du 3 au 11 mai 2025, Alexandrine Pierot rel\u00e8ve un d\u00e9fi de taille : un tour complet des Vosges \u00e0 [&hellip;]\" \/>\n<meta name=\"twitter:image\" content=\"https:\/\/vosgesinfo.fr\/app\/uploads\/sites\/3\/2025\/05\/rotary-club-14.jpg\" \/>\n<meta name=\"twitter:creator\" content=\"@VosgesInfo88\" \/>\n<meta name=\"twitter:site\" content=\"@VosgesInfo88\" \/>\n<meta name=\"twitter:label1\" content=\"\u00c9crit par\" \/>\n\t<meta name=\"twitter:data1\" content=\"C.K.\" \/>\n\t<meta name=\"twitter:label2\" content=\"Dur\u00e9e de lecture estim\u00e9e\" \/>\n\t<meta name=\"twitter:data2\" content=\"2 minutes\" \/>\n<script type=\"application\/ld+json\" class=\"yoast-schema-graph\">{\"@context\":\"https:\/\/schema.org\",\"@graph\":[{\"@type\":\"Article\",\"@id\":\"https:\/\/vosgesinfo.fr\/epinalinfo\/2025\/05\/tour-des-vosges-a-vtt-alexandrine-pierot-pedale-pour-les-orphelins-des-sapeurs-pompiers\/#article\",\"isPartOf\":{\"@id\":\"https:\/\/vosgesinfo.fr\/epinalinfo\/2025\/05\/tour-des-vosges-a-vtt-alexandrine-pierot-pedale-pour-les-orphelins-des-sapeurs-pompiers\/\"},\"author\":{\"name\":\"C.K.\",\"@id\":\"https:\/\/vosgesinfo.fr\/epinalinfo\/#\/schema\/person\/6f9a650eeea99d969b6c4ab78fccbe81\"},\"headline\":\"Tour des Vosges \u00e0 VTT : Alexandrine Pierot p\u00e9dale pour les orphelins des sapeurs-pompiers\",\"datePublished\":\"2025-05-10T13:50:03+00:00\",\"dateModified\":\"2025-05-10T13:40:56+00:00\",\"mainEntityOfPage\":{\"@id\":\"https:\/\/vosgesinfo.fr\/epinalinfo\/2025\/05\/tour-des-vosges-a-vtt-alexandrine-pierot-pedale-pour-les-orphelins-des-sapeurs-pompiers\/\"},\"wordCount\":365,\"commentCount\":0,\"publisher\":{\"@id\":\"https:\/\/vosgesinfo.fr\/epinalinfo\/#organization\"},\"image\":{\"@id\":\"https:\/\/vosgesinfo.fr\/epinalinfo\/2025\/05\/tour-des-vosges-a-vtt-alexandrine-pierot-pedale-pour-les-orphelins-des-sapeurs-pompiers\/#primaryimage\"},\"thumbnailUrl\":\"https:\/\/vosgesinfo.fr\/app\/uploads\/sites\/3\/2025\/05\/rotary-club-14.jpg\",\"keywords\":[\"Epinal\",\"Golbey\",\"Rotary club\"],\"articleSection\":[\"A la Une\",\"Epinal\",\"Golbey\",\"Vosges\"],\"inLanguage\":\"fr-FR\",\"potentialAction\":[{\"@type\":\"CommentAction\",\"name\":\"Comment\",\"target\":[\"https:\/\/vosgesinfo.fr\/epinalinfo\/2025\/05\/tour-des-vosges-a-vtt-alexandrine-pierot-pedale-pour-les-orphelins-des-sapeurs-pompiers\/#respond\"]}]},{\"@type\":\"WebPage\",\"@id\":\"https:\/\/vosgesinfo.fr\/epinalinfo\/2025\/05\/tour-des-vosges-a-vtt-alexandrine-pierot-pedale-pour-les-orphelins-des-sapeurs-pompiers\/\",\"url\":\"https:\/\/vosgesinfo.fr\/epinalinfo\/2025\/05\/tour-des-vosges-a-vtt-alexandrine-pierot-pedale-pour-les-orphelins-des-sapeurs-pompiers\/\",\"name\":\"Tour des Vosges \u00e0 VTT : Alexandrine Pierot p\u00e9dale pour les orphelins des sapeurs-pompiers - Epinal Info\",\"isPartOf\":{\"@id\":\"https:\/\/vosgesinfo.fr\/epinalinfo\/#website\"},\"primaryImageOfPage\":{\"@id\":\"https:\/\/vosgesinfo.fr\/epinalinfo\/2025\/05\/tour-des-vosges-a-vtt-alexandrine-pierot-pedale-pour-les-orphelins-des-sapeurs-pompiers\/#primaryimage\"},\"image\":{\"@id\":\"https:\/\/vosgesinfo.fr\/epinalinfo\/2025\/05\/tour-des-vosges-a-vtt-alexandrine-pierot-pedale-pour-les-orphelins-des-sapeurs-pompiers\/#primaryimage\"},\"thumbnailUrl\":\"https:\/\/vosgesinfo.fr\/app\/uploads\/sites\/3\/2025\/05\/rotary-club-14.jpg\",\"datePublished\":\"2025-05-10T13:50:03+00:00\",\"dateModified\":\"2025-05-10T13:40:56+00:00\",\"breadcrumb\":{\"@id\":\"https:\/\/vosgesinfo.fr\/epinalinfo\/2025\/05\/tour-des-vosges-a-vtt-alexandrine-pierot-pedale-pour-les-orphelins-des-sapeurs-pompiers\/#breadcrumb\"},\"inLanguage\":\"fr-FR\",\"potentialAction\":[{\"@type\":\"ReadAction\",\"target\":[\"https:\/\/vosgesinfo.fr\/epinalinfo\/2025\/05\/tour-des-vosges-a-vtt-alexandrine-pierot-pedale-pour-les-orphelins-des-sapeurs-pompiers\/\"]}]},{\"@type\":\"ImageObject\",\"inLanguage\":\"fr-FR\",\"@id\":\"https:\/\/vosgesinfo.fr\/epinalinfo\/2025\/05\/tour-des-vosges-a-vtt-alexandrine-pierot-pedale-pour-les-orphelins-des-sapeurs-pompiers\/#primaryimage\",\"url\":\"https:\/\/vosgesinfo.fr\/app\/uploads\/sites\/3\/2025\/05\/rotary-club-14.jpg\",\"contentUrl\":\"https:\/\/vosgesinfo.fr\/app\/uploads\/sites\/3\/2025\/05\/rotary-club-14.jpg\",\"width\":690,\"height\":461,\"caption\":\"PBP-PHOTOGRAPHIE\"},{\"@type\":\"BreadcrumbList\",\"@id\":\"https:\/\/vosgesinfo.fr\/epinalinfo\/2025\/05\/tour-des-vosges-a-vtt-alexandrine-pierot-pedale-pour-les-orphelins-des-sapeurs-pompiers\/#breadcrumb\",\"itemListElement\":[{\"@type\":\"ListItem\",\"position\":1,\"name\":\"Home\",\"item\":\"https:\/\/vosgesinfo.fr\/epinalinfo\/\"},{\"@type\":\"ListItem\",\"position\":2,\"name\":\"Tour des Vosges \u00e0 VTT : Alexandrine Pierot p\u00e9dale pour les orphelins des sapeurs-pompiers\"}]},{\"@type\":\"WebSite\",\"@id\":\"https:\/\/vosgesinfo.fr\/epinalinfo\/#website\",\"url\":\"https:\/\/vosgesinfo.fr\/epinalinfo\/\",\"name\":\"Epinal Info\",\"description\":\"Toute l&#039;actualit\u00e9 d&#039;\u00c9pinal\",\"publisher\":{\"@id\":\"https:\/\/vosgesinfo.fr\/epinalinfo\/#organization\"},\"alternateName\":\"Toute l'actualit\u00e9 d'\u00c9pinal\",\"potentialAction\":[{\"@type\":\"SearchAction\",\"target\":{\"@type\":\"EntryPoint\",\"urlTemplate\":\"https:\/\/vosgesinfo.fr\/epinalinfo\/?s={search_term_string}\"},\"query-input\":\"required name=search_term_string\"}],\"inLanguage\":\"fr-FR\"},{\"@type\":\"Organization\",\"@id\":\"https:\/\/vosgesinfo.fr\/epinalinfo\/#organization\",\"name\":\"Epinal Info\",\"url\":\"https:\/\/vosgesinfo.fr\/epinalinfo\/\",\"logo\":{\"@type\":\"ImageObject\",\"inLanguage\":\"fr-FR\",\"@id\":\"https:\/\/vosgesinfo.fr\/epinalinfo\/#\/schema\/logo\/image\/\",\"url\":\"https:\/\/vosgesinfo.fr\/app\/uploads\/sites\/3\/2023\/08\/logo-epinalinfos.svg\",\"contentUrl\":\"https:\/\/vosgesinfo.fr\/app\/uploads\/sites\/3\/2023\/08\/logo-epinalinfos.svg\",\"width\":1,\"height\":1,\"caption\":\"Epinal Info\"},\"image\":{\"@id\":\"https:\/\/vosgesinfo.fr\/epinalinfo\/#\/schema\/logo\/image\/\"},\"sameAs\":[\"https:\/\/www.facebook.com\/Epinalinfos\",\"https:\/\/x.com\/VosgesInfo88\",\"https:\/\/www.youtube.com\/@vosgesinfo\"]},{\"@type\":\"Person\",\"@id\":\"https:\/\/vosgesinfo.fr\/epinalinfo\/#\/schema\/person\/6f9a650eeea99d969b6c4ab78fccbe81\",\"name\":\"C.K.\",\"image\":{\"@type\":\"ImageObject\",\"inLanguage\":\"fr-FR\",\"@id\":\"https:\/\/vosgesinfo.fr\/epinalinfo\/#\/schema\/person\/image\/\",\"url\":\"https:\/\/secure.gravatar.com\/avatar\/48e3fc7f8421ba8942be6b74a2b7f014ca39bc00dece156b7a8e098ae7dc87bf?s=96&d=mm&r=g\",\"contentUrl\":\"https:\/\/secure.gravatar.com\/avatar\/48e3fc7f8421ba8942be6b74a2b7f014ca39bc00dece156b7a8e098ae7dc87bf?s=96&d=mm&r=g\",\"caption\":\"C.K.\"},\"url\":\"https:\/\/vosgesinfo.fr\/epinalinfo\/author\/celia-k-n\/\"}]}<\/script>\n<!-- \/ Yoast SEO plugin. -->","yoast_head_json":{"title":"Tour des Vosges \u00e0 VTT : Alexandrine Pierot p\u00e9dale pour les orphelins des sapeurs-pompiers - Epinal Info","robots":{"index":"index","follow":"follow","max-snippet":"max-snippet:-1","max-image-preview":"max-image-preview:large","max-video-preview":"max-video-preview:-1"},"canonical":"https:\/\/vosgesinfo.fr\/epinalinfo\/2025\/05\/tour-des-vosges-a-vtt-alexandrine-pierot-pedale-pour-les-orphelins-des-sapeurs-pompiers\/","twitter_card":"summary_large_image","twitter_title":"Tour des Vosges \u00e0 VTT : Alexandrine Pierot p\u00e9dale pour les orphelins des sapeurs-pompiers - Epinal Info","twitter_description":"Du 3 au 11 mai 2025, Alexandrine Pierot rel\u00e8ve un d\u00e9fi de taille : un tour complet des Vosges \u00e0 [&hellip;]","twitter_image":"https:\/\/vosgesinfo.fr\/app\/uploads\/sites\/3\/2025\/05\/rotary-club-14.jpg","twitter_creator":"@VosgesInfo88","twitter_site":"@VosgesInfo88","twitter_misc":{"\u00c9crit par":"C.K.","Dur\u00e9e de lecture estim\u00e9e":"2 minutes"},"schema":{"@context":"https:\/\/schema.org","@graph":[{"@type":"Article","@id":"https:\/\/vosgesinfo.fr\/epinalinfo\/2025\/05\/tour-des-vosges-a-vtt-alexandrine-pierot-pedale-pour-les-orphelins-des-sapeurs-pompiers\/#article","isPartOf":{"@id":"https:\/\/vosgesinfo.fr\/epinalinfo\/2025\/05\/tour-des-vosges-a-vtt-alexandrine-pierot-pedale-pour-les-orphelins-des-sapeurs-pompiers\/"},"author":{"name":"C.K.","@id":"https:\/\/vosgesinfo.fr\/epinalinfo\/#\/schema\/person\/6f9a650eeea99d969b6c4ab78fccbe81"},"headline":"Tour des Vosges \u00e0 VTT : Alexandrine Pierot p\u00e9dale pour les orphelins des sapeurs-pompiers","datePublished":"2025-05-10T13:50:03+00:00","dateModified":"2025-05-10T13:40:56+00:00","mainEntityOfPage":{"@id":"https:\/\/vosgesinfo.fr\/epinalinfo\/2025\/05\/tour-des-vosges-a-vtt-alexandrine-pierot-pedale-pour-les-orphelins-des-sapeurs-pompiers\/"},"wordCount":365,"commentCount":0,"publisher":{"@id":"https:\/\/vosgesinfo.fr\/epinalinfo\/#organization"},"image":{"@id":"https:\/\/vosgesinfo.fr\/epinalinfo\/2025\/05\/tour-des-vosges-a-vtt-alexandrine-pierot-pedale-pour-les-orphelins-des-sapeurs-pompiers\/#primaryimage"},"thumbnailUrl":"https:\/\/vosgesinfo.fr\/app\/uploads\/sites\/3\/2025\/05\/rotary-club-14.jpg","keywords":["Epinal","Golbey","Rotary club"],"articleSection":["A la Une","Epinal","Golbey","Vosges"],"inLanguage":"fr-FR","potentialAction":[{"@type":"CommentAction","name":"Comment","target":["https:\/\/vosgesinfo.fr\/epinalinfo\/2025\/05\/tour-des-vosges-a-vtt-alexandrine-pierot-pedale-pour-les-orphelins-des-sapeurs-pompiers\/#respond"]}]},{"@type":"WebPage","@id":"https:\/\/vosgesinfo.fr\/epinalinfo\/2025\/05\/tour-des-vosges-a-vtt-alexandrine-pierot-pedale-pour-les-orphelins-des-sapeurs-pompiers\/","url":"https:\/\/vosgesinfo.fr\/epinalinfo\/2025\/05\/tour-des-vosges-a-vtt-alexandrine-pierot-pedale-pour-les-orphelins-des-sapeurs-pompiers\/","name":"Tour des Vosges \u00e0 VTT : Alexandrine Pierot p\u00e9dale pour les orphelins des sapeurs-pompiers - Epinal Info","isPartOf":{"@id":"https:\/\/vosgesinfo.fr\/epinalinfo\/#website"},"primaryImageOfPage":{"@id":"https:\/\/vosgesinfo.fr\/epinalinfo\/2025\/05\/tour-des-vosges-a-vtt-alexandrine-pierot-pedale-pour-les-orphelins-des-sapeurs-pompiers\/#primaryimage"},"image":{"@id":"https:\/\/vosgesinfo.fr\/epinalinfo\/2025\/05\/tour-des-vosges-a-vtt-alexandrine-pierot-pedale-pour-les-orphelins-des-sapeurs-pompiers\/#primaryimage"},"thumbnailUrl":"https:\/\/vosgesinfo.fr\/app\/uploads\/sites\/3\/2025\/05\/rotary-club-14.jpg","datePublished":"2025-05-10T13:50:03+00:00","dateModified":"2025-05-10T13:40:56+00:00","breadcrumb":{"@id":"https:\/\/vosgesinfo.fr\/epinalinfo\/2025\/05\/tour-des-vosges-a-vtt-alexandrine-pierot-pedale-pour-les-orphelins-des-sapeurs-pompiers\/#breadcrumb"},"inLanguage":"fr-FR","potentialAction":[{"@type":"ReadAction","target":["https:\/\/vosgesinfo.fr\/epinalinfo\/2025\/05\/tour-des-vosges-a-vtt-alexandrine-pierot-pedale-pour-les-orphelins-des-sapeurs-pompiers\/"]}]},{"@type":"ImageObject","inLanguage":"fr-FR","@id":"https:\/\/vosgesinfo.fr\/epinalinfo\/2025\/05\/tour-des-vosges-a-vtt-alexandrine-pierot-pedale-pour-les-orphelins-des-sapeurs-pompiers\/#primaryimage","url":"https:\/\/vosgesinfo.fr\/app\/uploads\/sites\/3\/2025\/05\/rotary-club-14.jpg","contentUrl":"https:\/\/vosgesinfo.fr\/app\/uploads\/sites\/3\/2025\/05\/rotary-club-14.jpg","width":690,"height":461,"caption":"PBP-PHOTOGRAPHIE"},{"@type":"BreadcrumbList","@id":"https:\/\/vosgesinfo.fr\/epinalinfo\/2025\/05\/tour-des-vosges-a-vtt-alexandrine-pierot-pedale-pour-les-orphelins-des-sapeurs-pompiers\/#breadcrumb","itemListElement":[{"@type":"ListItem","position":1,"name":"Home","item":"https:\/\/vosgesinfo.fr\/epinalinfo\/"},{"@type":"ListItem","position":2,"name":"Tour des Vosges \u00e0 VTT : Alexandrine Pierot p\u00e9dale pour les orphelins des sapeurs-pompiers"}]},{"@type":"WebSite","@id":"https:\/\/vosgesinfo.fr\/epinalinfo\/#website","url":"https:\/\/vosgesinfo.fr\/epinalinfo\/","name":"Epinal Info","description":"Toute l&#039;actualit\u00e9 d&#039;\u00c9pinal","publisher":{"@id":"https:\/\/vosgesinfo.fr\/epinalinfo\/#organization"},"alternateName":"Toute l'actualit\u00e9 d'\u00c9pinal","potentialAction":[{"@type":"SearchAction","target":{"@type":"EntryPoint","urlTemplate":"https:\/\/vosgesinfo.fr\/epinalinfo\/?s={search_term_string}"},"query-input":"required name=search_term_string"}],"inLanguage":"fr-FR"},{"@type":"Organization","@id":"https:\/\/vosgesinfo.fr\/epinalinfo\/#organization","name":"Epinal Info","url":"https:\/\/vosgesinfo.fr\/epinalinfo\/","logo":{"@type":"ImageObject","inLanguage":"fr-FR","@id":"https:\/\/vosgesinfo.fr\/epinalinfo\/#\/schema\/logo\/image\/","url":"https:\/\/vosgesinfo.fr\/app\/uploads\/sites\/3\/2023\/08\/logo-epinalinfos.svg","contentUrl":"https:\/\/vosgesinfo.fr\/app\/uploads\/sites\/3\/2023\/08\/logo-epinalinfos.svg","width":1,"height":1,"caption":"Epinal Info"},"image":{"@id":"https:\/\/vosgesinfo.fr\/epinalinfo\/#\/schema\/logo\/image\/"},"sameAs":["https:\/\/www.facebook.com\/Epinalinfos","https:\/\/x.com\/VosgesInfo88","https:\/\/www.youtube.com\/@vosgesinfo"]},{"@type":"Person","@id":"https:\/\/vosgesinfo.fr\/epinalinfo\/#\/schema\/person\/6f9a650eeea99d969b6c4ab78fccbe81","name":"C.K.","image":{"@type":"ImageObject","inLanguage":"fr-FR","@id":"https:\/\/vosgesinfo.fr\/epinalinfo\/#\/schema\/person\/image\/","url":"https:\/\/secure.gravatar.com\/avatar\/48e3fc7f8421ba8942be6b74a2b7f014ca39bc00dece156b7a8e098ae7dc87bf?s=96&d=mm&r=g","contentUrl":"https:\/\/secure.gravatar.com\/avatar\/48e3fc7f8421ba8942be6b74a2b7f014ca39bc00dece156b7a8e098ae7dc87bf?s=96&d=mm&r=g","caption":"C.K."},"url":"https:\/\/vosgesinfo.fr\/epinalinfo\/author\/celia-k-n\/"}]}},"_links":{"self":[{"href":"https:\/\/vosgesinfo.fr\/epinalinfo\/wp-json\/wp\/v2\/posts\/131714","targetHints":{"allow":["GET"]}}],"collection":[{"href":"https:\/\/vosgesinfo.fr\/epinalinfo\/wp-json\/wp\/v2\/posts"}],"about":[{"href":"https:\/\/vosgesinfo.fr\/epinalinfo\/wp-json\/wp\/v2\/types\/post"}],"author":[{"embeddable":true,"href":"https:\/\/vosgesinfo.fr\/epinalinfo\/wp-json\/wp\/v2\/users\/52"}],"replies":[{"embeddable":true,"href":"https:\/\/vosgesinfo.fr\/epinalinfo\/wp-json\/wp\/v2\/comments?post=131714"}],"version-history":[{"count":1,"href":"https:\/\/vosgesinfo.fr\/epinalinfo\/wp-json\/wp\/v2\/posts\/131714\/revisions"}],"predecessor-version":[{"id":131723,"href":"https:\/\/vosgesinfo.fr\/epinalinfo\/wp-json\/wp\/v2\/posts\/131714\/revisions\/131723"}],"wp:featuredmedia":[{"embeddable":true,"href":"https:\/\/vosgesinfo.fr\/epinalinfo\/wp-json\/wp\/v2\/media\/131715"}],"wp:attachment":[{"href":"https:\/\/vosgesinfo.fr\/epinalinfo\/wp-json\/wp\/v2\/media?parent=131714"}],"wp:term":[{"taxonomy":"category","embeddable":true,"href":"https:\/\/vosgesinfo.fr\/epinalinfo\/wp-json\/wp\/v2\/categories?post=131714"},{"taxonomy":"post_tag","embeddable":true,"href":"https:\/\/vosgesinfo.fr\/epinalinfo\/wp-json\/wp\/v2\/tags?post=131714"}],"curies":[{"name":"wp","href":"https:\/\/api.w.org\/{rel}","templated":true}]}}