{"id":131724,"date":"2025-05-10T16:00:52","date_gmt":"2025-05-10T14:00:52","guid":{"rendered":"https:\/\/vosgesinfo.fr\/epinalinfo\/?p=131724"},"modified":"2025-05-10T15:44:01","modified_gmt":"2025-05-10T13:44:01","slug":"nestle-waters-sommee-de-retirer-certains-dispositifs-de-microfiltration-dans-les-vosges","status":"publish","type":"post","link":"https:\/\/vosgesinfo.fr\/epinalinfo\/2025\/05\/nestle-waters-sommee-de-retirer-certains-dispositifs-de-microfiltration-dans-les-vosges\/","title":{"rendered":"Nestl\u00e9 Waters somm\u00e9e de retirer certains dispositifs de microfiltration dans les Vosges"},"content":{"rendered":"<h2 data-start=\"484\" data-end=\"947\"><strong><a href=\"https:\/\/vosgesinfo.fr\/app\/uploads\/sites\/3\/2022\/02\/nestle-waters.jpeg\"><img decoding=\"async\" class=\"aligncenter size-full wp-image-1228\" src=\"https:\/\/vosgesinfo.fr\/app\/uploads\/sites\/3\/2022\/02\/nestle-waters.jpeg\" alt=\"\" width=\"800\" height=\"450\" srcset=\"https:\/\/vosgesinfo.fr\/app\/uploads\/sites\/3\/2022\/02\/nestle-waters.jpeg 800w, https:\/\/vosgesinfo.fr\/app\/uploads\/sites\/3\/2022\/02\/nestle-waters-300x169.jpeg 300w, https:\/\/vosgesinfo.fr\/app\/uploads\/sites\/3\/2022\/02\/nestle-waters-768x432.jpeg 768w\" sizes=\"(max-width: 800px) 100vw, 800px\" \/><\/a>La pr\u00e9fecture des Vosges a rappel\u00e9 ce vendredi soir que la soci\u00e9t\u00e9 Nestl\u00e9 Waters Supply Est devra retirer, dans un d\u00e9lai de deux mois, l\u2019ensemble de ses dispositifs de microfiltration de l\u2019eau dont le seuil de coupure est inf\u00e9rieur \u00e0 0,45 microns. Une exigence r\u00e9glementaire impos\u00e9e par un arr\u00eat\u00e9 pr\u00e9fectoral sign\u00e9 le 15 avril dernier par la pr\u00e9f\u00e8te Val\u00e9rie Michel-Moreaux, sur proposition de l\u2019Agence r\u00e9gionale de sant\u00e9 (ARS) Grand Est.<\/strong><\/h2>\n<p class=\"\" data-start=\"2008\" data-end=\"2263\">\n<p><strong>Communiqu\u00e9 de presse\u00a0<\/strong><\/p>\n<p>Par arr\u00eat\u00e9 en date du 15 avril 2025, Val\u00e9rie Michel Moreaux, pr\u00e9f\u00e8te des Vosges, sur proposition de l\u2019Agence r\u00e9gionale de sant\u00e9 Grand Est a enjoint la soci\u00e9t\u00e9 Nestl\u00e9 Waters Suply Est, \u00e0 retirer sous deux mois, tout dispositif de microfiltration de l\u2019eau dont le seuil de coupure est inf\u00e9rieur \u00e0 0,45 microns.<\/p>\n<p>Cette d\u00e9cision s\u2019inscrit dans le respect des r\u00e9glementations europ\u00e9enne et nationale, et des\u00a0orientations fix\u00e9es par la Direction g\u00e9n\u00e9rale de la sant\u00e9, selon laquelle un seuil de filtration de l\u2019eau inf\u00e9rieur \u00e0 0,45 microns est susceptible de modifier le microbisme de l\u2019eau.<\/p>\n<p>L\u2019arr\u00eat\u00e9 pr\u00e9fectoral, qui a \u00e9t\u00e9 notifi\u00e9 individuellement \u00e0 l\u2019exploitant en date du 22 avril 2025, enjoignait l\u2019industriel \u00e0 pr\u00e9senter un plan de modification de son processus industriel sous quinze jours. R\u00e9ceptionn\u00e9 le 7 mai 2025 par les services instructeurs de l\u2019Agence r\u00e9gionale de sant\u00e9 Grand Est, ce plan est en cours d\u2019examen. Le nouveau processus industriel doit \u00eatre mis en place le 22 Juin 2025, au plus tard.<\/p>\n<p>Les eaux embouteill\u00e9es font l\u2019objet de v\u00e9rifications r\u00e9guli\u00e8res par Nestl\u00e9 Waters Supply Est, et d\u2019un contr\u00f4le sanitaire r\u00e9gulier et renforc\u00e9 par l\u2019Agence R\u00e9gionale de Sant\u00e9 Grand Est. Aucune alerte sanitaire n\u2019a \u00e9t\u00e9 relev\u00e9e \u00e0 ce jour.<\/p>\n<p>Les services de l\u2019Etat sont pleinement mobilis\u00e9s pour assurer le respect des exigences r\u00e9glementaires applicables aux eaux min\u00e9rales naturelles.<\/p>\n","protected":false},"excerpt":{"rendered":"<p>La pr\u00e9fecture des Vosges a rappel\u00e9 ce vendredi soir que la soci\u00e9t\u00e9 Nestl\u00e9 Waters Supply Est devra retirer, dans un [&hellip;]<\/p>\n","protected":false},"author":41,"featured_media":1228,"comment_status":"open","ping_status":"open","sticky":false,"template":"","format":"standard","meta":{"footnotes":""},"categories":[22,5],"tags":[],"class_list":["post-131724","post","type-post","status-publish","format-standard","has-post-thumbnail","hentry","category-a-la-une","category-vosges"],"acf":[],"yoast_head":"<!-- This site is optimized with the Yoast SEO plugin v22.5 - https:\/\/yoast.com\/wordpress\/plugins\/seo\/ -->\n<title>Nestl\u00e9 Waters somm\u00e9e de retirer certains dispositifs de microfiltration dans les Vosges - Epinal Info<\/title>\n<meta name=\"robots\" content=\"index, follow, max-snippet:-1, max-image-preview:large, max-video-preview:-1\" \/>\n<link rel=\"canonical\" href=\"https:\/\/vosgesinfo.fr\/epinalinfo\/2025\/05\/nestle-waters-sommee-de-retirer-certains-dispositifs-de-microfiltration-dans-les-vosges\/\" \/>\n<meta name=\"twitter:card\" content=\"summary_large_image\" \/>\n<meta name=\"twitter:title\" content=\"Nestl\u00e9 Waters somm\u00e9e de retirer certains dispositifs de microfiltration dans les Vosges - Epinal Info\" \/>\n<meta name=\"twitter:description\" content=\"La pr\u00e9fecture des Vosges a rappel\u00e9 ce vendredi soir que la soci\u00e9t\u00e9 Nestl\u00e9 Waters Supply Est devra retirer, dans un [&hellip;]\" \/>\n<meta name=\"twitter:image\" content=\"https:\/\/vosgesinfo.fr\/app\/uploads\/sites\/3\/2022\/02\/nestle-waters.jpeg\" \/>\n<meta name=\"twitter:creator\" content=\"@VosgesInfo88\" \/>\n<meta name=\"twitter:site\" content=\"@VosgesInfo88\" \/>\n<meta name=\"twitter:label1\" content=\"\u00c9crit par\" \/>\n\t<meta name=\"twitter:data1\" content=\"La r\u00e9daction\" \/>\n\t<meta name=\"twitter:label2\" content=\"Dur\u00e9e de lecture estim\u00e9e\" \/>\n\t<meta name=\"twitter:data2\" content=\"2 minutes\" \/>\n<script type=\"application\/ld+json\" class=\"yoast-schema-graph\">{\"@context\":\"https:\/\/schema.org\",\"@graph\":[{\"@type\":\"Article\",\"@id\":\"https:\/\/vosgesinfo.fr\/epinalinfo\/2025\/05\/nestle-waters-sommee-de-retirer-certains-dispositifs-de-microfiltration-dans-les-vosges\/#article\",\"isPartOf\":{\"@id\":\"https:\/\/vosgesinfo.fr\/epinalinfo\/2025\/05\/nestle-waters-sommee-de-retirer-certains-dispositifs-de-microfiltration-dans-les-vosges\/\"},\"author\":{\"name\":\"La r\u00e9daction\",\"@id\":\"https:\/\/vosgesinfo.fr\/epinalinfo\/#\/schema\/person\/44f5fff67d0ae31d2770e1f7555c711d\"},\"headline\":\"Nestl\u00e9 Waters somm\u00e9e de retirer certains dispositifs de microfiltration dans les Vosges\",\"datePublished\":\"2025-05-10T14:00:52+00:00\",\"dateModified\":\"2025-05-10T13:44:01+00:00\",\"mainEntityOfPage\":{\"@id\":\"https:\/\/vosgesinfo.fr\/epinalinfo\/2025\/05\/nestle-waters-sommee-de-retirer-certains-dispositifs-de-microfiltration-dans-les-vosges\/\"},\"wordCount\":344,\"commentCount\":0,\"publisher\":{\"@id\":\"https:\/\/vosgesinfo.fr\/epinalinfo\/#organization\"},\"image\":{\"@id\":\"https:\/\/vosgesinfo.fr\/epinalinfo\/2025\/05\/nestle-waters-sommee-de-retirer-certains-dispositifs-de-microfiltration-dans-les-vosges\/#primaryimage\"},\"thumbnailUrl\":\"https:\/\/vosgesinfo.fr\/app\/uploads\/sites\/3\/2022\/02\/nestle-waters.jpeg\",\"articleSection\":[\"A la Une\",\"Vosges\"],\"inLanguage\":\"fr-FR\",\"potentialAction\":[{\"@type\":\"CommentAction\",\"name\":\"Comment\",\"target\":[\"https:\/\/vosgesinfo.fr\/epinalinfo\/2025\/05\/nestle-waters-sommee-de-retirer-certains-dispositifs-de-microfiltration-dans-les-vosges\/#respond\"]}]},{\"@type\":\"WebPage\",\"@id\":\"https:\/\/vosgesinfo.fr\/epinalinfo\/2025\/05\/nestle-waters-sommee-de-retirer-certains-dispositifs-de-microfiltration-dans-les-vosges\/\",\"url\":\"https:\/\/vosgesinfo.fr\/epinalinfo\/2025\/05\/nestle-waters-sommee-de-retirer-certains-dispositifs-de-microfiltration-dans-les-vosges\/\",\"name\":\"Nestl\u00e9 Waters somm\u00e9e de retirer certains dispositifs de microfiltration dans les Vosges - Epinal Info\",\"isPartOf\":{\"@id\":\"https:\/\/vosgesinfo.fr\/epinalinfo\/#website\"},\"primaryImageOfPage\":{\"@id\":\"https:\/\/vosgesinfo.fr\/epinalinfo\/2025\/05\/nestle-waters-sommee-de-retirer-certains-dispositifs-de-microfiltration-dans-les-vosges\/#primaryimage\"},\"image\":{\"@id\":\"https:\/\/vosgesinfo.fr\/epinalinfo\/2025\/05\/nestle-waters-sommee-de-retirer-certains-dispositifs-de-microfiltration-dans-les-vosges\/#primaryimage\"},\"thumbnailUrl\":\"https:\/\/vosgesinfo.fr\/app\/uploads\/sites\/3\/2022\/02\/nestle-waters.jpeg\",\"datePublished\":\"2025-05-10T14:00:52+00:00\",\"dateModified\":\"2025-05-10T13:44:01+00:00\",\"breadcrumb\":{\"@id\":\"https:\/\/vosgesinfo.fr\/epinalinfo\/2025\/05\/nestle-waters-sommee-de-retirer-certains-dispositifs-de-microfiltration-dans-les-vosges\/#breadcrumb\"},\"inLanguage\":\"fr-FR\",\"potentialAction\":[{\"@type\":\"ReadAction\",\"target\":[\"https:\/\/vosgesinfo.fr\/epinalinfo\/2025\/05\/nestle-waters-sommee-de-retirer-certains-dispositifs-de-microfiltration-dans-les-vosges\/\"]}]},{\"@type\":\"ImageObject\",\"inLanguage\":\"fr-FR\",\"@id\":\"https:\/\/vosgesinfo.fr\/epinalinfo\/2025\/05\/nestle-waters-sommee-de-retirer-certains-dispositifs-de-microfiltration-dans-les-vosges\/#primaryimage\",\"url\":\"https:\/\/vosgesinfo.fr\/app\/uploads\/sites\/3\/2022\/02\/nestle-waters.jpeg\",\"contentUrl\":\"https:\/\/vosgesinfo.fr\/app\/uploads\/sites\/3\/2022\/02\/nestle-waters.jpeg\",\"width\":800,\"height\":450},{\"@type\":\"BreadcrumbList\",\"@id\":\"https:\/\/vosgesinfo.fr\/epinalinfo\/2025\/05\/nestle-waters-sommee-de-retirer-certains-dispositifs-de-microfiltration-dans-les-vosges\/#breadcrumb\",\"itemListElement\":[{\"@type\":\"ListItem\",\"position\":1,\"name\":\"Home\",\"item\":\"https:\/\/vosgesinfo.fr\/epinalinfo\/\"},{\"@type\":\"ListItem\",\"position\":2,\"name\":\"Nestl\u00e9 Waters somm\u00e9e de retirer certains dispositifs de microfiltration dans les Vosges\"}]},{\"@type\":\"WebSite\",\"@id\":\"https:\/\/vosgesinfo.fr\/epinalinfo\/#website\",\"url\":\"https:\/\/vosgesinfo.fr\/epinalinfo\/\",\"name\":\"Epinal Info\",\"description\":\"Toute l&#039;actualit\u00e9 d&#039;\u00c9pinal\",\"publisher\":{\"@id\":\"https:\/\/vosgesinfo.fr\/epinalinfo\/#organization\"},\"alternateName\":\"Toute l'actualit\u00e9 d'\u00c9pinal\",\"potentialAction\":[{\"@type\":\"SearchAction\",\"target\":{\"@type\":\"EntryPoint\",\"urlTemplate\":\"https:\/\/vosgesinfo.fr\/epinalinfo\/?s={search_term_string}\"},\"query-input\":\"required name=search_term_string\"}],\"inLanguage\":\"fr-FR\"},{\"@type\":\"Organization\",\"@id\":\"https:\/\/vosgesinfo.fr\/epinalinfo\/#organization\",\"name\":\"Epinal Info\",\"url\":\"https:\/\/vosgesinfo.fr\/epinalinfo\/\",\"logo\":{\"@type\":\"ImageObject\",\"inLanguage\":\"fr-FR\",\"@id\":\"https:\/\/vosgesinfo.fr\/epinalinfo\/#\/schema\/logo\/image\/\",\"url\":\"https:\/\/vosgesinfo.fr\/app\/uploads\/sites\/3\/2023\/08\/logo-epinalinfos.svg\",\"contentUrl\":\"https:\/\/vosgesinfo.fr\/app\/uploads\/sites\/3\/2023\/08\/logo-epinalinfos.svg\",\"width\":1,\"height\":1,\"caption\":\"Epinal Info\"},\"image\":{\"@id\":\"https:\/\/vosgesinfo.fr\/epinalinfo\/#\/schema\/logo\/image\/\"},\"sameAs\":[\"https:\/\/www.facebook.com\/Epinalinfos\",\"https:\/\/x.com\/VosgesInfo88\",\"https:\/\/www.youtube.com\/@vosgesinfo\"]},{\"@type\":\"Person\",\"@id\":\"https:\/\/vosgesinfo.fr\/epinalinfo\/#\/schema\/person\/44f5fff67d0ae31d2770e1f7555c711d\",\"name\":\"La r\u00e9daction\",\"image\":{\"@type\":\"ImageObject\",\"inLanguage\":\"fr-FR\",\"@id\":\"https:\/\/vosgesinfo.fr\/epinalinfo\/#\/schema\/person\/image\/\",\"url\":\"https:\/\/secure.gravatar.com\/avatar\/16dedd2578b2ae59b9a3a38f046defecb4cf834aaec7bb1d03d9ba6b5e55a8d5?s=96&d=mm&r=g\",\"contentUrl\":\"https:\/\/secure.gravatar.com\/avatar\/16dedd2578b2ae59b9a3a38f046defecb4cf834aaec7bb1d03d9ba6b5e55a8d5?s=96&d=mm&r=g\",\"caption\":\"La r\u00e9daction\"},\"url\":\"https:\/\/vosgesinfo.fr\/epinalinfo\/author\/poupy\/\"}]}<\/script>\n<!-- \/ Yoast SEO plugin. -->","yoast_head_json":{"title":"Nestl\u00e9 Waters somm\u00e9e de retirer certains dispositifs de microfiltration dans les Vosges - Epinal Info","robots":{"index":"index","follow":"follow","max-snippet":"max-snippet:-1","max-image-preview":"max-image-preview:large","max-video-preview":"max-video-preview:-1"},"canonical":"https:\/\/vosgesinfo.fr\/epinalinfo\/2025\/05\/nestle-waters-sommee-de-retirer-certains-dispositifs-de-microfiltration-dans-les-vosges\/","twitter_card":"summary_large_image","twitter_title":"Nestl\u00e9 Waters somm\u00e9e de retirer certains dispositifs de microfiltration dans les Vosges - Epinal Info","twitter_description":"La pr\u00e9fecture des Vosges a rappel\u00e9 ce vendredi soir que la soci\u00e9t\u00e9 Nestl\u00e9 Waters Supply Est devra retirer, dans un [&hellip;]","twitter_image":"https:\/\/vosgesinfo.fr\/app\/uploads\/sites\/3\/2022\/02\/nestle-waters.jpeg","twitter_creator":"@VosgesInfo88","twitter_site":"@VosgesInfo88","twitter_misc":{"\u00c9crit par":"La r\u00e9daction","Dur\u00e9e de lecture estim\u00e9e":"2 minutes"},"schema":{"@context":"https:\/\/schema.org","@graph":[{"@type":"Article","@id":"https:\/\/vosgesinfo.fr\/epinalinfo\/2025\/05\/nestle-waters-sommee-de-retirer-certains-dispositifs-de-microfiltration-dans-les-vosges\/#article","isPartOf":{"@id":"https:\/\/vosgesinfo.fr\/epinalinfo\/2025\/05\/nestle-waters-sommee-de-retirer-certains-dispositifs-de-microfiltration-dans-les-vosges\/"},"author":{"name":"La r\u00e9daction","@id":"https:\/\/vosgesinfo.fr\/epinalinfo\/#\/schema\/person\/44f5fff67d0ae31d2770e1f7555c711d"},"headline":"Nestl\u00e9 Waters somm\u00e9e de retirer certains dispositifs de microfiltration dans les Vosges","datePublished":"2025-05-10T14:00:52+00:00","dateModified":"2025-05-10T13:44:01+00:00","mainEntityOfPage":{"@id":"https:\/\/vosgesinfo.fr\/epinalinfo\/2025\/05\/nestle-waters-sommee-de-retirer-certains-dispositifs-de-microfiltration-dans-les-vosges\/"},"wordCount":344,"commentCount":0,"publisher":{"@id":"https:\/\/vosgesinfo.fr\/epinalinfo\/#organization"},"image":{"@id":"https:\/\/vosgesinfo.fr\/epinalinfo\/2025\/05\/nestle-waters-sommee-de-retirer-certains-dispositifs-de-microfiltration-dans-les-vosges\/#primaryimage"},"thumbnailUrl":"https:\/\/vosgesinfo.fr\/app\/uploads\/sites\/3\/2022\/02\/nestle-waters.jpeg","articleSection":["A la Une","Vosges"],"inLanguage":"fr-FR","potentialAction":[{"@type":"CommentAction","name":"Comment","target":["https:\/\/vosgesinfo.fr\/epinalinfo\/2025\/05\/nestle-waters-sommee-de-retirer-certains-dispositifs-de-microfiltration-dans-les-vosges\/#respond"]}]},{"@type":"WebPage","@id":"https:\/\/vosgesinfo.fr\/epinalinfo\/2025\/05\/nestle-waters-sommee-de-retirer-certains-dispositifs-de-microfiltration-dans-les-vosges\/","url":"https:\/\/vosgesinfo.fr\/epinalinfo\/2025\/05\/nestle-waters-sommee-de-retirer-certains-dispositifs-de-microfiltration-dans-les-vosges\/","name":"Nestl\u00e9 Waters somm\u00e9e de retirer certains dispositifs de microfiltration dans les Vosges - Epinal Info","isPartOf":{"@id":"https:\/\/vosgesinfo.fr\/epinalinfo\/#website"},"primaryImageOfPage":{"@id":"https:\/\/vosgesinfo.fr\/epinalinfo\/2025\/05\/nestle-waters-sommee-de-retirer-certains-dispositifs-de-microfiltration-dans-les-vosges\/#primaryimage"},"image":{"@id":"https:\/\/vosgesinfo.fr\/epinalinfo\/2025\/05\/nestle-waters-sommee-de-retirer-certains-dispositifs-de-microfiltration-dans-les-vosges\/#primaryimage"},"thumbnailUrl":"https:\/\/vosgesinfo.fr\/app\/uploads\/sites\/3\/2022\/02\/nestle-waters.jpeg","datePublished":"2025-05-10T14:00:52+00:00","dateModified":"2025-05-10T13:44:01+00:00","breadcrumb":{"@id":"https:\/\/vosgesinfo.fr\/epinalinfo\/2025\/05\/nestle-waters-sommee-de-retirer-certains-dispositifs-de-microfiltration-dans-les-vosges\/#breadcrumb"},"inLanguage":"fr-FR","potentialAction":[{"@type":"ReadAction","target":["https:\/\/vosgesinfo.fr\/epinalinfo\/2025\/05\/nestle-waters-sommee-de-retirer-certains-dispositifs-de-microfiltration-dans-les-vosges\/"]}]},{"@type":"ImageObject","inLanguage":"fr-FR","@id":"https:\/\/vosgesinfo.fr\/epinalinfo\/2025\/05\/nestle-waters-sommee-de-retirer-certains-dispositifs-de-microfiltration-dans-les-vosges\/#primaryimage","url":"https:\/\/vosgesinfo.fr\/app\/uploads\/sites\/3\/2022\/02\/nestle-waters.jpeg","contentUrl":"https:\/\/vosgesinfo.fr\/app\/uploads\/sites\/3\/2022\/02\/nestle-waters.jpeg","width":800,"height":450},{"@type":"BreadcrumbList","@id":"https:\/\/vosgesinfo.fr\/epinalinfo\/2025\/05\/nestle-waters-sommee-de-retirer-certains-dispositifs-de-microfiltration-dans-les-vosges\/#breadcrumb","itemListElement":[{"@type":"ListItem","position":1,"name":"Home","item":"https:\/\/vosgesinfo.fr\/epinalinfo\/"},{"@type":"ListItem","position":2,"name":"Nestl\u00e9 Waters somm\u00e9e de retirer certains dispositifs de microfiltration dans les Vosges"}]},{"@type":"WebSite","@id":"https:\/\/vosgesinfo.fr\/epinalinfo\/#website","url":"https:\/\/vosgesinfo.fr\/epinalinfo\/","name":"Epinal Info","description":"Toute l&#039;actualit\u00e9 d&#039;\u00c9pinal","publisher":{"@id":"https:\/\/vosgesinfo.fr\/epinalinfo\/#organization"},"alternateName":"Toute l'actualit\u00e9 d'\u00c9pinal","potentialAction":[{"@type":"SearchAction","target":{"@type":"EntryPoint","urlTemplate":"https:\/\/vosgesinfo.fr\/epinalinfo\/?s={search_term_string}"},"query-input":"required name=search_term_string"}],"inLanguage":"fr-FR"},{"@type":"Organization","@id":"https:\/\/vosgesinfo.fr\/epinalinfo\/#organization","name":"Epinal Info","url":"https:\/\/vosgesinfo.fr\/epinalinfo\/","logo":{"@type":"ImageObject","inLanguage":"fr-FR","@id":"https:\/\/vosgesinfo.fr\/epinalinfo\/#\/schema\/logo\/image\/","url":"https:\/\/vosgesinfo.fr\/app\/uploads\/sites\/3\/2023\/08\/logo-epinalinfos.svg","contentUrl":"https:\/\/vosgesinfo.fr\/app\/uploads\/sites\/3\/2023\/08\/logo-epinalinfos.svg","width":1,"height":1,"caption":"Epinal Info"},"image":{"@id":"https:\/\/vosgesinfo.fr\/epinalinfo\/#\/schema\/logo\/image\/"},"sameAs":["https:\/\/www.facebook.com\/Epinalinfos","https:\/\/x.com\/VosgesInfo88","https:\/\/www.youtube.com\/@vosgesinfo"]},{"@type":"Person","@id":"https:\/\/vosgesinfo.fr\/epinalinfo\/#\/schema\/person\/44f5fff67d0ae31d2770e1f7555c711d","name":"La r\u00e9daction","image":{"@type":"ImageObject","inLanguage":"fr-FR","@id":"https:\/\/vosgesinfo.fr\/epinalinfo\/#\/schema\/person\/image\/","url":"https:\/\/secure.gravatar.com\/avatar\/16dedd2578b2ae59b9a3a38f046defecb4cf834aaec7bb1d03d9ba6b5e55a8d5?s=96&d=mm&r=g","contentUrl":"https:\/\/secure.gravatar.com\/avatar\/16dedd2578b2ae59b9a3a38f046defecb4cf834aaec7bb1d03d9ba6b5e55a8d5?s=96&d=mm&r=g","caption":"La r\u00e9daction"},"url":"https:\/\/vosgesinfo.fr\/epinalinfo\/author\/poupy\/"}]}},"_links":{"self":[{"href":"https:\/\/vosgesinfo.fr\/epinalinfo\/wp-json\/wp\/v2\/posts\/131724","targetHints":{"allow":["GET"]}}],"collection":[{"href":"https:\/\/vosgesinfo.fr\/epinalinfo\/wp-json\/wp\/v2\/posts"}],"about":[{"href":"https:\/\/vosgesinfo.fr\/epinalinfo\/wp-json\/wp\/v2\/types\/post"}],"author":[{"embeddable":true,"href":"https:\/\/vosgesinfo.fr\/epinalinfo\/wp-json\/wp\/v2\/users\/41"}],"replies":[{"embeddable":true,"href":"https:\/\/vosgesinfo.fr\/epinalinfo\/wp-json\/wp\/v2\/comments?post=131724"}],"version-history":[{"count":1,"href":"https:\/\/vosgesinfo.fr\/epinalinfo\/wp-json\/wp\/v2\/posts\/131724\/revisions"}],"predecessor-version":[{"id":131725,"href":"https:\/\/vosgesinfo.fr\/epinalinfo\/wp-json\/wp\/v2\/posts\/131724\/revisions\/131725"}],"wp:featuredmedia":[{"embeddable":true,"href":"https:\/\/vosgesinfo.fr\/epinalinfo\/wp-json\/wp\/v2\/media\/1228"}],"wp:attachment":[{"href":"https:\/\/vosgesinfo.fr\/epinalinfo\/wp-json\/wp\/v2\/media?parent=131724"}],"wp:term":[{"taxonomy":"category","embeddable":true,"href":"https:\/\/vosgesinfo.fr\/epinalinfo\/wp-json\/wp\/v2\/categories?post=131724"},{"taxonomy":"post_tag","embeddable":true,"href":"https:\/\/vosgesinfo.fr\/epinalinfo\/wp-json\/wp\/v2\/tags?post=131724"}],"curies":[{"name":"wp","href":"https:\/\/api.w.org\/{rel}","templated":true}]}}