{"id":132123,"date":"2025-05-20T08:30:48","date_gmt":"2025-05-20T06:30:48","guid":{"rendered":"https:\/\/vosgesinfo.fr\/epinalinfo\/?p=132123"},"modified":"2025-05-20T08:30:48","modified_gmt":"2025-05-20T06:30:48","slug":"le-grand-est-decroche-840-millions-deuros-dinvestissements-au-sommet-choose-france","status":"publish","type":"post","link":"https:\/\/vosgesinfo.fr\/epinalinfo\/2025\/05\/le-grand-est-decroche-840-millions-deuros-dinvestissements-au-sommet-choose-france\/","title":{"rendered":"Le Grand Est d\u00e9croche 840 millions d&rsquo;euros d&rsquo;investissements au sommet Choose France"},"content":{"rendered":"<p><a href=\"https:\/\/vosgesinfo.fr\/app\/uploads\/sites\/4\/2025\/05\/choose-france-grand-est.jpg\"><img decoding=\"async\" class=\"alignnone size-large wp-image-78065\" src=\"https:\/\/vosgesinfo.fr\/app\/uploads\/sites\/4\/2025\/05\/choose-france-grand-est-1024x597.jpg\" alt=\"\" width=\"1024\" height=\"597\" \/><\/a><\/p>\n<h2>Lors du sommet <strong>Choose France<\/strong> organis\u00e9 ce lundi 19 mai \u00e0 Versailles, <strong>le Grand Est s\u2019est vu attribuer 7 projets d\u2019investissement<\/strong> sur les 53 annonc\u00e9s \u00e0 l\u2019\u00e9chelle nationale. Cela repr\u00e9sente <strong>13 % des projets retenus<\/strong>, pour un montant global de <strong>840 millions d\u2019euros<\/strong> inject\u00e9s dans l\u2019\u00e9conomie r\u00e9gionale.<\/h2>\n<p><!--more--><\/p>\n<p>Parmi les annonces les plus notables, <strong>l\u2019entreprise am\u00e9ricaine Circ<\/strong> pr\u00e9voit <strong>450 millions d\u2019euros<\/strong> pour implanter \u00e0 <strong>Saint-Avold<\/strong> la premi\u00e8re usine mondiale de recyclage chimique textile. \u00c0 terme, <strong>200 emplois<\/strong> directs et indirects seront cr\u00e9\u00e9s. <strong>Daimler Buses<\/strong>, constructeur allemand, va investir <strong>92 millions d\u2019euros<\/strong> pour <strong>agrandir son site de Ligny-en-Barrois<\/strong>, avec \u00e0 la cl\u00e9 <strong>600 recrutements<\/strong> dans le secteur de la mobilit\u00e9 durable.<\/p>\n<p>D&rsquo;autres projets soutiennent cette dynamique r\u00e9gionale :<\/p>\n<ul>\n<li><strong>CAF<\/strong>, entreprise espagnole sp\u00e9cialis\u00e9e dans les mat\u00e9riels roulants ferroviaires, injectera <strong>50 millions d\u2019euros<\/strong> sur ses sites de <strong>Reichshoffen<\/strong> et <strong>Bagn\u00e8res-de-Bigorre<\/strong>, avec <strong>200 embauches pr\u00e9vues d\u2019ici 2028<\/strong>.<\/li>\n<li><strong>Coleo<\/strong>, \u00e9galement espagnole, implantera un <strong>deuxi\u00e8me site de recyclage textile<\/strong> en Grand Est, avec <strong>10 millions d\u2019euros investis<\/strong>, <strong>50 emplois directs<\/strong> et <strong>250 indirects<\/strong> \u00e0 la cl\u00e9.<\/li>\n<li><strong>DP World<\/strong>, acteur mondial de la logistique bas\u00e9 \u00e0 Duba\u00ef, d\u00e9veloppera un <strong>entrep\u00f4t de 90 000 m\u00b2 \u00e0 Ottmarsheim<\/strong>, en Alsace, pour un investissement de <strong>140 millions d\u2019euros<\/strong> et environ <strong>150 emplois<\/strong> attendus.<\/li>\n<li><strong>Mars Incorporated<\/strong> consacrera <strong>4 millions d\u2019euros<\/strong> \u00e0 son site du Grand Est dans un plan national de modernisation industrielle.<\/li>\n<li>Enfin, le japonais <strong>Nidec<\/strong> pr\u00e9voit pr\u00e8s de <strong>97 millions d\u2019euros<\/strong> pour <strong>accro\u00eetre les capacit\u00e9s de production \u00e0 Tr\u00e9mery<\/strong>, notamment dans le domaine de la mobilit\u00e9 \u00e9lectrique.<\/li>\n<\/ul>\n<p><strong>Le Grand Est confirme ainsi sa place de troisi\u00e8me r\u00e9gion la plus attractive de France<\/strong>, forte d\u2019un tissu industriel diversifi\u00e9 et d\u2019une orientation affirm\u00e9e vers <strong>l\u2019innovation, la d\u00e9carbonation et la circularit\u00e9<\/strong>. Pour le pr\u00e9sident de R\u00e9gion <strong>Franck Leroy<\/strong>, ces annonces illustrent \u00ab la vitalit\u00e9 industrielle \u00bb du territoire et la capacit\u00e9 collective \u00e0 \u00ab concilier innovation, transition \u00e9cologique et d\u00e9veloppement \u00e9conomique \u00bb.<\/p>\n","protected":false},"excerpt":{"rendered":"<p>Lors du sommet Choose France organis\u00e9 ce lundi 19 mai \u00e0 Versailles, le Grand Est s\u2019est vu attribuer 7 projets [&hellip;]<\/p>\n","protected":false},"author":46,"featured_media":132124,"comment_status":"open","ping_status":"open","sticky":false,"template":"","format":"standard","meta":{"footnotes":""},"categories":[22,8,24,6056,6057],"tags":[16653],"class_list":["post-132123","post","type-post","status-publish","format-standard","has-post-thumbnail","hentry","category-a-la-une","category-economie","category-epinal","category-gerardmer","category-la-plaine-des-vosges","tag-choose-france"],"acf":[],"yoast_head":"<!-- This site is optimized with the Yoast SEO plugin v22.5 - https:\/\/yoast.com\/wordpress\/plugins\/seo\/ -->\n<title>Le Grand Est d\u00e9croche 840 millions d&#039;euros d&#039;investissements au sommet Choose France - Epinal Info<\/title>\n<meta name=\"robots\" content=\"index, follow, max-snippet:-1, max-image-preview:large, max-video-preview:-1\" \/>\n<link rel=\"canonical\" href=\"https:\/\/vosgesinfo.fr\/epinalinfo\/2025\/05\/le-grand-est-decroche-840-millions-deuros-dinvestissements-au-sommet-choose-france\/\" \/>\n<meta name=\"twitter:card\" content=\"summary_large_image\" \/>\n<meta name=\"twitter:title\" content=\"Le Grand Est d\u00e9croche 840 millions d&#039;euros d&#039;investissements au sommet Choose France - Epinal Info\" \/>\n<meta name=\"twitter:description\" content=\"Lors du sommet Choose France organis\u00e9 ce lundi 19 mai \u00e0 Versailles, le Grand Est s\u2019est vu attribuer 7 projets [&hellip;]\" \/>\n<meta name=\"twitter:image\" content=\"https:\/\/vosgesinfo.fr\/app\/uploads\/sites\/3\/2025\/05\/choose-france-grand-est.jpg\" \/>\n<meta name=\"twitter:creator\" content=\"@VosgesInfo88\" \/>\n<meta name=\"twitter:site\" content=\"@VosgesInfo88\" \/>\n<meta name=\"twitter:label1\" content=\"\u00c9crit par\" \/>\n\t<meta name=\"twitter:data1\" content=\"J.J.\" \/>\n\t<meta name=\"twitter:label2\" content=\"Dur\u00e9e de lecture estim\u00e9e\" \/>\n\t<meta name=\"twitter:data2\" content=\"2 minutes\" \/>\n<script type=\"application\/ld+json\" class=\"yoast-schema-graph\">{\"@context\":\"https:\/\/schema.org\",\"@graph\":[{\"@type\":\"Article\",\"@id\":\"https:\/\/vosgesinfo.fr\/epinalinfo\/2025\/05\/le-grand-est-decroche-840-millions-deuros-dinvestissements-au-sommet-choose-france\/#article\",\"isPartOf\":{\"@id\":\"https:\/\/vosgesinfo.fr\/epinalinfo\/2025\/05\/le-grand-est-decroche-840-millions-deuros-dinvestissements-au-sommet-choose-france\/\"},\"author\":{\"name\":\"J.J.\",\"@id\":\"https:\/\/vosgesinfo.fr\/epinalinfo\/#\/schema\/person\/fa73e9f726d67bb88f46d5b7943cb572\"},\"headline\":\"Le Grand Est d\u00e9croche 840 millions d&rsquo;euros d&rsquo;investissements au sommet Choose France\",\"datePublished\":\"2025-05-20T06:30:48+00:00\",\"dateModified\":\"2025-05-20T06:30:48+00:00\",\"mainEntityOfPage\":{\"@id\":\"https:\/\/vosgesinfo.fr\/epinalinfo\/2025\/05\/le-grand-est-decroche-840-millions-deuros-dinvestissements-au-sommet-choose-france\/\"},\"wordCount\":332,\"commentCount\":0,\"publisher\":{\"@id\":\"https:\/\/vosgesinfo.fr\/epinalinfo\/#organization\"},\"image\":{\"@id\":\"https:\/\/vosgesinfo.fr\/epinalinfo\/2025\/05\/le-grand-est-decroche-840-millions-deuros-dinvestissements-au-sommet-choose-france\/#primaryimage\"},\"thumbnailUrl\":\"https:\/\/vosgesinfo.fr\/app\/uploads\/sites\/3\/2025\/05\/choose-france-grand-est.jpg\",\"keywords\":[\"Choose France\"],\"articleSection\":[\"A la Une\",\"\u00c9conomie\",\"Epinal\",\"Gerardmer\",\"La plaine des vosges\"],\"inLanguage\":\"fr-FR\",\"potentialAction\":[{\"@type\":\"CommentAction\",\"name\":\"Comment\",\"target\":[\"https:\/\/vosgesinfo.fr\/epinalinfo\/2025\/05\/le-grand-est-decroche-840-millions-deuros-dinvestissements-au-sommet-choose-france\/#respond\"]}]},{\"@type\":\"WebPage\",\"@id\":\"https:\/\/vosgesinfo.fr\/epinalinfo\/2025\/05\/le-grand-est-decroche-840-millions-deuros-dinvestissements-au-sommet-choose-france\/\",\"url\":\"https:\/\/vosgesinfo.fr\/epinalinfo\/2025\/05\/le-grand-est-decroche-840-millions-deuros-dinvestissements-au-sommet-choose-france\/\",\"name\":\"Le Grand Est d\u00e9croche 840 millions d'euros d'investissements au sommet Choose France - Epinal Info\",\"isPartOf\":{\"@id\":\"https:\/\/vosgesinfo.fr\/epinalinfo\/#website\"},\"primaryImageOfPage\":{\"@id\":\"https:\/\/vosgesinfo.fr\/epinalinfo\/2025\/05\/le-grand-est-decroche-840-millions-deuros-dinvestissements-au-sommet-choose-france\/#primaryimage\"},\"image\":{\"@id\":\"https:\/\/vosgesinfo.fr\/epinalinfo\/2025\/05\/le-grand-est-decroche-840-millions-deuros-dinvestissements-au-sommet-choose-france\/#primaryimage\"},\"thumbnailUrl\":\"https:\/\/vosgesinfo.fr\/app\/uploads\/sites\/3\/2025\/05\/choose-france-grand-est.jpg\",\"datePublished\":\"2025-05-20T06:30:48+00:00\",\"dateModified\":\"2025-05-20T06:30:48+00:00\",\"breadcrumb\":{\"@id\":\"https:\/\/vosgesinfo.fr\/epinalinfo\/2025\/05\/le-grand-est-decroche-840-millions-deuros-dinvestissements-au-sommet-choose-france\/#breadcrumb\"},\"inLanguage\":\"fr-FR\",\"potentialAction\":[{\"@type\":\"ReadAction\",\"target\":[\"https:\/\/vosgesinfo.fr\/epinalinfo\/2025\/05\/le-grand-est-decroche-840-millions-deuros-dinvestissements-au-sommet-choose-france\/\"]}]},{\"@type\":\"ImageObject\",\"inLanguage\":\"fr-FR\",\"@id\":\"https:\/\/vosgesinfo.fr\/epinalinfo\/2025\/05\/le-grand-est-decroche-840-millions-deuros-dinvestissements-au-sommet-choose-france\/#primaryimage\",\"url\":\"https:\/\/vosgesinfo.fr\/app\/uploads\/sites\/3\/2025\/05\/choose-france-grand-est.jpg\",\"contentUrl\":\"https:\/\/vosgesinfo.fr\/app\/uploads\/sites\/3\/2025\/05\/choose-france-grand-est.jpg\",\"width\":1200,\"height\":700},{\"@type\":\"BreadcrumbList\",\"@id\":\"https:\/\/vosgesinfo.fr\/epinalinfo\/2025\/05\/le-grand-est-decroche-840-millions-deuros-dinvestissements-au-sommet-choose-france\/#breadcrumb\",\"itemListElement\":[{\"@type\":\"ListItem\",\"position\":1,\"name\":\"Home\",\"item\":\"https:\/\/vosgesinfo.fr\/epinalinfo\/\"},{\"@type\":\"ListItem\",\"position\":2,\"name\":\"Le Grand Est d\u00e9croche 840 millions d&rsquo;euros d&rsquo;investissements au sommet Choose France\"}]},{\"@type\":\"WebSite\",\"@id\":\"https:\/\/vosgesinfo.fr\/epinalinfo\/#website\",\"url\":\"https:\/\/vosgesinfo.fr\/epinalinfo\/\",\"name\":\"Epinal Info\",\"description\":\"Toute l&#039;actualit\u00e9 d&#039;\u00c9pinal\",\"publisher\":{\"@id\":\"https:\/\/vosgesinfo.fr\/epinalinfo\/#organization\"},\"alternateName\":\"Toute l'actualit\u00e9 d'\u00c9pinal\",\"potentialAction\":[{\"@type\":\"SearchAction\",\"target\":{\"@type\":\"EntryPoint\",\"urlTemplate\":\"https:\/\/vosgesinfo.fr\/epinalinfo\/?s={search_term_string}\"},\"query-input\":\"required name=search_term_string\"}],\"inLanguage\":\"fr-FR\"},{\"@type\":\"Organization\",\"@id\":\"https:\/\/vosgesinfo.fr\/epinalinfo\/#organization\",\"name\":\"Epinal Info\",\"url\":\"https:\/\/vosgesinfo.fr\/epinalinfo\/\",\"logo\":{\"@type\":\"ImageObject\",\"inLanguage\":\"fr-FR\",\"@id\":\"https:\/\/vosgesinfo.fr\/epinalinfo\/#\/schema\/logo\/image\/\",\"url\":\"https:\/\/vosgesinfo.fr\/app\/uploads\/sites\/3\/2023\/08\/logo-epinalinfos.svg\",\"contentUrl\":\"https:\/\/vosgesinfo.fr\/app\/uploads\/sites\/3\/2023\/08\/logo-epinalinfos.svg\",\"width\":1,\"height\":1,\"caption\":\"Epinal Info\"},\"image\":{\"@id\":\"https:\/\/vosgesinfo.fr\/epinalinfo\/#\/schema\/logo\/image\/\"},\"sameAs\":[\"https:\/\/www.facebook.com\/Epinalinfos\",\"https:\/\/x.com\/VosgesInfo88\",\"https:\/\/www.youtube.com\/@vosgesinfo\"]},{\"@type\":\"Person\",\"@id\":\"https:\/\/vosgesinfo.fr\/epinalinfo\/#\/schema\/person\/fa73e9f726d67bb88f46d5b7943cb572\",\"name\":\"J.J.\",\"image\":{\"@type\":\"ImageObject\",\"inLanguage\":\"fr-FR\",\"@id\":\"https:\/\/vosgesinfo.fr\/epinalinfo\/#\/schema\/person\/image\/\",\"url\":\"https:\/\/secure.gravatar.com\/avatar\/219e749e47ffbcca018a360ae4add7d4cdf1cdaaf8bc7676b27efade3fe65615?s=96&d=mm&r=g\",\"contentUrl\":\"https:\/\/secure.gravatar.com\/avatar\/219e749e47ffbcca018a360ae4add7d4cdf1cdaaf8bc7676b27efade3fe65615?s=96&d=mm&r=g\",\"caption\":\"J.J.\"},\"url\":\"https:\/\/vosgesinfo.fr\/epinalinfo\/author\/j-j\/\"}]}<\/script>\n<!-- \/ Yoast SEO plugin. -->","yoast_head_json":{"title":"Le Grand Est d\u00e9croche 840 millions d'euros d'investissements au sommet Choose France - Epinal Info","robots":{"index":"index","follow":"follow","max-snippet":"max-snippet:-1","max-image-preview":"max-image-preview:large","max-video-preview":"max-video-preview:-1"},"canonical":"https:\/\/vosgesinfo.fr\/epinalinfo\/2025\/05\/le-grand-est-decroche-840-millions-deuros-dinvestissements-au-sommet-choose-france\/","twitter_card":"summary_large_image","twitter_title":"Le Grand Est d\u00e9croche 840 millions d'euros d'investissements au sommet Choose France - Epinal Info","twitter_description":"Lors du sommet Choose France organis\u00e9 ce lundi 19 mai \u00e0 Versailles, le Grand Est s\u2019est vu attribuer 7 projets [&hellip;]","twitter_image":"https:\/\/vosgesinfo.fr\/app\/uploads\/sites\/3\/2025\/05\/choose-france-grand-est.jpg","twitter_creator":"@VosgesInfo88","twitter_site":"@VosgesInfo88","twitter_misc":{"\u00c9crit par":"J.J.","Dur\u00e9e de lecture estim\u00e9e":"2 minutes"},"schema":{"@context":"https:\/\/schema.org","@graph":[{"@type":"Article","@id":"https:\/\/vosgesinfo.fr\/epinalinfo\/2025\/05\/le-grand-est-decroche-840-millions-deuros-dinvestissements-au-sommet-choose-france\/#article","isPartOf":{"@id":"https:\/\/vosgesinfo.fr\/epinalinfo\/2025\/05\/le-grand-est-decroche-840-millions-deuros-dinvestissements-au-sommet-choose-france\/"},"author":{"name":"J.J.","@id":"https:\/\/vosgesinfo.fr\/epinalinfo\/#\/schema\/person\/fa73e9f726d67bb88f46d5b7943cb572"},"headline":"Le Grand Est d\u00e9croche 840 millions d&rsquo;euros d&rsquo;investissements au sommet Choose France","datePublished":"2025-05-20T06:30:48+00:00","dateModified":"2025-05-20T06:30:48+00:00","mainEntityOfPage":{"@id":"https:\/\/vosgesinfo.fr\/epinalinfo\/2025\/05\/le-grand-est-decroche-840-millions-deuros-dinvestissements-au-sommet-choose-france\/"},"wordCount":332,"commentCount":0,"publisher":{"@id":"https:\/\/vosgesinfo.fr\/epinalinfo\/#organization"},"image":{"@id":"https:\/\/vosgesinfo.fr\/epinalinfo\/2025\/05\/le-grand-est-decroche-840-millions-deuros-dinvestissements-au-sommet-choose-france\/#primaryimage"},"thumbnailUrl":"https:\/\/vosgesinfo.fr\/app\/uploads\/sites\/3\/2025\/05\/choose-france-grand-est.jpg","keywords":["Choose France"],"articleSection":["A la Une","\u00c9conomie","Epinal","Gerardmer","La plaine des vosges"],"inLanguage":"fr-FR","potentialAction":[{"@type":"CommentAction","name":"Comment","target":["https:\/\/vosgesinfo.fr\/epinalinfo\/2025\/05\/le-grand-est-decroche-840-millions-deuros-dinvestissements-au-sommet-choose-france\/#respond"]}]},{"@type":"WebPage","@id":"https:\/\/vosgesinfo.fr\/epinalinfo\/2025\/05\/le-grand-est-decroche-840-millions-deuros-dinvestissements-au-sommet-choose-france\/","url":"https:\/\/vosgesinfo.fr\/epinalinfo\/2025\/05\/le-grand-est-decroche-840-millions-deuros-dinvestissements-au-sommet-choose-france\/","name":"Le Grand Est d\u00e9croche 840 millions d'euros d'investissements au sommet Choose France - Epinal Info","isPartOf":{"@id":"https:\/\/vosgesinfo.fr\/epinalinfo\/#website"},"primaryImageOfPage":{"@id":"https:\/\/vosgesinfo.fr\/epinalinfo\/2025\/05\/le-grand-est-decroche-840-millions-deuros-dinvestissements-au-sommet-choose-france\/#primaryimage"},"image":{"@id":"https:\/\/vosgesinfo.fr\/epinalinfo\/2025\/05\/le-grand-est-decroche-840-millions-deuros-dinvestissements-au-sommet-choose-france\/#primaryimage"},"thumbnailUrl":"https:\/\/vosgesinfo.fr\/app\/uploads\/sites\/3\/2025\/05\/choose-france-grand-est.jpg","datePublished":"2025-05-20T06:30:48+00:00","dateModified":"2025-05-20T06:30:48+00:00","breadcrumb":{"@id":"https:\/\/vosgesinfo.fr\/epinalinfo\/2025\/05\/le-grand-est-decroche-840-millions-deuros-dinvestissements-au-sommet-choose-france\/#breadcrumb"},"inLanguage":"fr-FR","potentialAction":[{"@type":"ReadAction","target":["https:\/\/vosgesinfo.fr\/epinalinfo\/2025\/05\/le-grand-est-decroche-840-millions-deuros-dinvestissements-au-sommet-choose-france\/"]}]},{"@type":"ImageObject","inLanguage":"fr-FR","@id":"https:\/\/vosgesinfo.fr\/epinalinfo\/2025\/05\/le-grand-est-decroche-840-millions-deuros-dinvestissements-au-sommet-choose-france\/#primaryimage","url":"https:\/\/vosgesinfo.fr\/app\/uploads\/sites\/3\/2025\/05\/choose-france-grand-est.jpg","contentUrl":"https:\/\/vosgesinfo.fr\/app\/uploads\/sites\/3\/2025\/05\/choose-france-grand-est.jpg","width":1200,"height":700},{"@type":"BreadcrumbList","@id":"https:\/\/vosgesinfo.fr\/epinalinfo\/2025\/05\/le-grand-est-decroche-840-millions-deuros-dinvestissements-au-sommet-choose-france\/#breadcrumb","itemListElement":[{"@type":"ListItem","position":1,"name":"Home","item":"https:\/\/vosgesinfo.fr\/epinalinfo\/"},{"@type":"ListItem","position":2,"name":"Le Grand Est d\u00e9croche 840 millions d&rsquo;euros d&rsquo;investissements au sommet Choose France"}]},{"@type":"WebSite","@id":"https:\/\/vosgesinfo.fr\/epinalinfo\/#website","url":"https:\/\/vosgesinfo.fr\/epinalinfo\/","name":"Epinal Info","description":"Toute l&#039;actualit\u00e9 d&#039;\u00c9pinal","publisher":{"@id":"https:\/\/vosgesinfo.fr\/epinalinfo\/#organization"},"alternateName":"Toute l'actualit\u00e9 d'\u00c9pinal","potentialAction":[{"@type":"SearchAction","target":{"@type":"EntryPoint","urlTemplate":"https:\/\/vosgesinfo.fr\/epinalinfo\/?s={search_term_string}"},"query-input":"required name=search_term_string"}],"inLanguage":"fr-FR"},{"@type":"Organization","@id":"https:\/\/vosgesinfo.fr\/epinalinfo\/#organization","name":"Epinal Info","url":"https:\/\/vosgesinfo.fr\/epinalinfo\/","logo":{"@type":"ImageObject","inLanguage":"fr-FR","@id":"https:\/\/vosgesinfo.fr\/epinalinfo\/#\/schema\/logo\/image\/","url":"https:\/\/vosgesinfo.fr\/app\/uploads\/sites\/3\/2023\/08\/logo-epinalinfos.svg","contentUrl":"https:\/\/vosgesinfo.fr\/app\/uploads\/sites\/3\/2023\/08\/logo-epinalinfos.svg","width":1,"height":1,"caption":"Epinal Info"},"image":{"@id":"https:\/\/vosgesinfo.fr\/epinalinfo\/#\/schema\/logo\/image\/"},"sameAs":["https:\/\/www.facebook.com\/Epinalinfos","https:\/\/x.com\/VosgesInfo88","https:\/\/www.youtube.com\/@vosgesinfo"]},{"@type":"Person","@id":"https:\/\/vosgesinfo.fr\/epinalinfo\/#\/schema\/person\/fa73e9f726d67bb88f46d5b7943cb572","name":"J.J.","image":{"@type":"ImageObject","inLanguage":"fr-FR","@id":"https:\/\/vosgesinfo.fr\/epinalinfo\/#\/schema\/person\/image\/","url":"https:\/\/secure.gravatar.com\/avatar\/219e749e47ffbcca018a360ae4add7d4cdf1cdaaf8bc7676b27efade3fe65615?s=96&d=mm&r=g","contentUrl":"https:\/\/secure.gravatar.com\/avatar\/219e749e47ffbcca018a360ae4add7d4cdf1cdaaf8bc7676b27efade3fe65615?s=96&d=mm&r=g","caption":"J.J."},"url":"https:\/\/vosgesinfo.fr\/epinalinfo\/author\/j-j\/"}]}},"_links":{"self":[{"href":"https:\/\/vosgesinfo.fr\/epinalinfo\/wp-json\/wp\/v2\/posts\/132123","targetHints":{"allow":["GET"]}}],"collection":[{"href":"https:\/\/vosgesinfo.fr\/epinalinfo\/wp-json\/wp\/v2\/posts"}],"about":[{"href":"https:\/\/vosgesinfo.fr\/epinalinfo\/wp-json\/wp\/v2\/types\/post"}],"author":[{"embeddable":true,"href":"https:\/\/vosgesinfo.fr\/epinalinfo\/wp-json\/wp\/v2\/users\/46"}],"replies":[{"embeddable":true,"href":"https:\/\/vosgesinfo.fr\/epinalinfo\/wp-json\/wp\/v2\/comments?post=132123"}],"version-history":[{"count":0,"href":"https:\/\/vosgesinfo.fr\/epinalinfo\/wp-json\/wp\/v2\/posts\/132123\/revisions"}],"wp:featuredmedia":[{"embeddable":true,"href":"https:\/\/vosgesinfo.fr\/epinalinfo\/wp-json\/wp\/v2\/media\/132124"}],"wp:attachment":[{"href":"https:\/\/vosgesinfo.fr\/epinalinfo\/wp-json\/wp\/v2\/media?parent=132123"}],"wp:term":[{"taxonomy":"category","embeddable":true,"href":"https:\/\/vosgesinfo.fr\/epinalinfo\/wp-json\/wp\/v2\/categories?post=132123"},{"taxonomy":"post_tag","embeddable":true,"href":"https:\/\/vosgesinfo.fr\/epinalinfo\/wp-json\/wp\/v2\/tags?post=132123"}],"curies":[{"name":"wp","href":"https:\/\/api.w.org\/{rel}","templated":true}]}}