{"id":132248,"date":"2025-05-23T09:16:24","date_gmt":"2025-05-23T07:16:24","guid":{"rendered":"https:\/\/vosgesinfo.fr\/epinalinfo\/?p=132248"},"modified":"2025-05-23T09:08:13","modified_gmt":"2025-05-23T07:08:13","slug":"grand-angle-epinal-dynamise-la-scene-artistique-vosgienne","status":"publish","type":"post","link":"https:\/\/vosgesinfo.fr\/epinalinfo\/2025\/05\/grand-angle-epinal-dynamise-la-scene-artistique-vosgienne\/","title":{"rendered":"Grand Angle Epinal dynamise la sc\u00e8ne artistique vosgienne"},"content":{"rendered":"<p><a href=\"https:\/\/vosgesinfo.fr\/app\/uploads\/sites\/3\/2025\/05\/ouverture.jpg\"><img decoding=\"async\" class=\"alignnone size-full wp-image-132250\" src=\"https:\/\/vosgesinfo.fr\/app\/uploads\/sites\/3\/2025\/05\/ouverture.jpg\" alt=\"\" width=\"1265\" height=\"1772\" srcset=\"https:\/\/vosgesinfo.fr\/app\/uploads\/sites\/3\/2025\/05\/ouverture.jpg 1265w, https:\/\/vosgesinfo.fr\/app\/uploads\/sites\/3\/2025\/05\/ouverture-214x300.jpg 214w, https:\/\/vosgesinfo.fr\/app\/uploads\/sites\/3\/2025\/05\/ouverture-731x1024.jpg 731w, https:\/\/vosgesinfo.fr\/app\/uploads\/sites\/3\/2025\/05\/ouverture-768x1076.jpg 768w, https:\/\/vosgesinfo.fr\/app\/uploads\/sites\/3\/2025\/05\/ouverture-1097x1536.jpg 1097w\" sizes=\"(max-width: 1265px) 100vw, 1265px\" \/><\/a>L&rsquo;association Grand Angle Epinal acc\u00e9l\u00e8re la culture artistique dans le paysage vosgien avec deux \u00e9v\u00e9nements majeurs fin mai d\u00e9but juin.<br \/>\nAinsi, la quatri\u00e8me \u00e9dition du festival des adh\u00e9rents de l&rsquo;Association Grand Angle d&rsquo;Epinal se tiendra les 31 mai et 1er juin \u00e0 la Maison Charles Grandemange de Chantraine. Un \u00e9v\u00e9nement, qui attire chaque ann\u00e9e un large public.<br \/>\nEn parall\u00e8le, du 29 mai au 3 juin 2025, quatre artistes aux pratiques uniques exposeront \u00e0 L&rsquo;Usine d&rsquo;Uxegney : Honorat Charles, Philippe No, V\u00e9ronique Filipetto et Pauline Corto, offriront un aper\u00e7u de leurs cr\u00e9ations picturales et sculpturales, empreintes d&rsquo;\u00e9motion et de r\u00e9flexion.<br \/>\nLa quatri\u00e8me \u00e9dition du festival des adh\u00e9rents de l&rsquo;Association Grand Angle d&rsquo;Epinal se d\u00e9roulera les 31 mai et 1er juin prochains dans la Maison Charles Grandemange \u00e0 Chantraine (43, rue Jules Ferry &#8211; parking \u00e0 proximit\u00e9).<br \/>\nEntr\u00e9e libre, tout public de 10h \u00e0 19h. Vernissage vendredi 30 mai \u00e0 18h<br \/>\nPlus de 60 artistes, issus principalement du Grand Est, y pr\u00e9senteront leurs \u0153uvres vari\u00e9es sur deux \u00e9tages et plus de 660 m2 d&rsquo;exposition.<br \/>\nCet \u00e9v\u00e9nement, qui se veut un v\u00e9ritable voyage \u00e0 travers la diversit\u00e9 artistique, mettra en lumi\u00e8re une large gamme de disciplines : photographie, peinture, dessin, sculpture, \u00e9criture, c\u00e9ramique, fiberart, artisanat et bien d\u2019autres encore.<br \/>\nChaque artiste apportera sa touche personnelle et sa vision unique, offrant ainsi aux visiteurs une exp\u00e9rience riche et vari\u00e9e.<br \/>\nOrganis\u00e9 en partenariat avec la municipalit\u00e9 de Chantraine, ce festival annuel rev\u00eat une importance particuli\u00e8re pour les membres de l\u2019association organisatrice. Au-del\u00e0 de la simple exposition, cet \u00e9v\u00e9nement constitue une occasion pr\u00e9cieuse de rencontres et d\u2019\u00e9changes entre artistes, favorisant la cr\u00e9ation collective et le partage de savoir-faire.<br \/>\nL\u2019\u00e9dition 2024 a \u00e9t\u00e9 un v\u00e9ritable succ\u00e8s, attirant plus de 700 visiteurs lors des deux journ\u00e9es du festival. Forts de cette r\u00e9ussite, les organisateurs esp\u00e8rent accueillir encore davantage de visiteurs cette ann\u00e9e, dans une ambiance<br \/>\nconviviale et inspirante.<br \/>\nA L&rsquo;Usine d&rsquo;Uxegney, quatre artistes, aux approches uniques qui se distinguent par leurs pratiques et visions personnelles, exposent du 29 mai au 3 juin 2025 de 14h \u00e0 18h30.<br \/>\nEntr\u00e9e libre, tout public.<br \/>\nVernissage en pr\u00e9sence des artistes le samedi 31 mai \u00e0 19h<br \/>\nHonorat Charles, photographe autodidacte, saisit l\u2019\u00e9motion du moment avec un style introspectif et m\u00e9lancolique. Philippe N\u00f4, sculpteur m\u00e9tallurgiste, fusionne m\u00e9tal et verre pour cr\u00e9er des \u0153uvres puissantes et po\u00e9tiques. V\u00e9ronique Filipetto, plasticienne, invite \u00e0 l\u2019\u00e9merveillement et \u00e0 la r\u00e9flexion \u00e0 travers une fusion de photographie et de peinture. Enfin, Pauline Corto, photographe et<br \/>\nimagi\u00e8re, explore l\u2019immat\u00e9rialit\u00e9 des objets vintage, sublimant leur forme \u00e0<br \/>\ntravers un noir et blanc minimaliste. Ces artistes partagent une qu\u00eate profonde du sens et de l\u2019\u00e9motion.<br \/>\nL&rsquo;Usine, rue Victor Perrin \u00e0 Uxegney est situ\u00e9e \u00e0 quelques kilom\u00e8tres d&rsquo;Epinal.<br \/>\nCoordonn\u00e9es GPS : 48.19426836998368, 6.366589969928899<\/p>\n","protected":false},"excerpt":{"rendered":"<p>L&rsquo;association Grand Angle Epinal acc\u00e9l\u00e8re la culture artistique dans le paysage vosgien avec deux \u00e9v\u00e9nements majeurs fin mai d\u00e9but juin. [&hellip;]<\/p>\n","protected":false},"author":391,"featured_media":132250,"comment_status":"open","ping_status":"open","sticky":false,"template":"","format":"standard","meta":{"footnotes":""},"categories":[22],"tags":[],"class_list":["post-132248","post","type-post","status-publish","format-standard","has-post-thumbnail","hentry","category-a-la-une"],"acf":[],"yoast_head":"<!-- This site is optimized with the Yoast SEO plugin v22.5 - https:\/\/yoast.com\/wordpress\/plugins\/seo\/ -->\n<title>Grand Angle Epinal dynamise la sc\u00e8ne artistique vosgienne - Epinal Info<\/title>\n<meta name=\"robots\" content=\"index, follow, max-snippet:-1, max-image-preview:large, max-video-preview:-1\" \/>\n<link rel=\"canonical\" href=\"https:\/\/vosgesinfo.fr\/epinalinfo\/2025\/05\/grand-angle-epinal-dynamise-la-scene-artistique-vosgienne\/\" \/>\n<meta name=\"twitter:card\" content=\"summary_large_image\" \/>\n<meta name=\"twitter:title\" content=\"Grand Angle Epinal dynamise la sc\u00e8ne artistique vosgienne - Epinal Info\" \/>\n<meta name=\"twitter:description\" content=\"L&rsquo;association Grand Angle Epinal acc\u00e9l\u00e8re la culture artistique dans le paysage vosgien avec deux \u00e9v\u00e9nements majeurs fin mai d\u00e9but juin. [&hellip;]\" \/>\n<meta name=\"twitter:image\" content=\"https:\/\/vosgesinfo.fr\/app\/uploads\/sites\/3\/2025\/05\/ouverture.jpg\" \/>\n<meta name=\"twitter:creator\" content=\"@VosgesInfo88\" \/>\n<meta name=\"twitter:site\" content=\"@VosgesInfo88\" \/>\n<meta name=\"twitter:label1\" content=\"\u00c9crit par\" \/>\n\t<meta name=\"twitter:data1\" content=\"La redaction\" \/>\n\t<meta name=\"twitter:label2\" content=\"Dur\u00e9e de lecture estim\u00e9e\" \/>\n\t<meta name=\"twitter:data2\" content=\"3 minutes\" \/>\n<script type=\"application\/ld+json\" class=\"yoast-schema-graph\">{\"@context\":\"https:\/\/schema.org\",\"@graph\":[{\"@type\":\"Article\",\"@id\":\"https:\/\/vosgesinfo.fr\/epinalinfo\/2025\/05\/grand-angle-epinal-dynamise-la-scene-artistique-vosgienne\/#article\",\"isPartOf\":{\"@id\":\"https:\/\/vosgesinfo.fr\/epinalinfo\/2025\/05\/grand-angle-epinal-dynamise-la-scene-artistique-vosgienne\/\"},\"author\":{\"name\":\"La redaction\",\"@id\":\"https:\/\/vosgesinfo.fr\/epinalinfo\/#\/schema\/person\/27a3695b06db98895b354c0765cdfc31\"},\"headline\":\"Grand Angle Epinal dynamise la sc\u00e8ne artistique vosgienne\",\"datePublished\":\"2025-05-23T07:16:24+00:00\",\"dateModified\":\"2025-05-23T07:08:13+00:00\",\"mainEntityOfPage\":{\"@id\":\"https:\/\/vosgesinfo.fr\/epinalinfo\/2025\/05\/grand-angle-epinal-dynamise-la-scene-artistique-vosgienne\/\"},\"wordCount\":497,\"commentCount\":0,\"publisher\":{\"@id\":\"https:\/\/vosgesinfo.fr\/epinalinfo\/#organization\"},\"image\":{\"@id\":\"https:\/\/vosgesinfo.fr\/epinalinfo\/2025\/05\/grand-angle-epinal-dynamise-la-scene-artistique-vosgienne\/#primaryimage\"},\"thumbnailUrl\":\"https:\/\/vosgesinfo.fr\/app\/uploads\/sites\/3\/2025\/05\/ouverture.jpg\",\"articleSection\":[\"A la Une\"],\"inLanguage\":\"fr-FR\",\"potentialAction\":[{\"@type\":\"CommentAction\",\"name\":\"Comment\",\"target\":[\"https:\/\/vosgesinfo.fr\/epinalinfo\/2025\/05\/grand-angle-epinal-dynamise-la-scene-artistique-vosgienne\/#respond\"]}]},{\"@type\":\"WebPage\",\"@id\":\"https:\/\/vosgesinfo.fr\/epinalinfo\/2025\/05\/grand-angle-epinal-dynamise-la-scene-artistique-vosgienne\/\",\"url\":\"https:\/\/vosgesinfo.fr\/epinalinfo\/2025\/05\/grand-angle-epinal-dynamise-la-scene-artistique-vosgienne\/\",\"name\":\"Grand Angle Epinal dynamise la sc\u00e8ne artistique vosgienne - Epinal Info\",\"isPartOf\":{\"@id\":\"https:\/\/vosgesinfo.fr\/epinalinfo\/#website\"},\"primaryImageOfPage\":{\"@id\":\"https:\/\/vosgesinfo.fr\/epinalinfo\/2025\/05\/grand-angle-epinal-dynamise-la-scene-artistique-vosgienne\/#primaryimage\"},\"image\":{\"@id\":\"https:\/\/vosgesinfo.fr\/epinalinfo\/2025\/05\/grand-angle-epinal-dynamise-la-scene-artistique-vosgienne\/#primaryimage\"},\"thumbnailUrl\":\"https:\/\/vosgesinfo.fr\/app\/uploads\/sites\/3\/2025\/05\/ouverture.jpg\",\"datePublished\":\"2025-05-23T07:16:24+00:00\",\"dateModified\":\"2025-05-23T07:08:13+00:00\",\"breadcrumb\":{\"@id\":\"https:\/\/vosgesinfo.fr\/epinalinfo\/2025\/05\/grand-angle-epinal-dynamise-la-scene-artistique-vosgienne\/#breadcrumb\"},\"inLanguage\":\"fr-FR\",\"potentialAction\":[{\"@type\":\"ReadAction\",\"target\":[\"https:\/\/vosgesinfo.fr\/epinalinfo\/2025\/05\/grand-angle-epinal-dynamise-la-scene-artistique-vosgienne\/\"]}]},{\"@type\":\"ImageObject\",\"inLanguage\":\"fr-FR\",\"@id\":\"https:\/\/vosgesinfo.fr\/epinalinfo\/2025\/05\/grand-angle-epinal-dynamise-la-scene-artistique-vosgienne\/#primaryimage\",\"url\":\"https:\/\/vosgesinfo.fr\/app\/uploads\/sites\/3\/2025\/05\/ouverture.jpg\",\"contentUrl\":\"https:\/\/vosgesinfo.fr\/app\/uploads\/sites\/3\/2025\/05\/ouverture.jpg\",\"width\":1265,\"height\":1772},{\"@type\":\"BreadcrumbList\",\"@id\":\"https:\/\/vosgesinfo.fr\/epinalinfo\/2025\/05\/grand-angle-epinal-dynamise-la-scene-artistique-vosgienne\/#breadcrumb\",\"itemListElement\":[{\"@type\":\"ListItem\",\"position\":1,\"name\":\"Home\",\"item\":\"https:\/\/vosgesinfo.fr\/epinalinfo\/\"},{\"@type\":\"ListItem\",\"position\":2,\"name\":\"Grand Angle Epinal dynamise la sc\u00e8ne artistique vosgienne\"}]},{\"@type\":\"WebSite\",\"@id\":\"https:\/\/vosgesinfo.fr\/epinalinfo\/#website\",\"url\":\"https:\/\/vosgesinfo.fr\/epinalinfo\/\",\"name\":\"Epinal Info\",\"description\":\"Toute l&#039;actualit\u00e9 d&#039;\u00c9pinal\",\"publisher\":{\"@id\":\"https:\/\/vosgesinfo.fr\/epinalinfo\/#organization\"},\"alternateName\":\"Toute l'actualit\u00e9 d'\u00c9pinal\",\"potentialAction\":[{\"@type\":\"SearchAction\",\"target\":{\"@type\":\"EntryPoint\",\"urlTemplate\":\"https:\/\/vosgesinfo.fr\/epinalinfo\/?s={search_term_string}\"},\"query-input\":\"required name=search_term_string\"}],\"inLanguage\":\"fr-FR\"},{\"@type\":\"Organization\",\"@id\":\"https:\/\/vosgesinfo.fr\/epinalinfo\/#organization\",\"name\":\"Epinal Info\",\"url\":\"https:\/\/vosgesinfo.fr\/epinalinfo\/\",\"logo\":{\"@type\":\"ImageObject\",\"inLanguage\":\"fr-FR\",\"@id\":\"https:\/\/vosgesinfo.fr\/epinalinfo\/#\/schema\/logo\/image\/\",\"url\":\"https:\/\/vosgesinfo.fr\/app\/uploads\/sites\/3\/2023\/08\/logo-epinalinfos.svg\",\"contentUrl\":\"https:\/\/vosgesinfo.fr\/app\/uploads\/sites\/3\/2023\/08\/logo-epinalinfos.svg\",\"width\":1,\"height\":1,\"caption\":\"Epinal Info\"},\"image\":{\"@id\":\"https:\/\/vosgesinfo.fr\/epinalinfo\/#\/schema\/logo\/image\/\"},\"sameAs\":[\"https:\/\/www.facebook.com\/Epinalinfos\",\"https:\/\/x.com\/VosgesInfo88\",\"https:\/\/www.youtube.com\/@vosgesinfo\"]},{\"@type\":\"Person\",\"@id\":\"https:\/\/vosgesinfo.fr\/epinalinfo\/#\/schema\/person\/27a3695b06db98895b354c0765cdfc31\",\"name\":\"La redaction\",\"image\":{\"@type\":\"ImageObject\",\"inLanguage\":\"fr-FR\",\"@id\":\"https:\/\/vosgesinfo.fr\/epinalinfo\/#\/schema\/person\/image\/\",\"url\":\"https:\/\/secure.gravatar.com\/avatar\/64c76a78e501cedee55736f43f332df901e1896ae9cd8fad269ae2236dd0e8b6?s=96&d=mm&r=g\",\"contentUrl\":\"https:\/\/secure.gravatar.com\/avatar\/64c76a78e501cedee55736f43f332df901e1896ae9cd8fad269ae2236dd0e8b6?s=96&d=mm&r=g\",\"caption\":\"La redaction\"},\"url\":\"https:\/\/vosgesinfo.fr\/epinalinfo\/author\/la-redaction\/\"}]}<\/script>\n<!-- \/ Yoast SEO plugin. -->","yoast_head_json":{"title":"Grand Angle Epinal dynamise la sc\u00e8ne artistique vosgienne - Epinal Info","robots":{"index":"index","follow":"follow","max-snippet":"max-snippet:-1","max-image-preview":"max-image-preview:large","max-video-preview":"max-video-preview:-1"},"canonical":"https:\/\/vosgesinfo.fr\/epinalinfo\/2025\/05\/grand-angle-epinal-dynamise-la-scene-artistique-vosgienne\/","twitter_card":"summary_large_image","twitter_title":"Grand Angle Epinal dynamise la sc\u00e8ne artistique vosgienne - Epinal Info","twitter_description":"L&rsquo;association Grand Angle Epinal acc\u00e9l\u00e8re la culture artistique dans le paysage vosgien avec deux \u00e9v\u00e9nements majeurs fin mai d\u00e9but juin. [&hellip;]","twitter_image":"https:\/\/vosgesinfo.fr\/app\/uploads\/sites\/3\/2025\/05\/ouverture.jpg","twitter_creator":"@VosgesInfo88","twitter_site":"@VosgesInfo88","twitter_misc":{"\u00c9crit par":"La redaction","Dur\u00e9e de lecture estim\u00e9e":"3 minutes"},"schema":{"@context":"https:\/\/schema.org","@graph":[{"@type":"Article","@id":"https:\/\/vosgesinfo.fr\/epinalinfo\/2025\/05\/grand-angle-epinal-dynamise-la-scene-artistique-vosgienne\/#article","isPartOf":{"@id":"https:\/\/vosgesinfo.fr\/epinalinfo\/2025\/05\/grand-angle-epinal-dynamise-la-scene-artistique-vosgienne\/"},"author":{"name":"La redaction","@id":"https:\/\/vosgesinfo.fr\/epinalinfo\/#\/schema\/person\/27a3695b06db98895b354c0765cdfc31"},"headline":"Grand Angle Epinal dynamise la sc\u00e8ne artistique vosgienne","datePublished":"2025-05-23T07:16:24+00:00","dateModified":"2025-05-23T07:08:13+00:00","mainEntityOfPage":{"@id":"https:\/\/vosgesinfo.fr\/epinalinfo\/2025\/05\/grand-angle-epinal-dynamise-la-scene-artistique-vosgienne\/"},"wordCount":497,"commentCount":0,"publisher":{"@id":"https:\/\/vosgesinfo.fr\/epinalinfo\/#organization"},"image":{"@id":"https:\/\/vosgesinfo.fr\/epinalinfo\/2025\/05\/grand-angle-epinal-dynamise-la-scene-artistique-vosgienne\/#primaryimage"},"thumbnailUrl":"https:\/\/vosgesinfo.fr\/app\/uploads\/sites\/3\/2025\/05\/ouverture.jpg","articleSection":["A la Une"],"inLanguage":"fr-FR","potentialAction":[{"@type":"CommentAction","name":"Comment","target":["https:\/\/vosgesinfo.fr\/epinalinfo\/2025\/05\/grand-angle-epinal-dynamise-la-scene-artistique-vosgienne\/#respond"]}]},{"@type":"WebPage","@id":"https:\/\/vosgesinfo.fr\/epinalinfo\/2025\/05\/grand-angle-epinal-dynamise-la-scene-artistique-vosgienne\/","url":"https:\/\/vosgesinfo.fr\/epinalinfo\/2025\/05\/grand-angle-epinal-dynamise-la-scene-artistique-vosgienne\/","name":"Grand Angle Epinal dynamise la sc\u00e8ne artistique vosgienne - Epinal Info","isPartOf":{"@id":"https:\/\/vosgesinfo.fr\/epinalinfo\/#website"},"primaryImageOfPage":{"@id":"https:\/\/vosgesinfo.fr\/epinalinfo\/2025\/05\/grand-angle-epinal-dynamise-la-scene-artistique-vosgienne\/#primaryimage"},"image":{"@id":"https:\/\/vosgesinfo.fr\/epinalinfo\/2025\/05\/grand-angle-epinal-dynamise-la-scene-artistique-vosgienne\/#primaryimage"},"thumbnailUrl":"https:\/\/vosgesinfo.fr\/app\/uploads\/sites\/3\/2025\/05\/ouverture.jpg","datePublished":"2025-05-23T07:16:24+00:00","dateModified":"2025-05-23T07:08:13+00:00","breadcrumb":{"@id":"https:\/\/vosgesinfo.fr\/epinalinfo\/2025\/05\/grand-angle-epinal-dynamise-la-scene-artistique-vosgienne\/#breadcrumb"},"inLanguage":"fr-FR","potentialAction":[{"@type":"ReadAction","target":["https:\/\/vosgesinfo.fr\/epinalinfo\/2025\/05\/grand-angle-epinal-dynamise-la-scene-artistique-vosgienne\/"]}]},{"@type":"ImageObject","inLanguage":"fr-FR","@id":"https:\/\/vosgesinfo.fr\/epinalinfo\/2025\/05\/grand-angle-epinal-dynamise-la-scene-artistique-vosgienne\/#primaryimage","url":"https:\/\/vosgesinfo.fr\/app\/uploads\/sites\/3\/2025\/05\/ouverture.jpg","contentUrl":"https:\/\/vosgesinfo.fr\/app\/uploads\/sites\/3\/2025\/05\/ouverture.jpg","width":1265,"height":1772},{"@type":"BreadcrumbList","@id":"https:\/\/vosgesinfo.fr\/epinalinfo\/2025\/05\/grand-angle-epinal-dynamise-la-scene-artistique-vosgienne\/#breadcrumb","itemListElement":[{"@type":"ListItem","position":1,"name":"Home","item":"https:\/\/vosgesinfo.fr\/epinalinfo\/"},{"@type":"ListItem","position":2,"name":"Grand Angle Epinal dynamise la sc\u00e8ne artistique vosgienne"}]},{"@type":"WebSite","@id":"https:\/\/vosgesinfo.fr\/epinalinfo\/#website","url":"https:\/\/vosgesinfo.fr\/epinalinfo\/","name":"Epinal Info","description":"Toute l&#039;actualit\u00e9 d&#039;\u00c9pinal","publisher":{"@id":"https:\/\/vosgesinfo.fr\/epinalinfo\/#organization"},"alternateName":"Toute l'actualit\u00e9 d'\u00c9pinal","potentialAction":[{"@type":"SearchAction","target":{"@type":"EntryPoint","urlTemplate":"https:\/\/vosgesinfo.fr\/epinalinfo\/?s={search_term_string}"},"query-input":"required name=search_term_string"}],"inLanguage":"fr-FR"},{"@type":"Organization","@id":"https:\/\/vosgesinfo.fr\/epinalinfo\/#organization","name":"Epinal Info","url":"https:\/\/vosgesinfo.fr\/epinalinfo\/","logo":{"@type":"ImageObject","inLanguage":"fr-FR","@id":"https:\/\/vosgesinfo.fr\/epinalinfo\/#\/schema\/logo\/image\/","url":"https:\/\/vosgesinfo.fr\/app\/uploads\/sites\/3\/2023\/08\/logo-epinalinfos.svg","contentUrl":"https:\/\/vosgesinfo.fr\/app\/uploads\/sites\/3\/2023\/08\/logo-epinalinfos.svg","width":1,"height":1,"caption":"Epinal Info"},"image":{"@id":"https:\/\/vosgesinfo.fr\/epinalinfo\/#\/schema\/logo\/image\/"},"sameAs":["https:\/\/www.facebook.com\/Epinalinfos","https:\/\/x.com\/VosgesInfo88","https:\/\/www.youtube.com\/@vosgesinfo"]},{"@type":"Person","@id":"https:\/\/vosgesinfo.fr\/epinalinfo\/#\/schema\/person\/27a3695b06db98895b354c0765cdfc31","name":"La redaction","image":{"@type":"ImageObject","inLanguage":"fr-FR","@id":"https:\/\/vosgesinfo.fr\/epinalinfo\/#\/schema\/person\/image\/","url":"https:\/\/secure.gravatar.com\/avatar\/64c76a78e501cedee55736f43f332df901e1896ae9cd8fad269ae2236dd0e8b6?s=96&d=mm&r=g","contentUrl":"https:\/\/secure.gravatar.com\/avatar\/64c76a78e501cedee55736f43f332df901e1896ae9cd8fad269ae2236dd0e8b6?s=96&d=mm&r=g","caption":"La redaction"},"url":"https:\/\/vosgesinfo.fr\/epinalinfo\/author\/la-redaction\/"}]}},"_links":{"self":[{"href":"https:\/\/vosgesinfo.fr\/epinalinfo\/wp-json\/wp\/v2\/posts\/132248","targetHints":{"allow":["GET"]}}],"collection":[{"href":"https:\/\/vosgesinfo.fr\/epinalinfo\/wp-json\/wp\/v2\/posts"}],"about":[{"href":"https:\/\/vosgesinfo.fr\/epinalinfo\/wp-json\/wp\/v2\/types\/post"}],"author":[{"embeddable":true,"href":"https:\/\/vosgesinfo.fr\/epinalinfo\/wp-json\/wp\/v2\/users\/391"}],"replies":[{"embeddable":true,"href":"https:\/\/vosgesinfo.fr\/epinalinfo\/wp-json\/wp\/v2\/comments?post=132248"}],"version-history":[{"count":2,"href":"https:\/\/vosgesinfo.fr\/epinalinfo\/wp-json\/wp\/v2\/posts\/132248\/revisions"}],"predecessor-version":[{"id":132251,"href":"https:\/\/vosgesinfo.fr\/epinalinfo\/wp-json\/wp\/v2\/posts\/132248\/revisions\/132251"}],"wp:featuredmedia":[{"embeddable":true,"href":"https:\/\/vosgesinfo.fr\/epinalinfo\/wp-json\/wp\/v2\/media\/132250"}],"wp:attachment":[{"href":"https:\/\/vosgesinfo.fr\/epinalinfo\/wp-json\/wp\/v2\/media?parent=132248"}],"wp:term":[{"taxonomy":"category","embeddable":true,"href":"https:\/\/vosgesinfo.fr\/epinalinfo\/wp-json\/wp\/v2\/categories?post=132248"},{"taxonomy":"post_tag","embeddable":true,"href":"https:\/\/vosgesinfo.fr\/epinalinfo\/wp-json\/wp\/v2\/tags?post=132248"}],"curies":[{"name":"wp","href":"https:\/\/api.w.org\/{rel}","templated":true}]}}