{"id":132266,"date":"2025-05-23T21:24:04","date_gmt":"2025-05-23T19:24:04","guid":{"rendered":"https:\/\/vosgesinfo.fr\/epinalinfo\/?p=132266"},"modified":"2025-05-23T21:24:04","modified_gmt":"2025-05-23T19:24:04","slug":"remise-des-prix-des-imaginales-2025","status":"publish","type":"post","link":"https:\/\/vosgesinfo.fr\/epinalinfo\/2025\/05\/remise-des-prix-des-imaginales-2025\/","title":{"rendered":"Remise des prix des Imaginales 2025"},"content":{"rendered":"<p><em>\u00c9pinal, 22 mai 2025<\/em> \u2013 C\u2019est sous le Chapiteau du Magic Idolize, \u00e0 18h30 pr\u00e9cises, que s\u2019est tenue la tr\u00e8s attendue <strong>remise des prix litt\u00e9raires des Imaginales 2025<\/strong>. Un moment fort du festival, o\u00f9 la fiction prend le visage de ses auteurs et o\u00f9 les mondes imaginaires s\u2019incarnent dans des livres salu\u00e9s par la critique et les lecteurs.<\/p>\n<p>Install\u00e9e au c\u0153ur de l\u2019espace des Imaginales, la c\u00e9r\u00e9monie a rassembl\u00e9 un large public, des passionn\u00e9s de science-fiction et fantasy aux curieux de passage, venus applaudir les laur\u00e9ats d\u2019une \u00e9dition marqu\u00e9e par la richesse et la diversit\u00e9 des \u0153uvres en lice.<\/p>\n<p>Le maire d\u2019\u00c9pinal, Patrick Nardin, a rappel\u00e9 l\u2019importance de ce festival dans le rayonnement culturel de la ville, tout en f\u00e9licitant les auteurs pour leur \u00ab capacit\u00e9 \u00e0 faire r\u00eaver, questionner, et \u00e9veiller l\u2019esprit \u00bb.<\/p>\n<p>La soir\u00e9e s\u2019est poursuivie dans une ambiance chaleureuse et festive, prolongeant l\u2019instant de reconnaissance en un moment de partage. \u00c0 \u00c9pinal, l\u2019imaginaire n\u2019est pas qu\u2019un genre litt\u00e9raire : c\u2019est un art de vivre.<\/p>\n<div id=\"attachment_132272\" style=\"width: 678px\" class=\"wp-caption aligncenter\"><a href=\"https:\/\/vosgesinfo.fr\/app\/uploads\/sites\/3\/2025\/05\/prix-imaginales-2025-31.jpg\"><img decoding=\"async\" aria-describedby=\"caption-attachment-132272\" class=\"size-full wp-image-132272\" src=\"https:\/\/vosgesinfo.fr\/app\/uploads\/sites\/3\/2025\/05\/prix-imaginales-2025-31.jpg\" alt=\"\" width=\"668\" height=\"446\" srcset=\"https:\/\/vosgesinfo.fr\/app\/uploads\/sites\/3\/2025\/05\/prix-imaginales-2025-31.jpg 668w, https:\/\/vosgesinfo.fr\/app\/uploads\/sites\/3\/2025\/05\/prix-imaginales-2025-31-300x200.jpg 300w\" sizes=\"(max-width: 668px) 100vw, 668px\" \/><\/a><p id=\"caption-attachment-132272\" class=\"wp-caption-text\">Photo: PBP-PHOTOGRAPHIE<\/p><\/div>\n<div id=\"attachment_132273\" style=\"width: 706px\" class=\"wp-caption aligncenter\"><a href=\"https:\/\/vosgesinfo.fr\/app\/uploads\/sites\/3\/2025\/05\/prix-imaginales-2025-33.jpg\"><img decoding=\"async\" aria-describedby=\"caption-attachment-132273\" class=\"size-full wp-image-132273\" src=\"https:\/\/vosgesinfo.fr\/app\/uploads\/sites\/3\/2025\/05\/prix-imaginales-2025-33.jpg\" alt=\"\" width=\"696\" height=\"465\" srcset=\"https:\/\/vosgesinfo.fr\/app\/uploads\/sites\/3\/2025\/05\/prix-imaginales-2025-33.jpg 696w, https:\/\/vosgesinfo.fr\/app\/uploads\/sites\/3\/2025\/05\/prix-imaginales-2025-33-300x200.jpg 300w\" sizes=\"(max-width: 696px) 100vw, 696px\" \/><\/a><p id=\"caption-attachment-132273\" class=\"wp-caption-text\">Photo: PBP-PHOTOGRAPHIE<\/p><\/div>\n<div id=\"attachment_132268\" style=\"width: 947px\" class=\"wp-caption aligncenter\"><a href=\"https:\/\/vosgesinfo.fr\/app\/uploads\/sites\/3\/2025\/05\/prix-imaginales-2025-03.jpg\"><img decoding=\"async\" aria-describedby=\"caption-attachment-132268\" class=\"size-full wp-image-132268\" src=\"https:\/\/vosgesinfo.fr\/app\/uploads\/sites\/3\/2025\/05\/prix-imaginales-2025-03.jpg\" alt=\"\" width=\"937\" height=\"363\" srcset=\"https:\/\/vosgesinfo.fr\/app\/uploads\/sites\/3\/2025\/05\/prix-imaginales-2025-03.jpg 937w, https:\/\/vosgesinfo.fr\/app\/uploads\/sites\/3\/2025\/05\/prix-imaginales-2025-03-300x116.jpg 300w, https:\/\/vosgesinfo.fr\/app\/uploads\/sites\/3\/2025\/05\/prix-imaginales-2025-03-768x298.jpg 768w\" sizes=\"(max-width: 937px) 100vw, 937px\" \/><\/a><p id=\"caption-attachment-132268\" class=\"wp-caption-text\">Photo: PBP-PHOTOGRAPHIE<\/p><\/div>\n<div id=\"attachment_132267\" style=\"width: 698px\" class=\"wp-caption aligncenter\"><a href=\"https:\/\/vosgesinfo.fr\/app\/uploads\/sites\/3\/2025\/05\/prix-imaginales-2025-02.jpg\"><img decoding=\"async\" aria-describedby=\"caption-attachment-132267\" class=\"size-full wp-image-132267\" src=\"https:\/\/vosgesinfo.fr\/app\/uploads\/sites\/3\/2025\/05\/prix-imaginales-2025-02.jpg\" alt=\"\" width=\"688\" height=\"458\" srcset=\"https:\/\/vosgesinfo.fr\/app\/uploads\/sites\/3\/2025\/05\/prix-imaginales-2025-02.jpg 688w, https:\/\/vosgesinfo.fr\/app\/uploads\/sites\/3\/2025\/05\/prix-imaginales-2025-02-300x200.jpg 300w\" sizes=\"(max-width: 688px) 100vw, 688px\" \/><\/a><p id=\"caption-attachment-132267\" class=\"wp-caption-text\">Photo: PBP-PHOTOGRAPHIE<\/p><\/div>\n<div id=\"attachment_132269\" style=\"width: 676px\" class=\"wp-caption aligncenter\"><a href=\"https:\/\/vosgesinfo.fr\/app\/uploads\/sites\/3\/2025\/05\/prix-imaginales-2025-19.jpg\"><img decoding=\"async\" aria-describedby=\"caption-attachment-132269\" class=\"size-full wp-image-132269\" src=\"https:\/\/vosgesinfo.fr\/app\/uploads\/sites\/3\/2025\/05\/prix-imaginales-2025-19.jpg\" alt=\"\" width=\"666\" height=\"444\" srcset=\"https:\/\/vosgesinfo.fr\/app\/uploads\/sites\/3\/2025\/05\/prix-imaginales-2025-19.jpg 666w, https:\/\/vosgesinfo.fr\/app\/uploads\/sites\/3\/2025\/05\/prix-imaginales-2025-19-300x200.jpg 300w\" sizes=\"(max-width: 666px) 100vw, 666px\" \/><\/a><p id=\"caption-attachment-132269\" class=\"wp-caption-text\">Photo: PBP-PHOTOGRAPHIE<\/p><\/div>\n<div id=\"attachment_132271\" style=\"width: 674px\" class=\"wp-caption aligncenter\"><a href=\"https:\/\/vosgesinfo.fr\/app\/uploads\/sites\/3\/2025\/05\/prix-imaginales-2025-29.jpg\"><img decoding=\"async\" aria-describedby=\"caption-attachment-132271\" class=\"size-full wp-image-132271\" src=\"https:\/\/vosgesinfo.fr\/app\/uploads\/sites\/3\/2025\/05\/prix-imaginales-2025-29.jpg\" alt=\"\" width=\"664\" height=\"443\" srcset=\"https:\/\/vosgesinfo.fr\/app\/uploads\/sites\/3\/2025\/05\/prix-imaginales-2025-29.jpg 664w, https:\/\/vosgesinfo.fr\/app\/uploads\/sites\/3\/2025\/05\/prix-imaginales-2025-29-300x200.jpg 300w\" sizes=\"(max-width: 664px) 100vw, 664px\" \/><\/a><p id=\"caption-attachment-132271\" class=\"wp-caption-text\">Photo: PBP-PHOTOGRAPHIE<\/p><\/div>\n<div id=\"attachment_132270\" style=\"width: 701px\" class=\"wp-caption aligncenter\"><a href=\"https:\/\/vosgesinfo.fr\/app\/uploads\/sites\/3\/2025\/05\/prix-imaginales-2025-21.jpg\"><img decoding=\"async\" aria-describedby=\"caption-attachment-132270\" class=\"size-full wp-image-132270\" src=\"https:\/\/vosgesinfo.fr\/app\/uploads\/sites\/3\/2025\/05\/prix-imaginales-2025-21.jpg\" alt=\"\" width=\"691\" height=\"461\" srcset=\"https:\/\/vosgesinfo.fr\/app\/uploads\/sites\/3\/2025\/05\/prix-imaginales-2025-21.jpg 691w, https:\/\/vosgesinfo.fr\/app\/uploads\/sites\/3\/2025\/05\/prix-imaginales-2025-21-300x200.jpg 300w\" sizes=\"(max-width: 691px) 100vw, 691px\" \/><\/a><p id=\"caption-attachment-132270\" class=\"wp-caption-text\">Photo: PBP-PHOTOGRAPHIE<\/p><\/div>\n<div id=\"attachment_132274\" style=\"width: 695px\" class=\"wp-caption aligncenter\"><a href=\"https:\/\/vosgesinfo.fr\/app\/uploads\/sites\/3\/2025\/05\/prix-imaginales-2025-37.jpg\"><img decoding=\"async\" aria-describedby=\"caption-attachment-132274\" class=\"size-full wp-image-132274\" src=\"https:\/\/vosgesinfo.fr\/app\/uploads\/sites\/3\/2025\/05\/prix-imaginales-2025-37.jpg\" alt=\"\" width=\"685\" height=\"457\" srcset=\"https:\/\/vosgesinfo.fr\/app\/uploads\/sites\/3\/2025\/05\/prix-imaginales-2025-37.jpg 685w, https:\/\/vosgesinfo.fr\/app\/uploads\/sites\/3\/2025\/05\/prix-imaginales-2025-37-300x200.jpg 300w\" sizes=\"(max-width: 685px) 100vw, 685px\" \/><\/a><p id=\"caption-attachment-132274\" class=\"wp-caption-text\">Photo: PBP-PHOTOGRAPHIE<\/p><\/div>\n","protected":false},"excerpt":{"rendered":"<p>\u00c9pinal, 22 mai 2025 \u2013 C\u2019est sous le Chapiteau du Magic Idolize, \u00e0 18h30 pr\u00e9cises, que s\u2019est tenue la tr\u00e8s [&hellip;]<\/p>\n","protected":false},"author":52,"featured_media":132272,"comment_status":"open","ping_status":"open","sticky":false,"template":"","format":"standard","meta":{"footnotes":""},"categories":[22,12,24,367],"tags":[],"class_list":["post-132266","post","type-post","status-publish","format-standard","has-post-thumbnail","hentry","category-a-la-une","category-culture","category-epinal","category-litterature"],"acf":[],"yoast_head":"<!-- This site is optimized with the Yoast SEO plugin v22.5 - https:\/\/yoast.com\/wordpress\/plugins\/seo\/ -->\n<title>Remise des prix des Imaginales 2025 - Epinal Info<\/title>\n<meta name=\"robots\" content=\"index, follow, max-snippet:-1, max-image-preview:large, max-video-preview:-1\" \/>\n<link rel=\"canonical\" href=\"https:\/\/vosgesinfo.fr\/epinalinfo\/?p=132266\" \/>\n<meta name=\"twitter:card\" content=\"summary_large_image\" \/>\n<meta name=\"twitter:title\" content=\"Remise des prix des Imaginales 2025 - Epinal Info\" \/>\n<meta name=\"twitter:description\" content=\"\u00c9pinal, 22 mai 2025 \u2013 C\u2019est sous le Chapiteau du Magic Idolize, \u00e0 18h30 pr\u00e9cises, que s\u2019est tenue la tr\u00e8s [&hellip;]\" \/>\n<meta name=\"twitter:image\" content=\"https:\/\/vosgesinfo.fr\/app\/uploads\/sites\/3\/2025\/05\/prix-imaginales-2025-31.jpg\" \/>\n<meta name=\"twitter:creator\" content=\"@VosgesInfo88\" \/>\n<meta name=\"twitter:site\" content=\"@VosgesInfo88\" \/>\n<meta name=\"twitter:label1\" content=\"\u00c9crit par\" \/>\n\t<meta name=\"twitter:data1\" content=\"C.K.\" \/>\n\t<meta name=\"twitter:label2\" content=\"Dur\u00e9e de lecture estim\u00e9e\" \/>\n\t<meta name=\"twitter:data2\" content=\"3 minutes\" \/>\n<script type=\"application\/ld+json\" class=\"yoast-schema-graph\">{\"@context\":\"https:\/\/schema.org\",\"@graph\":[{\"@type\":\"Article\",\"@id\":\"https:\/\/vosgesinfo.fr\/epinalinfo\/?p=132266#article\",\"isPartOf\":{\"@id\":\"https:\/\/vosgesinfo.fr\/epinalinfo\/?p=132266\"},\"author\":{\"name\":\"C.K.\",\"@id\":\"https:\/\/vosgesinfo.fr\/epinalinfo\/#\/schema\/person\/6f9a650eeea99d969b6c4ab78fccbe81\"},\"headline\":\"Remise des prix des Imaginales 2025\",\"datePublished\":\"2025-05-23T19:24:04+00:00\",\"dateModified\":\"2025-05-23T19:24:04+00:00\",\"mainEntityOfPage\":{\"@id\":\"https:\/\/vosgesinfo.fr\/epinalinfo\/?p=132266\"},\"wordCount\":263,\"commentCount\":0,\"publisher\":{\"@id\":\"https:\/\/vosgesinfo.fr\/epinalinfo\/#organization\"},\"image\":{\"@id\":\"https:\/\/vosgesinfo.fr\/epinalinfo\/?p=132266#primaryimage\"},\"thumbnailUrl\":\"https:\/\/vosgesinfo.fr\/app\/uploads\/sites\/3\/2025\/05\/prix-imaginales-2025-31.jpg\",\"articleSection\":[\"A la Une\",\"Culture\",\"Epinal\",\"Litt\u00e9rature\"],\"inLanguage\":\"fr-FR\",\"potentialAction\":[{\"@type\":\"CommentAction\",\"name\":\"Comment\",\"target\":[\"https:\/\/vosgesinfo.fr\/epinalinfo\/?p=132266#respond\"]}]},{\"@type\":\"WebPage\",\"@id\":\"https:\/\/vosgesinfo.fr\/epinalinfo\/?p=132266\",\"url\":\"https:\/\/vosgesinfo.fr\/epinalinfo\/?p=132266\",\"name\":\"Remise des prix des Imaginales 2025 - Epinal Info\",\"isPartOf\":{\"@id\":\"https:\/\/vosgesinfo.fr\/epinalinfo\/#website\"},\"primaryImageOfPage\":{\"@id\":\"https:\/\/vosgesinfo.fr\/epinalinfo\/?p=132266#primaryimage\"},\"image\":{\"@id\":\"https:\/\/vosgesinfo.fr\/epinalinfo\/?p=132266#primaryimage\"},\"thumbnailUrl\":\"https:\/\/vosgesinfo.fr\/app\/uploads\/sites\/3\/2025\/05\/prix-imaginales-2025-31.jpg\",\"datePublished\":\"2025-05-23T19:24:04+00:00\",\"dateModified\":\"2025-05-23T19:24:04+00:00\",\"breadcrumb\":{\"@id\":\"https:\/\/vosgesinfo.fr\/epinalinfo\/?p=132266#breadcrumb\"},\"inLanguage\":\"fr-FR\",\"potentialAction\":[{\"@type\":\"ReadAction\",\"target\":[\"https:\/\/vosgesinfo.fr\/epinalinfo\/?p=132266\"]}]},{\"@type\":\"ImageObject\",\"inLanguage\":\"fr-FR\",\"@id\":\"https:\/\/vosgesinfo.fr\/epinalinfo\/?p=132266#primaryimage\",\"url\":\"https:\/\/vosgesinfo.fr\/app\/uploads\/sites\/3\/2025\/05\/prix-imaginales-2025-31.jpg\",\"contentUrl\":\"https:\/\/vosgesinfo.fr\/app\/uploads\/sites\/3\/2025\/05\/prix-imaginales-2025-31.jpg\",\"width\":668,\"height\":446,\"caption\":\"Photo: PBP-PHOTOGRAPHIE\"},{\"@type\":\"BreadcrumbList\",\"@id\":\"https:\/\/vosgesinfo.fr\/epinalinfo\/?p=132266#breadcrumb\",\"itemListElement\":[{\"@type\":\"ListItem\",\"position\":1,\"name\":\"Home\",\"item\":\"https:\/\/vosgesinfo.fr\/epinalinfo\/\"},{\"@type\":\"ListItem\",\"position\":2,\"name\":\"Remise des prix des Imaginales 2025\"}]},{\"@type\":\"WebSite\",\"@id\":\"https:\/\/vosgesinfo.fr\/epinalinfo\/#website\",\"url\":\"https:\/\/vosgesinfo.fr\/epinalinfo\/\",\"name\":\"Epinal Info\",\"description\":\"Toute l&#039;actualit\u00e9 d&#039;\u00c9pinal\",\"publisher\":{\"@id\":\"https:\/\/vosgesinfo.fr\/epinalinfo\/#organization\"},\"alternateName\":\"Toute l'actualit\u00e9 d'\u00c9pinal\",\"potentialAction\":[{\"@type\":\"SearchAction\",\"target\":{\"@type\":\"EntryPoint\",\"urlTemplate\":\"https:\/\/vosgesinfo.fr\/epinalinfo\/?s={search_term_string}\"},\"query-input\":\"required name=search_term_string\"}],\"inLanguage\":\"fr-FR\"},{\"@type\":\"Organization\",\"@id\":\"https:\/\/vosgesinfo.fr\/epinalinfo\/#organization\",\"name\":\"Epinal Info\",\"url\":\"https:\/\/vosgesinfo.fr\/epinalinfo\/\",\"logo\":{\"@type\":\"ImageObject\",\"inLanguage\":\"fr-FR\",\"@id\":\"https:\/\/vosgesinfo.fr\/epinalinfo\/#\/schema\/logo\/image\/\",\"url\":\"https:\/\/vosgesinfo.fr\/app\/uploads\/sites\/3\/2023\/08\/logo-epinalinfos.svg\",\"contentUrl\":\"https:\/\/vosgesinfo.fr\/app\/uploads\/sites\/3\/2023\/08\/logo-epinalinfos.svg\",\"width\":1,\"height\":1,\"caption\":\"Epinal Info\"},\"image\":{\"@id\":\"https:\/\/vosgesinfo.fr\/epinalinfo\/#\/schema\/logo\/image\/\"},\"sameAs\":[\"https:\/\/www.facebook.com\/Epinalinfos\",\"https:\/\/x.com\/VosgesInfo88\",\"https:\/\/www.youtube.com\/@vosgesinfo\"]},{\"@type\":\"Person\",\"@id\":\"https:\/\/vosgesinfo.fr\/epinalinfo\/#\/schema\/person\/6f9a650eeea99d969b6c4ab78fccbe81\",\"name\":\"C.K.\",\"image\":{\"@type\":\"ImageObject\",\"inLanguage\":\"fr-FR\",\"@id\":\"https:\/\/vosgesinfo.fr\/epinalinfo\/#\/schema\/person\/image\/\",\"url\":\"https:\/\/secure.gravatar.com\/avatar\/48e3fc7f8421ba8942be6b74a2b7f014ca39bc00dece156b7a8e098ae7dc87bf?s=96&d=mm&r=g\",\"contentUrl\":\"https:\/\/secure.gravatar.com\/avatar\/48e3fc7f8421ba8942be6b74a2b7f014ca39bc00dece156b7a8e098ae7dc87bf?s=96&d=mm&r=g\",\"caption\":\"C.K.\"},\"url\":\"https:\/\/vosgesinfo.fr\/epinalinfo\/author\/celia-k-n\/\"}]}<\/script>\n<!-- \/ Yoast SEO plugin. -->","yoast_head_json":{"title":"Remise des prix des Imaginales 2025 - Epinal Info","robots":{"index":"index","follow":"follow","max-snippet":"max-snippet:-1","max-image-preview":"max-image-preview:large","max-video-preview":"max-video-preview:-1"},"canonical":"https:\/\/vosgesinfo.fr\/epinalinfo\/?p=132266","twitter_card":"summary_large_image","twitter_title":"Remise des prix des Imaginales 2025 - Epinal Info","twitter_description":"\u00c9pinal, 22 mai 2025 \u2013 C\u2019est sous le Chapiteau du Magic Idolize, \u00e0 18h30 pr\u00e9cises, que s\u2019est tenue la tr\u00e8s [&hellip;]","twitter_image":"https:\/\/vosgesinfo.fr\/app\/uploads\/sites\/3\/2025\/05\/prix-imaginales-2025-31.jpg","twitter_creator":"@VosgesInfo88","twitter_site":"@VosgesInfo88","twitter_misc":{"\u00c9crit par":"C.K.","Dur\u00e9e de lecture estim\u00e9e":"3 minutes"},"schema":{"@context":"https:\/\/schema.org","@graph":[{"@type":"Article","@id":"https:\/\/vosgesinfo.fr\/epinalinfo\/?p=132266#article","isPartOf":{"@id":"https:\/\/vosgesinfo.fr\/epinalinfo\/?p=132266"},"author":{"name":"C.K.","@id":"https:\/\/vosgesinfo.fr\/epinalinfo\/#\/schema\/person\/6f9a650eeea99d969b6c4ab78fccbe81"},"headline":"Remise des prix des Imaginales 2025","datePublished":"2025-05-23T19:24:04+00:00","dateModified":"2025-05-23T19:24:04+00:00","mainEntityOfPage":{"@id":"https:\/\/vosgesinfo.fr\/epinalinfo\/?p=132266"},"wordCount":263,"commentCount":0,"publisher":{"@id":"https:\/\/vosgesinfo.fr\/epinalinfo\/#organization"},"image":{"@id":"https:\/\/vosgesinfo.fr\/epinalinfo\/?p=132266#primaryimage"},"thumbnailUrl":"https:\/\/vosgesinfo.fr\/app\/uploads\/sites\/3\/2025\/05\/prix-imaginales-2025-31.jpg","articleSection":["A la Une","Culture","Epinal","Litt\u00e9rature"],"inLanguage":"fr-FR","potentialAction":[{"@type":"CommentAction","name":"Comment","target":["https:\/\/vosgesinfo.fr\/epinalinfo\/?p=132266#respond"]}]},{"@type":"WebPage","@id":"https:\/\/vosgesinfo.fr\/epinalinfo\/?p=132266","url":"https:\/\/vosgesinfo.fr\/epinalinfo\/?p=132266","name":"Remise des prix des Imaginales 2025 - Epinal Info","isPartOf":{"@id":"https:\/\/vosgesinfo.fr\/epinalinfo\/#website"},"primaryImageOfPage":{"@id":"https:\/\/vosgesinfo.fr\/epinalinfo\/?p=132266#primaryimage"},"image":{"@id":"https:\/\/vosgesinfo.fr\/epinalinfo\/?p=132266#primaryimage"},"thumbnailUrl":"https:\/\/vosgesinfo.fr\/app\/uploads\/sites\/3\/2025\/05\/prix-imaginales-2025-31.jpg","datePublished":"2025-05-23T19:24:04+00:00","dateModified":"2025-05-23T19:24:04+00:00","breadcrumb":{"@id":"https:\/\/vosgesinfo.fr\/epinalinfo\/?p=132266#breadcrumb"},"inLanguage":"fr-FR","potentialAction":[{"@type":"ReadAction","target":["https:\/\/vosgesinfo.fr\/epinalinfo\/?p=132266"]}]},{"@type":"ImageObject","inLanguage":"fr-FR","@id":"https:\/\/vosgesinfo.fr\/epinalinfo\/?p=132266#primaryimage","url":"https:\/\/vosgesinfo.fr\/app\/uploads\/sites\/3\/2025\/05\/prix-imaginales-2025-31.jpg","contentUrl":"https:\/\/vosgesinfo.fr\/app\/uploads\/sites\/3\/2025\/05\/prix-imaginales-2025-31.jpg","width":668,"height":446,"caption":"Photo: PBP-PHOTOGRAPHIE"},{"@type":"BreadcrumbList","@id":"https:\/\/vosgesinfo.fr\/epinalinfo\/?p=132266#breadcrumb","itemListElement":[{"@type":"ListItem","position":1,"name":"Home","item":"https:\/\/vosgesinfo.fr\/epinalinfo\/"},{"@type":"ListItem","position":2,"name":"Remise des prix des Imaginales 2025"}]},{"@type":"WebSite","@id":"https:\/\/vosgesinfo.fr\/epinalinfo\/#website","url":"https:\/\/vosgesinfo.fr\/epinalinfo\/","name":"Epinal Info","description":"Toute l&#039;actualit\u00e9 d&#039;\u00c9pinal","publisher":{"@id":"https:\/\/vosgesinfo.fr\/epinalinfo\/#organization"},"alternateName":"Toute l'actualit\u00e9 d'\u00c9pinal","potentialAction":[{"@type":"SearchAction","target":{"@type":"EntryPoint","urlTemplate":"https:\/\/vosgesinfo.fr\/epinalinfo\/?s={search_term_string}"},"query-input":"required name=search_term_string"}],"inLanguage":"fr-FR"},{"@type":"Organization","@id":"https:\/\/vosgesinfo.fr\/epinalinfo\/#organization","name":"Epinal Info","url":"https:\/\/vosgesinfo.fr\/epinalinfo\/","logo":{"@type":"ImageObject","inLanguage":"fr-FR","@id":"https:\/\/vosgesinfo.fr\/epinalinfo\/#\/schema\/logo\/image\/","url":"https:\/\/vosgesinfo.fr\/app\/uploads\/sites\/3\/2023\/08\/logo-epinalinfos.svg","contentUrl":"https:\/\/vosgesinfo.fr\/app\/uploads\/sites\/3\/2023\/08\/logo-epinalinfos.svg","width":1,"height":1,"caption":"Epinal Info"},"image":{"@id":"https:\/\/vosgesinfo.fr\/epinalinfo\/#\/schema\/logo\/image\/"},"sameAs":["https:\/\/www.facebook.com\/Epinalinfos","https:\/\/x.com\/VosgesInfo88","https:\/\/www.youtube.com\/@vosgesinfo"]},{"@type":"Person","@id":"https:\/\/vosgesinfo.fr\/epinalinfo\/#\/schema\/person\/6f9a650eeea99d969b6c4ab78fccbe81","name":"C.K.","image":{"@type":"ImageObject","inLanguage":"fr-FR","@id":"https:\/\/vosgesinfo.fr\/epinalinfo\/#\/schema\/person\/image\/","url":"https:\/\/secure.gravatar.com\/avatar\/48e3fc7f8421ba8942be6b74a2b7f014ca39bc00dece156b7a8e098ae7dc87bf?s=96&d=mm&r=g","contentUrl":"https:\/\/secure.gravatar.com\/avatar\/48e3fc7f8421ba8942be6b74a2b7f014ca39bc00dece156b7a8e098ae7dc87bf?s=96&d=mm&r=g","caption":"C.K."},"url":"https:\/\/vosgesinfo.fr\/epinalinfo\/author\/celia-k-n\/"}]}},"_links":{"self":[{"href":"https:\/\/vosgesinfo.fr\/epinalinfo\/wp-json\/wp\/v2\/posts\/132266","targetHints":{"allow":["GET"]}}],"collection":[{"href":"https:\/\/vosgesinfo.fr\/epinalinfo\/wp-json\/wp\/v2\/posts"}],"about":[{"href":"https:\/\/vosgesinfo.fr\/epinalinfo\/wp-json\/wp\/v2\/types\/post"}],"author":[{"embeddable":true,"href":"https:\/\/vosgesinfo.fr\/epinalinfo\/wp-json\/wp\/v2\/users\/52"}],"replies":[{"embeddable":true,"href":"https:\/\/vosgesinfo.fr\/epinalinfo\/wp-json\/wp\/v2\/comments?post=132266"}],"version-history":[{"count":1,"href":"https:\/\/vosgesinfo.fr\/epinalinfo\/wp-json\/wp\/v2\/posts\/132266\/revisions"}],"predecessor-version":[{"id":132275,"href":"https:\/\/vosgesinfo.fr\/epinalinfo\/wp-json\/wp\/v2\/posts\/132266\/revisions\/132275"}],"wp:featuredmedia":[{"embeddable":true,"href":"https:\/\/vosgesinfo.fr\/epinalinfo\/wp-json\/wp\/v2\/media\/132272"}],"wp:attachment":[{"href":"https:\/\/vosgesinfo.fr\/epinalinfo\/wp-json\/wp\/v2\/media?parent=132266"}],"wp:term":[{"taxonomy":"category","embeddable":true,"href":"https:\/\/vosgesinfo.fr\/epinalinfo\/wp-json\/wp\/v2\/categories?post=132266"},{"taxonomy":"post_tag","embeddable":true,"href":"https:\/\/vosgesinfo.fr\/epinalinfo\/wp-json\/wp\/v2\/tags?post=132266"}],"curies":[{"name":"wp","href":"https:\/\/api.w.org\/{rel}","templated":true}]}}