{"id":132296,"date":"2025-05-25T20:23:37","date_gmt":"2025-05-25T18:23:37","guid":{"rendered":"https:\/\/vosgesinfo.fr\/epinalinfo\/?p=132296"},"modified":"2025-05-25T20:23:37","modified_gmt":"2025-05-25T18:23:37","slug":"epinal-la-24eme-edition-des-imaginales-enchante-la-ville","status":"publish","type":"post","link":"https:\/\/vosgesinfo.fr\/epinalinfo\/2025\/05\/epinal-la-24eme-edition-des-imaginales-enchante-la-ville\/","title":{"rendered":"\u00c9pinal : la 24\u00e8me \u00e9dition des Imaginales enchante la ville"},"content":{"rendered":"<p><em>\u00c9pinal, 26 mai 2025<\/em> \u2013 La 24e \u00e9dition des <strong>Imaginales<\/strong>, festival international des litt\u00e9ratures de l\u2019imaginaire, s\u2019est achev\u00e9e ce dimanche soir dans une atmosph\u00e8re \u00e0 la fois festive et empreinte d\u2019\u00e9motion. Pendant quatre jours, du 22 au 25 mai, le parc du Cours s\u2019est m\u00e9tamorphos\u00e9 en village fantastique, attirant <strong>plus de 50 000 visiteurs<\/strong>, un record pour l\u2019\u00e9v\u00e9nement.<\/p>\n<p>Au c\u0153ur du festival, plus de <strong>150 auteurs<\/strong> venus de France, d\u2019Europe et d\u2019ailleurs ont \u00e9chang\u00e9 avec un public fid\u00e8le et curieux lors de rencontres, tables rondes, d\u00e9dicaces et conf\u00e9rences. La th\u00e9matique 2025, <em>\u00ab\u00a0R\u00e9alit\u00e9s d\u00e9cal\u00e9es\u00a0\u00bb<\/em>, a nourri des d\u00e9bats passionnants sur les fronti\u00e8res entre fiction et v\u00e9rit\u00e9, entre imaginaire et engagement.<\/p>\n<p>Parmi les temps forts, la <strong>remise des prix litt\u00e9raires<\/strong>, jeudi, a couronn\u00e9 des plumes \u00e9mergentes et confirm\u00e9es, tandis que le <strong>concours de body painting<\/strong>, samedi apr\u00e8s-midi, a captiv\u00e9 les foules. Devant un jury et des centaines de spectateurs, des artistes ont transform\u00e9 des corps en \u0153uvres vivantes inspir\u00e9es de mondes fantastiques, alliant technique, originalit\u00e9 et audace.<\/p>\n<p>Le <strong>Magic Idolize<\/strong>, chapiteau principal, a accueilli les grandes conf\u00e9rences, tandis que les all\u00e9es du parc vibraient d\u2019animations : jeux de r\u00f4le, d\u00e9monstrations de cosplay, spectacles de rue et espaces jeunesse ont contribu\u00e9 \u00e0 l\u2019atmosph\u00e8re unique du festival.<\/p>\n<p>Avec une fr\u00e9quentation toujours tr\u00e8s importante, une programmation toujours plus riche et un ancrage fort dans le paysage culturel fran\u00e7ais, les Imaginales confirment leur statut d\u2019incontournable. \u00c0 \u00c9pinal, l\u2019imaginaire n\u2019est pas qu\u2019un genre litt\u00e9raire : c\u2019est une c\u00e9l\u00e9bration collective, libre et foisonnante, de la pens\u00e9e et de la cr\u00e9ativit\u00e9.<\/p>\n<div id=\"attachment_132297\" style=\"width: 665px\" class=\"wp-caption aligncenter\"><a href=\"https:\/\/vosgesinfo.fr\/app\/uploads\/sites\/3\/2025\/05\/selection-vi-01.jpg\"><img decoding=\"async\" aria-describedby=\"caption-attachment-132297\" class=\"size-full wp-image-132297\" src=\"https:\/\/vosgesinfo.fr\/app\/uploads\/sites\/3\/2025\/05\/selection-vi-01.jpg\" alt=\"\" width=\"655\" height=\"437\" srcset=\"https:\/\/vosgesinfo.fr\/app\/uploads\/sites\/3\/2025\/05\/selection-vi-01.jpg 655w, https:\/\/vosgesinfo.fr\/app\/uploads\/sites\/3\/2025\/05\/selection-vi-01-300x200.jpg 300w\" sizes=\"(max-width: 655px) 100vw, 655px\" \/><\/a><p id=\"caption-attachment-132297\" class=\"wp-caption-text\">Photo: PBP-PHOTOGRAPHIE<\/p><\/div>\n<div id=\"attachment_132298\" style=\"width: 663px\" class=\"wp-caption aligncenter\"><a href=\"https:\/\/vosgesinfo.fr\/app\/uploads\/sites\/3\/2025\/05\/selection-vi-02.jpg\"><img decoding=\"async\" aria-describedby=\"caption-attachment-132298\" class=\"size-full wp-image-132298\" src=\"https:\/\/vosgesinfo.fr\/app\/uploads\/sites\/3\/2025\/05\/selection-vi-02.jpg\" alt=\"\" width=\"653\" height=\"435\" srcset=\"https:\/\/vosgesinfo.fr\/app\/uploads\/sites\/3\/2025\/05\/selection-vi-02.jpg 653w, https:\/\/vosgesinfo.fr\/app\/uploads\/sites\/3\/2025\/05\/selection-vi-02-300x200.jpg 300w\" sizes=\"(max-width: 653px) 100vw, 653px\" \/><\/a><p id=\"caption-attachment-132298\" class=\"wp-caption-text\">Photo: PBP-PHOTOGRAPHIE<\/p><\/div>\n<div id=\"attachment_132299\" style=\"width: 678px\" class=\"wp-caption aligncenter\"><a href=\"https:\/\/vosgesinfo.fr\/app\/uploads\/sites\/3\/2025\/05\/selection-vi-03.jpg\"><img decoding=\"async\" aria-describedby=\"caption-attachment-132299\" class=\"size-full wp-image-132299\" src=\"https:\/\/vosgesinfo.fr\/app\/uploads\/sites\/3\/2025\/05\/selection-vi-03.jpg\" alt=\"\" width=\"668\" height=\"445\" srcset=\"https:\/\/vosgesinfo.fr\/app\/uploads\/sites\/3\/2025\/05\/selection-vi-03.jpg 668w, https:\/\/vosgesinfo.fr\/app\/uploads\/sites\/3\/2025\/05\/selection-vi-03-300x200.jpg 300w\" sizes=\"(max-width: 668px) 100vw, 668px\" \/><\/a><p id=\"caption-attachment-132299\" class=\"wp-caption-text\">Photo: PBP-PHOTOGRAPHIE<\/p><\/div>\n<div id=\"attachment_132300\" style=\"width: 682px\" class=\"wp-caption aligncenter\"><a href=\"https:\/\/vosgesinfo.fr\/app\/uploads\/sites\/3\/2025\/05\/selection-vi-04.jpg\"><img decoding=\"async\" aria-describedby=\"caption-attachment-132300\" class=\"size-full wp-image-132300\" src=\"https:\/\/vosgesinfo.fr\/app\/uploads\/sites\/3\/2025\/05\/selection-vi-04.jpg\" alt=\"\" width=\"672\" height=\"448\" srcset=\"https:\/\/vosgesinfo.fr\/app\/uploads\/sites\/3\/2025\/05\/selection-vi-04.jpg 672w, https:\/\/vosgesinfo.fr\/app\/uploads\/sites\/3\/2025\/05\/selection-vi-04-300x200.jpg 300w\" sizes=\"(max-width: 672px) 100vw, 672px\" \/><\/a><p id=\"caption-attachment-132300\" class=\"wp-caption-text\">Photo: PBP-PHOTOGRAPHIE<\/p><\/div>\n<div id=\"attachment_132301\" style=\"width: 684px\" class=\"wp-caption aligncenter\"><a href=\"https:\/\/vosgesinfo.fr\/app\/uploads\/sites\/3\/2025\/05\/selection-vi-05.jpg\"><img decoding=\"async\" aria-describedby=\"caption-attachment-132301\" class=\"size-full wp-image-132301\" src=\"https:\/\/vosgesinfo.fr\/app\/uploads\/sites\/3\/2025\/05\/selection-vi-05.jpg\" alt=\"\" width=\"674\" height=\"449\" srcset=\"https:\/\/vosgesinfo.fr\/app\/uploads\/sites\/3\/2025\/05\/selection-vi-05.jpg 674w, https:\/\/vosgesinfo.fr\/app\/uploads\/sites\/3\/2025\/05\/selection-vi-05-300x200.jpg 300w\" sizes=\"(max-width: 674px) 100vw, 674px\" \/><\/a><p id=\"caption-attachment-132301\" class=\"wp-caption-text\">Photo: PBP-PHOTOGRAPHIE<\/p><\/div>\n<div id=\"attachment_132302\" style=\"width: 668px\" class=\"wp-caption aligncenter\"><a href=\"https:\/\/vosgesinfo.fr\/app\/uploads\/sites\/3\/2025\/05\/selection-vi-06.jpg\"><img decoding=\"async\" aria-describedby=\"caption-attachment-132302\" class=\"size-full wp-image-132302\" src=\"https:\/\/vosgesinfo.fr\/app\/uploads\/sites\/3\/2025\/05\/selection-vi-06.jpg\" alt=\"\" width=\"658\" height=\"438\" srcset=\"https:\/\/vosgesinfo.fr\/app\/uploads\/sites\/3\/2025\/05\/selection-vi-06.jpg 658w, https:\/\/vosgesinfo.fr\/app\/uploads\/sites\/3\/2025\/05\/selection-vi-06-300x200.jpg 300w\" sizes=\"(max-width: 658px) 100vw, 658px\" \/><\/a><p id=\"caption-attachment-132302\" class=\"wp-caption-text\">Photo: PBP-PHOTOGRAPHIE<\/p><\/div>\n<div id=\"attachment_132303\" style=\"width: 668px\" class=\"wp-caption aligncenter\"><a href=\"https:\/\/vosgesinfo.fr\/app\/uploads\/sites\/3\/2025\/05\/selection-vi-07.jpg\"><img decoding=\"async\" aria-describedby=\"caption-attachment-132303\" class=\"size-full wp-image-132303\" src=\"https:\/\/vosgesinfo.fr\/app\/uploads\/sites\/3\/2025\/05\/selection-vi-07.jpg\" alt=\"\" width=\"658\" height=\"438\" srcset=\"https:\/\/vosgesinfo.fr\/app\/uploads\/sites\/3\/2025\/05\/selection-vi-07.jpg 658w, https:\/\/vosgesinfo.fr\/app\/uploads\/sites\/3\/2025\/05\/selection-vi-07-300x200.jpg 300w\" sizes=\"(max-width: 658px) 100vw, 658px\" \/><\/a><p id=\"caption-attachment-132303\" class=\"wp-caption-text\">Photo: PBP-PHOTOGRAPHIE<\/p><\/div>\n<div id=\"attachment_132304\" style=\"width: 718px\" class=\"wp-caption aligncenter\"><a href=\"https:\/\/vosgesinfo.fr\/app\/uploads\/sites\/3\/2025\/05\/selection-vi-08.jpg\"><img decoding=\"async\" aria-describedby=\"caption-attachment-132304\" class=\"size-full wp-image-132304\" src=\"https:\/\/vosgesinfo.fr\/app\/uploads\/sites\/3\/2025\/05\/selection-vi-08.jpg\" alt=\"\" width=\"708\" height=\"473\" srcset=\"https:\/\/vosgesinfo.fr\/app\/uploads\/sites\/3\/2025\/05\/selection-vi-08.jpg 708w, https:\/\/vosgesinfo.fr\/app\/uploads\/sites\/3\/2025\/05\/selection-vi-08-300x200.jpg 300w\" sizes=\"(max-width: 708px) 100vw, 708px\" \/><\/a><p id=\"caption-attachment-132304\" class=\"wp-caption-text\">Photo: PBP-PHOTOGRAPHIE<\/p><\/div>\n","protected":false},"excerpt":{"rendered":"<p>\u00c9pinal, 26 mai 2025 \u2013 La 24e \u00e9dition des Imaginales, festival international des litt\u00e9ratures de l\u2019imaginaire, s\u2019est achev\u00e9e ce dimanche [&hellip;]<\/p>\n","protected":false},"author":52,"featured_media":132297,"comment_status":"open","ping_status":"open","sticky":false,"template":"","format":"standard","meta":{"footnotes":""},"categories":[22,12,24,367],"tags":[],"class_list":["post-132296","post","type-post","status-publish","format-standard","has-post-thumbnail","hentry","category-a-la-une","category-culture","category-epinal","category-litterature"],"acf":[],"yoast_head":"<!-- This site is optimized with the Yoast SEO plugin v22.5 - https:\/\/yoast.com\/wordpress\/plugins\/seo\/ -->\n<title>\u00c9pinal : la 24\u00e8me \u00e9dition des Imaginales enchante la ville - Epinal Info<\/title>\n<meta name=\"robots\" content=\"index, follow, max-snippet:-1, max-image-preview:large, max-video-preview:-1\" \/>\n<link rel=\"canonical\" href=\"https:\/\/vosgesinfo.fr\/epinalinfo\/?p=132296\" \/>\n<meta name=\"twitter:card\" content=\"summary_large_image\" \/>\n<meta name=\"twitter:title\" content=\"\u00c9pinal : la 24\u00e8me \u00e9dition des Imaginales enchante la ville - Epinal Info\" \/>\n<meta name=\"twitter:description\" content=\"\u00c9pinal, 26 mai 2025 \u2013 La 24e \u00e9dition des Imaginales, festival international des litt\u00e9ratures de l\u2019imaginaire, s\u2019est achev\u00e9e ce dimanche [&hellip;]\" \/>\n<meta name=\"twitter:image\" content=\"https:\/\/vosgesinfo.fr\/app\/uploads\/sites\/3\/2025\/05\/selection-vi-01.jpg\" \/>\n<meta name=\"twitter:creator\" content=\"@VosgesInfo88\" \/>\n<meta name=\"twitter:site\" content=\"@VosgesInfo88\" \/>\n<meta name=\"twitter:label1\" content=\"\u00c9crit par\" \/>\n\t<meta name=\"twitter:data1\" content=\"C.K.\" \/>\n\t<meta name=\"twitter:label2\" content=\"Dur\u00e9e de lecture estim\u00e9e\" \/>\n\t<meta name=\"twitter:data2\" content=\"4 minutes\" \/>\n<script type=\"application\/ld+json\" class=\"yoast-schema-graph\">{\"@context\":\"https:\/\/schema.org\",\"@graph\":[{\"@type\":\"Article\",\"@id\":\"https:\/\/vosgesinfo.fr\/epinalinfo\/?p=132296#article\",\"isPartOf\":{\"@id\":\"https:\/\/vosgesinfo.fr\/epinalinfo\/?p=132296\"},\"author\":{\"name\":\"C.K.\",\"@id\":\"https:\/\/vosgesinfo.fr\/epinalinfo\/#\/schema\/person\/6f9a650eeea99d969b6c4ab78fccbe81\"},\"headline\":\"\u00c9pinal : la 24\u00e8me \u00e9dition des Imaginales enchante la ville\",\"datePublished\":\"2025-05-25T18:23:37+00:00\",\"dateModified\":\"2025-05-25T18:23:37+00:00\",\"mainEntityOfPage\":{\"@id\":\"https:\/\/vosgesinfo.fr\/epinalinfo\/?p=132296\"},\"wordCount\":367,\"commentCount\":0,\"publisher\":{\"@id\":\"https:\/\/vosgesinfo.fr\/epinalinfo\/#organization\"},\"image\":{\"@id\":\"https:\/\/vosgesinfo.fr\/epinalinfo\/?p=132296#primaryimage\"},\"thumbnailUrl\":\"https:\/\/vosgesinfo.fr\/app\/uploads\/sites\/3\/2025\/05\/selection-vi-01.jpg\",\"articleSection\":[\"A la Une\",\"Culture\",\"Epinal\",\"Litt\u00e9rature\"],\"inLanguage\":\"fr-FR\",\"potentialAction\":[{\"@type\":\"CommentAction\",\"name\":\"Comment\",\"target\":[\"https:\/\/vosgesinfo.fr\/epinalinfo\/?p=132296#respond\"]}]},{\"@type\":\"WebPage\",\"@id\":\"https:\/\/vosgesinfo.fr\/epinalinfo\/?p=132296\",\"url\":\"https:\/\/vosgesinfo.fr\/epinalinfo\/?p=132296\",\"name\":\"\u00c9pinal : la 24\u00e8me \u00e9dition des Imaginales enchante la ville - Epinal Info\",\"isPartOf\":{\"@id\":\"https:\/\/vosgesinfo.fr\/epinalinfo\/#website\"},\"primaryImageOfPage\":{\"@id\":\"https:\/\/vosgesinfo.fr\/epinalinfo\/?p=132296#primaryimage\"},\"image\":{\"@id\":\"https:\/\/vosgesinfo.fr\/epinalinfo\/?p=132296#primaryimage\"},\"thumbnailUrl\":\"https:\/\/vosgesinfo.fr\/app\/uploads\/sites\/3\/2025\/05\/selection-vi-01.jpg\",\"datePublished\":\"2025-05-25T18:23:37+00:00\",\"dateModified\":\"2025-05-25T18:23:37+00:00\",\"breadcrumb\":{\"@id\":\"https:\/\/vosgesinfo.fr\/epinalinfo\/?p=132296#breadcrumb\"},\"inLanguage\":\"fr-FR\",\"potentialAction\":[{\"@type\":\"ReadAction\",\"target\":[\"https:\/\/vosgesinfo.fr\/epinalinfo\/?p=132296\"]}]},{\"@type\":\"ImageObject\",\"inLanguage\":\"fr-FR\",\"@id\":\"https:\/\/vosgesinfo.fr\/epinalinfo\/?p=132296#primaryimage\",\"url\":\"https:\/\/vosgesinfo.fr\/app\/uploads\/sites\/3\/2025\/05\/selection-vi-01.jpg\",\"contentUrl\":\"https:\/\/vosgesinfo.fr\/app\/uploads\/sites\/3\/2025\/05\/selection-vi-01.jpg\",\"width\":655,\"height\":437,\"caption\":\"Photo: PBP-PHOTOGRAPHIE\"},{\"@type\":\"BreadcrumbList\",\"@id\":\"https:\/\/vosgesinfo.fr\/epinalinfo\/?p=132296#breadcrumb\",\"itemListElement\":[{\"@type\":\"ListItem\",\"position\":1,\"name\":\"Home\",\"item\":\"https:\/\/vosgesinfo.fr\/epinalinfo\/\"},{\"@type\":\"ListItem\",\"position\":2,\"name\":\"\u00c9pinal : la 24\u00e8me \u00e9dition des Imaginales enchante la ville\"}]},{\"@type\":\"WebSite\",\"@id\":\"https:\/\/vosgesinfo.fr\/epinalinfo\/#website\",\"url\":\"https:\/\/vosgesinfo.fr\/epinalinfo\/\",\"name\":\"Epinal Info\",\"description\":\"Toute l&#039;actualit\u00e9 d&#039;\u00c9pinal\",\"publisher\":{\"@id\":\"https:\/\/vosgesinfo.fr\/epinalinfo\/#organization\"},\"alternateName\":\"Toute l'actualit\u00e9 d'\u00c9pinal\",\"potentialAction\":[{\"@type\":\"SearchAction\",\"target\":{\"@type\":\"EntryPoint\",\"urlTemplate\":\"https:\/\/vosgesinfo.fr\/epinalinfo\/?s={search_term_string}\"},\"query-input\":\"required name=search_term_string\"}],\"inLanguage\":\"fr-FR\"},{\"@type\":\"Organization\",\"@id\":\"https:\/\/vosgesinfo.fr\/epinalinfo\/#organization\",\"name\":\"Epinal Info\",\"url\":\"https:\/\/vosgesinfo.fr\/epinalinfo\/\",\"logo\":{\"@type\":\"ImageObject\",\"inLanguage\":\"fr-FR\",\"@id\":\"https:\/\/vosgesinfo.fr\/epinalinfo\/#\/schema\/logo\/image\/\",\"url\":\"https:\/\/vosgesinfo.fr\/app\/uploads\/sites\/3\/2023\/08\/logo-epinalinfos.svg\",\"contentUrl\":\"https:\/\/vosgesinfo.fr\/app\/uploads\/sites\/3\/2023\/08\/logo-epinalinfos.svg\",\"width\":1,\"height\":1,\"caption\":\"Epinal Info\"},\"image\":{\"@id\":\"https:\/\/vosgesinfo.fr\/epinalinfo\/#\/schema\/logo\/image\/\"},\"sameAs\":[\"https:\/\/www.facebook.com\/Epinalinfos\",\"https:\/\/x.com\/VosgesInfo88\",\"https:\/\/www.youtube.com\/@vosgesinfo\"]},{\"@type\":\"Person\",\"@id\":\"https:\/\/vosgesinfo.fr\/epinalinfo\/#\/schema\/person\/6f9a650eeea99d969b6c4ab78fccbe81\",\"name\":\"C.K.\",\"image\":{\"@type\":\"ImageObject\",\"inLanguage\":\"fr-FR\",\"@id\":\"https:\/\/vosgesinfo.fr\/epinalinfo\/#\/schema\/person\/image\/\",\"url\":\"https:\/\/secure.gravatar.com\/avatar\/48e3fc7f8421ba8942be6b74a2b7f014ca39bc00dece156b7a8e098ae7dc87bf?s=96&d=mm&r=g\",\"contentUrl\":\"https:\/\/secure.gravatar.com\/avatar\/48e3fc7f8421ba8942be6b74a2b7f014ca39bc00dece156b7a8e098ae7dc87bf?s=96&d=mm&r=g\",\"caption\":\"C.K.\"},\"url\":\"https:\/\/vosgesinfo.fr\/epinalinfo\/author\/celia-k-n\/\"}]}<\/script>\n<!-- \/ Yoast SEO plugin. -->","yoast_head_json":{"title":"\u00c9pinal : la 24\u00e8me \u00e9dition des Imaginales enchante la ville - Epinal Info","robots":{"index":"index","follow":"follow","max-snippet":"max-snippet:-1","max-image-preview":"max-image-preview:large","max-video-preview":"max-video-preview:-1"},"canonical":"https:\/\/vosgesinfo.fr\/epinalinfo\/?p=132296","twitter_card":"summary_large_image","twitter_title":"\u00c9pinal : la 24\u00e8me \u00e9dition des Imaginales enchante la ville - Epinal Info","twitter_description":"\u00c9pinal, 26 mai 2025 \u2013 La 24e \u00e9dition des Imaginales, festival international des litt\u00e9ratures de l\u2019imaginaire, s\u2019est achev\u00e9e ce dimanche [&hellip;]","twitter_image":"https:\/\/vosgesinfo.fr\/app\/uploads\/sites\/3\/2025\/05\/selection-vi-01.jpg","twitter_creator":"@VosgesInfo88","twitter_site":"@VosgesInfo88","twitter_misc":{"\u00c9crit par":"C.K.","Dur\u00e9e de lecture estim\u00e9e":"4 minutes"},"schema":{"@context":"https:\/\/schema.org","@graph":[{"@type":"Article","@id":"https:\/\/vosgesinfo.fr\/epinalinfo\/?p=132296#article","isPartOf":{"@id":"https:\/\/vosgesinfo.fr\/epinalinfo\/?p=132296"},"author":{"name":"C.K.","@id":"https:\/\/vosgesinfo.fr\/epinalinfo\/#\/schema\/person\/6f9a650eeea99d969b6c4ab78fccbe81"},"headline":"\u00c9pinal : la 24\u00e8me \u00e9dition des Imaginales enchante la ville","datePublished":"2025-05-25T18:23:37+00:00","dateModified":"2025-05-25T18:23:37+00:00","mainEntityOfPage":{"@id":"https:\/\/vosgesinfo.fr\/epinalinfo\/?p=132296"},"wordCount":367,"commentCount":0,"publisher":{"@id":"https:\/\/vosgesinfo.fr\/epinalinfo\/#organization"},"image":{"@id":"https:\/\/vosgesinfo.fr\/epinalinfo\/?p=132296#primaryimage"},"thumbnailUrl":"https:\/\/vosgesinfo.fr\/app\/uploads\/sites\/3\/2025\/05\/selection-vi-01.jpg","articleSection":["A la Une","Culture","Epinal","Litt\u00e9rature"],"inLanguage":"fr-FR","potentialAction":[{"@type":"CommentAction","name":"Comment","target":["https:\/\/vosgesinfo.fr\/epinalinfo\/?p=132296#respond"]}]},{"@type":"WebPage","@id":"https:\/\/vosgesinfo.fr\/epinalinfo\/?p=132296","url":"https:\/\/vosgesinfo.fr\/epinalinfo\/?p=132296","name":"\u00c9pinal : la 24\u00e8me \u00e9dition des Imaginales enchante la ville - Epinal Info","isPartOf":{"@id":"https:\/\/vosgesinfo.fr\/epinalinfo\/#website"},"primaryImageOfPage":{"@id":"https:\/\/vosgesinfo.fr\/epinalinfo\/?p=132296#primaryimage"},"image":{"@id":"https:\/\/vosgesinfo.fr\/epinalinfo\/?p=132296#primaryimage"},"thumbnailUrl":"https:\/\/vosgesinfo.fr\/app\/uploads\/sites\/3\/2025\/05\/selection-vi-01.jpg","datePublished":"2025-05-25T18:23:37+00:00","dateModified":"2025-05-25T18:23:37+00:00","breadcrumb":{"@id":"https:\/\/vosgesinfo.fr\/epinalinfo\/?p=132296#breadcrumb"},"inLanguage":"fr-FR","potentialAction":[{"@type":"ReadAction","target":["https:\/\/vosgesinfo.fr\/epinalinfo\/?p=132296"]}]},{"@type":"ImageObject","inLanguage":"fr-FR","@id":"https:\/\/vosgesinfo.fr\/epinalinfo\/?p=132296#primaryimage","url":"https:\/\/vosgesinfo.fr\/app\/uploads\/sites\/3\/2025\/05\/selection-vi-01.jpg","contentUrl":"https:\/\/vosgesinfo.fr\/app\/uploads\/sites\/3\/2025\/05\/selection-vi-01.jpg","width":655,"height":437,"caption":"Photo: PBP-PHOTOGRAPHIE"},{"@type":"BreadcrumbList","@id":"https:\/\/vosgesinfo.fr\/epinalinfo\/?p=132296#breadcrumb","itemListElement":[{"@type":"ListItem","position":1,"name":"Home","item":"https:\/\/vosgesinfo.fr\/epinalinfo\/"},{"@type":"ListItem","position":2,"name":"\u00c9pinal : la 24\u00e8me \u00e9dition des Imaginales enchante la ville"}]},{"@type":"WebSite","@id":"https:\/\/vosgesinfo.fr\/epinalinfo\/#website","url":"https:\/\/vosgesinfo.fr\/epinalinfo\/","name":"Epinal Info","description":"Toute l&#039;actualit\u00e9 d&#039;\u00c9pinal","publisher":{"@id":"https:\/\/vosgesinfo.fr\/epinalinfo\/#organization"},"alternateName":"Toute l'actualit\u00e9 d'\u00c9pinal","potentialAction":[{"@type":"SearchAction","target":{"@type":"EntryPoint","urlTemplate":"https:\/\/vosgesinfo.fr\/epinalinfo\/?s={search_term_string}"},"query-input":"required name=search_term_string"}],"inLanguage":"fr-FR"},{"@type":"Organization","@id":"https:\/\/vosgesinfo.fr\/epinalinfo\/#organization","name":"Epinal Info","url":"https:\/\/vosgesinfo.fr\/epinalinfo\/","logo":{"@type":"ImageObject","inLanguage":"fr-FR","@id":"https:\/\/vosgesinfo.fr\/epinalinfo\/#\/schema\/logo\/image\/","url":"https:\/\/vosgesinfo.fr\/app\/uploads\/sites\/3\/2023\/08\/logo-epinalinfos.svg","contentUrl":"https:\/\/vosgesinfo.fr\/app\/uploads\/sites\/3\/2023\/08\/logo-epinalinfos.svg","width":1,"height":1,"caption":"Epinal Info"},"image":{"@id":"https:\/\/vosgesinfo.fr\/epinalinfo\/#\/schema\/logo\/image\/"},"sameAs":["https:\/\/www.facebook.com\/Epinalinfos","https:\/\/x.com\/VosgesInfo88","https:\/\/www.youtube.com\/@vosgesinfo"]},{"@type":"Person","@id":"https:\/\/vosgesinfo.fr\/epinalinfo\/#\/schema\/person\/6f9a650eeea99d969b6c4ab78fccbe81","name":"C.K.","image":{"@type":"ImageObject","inLanguage":"fr-FR","@id":"https:\/\/vosgesinfo.fr\/epinalinfo\/#\/schema\/person\/image\/","url":"https:\/\/secure.gravatar.com\/avatar\/48e3fc7f8421ba8942be6b74a2b7f014ca39bc00dece156b7a8e098ae7dc87bf?s=96&d=mm&r=g","contentUrl":"https:\/\/secure.gravatar.com\/avatar\/48e3fc7f8421ba8942be6b74a2b7f014ca39bc00dece156b7a8e098ae7dc87bf?s=96&d=mm&r=g","caption":"C.K."},"url":"https:\/\/vosgesinfo.fr\/epinalinfo\/author\/celia-k-n\/"}]}},"_links":{"self":[{"href":"https:\/\/vosgesinfo.fr\/epinalinfo\/wp-json\/wp\/v2\/posts\/132296","targetHints":{"allow":["GET"]}}],"collection":[{"href":"https:\/\/vosgesinfo.fr\/epinalinfo\/wp-json\/wp\/v2\/posts"}],"about":[{"href":"https:\/\/vosgesinfo.fr\/epinalinfo\/wp-json\/wp\/v2\/types\/post"}],"author":[{"embeddable":true,"href":"https:\/\/vosgesinfo.fr\/epinalinfo\/wp-json\/wp\/v2\/users\/52"}],"replies":[{"embeddable":true,"href":"https:\/\/vosgesinfo.fr\/epinalinfo\/wp-json\/wp\/v2\/comments?post=132296"}],"version-history":[{"count":1,"href":"https:\/\/vosgesinfo.fr\/epinalinfo\/wp-json\/wp\/v2\/posts\/132296\/revisions"}],"predecessor-version":[{"id":132305,"href":"https:\/\/vosgesinfo.fr\/epinalinfo\/wp-json\/wp\/v2\/posts\/132296\/revisions\/132305"}],"wp:featuredmedia":[{"embeddable":true,"href":"https:\/\/vosgesinfo.fr\/epinalinfo\/wp-json\/wp\/v2\/media\/132297"}],"wp:attachment":[{"href":"https:\/\/vosgesinfo.fr\/epinalinfo\/wp-json\/wp\/v2\/media?parent=132296"}],"wp:term":[{"taxonomy":"category","embeddable":true,"href":"https:\/\/vosgesinfo.fr\/epinalinfo\/wp-json\/wp\/v2\/categories?post=132296"},{"taxonomy":"post_tag","embeddable":true,"href":"https:\/\/vosgesinfo.fr\/epinalinfo\/wp-json\/wp\/v2\/tags?post=132296"}],"curies":[{"name":"wp","href":"https:\/\/api.w.org\/{rel}","templated":true}]}}