{"id":132306,"date":"2025-05-25T21:22:58","date_gmt":"2025-05-25T19:22:58","guid":{"rendered":"https:\/\/vosgesinfo.fr\/epinalinfo\/?p=132306"},"modified":"2025-05-25T21:22:58","modified_gmt":"2025-05-25T19:22:58","slug":"memorial-day-hommage-solennel-au-cimetiere-americain-de-dinoze","status":"publish","type":"post","link":"https:\/\/vosgesinfo.fr\/epinalinfo\/2025\/05\/memorial-day-hommage-solennel-au-cimetiere-americain-de-dinoze\/","title":{"rendered":"M\u00e9morial Day : hommage solennel au cimeti\u00e8re am\u00e9ricain de Dinoz\u00e9"},"content":{"rendered":"<p><em>Dinoz\u00e9, 20 mai 2025<\/em> \u2013 Ce matin \u00e0 10h30, une c\u00e9r\u00e9monie empreinte de recueillement s\u2019est tenue au <strong>cimeti\u00e8re am\u00e9ricain de Dinoz\u00e9<\/strong>, \u00e0 l\u2019occasion du <strong>M\u00e9morial Day<\/strong>, journ\u00e9e du souvenir d\u00e9di\u00e9e aux soldats am\u00e9ricains tomb\u00e9s au combat. Dans le silence majestueux des Vosges, les rang\u00e9es de croix blanches ont accueilli \u00e9lus, repr\u00e9sentants militaires, diplomates, \u00e9coliers et habitants venus honorer la m\u00e9moire des lib\u00e9rateurs.<\/p>\n<p>Organis\u00e9 par l\u2019ambassade des \u00c9tats-Unis et les autorit\u00e9s fran\u00e7aises, l\u2019\u00e9v\u00e9nement a d\u00e9but\u00e9 par l\u2019hymne am\u00e9ricain, suivi de <em>La Marseillaise<\/em>, interpr\u00e9t\u00e9s par une fanfare militaire. Plusieurs gerbes ont \u00e9t\u00e9 d\u00e9pos\u00e9es au pied du monument central, tandis qu\u2019un d\u00e9tachement rendait les honneurs, dans un silence interrompu seulement par l\u2019\u00e9cho du clairon.<\/p>\n<p>Dans son discours, le consul am\u00e9ricain \u00e0 Strasbourg a rappel\u00e9 l\u2019importance de transmettre la m\u00e9moire : \u00ab Ces hommes sont tomb\u00e9s loin de chez eux pour d\u00e9fendre la libert\u00e9. Ce devoir de m\u00e9moire nous lie au-del\u00e0 des fronti\u00e8res. \u00bb<\/p>\n<p>Plus de 5 000 soldats reposent dans ce cimeti\u00e8re, tomb\u00e9s lors de la lib\u00e9ration de l\u2019Est de la France durant la Seconde Guerre mondiale. Pour beaucoup de participants, la c\u00e9r\u00e9monie fut un moment d\u2019\u00e9motion, mais aussi de transmission, notamment pour les jeunes pr\u00e9sents avec leurs enseignants.<\/p>\n<p>Sous un ciel voil\u00e9, Dinoz\u00e9 s\u2019est fait, l\u2019espace d\u2019un matin, le th\u00e9\u00e2tre d\u2019une gratitude toujours vive, partag\u00e9e entre deux nations unies par l\u2019histoire et le respect des sacrifices.<\/p>\n<div id=\"attachment_132307\" style=\"width: 681px\" class=\"wp-caption aligncenter\"><a href=\"https:\/\/vosgesinfo.fr\/app\/uploads\/sites\/3\/2025\/05\/selection-vi-01-1.jpg\"><img decoding=\"async\" aria-describedby=\"caption-attachment-132307\" class=\"size-full wp-image-132307\" src=\"https:\/\/vosgesinfo.fr\/app\/uploads\/sites\/3\/2025\/05\/selection-vi-01-1.jpg\" alt=\"\" width=\"671\" height=\"448\" srcset=\"https:\/\/vosgesinfo.fr\/app\/uploads\/sites\/3\/2025\/05\/selection-vi-01-1.jpg 671w, https:\/\/vosgesinfo.fr\/app\/uploads\/sites\/3\/2025\/05\/selection-vi-01-1-300x200.jpg 300w\" sizes=\"(max-width: 671px) 100vw, 671px\" \/><\/a><p id=\"caption-attachment-132307\" class=\"wp-caption-text\">Photo: PBP-PHOTOGRAPHIE<\/p><\/div>\n<div id=\"attachment_132308\" style=\"width: 695px\" class=\"wp-caption aligncenter\"><a href=\"https:\/\/vosgesinfo.fr\/app\/uploads\/sites\/3\/2025\/05\/selection-vi-02-1.jpg\"><img decoding=\"async\" aria-describedby=\"caption-attachment-132308\" class=\"size-full wp-image-132308\" src=\"https:\/\/vosgesinfo.fr\/app\/uploads\/sites\/3\/2025\/05\/selection-vi-02-1.jpg\" alt=\"\" width=\"685\" height=\"456\" srcset=\"https:\/\/vosgesinfo.fr\/app\/uploads\/sites\/3\/2025\/05\/selection-vi-02-1.jpg 685w, https:\/\/vosgesinfo.fr\/app\/uploads\/sites\/3\/2025\/05\/selection-vi-02-1-300x200.jpg 300w\" sizes=\"(max-width: 685px) 100vw, 685px\" \/><\/a><p id=\"caption-attachment-132308\" class=\"wp-caption-text\">Photo: PBP-PHOTOGRAPHIE<\/p><\/div>\n<div id=\"attachment_132309\" style=\"width: 690px\" class=\"wp-caption aligncenter\"><a href=\"https:\/\/vosgesinfo.fr\/app\/uploads\/sites\/3\/2025\/05\/selection-vi-03-1.jpg\"><img decoding=\"async\" aria-describedby=\"caption-attachment-132309\" class=\"size-full wp-image-132309\" src=\"https:\/\/vosgesinfo.fr\/app\/uploads\/sites\/3\/2025\/05\/selection-vi-03-1.jpg\" alt=\"\" width=\"680\" height=\"453\" srcset=\"https:\/\/vosgesinfo.fr\/app\/uploads\/sites\/3\/2025\/05\/selection-vi-03-1.jpg 680w, https:\/\/vosgesinfo.fr\/app\/uploads\/sites\/3\/2025\/05\/selection-vi-03-1-300x200.jpg 300w\" sizes=\"(max-width: 680px) 100vw, 680px\" \/><\/a><p id=\"caption-attachment-132309\" class=\"wp-caption-text\">Photo: PBP-PHOTOGRAPHIE<\/p><\/div>\n<div id=\"attachment_132310\" style=\"width: 474px\" class=\"wp-caption aligncenter\"><a href=\"https:\/\/vosgesinfo.fr\/app\/uploads\/sites\/3\/2025\/05\/selection-vi-04-1.jpg\"><img decoding=\"async\" aria-describedby=\"caption-attachment-132310\" class=\"size-full wp-image-132310\" src=\"https:\/\/vosgesinfo.fr\/app\/uploads\/sites\/3\/2025\/05\/selection-vi-04-1.jpg\" alt=\"\" width=\"464\" height=\"696\" srcset=\"https:\/\/vosgesinfo.fr\/app\/uploads\/sites\/3\/2025\/05\/selection-vi-04-1.jpg 464w, https:\/\/vosgesinfo.fr\/app\/uploads\/sites\/3\/2025\/05\/selection-vi-04-1-200x300.jpg 200w\" sizes=\"(max-width: 464px) 100vw, 464px\" \/><\/a><p id=\"caption-attachment-132310\" class=\"wp-caption-text\">Photo: PBP-PHOTOGRAPHIE<\/p><\/div>\n<div id=\"attachment_132311\" style=\"width: 694px\" class=\"wp-caption aligncenter\"><a href=\"https:\/\/vosgesinfo.fr\/app\/uploads\/sites\/3\/2025\/05\/selection-vi-05-1.jpg\"><img decoding=\"async\" aria-describedby=\"caption-attachment-132311\" class=\"size-full wp-image-132311\" src=\"https:\/\/vosgesinfo.fr\/app\/uploads\/sites\/3\/2025\/05\/selection-vi-05-1.jpg\" alt=\"\" width=\"684\" height=\"456\" srcset=\"https:\/\/vosgesinfo.fr\/app\/uploads\/sites\/3\/2025\/05\/selection-vi-05-1.jpg 684w, https:\/\/vosgesinfo.fr\/app\/uploads\/sites\/3\/2025\/05\/selection-vi-05-1-300x200.jpg 300w\" sizes=\"(max-width: 684px) 100vw, 684px\" \/><\/a><p id=\"caption-attachment-132311\" class=\"wp-caption-text\">Photo: PBP-PHOTOGRAPHIE<\/p><\/div>\n<div id=\"attachment_132312\" style=\"width: 476px\" class=\"wp-caption aligncenter\"><a href=\"https:\/\/vosgesinfo.fr\/app\/uploads\/sites\/3\/2025\/05\/selection-vi-06-1.jpg\"><img decoding=\"async\" aria-describedby=\"caption-attachment-132312\" class=\"size-full wp-image-132312\" src=\"https:\/\/vosgesinfo.fr\/app\/uploads\/sites\/3\/2025\/05\/selection-vi-06-1.jpg\" alt=\"\" width=\"466\" height=\"698\" srcset=\"https:\/\/vosgesinfo.fr\/app\/uploads\/sites\/3\/2025\/05\/selection-vi-06-1.jpg 466w, https:\/\/vosgesinfo.fr\/app\/uploads\/sites\/3\/2025\/05\/selection-vi-06-1-200x300.jpg 200w\" sizes=\"(max-width: 466px) 100vw, 466px\" \/><\/a><p id=\"caption-attachment-132312\" class=\"wp-caption-text\">Photo: PBP-PHOTOGRAPHIE<\/p><\/div>\n<div id=\"attachment_132313\" style=\"width: 676px\" class=\"wp-caption aligncenter\"><a href=\"https:\/\/vosgesinfo.fr\/app\/uploads\/sites\/3\/2025\/05\/selection-vi-07-1.jpg\"><img decoding=\"async\" aria-describedby=\"caption-attachment-132313\" class=\"size-full wp-image-132313\" src=\"https:\/\/vosgesinfo.fr\/app\/uploads\/sites\/3\/2025\/05\/selection-vi-07-1.jpg\" alt=\"\" width=\"666\" height=\"445\" srcset=\"https:\/\/vosgesinfo.fr\/app\/uploads\/sites\/3\/2025\/05\/selection-vi-07-1.jpg 666w, https:\/\/vosgesinfo.fr\/app\/uploads\/sites\/3\/2025\/05\/selection-vi-07-1-300x200.jpg 300w\" sizes=\"(max-width: 666px) 100vw, 666px\" \/><\/a><p id=\"caption-attachment-132313\" class=\"wp-caption-text\">Photo: PBP-PHOTOGRAPHIE<\/p><\/div>\n<div id=\"attachment_132314\" style=\"width: 482px\" class=\"wp-caption aligncenter\"><a href=\"https:\/\/vosgesinfo.fr\/app\/uploads\/sites\/3\/2025\/05\/selection-vi-08-1.jpg\"><img decoding=\"async\" aria-describedby=\"caption-attachment-132314\" class=\"size-full wp-image-132314\" src=\"https:\/\/vosgesinfo.fr\/app\/uploads\/sites\/3\/2025\/05\/selection-vi-08-1.jpg\" alt=\"\" width=\"472\" height=\"707\" srcset=\"https:\/\/vosgesinfo.fr\/app\/uploads\/sites\/3\/2025\/05\/selection-vi-08-1.jpg 472w, https:\/\/vosgesinfo.fr\/app\/uploads\/sites\/3\/2025\/05\/selection-vi-08-1-200x300.jpg 200w\" sizes=\"(max-width: 472px) 100vw, 472px\" \/><\/a><p id=\"caption-attachment-132314\" class=\"wp-caption-text\">Photo: PBP-PHOTOGRAPHIE<\/p><\/div>\n","protected":false},"excerpt":{"rendered":"<p>Dinoz\u00e9, 20 mai 2025 \u2013 Ce matin \u00e0 10h30, une c\u00e9r\u00e9monie empreinte de recueillement s\u2019est tenue au cimeti\u00e8re am\u00e9ricain de [&hellip;]<\/p>\n","protected":false},"author":52,"featured_media":132309,"comment_status":"open","ping_status":"open","sticky":false,"template":"","format":"standard","meta":{"footnotes":""},"categories":[22,24,729],"tags":[],"class_list":["post-132306","post","type-post","status-publish","format-standard","has-post-thumbnail","hentry","category-a-la-une","category-epinal","category-lorraine"],"acf":[],"yoast_head":"<!-- This site is optimized with the Yoast SEO plugin v22.5 - https:\/\/yoast.com\/wordpress\/plugins\/seo\/ -->\n<title>M\u00e9morial Day : hommage solennel au cimeti\u00e8re am\u00e9ricain de Dinoz\u00e9 - Epinal Info<\/title>\n<meta name=\"robots\" content=\"index, follow, max-snippet:-1, max-image-preview:large, max-video-preview:-1\" \/>\n<link rel=\"canonical\" href=\"https:\/\/vosgesinfo.fr\/epinalinfo\/?p=132306\" \/>\n<meta name=\"twitter:card\" content=\"summary_large_image\" \/>\n<meta name=\"twitter:title\" content=\"M\u00e9morial Day : hommage solennel au cimeti\u00e8re am\u00e9ricain de Dinoz\u00e9 - Epinal Info\" \/>\n<meta name=\"twitter:description\" content=\"Dinoz\u00e9, 20 mai 2025 \u2013 Ce matin \u00e0 10h30, une c\u00e9r\u00e9monie empreinte de recueillement s\u2019est tenue au cimeti\u00e8re am\u00e9ricain de [&hellip;]\" \/>\n<meta name=\"twitter:image\" content=\"https:\/\/vosgesinfo.fr\/app\/uploads\/sites\/3\/2025\/05\/selection-vi-03-1.jpg\" \/>\n<meta name=\"twitter:creator\" content=\"@VosgesInfo88\" \/>\n<meta name=\"twitter:site\" content=\"@VosgesInfo88\" \/>\n<meta name=\"twitter:label1\" content=\"\u00c9crit par\" \/>\n\t<meta name=\"twitter:data1\" content=\"C.K.\" \/>\n\t<meta name=\"twitter:label2\" content=\"Dur\u00e9e de lecture estim\u00e9e\" \/>\n\t<meta name=\"twitter:data2\" content=\"4 minutes\" \/>\n<script type=\"application\/ld+json\" class=\"yoast-schema-graph\">{\"@context\":\"https:\/\/schema.org\",\"@graph\":[{\"@type\":\"Article\",\"@id\":\"https:\/\/vosgesinfo.fr\/epinalinfo\/?p=132306#article\",\"isPartOf\":{\"@id\":\"https:\/\/vosgesinfo.fr\/epinalinfo\/?p=132306\"},\"author\":{\"name\":\"C.K.\",\"@id\":\"https:\/\/vosgesinfo.fr\/epinalinfo\/#\/schema\/person\/6f9a650eeea99d969b6c4ab78fccbe81\"},\"headline\":\"M\u00e9morial Day : hommage solennel au cimeti\u00e8re am\u00e9ricain de Dinoz\u00e9\",\"datePublished\":\"2025-05-25T19:22:58+00:00\",\"dateModified\":\"2025-05-25T19:22:58+00:00\",\"mainEntityOfPage\":{\"@id\":\"https:\/\/vosgesinfo.fr\/epinalinfo\/?p=132306\"},\"wordCount\":350,\"commentCount\":1,\"publisher\":{\"@id\":\"https:\/\/vosgesinfo.fr\/epinalinfo\/#organization\"},\"image\":{\"@id\":\"https:\/\/vosgesinfo.fr\/epinalinfo\/?p=132306#primaryimage\"},\"thumbnailUrl\":\"https:\/\/vosgesinfo.fr\/app\/uploads\/sites\/3\/2025\/05\/selection-vi-03-1.jpg\",\"articleSection\":[\"A la Une\",\"Epinal\",\"Lorraine\"],\"inLanguage\":\"fr-FR\",\"potentialAction\":[{\"@type\":\"CommentAction\",\"name\":\"Comment\",\"target\":[\"https:\/\/vosgesinfo.fr\/epinalinfo\/?p=132306#respond\"]}]},{\"@type\":\"WebPage\",\"@id\":\"https:\/\/vosgesinfo.fr\/epinalinfo\/?p=132306\",\"url\":\"https:\/\/vosgesinfo.fr\/epinalinfo\/?p=132306\",\"name\":\"M\u00e9morial Day : hommage solennel au cimeti\u00e8re am\u00e9ricain de Dinoz\u00e9 - Epinal Info\",\"isPartOf\":{\"@id\":\"https:\/\/vosgesinfo.fr\/epinalinfo\/#website\"},\"primaryImageOfPage\":{\"@id\":\"https:\/\/vosgesinfo.fr\/epinalinfo\/?p=132306#primaryimage\"},\"image\":{\"@id\":\"https:\/\/vosgesinfo.fr\/epinalinfo\/?p=132306#primaryimage\"},\"thumbnailUrl\":\"https:\/\/vosgesinfo.fr\/app\/uploads\/sites\/3\/2025\/05\/selection-vi-03-1.jpg\",\"datePublished\":\"2025-05-25T19:22:58+00:00\",\"dateModified\":\"2025-05-25T19:22:58+00:00\",\"breadcrumb\":{\"@id\":\"https:\/\/vosgesinfo.fr\/epinalinfo\/?p=132306#breadcrumb\"},\"inLanguage\":\"fr-FR\",\"potentialAction\":[{\"@type\":\"ReadAction\",\"target\":[\"https:\/\/vosgesinfo.fr\/epinalinfo\/?p=132306\"]}]},{\"@type\":\"ImageObject\",\"inLanguage\":\"fr-FR\",\"@id\":\"https:\/\/vosgesinfo.fr\/epinalinfo\/?p=132306#primaryimage\",\"url\":\"https:\/\/vosgesinfo.fr\/app\/uploads\/sites\/3\/2025\/05\/selection-vi-03-1.jpg\",\"contentUrl\":\"https:\/\/vosgesinfo.fr\/app\/uploads\/sites\/3\/2025\/05\/selection-vi-03-1.jpg\",\"width\":680,\"height\":453,\"caption\":\"Photo: PBP-PHOTOGRAPHIE\"},{\"@type\":\"BreadcrumbList\",\"@id\":\"https:\/\/vosgesinfo.fr\/epinalinfo\/?p=132306#breadcrumb\",\"itemListElement\":[{\"@type\":\"ListItem\",\"position\":1,\"name\":\"Home\",\"item\":\"https:\/\/vosgesinfo.fr\/epinalinfo\/\"},{\"@type\":\"ListItem\",\"position\":2,\"name\":\"M\u00e9morial Day : hommage solennel au cimeti\u00e8re am\u00e9ricain de Dinoz\u00e9\"}]},{\"@type\":\"WebSite\",\"@id\":\"https:\/\/vosgesinfo.fr\/epinalinfo\/#website\",\"url\":\"https:\/\/vosgesinfo.fr\/epinalinfo\/\",\"name\":\"Epinal Info\",\"description\":\"Toute l&#039;actualit\u00e9 d&#039;\u00c9pinal\",\"publisher\":{\"@id\":\"https:\/\/vosgesinfo.fr\/epinalinfo\/#organization\"},\"alternateName\":\"Toute l'actualit\u00e9 d'\u00c9pinal\",\"potentialAction\":[{\"@type\":\"SearchAction\",\"target\":{\"@type\":\"EntryPoint\",\"urlTemplate\":\"https:\/\/vosgesinfo.fr\/epinalinfo\/?s={search_term_string}\"},\"query-input\":\"required name=search_term_string\"}],\"inLanguage\":\"fr-FR\"},{\"@type\":\"Organization\",\"@id\":\"https:\/\/vosgesinfo.fr\/epinalinfo\/#organization\",\"name\":\"Epinal Info\",\"url\":\"https:\/\/vosgesinfo.fr\/epinalinfo\/\",\"logo\":{\"@type\":\"ImageObject\",\"inLanguage\":\"fr-FR\",\"@id\":\"https:\/\/vosgesinfo.fr\/epinalinfo\/#\/schema\/logo\/image\/\",\"url\":\"https:\/\/vosgesinfo.fr\/app\/uploads\/sites\/3\/2023\/08\/logo-epinalinfos.svg\",\"contentUrl\":\"https:\/\/vosgesinfo.fr\/app\/uploads\/sites\/3\/2023\/08\/logo-epinalinfos.svg\",\"width\":1,\"height\":1,\"caption\":\"Epinal Info\"},\"image\":{\"@id\":\"https:\/\/vosgesinfo.fr\/epinalinfo\/#\/schema\/logo\/image\/\"},\"sameAs\":[\"https:\/\/www.facebook.com\/Epinalinfos\",\"https:\/\/x.com\/VosgesInfo88\",\"https:\/\/www.youtube.com\/@vosgesinfo\"]},{\"@type\":\"Person\",\"@id\":\"https:\/\/vosgesinfo.fr\/epinalinfo\/#\/schema\/person\/6f9a650eeea99d969b6c4ab78fccbe81\",\"name\":\"C.K.\",\"image\":{\"@type\":\"ImageObject\",\"inLanguage\":\"fr-FR\",\"@id\":\"https:\/\/vosgesinfo.fr\/epinalinfo\/#\/schema\/person\/image\/\",\"url\":\"https:\/\/secure.gravatar.com\/avatar\/48e3fc7f8421ba8942be6b74a2b7f014ca39bc00dece156b7a8e098ae7dc87bf?s=96&d=mm&r=g\",\"contentUrl\":\"https:\/\/secure.gravatar.com\/avatar\/48e3fc7f8421ba8942be6b74a2b7f014ca39bc00dece156b7a8e098ae7dc87bf?s=96&d=mm&r=g\",\"caption\":\"C.K.\"},\"url\":\"https:\/\/vosgesinfo.fr\/epinalinfo\/author\/celia-k-n\/\"}]}<\/script>\n<!-- \/ Yoast SEO plugin. -->","yoast_head_json":{"title":"M\u00e9morial Day : hommage solennel au cimeti\u00e8re am\u00e9ricain de Dinoz\u00e9 - Epinal Info","robots":{"index":"index","follow":"follow","max-snippet":"max-snippet:-1","max-image-preview":"max-image-preview:large","max-video-preview":"max-video-preview:-1"},"canonical":"https:\/\/vosgesinfo.fr\/epinalinfo\/?p=132306","twitter_card":"summary_large_image","twitter_title":"M\u00e9morial Day : hommage solennel au cimeti\u00e8re am\u00e9ricain de Dinoz\u00e9 - Epinal Info","twitter_description":"Dinoz\u00e9, 20 mai 2025 \u2013 Ce matin \u00e0 10h30, une c\u00e9r\u00e9monie empreinte de recueillement s\u2019est tenue au cimeti\u00e8re am\u00e9ricain de [&hellip;]","twitter_image":"https:\/\/vosgesinfo.fr\/app\/uploads\/sites\/3\/2025\/05\/selection-vi-03-1.jpg","twitter_creator":"@VosgesInfo88","twitter_site":"@VosgesInfo88","twitter_misc":{"\u00c9crit par":"C.K.","Dur\u00e9e de lecture estim\u00e9e":"4 minutes"},"schema":{"@context":"https:\/\/schema.org","@graph":[{"@type":"Article","@id":"https:\/\/vosgesinfo.fr\/epinalinfo\/?p=132306#article","isPartOf":{"@id":"https:\/\/vosgesinfo.fr\/epinalinfo\/?p=132306"},"author":{"name":"C.K.","@id":"https:\/\/vosgesinfo.fr\/epinalinfo\/#\/schema\/person\/6f9a650eeea99d969b6c4ab78fccbe81"},"headline":"M\u00e9morial Day : hommage solennel au cimeti\u00e8re am\u00e9ricain de Dinoz\u00e9","datePublished":"2025-05-25T19:22:58+00:00","dateModified":"2025-05-25T19:22:58+00:00","mainEntityOfPage":{"@id":"https:\/\/vosgesinfo.fr\/epinalinfo\/?p=132306"},"wordCount":350,"commentCount":1,"publisher":{"@id":"https:\/\/vosgesinfo.fr\/epinalinfo\/#organization"},"image":{"@id":"https:\/\/vosgesinfo.fr\/epinalinfo\/?p=132306#primaryimage"},"thumbnailUrl":"https:\/\/vosgesinfo.fr\/app\/uploads\/sites\/3\/2025\/05\/selection-vi-03-1.jpg","articleSection":["A la Une","Epinal","Lorraine"],"inLanguage":"fr-FR","potentialAction":[{"@type":"CommentAction","name":"Comment","target":["https:\/\/vosgesinfo.fr\/epinalinfo\/?p=132306#respond"]}]},{"@type":"WebPage","@id":"https:\/\/vosgesinfo.fr\/epinalinfo\/?p=132306","url":"https:\/\/vosgesinfo.fr\/epinalinfo\/?p=132306","name":"M\u00e9morial Day : hommage solennel au cimeti\u00e8re am\u00e9ricain de Dinoz\u00e9 - Epinal Info","isPartOf":{"@id":"https:\/\/vosgesinfo.fr\/epinalinfo\/#website"},"primaryImageOfPage":{"@id":"https:\/\/vosgesinfo.fr\/epinalinfo\/?p=132306#primaryimage"},"image":{"@id":"https:\/\/vosgesinfo.fr\/epinalinfo\/?p=132306#primaryimage"},"thumbnailUrl":"https:\/\/vosgesinfo.fr\/app\/uploads\/sites\/3\/2025\/05\/selection-vi-03-1.jpg","datePublished":"2025-05-25T19:22:58+00:00","dateModified":"2025-05-25T19:22:58+00:00","breadcrumb":{"@id":"https:\/\/vosgesinfo.fr\/epinalinfo\/?p=132306#breadcrumb"},"inLanguage":"fr-FR","potentialAction":[{"@type":"ReadAction","target":["https:\/\/vosgesinfo.fr\/epinalinfo\/?p=132306"]}]},{"@type":"ImageObject","inLanguage":"fr-FR","@id":"https:\/\/vosgesinfo.fr\/epinalinfo\/?p=132306#primaryimage","url":"https:\/\/vosgesinfo.fr\/app\/uploads\/sites\/3\/2025\/05\/selection-vi-03-1.jpg","contentUrl":"https:\/\/vosgesinfo.fr\/app\/uploads\/sites\/3\/2025\/05\/selection-vi-03-1.jpg","width":680,"height":453,"caption":"Photo: PBP-PHOTOGRAPHIE"},{"@type":"BreadcrumbList","@id":"https:\/\/vosgesinfo.fr\/epinalinfo\/?p=132306#breadcrumb","itemListElement":[{"@type":"ListItem","position":1,"name":"Home","item":"https:\/\/vosgesinfo.fr\/epinalinfo\/"},{"@type":"ListItem","position":2,"name":"M\u00e9morial Day : hommage solennel au cimeti\u00e8re am\u00e9ricain de Dinoz\u00e9"}]},{"@type":"WebSite","@id":"https:\/\/vosgesinfo.fr\/epinalinfo\/#website","url":"https:\/\/vosgesinfo.fr\/epinalinfo\/","name":"Epinal Info","description":"Toute l&#039;actualit\u00e9 d&#039;\u00c9pinal","publisher":{"@id":"https:\/\/vosgesinfo.fr\/epinalinfo\/#organization"},"alternateName":"Toute l'actualit\u00e9 d'\u00c9pinal","potentialAction":[{"@type":"SearchAction","target":{"@type":"EntryPoint","urlTemplate":"https:\/\/vosgesinfo.fr\/epinalinfo\/?s={search_term_string}"},"query-input":"required name=search_term_string"}],"inLanguage":"fr-FR"},{"@type":"Organization","@id":"https:\/\/vosgesinfo.fr\/epinalinfo\/#organization","name":"Epinal Info","url":"https:\/\/vosgesinfo.fr\/epinalinfo\/","logo":{"@type":"ImageObject","inLanguage":"fr-FR","@id":"https:\/\/vosgesinfo.fr\/epinalinfo\/#\/schema\/logo\/image\/","url":"https:\/\/vosgesinfo.fr\/app\/uploads\/sites\/3\/2023\/08\/logo-epinalinfos.svg","contentUrl":"https:\/\/vosgesinfo.fr\/app\/uploads\/sites\/3\/2023\/08\/logo-epinalinfos.svg","width":1,"height":1,"caption":"Epinal Info"},"image":{"@id":"https:\/\/vosgesinfo.fr\/epinalinfo\/#\/schema\/logo\/image\/"},"sameAs":["https:\/\/www.facebook.com\/Epinalinfos","https:\/\/x.com\/VosgesInfo88","https:\/\/www.youtube.com\/@vosgesinfo"]},{"@type":"Person","@id":"https:\/\/vosgesinfo.fr\/epinalinfo\/#\/schema\/person\/6f9a650eeea99d969b6c4ab78fccbe81","name":"C.K.","image":{"@type":"ImageObject","inLanguage":"fr-FR","@id":"https:\/\/vosgesinfo.fr\/epinalinfo\/#\/schema\/person\/image\/","url":"https:\/\/secure.gravatar.com\/avatar\/48e3fc7f8421ba8942be6b74a2b7f014ca39bc00dece156b7a8e098ae7dc87bf?s=96&d=mm&r=g","contentUrl":"https:\/\/secure.gravatar.com\/avatar\/48e3fc7f8421ba8942be6b74a2b7f014ca39bc00dece156b7a8e098ae7dc87bf?s=96&d=mm&r=g","caption":"C.K."},"url":"https:\/\/vosgesinfo.fr\/epinalinfo\/author\/celia-k-n\/"}]}},"_links":{"self":[{"href":"https:\/\/vosgesinfo.fr\/epinalinfo\/wp-json\/wp\/v2\/posts\/132306","targetHints":{"allow":["GET"]}}],"collection":[{"href":"https:\/\/vosgesinfo.fr\/epinalinfo\/wp-json\/wp\/v2\/posts"}],"about":[{"href":"https:\/\/vosgesinfo.fr\/epinalinfo\/wp-json\/wp\/v2\/types\/post"}],"author":[{"embeddable":true,"href":"https:\/\/vosgesinfo.fr\/epinalinfo\/wp-json\/wp\/v2\/users\/52"}],"replies":[{"embeddable":true,"href":"https:\/\/vosgesinfo.fr\/epinalinfo\/wp-json\/wp\/v2\/comments?post=132306"}],"version-history":[{"count":1,"href":"https:\/\/vosgesinfo.fr\/epinalinfo\/wp-json\/wp\/v2\/posts\/132306\/revisions"}],"predecessor-version":[{"id":132315,"href":"https:\/\/vosgesinfo.fr\/epinalinfo\/wp-json\/wp\/v2\/posts\/132306\/revisions\/132315"}],"wp:featuredmedia":[{"embeddable":true,"href":"https:\/\/vosgesinfo.fr\/epinalinfo\/wp-json\/wp\/v2\/media\/132309"}],"wp:attachment":[{"href":"https:\/\/vosgesinfo.fr\/epinalinfo\/wp-json\/wp\/v2\/media?parent=132306"}],"wp:term":[{"taxonomy":"category","embeddable":true,"href":"https:\/\/vosgesinfo.fr\/epinalinfo\/wp-json\/wp\/v2\/categories?post=132306"},{"taxonomy":"post_tag","embeddable":true,"href":"https:\/\/vosgesinfo.fr\/epinalinfo\/wp-json\/wp\/v2\/tags?post=132306"}],"curies":[{"name":"wp","href":"https:\/\/api.w.org\/{rel}","templated":true}]}}