{"id":132326,"date":"2025-05-26T17:50:48","date_gmt":"2025-05-26T15:50:48","guid":{"rendered":"https:\/\/vosgesinfo.fr\/epinalinfo\/?p=132326"},"modified":"2025-05-26T17:27:18","modified_gmt":"2025-05-26T15:27:18","slug":"gros-week-ends-de-competition-dans-differentes-disciplines-pour-le-gesn","status":"publish","type":"post","link":"https:\/\/vosgesinfo.fr\/epinalinfo\/2025\/05\/gros-week-ends-de-competition-dans-differentes-disciplines-pour-le-gesn\/","title":{"rendered":"Gros week-ends de comp\u00e9tition dans diff\u00e9rentes disciplines pour le GESN"},"content":{"rendered":"<p><a href=\"https:\/\/vosgesinfo.fr\/app\/uploads\/sites\/3\/2025\/05\/collectif-n2-photo-groupe-chateauneuf.jpg\"><img decoding=\"async\" class=\"aligncenter size-large wp-image-132334\" src=\"https:\/\/vosgesinfo.fr\/app\/uploads\/sites\/3\/2025\/05\/collectif-n2-photo-groupe-chateauneuf-1024x768.jpg\" alt=\"\" width=\"1024\" height=\"768\" srcset=\"https:\/\/vosgesinfo.fr\/app\/uploads\/sites\/3\/2025\/05\/collectif-n2-photo-groupe-chateauneuf-1024x768.jpg 1024w, https:\/\/vosgesinfo.fr\/app\/uploads\/sites\/3\/2025\/05\/collectif-n2-photo-groupe-chateauneuf-300x225.jpg 300w, https:\/\/vosgesinfo.fr\/app\/uploads\/sites\/3\/2025\/05\/collectif-n2-photo-groupe-chateauneuf-768x576.jpg 768w, https:\/\/vosgesinfo.fr\/app\/uploads\/sites\/3\/2025\/05\/collectif-n2-photo-groupe-chateauneuf-1536x1152.jpg 1536w, https:\/\/vosgesinfo.fr\/app\/uploads\/sites\/3\/2025\/05\/collectif-n2-photo-groupe-chateauneuf.jpg 1600w\" sizes=\"(max-width: 1024px) 100vw, 1024px\" \/><\/a><\/p>\n<p>&nbsp;<\/p>\n<p style=\"text-align: center;\"><strong>Coupe de France N2 2025 de Canoe-Kayak Slalom<\/strong><br \/>\n<strong>FINALE N2<\/strong><\/p>\n<p><strong>Fin de la coupe de France N2 pour le collectif N2 du GESN. La derni\u00e8re manche avait lieu sur le bassin d\u2019Orthez ce week-end et vient conclure le circuit N2 qui avait d\u00e9but\u00e9 par les courses 1 et 2 \u00e0 Saint-Pierre de Boeuf le 1er et 2 mars, puis celles de Chateau-Neuf-sur-Cher du 22 au 23\/03 et celles de Metz fin avril.<\/strong><\/p>\n<p><a href=\"https:\/\/vosgesinfo.fr\/app\/uploads\/sites\/3\/2025\/05\/collectif-n2-entrainement-orthez.jpg\"><img decoding=\"async\" class=\"alignright size-medium wp-image-132335\" src=\"https:\/\/vosgesinfo.fr\/app\/uploads\/sites\/3\/2025\/05\/collectif-n2-entrainement-orthez-135x300.jpg\" alt=\"\" width=\"135\" height=\"300\" srcset=\"https:\/\/vosgesinfo.fr\/app\/uploads\/sites\/3\/2025\/05\/collectif-n2-entrainement-orthez-135x300.jpg 135w, https:\/\/vosgesinfo.fr\/app\/uploads\/sites\/3\/2025\/05\/collectif-n2-entrainement-orthez-461x1024.jpg 461w, https:\/\/vosgesinfo.fr\/app\/uploads\/sites\/3\/2025\/05\/collectif-n2-entrainement-orthez-768x1708.jpg 768w, https:\/\/vosgesinfo.fr\/app\/uploads\/sites\/3\/2025\/05\/collectif-n2-entrainement-orthez-691x1536.jpg 691w, https:\/\/vosgesinfo.fr\/app\/uploads\/sites\/3\/2025\/05\/collectif-n2-entrainement-orthez.jpg 921w\" sizes=\"(max-width: 135px) 100vw, 135px\" \/><\/a>La finale s\u2019organise sur un format diff\u00e9rent des autres week-end de N2 avec une manche unique constitu\u00e9e de 2 courses de qualifications le samedi et dimanche matin et enfin les finales le dimanche apr\u00e8s-midi.<br \/>\nL\u2019objectif pour le GESN \u00e9tait de venir confirmer les performances de la saison et consolider le classement g\u00e9n\u00e9ral N2 qui sera actualis\u00e9 suite \u00e0 cette derni\u00e8re course et validera en fin de saison les mont\u00e9es en N1, les maintiens ou les descentes pour la future saison.<br \/>\nUne d\u00e9l\u00e9gation de 13 bateaux du GESN avait fait le d\u00e9placement, l\u2019\u00e9quipe \u00e9tait compos\u00e9e<br \/>\n\u2022 en Cano\u00e9 monoplace Dame d\u2019Ana\u00efs Haton,<br \/>\n\u2022 en Cano\u00e9 monoplace Homme de Joao Normand<br \/>\n\u2022 en Kayak monoplace Dame de Lili Ulmer, Sybille Balland, Emmie Mathis, Anais Haton<br \/>\n\u2022 en Kayak monoplace Homme de Martin Daviet, Nathan Morris, Joao Normand, Erwan Rouch, Maxime Devis, Louis Arribe et Jules Latimier<br \/>\nLe club \u00e9tait \u00e9galement accompagn\u00e9 de Jan Gabin Pishek pensionnaire de l\u2019AS G\u00e9rardmer Canoe-Kayak et \u00e9voluant en Cano\u00e9 monoplace Homme.<\/p>\n<p><span style=\"font-family: Verdana, sans-serif;\">En Canoe Dame et Homme, Anais (15<\/span><sup><span style=\"font-family: Verdana, sans-serif;\">e<\/span><\/sup><span style=\"font-family: Verdana, sans-serif;\"> de la Q1 C1D<\/span><span style=\"font-family: Verdana, sans-serif;\">) et Joao (22<\/span><sup><span style=\"font-family: Verdana, sans-serif;\">e<\/span><\/sup><span style=\"font-family: Verdana, sans-serif;\"> de la Q1 C1H) se qualifient en finale d\u00e8s la Q1. 4 bateaux sur 7 acc\u00e8dent \u00e0 la finale d\u00e8s la Q1 en K1H (Jules 8<\/span><sup><span style=\"font-family: Verdana, sans-serif;\">e<\/span><\/sup><span style=\"font-family: Verdana, sans-serif;\">, Maxime 14<\/span><sup><span style=\"font-family: Verdana, sans-serif;\">e<\/span><\/sup><span style=\"font-family: Verdana, sans-serif;\">,<\/span><span style=\"font-family: Verdana, sans-serif;\"> Nathan 15<\/span><sup><span style=\"font-family: Verdana, sans-serif;\">e<\/span><\/sup><span style=\"font-family: Verdana, sans-serif;\"> et Martin 19<\/span><sup><span style=\"font-family: Verdana, sans-serif;\">e<\/span><\/sup><span style=\"font-family: Verdana, sans-serif;\">) pour les derniers K1H et l\u2019ensemble de nos K1D il leur faudra passer par la Q2 pour essayer \u00e0 nouveau de se qualifier. <\/span><\/p>\n<p><span style=\"font-family: Verdana, sans-serif;\">Mais malgr\u00e9 que nos athl\u00e8tes n\u2019aient rien l\u00e2ch\u00e9, la Q2 avec ses quotas de qualifications en finales serr\u00e9s, f\u00fbt une course tr\u00e8s relev\u00e9e au fort enjeux. Tr\u00e8s fine et tr\u00e8s rapide o\u00f9 la moindre petite erreur ne pardonne pas, Lili Ulmer en K1D est la seule de nos athl\u00e8tes \u00e0 tirer son \u00e9pingle du jeu de cette course et \u00e0 rejoindre les rejoindre les 6 autres bateaux d\u00e9j\u00e0 qualifi\u00e9s la veille.<\/span><\/p>\n<p><span style=\"font-family: Verdana, sans-serif;\"><span style=\"font-size: large;\"><u><b>R\u00e9sultats <\/b><\/u><\/span><\/span><span style=\"font-family: Verdana, sans-serif;\"><span style=\"font-size: large;\"><u><b>de la finale<\/b><\/u><\/span><\/span><span style=\"font-family: Verdana, sans-serif;\"><span style=\"font-size: large;\"><u><b>\u00a0:<\/b><\/u><\/span><\/span><span style=\"font-family: Verdana, sans-serif;\"><span style=\"font-size: medium;\"><br \/>\n<\/span><\/span><\/p>\n<p><span style=\"font-family: Verdana, sans-serif;\"><span style=\"font-size: medium;\">K1H :<\/span><\/span><\/p>\n<p><span style=\"font-family: Verdana, sans-serif;\"><span style=\"font-size: medium;\">17e Maxime DEVIS<\/span><\/span><\/p>\n<p><span style=\"font-family: Verdana, sans-serif;\"><span style=\"font-size: medium;\">22e Nathan MORRIS<\/span><\/span><\/p>\n<p><span style=\"font-family: Verdana, sans-serif;\"><span style=\"font-size: medium;\">36e Jules LATIMIER <\/span><\/span><\/p>\n<p><span style=\"font-family: Verdana, sans-serif;\"><span style=\"font-size: medium;\">39e Martin DAVIET<\/span><\/span><\/p>\n<p><span style=\"font-family: Verdana, sans-serif;\"><span style=\"font-size: medium;\">K1D :<\/span><\/span><\/p>\n<p><span style=\"font-family: Verdana, sans-serif;\"><span style=\"font-size: medium;\">18e Lili ULMER<\/span><\/span><\/p>\n<p><span style=\"font-family: Verdana, sans-serif;\"><span style=\"font-size: medium;\">C1H :<\/span><\/span><\/p>\n<p><span style=\"font-family: Verdana, sans-serif; color: #333333; font-size: 12pt;\">18e Joao NORMAND<\/span><\/p>\n<p><span style=\"font-family: Verdana, sans-serif; color: #333333; font-size: 12pt;\">C1D :<\/span><\/p>\n<p><span style=\"font-family: Verdana, sans-serif; color: #333333; font-size: 12pt;\">8e Ana\u00efs HATON<\/span><\/p>\n<p><span style=\"font-family: Arial, sans-serif; color: #333333; font-size: 12pt;\"><span lang=\"fr-FR\"><u><b>C<\/b><\/u><\/span><span lang=\"fr-FR\"><u><b>oupe du Monde de Sprint en Paracano\u00e9<\/b><\/u><\/span><\/span><\/p>\n<p>&nbsp;<\/p>\n<p><span style=\"color: #333333; font-size: 14pt;\"><span style=\"font-family: Arial, sans-serif;\"><b>ABEL ABER confirme\u00a0!<\/b><\/span><\/span><\/p>\n<p><span style=\"font-family: Verdana, sans-serif; color: #333333; font-size: 12pt;\"><a href=\"https:\/\/vosgesinfo.fr\/app\/uploads\/sites\/3\/2025\/05\/2025.05.25-abel-coupe-europe-pologne.jpg\"><img decoding=\"async\" class=\"alignright size-medium wp-image-132332\" src=\"https:\/\/vosgesinfo.fr\/app\/uploads\/sites\/3\/2025\/05\/2025.05.25-abel-coupe-europe-pologne-135x300.jpg\" alt=\"\" width=\"135\" height=\"300\" srcset=\"https:\/\/vosgesinfo.fr\/app\/uploads\/sites\/3\/2025\/05\/2025.05.25-abel-coupe-europe-pologne-135x300.jpg 135w, https:\/\/vosgesinfo.fr\/app\/uploads\/sites\/3\/2025\/05\/2025.05.25-abel-coupe-europe-pologne-462x1024.jpg 462w, https:\/\/vosgesinfo.fr\/app\/uploads\/sites\/3\/2025\/05\/2025.05.25-abel-coupe-europe-pologne-768x1702.jpg 768w, https:\/\/vosgesinfo.fr\/app\/uploads\/sites\/3\/2025\/05\/2025.05.25-abel-coupe-europe-pologne-693x1536.jpg 693w, https:\/\/vosgesinfo.fr\/app\/uploads\/sites\/3\/2025\/05\/2025.05.25-abel-coupe-europe-pologne.jpg 924w\" sizes=\"(max-width: 135px) 100vw, 135px\" \/><\/a>Ce week-end Abel Aber repr\u00e9sentait la France et le Club en Paracano\u00e9 \u00e0 la Coupe du Monde de Sprint Paracano\u00e9 qui se d\u00e9roulait Poznan en Pologne. <\/span><\/p>\n<p><span style=\"font-family: Verdana, sans-serif; color: #333333; font-size: 12pt;\">Cette course servait \u00e9galement de s\u00e9lection pour la poursuite en \u00e9quipe de France et pouvoir participer aux prochaines \u00e9ch\u00e9ances internationales. L\u2019objectif pour valider sa participation \u00e0 la suite de l\u2019aventure, \u00eatre au minimum dans le top 6.<\/span><\/p>\n<p><span style=\"color: #333333; font-size: 12pt;\"><span style=\"font-family: Verdana, sans-serif;\">Pendant les 3 courses du week-end, Abel aura travaill\u00e9 dur pour analyser les courses et apporter des correctifs apr\u00e8s chacune d\u2019elle. Travail qui portera ses fruits puisqu\u2019il va finir par une magnifique 3\u00e8me course o\u00f9 il fini 4<\/span><sup><span style=\"font-family: Verdana, sans-serif;\">e<\/span><\/sup><span style=\"font-family: Verdana, sans-serif;\"> avec un chrono de 49 secondes \u00e0 0,23 sec de la m\u00e9daille de Bronze. Un grand bravo \u00e0 Abel qui valide ainsi sa participation pour les Championnats d\u2019Europe fin juin \u00e0 Racice en R\u00e9publique Tch\u00e8que et les Championnats du Monde fin ao\u00fbt \u00e0 Milan en Italie.<\/span><\/span><\/p>\n<p><span style=\"font-family: Verdana, sans-serif; font-size: 12pt;\"><span style=\"color: #333333;\">Moins d\u2019un mois pour s\u2019aff\u00fbter, se pr\u00e9parer et poursuivre sur sa lanc\u00e9e.<\/span> <\/span><\/p>\n<p align=\"center\"><span style=\"font-family: Arial, sans-serif;\"><span style=\"color: #ffffff;\"><span style=\"font-size: large;\"><span lang=\"fr-FR\"><u><b>C<\/b><\/u><\/span><\/span><\/span><span style=\"color: #ffffff;\"><span style=\"font-size: large;\"><span lang=\"fr-FR\"><u><b>hampionnat de France et Coupe d\u2019Europe de Rafting<\/b><\/u><\/span><\/span><\/span><\/span><\/p>\n<p><span style=\"color: #333333; font-size: 12pt;\"><span style=\"font-family: Verdana, sans-serif;\"><b>Ilona et Jules\u00a0en repr\u00e9sentation !<\/b><\/span><\/span><\/p>\n<p><span style=\"font-family: Verdana, sans-serif; color: #333333; font-size: 12pt;\"><a href=\"https:\/\/vosgesinfo.fr\/app\/uploads\/sites\/3\/2025\/05\/2025-jules-ilona-chpt-france-rafting.jpg\"><img decoding=\"async\" class=\"alignright size-medium wp-image-132333\" src=\"https:\/\/vosgesinfo.fr\/app\/uploads\/sites\/3\/2025\/05\/2025-jules-ilona-chpt-france-rafting-300x193.jpg\" alt=\"\" width=\"300\" height=\"193\" srcset=\"https:\/\/vosgesinfo.fr\/app\/uploads\/sites\/3\/2025\/05\/2025-jules-ilona-chpt-france-rafting-300x193.jpg 300w, https:\/\/vosgesinfo.fr\/app\/uploads\/sites\/3\/2025\/05\/2025-jules-ilona-chpt-france-rafting-1024x657.jpg 1024w, https:\/\/vosgesinfo.fr\/app\/uploads\/sites\/3\/2025\/05\/2025-jules-ilona-chpt-france-rafting-768x493.jpg 768w, https:\/\/vosgesinfo.fr\/app\/uploads\/sites\/3\/2025\/05\/2025-jules-ilona-chpt-france-rafting.jpg 1284w\" sizes=\"(max-width: 300px) 100vw, 300px\" \/><\/a>Enfin, \u00e0 noter le week-end dernier du 17-18, Ilona Martin Laemle et Jules Latimier pr\u00e9sent \u00e0 Pau ont particip\u00e9 au championnat de France de rafting qui \u00e9tait \u00e9galement une coupe d\u2019Europe.<\/span><\/p>\n<p><span style=\"color: #333333; font-size: 12pt;\"><span style=\"font-family: Verdana, sans-serif;\">Les 2 soci\u00e8taires \u00e9taient inscris en raft homme senior, la cat\u00e9gorie rafting mixte n\u2019existant pas en France. Engag\u00e9 en raft homme \u00e0 4 leur \u00e9quipage \u00e9tait un \u00e9quipage mixte de 2 filles et 2 hommes compos\u00e9es\u00a0: Ilona Martin Laemle &#8211; GESN ; Loane Battistuzzi &#8211; Torcy Cano\u00eb Kayak\u00a0; Jules Latimier &#8211; GESN ; Tanguy Adisson &#8211; Club Cano\u00eb-Kayak des \u00c9crins<\/p>\n<p>Le championnat ce d\u00e9roule en 3 courses:<br \/>\n1. Le slalom o\u00f9 l\u2019\u00e9quipe termine 2<\/span><sup><span style=\"font-family: Verdana, sans-serif;\">e<\/span><\/sup><span style=\"font-family: Verdana, sans-serif;\"> suite \u00e0 une petite erreur en bas de parcours.<br \/>\n2. La long race \u2013 3 km de descente de rivi\u00e8re entre le stade d\u2019eau vive de Pau et le pont d\u2019Espagne ancien bassin international\u00a0: &gt; victoire de l\u2019\u00e9quipe en mixte avec une confortable avance ce qui la classe 2<\/span><sup><span style=\"font-family: Verdana, sans-serif;\">e<\/span><\/sup><span style=\"font-family: Verdana, sans-serif;\"> fran\u00e7aise toute cat\u00e9gorie et la qualifie pour le carr\u00e9 final des championnats de France.<br \/>\n3. Le RX &#8211; dans la m\u00eame id\u00e9e que le kayak cross avec 2 rafts au d\u00e9part le premier arriv\u00e9 en bas gagne. Pour la coupe d\u2019Europe malgr\u00e9 des arriv\u00e9es en premi\u00e8re position les recours valid\u00e9s classe l\u2019\u00e9quipage \u00e0 la 4 eme place.<\/p>\n<p>Pour cette premi\u00e8re participation l\u2019\u00e9quipage fini \u00e0 la 2<\/span><sup><span style=\"font-family: Verdana, sans-serif;\">e<\/span><\/sup><span style=\"font-family: Verdana, sans-serif;\"> place de la coupe d\u2019Europe en rafting mixte et vice champion de France toutes cat\u00e9gories.<\/span><\/span><\/p>\n<p><span style=\"font-family: Verdana, sans-serif; color: #333333; font-size: 12pt;\"><u><b>D\u00e9placements et \u00e9ch\u00e9ances pour le GESN pour juin\u00a0:<\/b><\/u><\/span><\/p>\n<p><span style=\"font-family: Verdana, sans-serif; color: #333333; font-size: 12pt;\">Les 7-8 juin \u00e0 Vaires sur Marne\u00a0: Finale de la Coupe de France N2<\/span><\/p>\n<p><span style=\"font-family: Verdana, sans-serif; color: #333333; font-size: 12pt;\">Les 14-15 juin \u00e0 S\u00e9lestat\u00a0: Course R\u00e9gionale<\/span><\/p>\n<p><span style=\"font-family: Verdana, sans-serif; color: #333333; font-size: 12pt;\">Les 28-29 juin \u00e0 Epinal\u00a0: Championnat de France Masters<\/span><\/p>\n<p><span style=\"font-family: Verdana, sans-serif; color: #333333; font-size: 12pt;\"><u><b>Prochaine \u00e9ch\u00e9ance <\/b><\/u><u><b>internationale<\/b><\/u><u><b>\u00a0:<\/b><\/u> <\/span><\/p>\n<p><span style=\"font-family: Verdana, sans-serif; color: #333333; font-size: 12pt;\">Manches de coupe du Monde \u00e0 Seu (Espagne) du 6 au 8 juin<\/span><\/p>\n<p><span style=\"font-family: Verdana, sans-serif; color: #333333; font-size: 12pt;\">Manches de coupe du Monde \u00e0 Pau (France) du 13 au 15 juin<\/span><\/p>\n<p><span style=\"font-family: Verdana, sans-serif; color: #333333; font-size: 12pt;\">Championnat d\u2019Europe Paracanoe \u00e0 Racice (R\u00e9publique Tch\u00e8que) du 19 au 22 juin<\/span><\/p>\n","protected":false},"excerpt":{"rendered":"<p>&nbsp; Coupe de France N2 2025 de Canoe-Kayak Slalom FINALE N2 Fin de la coupe de France N2 pour le [&hellip;]<\/p>\n","protected":false},"author":391,"featured_media":132333,"comment_status":"open","ping_status":"open","sticky":false,"template":"","format":"standard","meta":{"footnotes":""},"categories":[22,24,7],"tags":[1847,1848],"class_list":["post-132326","post","type-post","status-publish","format-standard","has-post-thumbnail","hentry","category-a-la-une","category-epinal","category-sport","tag-abel-aber","tag-gesn-canoe-kayak"],"acf":[],"yoast_head":"<!-- This site is optimized with the Yoast SEO plugin v22.5 - https:\/\/yoast.com\/wordpress\/plugins\/seo\/ -->\n<title>Gros week-ends de comp\u00e9tition dans diff\u00e9rentes disciplines pour le GESN - Epinal Info<\/title>\n<meta name=\"robots\" content=\"index, follow, max-snippet:-1, max-image-preview:large, max-video-preview:-1\" \/>\n<link rel=\"canonical\" href=\"https:\/\/vosgesinfo.fr\/epinalinfo\/2025\/05\/gros-week-ends-de-competition-dans-differentes-disciplines-pour-le-gesn\/\" \/>\n<meta name=\"twitter:card\" content=\"summary_large_image\" \/>\n<meta name=\"twitter:title\" content=\"Gros week-ends de comp\u00e9tition dans diff\u00e9rentes disciplines pour le GESN - Epinal Info\" \/>\n<meta name=\"twitter:description\" content=\"&nbsp; Coupe de France N2 2025 de Canoe-Kayak Slalom FINALE N2 Fin de la coupe de France N2 pour le [&hellip;]\" \/>\n<meta name=\"twitter:image\" content=\"https:\/\/vosgesinfo.fr\/app\/uploads\/sites\/3\/2025\/05\/2025-jules-ilona-chpt-france-rafting.jpg\" \/>\n<meta name=\"twitter:creator\" content=\"@VosgesInfo88\" \/>\n<meta name=\"twitter:site\" content=\"@VosgesInfo88\" \/>\n<meta name=\"twitter:label1\" content=\"\u00c9crit par\" \/>\n\t<meta name=\"twitter:data1\" content=\"La redaction\" \/>\n\t<meta name=\"twitter:label2\" content=\"Dur\u00e9e de lecture estim\u00e9e\" \/>\n\t<meta name=\"twitter:data2\" content=\"5 minutes\" \/>\n<script type=\"application\/ld+json\" class=\"yoast-schema-graph\">{\"@context\":\"https:\/\/schema.org\",\"@graph\":[{\"@type\":\"Article\",\"@id\":\"https:\/\/vosgesinfo.fr\/epinalinfo\/2025\/05\/gros-week-ends-de-competition-dans-differentes-disciplines-pour-le-gesn\/#article\",\"isPartOf\":{\"@id\":\"https:\/\/vosgesinfo.fr\/epinalinfo\/2025\/05\/gros-week-ends-de-competition-dans-differentes-disciplines-pour-le-gesn\/\"},\"author\":{\"name\":\"La redaction\",\"@id\":\"https:\/\/vosgesinfo.fr\/epinalinfo\/#\/schema\/person\/27a3695b06db98895b354c0765cdfc31\"},\"headline\":\"Gros week-ends de comp\u00e9tition dans diff\u00e9rentes disciplines pour le GESN\",\"datePublished\":\"2025-05-26T15:50:48+00:00\",\"dateModified\":\"2025-05-26T15:27:18+00:00\",\"mainEntityOfPage\":{\"@id\":\"https:\/\/vosgesinfo.fr\/epinalinfo\/2025\/05\/gros-week-ends-de-competition-dans-differentes-disciplines-pour-le-gesn\/\"},\"wordCount\":960,\"commentCount\":0,\"publisher\":{\"@id\":\"https:\/\/vosgesinfo.fr\/epinalinfo\/#organization\"},\"image\":{\"@id\":\"https:\/\/vosgesinfo.fr\/epinalinfo\/2025\/05\/gros-week-ends-de-competition-dans-differentes-disciplines-pour-le-gesn\/#primaryimage\"},\"thumbnailUrl\":\"https:\/\/vosgesinfo.fr\/app\/uploads\/sites\/3\/2025\/05\/2025-jules-ilona-chpt-france-rafting.jpg\",\"keywords\":[\"Abel ABER\",\"GESN Cano\u00eb Kayak\"],\"articleSection\":[\"A la Une\",\"Epinal\",\"Sport\"],\"inLanguage\":\"fr-FR\",\"potentialAction\":[{\"@type\":\"CommentAction\",\"name\":\"Comment\",\"target\":[\"https:\/\/vosgesinfo.fr\/epinalinfo\/2025\/05\/gros-week-ends-de-competition-dans-differentes-disciplines-pour-le-gesn\/#respond\"]}]},{\"@type\":\"WebPage\",\"@id\":\"https:\/\/vosgesinfo.fr\/epinalinfo\/2025\/05\/gros-week-ends-de-competition-dans-differentes-disciplines-pour-le-gesn\/\",\"url\":\"https:\/\/vosgesinfo.fr\/epinalinfo\/2025\/05\/gros-week-ends-de-competition-dans-differentes-disciplines-pour-le-gesn\/\",\"name\":\"Gros week-ends de comp\u00e9tition dans diff\u00e9rentes disciplines pour le GESN - Epinal Info\",\"isPartOf\":{\"@id\":\"https:\/\/vosgesinfo.fr\/epinalinfo\/#website\"},\"primaryImageOfPage\":{\"@id\":\"https:\/\/vosgesinfo.fr\/epinalinfo\/2025\/05\/gros-week-ends-de-competition-dans-differentes-disciplines-pour-le-gesn\/#primaryimage\"},\"image\":{\"@id\":\"https:\/\/vosgesinfo.fr\/epinalinfo\/2025\/05\/gros-week-ends-de-competition-dans-differentes-disciplines-pour-le-gesn\/#primaryimage\"},\"thumbnailUrl\":\"https:\/\/vosgesinfo.fr\/app\/uploads\/sites\/3\/2025\/05\/2025-jules-ilona-chpt-france-rafting.jpg\",\"datePublished\":\"2025-05-26T15:50:48+00:00\",\"dateModified\":\"2025-05-26T15:27:18+00:00\",\"breadcrumb\":{\"@id\":\"https:\/\/vosgesinfo.fr\/epinalinfo\/2025\/05\/gros-week-ends-de-competition-dans-differentes-disciplines-pour-le-gesn\/#breadcrumb\"},\"inLanguage\":\"fr-FR\",\"potentialAction\":[{\"@type\":\"ReadAction\",\"target\":[\"https:\/\/vosgesinfo.fr\/epinalinfo\/2025\/05\/gros-week-ends-de-competition-dans-differentes-disciplines-pour-le-gesn\/\"]}]},{\"@type\":\"ImageObject\",\"inLanguage\":\"fr-FR\",\"@id\":\"https:\/\/vosgesinfo.fr\/epinalinfo\/2025\/05\/gros-week-ends-de-competition-dans-differentes-disciplines-pour-le-gesn\/#primaryimage\",\"url\":\"https:\/\/vosgesinfo.fr\/app\/uploads\/sites\/3\/2025\/05\/2025-jules-ilona-chpt-france-rafting.jpg\",\"contentUrl\":\"https:\/\/vosgesinfo.fr\/app\/uploads\/sites\/3\/2025\/05\/2025-jules-ilona-chpt-france-rafting.jpg\",\"width\":1284,\"height\":824},{\"@type\":\"BreadcrumbList\",\"@id\":\"https:\/\/vosgesinfo.fr\/epinalinfo\/2025\/05\/gros-week-ends-de-competition-dans-differentes-disciplines-pour-le-gesn\/#breadcrumb\",\"itemListElement\":[{\"@type\":\"ListItem\",\"position\":1,\"name\":\"Home\",\"item\":\"https:\/\/vosgesinfo.fr\/epinalinfo\/\"},{\"@type\":\"ListItem\",\"position\":2,\"name\":\"Gros week-ends de comp\u00e9tition dans diff\u00e9rentes disciplines pour le GESN\"}]},{\"@type\":\"WebSite\",\"@id\":\"https:\/\/vosgesinfo.fr\/epinalinfo\/#website\",\"url\":\"https:\/\/vosgesinfo.fr\/epinalinfo\/\",\"name\":\"Epinal Info\",\"description\":\"Toute l&#039;actualit\u00e9 d&#039;\u00c9pinal\",\"publisher\":{\"@id\":\"https:\/\/vosgesinfo.fr\/epinalinfo\/#organization\"},\"alternateName\":\"Toute l'actualit\u00e9 d'\u00c9pinal\",\"potentialAction\":[{\"@type\":\"SearchAction\",\"target\":{\"@type\":\"EntryPoint\",\"urlTemplate\":\"https:\/\/vosgesinfo.fr\/epinalinfo\/?s={search_term_string}\"},\"query-input\":\"required name=search_term_string\"}],\"inLanguage\":\"fr-FR\"},{\"@type\":\"Organization\",\"@id\":\"https:\/\/vosgesinfo.fr\/epinalinfo\/#organization\",\"name\":\"Epinal Info\",\"url\":\"https:\/\/vosgesinfo.fr\/epinalinfo\/\",\"logo\":{\"@type\":\"ImageObject\",\"inLanguage\":\"fr-FR\",\"@id\":\"https:\/\/vosgesinfo.fr\/epinalinfo\/#\/schema\/logo\/image\/\",\"url\":\"https:\/\/vosgesinfo.fr\/app\/uploads\/sites\/3\/2023\/08\/logo-epinalinfos.svg\",\"contentUrl\":\"https:\/\/vosgesinfo.fr\/app\/uploads\/sites\/3\/2023\/08\/logo-epinalinfos.svg\",\"width\":1,\"height\":1,\"caption\":\"Epinal Info\"},\"image\":{\"@id\":\"https:\/\/vosgesinfo.fr\/epinalinfo\/#\/schema\/logo\/image\/\"},\"sameAs\":[\"https:\/\/www.facebook.com\/Epinalinfos\",\"https:\/\/x.com\/VosgesInfo88\",\"https:\/\/www.youtube.com\/@vosgesinfo\"]},{\"@type\":\"Person\",\"@id\":\"https:\/\/vosgesinfo.fr\/epinalinfo\/#\/schema\/person\/27a3695b06db98895b354c0765cdfc31\",\"name\":\"La redaction\",\"image\":{\"@type\":\"ImageObject\",\"inLanguage\":\"fr-FR\",\"@id\":\"https:\/\/vosgesinfo.fr\/epinalinfo\/#\/schema\/person\/image\/\",\"url\":\"https:\/\/secure.gravatar.com\/avatar\/64c76a78e501cedee55736f43f332df901e1896ae9cd8fad269ae2236dd0e8b6?s=96&d=mm&r=g\",\"contentUrl\":\"https:\/\/secure.gravatar.com\/avatar\/64c76a78e501cedee55736f43f332df901e1896ae9cd8fad269ae2236dd0e8b6?s=96&d=mm&r=g\",\"caption\":\"La redaction\"},\"url\":\"https:\/\/vosgesinfo.fr\/epinalinfo\/author\/la-redaction\/\"}]}<\/script>\n<!-- \/ Yoast SEO plugin. -->","yoast_head_json":{"title":"Gros week-ends de comp\u00e9tition dans diff\u00e9rentes disciplines pour le GESN - Epinal Info","robots":{"index":"index","follow":"follow","max-snippet":"max-snippet:-1","max-image-preview":"max-image-preview:large","max-video-preview":"max-video-preview:-1"},"canonical":"https:\/\/vosgesinfo.fr\/epinalinfo\/2025\/05\/gros-week-ends-de-competition-dans-differentes-disciplines-pour-le-gesn\/","twitter_card":"summary_large_image","twitter_title":"Gros week-ends de comp\u00e9tition dans diff\u00e9rentes disciplines pour le GESN - Epinal Info","twitter_description":"&nbsp; Coupe de France N2 2025 de Canoe-Kayak Slalom FINALE N2 Fin de la coupe de France N2 pour le [&hellip;]","twitter_image":"https:\/\/vosgesinfo.fr\/app\/uploads\/sites\/3\/2025\/05\/2025-jules-ilona-chpt-france-rafting.jpg","twitter_creator":"@VosgesInfo88","twitter_site":"@VosgesInfo88","twitter_misc":{"\u00c9crit par":"La redaction","Dur\u00e9e de lecture estim\u00e9e":"5 minutes"},"schema":{"@context":"https:\/\/schema.org","@graph":[{"@type":"Article","@id":"https:\/\/vosgesinfo.fr\/epinalinfo\/2025\/05\/gros-week-ends-de-competition-dans-differentes-disciplines-pour-le-gesn\/#article","isPartOf":{"@id":"https:\/\/vosgesinfo.fr\/epinalinfo\/2025\/05\/gros-week-ends-de-competition-dans-differentes-disciplines-pour-le-gesn\/"},"author":{"name":"La redaction","@id":"https:\/\/vosgesinfo.fr\/epinalinfo\/#\/schema\/person\/27a3695b06db98895b354c0765cdfc31"},"headline":"Gros week-ends de comp\u00e9tition dans diff\u00e9rentes disciplines pour le GESN","datePublished":"2025-05-26T15:50:48+00:00","dateModified":"2025-05-26T15:27:18+00:00","mainEntityOfPage":{"@id":"https:\/\/vosgesinfo.fr\/epinalinfo\/2025\/05\/gros-week-ends-de-competition-dans-differentes-disciplines-pour-le-gesn\/"},"wordCount":960,"commentCount":0,"publisher":{"@id":"https:\/\/vosgesinfo.fr\/epinalinfo\/#organization"},"image":{"@id":"https:\/\/vosgesinfo.fr\/epinalinfo\/2025\/05\/gros-week-ends-de-competition-dans-differentes-disciplines-pour-le-gesn\/#primaryimage"},"thumbnailUrl":"https:\/\/vosgesinfo.fr\/app\/uploads\/sites\/3\/2025\/05\/2025-jules-ilona-chpt-france-rafting.jpg","keywords":["Abel ABER","GESN Cano\u00eb Kayak"],"articleSection":["A la Une","Epinal","Sport"],"inLanguage":"fr-FR","potentialAction":[{"@type":"CommentAction","name":"Comment","target":["https:\/\/vosgesinfo.fr\/epinalinfo\/2025\/05\/gros-week-ends-de-competition-dans-differentes-disciplines-pour-le-gesn\/#respond"]}]},{"@type":"WebPage","@id":"https:\/\/vosgesinfo.fr\/epinalinfo\/2025\/05\/gros-week-ends-de-competition-dans-differentes-disciplines-pour-le-gesn\/","url":"https:\/\/vosgesinfo.fr\/epinalinfo\/2025\/05\/gros-week-ends-de-competition-dans-differentes-disciplines-pour-le-gesn\/","name":"Gros week-ends de comp\u00e9tition dans diff\u00e9rentes disciplines pour le GESN - Epinal Info","isPartOf":{"@id":"https:\/\/vosgesinfo.fr\/epinalinfo\/#website"},"primaryImageOfPage":{"@id":"https:\/\/vosgesinfo.fr\/epinalinfo\/2025\/05\/gros-week-ends-de-competition-dans-differentes-disciplines-pour-le-gesn\/#primaryimage"},"image":{"@id":"https:\/\/vosgesinfo.fr\/epinalinfo\/2025\/05\/gros-week-ends-de-competition-dans-differentes-disciplines-pour-le-gesn\/#primaryimage"},"thumbnailUrl":"https:\/\/vosgesinfo.fr\/app\/uploads\/sites\/3\/2025\/05\/2025-jules-ilona-chpt-france-rafting.jpg","datePublished":"2025-05-26T15:50:48+00:00","dateModified":"2025-05-26T15:27:18+00:00","breadcrumb":{"@id":"https:\/\/vosgesinfo.fr\/epinalinfo\/2025\/05\/gros-week-ends-de-competition-dans-differentes-disciplines-pour-le-gesn\/#breadcrumb"},"inLanguage":"fr-FR","potentialAction":[{"@type":"ReadAction","target":["https:\/\/vosgesinfo.fr\/epinalinfo\/2025\/05\/gros-week-ends-de-competition-dans-differentes-disciplines-pour-le-gesn\/"]}]},{"@type":"ImageObject","inLanguage":"fr-FR","@id":"https:\/\/vosgesinfo.fr\/epinalinfo\/2025\/05\/gros-week-ends-de-competition-dans-differentes-disciplines-pour-le-gesn\/#primaryimage","url":"https:\/\/vosgesinfo.fr\/app\/uploads\/sites\/3\/2025\/05\/2025-jules-ilona-chpt-france-rafting.jpg","contentUrl":"https:\/\/vosgesinfo.fr\/app\/uploads\/sites\/3\/2025\/05\/2025-jules-ilona-chpt-france-rafting.jpg","width":1284,"height":824},{"@type":"BreadcrumbList","@id":"https:\/\/vosgesinfo.fr\/epinalinfo\/2025\/05\/gros-week-ends-de-competition-dans-differentes-disciplines-pour-le-gesn\/#breadcrumb","itemListElement":[{"@type":"ListItem","position":1,"name":"Home","item":"https:\/\/vosgesinfo.fr\/epinalinfo\/"},{"@type":"ListItem","position":2,"name":"Gros week-ends de comp\u00e9tition dans diff\u00e9rentes disciplines pour le GESN"}]},{"@type":"WebSite","@id":"https:\/\/vosgesinfo.fr\/epinalinfo\/#website","url":"https:\/\/vosgesinfo.fr\/epinalinfo\/","name":"Epinal Info","description":"Toute l&#039;actualit\u00e9 d&#039;\u00c9pinal","publisher":{"@id":"https:\/\/vosgesinfo.fr\/epinalinfo\/#organization"},"alternateName":"Toute l'actualit\u00e9 d'\u00c9pinal","potentialAction":[{"@type":"SearchAction","target":{"@type":"EntryPoint","urlTemplate":"https:\/\/vosgesinfo.fr\/epinalinfo\/?s={search_term_string}"},"query-input":"required name=search_term_string"}],"inLanguage":"fr-FR"},{"@type":"Organization","@id":"https:\/\/vosgesinfo.fr\/epinalinfo\/#organization","name":"Epinal Info","url":"https:\/\/vosgesinfo.fr\/epinalinfo\/","logo":{"@type":"ImageObject","inLanguage":"fr-FR","@id":"https:\/\/vosgesinfo.fr\/epinalinfo\/#\/schema\/logo\/image\/","url":"https:\/\/vosgesinfo.fr\/app\/uploads\/sites\/3\/2023\/08\/logo-epinalinfos.svg","contentUrl":"https:\/\/vosgesinfo.fr\/app\/uploads\/sites\/3\/2023\/08\/logo-epinalinfos.svg","width":1,"height":1,"caption":"Epinal Info"},"image":{"@id":"https:\/\/vosgesinfo.fr\/epinalinfo\/#\/schema\/logo\/image\/"},"sameAs":["https:\/\/www.facebook.com\/Epinalinfos","https:\/\/x.com\/VosgesInfo88","https:\/\/www.youtube.com\/@vosgesinfo"]},{"@type":"Person","@id":"https:\/\/vosgesinfo.fr\/epinalinfo\/#\/schema\/person\/27a3695b06db98895b354c0765cdfc31","name":"La redaction","image":{"@type":"ImageObject","inLanguage":"fr-FR","@id":"https:\/\/vosgesinfo.fr\/epinalinfo\/#\/schema\/person\/image\/","url":"https:\/\/secure.gravatar.com\/avatar\/64c76a78e501cedee55736f43f332df901e1896ae9cd8fad269ae2236dd0e8b6?s=96&d=mm&r=g","contentUrl":"https:\/\/secure.gravatar.com\/avatar\/64c76a78e501cedee55736f43f332df901e1896ae9cd8fad269ae2236dd0e8b6?s=96&d=mm&r=g","caption":"La redaction"},"url":"https:\/\/vosgesinfo.fr\/epinalinfo\/author\/la-redaction\/"}]}},"_links":{"self":[{"href":"https:\/\/vosgesinfo.fr\/epinalinfo\/wp-json\/wp\/v2\/posts\/132326","targetHints":{"allow":["GET"]}}],"collection":[{"href":"https:\/\/vosgesinfo.fr\/epinalinfo\/wp-json\/wp\/v2\/posts"}],"about":[{"href":"https:\/\/vosgesinfo.fr\/epinalinfo\/wp-json\/wp\/v2\/types\/post"}],"author":[{"embeddable":true,"href":"https:\/\/vosgesinfo.fr\/epinalinfo\/wp-json\/wp\/v2\/users\/391"}],"replies":[{"embeddable":true,"href":"https:\/\/vosgesinfo.fr\/epinalinfo\/wp-json\/wp\/v2\/comments?post=132326"}],"version-history":[{"count":1,"href":"https:\/\/vosgesinfo.fr\/epinalinfo\/wp-json\/wp\/v2\/posts\/132326\/revisions"}],"predecessor-version":[{"id":132336,"href":"https:\/\/vosgesinfo.fr\/epinalinfo\/wp-json\/wp\/v2\/posts\/132326\/revisions\/132336"}],"wp:featuredmedia":[{"embeddable":true,"href":"https:\/\/vosgesinfo.fr\/epinalinfo\/wp-json\/wp\/v2\/media\/132333"}],"wp:attachment":[{"href":"https:\/\/vosgesinfo.fr\/epinalinfo\/wp-json\/wp\/v2\/media?parent=132326"}],"wp:term":[{"taxonomy":"category","embeddable":true,"href":"https:\/\/vosgesinfo.fr\/epinalinfo\/wp-json\/wp\/v2\/categories?post=132326"},{"taxonomy":"post_tag","embeddable":true,"href":"https:\/\/vosgesinfo.fr\/epinalinfo\/wp-json\/wp\/v2\/tags?post=132326"}],"curies":[{"name":"wp","href":"https:\/\/api.w.org\/{rel}","templated":true}]}}