{"id":132343,"date":"2025-05-27T09:13:46","date_gmt":"2025-05-27T07:13:46","guid":{"rendered":"https:\/\/vosgesinfo.fr\/epinalinfo\/?p=132343"},"modified":"2025-05-27T09:07:47","modified_gmt":"2025-05-27T07:07:47","slug":"nouveau-deballage-solidaire-du-secours-populaire-francais","status":"publish","type":"post","link":"https:\/\/vosgesinfo.fr\/epinalinfo\/2025\/05\/nouveau-deballage-solidaire-du-secours-populaire-francais\/","title":{"rendered":"Nouveau d\u00e9ballage solidaire du Secours Populaire Fran\u00e7ais"},"content":{"rendered":"<p style=\"background: white;\"><span style=\"font-size: 10.0pt; color: #333333;\"><a href=\"https:\/\/vosgesinfo.fr\/app\/uploads\/sites\/3\/2025\/05\/vestiaire-juin-a4.jpg\"><img decoding=\"async\" class=\"alignnone size-full wp-image-132344\" src=\"https:\/\/vosgesinfo.fr\/app\/uploads\/sites\/3\/2025\/05\/vestiaire-juin-a4.jpg\" alt=\"\" width=\"1414\" height=\"2000\" srcset=\"https:\/\/vosgesinfo.fr\/app\/uploads\/sites\/3\/2025\/05\/vestiaire-juin-a4.jpg 1414w, https:\/\/vosgesinfo.fr\/app\/uploads\/sites\/3\/2025\/05\/vestiaire-juin-a4-212x300.jpg 212w, https:\/\/vosgesinfo.fr\/app\/uploads\/sites\/3\/2025\/05\/vestiaire-juin-a4-724x1024.jpg 724w, https:\/\/vosgesinfo.fr\/app\/uploads\/sites\/3\/2025\/05\/vestiaire-juin-a4-768x1086.jpg 768w, https:\/\/vosgesinfo.fr\/app\/uploads\/sites\/3\/2025\/05\/vestiaire-juin-a4-1086x1536.jpg 1086w\" sizes=\"(max-width: 1414px) 100vw, 1414px\" \/><\/a><strong>Le d\u00e9ballage de <u>v\u00eatements neufs<\/u> aura lieu le vendredi 13 juin de 14 h \u00e0 16h30<\/strong><\/span><strong> <span style=\"font-size: 10.0pt; color: #333333;\">et le samedi 14 juin de 9 h \u00e0 11h30, dans la halle\u00a0 <\/span><span style=\"font-size: 10.0pt; color: #333333;\">du Secours populaire rue c\u00f4te Cabiche \u00e0 Epinal.<\/span><\/strong><\/p>\n<p style=\"background: white;\"><strong><span style=\"font-size: 10.0pt; color: #333333;\">Le vestiaire, situ\u00e9 au 10 quartier de la Magdeleine \u00e0 Epinal, sera ouvert le samedi 14 juin de 09 \u00e0 12 heures.<\/span><\/strong><\/p>\n<p style=\"background: white;\"><strong><span style=\"font-size: 10.0pt; color: #333333;\">Ce d\u00e9ballage permet de financer nos actions de solidarit\u00e9, c\u2019est ouvert \u00e0 tous.<\/span><\/strong><\/p>\n<p>&nbsp;<\/p>\n<p><strong><span style=\"font-size: 10.0pt;\">2galement ce\u00a0 jeudi 28 mai, le Secours Populaire Fran\u00e7ais va donner le coup d\u2019envoi officiel de sa campagne \u00ab Vacances d\u2019\u00e9t\u00e9 \u00bb 2025 \u00e0 Paris au Parc Disneyland pour 800 personnes accompagn\u00e9e par l\u2019association.<\/span><\/strong><\/p>\n","protected":false},"excerpt":{"rendered":"<p>Le d\u00e9ballage de v\u00eatements neufs aura lieu le vendredi 13 juin de 14 h \u00e0 16h30 et le samedi 14 [&hellip;]<\/p>\n","protected":false},"author":391,"featured_media":132344,"comment_status":"open","ping_status":"open","sticky":false,"template":"","format":"standard","meta":{"footnotes":""},"categories":[22,192],"tags":[],"class_list":["post-132343","post","type-post","status-publish","format-standard","has-post-thumbnail","hentry","category-a-la-une","category-solidarite"],"acf":[],"yoast_head":"<!-- This site is optimized with the Yoast SEO plugin v22.5 - https:\/\/yoast.com\/wordpress\/plugins\/seo\/ -->\n<title>Nouveau d\u00e9ballage solidaire du Secours Populaire Fran\u00e7ais - Epinal Info<\/title>\n<meta name=\"robots\" content=\"index, follow, max-snippet:-1, max-image-preview:large, max-video-preview:-1\" \/>\n<link rel=\"canonical\" href=\"https:\/\/vosgesinfo.fr\/epinalinfo\/2025\/05\/nouveau-deballage-solidaire-du-secours-populaire-francais\/\" \/>\n<meta name=\"twitter:card\" content=\"summary_large_image\" \/>\n<meta name=\"twitter:title\" content=\"Nouveau d\u00e9ballage solidaire du Secours Populaire Fran\u00e7ais - Epinal Info\" \/>\n<meta name=\"twitter:description\" content=\"Le d\u00e9ballage de v\u00eatements neufs aura lieu le vendredi 13 juin de 14 h \u00e0 16h30 et le samedi 14 [&hellip;]\" \/>\n<meta name=\"twitter:image\" content=\"https:\/\/vosgesinfo.fr\/app\/uploads\/sites\/3\/2025\/05\/vestiaire-juin-a4.jpg\" \/>\n<meta name=\"twitter:creator\" content=\"@VosgesInfo88\" \/>\n<meta name=\"twitter:site\" content=\"@VosgesInfo88\" \/>\n<meta name=\"twitter:label1\" content=\"\u00c9crit par\" \/>\n\t<meta name=\"twitter:data1\" content=\"La redaction\" \/>\n\t<meta name=\"twitter:label2\" content=\"Dur\u00e9e de lecture estim\u00e9e\" \/>\n\t<meta name=\"twitter:data2\" content=\"1 minute\" \/>\n<script type=\"application\/ld+json\" class=\"yoast-schema-graph\">{\"@context\":\"https:\/\/schema.org\",\"@graph\":[{\"@type\":\"Article\",\"@id\":\"https:\/\/vosgesinfo.fr\/epinalinfo\/2025\/05\/nouveau-deballage-solidaire-du-secours-populaire-francais\/#article\",\"isPartOf\":{\"@id\":\"https:\/\/vosgesinfo.fr\/epinalinfo\/2025\/05\/nouveau-deballage-solidaire-du-secours-populaire-francais\/\"},\"author\":{\"name\":\"La redaction\",\"@id\":\"https:\/\/vosgesinfo.fr\/epinalinfo\/#\/schema\/person\/27a3695b06db98895b354c0765cdfc31\"},\"headline\":\"Nouveau d\u00e9ballage solidaire du Secours Populaire Fran\u00e7ais\",\"datePublished\":\"2025-05-27T07:13:46+00:00\",\"dateModified\":\"2025-05-27T07:07:47+00:00\",\"mainEntityOfPage\":{\"@id\":\"https:\/\/vosgesinfo.fr\/epinalinfo\/2025\/05\/nouveau-deballage-solidaire-du-secours-populaire-francais\/\"},\"wordCount\":106,\"commentCount\":0,\"publisher\":{\"@id\":\"https:\/\/vosgesinfo.fr\/epinalinfo\/#organization\"},\"image\":{\"@id\":\"https:\/\/vosgesinfo.fr\/epinalinfo\/2025\/05\/nouveau-deballage-solidaire-du-secours-populaire-francais\/#primaryimage\"},\"thumbnailUrl\":\"https:\/\/vosgesinfo.fr\/app\/uploads\/sites\/3\/2025\/05\/vestiaire-juin-a4.jpg\",\"articleSection\":[\"A la Une\",\"Solidarit\u00e9\"],\"inLanguage\":\"fr-FR\",\"potentialAction\":[{\"@type\":\"CommentAction\",\"name\":\"Comment\",\"target\":[\"https:\/\/vosgesinfo.fr\/epinalinfo\/2025\/05\/nouveau-deballage-solidaire-du-secours-populaire-francais\/#respond\"]}]},{\"@type\":\"WebPage\",\"@id\":\"https:\/\/vosgesinfo.fr\/epinalinfo\/2025\/05\/nouveau-deballage-solidaire-du-secours-populaire-francais\/\",\"url\":\"https:\/\/vosgesinfo.fr\/epinalinfo\/2025\/05\/nouveau-deballage-solidaire-du-secours-populaire-francais\/\",\"name\":\"Nouveau d\u00e9ballage solidaire du Secours Populaire Fran\u00e7ais - Epinal Info\",\"isPartOf\":{\"@id\":\"https:\/\/vosgesinfo.fr\/epinalinfo\/#website\"},\"primaryImageOfPage\":{\"@id\":\"https:\/\/vosgesinfo.fr\/epinalinfo\/2025\/05\/nouveau-deballage-solidaire-du-secours-populaire-francais\/#primaryimage\"},\"image\":{\"@id\":\"https:\/\/vosgesinfo.fr\/epinalinfo\/2025\/05\/nouveau-deballage-solidaire-du-secours-populaire-francais\/#primaryimage\"},\"thumbnailUrl\":\"https:\/\/vosgesinfo.fr\/app\/uploads\/sites\/3\/2025\/05\/vestiaire-juin-a4.jpg\",\"datePublished\":\"2025-05-27T07:13:46+00:00\",\"dateModified\":\"2025-05-27T07:07:47+00:00\",\"breadcrumb\":{\"@id\":\"https:\/\/vosgesinfo.fr\/epinalinfo\/2025\/05\/nouveau-deballage-solidaire-du-secours-populaire-francais\/#breadcrumb\"},\"inLanguage\":\"fr-FR\",\"potentialAction\":[{\"@type\":\"ReadAction\",\"target\":[\"https:\/\/vosgesinfo.fr\/epinalinfo\/2025\/05\/nouveau-deballage-solidaire-du-secours-populaire-francais\/\"]}]},{\"@type\":\"ImageObject\",\"inLanguage\":\"fr-FR\",\"@id\":\"https:\/\/vosgesinfo.fr\/epinalinfo\/2025\/05\/nouveau-deballage-solidaire-du-secours-populaire-francais\/#primaryimage\",\"url\":\"https:\/\/vosgesinfo.fr\/app\/uploads\/sites\/3\/2025\/05\/vestiaire-juin-a4.jpg\",\"contentUrl\":\"https:\/\/vosgesinfo.fr\/app\/uploads\/sites\/3\/2025\/05\/vestiaire-juin-a4.jpg\",\"width\":1414,\"height\":2000},{\"@type\":\"BreadcrumbList\",\"@id\":\"https:\/\/vosgesinfo.fr\/epinalinfo\/2025\/05\/nouveau-deballage-solidaire-du-secours-populaire-francais\/#breadcrumb\",\"itemListElement\":[{\"@type\":\"ListItem\",\"position\":1,\"name\":\"Home\",\"item\":\"https:\/\/vosgesinfo.fr\/epinalinfo\/\"},{\"@type\":\"ListItem\",\"position\":2,\"name\":\"Nouveau d\u00e9ballage solidaire du Secours Populaire Fran\u00e7ais\"}]},{\"@type\":\"WebSite\",\"@id\":\"https:\/\/vosgesinfo.fr\/epinalinfo\/#website\",\"url\":\"https:\/\/vosgesinfo.fr\/epinalinfo\/\",\"name\":\"Epinal Info\",\"description\":\"Toute l&#039;actualit\u00e9 d&#039;\u00c9pinal\",\"publisher\":{\"@id\":\"https:\/\/vosgesinfo.fr\/epinalinfo\/#organization\"},\"alternateName\":\"Toute l'actualit\u00e9 d'\u00c9pinal\",\"potentialAction\":[{\"@type\":\"SearchAction\",\"target\":{\"@type\":\"EntryPoint\",\"urlTemplate\":\"https:\/\/vosgesinfo.fr\/epinalinfo\/?s={search_term_string}\"},\"query-input\":\"required name=search_term_string\"}],\"inLanguage\":\"fr-FR\"},{\"@type\":\"Organization\",\"@id\":\"https:\/\/vosgesinfo.fr\/epinalinfo\/#organization\",\"name\":\"Epinal Info\",\"url\":\"https:\/\/vosgesinfo.fr\/epinalinfo\/\",\"logo\":{\"@type\":\"ImageObject\",\"inLanguage\":\"fr-FR\",\"@id\":\"https:\/\/vosgesinfo.fr\/epinalinfo\/#\/schema\/logo\/image\/\",\"url\":\"https:\/\/vosgesinfo.fr\/app\/uploads\/sites\/3\/2023\/08\/logo-epinalinfos.svg\",\"contentUrl\":\"https:\/\/vosgesinfo.fr\/app\/uploads\/sites\/3\/2023\/08\/logo-epinalinfos.svg\",\"width\":1,\"height\":1,\"caption\":\"Epinal Info\"},\"image\":{\"@id\":\"https:\/\/vosgesinfo.fr\/epinalinfo\/#\/schema\/logo\/image\/\"},\"sameAs\":[\"https:\/\/www.facebook.com\/Epinalinfos\",\"https:\/\/x.com\/VosgesInfo88\",\"https:\/\/www.youtube.com\/@vosgesinfo\"]},{\"@type\":\"Person\",\"@id\":\"https:\/\/vosgesinfo.fr\/epinalinfo\/#\/schema\/person\/27a3695b06db98895b354c0765cdfc31\",\"name\":\"La redaction\",\"image\":{\"@type\":\"ImageObject\",\"inLanguage\":\"fr-FR\",\"@id\":\"https:\/\/vosgesinfo.fr\/epinalinfo\/#\/schema\/person\/image\/\",\"url\":\"https:\/\/secure.gravatar.com\/avatar\/64c76a78e501cedee55736f43f332df901e1896ae9cd8fad269ae2236dd0e8b6?s=96&d=mm&r=g\",\"contentUrl\":\"https:\/\/secure.gravatar.com\/avatar\/64c76a78e501cedee55736f43f332df901e1896ae9cd8fad269ae2236dd0e8b6?s=96&d=mm&r=g\",\"caption\":\"La redaction\"},\"url\":\"https:\/\/vosgesinfo.fr\/epinalinfo\/author\/la-redaction\/\"}]}<\/script>\n<!-- \/ Yoast SEO plugin. -->","yoast_head_json":{"title":"Nouveau d\u00e9ballage solidaire du Secours Populaire Fran\u00e7ais - Epinal Info","robots":{"index":"index","follow":"follow","max-snippet":"max-snippet:-1","max-image-preview":"max-image-preview:large","max-video-preview":"max-video-preview:-1"},"canonical":"https:\/\/vosgesinfo.fr\/epinalinfo\/2025\/05\/nouveau-deballage-solidaire-du-secours-populaire-francais\/","twitter_card":"summary_large_image","twitter_title":"Nouveau d\u00e9ballage solidaire du Secours Populaire Fran\u00e7ais - Epinal Info","twitter_description":"Le d\u00e9ballage de v\u00eatements neufs aura lieu le vendredi 13 juin de 14 h \u00e0 16h30 et le samedi 14 [&hellip;]","twitter_image":"https:\/\/vosgesinfo.fr\/app\/uploads\/sites\/3\/2025\/05\/vestiaire-juin-a4.jpg","twitter_creator":"@VosgesInfo88","twitter_site":"@VosgesInfo88","twitter_misc":{"\u00c9crit par":"La redaction","Dur\u00e9e de lecture estim\u00e9e":"1 minute"},"schema":{"@context":"https:\/\/schema.org","@graph":[{"@type":"Article","@id":"https:\/\/vosgesinfo.fr\/epinalinfo\/2025\/05\/nouveau-deballage-solidaire-du-secours-populaire-francais\/#article","isPartOf":{"@id":"https:\/\/vosgesinfo.fr\/epinalinfo\/2025\/05\/nouveau-deballage-solidaire-du-secours-populaire-francais\/"},"author":{"name":"La redaction","@id":"https:\/\/vosgesinfo.fr\/epinalinfo\/#\/schema\/person\/27a3695b06db98895b354c0765cdfc31"},"headline":"Nouveau d\u00e9ballage solidaire du Secours Populaire Fran\u00e7ais","datePublished":"2025-05-27T07:13:46+00:00","dateModified":"2025-05-27T07:07:47+00:00","mainEntityOfPage":{"@id":"https:\/\/vosgesinfo.fr\/epinalinfo\/2025\/05\/nouveau-deballage-solidaire-du-secours-populaire-francais\/"},"wordCount":106,"commentCount":0,"publisher":{"@id":"https:\/\/vosgesinfo.fr\/epinalinfo\/#organization"},"image":{"@id":"https:\/\/vosgesinfo.fr\/epinalinfo\/2025\/05\/nouveau-deballage-solidaire-du-secours-populaire-francais\/#primaryimage"},"thumbnailUrl":"https:\/\/vosgesinfo.fr\/app\/uploads\/sites\/3\/2025\/05\/vestiaire-juin-a4.jpg","articleSection":["A la Une","Solidarit\u00e9"],"inLanguage":"fr-FR","potentialAction":[{"@type":"CommentAction","name":"Comment","target":["https:\/\/vosgesinfo.fr\/epinalinfo\/2025\/05\/nouveau-deballage-solidaire-du-secours-populaire-francais\/#respond"]}]},{"@type":"WebPage","@id":"https:\/\/vosgesinfo.fr\/epinalinfo\/2025\/05\/nouveau-deballage-solidaire-du-secours-populaire-francais\/","url":"https:\/\/vosgesinfo.fr\/epinalinfo\/2025\/05\/nouveau-deballage-solidaire-du-secours-populaire-francais\/","name":"Nouveau d\u00e9ballage solidaire du Secours Populaire Fran\u00e7ais - Epinal Info","isPartOf":{"@id":"https:\/\/vosgesinfo.fr\/epinalinfo\/#website"},"primaryImageOfPage":{"@id":"https:\/\/vosgesinfo.fr\/epinalinfo\/2025\/05\/nouveau-deballage-solidaire-du-secours-populaire-francais\/#primaryimage"},"image":{"@id":"https:\/\/vosgesinfo.fr\/epinalinfo\/2025\/05\/nouveau-deballage-solidaire-du-secours-populaire-francais\/#primaryimage"},"thumbnailUrl":"https:\/\/vosgesinfo.fr\/app\/uploads\/sites\/3\/2025\/05\/vestiaire-juin-a4.jpg","datePublished":"2025-05-27T07:13:46+00:00","dateModified":"2025-05-27T07:07:47+00:00","breadcrumb":{"@id":"https:\/\/vosgesinfo.fr\/epinalinfo\/2025\/05\/nouveau-deballage-solidaire-du-secours-populaire-francais\/#breadcrumb"},"inLanguage":"fr-FR","potentialAction":[{"@type":"ReadAction","target":["https:\/\/vosgesinfo.fr\/epinalinfo\/2025\/05\/nouveau-deballage-solidaire-du-secours-populaire-francais\/"]}]},{"@type":"ImageObject","inLanguage":"fr-FR","@id":"https:\/\/vosgesinfo.fr\/epinalinfo\/2025\/05\/nouveau-deballage-solidaire-du-secours-populaire-francais\/#primaryimage","url":"https:\/\/vosgesinfo.fr\/app\/uploads\/sites\/3\/2025\/05\/vestiaire-juin-a4.jpg","contentUrl":"https:\/\/vosgesinfo.fr\/app\/uploads\/sites\/3\/2025\/05\/vestiaire-juin-a4.jpg","width":1414,"height":2000},{"@type":"BreadcrumbList","@id":"https:\/\/vosgesinfo.fr\/epinalinfo\/2025\/05\/nouveau-deballage-solidaire-du-secours-populaire-francais\/#breadcrumb","itemListElement":[{"@type":"ListItem","position":1,"name":"Home","item":"https:\/\/vosgesinfo.fr\/epinalinfo\/"},{"@type":"ListItem","position":2,"name":"Nouveau d\u00e9ballage solidaire du Secours Populaire Fran\u00e7ais"}]},{"@type":"WebSite","@id":"https:\/\/vosgesinfo.fr\/epinalinfo\/#website","url":"https:\/\/vosgesinfo.fr\/epinalinfo\/","name":"Epinal Info","description":"Toute l&#039;actualit\u00e9 d&#039;\u00c9pinal","publisher":{"@id":"https:\/\/vosgesinfo.fr\/epinalinfo\/#organization"},"alternateName":"Toute l'actualit\u00e9 d'\u00c9pinal","potentialAction":[{"@type":"SearchAction","target":{"@type":"EntryPoint","urlTemplate":"https:\/\/vosgesinfo.fr\/epinalinfo\/?s={search_term_string}"},"query-input":"required name=search_term_string"}],"inLanguage":"fr-FR"},{"@type":"Organization","@id":"https:\/\/vosgesinfo.fr\/epinalinfo\/#organization","name":"Epinal Info","url":"https:\/\/vosgesinfo.fr\/epinalinfo\/","logo":{"@type":"ImageObject","inLanguage":"fr-FR","@id":"https:\/\/vosgesinfo.fr\/epinalinfo\/#\/schema\/logo\/image\/","url":"https:\/\/vosgesinfo.fr\/app\/uploads\/sites\/3\/2023\/08\/logo-epinalinfos.svg","contentUrl":"https:\/\/vosgesinfo.fr\/app\/uploads\/sites\/3\/2023\/08\/logo-epinalinfos.svg","width":1,"height":1,"caption":"Epinal Info"},"image":{"@id":"https:\/\/vosgesinfo.fr\/epinalinfo\/#\/schema\/logo\/image\/"},"sameAs":["https:\/\/www.facebook.com\/Epinalinfos","https:\/\/x.com\/VosgesInfo88","https:\/\/www.youtube.com\/@vosgesinfo"]},{"@type":"Person","@id":"https:\/\/vosgesinfo.fr\/epinalinfo\/#\/schema\/person\/27a3695b06db98895b354c0765cdfc31","name":"La redaction","image":{"@type":"ImageObject","inLanguage":"fr-FR","@id":"https:\/\/vosgesinfo.fr\/epinalinfo\/#\/schema\/person\/image\/","url":"https:\/\/secure.gravatar.com\/avatar\/64c76a78e501cedee55736f43f332df901e1896ae9cd8fad269ae2236dd0e8b6?s=96&d=mm&r=g","contentUrl":"https:\/\/secure.gravatar.com\/avatar\/64c76a78e501cedee55736f43f332df901e1896ae9cd8fad269ae2236dd0e8b6?s=96&d=mm&r=g","caption":"La redaction"},"url":"https:\/\/vosgesinfo.fr\/epinalinfo\/author\/la-redaction\/"}]}},"_links":{"self":[{"href":"https:\/\/vosgesinfo.fr\/epinalinfo\/wp-json\/wp\/v2\/posts\/132343","targetHints":{"allow":["GET"]}}],"collection":[{"href":"https:\/\/vosgesinfo.fr\/epinalinfo\/wp-json\/wp\/v2\/posts"}],"about":[{"href":"https:\/\/vosgesinfo.fr\/epinalinfo\/wp-json\/wp\/v2\/types\/post"}],"author":[{"embeddable":true,"href":"https:\/\/vosgesinfo.fr\/epinalinfo\/wp-json\/wp\/v2\/users\/391"}],"replies":[{"embeddable":true,"href":"https:\/\/vosgesinfo.fr\/epinalinfo\/wp-json\/wp\/v2\/comments?post=132343"}],"version-history":[{"count":1,"href":"https:\/\/vosgesinfo.fr\/epinalinfo\/wp-json\/wp\/v2\/posts\/132343\/revisions"}],"predecessor-version":[{"id":132345,"href":"https:\/\/vosgesinfo.fr\/epinalinfo\/wp-json\/wp\/v2\/posts\/132343\/revisions\/132345"}],"wp:featuredmedia":[{"embeddable":true,"href":"https:\/\/vosgesinfo.fr\/epinalinfo\/wp-json\/wp\/v2\/media\/132344"}],"wp:attachment":[{"href":"https:\/\/vosgesinfo.fr\/epinalinfo\/wp-json\/wp\/v2\/media?parent=132343"}],"wp:term":[{"taxonomy":"category","embeddable":true,"href":"https:\/\/vosgesinfo.fr\/epinalinfo\/wp-json\/wp\/v2\/categories?post=132343"},{"taxonomy":"post_tag","embeddable":true,"href":"https:\/\/vosgesinfo.fr\/epinalinfo\/wp-json\/wp\/v2\/tags?post=132343"}],"curies":[{"name":"wp","href":"https:\/\/api.w.org\/{rel}","templated":true}]}}