{"id":132766,"date":"2025-06-12T13:15:32","date_gmt":"2025-06-12T11:15:32","guid":{"rendered":"https:\/\/vosgesinfo.fr\/epinalinfo\/?p=132766"},"modified":"2025-06-12T12:58:21","modified_gmt":"2025-06-12T10:58:21","slug":"a-chavelot-sovodeb-lance-un-reseau-dacheteurs-pour-une-commande-publique-durable-dans-le-btp","status":"publish","type":"post","link":"https:\/\/vosgesinfo.fr\/epinalinfo\/2025\/06\/a-chavelot-sovodeb-lance-un-reseau-dacheteurs-pour-une-commande-publique-durable-dans-le-btp\/","title":{"rendered":"\u00c0 Chavelot, SOVODEB lance un r\u00e9seau d\u2019acheteurs pour une commande publique durable dans le BTP"},"content":{"rendered":"<h2 data-start=\"218\" data-end=\"577\"><strong><a href=\"https:\/\/vosgesinfo.fr\/app\/uploads\/sites\/3\/2024\/06\/maison-de-l-economie-circulaire-chavelot-evodia-12-scaled.jpg\"><img decoding=\"async\" class=\"aligncenter size-full wp-image-42213\" src=\"https:\/\/vosgesinfo.fr\/app\/uploads\/sites\/3\/2024\/06\/maison-de-l-economie-circulaire-chavelot-evodia-12-scaled.jpg\" alt=\"\" width=\"2560\" height=\"1920\" srcset=\"https:\/\/vosgesinfo.fr\/app\/uploads\/sites\/3\/2024\/06\/maison-de-l-economie-circulaire-chavelot-evodia-12-scaled.jpg 2560w, https:\/\/vosgesinfo.fr\/app\/uploads\/sites\/3\/2024\/06\/maison-de-l-economie-circulaire-chavelot-evodia-12-300x225.jpg 300w, https:\/\/vosgesinfo.fr\/app\/uploads\/sites\/3\/2024\/06\/maison-de-l-economie-circulaire-chavelot-evodia-12-1024x768.jpg 1024w, https:\/\/vosgesinfo.fr\/app\/uploads\/sites\/3\/2024\/06\/maison-de-l-economie-circulaire-chavelot-evodia-12-768x576.jpg 768w, https:\/\/vosgesinfo.fr\/app\/uploads\/sites\/3\/2024\/06\/maison-de-l-economie-circulaire-chavelot-evodia-12-1536x1152.jpg 1536w, https:\/\/vosgesinfo.fr\/app\/uploads\/sites\/3\/2024\/06\/maison-de-l-economie-circulaire-chavelot-evodia-12-2048x1536.jpg 2048w\" sizes=\"(max-width: 2560px) 100vw, 2560px\" \/><\/a>Dans un contexte marqu\u00e9 par l\u2019urgence climatique et la n\u00e9cessaire transformation des pratiques d\u2019achat public, SOVODEB (Soci\u00e9t\u00e9 Vosgienne de D\u00e9veloppement \u00c9conomique du B\u00e2timent) a officialis\u00e9 ce jeudi le lancement d\u2019un r\u00e9seau territorial d\u2019acheteurs publics engag\u00e9s pour une commande responsable dans le secteur du BTP.<\/strong><\/h2>\n<p data-start=\"579\" data-end=\"975\">R\u00e9unis \u00e0 la <strong data-start=\"591\" data-end=\"638\">Maison de l\u2019\u00c9conomie Circulaire de Chavelot<\/strong>, des repr\u00e9sentants d\u2019administrations locales, d\u2019acteurs \u00e9conomiques et d\u2019experts du d\u00e9veloppement durable ont assist\u00e9 \u00e0 la cr\u00e9ation de ce r\u00e9seau, n\u00e9 d\u2019un partenariat strat\u00e9gique avec <strong data-start=\"822\" data-end=\"852\">BOMA \u2013 Les Bonnes Mati\u00e8res<\/strong>, un bureau d\u2019\u00e9tudes reconnu pour son expertise dans l\u2019int\u00e9gration des enjeux environnementaux dans les politiques d\u2019achat.<\/p>\n<h3 data-start=\"977\" data-end=\"1049\">Une ambition claire : professionnaliser et verdir les achats publics<\/h3>\n<p data-start=\"1051\" data-end=\"1457\">Ce nouveau r\u00e9seau vise \u00e0 <strong data-start=\"1076\" data-end=\"1133\">professionnaliser les pratiques des acheteurs publics<\/strong> tout en favorisant une logique de <strong data-start=\"1168\" data-end=\"1196\">coop\u00e9ration territoriale<\/strong>. En facilitant les \u00e9changes entre les collectivit\u00e9s et les entreprises locales, il ambitionne de structurer des dynamiques communes autour de <strong data-start=\"1339\" data-end=\"1364\">l\u2019\u00e9conomie circulaire<\/strong>, de <strong data-start=\"1369\" data-end=\"1389\">l\u2019\u00e9co-conception<\/strong>, et de <strong data-start=\"1397\" data-end=\"1436\">la r\u00e9duction de l\u2019empreinte carbone<\/strong> des march\u00e9s publics.<\/p>\n<h3 data-start=\"1830\" data-end=\"1894\">Un levier d&rsquo;action pour la transition \u00e9cologique dans le BTP<\/h3>\n<p data-start=\"1896\" data-end=\"2303\">Le secteur du b\u00e2timent et des travaux publics, fortement \u00e9metteur de CO\u2082 et consommateur de ressources, est un <strong data-start=\"2007\" data-end=\"2037\">champ d\u2019action prioritaire<\/strong>. L\u2019int\u00e9gration de <strong data-start=\"2056\" data-end=\"2096\">clauses environnementales exigeantes<\/strong>, la <strong data-start=\"2101\" data-end=\"2154\">valorisation des mat\u00e9riaux biosourc\u00e9s ou recycl\u00e9s<\/strong>, ou encore le recours \u00e0 des <strong data-start=\"2183\" data-end=\"2234\">entreprises locales engag\u00e9es dans la durabilit\u00e9<\/strong> font partie des pistes concr\u00e8tes \u00e9voqu\u00e9es par les membres du r\u00e9seau.<\/p>\n<p data-start=\"2305\" data-end=\"2539\">Soutenu par BOMA, le r\u00e9seau propose \u00e9galement des <strong data-start=\"2355\" data-end=\"2378\">outils de formation<\/strong>, des <strong data-start=\"2384\" data-end=\"2425\">espaces d\u2019\u00e9change de bonnes pratiques<\/strong>, et un <strong data-start=\"2433\" data-end=\"2464\">accompagnement personnalis\u00e9<\/strong> pour les acheteurs publics souhaitant monter en comp\u00e9tence sur ces enjeux.<\/p>\n","protected":false},"excerpt":{"rendered":"<p>Dans un contexte marqu\u00e9 par l\u2019urgence climatique et la n\u00e9cessaire transformation des pratiques d\u2019achat public, SOVODEB (Soci\u00e9t\u00e9 Vosgienne de D\u00e9veloppement [&hellip;]<\/p>\n","protected":false},"author":52,"featured_media":42213,"comment_status":"open","ping_status":"open","sticky":false,"template":"","format":"standard","meta":{"footnotes":""},"categories":[22,24],"tags":[],"class_list":["post-132766","post","type-post","status-publish","format-standard","has-post-thumbnail","hentry","category-a-la-une","category-epinal"],"acf":[],"yoast_head":"<!-- This site is optimized with the Yoast SEO plugin v22.5 - https:\/\/yoast.com\/wordpress\/plugins\/seo\/ -->\n<title>\u00c0 Chavelot, SOVODEB lance un r\u00e9seau d\u2019acheteurs pour une commande publique durable dans le BTP - Epinal Info<\/title>\n<meta name=\"robots\" content=\"index, follow, max-snippet:-1, max-image-preview:large, max-video-preview:-1\" \/>\n<link rel=\"canonical\" href=\"https:\/\/vosgesinfo.fr\/epinalinfo\/2025\/06\/a-chavelot-sovodeb-lance-un-reseau-dacheteurs-pour-une-commande-publique-durable-dans-le-btp\/\" \/>\n<meta name=\"twitter:card\" content=\"summary_large_image\" \/>\n<meta name=\"twitter:title\" content=\"\u00c0 Chavelot, SOVODEB lance un r\u00e9seau d\u2019acheteurs pour une commande publique durable dans le BTP - Epinal Info\" \/>\n<meta name=\"twitter:description\" content=\"Dans un contexte marqu\u00e9 par l\u2019urgence climatique et la n\u00e9cessaire transformation des pratiques d\u2019achat public, SOVODEB (Soci\u00e9t\u00e9 Vosgienne de D\u00e9veloppement [&hellip;]\" \/>\n<meta name=\"twitter:image\" content=\"https:\/\/vosgesinfo.fr\/app\/uploads\/sites\/3\/2024\/06\/maison-de-l-economie-circulaire-chavelot-evodia-12-scaled.jpg\" \/>\n<meta name=\"twitter:creator\" content=\"@VosgesInfo88\" \/>\n<meta name=\"twitter:site\" content=\"@VosgesInfo88\" \/>\n<meta name=\"twitter:label1\" content=\"\u00c9crit par\" \/>\n\t<meta name=\"twitter:data1\" content=\"C.K.\" \/>\n\t<meta name=\"twitter:label2\" content=\"Dur\u00e9e de lecture estim\u00e9e\" \/>\n\t<meta name=\"twitter:data2\" content=\"2 minutes\" \/>\n<script type=\"application\/ld+json\" class=\"yoast-schema-graph\">{\"@context\":\"https:\/\/schema.org\",\"@graph\":[{\"@type\":\"Article\",\"@id\":\"https:\/\/vosgesinfo.fr\/epinalinfo\/2025\/06\/a-chavelot-sovodeb-lance-un-reseau-dacheteurs-pour-une-commande-publique-durable-dans-le-btp\/#article\",\"isPartOf\":{\"@id\":\"https:\/\/vosgesinfo.fr\/epinalinfo\/2025\/06\/a-chavelot-sovodeb-lance-un-reseau-dacheteurs-pour-une-commande-publique-durable-dans-le-btp\/\"},\"author\":{\"name\":\"C.K.\",\"@id\":\"https:\/\/vosgesinfo.fr\/epinalinfo\/#\/schema\/person\/6f9a650eeea99d969b6c4ab78fccbe81\"},\"headline\":\"\u00c0 Chavelot, SOVODEB lance un r\u00e9seau d\u2019acheteurs pour une commande publique durable dans le BTP\",\"datePublished\":\"2025-06-12T11:15:32+00:00\",\"dateModified\":\"2025-06-12T10:58:21+00:00\",\"mainEntityOfPage\":{\"@id\":\"https:\/\/vosgesinfo.fr\/epinalinfo\/2025\/06\/a-chavelot-sovodeb-lance-un-reseau-dacheteurs-pour-une-commande-publique-durable-dans-le-btp\/\"},\"wordCount\":318,\"commentCount\":0,\"publisher\":{\"@id\":\"https:\/\/vosgesinfo.fr\/epinalinfo\/#organization\"},\"image\":{\"@id\":\"https:\/\/vosgesinfo.fr\/epinalinfo\/2025\/06\/a-chavelot-sovodeb-lance-un-reseau-dacheteurs-pour-une-commande-publique-durable-dans-le-btp\/#primaryimage\"},\"thumbnailUrl\":\"https:\/\/vosgesinfo.fr\/app\/uploads\/sites\/3\/2024\/06\/maison-de-l-economie-circulaire-chavelot-evodia-12-scaled.jpg\",\"articleSection\":[\"A la Une\",\"Epinal\"],\"inLanguage\":\"fr-FR\",\"potentialAction\":[{\"@type\":\"CommentAction\",\"name\":\"Comment\",\"target\":[\"https:\/\/vosgesinfo.fr\/epinalinfo\/2025\/06\/a-chavelot-sovodeb-lance-un-reseau-dacheteurs-pour-une-commande-publique-durable-dans-le-btp\/#respond\"]}]},{\"@type\":\"WebPage\",\"@id\":\"https:\/\/vosgesinfo.fr\/epinalinfo\/2025\/06\/a-chavelot-sovodeb-lance-un-reseau-dacheteurs-pour-une-commande-publique-durable-dans-le-btp\/\",\"url\":\"https:\/\/vosgesinfo.fr\/epinalinfo\/2025\/06\/a-chavelot-sovodeb-lance-un-reseau-dacheteurs-pour-une-commande-publique-durable-dans-le-btp\/\",\"name\":\"\u00c0 Chavelot, SOVODEB lance un r\u00e9seau d\u2019acheteurs pour une commande publique durable dans le BTP - Epinal Info\",\"isPartOf\":{\"@id\":\"https:\/\/vosgesinfo.fr\/epinalinfo\/#website\"},\"primaryImageOfPage\":{\"@id\":\"https:\/\/vosgesinfo.fr\/epinalinfo\/2025\/06\/a-chavelot-sovodeb-lance-un-reseau-dacheteurs-pour-une-commande-publique-durable-dans-le-btp\/#primaryimage\"},\"image\":{\"@id\":\"https:\/\/vosgesinfo.fr\/epinalinfo\/2025\/06\/a-chavelot-sovodeb-lance-un-reseau-dacheteurs-pour-une-commande-publique-durable-dans-le-btp\/#primaryimage\"},\"thumbnailUrl\":\"https:\/\/vosgesinfo.fr\/app\/uploads\/sites\/3\/2024\/06\/maison-de-l-economie-circulaire-chavelot-evodia-12-scaled.jpg\",\"datePublished\":\"2025-06-12T11:15:32+00:00\",\"dateModified\":\"2025-06-12T10:58:21+00:00\",\"breadcrumb\":{\"@id\":\"https:\/\/vosgesinfo.fr\/epinalinfo\/2025\/06\/a-chavelot-sovodeb-lance-un-reseau-dacheteurs-pour-une-commande-publique-durable-dans-le-btp\/#breadcrumb\"},\"inLanguage\":\"fr-FR\",\"potentialAction\":[{\"@type\":\"ReadAction\",\"target\":[\"https:\/\/vosgesinfo.fr\/epinalinfo\/2025\/06\/a-chavelot-sovodeb-lance-un-reseau-dacheteurs-pour-une-commande-publique-durable-dans-le-btp\/\"]}]},{\"@type\":\"ImageObject\",\"inLanguage\":\"fr-FR\",\"@id\":\"https:\/\/vosgesinfo.fr\/epinalinfo\/2025\/06\/a-chavelot-sovodeb-lance-un-reseau-dacheteurs-pour-une-commande-publique-durable-dans-le-btp\/#primaryimage\",\"url\":\"https:\/\/vosgesinfo.fr\/app\/uploads\/sites\/3\/2024\/06\/maison-de-l-economie-circulaire-chavelot-evodia-12-scaled.jpg\",\"contentUrl\":\"https:\/\/vosgesinfo.fr\/app\/uploads\/sites\/3\/2024\/06\/maison-de-l-economie-circulaire-chavelot-evodia-12-scaled.jpg\",\"width\":2560,\"height\":1920},{\"@type\":\"BreadcrumbList\",\"@id\":\"https:\/\/vosgesinfo.fr\/epinalinfo\/2025\/06\/a-chavelot-sovodeb-lance-un-reseau-dacheteurs-pour-une-commande-publique-durable-dans-le-btp\/#breadcrumb\",\"itemListElement\":[{\"@type\":\"ListItem\",\"position\":1,\"name\":\"Home\",\"item\":\"https:\/\/vosgesinfo.fr\/epinalinfo\/\"},{\"@type\":\"ListItem\",\"position\":2,\"name\":\"\u00c0 Chavelot, SOVODEB lance un r\u00e9seau d\u2019acheteurs pour une commande publique durable dans le BTP\"}]},{\"@type\":\"WebSite\",\"@id\":\"https:\/\/vosgesinfo.fr\/epinalinfo\/#website\",\"url\":\"https:\/\/vosgesinfo.fr\/epinalinfo\/\",\"name\":\"Epinal Info\",\"description\":\"Toute l&#039;actualit\u00e9 d&#039;\u00c9pinal\",\"publisher\":{\"@id\":\"https:\/\/vosgesinfo.fr\/epinalinfo\/#organization\"},\"alternateName\":\"Toute l'actualit\u00e9 d'\u00c9pinal\",\"potentialAction\":[{\"@type\":\"SearchAction\",\"target\":{\"@type\":\"EntryPoint\",\"urlTemplate\":\"https:\/\/vosgesinfo.fr\/epinalinfo\/?s={search_term_string}\"},\"query-input\":\"required name=search_term_string\"}],\"inLanguage\":\"fr-FR\"},{\"@type\":\"Organization\",\"@id\":\"https:\/\/vosgesinfo.fr\/epinalinfo\/#organization\",\"name\":\"Epinal Info\",\"url\":\"https:\/\/vosgesinfo.fr\/epinalinfo\/\",\"logo\":{\"@type\":\"ImageObject\",\"inLanguage\":\"fr-FR\",\"@id\":\"https:\/\/vosgesinfo.fr\/epinalinfo\/#\/schema\/logo\/image\/\",\"url\":\"https:\/\/vosgesinfo.fr\/app\/uploads\/sites\/3\/2023\/08\/logo-epinalinfos.svg\",\"contentUrl\":\"https:\/\/vosgesinfo.fr\/app\/uploads\/sites\/3\/2023\/08\/logo-epinalinfos.svg\",\"width\":1,\"height\":1,\"caption\":\"Epinal Info\"},\"image\":{\"@id\":\"https:\/\/vosgesinfo.fr\/epinalinfo\/#\/schema\/logo\/image\/\"},\"sameAs\":[\"https:\/\/www.facebook.com\/Epinalinfos\",\"https:\/\/x.com\/VosgesInfo88\",\"https:\/\/www.youtube.com\/@vosgesinfo\"]},{\"@type\":\"Person\",\"@id\":\"https:\/\/vosgesinfo.fr\/epinalinfo\/#\/schema\/person\/6f9a650eeea99d969b6c4ab78fccbe81\",\"name\":\"C.K.\",\"image\":{\"@type\":\"ImageObject\",\"inLanguage\":\"fr-FR\",\"@id\":\"https:\/\/vosgesinfo.fr\/epinalinfo\/#\/schema\/person\/image\/\",\"url\":\"https:\/\/secure.gravatar.com\/avatar\/48e3fc7f8421ba8942be6b74a2b7f014ca39bc00dece156b7a8e098ae7dc87bf?s=96&d=mm&r=g\",\"contentUrl\":\"https:\/\/secure.gravatar.com\/avatar\/48e3fc7f8421ba8942be6b74a2b7f014ca39bc00dece156b7a8e098ae7dc87bf?s=96&d=mm&r=g\",\"caption\":\"C.K.\"},\"url\":\"https:\/\/vosgesinfo.fr\/epinalinfo\/author\/celia-k-n\/\"}]}<\/script>\n<!-- \/ Yoast SEO plugin. -->","yoast_head_json":{"title":"\u00c0 Chavelot, SOVODEB lance un r\u00e9seau d\u2019acheteurs pour une commande publique durable dans le BTP - Epinal Info","robots":{"index":"index","follow":"follow","max-snippet":"max-snippet:-1","max-image-preview":"max-image-preview:large","max-video-preview":"max-video-preview:-1"},"canonical":"https:\/\/vosgesinfo.fr\/epinalinfo\/2025\/06\/a-chavelot-sovodeb-lance-un-reseau-dacheteurs-pour-une-commande-publique-durable-dans-le-btp\/","twitter_card":"summary_large_image","twitter_title":"\u00c0 Chavelot, SOVODEB lance un r\u00e9seau d\u2019acheteurs pour une commande publique durable dans le BTP - Epinal Info","twitter_description":"Dans un contexte marqu\u00e9 par l\u2019urgence climatique et la n\u00e9cessaire transformation des pratiques d\u2019achat public, SOVODEB (Soci\u00e9t\u00e9 Vosgienne de D\u00e9veloppement [&hellip;]","twitter_image":"https:\/\/vosgesinfo.fr\/app\/uploads\/sites\/3\/2024\/06\/maison-de-l-economie-circulaire-chavelot-evodia-12-scaled.jpg","twitter_creator":"@VosgesInfo88","twitter_site":"@VosgesInfo88","twitter_misc":{"\u00c9crit par":"C.K.","Dur\u00e9e de lecture estim\u00e9e":"2 minutes"},"schema":{"@context":"https:\/\/schema.org","@graph":[{"@type":"Article","@id":"https:\/\/vosgesinfo.fr\/epinalinfo\/2025\/06\/a-chavelot-sovodeb-lance-un-reseau-dacheteurs-pour-une-commande-publique-durable-dans-le-btp\/#article","isPartOf":{"@id":"https:\/\/vosgesinfo.fr\/epinalinfo\/2025\/06\/a-chavelot-sovodeb-lance-un-reseau-dacheteurs-pour-une-commande-publique-durable-dans-le-btp\/"},"author":{"name":"C.K.","@id":"https:\/\/vosgesinfo.fr\/epinalinfo\/#\/schema\/person\/6f9a650eeea99d969b6c4ab78fccbe81"},"headline":"\u00c0 Chavelot, SOVODEB lance un r\u00e9seau d\u2019acheteurs pour une commande publique durable dans le BTP","datePublished":"2025-06-12T11:15:32+00:00","dateModified":"2025-06-12T10:58:21+00:00","mainEntityOfPage":{"@id":"https:\/\/vosgesinfo.fr\/epinalinfo\/2025\/06\/a-chavelot-sovodeb-lance-un-reseau-dacheteurs-pour-une-commande-publique-durable-dans-le-btp\/"},"wordCount":318,"commentCount":0,"publisher":{"@id":"https:\/\/vosgesinfo.fr\/epinalinfo\/#organization"},"image":{"@id":"https:\/\/vosgesinfo.fr\/epinalinfo\/2025\/06\/a-chavelot-sovodeb-lance-un-reseau-dacheteurs-pour-une-commande-publique-durable-dans-le-btp\/#primaryimage"},"thumbnailUrl":"https:\/\/vosgesinfo.fr\/app\/uploads\/sites\/3\/2024\/06\/maison-de-l-economie-circulaire-chavelot-evodia-12-scaled.jpg","articleSection":["A la Une","Epinal"],"inLanguage":"fr-FR","potentialAction":[{"@type":"CommentAction","name":"Comment","target":["https:\/\/vosgesinfo.fr\/epinalinfo\/2025\/06\/a-chavelot-sovodeb-lance-un-reseau-dacheteurs-pour-une-commande-publique-durable-dans-le-btp\/#respond"]}]},{"@type":"WebPage","@id":"https:\/\/vosgesinfo.fr\/epinalinfo\/2025\/06\/a-chavelot-sovodeb-lance-un-reseau-dacheteurs-pour-une-commande-publique-durable-dans-le-btp\/","url":"https:\/\/vosgesinfo.fr\/epinalinfo\/2025\/06\/a-chavelot-sovodeb-lance-un-reseau-dacheteurs-pour-une-commande-publique-durable-dans-le-btp\/","name":"\u00c0 Chavelot, SOVODEB lance un r\u00e9seau d\u2019acheteurs pour une commande publique durable dans le BTP - Epinal Info","isPartOf":{"@id":"https:\/\/vosgesinfo.fr\/epinalinfo\/#website"},"primaryImageOfPage":{"@id":"https:\/\/vosgesinfo.fr\/epinalinfo\/2025\/06\/a-chavelot-sovodeb-lance-un-reseau-dacheteurs-pour-une-commande-publique-durable-dans-le-btp\/#primaryimage"},"image":{"@id":"https:\/\/vosgesinfo.fr\/epinalinfo\/2025\/06\/a-chavelot-sovodeb-lance-un-reseau-dacheteurs-pour-une-commande-publique-durable-dans-le-btp\/#primaryimage"},"thumbnailUrl":"https:\/\/vosgesinfo.fr\/app\/uploads\/sites\/3\/2024\/06\/maison-de-l-economie-circulaire-chavelot-evodia-12-scaled.jpg","datePublished":"2025-06-12T11:15:32+00:00","dateModified":"2025-06-12T10:58:21+00:00","breadcrumb":{"@id":"https:\/\/vosgesinfo.fr\/epinalinfo\/2025\/06\/a-chavelot-sovodeb-lance-un-reseau-dacheteurs-pour-une-commande-publique-durable-dans-le-btp\/#breadcrumb"},"inLanguage":"fr-FR","potentialAction":[{"@type":"ReadAction","target":["https:\/\/vosgesinfo.fr\/epinalinfo\/2025\/06\/a-chavelot-sovodeb-lance-un-reseau-dacheteurs-pour-une-commande-publique-durable-dans-le-btp\/"]}]},{"@type":"ImageObject","inLanguage":"fr-FR","@id":"https:\/\/vosgesinfo.fr\/epinalinfo\/2025\/06\/a-chavelot-sovodeb-lance-un-reseau-dacheteurs-pour-une-commande-publique-durable-dans-le-btp\/#primaryimage","url":"https:\/\/vosgesinfo.fr\/app\/uploads\/sites\/3\/2024\/06\/maison-de-l-economie-circulaire-chavelot-evodia-12-scaled.jpg","contentUrl":"https:\/\/vosgesinfo.fr\/app\/uploads\/sites\/3\/2024\/06\/maison-de-l-economie-circulaire-chavelot-evodia-12-scaled.jpg","width":2560,"height":1920},{"@type":"BreadcrumbList","@id":"https:\/\/vosgesinfo.fr\/epinalinfo\/2025\/06\/a-chavelot-sovodeb-lance-un-reseau-dacheteurs-pour-une-commande-publique-durable-dans-le-btp\/#breadcrumb","itemListElement":[{"@type":"ListItem","position":1,"name":"Home","item":"https:\/\/vosgesinfo.fr\/epinalinfo\/"},{"@type":"ListItem","position":2,"name":"\u00c0 Chavelot, SOVODEB lance un r\u00e9seau d\u2019acheteurs pour une commande publique durable dans le BTP"}]},{"@type":"WebSite","@id":"https:\/\/vosgesinfo.fr\/epinalinfo\/#website","url":"https:\/\/vosgesinfo.fr\/epinalinfo\/","name":"Epinal Info","description":"Toute l&#039;actualit\u00e9 d&#039;\u00c9pinal","publisher":{"@id":"https:\/\/vosgesinfo.fr\/epinalinfo\/#organization"},"alternateName":"Toute l'actualit\u00e9 d'\u00c9pinal","potentialAction":[{"@type":"SearchAction","target":{"@type":"EntryPoint","urlTemplate":"https:\/\/vosgesinfo.fr\/epinalinfo\/?s={search_term_string}"},"query-input":"required name=search_term_string"}],"inLanguage":"fr-FR"},{"@type":"Organization","@id":"https:\/\/vosgesinfo.fr\/epinalinfo\/#organization","name":"Epinal Info","url":"https:\/\/vosgesinfo.fr\/epinalinfo\/","logo":{"@type":"ImageObject","inLanguage":"fr-FR","@id":"https:\/\/vosgesinfo.fr\/epinalinfo\/#\/schema\/logo\/image\/","url":"https:\/\/vosgesinfo.fr\/app\/uploads\/sites\/3\/2023\/08\/logo-epinalinfos.svg","contentUrl":"https:\/\/vosgesinfo.fr\/app\/uploads\/sites\/3\/2023\/08\/logo-epinalinfos.svg","width":1,"height":1,"caption":"Epinal Info"},"image":{"@id":"https:\/\/vosgesinfo.fr\/epinalinfo\/#\/schema\/logo\/image\/"},"sameAs":["https:\/\/www.facebook.com\/Epinalinfos","https:\/\/x.com\/VosgesInfo88","https:\/\/www.youtube.com\/@vosgesinfo"]},{"@type":"Person","@id":"https:\/\/vosgesinfo.fr\/epinalinfo\/#\/schema\/person\/6f9a650eeea99d969b6c4ab78fccbe81","name":"C.K.","image":{"@type":"ImageObject","inLanguage":"fr-FR","@id":"https:\/\/vosgesinfo.fr\/epinalinfo\/#\/schema\/person\/image\/","url":"https:\/\/secure.gravatar.com\/avatar\/48e3fc7f8421ba8942be6b74a2b7f014ca39bc00dece156b7a8e098ae7dc87bf?s=96&d=mm&r=g","contentUrl":"https:\/\/secure.gravatar.com\/avatar\/48e3fc7f8421ba8942be6b74a2b7f014ca39bc00dece156b7a8e098ae7dc87bf?s=96&d=mm&r=g","caption":"C.K."},"url":"https:\/\/vosgesinfo.fr\/epinalinfo\/author\/celia-k-n\/"}]}},"_links":{"self":[{"href":"https:\/\/vosgesinfo.fr\/epinalinfo\/wp-json\/wp\/v2\/posts\/132766","targetHints":{"allow":["GET"]}}],"collection":[{"href":"https:\/\/vosgesinfo.fr\/epinalinfo\/wp-json\/wp\/v2\/posts"}],"about":[{"href":"https:\/\/vosgesinfo.fr\/epinalinfo\/wp-json\/wp\/v2\/types\/post"}],"author":[{"embeddable":true,"href":"https:\/\/vosgesinfo.fr\/epinalinfo\/wp-json\/wp\/v2\/users\/52"}],"replies":[{"embeddable":true,"href":"https:\/\/vosgesinfo.fr\/epinalinfo\/wp-json\/wp\/v2\/comments?post=132766"}],"version-history":[{"count":1,"href":"https:\/\/vosgesinfo.fr\/epinalinfo\/wp-json\/wp\/v2\/posts\/132766\/revisions"}],"predecessor-version":[{"id":132767,"href":"https:\/\/vosgesinfo.fr\/epinalinfo\/wp-json\/wp\/v2\/posts\/132766\/revisions\/132767"}],"wp:featuredmedia":[{"embeddable":true,"href":"https:\/\/vosgesinfo.fr\/epinalinfo\/wp-json\/wp\/v2\/media\/42213"}],"wp:attachment":[{"href":"https:\/\/vosgesinfo.fr\/epinalinfo\/wp-json\/wp\/v2\/media?parent=132766"}],"wp:term":[{"taxonomy":"category","embeddable":true,"href":"https:\/\/vosgesinfo.fr\/epinalinfo\/wp-json\/wp\/v2\/categories?post=132766"},{"taxonomy":"post_tag","embeddable":true,"href":"https:\/\/vosgesinfo.fr\/epinalinfo\/wp-json\/wp\/v2\/tags?post=132766"}],"curies":[{"name":"wp","href":"https:\/\/api.w.org\/{rel}","templated":true}]}}