{"id":132768,"date":"2025-06-12T13:20:30","date_gmt":"2025-06-12T11:20:30","guid":{"rendered":"https:\/\/vosgesinfo.fr\/epinalinfo\/?p=132768"},"modified":"2025-06-12T13:06:25","modified_gmt":"2025-06-12T11:06:25","slug":"epinal-les-croisieres-sont-de-retour-sur-le-cadet-rousselle","status":"publish","type":"post","link":"https:\/\/vosgesinfo.fr\/epinalinfo\/2025\/06\/epinal-les-croisieres-sont-de-retour-sur-le-cadet-rousselle\/","title":{"rendered":"Epinal : Les croisi\u00e8res sont de retour sur le Cadet Rousselle !"},"content":{"rendered":"<h2 data-start=\"192\" data-end=\"511\"><strong><a href=\"https:\/\/vosgesinfo.fr\/app\/uploads\/sites\/3\/2024\/06\/peniche-cadet-rousselle-epinal-62-scaled.jpg\"><img decoding=\"async\" class=\"aligncenter size-full wp-image-43077\" src=\"https:\/\/vosgesinfo.fr\/app\/uploads\/sites\/3\/2024\/06\/peniche-cadet-rousselle-epinal-62-scaled.jpg\" alt=\"\" width=\"2560\" height=\"1920\" srcset=\"https:\/\/vosgesinfo.fr\/app\/uploads\/sites\/3\/2024\/06\/peniche-cadet-rousselle-epinal-62-scaled.jpg 2560w, https:\/\/vosgesinfo.fr\/app\/uploads\/sites\/3\/2024\/06\/peniche-cadet-rousselle-epinal-62-300x225.jpg 300w, https:\/\/vosgesinfo.fr\/app\/uploads\/sites\/3\/2024\/06\/peniche-cadet-rousselle-epinal-62-1024x768.jpg 1024w, https:\/\/vosgesinfo.fr\/app\/uploads\/sites\/3\/2024\/06\/peniche-cadet-rousselle-epinal-62-768x576.jpg 768w, https:\/\/vosgesinfo.fr\/app\/uploads\/sites\/3\/2024\/06\/peniche-cadet-rousselle-epinal-62-1536x1152.jpg 1536w, https:\/\/vosgesinfo.fr\/app\/uploads\/sites\/3\/2024\/06\/peniche-cadet-rousselle-epinal-62-2048x1536.jpg 2048w\" sizes=\"(max-width: 2560px) 100vw, 2560px\" \/><\/a>Bonne nouvelle pour les amateurs de d\u00e9tente et de d\u00e9couvertes : le Cadet Rousselle reprend du service ! Embarquez pour une croisi\u00e8re ap\u00e9ritive sur les eaux calmes de la Moselle, au d\u00e9part du port d\u2019\u00c9pinal. Un moment suspendu, gourmand et convivial \u00e0 partager entre amis ou en famille.<\/strong><\/h2>\n<p data-start=\"513\" data-end=\"907\">Propri\u00e9t\u00e9 r\u00e9cente de la <strong data-start=\"537\" data-end=\"582\">Communaut\u00e9 d\u2019Agglom\u00e9ration d\u2019\u00c9pinal (CAE)<\/strong>, le bateau promenade <strong data-start=\"604\" data-end=\"623\">Cadet Rousselle<\/strong> a profit\u00e9 de quelques travaux d\u2019entretien, similaires \u00e0 ceux r\u00e9alis\u00e9s sur le deuxi\u00e8me bateau, <strong data-start=\"714\" data-end=\"729\">Le Fontenoy<\/strong>, bas\u00e9 \u00e0 <strong data-start=\"738\" data-end=\"761\">Fontenoy-le-Ch\u00e2teau<\/strong>. R\u00e9sultat : une embarcation pr\u00eate \u00e0 accueillir les passagers dans un cadre confortable et paisible, id\u00e9al pour une \u00e9vasion douce au fil de l\u2019eau.<\/p>\n<h3 data-start=\"909\" data-end=\"955\">Une croisi\u00e8re gourmande et conviviale<\/h3>\n<p data-start=\"957\" data-end=\"1285\">Parmi les formules propos\u00e9es, la croisi\u00e8re ap\u00e9ritive se distingue : \u00e0 bord, d\u00e9gustez de savoureuses <strong data-start=\"1057\" data-end=\"1100\">planches de charcuteries et de fromages<\/strong>, accompagn\u00e9es de boissons locales, dans une ambiance chaleureuse et d\u00e9tendue. C\u2019est l\u2019occasion r\u00eav\u00e9e de vivre un moment de calme, berc\u00e9 par les flots, tout en \u00e9changeant entre proches.<\/p>\n<p data-start=\"1287\" data-end=\"1366\">Mais ce n\u2019est pas tout ! Le Cadet Rousselle propose aussi d\u2019autres formules :<\/p>\n<ul data-start=\"1367\" data-end=\"1615\">\n<li data-start=\"1367\" data-end=\"1420\">\n<p data-start=\"1369\" data-end=\"1420\"><strong data-start=\"1369\" data-end=\"1390\">Croisi\u00e8res brunch<\/strong> pour les l\u00e8ve-t\u00f4t gourmands<\/p>\n<\/li>\n<li data-start=\"1421\" data-end=\"1495\">\n<p data-start=\"1423\" data-end=\"1495\"><strong data-start=\"1423\" data-end=\"1441\">Balades go\u00fbter<\/strong> les mercredis apr\u00e8s-midi, id\u00e9ales pour les familles<\/p>\n<\/li>\n<li data-start=\"1496\" data-end=\"1615\">\n<p data-start=\"1498\" data-end=\"1615\">Et toujours, <strong data-start=\"1511\" data-end=\"1540\">une d\u00e9couverte historique<\/strong> du patrimoine local gr\u00e2ce \u00e0 des <strong data-start=\"1573\" data-end=\"1615\">anecdotes racont\u00e9es au fil du parcours<\/strong><\/p>\n<\/li>\n<\/ul>\n<h3 data-start=\"1617\" data-end=\"1653\">Le patrimoine au fil de l\u2019eau<\/h3>\n<p data-start=\"1655\" data-end=\"1910\">Ces balades fluviales sont bien plus qu\u2019un simple moment de d\u00e9tente : elles offrent un <strong data-start=\"1742\" data-end=\"1778\">regard nouveau sur le territoire<\/strong>, entre nature, patrimoine et histoire locale. Chaque croisi\u00e8re devient ainsi une parenth\u00e8se enchant\u00e9e, o\u00f9 le temps semble ralentir.<\/p>\n<p data-start=\"1912\" data-end=\"2079\">Alors, pr\u00eats \u00e0 larguer les amarres ? Le <strong data-start=\"1952\" data-end=\"1971\">Cadet Rousselle<\/strong> vous attend pour une saison plac\u00e9e sous le signe de la convivialit\u00e9, de la gourmandise et de la d\u00e9couverte.<\/p>\n","protected":false},"excerpt":{"rendered":"<p>Bonne nouvelle pour les amateurs de d\u00e9tente et de d\u00e9couvertes : le Cadet Rousselle reprend du service ! Embarquez pour [&hellip;]<\/p>\n","protected":false},"author":52,"featured_media":43077,"comment_status":"open","ping_status":"open","sticky":false,"template":"","format":"standard","meta":{"footnotes":""},"categories":[22,24],"tags":[],"class_list":["post-132768","post","type-post","status-publish","format-standard","has-post-thumbnail","hentry","category-a-la-une","category-epinal"],"acf":[],"yoast_head":"<!-- This site is optimized with the Yoast SEO plugin v22.5 - https:\/\/yoast.com\/wordpress\/plugins\/seo\/ -->\n<title>Epinal : Les croisi\u00e8res sont de retour sur le Cadet Rousselle ! - Epinal Info<\/title>\n<meta name=\"robots\" content=\"index, follow, max-snippet:-1, max-image-preview:large, max-video-preview:-1\" \/>\n<link rel=\"canonical\" href=\"https:\/\/vosgesinfo.fr\/epinalinfo\/2025\/06\/epinal-les-croisieres-sont-de-retour-sur-le-cadet-rousselle\/\" \/>\n<meta name=\"twitter:card\" content=\"summary_large_image\" \/>\n<meta name=\"twitter:title\" content=\"Epinal : Les croisi\u00e8res sont de retour sur le Cadet Rousselle ! - Epinal Info\" \/>\n<meta name=\"twitter:description\" content=\"Bonne nouvelle pour les amateurs de d\u00e9tente et de d\u00e9couvertes : le Cadet Rousselle reprend du service ! Embarquez pour [&hellip;]\" \/>\n<meta name=\"twitter:image\" content=\"https:\/\/vosgesinfo.fr\/app\/uploads\/sites\/3\/2024\/06\/peniche-cadet-rousselle-epinal-62-scaled.jpg\" \/>\n<meta name=\"twitter:creator\" content=\"@VosgesInfo88\" \/>\n<meta name=\"twitter:site\" content=\"@VosgesInfo88\" \/>\n<meta name=\"twitter:label1\" content=\"\u00c9crit par\" \/>\n\t<meta name=\"twitter:data1\" content=\"C.K.\" \/>\n\t<meta name=\"twitter:label2\" content=\"Dur\u00e9e de lecture estim\u00e9e\" \/>\n\t<meta name=\"twitter:data2\" content=\"2 minutes\" \/>\n<script type=\"application\/ld+json\" class=\"yoast-schema-graph\">{\"@context\":\"https:\/\/schema.org\",\"@graph\":[{\"@type\":\"Article\",\"@id\":\"https:\/\/vosgesinfo.fr\/epinalinfo\/2025\/06\/epinal-les-croisieres-sont-de-retour-sur-le-cadet-rousselle\/#article\",\"isPartOf\":{\"@id\":\"https:\/\/vosgesinfo.fr\/epinalinfo\/2025\/06\/epinal-les-croisieres-sont-de-retour-sur-le-cadet-rousselle\/\"},\"author\":{\"name\":\"C.K.\",\"@id\":\"https:\/\/vosgesinfo.fr\/epinalinfo\/#\/schema\/person\/6f9a650eeea99d969b6c4ab78fccbe81\"},\"headline\":\"Epinal : Les croisi\u00e8res sont de retour sur le Cadet Rousselle !\",\"datePublished\":\"2025-06-12T11:20:30+00:00\",\"dateModified\":\"2025-06-12T11:06:25+00:00\",\"mainEntityOfPage\":{\"@id\":\"https:\/\/vosgesinfo.fr\/epinalinfo\/2025\/06\/epinal-les-croisieres-sont-de-retour-sur-le-cadet-rousselle\/\"},\"wordCount\":324,\"commentCount\":1,\"publisher\":{\"@id\":\"https:\/\/vosgesinfo.fr\/epinalinfo\/#organization\"},\"image\":{\"@id\":\"https:\/\/vosgesinfo.fr\/epinalinfo\/2025\/06\/epinal-les-croisieres-sont-de-retour-sur-le-cadet-rousselle\/#primaryimage\"},\"thumbnailUrl\":\"https:\/\/vosgesinfo.fr\/app\/uploads\/sites\/3\/2024\/06\/peniche-cadet-rousselle-epinal-62-scaled.jpg\",\"articleSection\":[\"A la Une\",\"Epinal\"],\"inLanguage\":\"fr-FR\",\"potentialAction\":[{\"@type\":\"CommentAction\",\"name\":\"Comment\",\"target\":[\"https:\/\/vosgesinfo.fr\/epinalinfo\/2025\/06\/epinal-les-croisieres-sont-de-retour-sur-le-cadet-rousselle\/#respond\"]}]},{\"@type\":\"WebPage\",\"@id\":\"https:\/\/vosgesinfo.fr\/epinalinfo\/2025\/06\/epinal-les-croisieres-sont-de-retour-sur-le-cadet-rousselle\/\",\"url\":\"https:\/\/vosgesinfo.fr\/epinalinfo\/2025\/06\/epinal-les-croisieres-sont-de-retour-sur-le-cadet-rousselle\/\",\"name\":\"Epinal : Les croisi\u00e8res sont de retour sur le Cadet Rousselle ! - Epinal Info\",\"isPartOf\":{\"@id\":\"https:\/\/vosgesinfo.fr\/epinalinfo\/#website\"},\"primaryImageOfPage\":{\"@id\":\"https:\/\/vosgesinfo.fr\/epinalinfo\/2025\/06\/epinal-les-croisieres-sont-de-retour-sur-le-cadet-rousselle\/#primaryimage\"},\"image\":{\"@id\":\"https:\/\/vosgesinfo.fr\/epinalinfo\/2025\/06\/epinal-les-croisieres-sont-de-retour-sur-le-cadet-rousselle\/#primaryimage\"},\"thumbnailUrl\":\"https:\/\/vosgesinfo.fr\/app\/uploads\/sites\/3\/2024\/06\/peniche-cadet-rousselle-epinal-62-scaled.jpg\",\"datePublished\":\"2025-06-12T11:20:30+00:00\",\"dateModified\":\"2025-06-12T11:06:25+00:00\",\"breadcrumb\":{\"@id\":\"https:\/\/vosgesinfo.fr\/epinalinfo\/2025\/06\/epinal-les-croisieres-sont-de-retour-sur-le-cadet-rousselle\/#breadcrumb\"},\"inLanguage\":\"fr-FR\",\"potentialAction\":[{\"@type\":\"ReadAction\",\"target\":[\"https:\/\/vosgesinfo.fr\/epinalinfo\/2025\/06\/epinal-les-croisieres-sont-de-retour-sur-le-cadet-rousselle\/\"]}]},{\"@type\":\"ImageObject\",\"inLanguage\":\"fr-FR\",\"@id\":\"https:\/\/vosgesinfo.fr\/epinalinfo\/2025\/06\/epinal-les-croisieres-sont-de-retour-sur-le-cadet-rousselle\/#primaryimage\",\"url\":\"https:\/\/vosgesinfo.fr\/app\/uploads\/sites\/3\/2024\/06\/peniche-cadet-rousselle-epinal-62-scaled.jpg\",\"contentUrl\":\"https:\/\/vosgesinfo.fr\/app\/uploads\/sites\/3\/2024\/06\/peniche-cadet-rousselle-epinal-62-scaled.jpg\",\"width\":2560,\"height\":1920},{\"@type\":\"BreadcrumbList\",\"@id\":\"https:\/\/vosgesinfo.fr\/epinalinfo\/2025\/06\/epinal-les-croisieres-sont-de-retour-sur-le-cadet-rousselle\/#breadcrumb\",\"itemListElement\":[{\"@type\":\"ListItem\",\"position\":1,\"name\":\"Home\",\"item\":\"https:\/\/vosgesinfo.fr\/epinalinfo\/\"},{\"@type\":\"ListItem\",\"position\":2,\"name\":\"Epinal : Les croisi\u00e8res sont de retour sur le Cadet Rousselle !\"}]},{\"@type\":\"WebSite\",\"@id\":\"https:\/\/vosgesinfo.fr\/epinalinfo\/#website\",\"url\":\"https:\/\/vosgesinfo.fr\/epinalinfo\/\",\"name\":\"Epinal Info\",\"description\":\"Toute l&#039;actualit\u00e9 d&#039;\u00c9pinal\",\"publisher\":{\"@id\":\"https:\/\/vosgesinfo.fr\/epinalinfo\/#organization\"},\"alternateName\":\"Toute l'actualit\u00e9 d'\u00c9pinal\",\"potentialAction\":[{\"@type\":\"SearchAction\",\"target\":{\"@type\":\"EntryPoint\",\"urlTemplate\":\"https:\/\/vosgesinfo.fr\/epinalinfo\/?s={search_term_string}\"},\"query-input\":\"required name=search_term_string\"}],\"inLanguage\":\"fr-FR\"},{\"@type\":\"Organization\",\"@id\":\"https:\/\/vosgesinfo.fr\/epinalinfo\/#organization\",\"name\":\"Epinal Info\",\"url\":\"https:\/\/vosgesinfo.fr\/epinalinfo\/\",\"logo\":{\"@type\":\"ImageObject\",\"inLanguage\":\"fr-FR\",\"@id\":\"https:\/\/vosgesinfo.fr\/epinalinfo\/#\/schema\/logo\/image\/\",\"url\":\"https:\/\/vosgesinfo.fr\/app\/uploads\/sites\/3\/2023\/08\/logo-epinalinfos.svg\",\"contentUrl\":\"https:\/\/vosgesinfo.fr\/app\/uploads\/sites\/3\/2023\/08\/logo-epinalinfos.svg\",\"width\":1,\"height\":1,\"caption\":\"Epinal Info\"},\"image\":{\"@id\":\"https:\/\/vosgesinfo.fr\/epinalinfo\/#\/schema\/logo\/image\/\"},\"sameAs\":[\"https:\/\/www.facebook.com\/Epinalinfos\",\"https:\/\/x.com\/VosgesInfo88\",\"https:\/\/www.youtube.com\/@vosgesinfo\"]},{\"@type\":\"Person\",\"@id\":\"https:\/\/vosgesinfo.fr\/epinalinfo\/#\/schema\/person\/6f9a650eeea99d969b6c4ab78fccbe81\",\"name\":\"C.K.\",\"image\":{\"@type\":\"ImageObject\",\"inLanguage\":\"fr-FR\",\"@id\":\"https:\/\/vosgesinfo.fr\/epinalinfo\/#\/schema\/person\/image\/\",\"url\":\"https:\/\/secure.gravatar.com\/avatar\/48e3fc7f8421ba8942be6b74a2b7f014ca39bc00dece156b7a8e098ae7dc87bf?s=96&d=mm&r=g\",\"contentUrl\":\"https:\/\/secure.gravatar.com\/avatar\/48e3fc7f8421ba8942be6b74a2b7f014ca39bc00dece156b7a8e098ae7dc87bf?s=96&d=mm&r=g\",\"caption\":\"C.K.\"},\"url\":\"https:\/\/vosgesinfo.fr\/epinalinfo\/author\/celia-k-n\/\"}]}<\/script>\n<!-- \/ Yoast SEO plugin. -->","yoast_head_json":{"title":"Epinal : Les croisi\u00e8res sont de retour sur le Cadet Rousselle ! - Epinal Info","robots":{"index":"index","follow":"follow","max-snippet":"max-snippet:-1","max-image-preview":"max-image-preview:large","max-video-preview":"max-video-preview:-1"},"canonical":"https:\/\/vosgesinfo.fr\/epinalinfo\/2025\/06\/epinal-les-croisieres-sont-de-retour-sur-le-cadet-rousselle\/","twitter_card":"summary_large_image","twitter_title":"Epinal : Les croisi\u00e8res sont de retour sur le Cadet Rousselle ! - Epinal Info","twitter_description":"Bonne nouvelle pour les amateurs de d\u00e9tente et de d\u00e9couvertes : le Cadet Rousselle reprend du service ! Embarquez pour [&hellip;]","twitter_image":"https:\/\/vosgesinfo.fr\/app\/uploads\/sites\/3\/2024\/06\/peniche-cadet-rousselle-epinal-62-scaled.jpg","twitter_creator":"@VosgesInfo88","twitter_site":"@VosgesInfo88","twitter_misc":{"\u00c9crit par":"C.K.","Dur\u00e9e de lecture estim\u00e9e":"2 minutes"},"schema":{"@context":"https:\/\/schema.org","@graph":[{"@type":"Article","@id":"https:\/\/vosgesinfo.fr\/epinalinfo\/2025\/06\/epinal-les-croisieres-sont-de-retour-sur-le-cadet-rousselle\/#article","isPartOf":{"@id":"https:\/\/vosgesinfo.fr\/epinalinfo\/2025\/06\/epinal-les-croisieres-sont-de-retour-sur-le-cadet-rousselle\/"},"author":{"name":"C.K.","@id":"https:\/\/vosgesinfo.fr\/epinalinfo\/#\/schema\/person\/6f9a650eeea99d969b6c4ab78fccbe81"},"headline":"Epinal : Les croisi\u00e8res sont de retour sur le Cadet Rousselle !","datePublished":"2025-06-12T11:20:30+00:00","dateModified":"2025-06-12T11:06:25+00:00","mainEntityOfPage":{"@id":"https:\/\/vosgesinfo.fr\/epinalinfo\/2025\/06\/epinal-les-croisieres-sont-de-retour-sur-le-cadet-rousselle\/"},"wordCount":324,"commentCount":1,"publisher":{"@id":"https:\/\/vosgesinfo.fr\/epinalinfo\/#organization"},"image":{"@id":"https:\/\/vosgesinfo.fr\/epinalinfo\/2025\/06\/epinal-les-croisieres-sont-de-retour-sur-le-cadet-rousselle\/#primaryimage"},"thumbnailUrl":"https:\/\/vosgesinfo.fr\/app\/uploads\/sites\/3\/2024\/06\/peniche-cadet-rousselle-epinal-62-scaled.jpg","articleSection":["A la Une","Epinal"],"inLanguage":"fr-FR","potentialAction":[{"@type":"CommentAction","name":"Comment","target":["https:\/\/vosgesinfo.fr\/epinalinfo\/2025\/06\/epinal-les-croisieres-sont-de-retour-sur-le-cadet-rousselle\/#respond"]}]},{"@type":"WebPage","@id":"https:\/\/vosgesinfo.fr\/epinalinfo\/2025\/06\/epinal-les-croisieres-sont-de-retour-sur-le-cadet-rousselle\/","url":"https:\/\/vosgesinfo.fr\/epinalinfo\/2025\/06\/epinal-les-croisieres-sont-de-retour-sur-le-cadet-rousselle\/","name":"Epinal : Les croisi\u00e8res sont de retour sur le Cadet Rousselle ! - Epinal Info","isPartOf":{"@id":"https:\/\/vosgesinfo.fr\/epinalinfo\/#website"},"primaryImageOfPage":{"@id":"https:\/\/vosgesinfo.fr\/epinalinfo\/2025\/06\/epinal-les-croisieres-sont-de-retour-sur-le-cadet-rousselle\/#primaryimage"},"image":{"@id":"https:\/\/vosgesinfo.fr\/epinalinfo\/2025\/06\/epinal-les-croisieres-sont-de-retour-sur-le-cadet-rousselle\/#primaryimage"},"thumbnailUrl":"https:\/\/vosgesinfo.fr\/app\/uploads\/sites\/3\/2024\/06\/peniche-cadet-rousselle-epinal-62-scaled.jpg","datePublished":"2025-06-12T11:20:30+00:00","dateModified":"2025-06-12T11:06:25+00:00","breadcrumb":{"@id":"https:\/\/vosgesinfo.fr\/epinalinfo\/2025\/06\/epinal-les-croisieres-sont-de-retour-sur-le-cadet-rousselle\/#breadcrumb"},"inLanguage":"fr-FR","potentialAction":[{"@type":"ReadAction","target":["https:\/\/vosgesinfo.fr\/epinalinfo\/2025\/06\/epinal-les-croisieres-sont-de-retour-sur-le-cadet-rousselle\/"]}]},{"@type":"ImageObject","inLanguage":"fr-FR","@id":"https:\/\/vosgesinfo.fr\/epinalinfo\/2025\/06\/epinal-les-croisieres-sont-de-retour-sur-le-cadet-rousselle\/#primaryimage","url":"https:\/\/vosgesinfo.fr\/app\/uploads\/sites\/3\/2024\/06\/peniche-cadet-rousselle-epinal-62-scaled.jpg","contentUrl":"https:\/\/vosgesinfo.fr\/app\/uploads\/sites\/3\/2024\/06\/peniche-cadet-rousselle-epinal-62-scaled.jpg","width":2560,"height":1920},{"@type":"BreadcrumbList","@id":"https:\/\/vosgesinfo.fr\/epinalinfo\/2025\/06\/epinal-les-croisieres-sont-de-retour-sur-le-cadet-rousselle\/#breadcrumb","itemListElement":[{"@type":"ListItem","position":1,"name":"Home","item":"https:\/\/vosgesinfo.fr\/epinalinfo\/"},{"@type":"ListItem","position":2,"name":"Epinal : Les croisi\u00e8res sont de retour sur le Cadet Rousselle !"}]},{"@type":"WebSite","@id":"https:\/\/vosgesinfo.fr\/epinalinfo\/#website","url":"https:\/\/vosgesinfo.fr\/epinalinfo\/","name":"Epinal Info","description":"Toute l&#039;actualit\u00e9 d&#039;\u00c9pinal","publisher":{"@id":"https:\/\/vosgesinfo.fr\/epinalinfo\/#organization"},"alternateName":"Toute l'actualit\u00e9 d'\u00c9pinal","potentialAction":[{"@type":"SearchAction","target":{"@type":"EntryPoint","urlTemplate":"https:\/\/vosgesinfo.fr\/epinalinfo\/?s={search_term_string}"},"query-input":"required name=search_term_string"}],"inLanguage":"fr-FR"},{"@type":"Organization","@id":"https:\/\/vosgesinfo.fr\/epinalinfo\/#organization","name":"Epinal Info","url":"https:\/\/vosgesinfo.fr\/epinalinfo\/","logo":{"@type":"ImageObject","inLanguage":"fr-FR","@id":"https:\/\/vosgesinfo.fr\/epinalinfo\/#\/schema\/logo\/image\/","url":"https:\/\/vosgesinfo.fr\/app\/uploads\/sites\/3\/2023\/08\/logo-epinalinfos.svg","contentUrl":"https:\/\/vosgesinfo.fr\/app\/uploads\/sites\/3\/2023\/08\/logo-epinalinfos.svg","width":1,"height":1,"caption":"Epinal Info"},"image":{"@id":"https:\/\/vosgesinfo.fr\/epinalinfo\/#\/schema\/logo\/image\/"},"sameAs":["https:\/\/www.facebook.com\/Epinalinfos","https:\/\/x.com\/VosgesInfo88","https:\/\/www.youtube.com\/@vosgesinfo"]},{"@type":"Person","@id":"https:\/\/vosgesinfo.fr\/epinalinfo\/#\/schema\/person\/6f9a650eeea99d969b6c4ab78fccbe81","name":"C.K.","image":{"@type":"ImageObject","inLanguage":"fr-FR","@id":"https:\/\/vosgesinfo.fr\/epinalinfo\/#\/schema\/person\/image\/","url":"https:\/\/secure.gravatar.com\/avatar\/48e3fc7f8421ba8942be6b74a2b7f014ca39bc00dece156b7a8e098ae7dc87bf?s=96&d=mm&r=g","contentUrl":"https:\/\/secure.gravatar.com\/avatar\/48e3fc7f8421ba8942be6b74a2b7f014ca39bc00dece156b7a8e098ae7dc87bf?s=96&d=mm&r=g","caption":"C.K."},"url":"https:\/\/vosgesinfo.fr\/epinalinfo\/author\/celia-k-n\/"}]}},"_links":{"self":[{"href":"https:\/\/vosgesinfo.fr\/epinalinfo\/wp-json\/wp\/v2\/posts\/132768","targetHints":{"allow":["GET"]}}],"collection":[{"href":"https:\/\/vosgesinfo.fr\/epinalinfo\/wp-json\/wp\/v2\/posts"}],"about":[{"href":"https:\/\/vosgesinfo.fr\/epinalinfo\/wp-json\/wp\/v2\/types\/post"}],"author":[{"embeddable":true,"href":"https:\/\/vosgesinfo.fr\/epinalinfo\/wp-json\/wp\/v2\/users\/52"}],"replies":[{"embeddable":true,"href":"https:\/\/vosgesinfo.fr\/epinalinfo\/wp-json\/wp\/v2\/comments?post=132768"}],"version-history":[{"count":1,"href":"https:\/\/vosgesinfo.fr\/epinalinfo\/wp-json\/wp\/v2\/posts\/132768\/revisions"}],"predecessor-version":[{"id":132769,"href":"https:\/\/vosgesinfo.fr\/epinalinfo\/wp-json\/wp\/v2\/posts\/132768\/revisions\/132769"}],"wp:featuredmedia":[{"embeddable":true,"href":"https:\/\/vosgesinfo.fr\/epinalinfo\/wp-json\/wp\/v2\/media\/43077"}],"wp:attachment":[{"href":"https:\/\/vosgesinfo.fr\/epinalinfo\/wp-json\/wp\/v2\/media?parent=132768"}],"wp:term":[{"taxonomy":"category","embeddable":true,"href":"https:\/\/vosgesinfo.fr\/epinalinfo\/wp-json\/wp\/v2\/categories?post=132768"},{"taxonomy":"post_tag","embeddable":true,"href":"https:\/\/vosgesinfo.fr\/epinalinfo\/wp-json\/wp\/v2\/tags?post=132768"}],"curies":[{"name":"wp","href":"https:\/\/api.w.org\/{rel}","templated":true}]}}