{"id":132770,"date":"2025-06-12T13:25:28","date_gmt":"2025-06-12T11:25:28","guid":{"rendered":"https:\/\/vosgesinfo.fr\/epinalinfo\/?p=132770"},"modified":"2025-06-12T13:12:15","modified_gmt":"2025-06-12T11:12:15","slug":"forteresse-de-chatel-sur-moselle-la-phase-1-des-travaux-est-terminee","status":"publish","type":"post","link":"https:\/\/vosgesinfo.fr\/epinalinfo\/2025\/06\/forteresse-de-chatel-sur-moselle-la-phase-1-des-travaux-est-terminee\/","title":{"rendered":"Forteresse de Ch\u00e2tel-sur-Moselle : la phase 1 des travaux est termin\u00e9e"},"content":{"rendered":"<h2 data-start=\"202\" data-end=\"514\"><a href=\"https:\/\/vosgesinfo.fr\/app\/uploads\/sites\/3\/2024\/05\/forteresse-de-chatel-sur-moselle-vosges-29-scaled.jpg\"><img decoding=\"async\" class=\"aligncenter size-full wp-image-41194\" src=\"https:\/\/vosgesinfo.fr\/app\/uploads\/sites\/3\/2024\/05\/forteresse-de-chatel-sur-moselle-vosges-29-scaled.jpg\" alt=\"\" width=\"2560\" height=\"1920\" srcset=\"https:\/\/vosgesinfo.fr\/app\/uploads\/sites\/3\/2024\/05\/forteresse-de-chatel-sur-moselle-vosges-29-scaled.jpg 2560w, https:\/\/vosgesinfo.fr\/app\/uploads\/sites\/3\/2024\/05\/forteresse-de-chatel-sur-moselle-vosges-29-300x225.jpg 300w, https:\/\/vosgesinfo.fr\/app\/uploads\/sites\/3\/2024\/05\/forteresse-de-chatel-sur-moselle-vosges-29-1024x768.jpg 1024w, https:\/\/vosgesinfo.fr\/app\/uploads\/sites\/3\/2024\/05\/forteresse-de-chatel-sur-moselle-vosges-29-768x576.jpg 768w, https:\/\/vosgesinfo.fr\/app\/uploads\/sites\/3\/2024\/05\/forteresse-de-chatel-sur-moselle-vosges-29-1536x1152.jpg 1536w, https:\/\/vosgesinfo.fr\/app\/uploads\/sites\/3\/2024\/05\/forteresse-de-chatel-sur-moselle-vosges-29-2048x1536.jpg 2048w\" sizes=\"(max-width: 2560px) 100vw, 2560px\" \/><\/a>C\u2019est une \u00e9tape importante pour la <strong data-start=\"237\" data-end=\"273\">valorisation du patrimoine local<\/strong> : la <strong data-start=\"279\" data-end=\"302\">phase 1 des travaux<\/strong> de la Forteresse de Ch\u00e2tel-sur-Moselle est d\u00e9sormais <strong data-start=\"356\" data-end=\"367\">achev\u00e9e<\/strong>. Ce chantier ambitieux visait \u00e0 <strong data-start=\"402\" data-end=\"428\">pr\u00e9server et s\u00e9curiser<\/strong> ce site embl\u00e9matique du Moyen \u00c2ge.<\/h2>\n<p data-start=\"516\" data-end=\"573\">Parmi les r\u00e9alisations majeures de cette premi\u00e8re phase :<\/p>\n<ul data-start=\"574\" data-end=\"732\">\n<li data-start=\"574\" data-end=\"630\">\n<p data-start=\"576\" data-end=\"630\"><strong data-start=\"576\" data-end=\"630\">R\u00e9novation de la terrasse de l\u2019H\u00f4tel de Neufch\u00e2tel<\/strong><\/p>\n<\/li>\n<li data-start=\"631\" data-end=\"732\">\n<p data-start=\"633\" data-end=\"732\"><strong data-start=\"633\" data-end=\"675\">S\u00e9curisation des galeries souterraines<\/strong>, v\u00e9ritables t\u00e9moins de l\u2019ing\u00e9niosit\u00e9 d\u00e9fensive m\u00e9di\u00e9vale<\/p>\n<\/li>\n<\/ul>\n<p data-start=\"734\" data-end=\"1005\">\u00c0 cette occasion, de jeunes \u00e9l\u00e8ves ont \u00e9t\u00e9 invit\u00e9s \u00e0 participer \u00e0 un <strong data-start=\"806\" data-end=\"829\">atelier p\u00e9dagogique<\/strong> autour des <strong data-start=\"841\" data-end=\"864\">syst\u00e8mes de d\u00e9fense<\/strong> et de <strong data-start=\"871\" data-end=\"913\">l\u2019\u00e9quipement des combattants m\u00e9di\u00e9vaux<\/strong>, offrant un lien concret et ludique entre histoire, architecture et savoir-faire ancestral.<\/p>\n<h3 data-start=\"1012\" data-end=\"1043\"><strong data-start=\"1019\" data-end=\"1043\">Cap sur la phase 2 !<\/strong><\/h3>\n<p data-start=\"1045\" data-end=\"1172\">Pas de r\u00e9pit pour ce vaste chantier patrimonial : la <strong data-start=\"1098\" data-end=\"1109\">phase 2<\/strong> d\u00e9marrera prochainement avec de nouveaux objectifs ambitieux :<\/p>\n<p data-start=\"1174\" data-end=\"1402\">\u2022 <strong data-start=\"1176\" data-end=\"1220\">R\u00e9novation de la couverture de l\u2019arsenal<\/strong><br data-start=\"1220\" data-end=\"1223\" \/>\u2022 <strong data-start=\"1225\" data-end=\"1275\">Restauration de la vo\u00fbte de la tour du charbon<\/strong><br data-start=\"1275\" data-end=\"1278\" \/>\u2022 <strong data-start=\"1280\" data-end=\"1325\">Reprise des parements de la courtine nord<\/strong><br data-start=\"1325\" data-end=\"1328\" \/>\u2022 <strong data-start=\"1330\" data-end=\"1366\">Installation d\u2019un bloc sanitaire<\/strong>, pour am\u00e9liorer l\u2019accueil du public<\/p>\n<p data-start=\"1404\" data-end=\"1580\">Ces travaux s\u2019inscrivent dans une <strong data-start=\"1438\" data-end=\"1508\">d\u00e9marche de sauvegarde, de mise en valeur et d\u2019ouverture au public<\/strong> d\u2019un site exceptionnel, \u00e0 la fois riche d\u2019histoire et porteur d\u2019avenir.<\/p>\n<p data-start=\"1404\" data-end=\"1580\">\u00a0La Forteresse de Ch\u00e2tel-sur-Moselle continue ainsi sa mue, pas \u00e0 pas, pierre apr\u00e8s pierre, pour transmettre aux g\u00e9n\u00e9rations futures l\u2019\u00e9clat de son pass\u00e9 m\u00e9di\u00e9val.<\/p>\n","protected":false},"excerpt":{"rendered":"<p>C\u2019est une \u00e9tape importante pour la valorisation du patrimoine local : la phase 1 des travaux de la Forteresse de [&hellip;]<\/p>\n","protected":false},"author":52,"featured_media":41194,"comment_status":"open","ping_status":"open","sticky":false,"template":"","format":"standard","meta":{"footnotes":""},"categories":[22,24],"tags":[],"class_list":["post-132770","post","type-post","status-publish","format-standard","has-post-thumbnail","hentry","category-a-la-une","category-epinal"],"acf":[],"yoast_head":"<!-- This site is optimized with the Yoast SEO plugin v22.5 - https:\/\/yoast.com\/wordpress\/plugins\/seo\/ -->\n<title>Forteresse de Ch\u00e2tel-sur-Moselle : la phase 1 des travaux est termin\u00e9e - Epinal Info<\/title>\n<meta name=\"robots\" content=\"index, follow, max-snippet:-1, max-image-preview:large, max-video-preview:-1\" \/>\n<link rel=\"canonical\" href=\"https:\/\/vosgesinfo.fr\/epinalinfo\/2025\/06\/forteresse-de-chatel-sur-moselle-la-phase-1-des-travaux-est-terminee\/\" \/>\n<meta name=\"twitter:card\" content=\"summary_large_image\" \/>\n<meta name=\"twitter:title\" content=\"Forteresse de Ch\u00e2tel-sur-Moselle : la phase 1 des travaux est termin\u00e9e - Epinal Info\" \/>\n<meta name=\"twitter:description\" content=\"C\u2019est une \u00e9tape importante pour la valorisation du patrimoine local : la phase 1 des travaux de la Forteresse de [&hellip;]\" \/>\n<meta name=\"twitter:image\" content=\"https:\/\/vosgesinfo.fr\/app\/uploads\/sites\/3\/2024\/05\/forteresse-de-chatel-sur-moselle-vosges-29-scaled.jpg\" \/>\n<meta name=\"twitter:creator\" content=\"@VosgesInfo88\" \/>\n<meta name=\"twitter:site\" content=\"@VosgesInfo88\" \/>\n<meta name=\"twitter:label1\" content=\"\u00c9crit par\" \/>\n\t<meta name=\"twitter:data1\" content=\"C.K.\" \/>\n\t<meta name=\"twitter:label2\" content=\"Dur\u00e9e de lecture estim\u00e9e\" \/>\n\t<meta name=\"twitter:data2\" content=\"1 minute\" \/>\n<script type=\"application\/ld+json\" class=\"yoast-schema-graph\">{\"@context\":\"https:\/\/schema.org\",\"@graph\":[{\"@type\":\"Article\",\"@id\":\"https:\/\/vosgesinfo.fr\/epinalinfo\/2025\/06\/forteresse-de-chatel-sur-moselle-la-phase-1-des-travaux-est-terminee\/#article\",\"isPartOf\":{\"@id\":\"https:\/\/vosgesinfo.fr\/epinalinfo\/2025\/06\/forteresse-de-chatel-sur-moselle-la-phase-1-des-travaux-est-terminee\/\"},\"author\":{\"name\":\"C.K.\",\"@id\":\"https:\/\/vosgesinfo.fr\/epinalinfo\/#\/schema\/person\/6f9a650eeea99d969b6c4ab78fccbe81\"},\"headline\":\"Forteresse de Ch\u00e2tel-sur-Moselle : la phase 1 des travaux est termin\u00e9e\",\"datePublished\":\"2025-06-12T11:25:28+00:00\",\"dateModified\":\"2025-06-12T11:12:15+00:00\",\"mainEntityOfPage\":{\"@id\":\"https:\/\/vosgesinfo.fr\/epinalinfo\/2025\/06\/forteresse-de-chatel-sur-moselle-la-phase-1-des-travaux-est-terminee\/\"},\"wordCount\":258,\"commentCount\":0,\"publisher\":{\"@id\":\"https:\/\/vosgesinfo.fr\/epinalinfo\/#organization\"},\"image\":{\"@id\":\"https:\/\/vosgesinfo.fr\/epinalinfo\/2025\/06\/forteresse-de-chatel-sur-moselle-la-phase-1-des-travaux-est-terminee\/#primaryimage\"},\"thumbnailUrl\":\"https:\/\/vosgesinfo.fr\/app\/uploads\/sites\/3\/2024\/05\/forteresse-de-chatel-sur-moselle-vosges-29-scaled.jpg\",\"articleSection\":[\"A la Une\",\"Epinal\"],\"inLanguage\":\"fr-FR\",\"potentialAction\":[{\"@type\":\"CommentAction\",\"name\":\"Comment\",\"target\":[\"https:\/\/vosgesinfo.fr\/epinalinfo\/2025\/06\/forteresse-de-chatel-sur-moselle-la-phase-1-des-travaux-est-terminee\/#respond\"]}]},{\"@type\":\"WebPage\",\"@id\":\"https:\/\/vosgesinfo.fr\/epinalinfo\/2025\/06\/forteresse-de-chatel-sur-moselle-la-phase-1-des-travaux-est-terminee\/\",\"url\":\"https:\/\/vosgesinfo.fr\/epinalinfo\/2025\/06\/forteresse-de-chatel-sur-moselle-la-phase-1-des-travaux-est-terminee\/\",\"name\":\"Forteresse de Ch\u00e2tel-sur-Moselle : la phase 1 des travaux est termin\u00e9e - Epinal Info\",\"isPartOf\":{\"@id\":\"https:\/\/vosgesinfo.fr\/epinalinfo\/#website\"},\"primaryImageOfPage\":{\"@id\":\"https:\/\/vosgesinfo.fr\/epinalinfo\/2025\/06\/forteresse-de-chatel-sur-moselle-la-phase-1-des-travaux-est-terminee\/#primaryimage\"},\"image\":{\"@id\":\"https:\/\/vosgesinfo.fr\/epinalinfo\/2025\/06\/forteresse-de-chatel-sur-moselle-la-phase-1-des-travaux-est-terminee\/#primaryimage\"},\"thumbnailUrl\":\"https:\/\/vosgesinfo.fr\/app\/uploads\/sites\/3\/2024\/05\/forteresse-de-chatel-sur-moselle-vosges-29-scaled.jpg\",\"datePublished\":\"2025-06-12T11:25:28+00:00\",\"dateModified\":\"2025-06-12T11:12:15+00:00\",\"breadcrumb\":{\"@id\":\"https:\/\/vosgesinfo.fr\/epinalinfo\/2025\/06\/forteresse-de-chatel-sur-moselle-la-phase-1-des-travaux-est-terminee\/#breadcrumb\"},\"inLanguage\":\"fr-FR\",\"potentialAction\":[{\"@type\":\"ReadAction\",\"target\":[\"https:\/\/vosgesinfo.fr\/epinalinfo\/2025\/06\/forteresse-de-chatel-sur-moselle-la-phase-1-des-travaux-est-terminee\/\"]}]},{\"@type\":\"ImageObject\",\"inLanguage\":\"fr-FR\",\"@id\":\"https:\/\/vosgesinfo.fr\/epinalinfo\/2025\/06\/forteresse-de-chatel-sur-moselle-la-phase-1-des-travaux-est-terminee\/#primaryimage\",\"url\":\"https:\/\/vosgesinfo.fr\/app\/uploads\/sites\/3\/2024\/05\/forteresse-de-chatel-sur-moselle-vosges-29-scaled.jpg\",\"contentUrl\":\"https:\/\/vosgesinfo.fr\/app\/uploads\/sites\/3\/2024\/05\/forteresse-de-chatel-sur-moselle-vosges-29-scaled.jpg\",\"width\":2560,\"height\":1920},{\"@type\":\"BreadcrumbList\",\"@id\":\"https:\/\/vosgesinfo.fr\/epinalinfo\/2025\/06\/forteresse-de-chatel-sur-moselle-la-phase-1-des-travaux-est-terminee\/#breadcrumb\",\"itemListElement\":[{\"@type\":\"ListItem\",\"position\":1,\"name\":\"Home\",\"item\":\"https:\/\/vosgesinfo.fr\/epinalinfo\/\"},{\"@type\":\"ListItem\",\"position\":2,\"name\":\"Forteresse de Ch\u00e2tel-sur-Moselle : la phase 1 des travaux est termin\u00e9e\"}]},{\"@type\":\"WebSite\",\"@id\":\"https:\/\/vosgesinfo.fr\/epinalinfo\/#website\",\"url\":\"https:\/\/vosgesinfo.fr\/epinalinfo\/\",\"name\":\"Epinal Info\",\"description\":\"Toute l&#039;actualit\u00e9 d&#039;\u00c9pinal\",\"publisher\":{\"@id\":\"https:\/\/vosgesinfo.fr\/epinalinfo\/#organization\"},\"alternateName\":\"Toute l'actualit\u00e9 d'\u00c9pinal\",\"potentialAction\":[{\"@type\":\"SearchAction\",\"target\":{\"@type\":\"EntryPoint\",\"urlTemplate\":\"https:\/\/vosgesinfo.fr\/epinalinfo\/?s={search_term_string}\"},\"query-input\":\"required name=search_term_string\"}],\"inLanguage\":\"fr-FR\"},{\"@type\":\"Organization\",\"@id\":\"https:\/\/vosgesinfo.fr\/epinalinfo\/#organization\",\"name\":\"Epinal Info\",\"url\":\"https:\/\/vosgesinfo.fr\/epinalinfo\/\",\"logo\":{\"@type\":\"ImageObject\",\"inLanguage\":\"fr-FR\",\"@id\":\"https:\/\/vosgesinfo.fr\/epinalinfo\/#\/schema\/logo\/image\/\",\"url\":\"https:\/\/vosgesinfo.fr\/app\/uploads\/sites\/3\/2023\/08\/logo-epinalinfos.svg\",\"contentUrl\":\"https:\/\/vosgesinfo.fr\/app\/uploads\/sites\/3\/2023\/08\/logo-epinalinfos.svg\",\"width\":1,\"height\":1,\"caption\":\"Epinal Info\"},\"image\":{\"@id\":\"https:\/\/vosgesinfo.fr\/epinalinfo\/#\/schema\/logo\/image\/\"},\"sameAs\":[\"https:\/\/www.facebook.com\/Epinalinfos\",\"https:\/\/x.com\/VosgesInfo88\",\"https:\/\/www.youtube.com\/@vosgesinfo\"]},{\"@type\":\"Person\",\"@id\":\"https:\/\/vosgesinfo.fr\/epinalinfo\/#\/schema\/person\/6f9a650eeea99d969b6c4ab78fccbe81\",\"name\":\"C.K.\",\"image\":{\"@type\":\"ImageObject\",\"inLanguage\":\"fr-FR\",\"@id\":\"https:\/\/vosgesinfo.fr\/epinalinfo\/#\/schema\/person\/image\/\",\"url\":\"https:\/\/secure.gravatar.com\/avatar\/48e3fc7f8421ba8942be6b74a2b7f014ca39bc00dece156b7a8e098ae7dc87bf?s=96&d=mm&r=g\",\"contentUrl\":\"https:\/\/secure.gravatar.com\/avatar\/48e3fc7f8421ba8942be6b74a2b7f014ca39bc00dece156b7a8e098ae7dc87bf?s=96&d=mm&r=g\",\"caption\":\"C.K.\"},\"url\":\"https:\/\/vosgesinfo.fr\/epinalinfo\/author\/celia-k-n\/\"}]}<\/script>\n<!-- \/ Yoast SEO plugin. -->","yoast_head_json":{"title":"Forteresse de Ch\u00e2tel-sur-Moselle : la phase 1 des travaux est termin\u00e9e - Epinal Info","robots":{"index":"index","follow":"follow","max-snippet":"max-snippet:-1","max-image-preview":"max-image-preview:large","max-video-preview":"max-video-preview:-1"},"canonical":"https:\/\/vosgesinfo.fr\/epinalinfo\/2025\/06\/forteresse-de-chatel-sur-moselle-la-phase-1-des-travaux-est-terminee\/","twitter_card":"summary_large_image","twitter_title":"Forteresse de Ch\u00e2tel-sur-Moselle : la phase 1 des travaux est termin\u00e9e - Epinal Info","twitter_description":"C\u2019est une \u00e9tape importante pour la valorisation du patrimoine local : la phase 1 des travaux de la Forteresse de [&hellip;]","twitter_image":"https:\/\/vosgesinfo.fr\/app\/uploads\/sites\/3\/2024\/05\/forteresse-de-chatel-sur-moselle-vosges-29-scaled.jpg","twitter_creator":"@VosgesInfo88","twitter_site":"@VosgesInfo88","twitter_misc":{"\u00c9crit par":"C.K.","Dur\u00e9e de lecture estim\u00e9e":"1 minute"},"schema":{"@context":"https:\/\/schema.org","@graph":[{"@type":"Article","@id":"https:\/\/vosgesinfo.fr\/epinalinfo\/2025\/06\/forteresse-de-chatel-sur-moselle-la-phase-1-des-travaux-est-terminee\/#article","isPartOf":{"@id":"https:\/\/vosgesinfo.fr\/epinalinfo\/2025\/06\/forteresse-de-chatel-sur-moselle-la-phase-1-des-travaux-est-terminee\/"},"author":{"name":"C.K.","@id":"https:\/\/vosgesinfo.fr\/epinalinfo\/#\/schema\/person\/6f9a650eeea99d969b6c4ab78fccbe81"},"headline":"Forteresse de Ch\u00e2tel-sur-Moselle : la phase 1 des travaux est termin\u00e9e","datePublished":"2025-06-12T11:25:28+00:00","dateModified":"2025-06-12T11:12:15+00:00","mainEntityOfPage":{"@id":"https:\/\/vosgesinfo.fr\/epinalinfo\/2025\/06\/forteresse-de-chatel-sur-moselle-la-phase-1-des-travaux-est-terminee\/"},"wordCount":258,"commentCount":0,"publisher":{"@id":"https:\/\/vosgesinfo.fr\/epinalinfo\/#organization"},"image":{"@id":"https:\/\/vosgesinfo.fr\/epinalinfo\/2025\/06\/forteresse-de-chatel-sur-moselle-la-phase-1-des-travaux-est-terminee\/#primaryimage"},"thumbnailUrl":"https:\/\/vosgesinfo.fr\/app\/uploads\/sites\/3\/2024\/05\/forteresse-de-chatel-sur-moselle-vosges-29-scaled.jpg","articleSection":["A la Une","Epinal"],"inLanguage":"fr-FR","potentialAction":[{"@type":"CommentAction","name":"Comment","target":["https:\/\/vosgesinfo.fr\/epinalinfo\/2025\/06\/forteresse-de-chatel-sur-moselle-la-phase-1-des-travaux-est-terminee\/#respond"]}]},{"@type":"WebPage","@id":"https:\/\/vosgesinfo.fr\/epinalinfo\/2025\/06\/forteresse-de-chatel-sur-moselle-la-phase-1-des-travaux-est-terminee\/","url":"https:\/\/vosgesinfo.fr\/epinalinfo\/2025\/06\/forteresse-de-chatel-sur-moselle-la-phase-1-des-travaux-est-terminee\/","name":"Forteresse de Ch\u00e2tel-sur-Moselle : la phase 1 des travaux est termin\u00e9e - Epinal Info","isPartOf":{"@id":"https:\/\/vosgesinfo.fr\/epinalinfo\/#website"},"primaryImageOfPage":{"@id":"https:\/\/vosgesinfo.fr\/epinalinfo\/2025\/06\/forteresse-de-chatel-sur-moselle-la-phase-1-des-travaux-est-terminee\/#primaryimage"},"image":{"@id":"https:\/\/vosgesinfo.fr\/epinalinfo\/2025\/06\/forteresse-de-chatel-sur-moselle-la-phase-1-des-travaux-est-terminee\/#primaryimage"},"thumbnailUrl":"https:\/\/vosgesinfo.fr\/app\/uploads\/sites\/3\/2024\/05\/forteresse-de-chatel-sur-moselle-vosges-29-scaled.jpg","datePublished":"2025-06-12T11:25:28+00:00","dateModified":"2025-06-12T11:12:15+00:00","breadcrumb":{"@id":"https:\/\/vosgesinfo.fr\/epinalinfo\/2025\/06\/forteresse-de-chatel-sur-moselle-la-phase-1-des-travaux-est-terminee\/#breadcrumb"},"inLanguage":"fr-FR","potentialAction":[{"@type":"ReadAction","target":["https:\/\/vosgesinfo.fr\/epinalinfo\/2025\/06\/forteresse-de-chatel-sur-moselle-la-phase-1-des-travaux-est-terminee\/"]}]},{"@type":"ImageObject","inLanguage":"fr-FR","@id":"https:\/\/vosgesinfo.fr\/epinalinfo\/2025\/06\/forteresse-de-chatel-sur-moselle-la-phase-1-des-travaux-est-terminee\/#primaryimage","url":"https:\/\/vosgesinfo.fr\/app\/uploads\/sites\/3\/2024\/05\/forteresse-de-chatel-sur-moselle-vosges-29-scaled.jpg","contentUrl":"https:\/\/vosgesinfo.fr\/app\/uploads\/sites\/3\/2024\/05\/forteresse-de-chatel-sur-moselle-vosges-29-scaled.jpg","width":2560,"height":1920},{"@type":"BreadcrumbList","@id":"https:\/\/vosgesinfo.fr\/epinalinfo\/2025\/06\/forteresse-de-chatel-sur-moselle-la-phase-1-des-travaux-est-terminee\/#breadcrumb","itemListElement":[{"@type":"ListItem","position":1,"name":"Home","item":"https:\/\/vosgesinfo.fr\/epinalinfo\/"},{"@type":"ListItem","position":2,"name":"Forteresse de Ch\u00e2tel-sur-Moselle : la phase 1 des travaux est termin\u00e9e"}]},{"@type":"WebSite","@id":"https:\/\/vosgesinfo.fr\/epinalinfo\/#website","url":"https:\/\/vosgesinfo.fr\/epinalinfo\/","name":"Epinal Info","description":"Toute l&#039;actualit\u00e9 d&#039;\u00c9pinal","publisher":{"@id":"https:\/\/vosgesinfo.fr\/epinalinfo\/#organization"},"alternateName":"Toute l'actualit\u00e9 d'\u00c9pinal","potentialAction":[{"@type":"SearchAction","target":{"@type":"EntryPoint","urlTemplate":"https:\/\/vosgesinfo.fr\/epinalinfo\/?s={search_term_string}"},"query-input":"required name=search_term_string"}],"inLanguage":"fr-FR"},{"@type":"Organization","@id":"https:\/\/vosgesinfo.fr\/epinalinfo\/#organization","name":"Epinal Info","url":"https:\/\/vosgesinfo.fr\/epinalinfo\/","logo":{"@type":"ImageObject","inLanguage":"fr-FR","@id":"https:\/\/vosgesinfo.fr\/epinalinfo\/#\/schema\/logo\/image\/","url":"https:\/\/vosgesinfo.fr\/app\/uploads\/sites\/3\/2023\/08\/logo-epinalinfos.svg","contentUrl":"https:\/\/vosgesinfo.fr\/app\/uploads\/sites\/3\/2023\/08\/logo-epinalinfos.svg","width":1,"height":1,"caption":"Epinal Info"},"image":{"@id":"https:\/\/vosgesinfo.fr\/epinalinfo\/#\/schema\/logo\/image\/"},"sameAs":["https:\/\/www.facebook.com\/Epinalinfos","https:\/\/x.com\/VosgesInfo88","https:\/\/www.youtube.com\/@vosgesinfo"]},{"@type":"Person","@id":"https:\/\/vosgesinfo.fr\/epinalinfo\/#\/schema\/person\/6f9a650eeea99d969b6c4ab78fccbe81","name":"C.K.","image":{"@type":"ImageObject","inLanguage":"fr-FR","@id":"https:\/\/vosgesinfo.fr\/epinalinfo\/#\/schema\/person\/image\/","url":"https:\/\/secure.gravatar.com\/avatar\/48e3fc7f8421ba8942be6b74a2b7f014ca39bc00dece156b7a8e098ae7dc87bf?s=96&d=mm&r=g","contentUrl":"https:\/\/secure.gravatar.com\/avatar\/48e3fc7f8421ba8942be6b74a2b7f014ca39bc00dece156b7a8e098ae7dc87bf?s=96&d=mm&r=g","caption":"C.K."},"url":"https:\/\/vosgesinfo.fr\/epinalinfo\/author\/celia-k-n\/"}]}},"_links":{"self":[{"href":"https:\/\/vosgesinfo.fr\/epinalinfo\/wp-json\/wp\/v2\/posts\/132770","targetHints":{"allow":["GET"]}}],"collection":[{"href":"https:\/\/vosgesinfo.fr\/epinalinfo\/wp-json\/wp\/v2\/posts"}],"about":[{"href":"https:\/\/vosgesinfo.fr\/epinalinfo\/wp-json\/wp\/v2\/types\/post"}],"author":[{"embeddable":true,"href":"https:\/\/vosgesinfo.fr\/epinalinfo\/wp-json\/wp\/v2\/users\/52"}],"replies":[{"embeddable":true,"href":"https:\/\/vosgesinfo.fr\/epinalinfo\/wp-json\/wp\/v2\/comments?post=132770"}],"version-history":[{"count":1,"href":"https:\/\/vosgesinfo.fr\/epinalinfo\/wp-json\/wp\/v2\/posts\/132770\/revisions"}],"predecessor-version":[{"id":132771,"href":"https:\/\/vosgesinfo.fr\/epinalinfo\/wp-json\/wp\/v2\/posts\/132770\/revisions\/132771"}],"wp:featuredmedia":[{"embeddable":true,"href":"https:\/\/vosgesinfo.fr\/epinalinfo\/wp-json\/wp\/v2\/media\/41194"}],"wp:attachment":[{"href":"https:\/\/vosgesinfo.fr\/epinalinfo\/wp-json\/wp\/v2\/media?parent=132770"}],"wp:term":[{"taxonomy":"category","embeddable":true,"href":"https:\/\/vosgesinfo.fr\/epinalinfo\/wp-json\/wp\/v2\/categories?post=132770"},{"taxonomy":"post_tag","embeddable":true,"href":"https:\/\/vosgesinfo.fr\/epinalinfo\/wp-json\/wp\/v2\/tags?post=132770"}],"curies":[{"name":"wp","href":"https:\/\/api.w.org\/{rel}","templated":true}]}}