{"id":132782,"date":"2025-06-13T05:59:08","date_gmt":"2025-06-13T03:59:08","guid":{"rendered":"https:\/\/vosgesinfo.fr\/epinalinfo\/?p=132782"},"modified":"2025-06-13T05:59:08","modified_gmt":"2025-06-13T03:59:08","slug":"la-balade-gourmande-musicale-approche-a-grandes-enjambees","status":"publish","type":"post","link":"https:\/\/vosgesinfo.fr\/epinalinfo\/2025\/06\/la-balade-gourmande-musicale-approche-a-grandes-enjambees\/","title":{"rendered":"La Balade Gourmande &#038; Musicale approche \u00e0 grandes enjamb\u00e9es"},"content":{"rendered":"<p><a href=\"https:\/\/vosgesinfo.fr\/app\/uploads\/sites\/6\/2025\/06\/balade-gourmande-2025-gerardmer.jpg\"><img decoding=\"async\" class=\"aligncenter size-large wp-image-79062\" src=\"https:\/\/vosgesinfo.fr\/app\/uploads\/sites\/6\/2025\/06\/balade-gourmande-2025-gerardmer-1024x768.jpg\" alt=\"\" width=\"1024\" height=\"768\" \/><\/a><\/p>\n<p>&nbsp;<\/p>\n<p>La balade gourmande et musicale organis\u00e9e par le Comit\u00e9 des Promenades de G\u00e9rardmer aura lieu le dimanche 29 juin avec pour la premi\u00e8re fois un d\u00e9part depuis le centre-ville de G\u00e9rardmer, plus pr\u00e9cis\u00e9ment depuis la place du 8 mai 1945, plus commun\u00e9ment appel\u00e9e \u00ab\u00a0place march\u00e9\u00a0\u00bb ! L&rsquo;arriv\u00e9e, quant \u00e0 elle, se fera \u00e0 nouveau du c\u00f4t\u00e9 de la Chaume Francis, QG des organisateurs qui vous attendront de pied ferme avec une animation dont pourront \u00e9galement profiter celles et ceux qui n&rsquo;auront pas pu prendre part \u00e0 la marche.<\/p>\n<p><a href=\"https:\/\/vosgesinfo.fr\/app\/uploads\/sites\/6\/2025\/06\/cpvl-affiche-a4-marche-hd-.jpg\"><img decoding=\"async\" class=\"alignright size-medium wp-image-79049\" src=\"https:\/\/vosgesinfo.fr\/app\/uploads\/sites\/6\/2025\/06\/cpvl-affiche-a4-marche-hd--212x300.jpg\" alt=\"\" width=\"212\" height=\"300\" \/><\/a>En effet, \u00e0 partir de 17 h 00, place \u00e0 une soir\u00e9e-concert gratuite et ouverte \u00e0 tous avec un groupe en premi\u00e8re partie et \u00e0 18 h 30, suivi de \u00ab\u00a0Studio 5\u00a0\u00bb qui reprendra des tubes des ann\u00e9es 80 &amp; 80 pendant 2 heures ! Petite cerise sur le g\u00e2teau, une navette gratuite permettra de se rendre sur place \u00e0 la Chaume Francis et d&rsquo;en redescendre en toute s\u00e9curit\u00e9. \u00ab\u00a0On voulait mettre la barre encore un petit peu plus haut cette ann\u00e9e \u00e9tant donn\u00e9 que c&rsquo;est les 150 ans de l&rsquo;Office de Tourisme, et toujours avec cette envie et cet objectif de faire vivre le domaine skiable l&rsquo;\u00e9t\u00e9\u00a0\u00bb r\u00e9sume Jules Honor\u00e9, pr\u00e9sident du comit\u00e9.<\/p>\n<p>&nbsp;<\/p>\n<p><strong>Les d\u00e9parts se feront entre 10 h 30 et 11 h 30, place du march\u00e9.<\/strong><\/p>\n<p><strong>Tarif : 39 \u20ac<\/strong> comprenant un pack du marcheur avec une pochette et un verre qui vous accompagnera tout au long de la balade o\u00f9 vous parcourrez 10 km sur les hauteurs de G\u00e9rardmer et ses environs. 4 plats accompagn\u00e9s de 4 verres de vin vous seront servis, le tout accompagn\u00e9 de 4 groupes de musiques diff\u00e9rents (rock, musique classique, etc.).<\/p>\n<p>Inscriptions via le QR sur l&rsquo;affiche ou par mail : comitedespromenades@gmail.com<\/p>\n<p>Marche ouverte aux animaux et aux enfants (tarif r\u00e9duit pour les enfants).<\/p>\n<p>Attention, places limit\u00e9es. Inscription obligatoire et r\u00e9servation tr\u00e8s vivement conseill\u00e9e !<\/p>\n<p>Retrouvez l&rsquo;\u00e9v\u00e8nement sur Insta et Facebook.<\/p>\n","protected":false},"excerpt":{"rendered":"<p>&nbsp; La balade gourmande et musicale organis\u00e9e par le Comit\u00e9 des Promenades de G\u00e9rardmer aura lieu le dimanche 29 juin [&hellip;]<\/p>\n","protected":false},"author":42,"featured_media":132783,"comment_status":"open","ping_status":"open","sticky":false,"template":"","format":"standard","meta":{"footnotes":""},"categories":[22,24,6056,6057,6055,6155],"tags":[16731,16732,16733],"class_list":["post-132782","post","type-post","status-publish","format-standard","has-post-thumbnail","hentry","category-a-la-une","category-epinal","category-gerardmer","category-la-plaine-des-vosges","category-remiremont","category-saint-die","tag-balade-gourmande","tag-chaume-francis","tag-comite-des-promenades"],"acf":[],"yoast_head":"<!-- This site is optimized with the Yoast SEO plugin v22.5 - https:\/\/yoast.com\/wordpress\/plugins\/seo\/ -->\n<title>La Balade Gourmande &amp; Musicale approche \u00e0 grandes enjamb\u00e9es - Epinal Info<\/title>\n<meta name=\"robots\" content=\"index, follow, max-snippet:-1, max-image-preview:large, max-video-preview:-1\" \/>\n<link rel=\"canonical\" href=\"https:\/\/vosgesinfo.fr\/epinalinfo\/2025\/06\/la-balade-gourmande-musicale-approche-a-grandes-enjambees\/\" \/>\n<meta name=\"twitter:card\" content=\"summary_large_image\" \/>\n<meta name=\"twitter:title\" content=\"La Balade Gourmande &amp; Musicale approche \u00e0 grandes enjamb\u00e9es - Epinal Info\" \/>\n<meta name=\"twitter:description\" content=\"&nbsp; La balade gourmande et musicale organis\u00e9e par le Comit\u00e9 des Promenades de G\u00e9rardmer aura lieu le dimanche 29 juin [&hellip;]\" \/>\n<meta name=\"twitter:image\" content=\"https:\/\/vosgesinfo.fr\/app\/uploads\/sites\/3\/2025\/06\/cpvl-affiche-a4-marche-hd-.jpg\" \/>\n<meta name=\"twitter:creator\" content=\"@VosgesInfo88\" \/>\n<meta name=\"twitter:site\" content=\"@VosgesInfo88\" \/>\n<meta name=\"twitter:label1\" content=\"\u00c9crit par\" \/>\n\t<meta name=\"twitter:data1\" content=\"QG\" \/>\n\t<meta name=\"twitter:label2\" content=\"Dur\u00e9e de lecture estim\u00e9e\" \/>\n\t<meta name=\"twitter:data2\" content=\"2 minutes\" \/>\n<script type=\"application\/ld+json\" class=\"yoast-schema-graph\">{\"@context\":\"https:\/\/schema.org\",\"@graph\":[{\"@type\":\"Article\",\"@id\":\"https:\/\/vosgesinfo.fr\/epinalinfo\/2025\/06\/la-balade-gourmande-musicale-approche-a-grandes-enjambees\/#article\",\"isPartOf\":{\"@id\":\"https:\/\/vosgesinfo.fr\/epinalinfo\/2025\/06\/la-balade-gourmande-musicale-approche-a-grandes-enjambees\/\"},\"author\":{\"name\":\"QG\",\"@id\":\"https:\/\/vosgesinfo.fr\/epinalinfo\/#\/schema\/person\/db5605779a843dad16b5368f3e7613a5\"},\"headline\":\"La Balade Gourmande &#038; Musicale approche \u00e0 grandes enjamb\u00e9es\",\"datePublished\":\"2025-06-13T03:59:08+00:00\",\"dateModified\":\"2025-06-13T03:59:08+00:00\",\"mainEntityOfPage\":{\"@id\":\"https:\/\/vosgesinfo.fr\/epinalinfo\/2025\/06\/la-balade-gourmande-musicale-approche-a-grandes-enjambees\/\"},\"wordCount\":332,\"commentCount\":0,\"publisher\":{\"@id\":\"https:\/\/vosgesinfo.fr\/epinalinfo\/#organization\"},\"image\":{\"@id\":\"https:\/\/vosgesinfo.fr\/epinalinfo\/2025\/06\/la-balade-gourmande-musicale-approche-a-grandes-enjambees\/#primaryimage\"},\"thumbnailUrl\":\"https:\/\/vosgesinfo.fr\/app\/uploads\/sites\/3\/2025\/06\/cpvl-affiche-a4-marche-hd-.jpg\",\"keywords\":[\"balade gourmande\",\"chaume Francis\",\"comit\u00e9 des promenades\"],\"articleSection\":[\"A la Une\",\"Epinal\",\"Gerardmer\",\"La plaine des vosges\",\"Remiremont\",\"Saint-di\u00e9\"],\"inLanguage\":\"fr-FR\",\"potentialAction\":[{\"@type\":\"CommentAction\",\"name\":\"Comment\",\"target\":[\"https:\/\/vosgesinfo.fr\/epinalinfo\/2025\/06\/la-balade-gourmande-musicale-approche-a-grandes-enjambees\/#respond\"]}]},{\"@type\":\"WebPage\",\"@id\":\"https:\/\/vosgesinfo.fr\/epinalinfo\/2025\/06\/la-balade-gourmande-musicale-approche-a-grandes-enjambees\/\",\"url\":\"https:\/\/vosgesinfo.fr\/epinalinfo\/2025\/06\/la-balade-gourmande-musicale-approche-a-grandes-enjambees\/\",\"name\":\"La Balade Gourmande & Musicale approche \u00e0 grandes enjamb\u00e9es - Epinal Info\",\"isPartOf\":{\"@id\":\"https:\/\/vosgesinfo.fr\/epinalinfo\/#website\"},\"primaryImageOfPage\":{\"@id\":\"https:\/\/vosgesinfo.fr\/epinalinfo\/2025\/06\/la-balade-gourmande-musicale-approche-a-grandes-enjambees\/#primaryimage\"},\"image\":{\"@id\":\"https:\/\/vosgesinfo.fr\/epinalinfo\/2025\/06\/la-balade-gourmande-musicale-approche-a-grandes-enjambees\/#primaryimage\"},\"thumbnailUrl\":\"https:\/\/vosgesinfo.fr\/app\/uploads\/sites\/3\/2025\/06\/cpvl-affiche-a4-marche-hd-.jpg\",\"datePublished\":\"2025-06-13T03:59:08+00:00\",\"dateModified\":\"2025-06-13T03:59:08+00:00\",\"breadcrumb\":{\"@id\":\"https:\/\/vosgesinfo.fr\/epinalinfo\/2025\/06\/la-balade-gourmande-musicale-approche-a-grandes-enjambees\/#breadcrumb\"},\"inLanguage\":\"fr-FR\",\"potentialAction\":[{\"@type\":\"ReadAction\",\"target\":[\"https:\/\/vosgesinfo.fr\/epinalinfo\/2025\/06\/la-balade-gourmande-musicale-approche-a-grandes-enjambees\/\"]}]},{\"@type\":\"ImageObject\",\"inLanguage\":\"fr-FR\",\"@id\":\"https:\/\/vosgesinfo.fr\/epinalinfo\/2025\/06\/la-balade-gourmande-musicale-approche-a-grandes-enjambees\/#primaryimage\",\"url\":\"https:\/\/vosgesinfo.fr\/app\/uploads\/sites\/3\/2025\/06\/cpvl-affiche-a4-marche-hd-.jpg\",\"contentUrl\":\"https:\/\/vosgesinfo.fr\/app\/uploads\/sites\/3\/2025\/06\/cpvl-affiche-a4-marche-hd-.jpg\",\"width\":1241,\"height\":1754},{\"@type\":\"BreadcrumbList\",\"@id\":\"https:\/\/vosgesinfo.fr\/epinalinfo\/2025\/06\/la-balade-gourmande-musicale-approche-a-grandes-enjambees\/#breadcrumb\",\"itemListElement\":[{\"@type\":\"ListItem\",\"position\":1,\"name\":\"Home\",\"item\":\"https:\/\/vosgesinfo.fr\/epinalinfo\/\"},{\"@type\":\"ListItem\",\"position\":2,\"name\":\"La Balade Gourmande &#038; Musicale approche \u00e0 grandes enjamb\u00e9es\"}]},{\"@type\":\"WebSite\",\"@id\":\"https:\/\/vosgesinfo.fr\/epinalinfo\/#website\",\"url\":\"https:\/\/vosgesinfo.fr\/epinalinfo\/\",\"name\":\"Epinal Info\",\"description\":\"Toute l&#039;actualit\u00e9 d&#039;\u00c9pinal\",\"publisher\":{\"@id\":\"https:\/\/vosgesinfo.fr\/epinalinfo\/#organization\"},\"alternateName\":\"Toute l'actualit\u00e9 d'\u00c9pinal\",\"potentialAction\":[{\"@type\":\"SearchAction\",\"target\":{\"@type\":\"EntryPoint\",\"urlTemplate\":\"https:\/\/vosgesinfo.fr\/epinalinfo\/?s={search_term_string}\"},\"query-input\":\"required name=search_term_string\"}],\"inLanguage\":\"fr-FR\"},{\"@type\":\"Organization\",\"@id\":\"https:\/\/vosgesinfo.fr\/epinalinfo\/#organization\",\"name\":\"Epinal Info\",\"url\":\"https:\/\/vosgesinfo.fr\/epinalinfo\/\",\"logo\":{\"@type\":\"ImageObject\",\"inLanguage\":\"fr-FR\",\"@id\":\"https:\/\/vosgesinfo.fr\/epinalinfo\/#\/schema\/logo\/image\/\",\"url\":\"https:\/\/vosgesinfo.fr\/app\/uploads\/sites\/3\/2023\/08\/logo-epinalinfos.svg\",\"contentUrl\":\"https:\/\/vosgesinfo.fr\/app\/uploads\/sites\/3\/2023\/08\/logo-epinalinfos.svg\",\"width\":1,\"height\":1,\"caption\":\"Epinal Info\"},\"image\":{\"@id\":\"https:\/\/vosgesinfo.fr\/epinalinfo\/#\/schema\/logo\/image\/\"},\"sameAs\":[\"https:\/\/www.facebook.com\/Epinalinfos\",\"https:\/\/x.com\/VosgesInfo88\",\"https:\/\/www.youtube.com\/@vosgesinfo\"]},{\"@type\":\"Person\",\"@id\":\"https:\/\/vosgesinfo.fr\/epinalinfo\/#\/schema\/person\/db5605779a843dad16b5368f3e7613a5\",\"name\":\"QG\",\"image\":{\"@type\":\"ImageObject\",\"inLanguage\":\"fr-FR\",\"@id\":\"https:\/\/vosgesinfo.fr\/epinalinfo\/#\/schema\/person\/image\/\",\"url\":\"https:\/\/secure.gravatar.com\/avatar\/ea80c42c204b534408512832fde52504ecabb9706bcb6151cf6175e5b64e6793?s=96&d=mm&r=g\",\"contentUrl\":\"https:\/\/secure.gravatar.com\/avatar\/ea80c42c204b534408512832fde52504ecabb9706bcb6151cf6175e5b64e6793?s=96&d=mm&r=g\",\"caption\":\"QG\"},\"url\":\"https:\/\/vosgesinfo.fr\/epinalinfo\/author\/quentin88\/\"}]}<\/script>\n<!-- \/ Yoast SEO plugin. -->","yoast_head_json":{"title":"La Balade Gourmande & Musicale approche \u00e0 grandes enjamb\u00e9es - Epinal Info","robots":{"index":"index","follow":"follow","max-snippet":"max-snippet:-1","max-image-preview":"max-image-preview:large","max-video-preview":"max-video-preview:-1"},"canonical":"https:\/\/vosgesinfo.fr\/epinalinfo\/2025\/06\/la-balade-gourmande-musicale-approche-a-grandes-enjambees\/","twitter_card":"summary_large_image","twitter_title":"La Balade Gourmande & Musicale approche \u00e0 grandes enjamb\u00e9es - Epinal Info","twitter_description":"&nbsp; La balade gourmande et musicale organis\u00e9e par le Comit\u00e9 des Promenades de G\u00e9rardmer aura lieu le dimanche 29 juin [&hellip;]","twitter_image":"https:\/\/vosgesinfo.fr\/app\/uploads\/sites\/3\/2025\/06\/cpvl-affiche-a4-marche-hd-.jpg","twitter_creator":"@VosgesInfo88","twitter_site":"@VosgesInfo88","twitter_misc":{"\u00c9crit par":"QG","Dur\u00e9e de lecture estim\u00e9e":"2 minutes"},"schema":{"@context":"https:\/\/schema.org","@graph":[{"@type":"Article","@id":"https:\/\/vosgesinfo.fr\/epinalinfo\/2025\/06\/la-balade-gourmande-musicale-approche-a-grandes-enjambees\/#article","isPartOf":{"@id":"https:\/\/vosgesinfo.fr\/epinalinfo\/2025\/06\/la-balade-gourmande-musicale-approche-a-grandes-enjambees\/"},"author":{"name":"QG","@id":"https:\/\/vosgesinfo.fr\/epinalinfo\/#\/schema\/person\/db5605779a843dad16b5368f3e7613a5"},"headline":"La Balade Gourmande &#038; Musicale approche \u00e0 grandes enjamb\u00e9es","datePublished":"2025-06-13T03:59:08+00:00","dateModified":"2025-06-13T03:59:08+00:00","mainEntityOfPage":{"@id":"https:\/\/vosgesinfo.fr\/epinalinfo\/2025\/06\/la-balade-gourmande-musicale-approche-a-grandes-enjambees\/"},"wordCount":332,"commentCount":0,"publisher":{"@id":"https:\/\/vosgesinfo.fr\/epinalinfo\/#organization"},"image":{"@id":"https:\/\/vosgesinfo.fr\/epinalinfo\/2025\/06\/la-balade-gourmande-musicale-approche-a-grandes-enjambees\/#primaryimage"},"thumbnailUrl":"https:\/\/vosgesinfo.fr\/app\/uploads\/sites\/3\/2025\/06\/cpvl-affiche-a4-marche-hd-.jpg","keywords":["balade gourmande","chaume Francis","comit\u00e9 des promenades"],"articleSection":["A la Une","Epinal","Gerardmer","La plaine des vosges","Remiremont","Saint-di\u00e9"],"inLanguage":"fr-FR","potentialAction":[{"@type":"CommentAction","name":"Comment","target":["https:\/\/vosgesinfo.fr\/epinalinfo\/2025\/06\/la-balade-gourmande-musicale-approche-a-grandes-enjambees\/#respond"]}]},{"@type":"WebPage","@id":"https:\/\/vosgesinfo.fr\/epinalinfo\/2025\/06\/la-balade-gourmande-musicale-approche-a-grandes-enjambees\/","url":"https:\/\/vosgesinfo.fr\/epinalinfo\/2025\/06\/la-balade-gourmande-musicale-approche-a-grandes-enjambees\/","name":"La Balade Gourmande & Musicale approche \u00e0 grandes enjamb\u00e9es - Epinal Info","isPartOf":{"@id":"https:\/\/vosgesinfo.fr\/epinalinfo\/#website"},"primaryImageOfPage":{"@id":"https:\/\/vosgesinfo.fr\/epinalinfo\/2025\/06\/la-balade-gourmande-musicale-approche-a-grandes-enjambees\/#primaryimage"},"image":{"@id":"https:\/\/vosgesinfo.fr\/epinalinfo\/2025\/06\/la-balade-gourmande-musicale-approche-a-grandes-enjambees\/#primaryimage"},"thumbnailUrl":"https:\/\/vosgesinfo.fr\/app\/uploads\/sites\/3\/2025\/06\/cpvl-affiche-a4-marche-hd-.jpg","datePublished":"2025-06-13T03:59:08+00:00","dateModified":"2025-06-13T03:59:08+00:00","breadcrumb":{"@id":"https:\/\/vosgesinfo.fr\/epinalinfo\/2025\/06\/la-balade-gourmande-musicale-approche-a-grandes-enjambees\/#breadcrumb"},"inLanguage":"fr-FR","potentialAction":[{"@type":"ReadAction","target":["https:\/\/vosgesinfo.fr\/epinalinfo\/2025\/06\/la-balade-gourmande-musicale-approche-a-grandes-enjambees\/"]}]},{"@type":"ImageObject","inLanguage":"fr-FR","@id":"https:\/\/vosgesinfo.fr\/epinalinfo\/2025\/06\/la-balade-gourmande-musicale-approche-a-grandes-enjambees\/#primaryimage","url":"https:\/\/vosgesinfo.fr\/app\/uploads\/sites\/3\/2025\/06\/cpvl-affiche-a4-marche-hd-.jpg","contentUrl":"https:\/\/vosgesinfo.fr\/app\/uploads\/sites\/3\/2025\/06\/cpvl-affiche-a4-marche-hd-.jpg","width":1241,"height":1754},{"@type":"BreadcrumbList","@id":"https:\/\/vosgesinfo.fr\/epinalinfo\/2025\/06\/la-balade-gourmande-musicale-approche-a-grandes-enjambees\/#breadcrumb","itemListElement":[{"@type":"ListItem","position":1,"name":"Home","item":"https:\/\/vosgesinfo.fr\/epinalinfo\/"},{"@type":"ListItem","position":2,"name":"La Balade Gourmande &#038; Musicale approche \u00e0 grandes enjamb\u00e9es"}]},{"@type":"WebSite","@id":"https:\/\/vosgesinfo.fr\/epinalinfo\/#website","url":"https:\/\/vosgesinfo.fr\/epinalinfo\/","name":"Epinal Info","description":"Toute l&#039;actualit\u00e9 d&#039;\u00c9pinal","publisher":{"@id":"https:\/\/vosgesinfo.fr\/epinalinfo\/#organization"},"alternateName":"Toute l'actualit\u00e9 d'\u00c9pinal","potentialAction":[{"@type":"SearchAction","target":{"@type":"EntryPoint","urlTemplate":"https:\/\/vosgesinfo.fr\/epinalinfo\/?s={search_term_string}"},"query-input":"required name=search_term_string"}],"inLanguage":"fr-FR"},{"@type":"Organization","@id":"https:\/\/vosgesinfo.fr\/epinalinfo\/#organization","name":"Epinal Info","url":"https:\/\/vosgesinfo.fr\/epinalinfo\/","logo":{"@type":"ImageObject","inLanguage":"fr-FR","@id":"https:\/\/vosgesinfo.fr\/epinalinfo\/#\/schema\/logo\/image\/","url":"https:\/\/vosgesinfo.fr\/app\/uploads\/sites\/3\/2023\/08\/logo-epinalinfos.svg","contentUrl":"https:\/\/vosgesinfo.fr\/app\/uploads\/sites\/3\/2023\/08\/logo-epinalinfos.svg","width":1,"height":1,"caption":"Epinal Info"},"image":{"@id":"https:\/\/vosgesinfo.fr\/epinalinfo\/#\/schema\/logo\/image\/"},"sameAs":["https:\/\/www.facebook.com\/Epinalinfos","https:\/\/x.com\/VosgesInfo88","https:\/\/www.youtube.com\/@vosgesinfo"]},{"@type":"Person","@id":"https:\/\/vosgesinfo.fr\/epinalinfo\/#\/schema\/person\/db5605779a843dad16b5368f3e7613a5","name":"QG","image":{"@type":"ImageObject","inLanguage":"fr-FR","@id":"https:\/\/vosgesinfo.fr\/epinalinfo\/#\/schema\/person\/image\/","url":"https:\/\/secure.gravatar.com\/avatar\/ea80c42c204b534408512832fde52504ecabb9706bcb6151cf6175e5b64e6793?s=96&d=mm&r=g","contentUrl":"https:\/\/secure.gravatar.com\/avatar\/ea80c42c204b534408512832fde52504ecabb9706bcb6151cf6175e5b64e6793?s=96&d=mm&r=g","caption":"QG"},"url":"https:\/\/vosgesinfo.fr\/epinalinfo\/author\/quentin88\/"}]}},"_links":{"self":[{"href":"https:\/\/vosgesinfo.fr\/epinalinfo\/wp-json\/wp\/v2\/posts\/132782","targetHints":{"allow":["GET"]}}],"collection":[{"href":"https:\/\/vosgesinfo.fr\/epinalinfo\/wp-json\/wp\/v2\/posts"}],"about":[{"href":"https:\/\/vosgesinfo.fr\/epinalinfo\/wp-json\/wp\/v2\/types\/post"}],"author":[{"embeddable":true,"href":"https:\/\/vosgesinfo.fr\/epinalinfo\/wp-json\/wp\/v2\/users\/42"}],"replies":[{"embeddable":true,"href":"https:\/\/vosgesinfo.fr\/epinalinfo\/wp-json\/wp\/v2\/comments?post=132782"}],"version-history":[{"count":0,"href":"https:\/\/vosgesinfo.fr\/epinalinfo\/wp-json\/wp\/v2\/posts\/132782\/revisions"}],"wp:featuredmedia":[{"embeddable":true,"href":"https:\/\/vosgesinfo.fr\/epinalinfo\/wp-json\/wp\/v2\/media\/132783"}],"wp:attachment":[{"href":"https:\/\/vosgesinfo.fr\/epinalinfo\/wp-json\/wp\/v2\/media?parent=132782"}],"wp:term":[{"taxonomy":"category","embeddable":true,"href":"https:\/\/vosgesinfo.fr\/epinalinfo\/wp-json\/wp\/v2\/categories?post=132782"},{"taxonomy":"post_tag","embeddable":true,"href":"https:\/\/vosgesinfo.fr\/epinalinfo\/wp-json\/wp\/v2\/tags?post=132782"}],"curies":[{"name":"wp","href":"https:\/\/api.w.org\/{rel}","templated":true}]}}