{"id":133034,"date":"2025-06-19T15:10:36","date_gmt":"2025-06-19T13:10:36","guid":{"rendered":"https:\/\/vosgesinfo.fr\/epinalinfo\/?p=133034"},"modified":"2025-06-19T15:00:24","modified_gmt":"2025-06-19T13:00:24","slug":"le-bois-au-coeur-de-leconomie-circulaire-une-matinee-dechanges-a-rambervillers","status":"publish","type":"post","link":"https:\/\/vosgesinfo.fr\/epinalinfo\/2025\/06\/le-bois-au-coeur-de-leconomie-circulaire-une-matinee-dechanges-a-rambervillers\/","title":{"rendered":"Le bois au c\u0153ur de l\u2019\u00e9conomie circulaire : une matin\u00e9e d\u2019\u00e9changes \u00e0 Rambervillers"},"content":{"rendered":"<h2 data-start=\"158\" data-end=\"477\"><strong><a href=\"https:\/\/vosgesinfo.fr\/app\/uploads\/sites\/3\/2024\/09\/bois.jpg\"><img decoding=\"async\" class=\"aligncenter size-full wp-image-122244\" src=\"https:\/\/vosgesinfo.fr\/app\/uploads\/sites\/3\/2024\/09\/bois.jpg\" alt=\"\" width=\"960\" height=\"640\" srcset=\"https:\/\/vosgesinfo.fr\/app\/uploads\/sites\/3\/2024\/09\/bois.jpg 960w, https:\/\/vosgesinfo.fr\/app\/uploads\/sites\/3\/2024\/09\/bois-300x200.jpg 300w, https:\/\/vosgesinfo.fr\/app\/uploads\/sites\/3\/2024\/09\/bois-768x512.jpg 768w\" sizes=\"(max-width: 960px) 100vw, 960px\" \/><\/a>La Communaut\u00e9 de communes de la R\u00e9gion de Rambervillers et l\u2019agence Vosges&amp;co, en partenariat avec l\u2019industriel EGGER et la R\u00e9gion Grand Est, organisent une matin\u00e9e d\u2019\u00e9changes autour du r\u00f4le du bois dans l\u2019\u00e9conomie circulaire, dans le cadre du programme <em data-start=\"449\" data-end=\"474\">Territoires d\u2019industrie<\/em>.<\/strong><\/h2>\n<p data-start=\"479\" data-end=\"797\">Accueilli sur le site de production EGGER \u00e0 Rambervillers, cet \u00e9v\u00e9nement r\u00e9unit \u00e9lus, industriels, \u00e9co-organismes et acteurs de la fili\u00e8re for\u00eat-bois du Grand Est. L\u2019objectif : mettre en lumi\u00e8re les solutions concr\u00e8tes que le secteur bois peut apporter pour r\u00e9pondre aux enjeux environnementaux et \u00e9conomiques actuels.<\/p>\n<h3 data-start=\"799\" data-end=\"879\"><strong data-start=\"803\" data-end=\"879\">Bois et \u00e9conomie circulaire : un enjeu strat\u00e9gique pour la d\u00e9carbonation<\/strong><\/h3>\n<p data-start=\"881\" data-end=\"1335\">Dans un contexte de lutte contre le changement climatique, la d\u00e9carbonation de l\u2019\u00e9conomie devient une priorit\u00e9 partag\u00e9e entre acteurs publics et priv\u00e9s. Le recyclage du bois, ressource renouvelable par excellence, s\u2019impose comme une strat\u00e9gie cl\u00e9. Trier, valoriser et int\u00e9grer les d\u00e9chets bois dans de nouveaux produits permet de prolonger leur cycle de vie, de r\u00e9duire la consommation de ressources vierges et de diminuer l\u2019empreinte carbone du secteur.<\/p>\n<h3 data-start=\"1337\" data-end=\"1436\"><strong data-start=\"1341\" data-end=\"1436\">EGGER et SERFIM : une alliance industrielle pour une valorisation renforc\u00e9e du bois recycl\u00e9<\/strong><\/h3>\n<p data-start=\"1438\" data-end=\"1789\">L\u2019entreprise EGGER, implant\u00e9e \u00e0 Rambervillers, illustre parfaitement cette dynamique. Elle int\u00e8gre d\u00e9j\u00e0 du bois recycl\u00e9 dans la fabrication de ses panneaux, participant activement \u00e0 une boucle vertueuse de production. \u00c0 l\u2019occasion de cette matin\u00e9e, une visite du site permettra de d\u00e9couvrir les \u00e9tapes de ce processus industriel d\u2019\u00e9conomie circulaire.<\/p>\n<p data-start=\"1791\" data-end=\"2192\">Un temps fort de l\u2019\u00e9v\u00e9nement sera la pr\u00e9sentation du projet commun entre EGGER et son partenaire SERFIM : la cr\u00e9ation d\u2019une nouvelle unit\u00e9 de tri et de traitement de bois recycl\u00e9. Cette infrastructure innovante vise \u00e0 augmenter la part de bois recycl\u00e9 utilis\u00e9e dans les panneaux, passant de 40 % \u00e0 60 % du volume total de bois transform\u00e9. Un pas significatif vers un mod\u00e8le de production plus durable.<\/p>\n","protected":false},"excerpt":{"rendered":"<p>La Communaut\u00e9 de communes de la R\u00e9gion de Rambervillers et l\u2019agence Vosges&amp;co, en partenariat avec l\u2019industriel EGGER et la R\u00e9gion [&hellip;]<\/p>\n","protected":false},"author":52,"featured_media":122244,"comment_status":"open","ping_status":"open","sticky":false,"template":"","format":"standard","meta":{"footnotes":""},"categories":[22,5],"tags":[],"class_list":["post-133034","post","type-post","status-publish","format-standard","has-post-thumbnail","hentry","category-a-la-une","category-vosges"],"acf":[],"yoast_head":"<!-- This site is optimized with the Yoast SEO plugin v22.5 - https:\/\/yoast.com\/wordpress\/plugins\/seo\/ -->\n<title>Le bois au c\u0153ur de l\u2019\u00e9conomie circulaire : une matin\u00e9e d\u2019\u00e9changes \u00e0 Rambervillers - Epinal Info<\/title>\n<meta name=\"robots\" content=\"index, follow, max-snippet:-1, max-image-preview:large, max-video-preview:-1\" \/>\n<link rel=\"canonical\" href=\"https:\/\/vosgesinfo.fr\/epinalinfo\/2025\/06\/le-bois-au-coeur-de-leconomie-circulaire-une-matinee-dechanges-a-rambervillers\/\" \/>\n<meta name=\"twitter:card\" content=\"summary_large_image\" \/>\n<meta name=\"twitter:title\" content=\"Le bois au c\u0153ur de l\u2019\u00e9conomie circulaire : une matin\u00e9e d\u2019\u00e9changes \u00e0 Rambervillers - Epinal Info\" \/>\n<meta name=\"twitter:description\" content=\"La Communaut\u00e9 de communes de la R\u00e9gion de Rambervillers et l\u2019agence Vosges&amp;co, en partenariat avec l\u2019industriel EGGER et la R\u00e9gion [&hellip;]\" \/>\n<meta name=\"twitter:image\" content=\"https:\/\/vosgesinfo.fr\/app\/uploads\/sites\/3\/2024\/09\/bois.jpg\" \/>\n<meta name=\"twitter:creator\" content=\"@VosgesInfo88\" \/>\n<meta name=\"twitter:site\" content=\"@VosgesInfo88\" \/>\n<meta name=\"twitter:label1\" content=\"\u00c9crit par\" \/>\n\t<meta name=\"twitter:data1\" content=\"C.K.\" \/>\n\t<meta name=\"twitter:label2\" content=\"Dur\u00e9e de lecture estim\u00e9e\" \/>\n\t<meta name=\"twitter:data2\" content=\"2 minutes\" \/>\n<script type=\"application\/ld+json\" class=\"yoast-schema-graph\">{\"@context\":\"https:\/\/schema.org\",\"@graph\":[{\"@type\":\"Article\",\"@id\":\"https:\/\/vosgesinfo.fr\/epinalinfo\/2025\/06\/le-bois-au-coeur-de-leconomie-circulaire-une-matinee-dechanges-a-rambervillers\/#article\",\"isPartOf\":{\"@id\":\"https:\/\/vosgesinfo.fr\/epinalinfo\/2025\/06\/le-bois-au-coeur-de-leconomie-circulaire-une-matinee-dechanges-a-rambervillers\/\"},\"author\":{\"name\":\"C.K.\",\"@id\":\"https:\/\/vosgesinfo.fr\/epinalinfo\/#\/schema\/person\/6f9a650eeea99d969b6c4ab78fccbe81\"},\"headline\":\"Le bois au c\u0153ur de l\u2019\u00e9conomie circulaire : une matin\u00e9e d\u2019\u00e9changes \u00e0 Rambervillers\",\"datePublished\":\"2025-06-19T13:10:36+00:00\",\"dateModified\":\"2025-06-19T13:00:24+00:00\",\"mainEntityOfPage\":{\"@id\":\"https:\/\/vosgesinfo.fr\/epinalinfo\/2025\/06\/le-bois-au-coeur-de-leconomie-circulaire-une-matinee-dechanges-a-rambervillers\/\"},\"wordCount\":345,\"commentCount\":0,\"publisher\":{\"@id\":\"https:\/\/vosgesinfo.fr\/epinalinfo\/#organization\"},\"image\":{\"@id\":\"https:\/\/vosgesinfo.fr\/epinalinfo\/2025\/06\/le-bois-au-coeur-de-leconomie-circulaire-une-matinee-dechanges-a-rambervillers\/#primaryimage\"},\"thumbnailUrl\":\"https:\/\/vosgesinfo.fr\/app\/uploads\/sites\/3\/2024\/09\/bois.jpg\",\"articleSection\":[\"A la Une\",\"Vosges\"],\"inLanguage\":\"fr-FR\",\"potentialAction\":[{\"@type\":\"CommentAction\",\"name\":\"Comment\",\"target\":[\"https:\/\/vosgesinfo.fr\/epinalinfo\/2025\/06\/le-bois-au-coeur-de-leconomie-circulaire-une-matinee-dechanges-a-rambervillers\/#respond\"]}]},{\"@type\":\"WebPage\",\"@id\":\"https:\/\/vosgesinfo.fr\/epinalinfo\/2025\/06\/le-bois-au-coeur-de-leconomie-circulaire-une-matinee-dechanges-a-rambervillers\/\",\"url\":\"https:\/\/vosgesinfo.fr\/epinalinfo\/2025\/06\/le-bois-au-coeur-de-leconomie-circulaire-une-matinee-dechanges-a-rambervillers\/\",\"name\":\"Le bois au c\u0153ur de l\u2019\u00e9conomie circulaire : une matin\u00e9e d\u2019\u00e9changes \u00e0 Rambervillers - Epinal Info\",\"isPartOf\":{\"@id\":\"https:\/\/vosgesinfo.fr\/epinalinfo\/#website\"},\"primaryImageOfPage\":{\"@id\":\"https:\/\/vosgesinfo.fr\/epinalinfo\/2025\/06\/le-bois-au-coeur-de-leconomie-circulaire-une-matinee-dechanges-a-rambervillers\/#primaryimage\"},\"image\":{\"@id\":\"https:\/\/vosgesinfo.fr\/epinalinfo\/2025\/06\/le-bois-au-coeur-de-leconomie-circulaire-une-matinee-dechanges-a-rambervillers\/#primaryimage\"},\"thumbnailUrl\":\"https:\/\/vosgesinfo.fr\/app\/uploads\/sites\/3\/2024\/09\/bois.jpg\",\"datePublished\":\"2025-06-19T13:10:36+00:00\",\"dateModified\":\"2025-06-19T13:00:24+00:00\",\"breadcrumb\":{\"@id\":\"https:\/\/vosgesinfo.fr\/epinalinfo\/2025\/06\/le-bois-au-coeur-de-leconomie-circulaire-une-matinee-dechanges-a-rambervillers\/#breadcrumb\"},\"inLanguage\":\"fr-FR\",\"potentialAction\":[{\"@type\":\"ReadAction\",\"target\":[\"https:\/\/vosgesinfo.fr\/epinalinfo\/2025\/06\/le-bois-au-coeur-de-leconomie-circulaire-une-matinee-dechanges-a-rambervillers\/\"]}]},{\"@type\":\"ImageObject\",\"inLanguage\":\"fr-FR\",\"@id\":\"https:\/\/vosgesinfo.fr\/epinalinfo\/2025\/06\/le-bois-au-coeur-de-leconomie-circulaire-une-matinee-dechanges-a-rambervillers\/#primaryimage\",\"url\":\"https:\/\/vosgesinfo.fr\/app\/uploads\/sites\/3\/2024\/09\/bois.jpg\",\"contentUrl\":\"https:\/\/vosgesinfo.fr\/app\/uploads\/sites\/3\/2024\/09\/bois.jpg\",\"width\":960,\"height\":640},{\"@type\":\"BreadcrumbList\",\"@id\":\"https:\/\/vosgesinfo.fr\/epinalinfo\/2025\/06\/le-bois-au-coeur-de-leconomie-circulaire-une-matinee-dechanges-a-rambervillers\/#breadcrumb\",\"itemListElement\":[{\"@type\":\"ListItem\",\"position\":1,\"name\":\"Home\",\"item\":\"https:\/\/vosgesinfo.fr\/epinalinfo\/\"},{\"@type\":\"ListItem\",\"position\":2,\"name\":\"Le bois au c\u0153ur de l\u2019\u00e9conomie circulaire : une matin\u00e9e d\u2019\u00e9changes \u00e0 Rambervillers\"}]},{\"@type\":\"WebSite\",\"@id\":\"https:\/\/vosgesinfo.fr\/epinalinfo\/#website\",\"url\":\"https:\/\/vosgesinfo.fr\/epinalinfo\/\",\"name\":\"Epinal Info\",\"description\":\"Toute l&#039;actualit\u00e9 d&#039;\u00c9pinal\",\"publisher\":{\"@id\":\"https:\/\/vosgesinfo.fr\/epinalinfo\/#organization\"},\"alternateName\":\"Toute l'actualit\u00e9 d'\u00c9pinal\",\"potentialAction\":[{\"@type\":\"SearchAction\",\"target\":{\"@type\":\"EntryPoint\",\"urlTemplate\":\"https:\/\/vosgesinfo.fr\/epinalinfo\/?s={search_term_string}\"},\"query-input\":\"required name=search_term_string\"}],\"inLanguage\":\"fr-FR\"},{\"@type\":\"Organization\",\"@id\":\"https:\/\/vosgesinfo.fr\/epinalinfo\/#organization\",\"name\":\"Epinal Info\",\"url\":\"https:\/\/vosgesinfo.fr\/epinalinfo\/\",\"logo\":{\"@type\":\"ImageObject\",\"inLanguage\":\"fr-FR\",\"@id\":\"https:\/\/vosgesinfo.fr\/epinalinfo\/#\/schema\/logo\/image\/\",\"url\":\"https:\/\/vosgesinfo.fr\/app\/uploads\/sites\/3\/2023\/08\/logo-epinalinfos.svg\",\"contentUrl\":\"https:\/\/vosgesinfo.fr\/app\/uploads\/sites\/3\/2023\/08\/logo-epinalinfos.svg\",\"width\":1,\"height\":1,\"caption\":\"Epinal Info\"},\"image\":{\"@id\":\"https:\/\/vosgesinfo.fr\/epinalinfo\/#\/schema\/logo\/image\/\"},\"sameAs\":[\"https:\/\/www.facebook.com\/Epinalinfos\",\"https:\/\/x.com\/VosgesInfo88\",\"https:\/\/www.youtube.com\/@vosgesinfo\"]},{\"@type\":\"Person\",\"@id\":\"https:\/\/vosgesinfo.fr\/epinalinfo\/#\/schema\/person\/6f9a650eeea99d969b6c4ab78fccbe81\",\"name\":\"C.K.\",\"image\":{\"@type\":\"ImageObject\",\"inLanguage\":\"fr-FR\",\"@id\":\"https:\/\/vosgesinfo.fr\/epinalinfo\/#\/schema\/person\/image\/\",\"url\":\"https:\/\/secure.gravatar.com\/avatar\/48e3fc7f8421ba8942be6b74a2b7f014ca39bc00dece156b7a8e098ae7dc87bf?s=96&d=mm&r=g\",\"contentUrl\":\"https:\/\/secure.gravatar.com\/avatar\/48e3fc7f8421ba8942be6b74a2b7f014ca39bc00dece156b7a8e098ae7dc87bf?s=96&d=mm&r=g\",\"caption\":\"C.K.\"},\"url\":\"https:\/\/vosgesinfo.fr\/epinalinfo\/author\/celia-k-n\/\"}]}<\/script>\n<!-- \/ Yoast SEO plugin. -->","yoast_head_json":{"title":"Le bois au c\u0153ur de l\u2019\u00e9conomie circulaire : une matin\u00e9e d\u2019\u00e9changes \u00e0 Rambervillers - Epinal Info","robots":{"index":"index","follow":"follow","max-snippet":"max-snippet:-1","max-image-preview":"max-image-preview:large","max-video-preview":"max-video-preview:-1"},"canonical":"https:\/\/vosgesinfo.fr\/epinalinfo\/2025\/06\/le-bois-au-coeur-de-leconomie-circulaire-une-matinee-dechanges-a-rambervillers\/","twitter_card":"summary_large_image","twitter_title":"Le bois au c\u0153ur de l\u2019\u00e9conomie circulaire : une matin\u00e9e d\u2019\u00e9changes \u00e0 Rambervillers - Epinal Info","twitter_description":"La Communaut\u00e9 de communes de la R\u00e9gion de Rambervillers et l\u2019agence Vosges&amp;co, en partenariat avec l\u2019industriel EGGER et la R\u00e9gion [&hellip;]","twitter_image":"https:\/\/vosgesinfo.fr\/app\/uploads\/sites\/3\/2024\/09\/bois.jpg","twitter_creator":"@VosgesInfo88","twitter_site":"@VosgesInfo88","twitter_misc":{"\u00c9crit par":"C.K.","Dur\u00e9e de lecture estim\u00e9e":"2 minutes"},"schema":{"@context":"https:\/\/schema.org","@graph":[{"@type":"Article","@id":"https:\/\/vosgesinfo.fr\/epinalinfo\/2025\/06\/le-bois-au-coeur-de-leconomie-circulaire-une-matinee-dechanges-a-rambervillers\/#article","isPartOf":{"@id":"https:\/\/vosgesinfo.fr\/epinalinfo\/2025\/06\/le-bois-au-coeur-de-leconomie-circulaire-une-matinee-dechanges-a-rambervillers\/"},"author":{"name":"C.K.","@id":"https:\/\/vosgesinfo.fr\/epinalinfo\/#\/schema\/person\/6f9a650eeea99d969b6c4ab78fccbe81"},"headline":"Le bois au c\u0153ur de l\u2019\u00e9conomie circulaire : une matin\u00e9e d\u2019\u00e9changes \u00e0 Rambervillers","datePublished":"2025-06-19T13:10:36+00:00","dateModified":"2025-06-19T13:00:24+00:00","mainEntityOfPage":{"@id":"https:\/\/vosgesinfo.fr\/epinalinfo\/2025\/06\/le-bois-au-coeur-de-leconomie-circulaire-une-matinee-dechanges-a-rambervillers\/"},"wordCount":345,"commentCount":0,"publisher":{"@id":"https:\/\/vosgesinfo.fr\/epinalinfo\/#organization"},"image":{"@id":"https:\/\/vosgesinfo.fr\/epinalinfo\/2025\/06\/le-bois-au-coeur-de-leconomie-circulaire-une-matinee-dechanges-a-rambervillers\/#primaryimage"},"thumbnailUrl":"https:\/\/vosgesinfo.fr\/app\/uploads\/sites\/3\/2024\/09\/bois.jpg","articleSection":["A la Une","Vosges"],"inLanguage":"fr-FR","potentialAction":[{"@type":"CommentAction","name":"Comment","target":["https:\/\/vosgesinfo.fr\/epinalinfo\/2025\/06\/le-bois-au-coeur-de-leconomie-circulaire-une-matinee-dechanges-a-rambervillers\/#respond"]}]},{"@type":"WebPage","@id":"https:\/\/vosgesinfo.fr\/epinalinfo\/2025\/06\/le-bois-au-coeur-de-leconomie-circulaire-une-matinee-dechanges-a-rambervillers\/","url":"https:\/\/vosgesinfo.fr\/epinalinfo\/2025\/06\/le-bois-au-coeur-de-leconomie-circulaire-une-matinee-dechanges-a-rambervillers\/","name":"Le bois au c\u0153ur de l\u2019\u00e9conomie circulaire : une matin\u00e9e d\u2019\u00e9changes \u00e0 Rambervillers - Epinal Info","isPartOf":{"@id":"https:\/\/vosgesinfo.fr\/epinalinfo\/#website"},"primaryImageOfPage":{"@id":"https:\/\/vosgesinfo.fr\/epinalinfo\/2025\/06\/le-bois-au-coeur-de-leconomie-circulaire-une-matinee-dechanges-a-rambervillers\/#primaryimage"},"image":{"@id":"https:\/\/vosgesinfo.fr\/epinalinfo\/2025\/06\/le-bois-au-coeur-de-leconomie-circulaire-une-matinee-dechanges-a-rambervillers\/#primaryimage"},"thumbnailUrl":"https:\/\/vosgesinfo.fr\/app\/uploads\/sites\/3\/2024\/09\/bois.jpg","datePublished":"2025-06-19T13:10:36+00:00","dateModified":"2025-06-19T13:00:24+00:00","breadcrumb":{"@id":"https:\/\/vosgesinfo.fr\/epinalinfo\/2025\/06\/le-bois-au-coeur-de-leconomie-circulaire-une-matinee-dechanges-a-rambervillers\/#breadcrumb"},"inLanguage":"fr-FR","potentialAction":[{"@type":"ReadAction","target":["https:\/\/vosgesinfo.fr\/epinalinfo\/2025\/06\/le-bois-au-coeur-de-leconomie-circulaire-une-matinee-dechanges-a-rambervillers\/"]}]},{"@type":"ImageObject","inLanguage":"fr-FR","@id":"https:\/\/vosgesinfo.fr\/epinalinfo\/2025\/06\/le-bois-au-coeur-de-leconomie-circulaire-une-matinee-dechanges-a-rambervillers\/#primaryimage","url":"https:\/\/vosgesinfo.fr\/app\/uploads\/sites\/3\/2024\/09\/bois.jpg","contentUrl":"https:\/\/vosgesinfo.fr\/app\/uploads\/sites\/3\/2024\/09\/bois.jpg","width":960,"height":640},{"@type":"BreadcrumbList","@id":"https:\/\/vosgesinfo.fr\/epinalinfo\/2025\/06\/le-bois-au-coeur-de-leconomie-circulaire-une-matinee-dechanges-a-rambervillers\/#breadcrumb","itemListElement":[{"@type":"ListItem","position":1,"name":"Home","item":"https:\/\/vosgesinfo.fr\/epinalinfo\/"},{"@type":"ListItem","position":2,"name":"Le bois au c\u0153ur de l\u2019\u00e9conomie circulaire : une matin\u00e9e d\u2019\u00e9changes \u00e0 Rambervillers"}]},{"@type":"WebSite","@id":"https:\/\/vosgesinfo.fr\/epinalinfo\/#website","url":"https:\/\/vosgesinfo.fr\/epinalinfo\/","name":"Epinal Info","description":"Toute l&#039;actualit\u00e9 d&#039;\u00c9pinal","publisher":{"@id":"https:\/\/vosgesinfo.fr\/epinalinfo\/#organization"},"alternateName":"Toute l'actualit\u00e9 d'\u00c9pinal","potentialAction":[{"@type":"SearchAction","target":{"@type":"EntryPoint","urlTemplate":"https:\/\/vosgesinfo.fr\/epinalinfo\/?s={search_term_string}"},"query-input":"required name=search_term_string"}],"inLanguage":"fr-FR"},{"@type":"Organization","@id":"https:\/\/vosgesinfo.fr\/epinalinfo\/#organization","name":"Epinal Info","url":"https:\/\/vosgesinfo.fr\/epinalinfo\/","logo":{"@type":"ImageObject","inLanguage":"fr-FR","@id":"https:\/\/vosgesinfo.fr\/epinalinfo\/#\/schema\/logo\/image\/","url":"https:\/\/vosgesinfo.fr\/app\/uploads\/sites\/3\/2023\/08\/logo-epinalinfos.svg","contentUrl":"https:\/\/vosgesinfo.fr\/app\/uploads\/sites\/3\/2023\/08\/logo-epinalinfos.svg","width":1,"height":1,"caption":"Epinal Info"},"image":{"@id":"https:\/\/vosgesinfo.fr\/epinalinfo\/#\/schema\/logo\/image\/"},"sameAs":["https:\/\/www.facebook.com\/Epinalinfos","https:\/\/x.com\/VosgesInfo88","https:\/\/www.youtube.com\/@vosgesinfo"]},{"@type":"Person","@id":"https:\/\/vosgesinfo.fr\/epinalinfo\/#\/schema\/person\/6f9a650eeea99d969b6c4ab78fccbe81","name":"C.K.","image":{"@type":"ImageObject","inLanguage":"fr-FR","@id":"https:\/\/vosgesinfo.fr\/epinalinfo\/#\/schema\/person\/image\/","url":"https:\/\/secure.gravatar.com\/avatar\/48e3fc7f8421ba8942be6b74a2b7f014ca39bc00dece156b7a8e098ae7dc87bf?s=96&d=mm&r=g","contentUrl":"https:\/\/secure.gravatar.com\/avatar\/48e3fc7f8421ba8942be6b74a2b7f014ca39bc00dece156b7a8e098ae7dc87bf?s=96&d=mm&r=g","caption":"C.K."},"url":"https:\/\/vosgesinfo.fr\/epinalinfo\/author\/celia-k-n\/"}]}},"_links":{"self":[{"href":"https:\/\/vosgesinfo.fr\/epinalinfo\/wp-json\/wp\/v2\/posts\/133034","targetHints":{"allow":["GET"]}}],"collection":[{"href":"https:\/\/vosgesinfo.fr\/epinalinfo\/wp-json\/wp\/v2\/posts"}],"about":[{"href":"https:\/\/vosgesinfo.fr\/epinalinfo\/wp-json\/wp\/v2\/types\/post"}],"author":[{"embeddable":true,"href":"https:\/\/vosgesinfo.fr\/epinalinfo\/wp-json\/wp\/v2\/users\/52"}],"replies":[{"embeddable":true,"href":"https:\/\/vosgesinfo.fr\/epinalinfo\/wp-json\/wp\/v2\/comments?post=133034"}],"version-history":[{"count":1,"href":"https:\/\/vosgesinfo.fr\/epinalinfo\/wp-json\/wp\/v2\/posts\/133034\/revisions"}],"predecessor-version":[{"id":133035,"href":"https:\/\/vosgesinfo.fr\/epinalinfo\/wp-json\/wp\/v2\/posts\/133034\/revisions\/133035"}],"wp:featuredmedia":[{"embeddable":true,"href":"https:\/\/vosgesinfo.fr\/epinalinfo\/wp-json\/wp\/v2\/media\/122244"}],"wp:attachment":[{"href":"https:\/\/vosgesinfo.fr\/epinalinfo\/wp-json\/wp\/v2\/media?parent=133034"}],"wp:term":[{"taxonomy":"category","embeddable":true,"href":"https:\/\/vosgesinfo.fr\/epinalinfo\/wp-json\/wp\/v2\/categories?post=133034"},{"taxonomy":"post_tag","embeddable":true,"href":"https:\/\/vosgesinfo.fr\/epinalinfo\/wp-json\/wp\/v2\/tags?post=133034"}],"curies":[{"name":"wp","href":"https:\/\/api.w.org\/{rel}","templated":true}]}}