{"id":133036,"date":"2025-06-19T15:15:18","date_gmt":"2025-06-19T13:15:18","guid":{"rendered":"https:\/\/vosgesinfo.fr\/epinalinfo\/?p=133036"},"modified":"2025-06-19T15:04:05","modified_gmt":"2025-06-19T13:04:05","slug":"la-nature-en-fete-rendez-vous-ce-dimanche-22-juin-pour-la-fete-des-parcs-a-thaon-les-vosges","status":"publish","type":"post","link":"https:\/\/vosgesinfo.fr\/epinalinfo\/2025\/06\/la-nature-en-fete-rendez-vous-ce-dimanche-22-juin-pour-la-fete-des-parcs-a-thaon-les-vosges\/","title":{"rendered":"La nature en f\u00eate : rendez-vous ce dimanche 22 juin pour la F\u00eate des Parcs \u00e0 Thaon-les-Vosges !"},"content":{"rendered":"<h2 data-start=\"216\" data-end=\"573\"><a href=\"https:\/\/vosgesinfo.fr\/app\/uploads\/sites\/3\/2015\/08\/rotonde.jpg\"><img decoding=\"async\" class=\"aligncenter size-full wp-image-4012\" src=\"https:\/\/vosgesinfo.fr\/app\/uploads\/sites\/3\/2015\/08\/rotonde.jpg\" alt=\"\" width=\"1012\" height=\"458\" srcset=\"https:\/\/vosgesinfo.fr\/app\/uploads\/sites\/3\/2015\/08\/rotonde.jpg 1012w, https:\/\/vosgesinfo.fr\/app\/uploads\/sites\/3\/2015\/08\/rotonde-300x136.jpg 300w, https:\/\/vosgesinfo.fr\/app\/uploads\/sites\/3\/2015\/08\/rotonde-768x348.jpg 768w\" sizes=\"(max-width: 1012px) 100vw, 1012px\" \/><\/a>Ce dimanche, de 11h \u00e0 18h, les parcs de la Rotonde accueilleront la <strong data-start=\"324\" data-end=\"342\">F\u00eate des Parcs<\/strong>, un \u00e9v\u00e9nement convivial et festif plac\u00e9 sous le signe de la nature, du partage et de la bonne humeur. Port\u00e9e par la ville de Thaon-les-Vosges, cette journ\u00e9e promet animations, musique, d\u00e9tente et d\u00e9couvertes pour petits et grands.<\/h2>\n<p data-start=\"575\" data-end=\"936\">L\u2019inauguration officielle se tiendra \u00e0 <strong data-start=\"614\" data-end=\"623\">10h45<\/strong>, en pr\u00e9sence de <strong data-start=\"640\" data-end=\"664\">Mme Fran\u00e7oise BITSCH<\/strong>, 1\u00e8re Adjointe au Maire charg\u00e9e des solidarit\u00e9s et de la sant\u00e9, et du Conseil Municipal. Elle sera accompagn\u00e9e d\u2019une prestation musicale \u00e0 l\u2019orgue de barbarie, qui accompagnera \u00e9galement les visiteurs tout au long de la journ\u00e9e dans une ambiance chaleureuse et populaire.<\/p>\n<h3 data-start=\"938\" data-end=\"983\"><strong data-start=\"942\" data-end=\"983\">Un programme riche pour tous les \u00e2ges<\/strong><\/h3>\n<p data-start=\"985\" data-end=\"1085\">Tout au long de la journ\u00e9e, les visiteurs pourront profiter d\u2019un large panel d\u2019activit\u00e9s gratuites :<\/p>\n<ul data-start=\"1087\" data-end=\"1798\">\n<li data-start=\"1087\" data-end=\"1294\">\n<p data-start=\"1089\" data-end=\"1294\"><strong data-start=\"1089\" data-end=\"1112\">Jeux g\u00e9ants en bois<\/strong>, <strong data-start=\"1114\" data-end=\"1144\">ateliers de bulles g\u00e9antes<\/strong>, <strong data-start=\"1146\" data-end=\"1171\">maquillage temporaire<\/strong>, <strong data-start=\"1173\" data-end=\"1198\">structures gonflables<\/strong> spectaculaires comme le <strong data-start=\"1223\" data-end=\"1242\">babyfoot humain<\/strong> ou le <strong data-start=\"1249\" data-end=\"1269\">labyrinthe g\u00e9ant<\/strong> divertiront les enfants.<\/p>\n<\/li>\n<li data-start=\"1295\" data-end=\"1447\">\n<p data-start=\"1297\" data-end=\"1447\">Des moments plus calmes sont aussi pr\u00e9vus, avec des <strong data-start=\"1349\" data-end=\"1391\">initiations au yoga et \u00e0 la relaxation<\/strong>, ou encore un <strong data-start=\"1406\" data-end=\"1446\">atelier DIY de compositions florales<\/strong>.<\/p>\n<\/li>\n<li data-start=\"1448\" data-end=\"1596\">\n<p data-start=\"1450\" data-end=\"1596\">C\u00f4t\u00e9 spectacle, le <strong data-start=\"1469\" data-end=\"1490\">Duo Sorbet Citron<\/strong>, des <strong data-start=\"1496\" data-end=\"1528\">clowns sculpteurs de ballons<\/strong> et la <strong data-start=\"1535\" data-end=\"1565\">compagnie Les Jolies M\u00f4mes<\/strong> viendront \u00e9gayer l\u2019apr\u00e8s-midi.<\/p>\n<\/li>\n<li data-start=\"1597\" data-end=\"1798\">\n<p data-start=\"1599\" data-end=\"1798\">Et pour une pause rafra\u00eechissante et insolite, des <strong data-start=\"1650\" data-end=\"1698\">croisi\u00e8res gratuites sur le Canal des Vosges<\/strong> seront propos\u00e9es \u00e0 bord du <strong data-start=\"1726\" data-end=\"1745\">Cadet Rousselle<\/strong> (rendez-vous \u00e0 la buvette pour retirer les billets).<\/p>\n<\/li>\n<\/ul>\n<p data-start=\"1800\" data-end=\"1897\">Un <strong data-start=\"1803\" data-end=\"1829\">ap\u00e9ritif non alcoolis\u00e9<\/strong> sera offert \u00e0 tous \u00e0 partir de 11h par la ville dans le Grand Parc.<\/p>\n<h3 data-start=\"1899\" data-end=\"1934\"><strong data-start=\"1903\" data-end=\"1934\">Un march\u00e9 local et gourmand<\/strong><\/h3>\n<p data-start=\"1936\" data-end=\"2330\">Dans l\u2019all\u00e9e de l\u2019Usine, les visiteurs pourront fl\u00e2ner parmi les stands de plusieurs commer\u00e7ants locaux, dont la <strong data-start=\"2049\" data-end=\"2069\">boulangerie Cuny<\/strong>, la <strong data-start=\"2074\" data-end=\"2092\">Maison Frayard<\/strong>, la <strong data-start=\"2097\" data-end=\"2129\">Librairie Lantre Deux Mondes<\/strong>, ainsi que l\u2019artisane <strong data-start=\"2152\" data-end=\"2170\">Nicole Charton<\/strong>, sp\u00e9cialis\u00e9e dans la confection de chapeaux en tissu. Un <strong data-start=\"2228\" data-end=\"2238\">forain<\/strong> proposera \u00e9galement confiseries, barbe \u00e0 papa et p\u00eache aux canards pour les plus gourmands.<\/p>\n<p data-start=\"2332\" data-end=\"2438\">Un <strong data-start=\"2335\" data-end=\"2368\">point buvette et restauration<\/strong> sera assur\u00e9 toute la journ\u00e9e par <strong data-start=\"2402\" data-end=\"2437\">l\u2019Amicale du Personnel Communal<\/strong>.<\/p>\n<p data-start=\"2440\" data-end=\"2607\">Enfin, <strong data-start=\"2447\" data-end=\"2467\">Omega Spectacles<\/strong> sera pr\u00e9sent avec un point billetterie pour le concert tr\u00e8s attendu de <strong data-start=\"2539\" data-end=\"2562\">Chico &amp; The Gypsies<\/strong>, pr\u00e9vu le <strong data-start=\"2573\" data-end=\"2606\">5 juillet au Domaine des Lacs<\/strong>.<\/p>\n","protected":false},"excerpt":{"rendered":"<p>Ce dimanche, de 11h \u00e0 18h, les parcs de la Rotonde accueilleront la F\u00eate des Parcs, un \u00e9v\u00e9nement convivial et [&hellip;]<\/p>\n","protected":false},"author":52,"featured_media":4012,"comment_status":"open","ping_status":"open","sticky":false,"template":"","format":"standard","meta":{"footnotes":""},"categories":[22,24,93],"tags":[],"class_list":["post-133036","post","type-post","status-publish","format-standard","has-post-thumbnail","hentry","category-a-la-une","category-epinal","category-thaon-les-vosges"],"acf":[],"yoast_head":"<!-- This site is optimized with the Yoast SEO plugin v22.5 - https:\/\/yoast.com\/wordpress\/plugins\/seo\/ -->\n<title>La nature en f\u00eate : rendez-vous ce dimanche 22 juin pour la F\u00eate des Parcs \u00e0 Thaon-les-Vosges ! - Epinal Info<\/title>\n<meta name=\"robots\" content=\"index, follow, max-snippet:-1, max-image-preview:large, max-video-preview:-1\" \/>\n<link rel=\"canonical\" href=\"https:\/\/vosgesinfo.fr\/epinalinfo\/2025\/06\/la-nature-en-fete-rendez-vous-ce-dimanche-22-juin-pour-la-fete-des-parcs-a-thaon-les-vosges\/\" \/>\n<meta name=\"twitter:card\" content=\"summary_large_image\" \/>\n<meta name=\"twitter:title\" content=\"La nature en f\u00eate : rendez-vous ce dimanche 22 juin pour la F\u00eate des Parcs \u00e0 Thaon-les-Vosges ! - Epinal Info\" \/>\n<meta name=\"twitter:description\" content=\"Ce dimanche, de 11h \u00e0 18h, les parcs de la Rotonde accueilleront la F\u00eate des Parcs, un \u00e9v\u00e9nement convivial et [&hellip;]\" \/>\n<meta name=\"twitter:image\" content=\"https:\/\/vosgesinfo.fr\/app\/uploads\/sites\/3\/2015\/08\/rotonde.jpg\" \/>\n<meta name=\"twitter:creator\" content=\"@VosgesInfo88\" \/>\n<meta name=\"twitter:site\" content=\"@VosgesInfo88\" \/>\n<meta name=\"twitter:label1\" content=\"\u00c9crit par\" \/>\n\t<meta name=\"twitter:data1\" content=\"C.K.\" \/>\n\t<meta name=\"twitter:label2\" content=\"Dur\u00e9e de lecture estim\u00e9e\" \/>\n\t<meta name=\"twitter:data2\" content=\"2 minutes\" \/>\n<script type=\"application\/ld+json\" class=\"yoast-schema-graph\">{\"@context\":\"https:\/\/schema.org\",\"@graph\":[{\"@type\":\"Article\",\"@id\":\"https:\/\/vosgesinfo.fr\/epinalinfo\/2025\/06\/la-nature-en-fete-rendez-vous-ce-dimanche-22-juin-pour-la-fete-des-parcs-a-thaon-les-vosges\/#article\",\"isPartOf\":{\"@id\":\"https:\/\/vosgesinfo.fr\/epinalinfo\/2025\/06\/la-nature-en-fete-rendez-vous-ce-dimanche-22-juin-pour-la-fete-des-parcs-a-thaon-les-vosges\/\"},\"author\":{\"name\":\"C.K.\",\"@id\":\"https:\/\/vosgesinfo.fr\/epinalinfo\/#\/schema\/person\/6f9a650eeea99d969b6c4ab78fccbe81\"},\"headline\":\"La nature en f\u00eate : rendez-vous ce dimanche 22 juin pour la F\u00eate des Parcs \u00e0 Thaon-les-Vosges !\",\"datePublished\":\"2025-06-19T13:15:18+00:00\",\"dateModified\":\"2025-06-19T13:04:05+00:00\",\"mainEntityOfPage\":{\"@id\":\"https:\/\/vosgesinfo.fr\/epinalinfo\/2025\/06\/la-nature-en-fete-rendez-vous-ce-dimanche-22-juin-pour-la-fete-des-parcs-a-thaon-les-vosges\/\"},\"wordCount\":400,\"commentCount\":0,\"publisher\":{\"@id\":\"https:\/\/vosgesinfo.fr\/epinalinfo\/#organization\"},\"image\":{\"@id\":\"https:\/\/vosgesinfo.fr\/epinalinfo\/2025\/06\/la-nature-en-fete-rendez-vous-ce-dimanche-22-juin-pour-la-fete-des-parcs-a-thaon-les-vosges\/#primaryimage\"},\"thumbnailUrl\":\"https:\/\/vosgesinfo.fr\/app\/uploads\/sites\/3\/2015\/08\/rotonde.jpg\",\"articleSection\":[\"A la Une\",\"Epinal\",\"Thaon-les-Vosges\"],\"inLanguage\":\"fr-FR\",\"potentialAction\":[{\"@type\":\"CommentAction\",\"name\":\"Comment\",\"target\":[\"https:\/\/vosgesinfo.fr\/epinalinfo\/2025\/06\/la-nature-en-fete-rendez-vous-ce-dimanche-22-juin-pour-la-fete-des-parcs-a-thaon-les-vosges\/#respond\"]}]},{\"@type\":\"WebPage\",\"@id\":\"https:\/\/vosgesinfo.fr\/epinalinfo\/2025\/06\/la-nature-en-fete-rendez-vous-ce-dimanche-22-juin-pour-la-fete-des-parcs-a-thaon-les-vosges\/\",\"url\":\"https:\/\/vosgesinfo.fr\/epinalinfo\/2025\/06\/la-nature-en-fete-rendez-vous-ce-dimanche-22-juin-pour-la-fete-des-parcs-a-thaon-les-vosges\/\",\"name\":\"La nature en f\u00eate : rendez-vous ce dimanche 22 juin pour la F\u00eate des Parcs \u00e0 Thaon-les-Vosges ! - Epinal Info\",\"isPartOf\":{\"@id\":\"https:\/\/vosgesinfo.fr\/epinalinfo\/#website\"},\"primaryImageOfPage\":{\"@id\":\"https:\/\/vosgesinfo.fr\/epinalinfo\/2025\/06\/la-nature-en-fete-rendez-vous-ce-dimanche-22-juin-pour-la-fete-des-parcs-a-thaon-les-vosges\/#primaryimage\"},\"image\":{\"@id\":\"https:\/\/vosgesinfo.fr\/epinalinfo\/2025\/06\/la-nature-en-fete-rendez-vous-ce-dimanche-22-juin-pour-la-fete-des-parcs-a-thaon-les-vosges\/#primaryimage\"},\"thumbnailUrl\":\"https:\/\/vosgesinfo.fr\/app\/uploads\/sites\/3\/2015\/08\/rotonde.jpg\",\"datePublished\":\"2025-06-19T13:15:18+00:00\",\"dateModified\":\"2025-06-19T13:04:05+00:00\",\"breadcrumb\":{\"@id\":\"https:\/\/vosgesinfo.fr\/epinalinfo\/2025\/06\/la-nature-en-fete-rendez-vous-ce-dimanche-22-juin-pour-la-fete-des-parcs-a-thaon-les-vosges\/#breadcrumb\"},\"inLanguage\":\"fr-FR\",\"potentialAction\":[{\"@type\":\"ReadAction\",\"target\":[\"https:\/\/vosgesinfo.fr\/epinalinfo\/2025\/06\/la-nature-en-fete-rendez-vous-ce-dimanche-22-juin-pour-la-fete-des-parcs-a-thaon-les-vosges\/\"]}]},{\"@type\":\"ImageObject\",\"inLanguage\":\"fr-FR\",\"@id\":\"https:\/\/vosgesinfo.fr\/epinalinfo\/2025\/06\/la-nature-en-fete-rendez-vous-ce-dimanche-22-juin-pour-la-fete-des-parcs-a-thaon-les-vosges\/#primaryimage\",\"url\":\"https:\/\/vosgesinfo.fr\/app\/uploads\/sites\/3\/2015\/08\/rotonde.jpg\",\"contentUrl\":\"https:\/\/vosgesinfo.fr\/app\/uploads\/sites\/3\/2015\/08\/rotonde.jpg\",\"width\":1012,\"height\":458},{\"@type\":\"BreadcrumbList\",\"@id\":\"https:\/\/vosgesinfo.fr\/epinalinfo\/2025\/06\/la-nature-en-fete-rendez-vous-ce-dimanche-22-juin-pour-la-fete-des-parcs-a-thaon-les-vosges\/#breadcrumb\",\"itemListElement\":[{\"@type\":\"ListItem\",\"position\":1,\"name\":\"Home\",\"item\":\"https:\/\/vosgesinfo.fr\/epinalinfo\/\"},{\"@type\":\"ListItem\",\"position\":2,\"name\":\"La nature en f\u00eate : rendez-vous ce dimanche 22 juin pour la F\u00eate des Parcs \u00e0 Thaon-les-Vosges !\"}]},{\"@type\":\"WebSite\",\"@id\":\"https:\/\/vosgesinfo.fr\/epinalinfo\/#website\",\"url\":\"https:\/\/vosgesinfo.fr\/epinalinfo\/\",\"name\":\"Epinal Info\",\"description\":\"Toute l&#039;actualit\u00e9 d&#039;\u00c9pinal\",\"publisher\":{\"@id\":\"https:\/\/vosgesinfo.fr\/epinalinfo\/#organization\"},\"alternateName\":\"Toute l'actualit\u00e9 d'\u00c9pinal\",\"potentialAction\":[{\"@type\":\"SearchAction\",\"target\":{\"@type\":\"EntryPoint\",\"urlTemplate\":\"https:\/\/vosgesinfo.fr\/epinalinfo\/?s={search_term_string}\"},\"query-input\":\"required name=search_term_string\"}],\"inLanguage\":\"fr-FR\"},{\"@type\":\"Organization\",\"@id\":\"https:\/\/vosgesinfo.fr\/epinalinfo\/#organization\",\"name\":\"Epinal Info\",\"url\":\"https:\/\/vosgesinfo.fr\/epinalinfo\/\",\"logo\":{\"@type\":\"ImageObject\",\"inLanguage\":\"fr-FR\",\"@id\":\"https:\/\/vosgesinfo.fr\/epinalinfo\/#\/schema\/logo\/image\/\",\"url\":\"https:\/\/vosgesinfo.fr\/app\/uploads\/sites\/3\/2023\/08\/logo-epinalinfos.svg\",\"contentUrl\":\"https:\/\/vosgesinfo.fr\/app\/uploads\/sites\/3\/2023\/08\/logo-epinalinfos.svg\",\"width\":1,\"height\":1,\"caption\":\"Epinal Info\"},\"image\":{\"@id\":\"https:\/\/vosgesinfo.fr\/epinalinfo\/#\/schema\/logo\/image\/\"},\"sameAs\":[\"https:\/\/www.facebook.com\/Epinalinfos\",\"https:\/\/x.com\/VosgesInfo88\",\"https:\/\/www.youtube.com\/@vosgesinfo\"]},{\"@type\":\"Person\",\"@id\":\"https:\/\/vosgesinfo.fr\/epinalinfo\/#\/schema\/person\/6f9a650eeea99d969b6c4ab78fccbe81\",\"name\":\"C.K.\",\"image\":{\"@type\":\"ImageObject\",\"inLanguage\":\"fr-FR\",\"@id\":\"https:\/\/vosgesinfo.fr\/epinalinfo\/#\/schema\/person\/image\/\",\"url\":\"https:\/\/secure.gravatar.com\/avatar\/48e3fc7f8421ba8942be6b74a2b7f014ca39bc00dece156b7a8e098ae7dc87bf?s=96&d=mm&r=g\",\"contentUrl\":\"https:\/\/secure.gravatar.com\/avatar\/48e3fc7f8421ba8942be6b74a2b7f014ca39bc00dece156b7a8e098ae7dc87bf?s=96&d=mm&r=g\",\"caption\":\"C.K.\"},\"url\":\"https:\/\/vosgesinfo.fr\/epinalinfo\/author\/celia-k-n\/\"}]}<\/script>\n<!-- \/ Yoast SEO plugin. -->","yoast_head_json":{"title":"La nature en f\u00eate : rendez-vous ce dimanche 22 juin pour la F\u00eate des Parcs \u00e0 Thaon-les-Vosges ! - Epinal Info","robots":{"index":"index","follow":"follow","max-snippet":"max-snippet:-1","max-image-preview":"max-image-preview:large","max-video-preview":"max-video-preview:-1"},"canonical":"https:\/\/vosgesinfo.fr\/epinalinfo\/2025\/06\/la-nature-en-fete-rendez-vous-ce-dimanche-22-juin-pour-la-fete-des-parcs-a-thaon-les-vosges\/","twitter_card":"summary_large_image","twitter_title":"La nature en f\u00eate : rendez-vous ce dimanche 22 juin pour la F\u00eate des Parcs \u00e0 Thaon-les-Vosges ! - Epinal Info","twitter_description":"Ce dimanche, de 11h \u00e0 18h, les parcs de la Rotonde accueilleront la F\u00eate des Parcs, un \u00e9v\u00e9nement convivial et [&hellip;]","twitter_image":"https:\/\/vosgesinfo.fr\/app\/uploads\/sites\/3\/2015\/08\/rotonde.jpg","twitter_creator":"@VosgesInfo88","twitter_site":"@VosgesInfo88","twitter_misc":{"\u00c9crit par":"C.K.","Dur\u00e9e de lecture estim\u00e9e":"2 minutes"},"schema":{"@context":"https:\/\/schema.org","@graph":[{"@type":"Article","@id":"https:\/\/vosgesinfo.fr\/epinalinfo\/2025\/06\/la-nature-en-fete-rendez-vous-ce-dimanche-22-juin-pour-la-fete-des-parcs-a-thaon-les-vosges\/#article","isPartOf":{"@id":"https:\/\/vosgesinfo.fr\/epinalinfo\/2025\/06\/la-nature-en-fete-rendez-vous-ce-dimanche-22-juin-pour-la-fete-des-parcs-a-thaon-les-vosges\/"},"author":{"name":"C.K.","@id":"https:\/\/vosgesinfo.fr\/epinalinfo\/#\/schema\/person\/6f9a650eeea99d969b6c4ab78fccbe81"},"headline":"La nature en f\u00eate : rendez-vous ce dimanche 22 juin pour la F\u00eate des Parcs \u00e0 Thaon-les-Vosges !","datePublished":"2025-06-19T13:15:18+00:00","dateModified":"2025-06-19T13:04:05+00:00","mainEntityOfPage":{"@id":"https:\/\/vosgesinfo.fr\/epinalinfo\/2025\/06\/la-nature-en-fete-rendez-vous-ce-dimanche-22-juin-pour-la-fete-des-parcs-a-thaon-les-vosges\/"},"wordCount":400,"commentCount":0,"publisher":{"@id":"https:\/\/vosgesinfo.fr\/epinalinfo\/#organization"},"image":{"@id":"https:\/\/vosgesinfo.fr\/epinalinfo\/2025\/06\/la-nature-en-fete-rendez-vous-ce-dimanche-22-juin-pour-la-fete-des-parcs-a-thaon-les-vosges\/#primaryimage"},"thumbnailUrl":"https:\/\/vosgesinfo.fr\/app\/uploads\/sites\/3\/2015\/08\/rotonde.jpg","articleSection":["A la Une","Epinal","Thaon-les-Vosges"],"inLanguage":"fr-FR","potentialAction":[{"@type":"CommentAction","name":"Comment","target":["https:\/\/vosgesinfo.fr\/epinalinfo\/2025\/06\/la-nature-en-fete-rendez-vous-ce-dimanche-22-juin-pour-la-fete-des-parcs-a-thaon-les-vosges\/#respond"]}]},{"@type":"WebPage","@id":"https:\/\/vosgesinfo.fr\/epinalinfo\/2025\/06\/la-nature-en-fete-rendez-vous-ce-dimanche-22-juin-pour-la-fete-des-parcs-a-thaon-les-vosges\/","url":"https:\/\/vosgesinfo.fr\/epinalinfo\/2025\/06\/la-nature-en-fete-rendez-vous-ce-dimanche-22-juin-pour-la-fete-des-parcs-a-thaon-les-vosges\/","name":"La nature en f\u00eate : rendez-vous ce dimanche 22 juin pour la F\u00eate des Parcs \u00e0 Thaon-les-Vosges ! - Epinal Info","isPartOf":{"@id":"https:\/\/vosgesinfo.fr\/epinalinfo\/#website"},"primaryImageOfPage":{"@id":"https:\/\/vosgesinfo.fr\/epinalinfo\/2025\/06\/la-nature-en-fete-rendez-vous-ce-dimanche-22-juin-pour-la-fete-des-parcs-a-thaon-les-vosges\/#primaryimage"},"image":{"@id":"https:\/\/vosgesinfo.fr\/epinalinfo\/2025\/06\/la-nature-en-fete-rendez-vous-ce-dimanche-22-juin-pour-la-fete-des-parcs-a-thaon-les-vosges\/#primaryimage"},"thumbnailUrl":"https:\/\/vosgesinfo.fr\/app\/uploads\/sites\/3\/2015\/08\/rotonde.jpg","datePublished":"2025-06-19T13:15:18+00:00","dateModified":"2025-06-19T13:04:05+00:00","breadcrumb":{"@id":"https:\/\/vosgesinfo.fr\/epinalinfo\/2025\/06\/la-nature-en-fete-rendez-vous-ce-dimanche-22-juin-pour-la-fete-des-parcs-a-thaon-les-vosges\/#breadcrumb"},"inLanguage":"fr-FR","potentialAction":[{"@type":"ReadAction","target":["https:\/\/vosgesinfo.fr\/epinalinfo\/2025\/06\/la-nature-en-fete-rendez-vous-ce-dimanche-22-juin-pour-la-fete-des-parcs-a-thaon-les-vosges\/"]}]},{"@type":"ImageObject","inLanguage":"fr-FR","@id":"https:\/\/vosgesinfo.fr\/epinalinfo\/2025\/06\/la-nature-en-fete-rendez-vous-ce-dimanche-22-juin-pour-la-fete-des-parcs-a-thaon-les-vosges\/#primaryimage","url":"https:\/\/vosgesinfo.fr\/app\/uploads\/sites\/3\/2015\/08\/rotonde.jpg","contentUrl":"https:\/\/vosgesinfo.fr\/app\/uploads\/sites\/3\/2015\/08\/rotonde.jpg","width":1012,"height":458},{"@type":"BreadcrumbList","@id":"https:\/\/vosgesinfo.fr\/epinalinfo\/2025\/06\/la-nature-en-fete-rendez-vous-ce-dimanche-22-juin-pour-la-fete-des-parcs-a-thaon-les-vosges\/#breadcrumb","itemListElement":[{"@type":"ListItem","position":1,"name":"Home","item":"https:\/\/vosgesinfo.fr\/epinalinfo\/"},{"@type":"ListItem","position":2,"name":"La nature en f\u00eate : rendez-vous ce dimanche 22 juin pour la F\u00eate des Parcs \u00e0 Thaon-les-Vosges !"}]},{"@type":"WebSite","@id":"https:\/\/vosgesinfo.fr\/epinalinfo\/#website","url":"https:\/\/vosgesinfo.fr\/epinalinfo\/","name":"Epinal Info","description":"Toute l&#039;actualit\u00e9 d&#039;\u00c9pinal","publisher":{"@id":"https:\/\/vosgesinfo.fr\/epinalinfo\/#organization"},"alternateName":"Toute l'actualit\u00e9 d'\u00c9pinal","potentialAction":[{"@type":"SearchAction","target":{"@type":"EntryPoint","urlTemplate":"https:\/\/vosgesinfo.fr\/epinalinfo\/?s={search_term_string}"},"query-input":"required name=search_term_string"}],"inLanguage":"fr-FR"},{"@type":"Organization","@id":"https:\/\/vosgesinfo.fr\/epinalinfo\/#organization","name":"Epinal Info","url":"https:\/\/vosgesinfo.fr\/epinalinfo\/","logo":{"@type":"ImageObject","inLanguage":"fr-FR","@id":"https:\/\/vosgesinfo.fr\/epinalinfo\/#\/schema\/logo\/image\/","url":"https:\/\/vosgesinfo.fr\/app\/uploads\/sites\/3\/2023\/08\/logo-epinalinfos.svg","contentUrl":"https:\/\/vosgesinfo.fr\/app\/uploads\/sites\/3\/2023\/08\/logo-epinalinfos.svg","width":1,"height":1,"caption":"Epinal Info"},"image":{"@id":"https:\/\/vosgesinfo.fr\/epinalinfo\/#\/schema\/logo\/image\/"},"sameAs":["https:\/\/www.facebook.com\/Epinalinfos","https:\/\/x.com\/VosgesInfo88","https:\/\/www.youtube.com\/@vosgesinfo"]},{"@type":"Person","@id":"https:\/\/vosgesinfo.fr\/epinalinfo\/#\/schema\/person\/6f9a650eeea99d969b6c4ab78fccbe81","name":"C.K.","image":{"@type":"ImageObject","inLanguage":"fr-FR","@id":"https:\/\/vosgesinfo.fr\/epinalinfo\/#\/schema\/person\/image\/","url":"https:\/\/secure.gravatar.com\/avatar\/48e3fc7f8421ba8942be6b74a2b7f014ca39bc00dece156b7a8e098ae7dc87bf?s=96&d=mm&r=g","contentUrl":"https:\/\/secure.gravatar.com\/avatar\/48e3fc7f8421ba8942be6b74a2b7f014ca39bc00dece156b7a8e098ae7dc87bf?s=96&d=mm&r=g","caption":"C.K."},"url":"https:\/\/vosgesinfo.fr\/epinalinfo\/author\/celia-k-n\/"}]}},"_links":{"self":[{"href":"https:\/\/vosgesinfo.fr\/epinalinfo\/wp-json\/wp\/v2\/posts\/133036","targetHints":{"allow":["GET"]}}],"collection":[{"href":"https:\/\/vosgesinfo.fr\/epinalinfo\/wp-json\/wp\/v2\/posts"}],"about":[{"href":"https:\/\/vosgesinfo.fr\/epinalinfo\/wp-json\/wp\/v2\/types\/post"}],"author":[{"embeddable":true,"href":"https:\/\/vosgesinfo.fr\/epinalinfo\/wp-json\/wp\/v2\/users\/52"}],"replies":[{"embeddable":true,"href":"https:\/\/vosgesinfo.fr\/epinalinfo\/wp-json\/wp\/v2\/comments?post=133036"}],"version-history":[{"count":1,"href":"https:\/\/vosgesinfo.fr\/epinalinfo\/wp-json\/wp\/v2\/posts\/133036\/revisions"}],"predecessor-version":[{"id":133037,"href":"https:\/\/vosgesinfo.fr\/epinalinfo\/wp-json\/wp\/v2\/posts\/133036\/revisions\/133037"}],"wp:featuredmedia":[{"embeddable":true,"href":"https:\/\/vosgesinfo.fr\/epinalinfo\/wp-json\/wp\/v2\/media\/4012"}],"wp:attachment":[{"href":"https:\/\/vosgesinfo.fr\/epinalinfo\/wp-json\/wp\/v2\/media?parent=133036"}],"wp:term":[{"taxonomy":"category","embeddable":true,"href":"https:\/\/vosgesinfo.fr\/epinalinfo\/wp-json\/wp\/v2\/categories?post=133036"},{"taxonomy":"post_tag","embeddable":true,"href":"https:\/\/vosgesinfo.fr\/epinalinfo\/wp-json\/wp\/v2\/tags?post=133036"}],"curies":[{"name":"wp","href":"https:\/\/api.w.org\/{rel}","templated":true}]}}