{"id":133041,"date":"2025-06-19T16:30:03","date_gmt":"2025-06-19T14:30:03","guid":{"rendered":"https:\/\/vosgesinfo.fr\/epinalinfo\/?p=133041"},"modified":"2025-06-19T16:20:31","modified_gmt":"2025-06-19T14:20:31","slug":"decouvrez-les-nouveaux-produits-labellises-je-vois-la-vie-en-vosges-terroir","status":"publish","type":"post","link":"https:\/\/vosgesinfo.fr\/epinalinfo\/2025\/06\/decouvrez-les-nouveaux-produits-labellises-je-vois-la-vie-en-vosges-terroir\/","title":{"rendered":"D\u00e9couvrez les Nouveaux Produits Labellis\u00e9s \u00ab Je Vois la Vie en Vosges Terroir \u00bb"},"content":{"rendered":"<div id=\"attachment_132981\" style=\"width: 1210px\" class=\"wp-caption aligncenter\"><a href=\"https:\/\/vosgesinfo.fr\/app\/uploads\/sites\/3\/2025\/06\/thumbnail-label-vosges-terroir-notation--1--17-juin-2025-photos-ste\u0301phane-calmels.jpg\"><img decoding=\"async\" aria-describedby=\"caption-attachment-132981\" class=\"size-full wp-image-132981\" src=\"https:\/\/vosgesinfo.fr\/app\/uploads\/sites\/3\/2025\/06\/thumbnail-label-vosges-terroir-notation--1--17-juin-2025-photos-ste\u0301phane-calmels.jpg\" alt=\"\" width=\"1200\" height=\"613\" srcset=\"https:\/\/vosgesinfo.fr\/app\/uploads\/sites\/3\/2025\/06\/thumbnail-label-vosges-terroir-notation--1--17-juin-2025-photos-ste\u0301phane-calmels.jpg 1200w, https:\/\/vosgesinfo.fr\/app\/uploads\/sites\/3\/2025\/06\/thumbnail-label-vosges-terroir-notation--1--17-juin-2025-photos-ste\u0301phane-calmels-300x153.jpg 300w, https:\/\/vosgesinfo.fr\/app\/uploads\/sites\/3\/2025\/06\/thumbnail-label-vosges-terroir-notation--1--17-juin-2025-photos-ste\u0301phane-calmels-1024x523.jpg 1024w, https:\/\/vosgesinfo.fr\/app\/uploads\/sites\/3\/2025\/06\/thumbnail-label-vosges-terroir-notation--1--17-juin-2025-photos-ste\u0301phane-calmels-768x392.jpg 768w\" sizes=\"(max-width: 1200px) 100vw, 1200px\" \/><\/a><p id=\"caption-attachment-132981\" class=\"wp-caption-text\">photo St\u00e9phane Calmels<\/p><\/div>\n<h2 data-start=\"194\" data-end=\"676\"><strong>Mardi 17 juin 2025, le lyc\u00e9e Notre-Dame Saint-Joseph d\u2019\u00c9pinal a accueilli la commission d\u2019agr\u00e9ment annuelle de la marque \u00ab Je Vois la Vie en Vosges Terroir \u00bb. Ce rendez-vous incontournable c\u00e9l\u00e8bre chaque ann\u00e9e l\u2019excellence des savoir-faire agroalimentaires vosgiens. Plus de 80 produits locaux ont \u00e9t\u00e9 rigoureusement d\u00e9gust\u00e9s, \u00e9valu\u00e9s et not\u00e9s par un jury \u00e9clectique de quarante membres : professionnels, producteurs, enseignants, \u00e9l\u00e8ves et consommateurs passionn\u00e9s.<\/strong><\/h2>\n<p data-start=\"678\" data-end=\"867\">Cette \u00e9dition a \u00e9t\u00e9 plac\u00e9e sous la pr\u00e9sidence d\u2019exception du <strong data-start=\"739\" data-end=\"767\">chef \u00e9toil\u00e9 Maye Cissoko<\/strong>, r\u00e9cemment r\u00e9compens\u00e9 \u00e0 l\u2019H\u00f4tel &amp; Restaurant Burnel de Rouvres-en-Xaintois. Elle a mis en lumi\u00e8re :<\/p>\n<ul data-start=\"869\" data-end=\"1222\">\n<li data-start=\"869\" data-end=\"1000\">\n<p data-start=\"871\" data-end=\"1000\">La <strong data-start=\"874\" data-end=\"887\">diversit\u00e9<\/strong> et la <strong data-start=\"894\" data-end=\"920\">richesse gastronomique<\/strong> du terroir vosgien, avec des productions artisanales innovantes ou revisit\u00e9es ;<\/p>\n<\/li>\n<li data-start=\"1001\" data-end=\"1090\">\n<p data-start=\"1003\" data-end=\"1090\">Un <strong data-start=\"1006\" data-end=\"1032\">haut niveau de qualit\u00e9<\/strong>, la moyenne g\u00e9n\u00e9rale des notations atteignant <strong data-start=\"1079\" data-end=\"1088\">15\/20<\/strong> ;<\/p>\n<\/li>\n<li data-start=\"1091\" data-end=\"1222\">\n<p data-start=\"1093\" data-end=\"1222\">L\u2019<strong data-start=\"1095\" data-end=\"1133\">implication des jeunes g\u00e9n\u00e9rations<\/strong>, avec une organisation dans un \u00e9tablissement reconnu de formation agricole et h\u00f4teli\u00e8re.<\/p>\n<\/li>\n<\/ul>\n<h3 data-start=\"1224\" data-end=\"1291\">\ud83c\udfc5 Les produits labellis\u00e9s : l\u2019excellence vosgienne \u00e0 l\u2019honneur<\/h3>\n<p data-start=\"1293\" data-end=\"1451\">Parmi les produits d\u00e9gust\u00e9s, <strong data-start=\"1322\" data-end=\"1375\">nombreux sont ceux qui ont obtenu une distinction<\/strong> : agr\u00e9\u00e9, bronze, argent ou or. Voici quelques exemples parmi les laur\u00e9ats :<\/p>\n<ul data-start=\"1453\" data-end=\"2803\">\n<li data-start=\"1453\" data-end=\"1607\">\n<p data-start=\"1455\" data-end=\"1607\"><strong data-start=\"1455\" data-end=\"1470\">Boulangerie<\/strong> : la brioche aux pralines d\u2019<em data-start=\"1499\" data-end=\"1515\">Antoine Cachet<\/em> (La Baffe) obtient l\u2019<strong data-start=\"1537\" data-end=\"1543\">or<\/strong>, tout comme le camembert de la <em data-start=\"1575\" data-end=\"1597\">Fromagerie du Pichet<\/em> (Norroy).<\/p>\n<\/li>\n<li data-start=\"1608\" data-end=\"1774\">\n<p data-start=\"1610\" data-end=\"1774\"><strong data-start=\"1610\" data-end=\"1624\">Brasseries<\/strong> : les bi\u00e8res artisanales comme <em data-start=\"1656\" data-end=\"1677\">La Meilleure Blonde<\/em> (argent, Brasserie Madelon) ou <em data-start=\"1709\" data-end=\"1722\">Mori Blonde<\/em> (argent, Brasserie du Mori) s\u00e9duisent les papilles.<\/p>\n<\/li>\n<li data-start=\"1775\" data-end=\"1983\">\n<p data-start=\"1777\" data-end=\"1983\"><strong data-start=\"1777\" data-end=\"1804\">Charcuteries et viandes<\/strong> : la <em data-start=\"1810\" data-end=\"1831\">Charcuterie Pierrat<\/em> (Le Tholy) voit plusieurs de ses produits agr\u00e9\u00e9s ou prim\u00e9s, tout comme <em data-start=\"1903\" data-end=\"1920\">St\u00e9phane Boulas<\/em> (Domptail) avec une viande s\u00e9ch\u00e9e de brebis distingu\u00e9e <strong data-start=\"1976\" data-end=\"1982\">or<\/strong>.<\/p>\n<\/li>\n<li data-start=\"1984\" data-end=\"2205\">\n<p data-start=\"1986\" data-end=\"2205\"><strong data-start=\"1986\" data-end=\"2007\">Produits laitiers<\/strong> : les fromages de ch\u00e8vre des <em data-start=\"2037\" data-end=\"2063\">Ch\u00e8vreries de la Moselle<\/em> et <em data-start=\"2067\" data-end=\"2083\">des Hauts Pr\u00e9s<\/em>, ou encore le <em data-start=\"2098\" data-end=\"2112\">Petit D\u00e9lice<\/em> \u00e0 l\u2019ail des ours (Fromagerie Ecolonie), confirment la vitalit\u00e9 de la fili\u00e8re caprine locale.<\/p>\n<\/li>\n<li data-start=\"2206\" data-end=\"2376\">\n<p data-start=\"2208\" data-end=\"2376\"><strong data-start=\"2208\" data-end=\"2230\">Glaces et douceurs<\/strong> : la glace \u00e0 la flouve odorante de <em data-start=\"2266\" data-end=\"2284\">Victorien Duvaux<\/em> d\u00e9croche l\u2019<strong data-start=\"2296\" data-end=\"2302\">or<\/strong>, tandis que la <em data-start=\"2318\" data-end=\"2336\">Glace Plombi\u00e8res<\/em> (Jean-Marie Viry) obtient l\u2019<strong data-start=\"2365\" data-end=\"2375\">argent<\/strong>.<\/p>\n<\/li>\n<li data-start=\"2377\" data-end=\"2566\">\n<p data-start=\"2379\" data-end=\"2566\"><strong data-start=\"2379\" data-end=\"2391\">Boissons<\/strong> : hydromel, jus de fruits bio, ap\u00e9ritifs au foin ou au sureau (Les Cuv\u00e9es Vosgiennes), eaux-de-vie et sirops t\u00e9moignent d\u2019un savoir-faire ancestral actualis\u00e9 avec cr\u00e9ativit\u00e9.<\/p>\n<\/li>\n<li data-start=\"2567\" data-end=\"2803\">\n<p data-start=\"2569\" data-end=\"2803\"><strong data-start=\"2569\" data-end=\"2590\">Produits v\u00e9g\u00e9taux<\/strong> : l\u00e9gumes, radis, capucine, courgettes aigres-doux, tisanes et confitures (comme celle au potiron de <em data-start=\"2692\" data-end=\"2710\">Symbi\u2019ose Nature<\/em>) viennent enrichir une gamme locale r\u00e9solument tourn\u00e9e vers la <strong data-start=\"2774\" data-end=\"2802\">qualit\u00e9 et la durabilit\u00e9<\/strong>.<\/p>\n<\/li>\n<\/ul>\n<h3 data-start=\"2805\" data-end=\"2849\">\ud83c\udf31 Un territoire engag\u00e9 dans son terroir<\/h3>\n<p data-start=\"2851\" data-end=\"3248\">Cette journ\u00e9e d\u2019agr\u00e9ment n\u2019est pas qu\u2019une simple s\u00e9lection : elle est le reflet d\u2019un <strong data-start=\"2936\" data-end=\"2957\">territoire engag\u00e9<\/strong>, o\u00f9 producteurs, artisans, institutions et consommateurs co-construisent une <strong data-start=\"3035\" data-end=\"3078\">identit\u00e9 gastronomique forte et vivante<\/strong>. Le label \u00ab Je Vois la Vie en Vosges Terroir \u00bb est plus qu\u2019un gage de qualit\u00e9 : c\u2019est une promesse de go\u00fbt, d\u2019authenticit\u00e9 et de respect du patrimoine culinaire vosgien.<\/p>\n","protected":false},"excerpt":{"rendered":"<p>Mardi 17 juin 2025, le lyc\u00e9e Notre-Dame Saint-Joseph d\u2019\u00c9pinal a accueilli la commission d\u2019agr\u00e9ment annuelle de la marque \u00ab Je [&hellip;]<\/p>\n","protected":false},"author":52,"featured_media":132981,"comment_status":"open","ping_status":"open","sticky":false,"template":"","format":"standard","meta":{"footnotes":""},"categories":[22,24,5],"tags":[],"class_list":["post-133041","post","type-post","status-publish","format-standard","has-post-thumbnail","hentry","category-a-la-une","category-epinal","category-vosges"],"acf":[],"yoast_head":"<!-- This site is optimized with the Yoast SEO plugin v22.5 - https:\/\/yoast.com\/wordpress\/plugins\/seo\/ -->\n<title>D\u00e9couvrez les Nouveaux Produits Labellis\u00e9s \u00ab Je Vois la Vie en Vosges Terroir \u00bb - Epinal Info<\/title>\n<meta name=\"robots\" content=\"index, follow, max-snippet:-1, max-image-preview:large, max-video-preview:-1\" \/>\n<link rel=\"canonical\" href=\"https:\/\/vosgesinfo.fr\/epinalinfo\/2025\/06\/decouvrez-les-nouveaux-produits-labellises-je-vois-la-vie-en-vosges-terroir\/\" \/>\n<meta name=\"twitter:card\" content=\"summary_large_image\" \/>\n<meta name=\"twitter:title\" content=\"D\u00e9couvrez les Nouveaux Produits Labellis\u00e9s \u00ab Je Vois la Vie en Vosges Terroir \u00bb - Epinal Info\" \/>\n<meta name=\"twitter:description\" content=\"Mardi 17 juin 2025, le lyc\u00e9e Notre-Dame Saint-Joseph d\u2019\u00c9pinal a accueilli la commission d\u2019agr\u00e9ment annuelle de la marque \u00ab Je [&hellip;]\" \/>\n<meta name=\"twitter:image\" content=\"https:\/\/vosgesinfo.fr\/app\/uploads\/sites\/3\/2025\/06\/thumbnail-label-vosges-terroir-notation--1--17-juin-2025-photos-ste\u0301phane-calmels.jpg\" \/>\n<meta name=\"twitter:creator\" content=\"@VosgesInfo88\" \/>\n<meta name=\"twitter:site\" content=\"@VosgesInfo88\" \/>\n<meta name=\"twitter:label1\" content=\"\u00c9crit par\" \/>\n\t<meta name=\"twitter:data1\" content=\"C.K.\" \/>\n\t<meta name=\"twitter:label2\" content=\"Dur\u00e9e de lecture estim\u00e9e\" \/>\n\t<meta name=\"twitter:data2\" content=\"2 minutes\" \/>\n<script type=\"application\/ld+json\" class=\"yoast-schema-graph\">{\"@context\":\"https:\/\/schema.org\",\"@graph\":[{\"@type\":\"Article\",\"@id\":\"https:\/\/vosgesinfo.fr\/epinalinfo\/2025\/06\/decouvrez-les-nouveaux-produits-labellises-je-vois-la-vie-en-vosges-terroir\/#article\",\"isPartOf\":{\"@id\":\"https:\/\/vosgesinfo.fr\/epinalinfo\/2025\/06\/decouvrez-les-nouveaux-produits-labellises-je-vois-la-vie-en-vosges-terroir\/\"},\"author\":{\"name\":\"C.K.\",\"@id\":\"https:\/\/vosgesinfo.fr\/epinalinfo\/#\/schema\/person\/6f9a650eeea99d969b6c4ab78fccbe81\"},\"headline\":\"D\u00e9couvrez les Nouveaux Produits Labellis\u00e9s \u00ab Je Vois la Vie en Vosges Terroir \u00bb\",\"datePublished\":\"2025-06-19T14:30:03+00:00\",\"dateModified\":\"2025-06-19T14:20:31+00:00\",\"mainEntityOfPage\":{\"@id\":\"https:\/\/vosgesinfo.fr\/epinalinfo\/2025\/06\/decouvrez-les-nouveaux-produits-labellises-je-vois-la-vie-en-vosges-terroir\/\"},\"wordCount\":504,\"commentCount\":0,\"publisher\":{\"@id\":\"https:\/\/vosgesinfo.fr\/epinalinfo\/#organization\"},\"image\":{\"@id\":\"https:\/\/vosgesinfo.fr\/epinalinfo\/2025\/06\/decouvrez-les-nouveaux-produits-labellises-je-vois-la-vie-en-vosges-terroir\/#primaryimage\"},\"thumbnailUrl\":\"https:\/\/vosgesinfo.fr\/app\/uploads\/sites\/3\/2025\/06\/thumbnail-label-vosges-terroir-notation--1--17-juin-2025-photos-ste\u0301phane-calmels.jpg\",\"articleSection\":[\"A la Une\",\"Epinal\",\"Vosges\"],\"inLanguage\":\"fr-FR\",\"potentialAction\":[{\"@type\":\"CommentAction\",\"name\":\"Comment\",\"target\":[\"https:\/\/vosgesinfo.fr\/epinalinfo\/2025\/06\/decouvrez-les-nouveaux-produits-labellises-je-vois-la-vie-en-vosges-terroir\/#respond\"]}]},{\"@type\":\"WebPage\",\"@id\":\"https:\/\/vosgesinfo.fr\/epinalinfo\/2025\/06\/decouvrez-les-nouveaux-produits-labellises-je-vois-la-vie-en-vosges-terroir\/\",\"url\":\"https:\/\/vosgesinfo.fr\/epinalinfo\/2025\/06\/decouvrez-les-nouveaux-produits-labellises-je-vois-la-vie-en-vosges-terroir\/\",\"name\":\"D\u00e9couvrez les Nouveaux Produits Labellis\u00e9s \u00ab Je Vois la Vie en Vosges Terroir \u00bb - Epinal Info\",\"isPartOf\":{\"@id\":\"https:\/\/vosgesinfo.fr\/epinalinfo\/#website\"},\"primaryImageOfPage\":{\"@id\":\"https:\/\/vosgesinfo.fr\/epinalinfo\/2025\/06\/decouvrez-les-nouveaux-produits-labellises-je-vois-la-vie-en-vosges-terroir\/#primaryimage\"},\"image\":{\"@id\":\"https:\/\/vosgesinfo.fr\/epinalinfo\/2025\/06\/decouvrez-les-nouveaux-produits-labellises-je-vois-la-vie-en-vosges-terroir\/#primaryimage\"},\"thumbnailUrl\":\"https:\/\/vosgesinfo.fr\/app\/uploads\/sites\/3\/2025\/06\/thumbnail-label-vosges-terroir-notation--1--17-juin-2025-photos-ste\u0301phane-calmels.jpg\",\"datePublished\":\"2025-06-19T14:30:03+00:00\",\"dateModified\":\"2025-06-19T14:20:31+00:00\",\"breadcrumb\":{\"@id\":\"https:\/\/vosgesinfo.fr\/epinalinfo\/2025\/06\/decouvrez-les-nouveaux-produits-labellises-je-vois-la-vie-en-vosges-terroir\/#breadcrumb\"},\"inLanguage\":\"fr-FR\",\"potentialAction\":[{\"@type\":\"ReadAction\",\"target\":[\"https:\/\/vosgesinfo.fr\/epinalinfo\/2025\/06\/decouvrez-les-nouveaux-produits-labellises-je-vois-la-vie-en-vosges-terroir\/\"]}]},{\"@type\":\"ImageObject\",\"inLanguage\":\"fr-FR\",\"@id\":\"https:\/\/vosgesinfo.fr\/epinalinfo\/2025\/06\/decouvrez-les-nouveaux-produits-labellises-je-vois-la-vie-en-vosges-terroir\/#primaryimage\",\"url\":\"https:\/\/vosgesinfo.fr\/app\/uploads\/sites\/3\/2025\/06\/thumbnail-label-vosges-terroir-notation--1--17-juin-2025-photos-ste\u0301phane-calmels.jpg\",\"contentUrl\":\"https:\/\/vosgesinfo.fr\/app\/uploads\/sites\/3\/2025\/06\/thumbnail-label-vosges-terroir-notation--1--17-juin-2025-photos-ste\u0301phane-calmels.jpg\",\"width\":1200,\"height\":613,\"caption\":\"photo St\u00e9phane Calmels\"},{\"@type\":\"BreadcrumbList\",\"@id\":\"https:\/\/vosgesinfo.fr\/epinalinfo\/2025\/06\/decouvrez-les-nouveaux-produits-labellises-je-vois-la-vie-en-vosges-terroir\/#breadcrumb\",\"itemListElement\":[{\"@type\":\"ListItem\",\"position\":1,\"name\":\"Home\",\"item\":\"https:\/\/vosgesinfo.fr\/epinalinfo\/\"},{\"@type\":\"ListItem\",\"position\":2,\"name\":\"D\u00e9couvrez les Nouveaux Produits Labellis\u00e9s \u00ab Je Vois la Vie en Vosges Terroir \u00bb\"}]},{\"@type\":\"WebSite\",\"@id\":\"https:\/\/vosgesinfo.fr\/epinalinfo\/#website\",\"url\":\"https:\/\/vosgesinfo.fr\/epinalinfo\/\",\"name\":\"Epinal Info\",\"description\":\"Toute l&#039;actualit\u00e9 d&#039;\u00c9pinal\",\"publisher\":{\"@id\":\"https:\/\/vosgesinfo.fr\/epinalinfo\/#organization\"},\"alternateName\":\"Toute l'actualit\u00e9 d'\u00c9pinal\",\"potentialAction\":[{\"@type\":\"SearchAction\",\"target\":{\"@type\":\"EntryPoint\",\"urlTemplate\":\"https:\/\/vosgesinfo.fr\/epinalinfo\/?s={search_term_string}\"},\"query-input\":\"required name=search_term_string\"}],\"inLanguage\":\"fr-FR\"},{\"@type\":\"Organization\",\"@id\":\"https:\/\/vosgesinfo.fr\/epinalinfo\/#organization\",\"name\":\"Epinal Info\",\"url\":\"https:\/\/vosgesinfo.fr\/epinalinfo\/\",\"logo\":{\"@type\":\"ImageObject\",\"inLanguage\":\"fr-FR\",\"@id\":\"https:\/\/vosgesinfo.fr\/epinalinfo\/#\/schema\/logo\/image\/\",\"url\":\"https:\/\/vosgesinfo.fr\/app\/uploads\/sites\/3\/2023\/08\/logo-epinalinfos.svg\",\"contentUrl\":\"https:\/\/vosgesinfo.fr\/app\/uploads\/sites\/3\/2023\/08\/logo-epinalinfos.svg\",\"width\":1,\"height\":1,\"caption\":\"Epinal Info\"},\"image\":{\"@id\":\"https:\/\/vosgesinfo.fr\/epinalinfo\/#\/schema\/logo\/image\/\"},\"sameAs\":[\"https:\/\/www.facebook.com\/Epinalinfos\",\"https:\/\/x.com\/VosgesInfo88\",\"https:\/\/www.youtube.com\/@vosgesinfo\"]},{\"@type\":\"Person\",\"@id\":\"https:\/\/vosgesinfo.fr\/epinalinfo\/#\/schema\/person\/6f9a650eeea99d969b6c4ab78fccbe81\",\"name\":\"C.K.\",\"image\":{\"@type\":\"ImageObject\",\"inLanguage\":\"fr-FR\",\"@id\":\"https:\/\/vosgesinfo.fr\/epinalinfo\/#\/schema\/person\/image\/\",\"url\":\"https:\/\/secure.gravatar.com\/avatar\/48e3fc7f8421ba8942be6b74a2b7f014ca39bc00dece156b7a8e098ae7dc87bf?s=96&d=mm&r=g\",\"contentUrl\":\"https:\/\/secure.gravatar.com\/avatar\/48e3fc7f8421ba8942be6b74a2b7f014ca39bc00dece156b7a8e098ae7dc87bf?s=96&d=mm&r=g\",\"caption\":\"C.K.\"},\"url\":\"https:\/\/vosgesinfo.fr\/epinalinfo\/author\/celia-k-n\/\"}]}<\/script>\n<!-- \/ Yoast SEO plugin. -->","yoast_head_json":{"title":"D\u00e9couvrez les Nouveaux Produits Labellis\u00e9s \u00ab Je Vois la Vie en Vosges Terroir \u00bb - Epinal Info","robots":{"index":"index","follow":"follow","max-snippet":"max-snippet:-1","max-image-preview":"max-image-preview:large","max-video-preview":"max-video-preview:-1"},"canonical":"https:\/\/vosgesinfo.fr\/epinalinfo\/2025\/06\/decouvrez-les-nouveaux-produits-labellises-je-vois-la-vie-en-vosges-terroir\/","twitter_card":"summary_large_image","twitter_title":"D\u00e9couvrez les Nouveaux Produits Labellis\u00e9s \u00ab Je Vois la Vie en Vosges Terroir \u00bb - Epinal Info","twitter_description":"Mardi 17 juin 2025, le lyc\u00e9e Notre-Dame Saint-Joseph d\u2019\u00c9pinal a accueilli la commission d\u2019agr\u00e9ment annuelle de la marque \u00ab Je [&hellip;]","twitter_image":"https:\/\/vosgesinfo.fr\/app\/uploads\/sites\/3\/2025\/06\/thumbnail-label-vosges-terroir-notation--1--17-juin-2025-photos-ste\u0301phane-calmels.jpg","twitter_creator":"@VosgesInfo88","twitter_site":"@VosgesInfo88","twitter_misc":{"\u00c9crit par":"C.K.","Dur\u00e9e de lecture estim\u00e9e":"2 minutes"},"schema":{"@context":"https:\/\/schema.org","@graph":[{"@type":"Article","@id":"https:\/\/vosgesinfo.fr\/epinalinfo\/2025\/06\/decouvrez-les-nouveaux-produits-labellises-je-vois-la-vie-en-vosges-terroir\/#article","isPartOf":{"@id":"https:\/\/vosgesinfo.fr\/epinalinfo\/2025\/06\/decouvrez-les-nouveaux-produits-labellises-je-vois-la-vie-en-vosges-terroir\/"},"author":{"name":"C.K.","@id":"https:\/\/vosgesinfo.fr\/epinalinfo\/#\/schema\/person\/6f9a650eeea99d969b6c4ab78fccbe81"},"headline":"D\u00e9couvrez les Nouveaux Produits Labellis\u00e9s \u00ab Je Vois la Vie en Vosges Terroir \u00bb","datePublished":"2025-06-19T14:30:03+00:00","dateModified":"2025-06-19T14:20:31+00:00","mainEntityOfPage":{"@id":"https:\/\/vosgesinfo.fr\/epinalinfo\/2025\/06\/decouvrez-les-nouveaux-produits-labellises-je-vois-la-vie-en-vosges-terroir\/"},"wordCount":504,"commentCount":0,"publisher":{"@id":"https:\/\/vosgesinfo.fr\/epinalinfo\/#organization"},"image":{"@id":"https:\/\/vosgesinfo.fr\/epinalinfo\/2025\/06\/decouvrez-les-nouveaux-produits-labellises-je-vois-la-vie-en-vosges-terroir\/#primaryimage"},"thumbnailUrl":"https:\/\/vosgesinfo.fr\/app\/uploads\/sites\/3\/2025\/06\/thumbnail-label-vosges-terroir-notation--1--17-juin-2025-photos-ste\u0301phane-calmels.jpg","articleSection":["A la Une","Epinal","Vosges"],"inLanguage":"fr-FR","potentialAction":[{"@type":"CommentAction","name":"Comment","target":["https:\/\/vosgesinfo.fr\/epinalinfo\/2025\/06\/decouvrez-les-nouveaux-produits-labellises-je-vois-la-vie-en-vosges-terroir\/#respond"]}]},{"@type":"WebPage","@id":"https:\/\/vosgesinfo.fr\/epinalinfo\/2025\/06\/decouvrez-les-nouveaux-produits-labellises-je-vois-la-vie-en-vosges-terroir\/","url":"https:\/\/vosgesinfo.fr\/epinalinfo\/2025\/06\/decouvrez-les-nouveaux-produits-labellises-je-vois-la-vie-en-vosges-terroir\/","name":"D\u00e9couvrez les Nouveaux Produits Labellis\u00e9s \u00ab Je Vois la Vie en Vosges Terroir \u00bb - Epinal Info","isPartOf":{"@id":"https:\/\/vosgesinfo.fr\/epinalinfo\/#website"},"primaryImageOfPage":{"@id":"https:\/\/vosgesinfo.fr\/epinalinfo\/2025\/06\/decouvrez-les-nouveaux-produits-labellises-je-vois-la-vie-en-vosges-terroir\/#primaryimage"},"image":{"@id":"https:\/\/vosgesinfo.fr\/epinalinfo\/2025\/06\/decouvrez-les-nouveaux-produits-labellises-je-vois-la-vie-en-vosges-terroir\/#primaryimage"},"thumbnailUrl":"https:\/\/vosgesinfo.fr\/app\/uploads\/sites\/3\/2025\/06\/thumbnail-label-vosges-terroir-notation--1--17-juin-2025-photos-ste\u0301phane-calmels.jpg","datePublished":"2025-06-19T14:30:03+00:00","dateModified":"2025-06-19T14:20:31+00:00","breadcrumb":{"@id":"https:\/\/vosgesinfo.fr\/epinalinfo\/2025\/06\/decouvrez-les-nouveaux-produits-labellises-je-vois-la-vie-en-vosges-terroir\/#breadcrumb"},"inLanguage":"fr-FR","potentialAction":[{"@type":"ReadAction","target":["https:\/\/vosgesinfo.fr\/epinalinfo\/2025\/06\/decouvrez-les-nouveaux-produits-labellises-je-vois-la-vie-en-vosges-terroir\/"]}]},{"@type":"ImageObject","inLanguage":"fr-FR","@id":"https:\/\/vosgesinfo.fr\/epinalinfo\/2025\/06\/decouvrez-les-nouveaux-produits-labellises-je-vois-la-vie-en-vosges-terroir\/#primaryimage","url":"https:\/\/vosgesinfo.fr\/app\/uploads\/sites\/3\/2025\/06\/thumbnail-label-vosges-terroir-notation--1--17-juin-2025-photos-ste\u0301phane-calmels.jpg","contentUrl":"https:\/\/vosgesinfo.fr\/app\/uploads\/sites\/3\/2025\/06\/thumbnail-label-vosges-terroir-notation--1--17-juin-2025-photos-ste\u0301phane-calmels.jpg","width":1200,"height":613,"caption":"photo St\u00e9phane Calmels"},{"@type":"BreadcrumbList","@id":"https:\/\/vosgesinfo.fr\/epinalinfo\/2025\/06\/decouvrez-les-nouveaux-produits-labellises-je-vois-la-vie-en-vosges-terroir\/#breadcrumb","itemListElement":[{"@type":"ListItem","position":1,"name":"Home","item":"https:\/\/vosgesinfo.fr\/epinalinfo\/"},{"@type":"ListItem","position":2,"name":"D\u00e9couvrez les Nouveaux Produits Labellis\u00e9s \u00ab Je Vois la Vie en Vosges Terroir \u00bb"}]},{"@type":"WebSite","@id":"https:\/\/vosgesinfo.fr\/epinalinfo\/#website","url":"https:\/\/vosgesinfo.fr\/epinalinfo\/","name":"Epinal Info","description":"Toute l&#039;actualit\u00e9 d&#039;\u00c9pinal","publisher":{"@id":"https:\/\/vosgesinfo.fr\/epinalinfo\/#organization"},"alternateName":"Toute l'actualit\u00e9 d'\u00c9pinal","potentialAction":[{"@type":"SearchAction","target":{"@type":"EntryPoint","urlTemplate":"https:\/\/vosgesinfo.fr\/epinalinfo\/?s={search_term_string}"},"query-input":"required name=search_term_string"}],"inLanguage":"fr-FR"},{"@type":"Organization","@id":"https:\/\/vosgesinfo.fr\/epinalinfo\/#organization","name":"Epinal Info","url":"https:\/\/vosgesinfo.fr\/epinalinfo\/","logo":{"@type":"ImageObject","inLanguage":"fr-FR","@id":"https:\/\/vosgesinfo.fr\/epinalinfo\/#\/schema\/logo\/image\/","url":"https:\/\/vosgesinfo.fr\/app\/uploads\/sites\/3\/2023\/08\/logo-epinalinfos.svg","contentUrl":"https:\/\/vosgesinfo.fr\/app\/uploads\/sites\/3\/2023\/08\/logo-epinalinfos.svg","width":1,"height":1,"caption":"Epinal Info"},"image":{"@id":"https:\/\/vosgesinfo.fr\/epinalinfo\/#\/schema\/logo\/image\/"},"sameAs":["https:\/\/www.facebook.com\/Epinalinfos","https:\/\/x.com\/VosgesInfo88","https:\/\/www.youtube.com\/@vosgesinfo"]},{"@type":"Person","@id":"https:\/\/vosgesinfo.fr\/epinalinfo\/#\/schema\/person\/6f9a650eeea99d969b6c4ab78fccbe81","name":"C.K.","image":{"@type":"ImageObject","inLanguage":"fr-FR","@id":"https:\/\/vosgesinfo.fr\/epinalinfo\/#\/schema\/person\/image\/","url":"https:\/\/secure.gravatar.com\/avatar\/48e3fc7f8421ba8942be6b74a2b7f014ca39bc00dece156b7a8e098ae7dc87bf?s=96&d=mm&r=g","contentUrl":"https:\/\/secure.gravatar.com\/avatar\/48e3fc7f8421ba8942be6b74a2b7f014ca39bc00dece156b7a8e098ae7dc87bf?s=96&d=mm&r=g","caption":"C.K."},"url":"https:\/\/vosgesinfo.fr\/epinalinfo\/author\/celia-k-n\/"}]}},"_links":{"self":[{"href":"https:\/\/vosgesinfo.fr\/epinalinfo\/wp-json\/wp\/v2\/posts\/133041","targetHints":{"allow":["GET"]}}],"collection":[{"href":"https:\/\/vosgesinfo.fr\/epinalinfo\/wp-json\/wp\/v2\/posts"}],"about":[{"href":"https:\/\/vosgesinfo.fr\/epinalinfo\/wp-json\/wp\/v2\/types\/post"}],"author":[{"embeddable":true,"href":"https:\/\/vosgesinfo.fr\/epinalinfo\/wp-json\/wp\/v2\/users\/52"}],"replies":[{"embeddable":true,"href":"https:\/\/vosgesinfo.fr\/epinalinfo\/wp-json\/wp\/v2\/comments?post=133041"}],"version-history":[{"count":1,"href":"https:\/\/vosgesinfo.fr\/epinalinfo\/wp-json\/wp\/v2\/posts\/133041\/revisions"}],"predecessor-version":[{"id":133042,"href":"https:\/\/vosgesinfo.fr\/epinalinfo\/wp-json\/wp\/v2\/posts\/133041\/revisions\/133042"}],"wp:featuredmedia":[{"embeddable":true,"href":"https:\/\/vosgesinfo.fr\/epinalinfo\/wp-json\/wp\/v2\/media\/132981"}],"wp:attachment":[{"href":"https:\/\/vosgesinfo.fr\/epinalinfo\/wp-json\/wp\/v2\/media?parent=133041"}],"wp:term":[{"taxonomy":"category","embeddable":true,"href":"https:\/\/vosgesinfo.fr\/epinalinfo\/wp-json\/wp\/v2\/categories?post=133041"},{"taxonomy":"post_tag","embeddable":true,"href":"https:\/\/vosgesinfo.fr\/epinalinfo\/wp-json\/wp\/v2\/tags?post=133041"}],"curies":[{"name":"wp","href":"https:\/\/api.w.org\/{rel}","templated":true}]}}