{"id":133054,"date":"2025-06-20T09:30:42","date_gmt":"2025-06-20T07:30:42","guid":{"rendered":"https:\/\/vosgesinfo.fr\/epinalinfo\/?p=133054"},"modified":"2025-06-20T09:30:42","modified_gmt":"2025-06-20T07:30:42","slug":"la-mfr-de-hadol-garde-le-cap-portee-par-une-equipe-engagee","status":"publish","type":"post","link":"https:\/\/vosgesinfo.fr\/epinalinfo\/2025\/06\/la-mfr-de-hadol-garde-le-cap-portee-par-une-equipe-engagee\/","title":{"rendered":"La MFR de Hadol garde le cap, port\u00e9e par une \u00e9quipe engag\u00e9e"},"content":{"rendered":"<p data-pm-slice=\"0 0 []\"><a href=\"https:\/\/vosgesinfo.fr\/app\/uploads\/sites\/5\/2025\/06\/mfr-hadol-copie-2-scaled.jpg\"><img decoding=\"async\" class=\"aligncenter size-full wp-image-82911\" src=\"https:\/\/vosgesinfo.fr\/app\/uploads\/sites\/5\/2025\/06\/mfr-hadol-copie-2-scaled.jpg\" alt=\"\" width=\"2560\" height=\"1921\" \/><\/a><\/p>\n<p data-pm-slice=\"0 0 []\"><strong>La Maison Familiale et Rurale (MFR) de Hadol, structure embl\u00e9matique du territoire vosgien depuis 1946, a r\u00e9cemment enclench\u00e9 une proc\u00e9dure de plan de sauvegarde, valid\u00e9e par le tribunal judiciaire d\u2019\u00c9pinal le 20 mai dernier. Une d\u00e9cision anticip\u00e9e, qui vise \u00e0 pr\u00e9server l\u2019avenir de l\u2019\u00e9tablissement sans remettre en cause son fonctionnement actuel ni sa viabilit\u00e9.<\/strong><\/p>\n<h3>Une d\u00e9cision anticip\u00e9e face \u00e0 des pr\u00e9visions d\u00e9licates<\/h3>\n<p>La MFR accueille aujourd\u2019hui 124 \u00e9l\u00e8ves, emploie 21 salari\u00e9s et propose plusieurs formations : des classes de 4e et 3e de l\u2019enseignement agricole, un Bac Pro SAPAT (Services aux Personnes et Animation dans les Territoires), mais aussi des formations continues et un accompagnement \u00e0 la VAE (Validation des Acquis de l\u2019Exp\u00e9rience). Bien qu\u2019elle ne soit pas en cessation de paiement, des difficult\u00e9s de tr\u00e9sorerie importantes se profilaient \u00e0 l\u2019horizon.<\/p>\n<p>Face \u00e0 cette perspective, Fanny Chmara, directrice de la MFR, a souhait\u00e9 anticiper. \u00ab Nous avons pr\u00e9f\u00e9r\u00e9 agir en amont, avant que la situation ne se d\u00e9grade. Ce plan est un outil juridique, pas un signe d\u2019\u00e9chec \u00bb, explique-t-elle.<\/p>\n<h3>Un contexte multifactoriel<\/h3>\n<p>La MFR a connu plusieurs revers ces derni\u00e8res ann\u00e9es : les effets de la crise sanitaire, des investissements importants dont les retours ont \u00e9t\u00e9 moindres qu\u2019attendus, et surtout la non-attribution d\u2019une subvention FEADER de 220 000 euros, faute de respect de la proc\u00e9dure de commande publique. Ce financement devait notamment couvrir du mat\u00e9riel de cuisine, aujourd\u2019hui \u00e0 la charge de la MFR.<\/p>\n<p>L\u2019\u00e9tablissement, r\u00e9parti sur deux sites \u2014 un en propri\u00e9t\u00e9, l\u2019autre en location \u2014 subit \u00e9galement des charges accrues li\u00e9es \u00e0 cette organisation.<\/p>\n<h3>Un outil pour rebondir<\/h3>\n<p>Le plan de sauvegarde permet \u00e0 la structure de geler son passif pendant un an afin de reconstituer sa tr\u00e9sorerie, avant d\u2019engager un remboursement \u00e9chelonn\u00e9 pouvant aller jusqu\u2019\u00e0 10 ans. Durant cette p\u00e9riode, aucune cr\u00e9ance n\u00e9e avant le 20 mai n\u2019est exigible, offrant un r\u00e9pit strat\u00e9gique.<\/p>\n<p>Dans le cadre de cette proc\u00e9dure de sauvegarde, un repr\u00e9sentant du personnel a d\u00fb \u00eatre \u00e9lu. Le choix s&rsquo;est pos\u00e9 sur C\u00e9line Gustin, formatrice de la Maison Familiale, qui a \u00e9t\u00e9 \u00e9lue par l&rsquo;ensemble du personnel. C\u00e9line Gustin aura pour mission de repr\u00e9senter l&rsquo;\u00e9quipe lors des audiences au tribunal et d&rsquo;assurer la communication aupr\u00e8s de l&rsquo;\u00e9quipe au sujet de l&rsquo;\u00e9tat d&rsquo;avancement de la proc\u00e9dure.<\/p>\n<p>\u00ab Ce dispositif est une opportunit\u00e9, pas une fin en soi. Il permet de poser des bases solides pour repartir sur de bons rails \u00bb, affirme Juliette Souvay-Rodrigues, formatrice de longue date. Elle salue \u00e9galement l\u2019arriv\u00e9e de Fanny Chmara \u00e0 la direction, qui a \u00ab r\u00e9tabli la confiance avec le conseil d\u2019administration \u00bb.<\/p>\n<h3>Une activit\u00e9 toujours dynamique<\/h3>\n<p>Loin d\u2019un \u00e9tablissement en difficult\u00e9, la MFR continue de vivre intens\u00e9ment son territoire. Son activit\u00e9 touristique, encadr\u00e9e depuis plus d&rsquo;un an sous la houlette de Christine Bruley, adjointe \u00e0 la direction, fonctionne tr\u00e8s bien, g\u00e9n\u00e9rant pr\u00e8s de 120 000 euros de recettes en 2024.<\/p>\n<p>De plus, la MFR renforce ses liens avec les acteurs locaux dans le domaine du service \u00e0 la personne, propose des stages \u00e0 l\u2019\u00e9tranger, et organise depuis 10 ans un spectacle interg\u00e9n\u00e9rationnel initi\u00e9 par Juliette Souvay-Rodrigues et Daniel Picard, symbole de son engagement social et culturel.<\/p>\n<p>La structure veut \u00e9galement se projeter : de nouveaux projets sont \u00e0 l\u2019\u00e9tude pour la rentr\u00e9e 2025, notamment la r\u00e9ouverture d\u2019un poulailler p\u00e9dagogique, ainsi que la cr\u00e9ation d&rsquo;un march\u00e9 des producteurs locaux.<\/p>\n<h3>Un audit pour un nouveau d\u00e9part<\/h3>\n<p>Pour mieux comprendre les origines de ses difficult\u00e9s et renforcer son efficacit\u00e9, la MFR a missionn\u00e9 KPMG (aujourd&rsquo;hui Rydge Conseil) pour un audit financier r\u00e9trospectif sur 4 ans. Objectif : faire table rase des anciens sch\u00e9mas et s\u2019appuyer sur les forces internes de la structure.<\/p>\n<p>Dans un climat d\u00e9crit comme serein et mobilis\u00e9, tous les acteurs de la MFR partagent un m\u00eame \u00e9lan : celui de garantir aux \u00e9l\u00e8ves et \u00e0 leurs familles un avenir stable et porteur, fid\u00e8le \u00e0 l\u2019esprit des maisons familiales rurales qui valorisent l\u2019alternance et l\u2019ancrage local.<\/p>\n<p>\u00ab La Maison Familiale de Hadol ne va pas fermer ! \u00bb assure avec conviction Fanny Chmara. \u00ab Nous avons travers\u00e9 des turbulences, mais nous avan\u00e7ons avec d\u00e9termination. \u00bb<\/p>\n","protected":false},"excerpt":{"rendered":"<p>La Maison Familiale et Rurale (MFR) de Hadol, structure embl\u00e9matique du territoire vosgien depuis 1946, a r\u00e9cemment enclench\u00e9 une proc\u00e9dure [&hellip;]<\/p>\n","protected":false},"author":418,"featured_media":133055,"comment_status":"open","ping_status":"open","sticky":false,"template":"","format":"standard","meta":{"footnotes":""},"categories":[22,24,5],"tags":[16295,16765],"class_list":["post-133054","post","type-post","status-publish","format-standard","has-post-thumbnail","hentry","category-a-la-une","category-epinal","category-vosges","tag-mfr-hadol","tag-plan-de-sauvegarde"],"acf":[],"yoast_head":"<!-- This site is optimized with the Yoast SEO plugin v22.5 - https:\/\/yoast.com\/wordpress\/plugins\/seo\/ -->\n<title>La MFR de Hadol garde le cap, port\u00e9e par une \u00e9quipe engag\u00e9e - Epinal Info<\/title>\n<meta name=\"robots\" content=\"index, follow, max-snippet:-1, max-image-preview:large, max-video-preview:-1\" \/>\n<link rel=\"canonical\" href=\"https:\/\/vosgesinfo.fr\/epinalinfo\/2025\/06\/la-mfr-de-hadol-garde-le-cap-portee-par-une-equipe-engagee\/\" \/>\n<meta name=\"twitter:card\" content=\"summary_large_image\" \/>\n<meta name=\"twitter:title\" content=\"La MFR de Hadol garde le cap, port\u00e9e par une \u00e9quipe engag\u00e9e - Epinal Info\" \/>\n<meta name=\"twitter:description\" content=\"La Maison Familiale et Rurale (MFR) de Hadol, structure embl\u00e9matique du territoire vosgien depuis 1946, a r\u00e9cemment enclench\u00e9 une proc\u00e9dure [&hellip;]\" \/>\n<meta name=\"twitter:image\" content=\"https:\/\/vosgesinfo.fr\/app\/uploads\/sites\/3\/2025\/06\/mfr-hadol-copie-2-scaled-1.jpg\" \/>\n<meta name=\"twitter:creator\" content=\"@VosgesInfo88\" \/>\n<meta name=\"twitter:site\" content=\"@VosgesInfo88\" \/>\n<meta name=\"twitter:label1\" content=\"\u00c9crit par\" \/>\n\t<meta name=\"twitter:data1\" content=\"C.M\" \/>\n\t<meta name=\"twitter:label2\" content=\"Dur\u00e9e de lecture estim\u00e9e\" \/>\n\t<meta name=\"twitter:data2\" content=\"4 minutes\" \/>\n<script type=\"application\/ld+json\" class=\"yoast-schema-graph\">{\"@context\":\"https:\/\/schema.org\",\"@graph\":[{\"@type\":\"Article\",\"@id\":\"https:\/\/vosgesinfo.fr\/epinalinfo\/2025\/06\/la-mfr-de-hadol-garde-le-cap-portee-par-une-equipe-engagee\/#article\",\"isPartOf\":{\"@id\":\"https:\/\/vosgesinfo.fr\/epinalinfo\/2025\/06\/la-mfr-de-hadol-garde-le-cap-portee-par-une-equipe-engagee\/\"},\"author\":{\"name\":\"C.M\",\"@id\":\"https:\/\/vosgesinfo.fr\/epinalinfo\/#\/schema\/person\/4f38cd3068e342935b7304695c797d08\"},\"headline\":\"La MFR de Hadol garde le cap, port\u00e9e par une \u00e9quipe engag\u00e9e\",\"datePublished\":\"2025-06-20T07:30:42+00:00\",\"dateModified\":\"2025-06-20T07:30:42+00:00\",\"mainEntityOfPage\":{\"@id\":\"https:\/\/vosgesinfo.fr\/epinalinfo\/2025\/06\/la-mfr-de-hadol-garde-le-cap-portee-par-une-equipe-engagee\/\"},\"wordCount\":742,\"commentCount\":0,\"publisher\":{\"@id\":\"https:\/\/vosgesinfo.fr\/epinalinfo\/#organization\"},\"image\":{\"@id\":\"https:\/\/vosgesinfo.fr\/epinalinfo\/2025\/06\/la-mfr-de-hadol-garde-le-cap-portee-par-une-equipe-engagee\/#primaryimage\"},\"thumbnailUrl\":\"https:\/\/vosgesinfo.fr\/app\/uploads\/sites\/3\/2025\/06\/mfr-hadol-copie-2-scaled-1.jpg\",\"keywords\":[\"MFR Hadol\",\"Plan de sauvegarde\"],\"articleSection\":[\"A la Une\",\"Epinal\",\"Vosges\"],\"inLanguage\":\"fr-FR\",\"potentialAction\":[{\"@type\":\"CommentAction\",\"name\":\"Comment\",\"target\":[\"https:\/\/vosgesinfo.fr\/epinalinfo\/2025\/06\/la-mfr-de-hadol-garde-le-cap-portee-par-une-equipe-engagee\/#respond\"]}]},{\"@type\":\"WebPage\",\"@id\":\"https:\/\/vosgesinfo.fr\/epinalinfo\/2025\/06\/la-mfr-de-hadol-garde-le-cap-portee-par-une-equipe-engagee\/\",\"url\":\"https:\/\/vosgesinfo.fr\/epinalinfo\/2025\/06\/la-mfr-de-hadol-garde-le-cap-portee-par-une-equipe-engagee\/\",\"name\":\"La MFR de Hadol garde le cap, port\u00e9e par une \u00e9quipe engag\u00e9e - Epinal Info\",\"isPartOf\":{\"@id\":\"https:\/\/vosgesinfo.fr\/epinalinfo\/#website\"},\"primaryImageOfPage\":{\"@id\":\"https:\/\/vosgesinfo.fr\/epinalinfo\/2025\/06\/la-mfr-de-hadol-garde-le-cap-portee-par-une-equipe-engagee\/#primaryimage\"},\"image\":{\"@id\":\"https:\/\/vosgesinfo.fr\/epinalinfo\/2025\/06\/la-mfr-de-hadol-garde-le-cap-portee-par-une-equipe-engagee\/#primaryimage\"},\"thumbnailUrl\":\"https:\/\/vosgesinfo.fr\/app\/uploads\/sites\/3\/2025\/06\/mfr-hadol-copie-2-scaled-1.jpg\",\"datePublished\":\"2025-06-20T07:30:42+00:00\",\"dateModified\":\"2025-06-20T07:30:42+00:00\",\"breadcrumb\":{\"@id\":\"https:\/\/vosgesinfo.fr\/epinalinfo\/2025\/06\/la-mfr-de-hadol-garde-le-cap-portee-par-une-equipe-engagee\/#breadcrumb\"},\"inLanguage\":\"fr-FR\",\"potentialAction\":[{\"@type\":\"ReadAction\",\"target\":[\"https:\/\/vosgesinfo.fr\/epinalinfo\/2025\/06\/la-mfr-de-hadol-garde-le-cap-portee-par-une-equipe-engagee\/\"]}]},{\"@type\":\"ImageObject\",\"inLanguage\":\"fr-FR\",\"@id\":\"https:\/\/vosgesinfo.fr\/epinalinfo\/2025\/06\/la-mfr-de-hadol-garde-le-cap-portee-par-une-equipe-engagee\/#primaryimage\",\"url\":\"https:\/\/vosgesinfo.fr\/app\/uploads\/sites\/3\/2025\/06\/mfr-hadol-copie-2-scaled-1.jpg\",\"contentUrl\":\"https:\/\/vosgesinfo.fr\/app\/uploads\/sites\/3\/2025\/06\/mfr-hadol-copie-2-scaled-1.jpg\",\"width\":2560,\"height\":1921},{\"@type\":\"BreadcrumbList\",\"@id\":\"https:\/\/vosgesinfo.fr\/epinalinfo\/2025\/06\/la-mfr-de-hadol-garde-le-cap-portee-par-une-equipe-engagee\/#breadcrumb\",\"itemListElement\":[{\"@type\":\"ListItem\",\"position\":1,\"name\":\"Home\",\"item\":\"https:\/\/vosgesinfo.fr\/epinalinfo\/\"},{\"@type\":\"ListItem\",\"position\":2,\"name\":\"La MFR de Hadol garde le cap, port\u00e9e par une \u00e9quipe engag\u00e9e\"}]},{\"@type\":\"WebSite\",\"@id\":\"https:\/\/vosgesinfo.fr\/epinalinfo\/#website\",\"url\":\"https:\/\/vosgesinfo.fr\/epinalinfo\/\",\"name\":\"Epinal Info\",\"description\":\"Toute l&#039;actualit\u00e9 d&#039;\u00c9pinal\",\"publisher\":{\"@id\":\"https:\/\/vosgesinfo.fr\/epinalinfo\/#organization\"},\"alternateName\":\"Toute l'actualit\u00e9 d'\u00c9pinal\",\"potentialAction\":[{\"@type\":\"SearchAction\",\"target\":{\"@type\":\"EntryPoint\",\"urlTemplate\":\"https:\/\/vosgesinfo.fr\/epinalinfo\/?s={search_term_string}\"},\"query-input\":\"required name=search_term_string\"}],\"inLanguage\":\"fr-FR\"},{\"@type\":\"Organization\",\"@id\":\"https:\/\/vosgesinfo.fr\/epinalinfo\/#organization\",\"name\":\"Epinal Info\",\"url\":\"https:\/\/vosgesinfo.fr\/epinalinfo\/\",\"logo\":{\"@type\":\"ImageObject\",\"inLanguage\":\"fr-FR\",\"@id\":\"https:\/\/vosgesinfo.fr\/epinalinfo\/#\/schema\/logo\/image\/\",\"url\":\"https:\/\/vosgesinfo.fr\/app\/uploads\/sites\/3\/2023\/08\/logo-epinalinfos.svg\",\"contentUrl\":\"https:\/\/vosgesinfo.fr\/app\/uploads\/sites\/3\/2023\/08\/logo-epinalinfos.svg\",\"width\":1,\"height\":1,\"caption\":\"Epinal Info\"},\"image\":{\"@id\":\"https:\/\/vosgesinfo.fr\/epinalinfo\/#\/schema\/logo\/image\/\"},\"sameAs\":[\"https:\/\/www.facebook.com\/Epinalinfos\",\"https:\/\/x.com\/VosgesInfo88\",\"https:\/\/www.youtube.com\/@vosgesinfo\"]},{\"@type\":\"Person\",\"@id\":\"https:\/\/vosgesinfo.fr\/epinalinfo\/#\/schema\/person\/4f38cd3068e342935b7304695c797d08\",\"name\":\"C.M\",\"image\":{\"@type\":\"ImageObject\",\"inLanguage\":\"fr-FR\",\"@id\":\"https:\/\/vosgesinfo.fr\/epinalinfo\/#\/schema\/person\/image\/\",\"url\":\"https:\/\/secure.gravatar.com\/avatar\/fe9daaef0164d920717484172682f3c5c9bcf7d42aa8c7048c76c34f0eb6c8da?s=96&d=mm&r=g\",\"contentUrl\":\"https:\/\/secure.gravatar.com\/avatar\/fe9daaef0164d920717484172682f3c5c9bcf7d42aa8c7048c76c34f0eb6c8da?s=96&d=mm&r=g\",\"caption\":\"C.M\"},\"url\":\"https:\/\/vosgesinfo.fr\/epinalinfo\/author\/cm88200\/\"}]}<\/script>\n<!-- \/ Yoast SEO plugin. -->","yoast_head_json":{"title":"La MFR de Hadol garde le cap, port\u00e9e par une \u00e9quipe engag\u00e9e - Epinal Info","robots":{"index":"index","follow":"follow","max-snippet":"max-snippet:-1","max-image-preview":"max-image-preview:large","max-video-preview":"max-video-preview:-1"},"canonical":"https:\/\/vosgesinfo.fr\/epinalinfo\/2025\/06\/la-mfr-de-hadol-garde-le-cap-portee-par-une-equipe-engagee\/","twitter_card":"summary_large_image","twitter_title":"La MFR de Hadol garde le cap, port\u00e9e par une \u00e9quipe engag\u00e9e - Epinal Info","twitter_description":"La Maison Familiale et Rurale (MFR) de Hadol, structure embl\u00e9matique du territoire vosgien depuis 1946, a r\u00e9cemment enclench\u00e9 une proc\u00e9dure [&hellip;]","twitter_image":"https:\/\/vosgesinfo.fr\/app\/uploads\/sites\/3\/2025\/06\/mfr-hadol-copie-2-scaled-1.jpg","twitter_creator":"@VosgesInfo88","twitter_site":"@VosgesInfo88","twitter_misc":{"\u00c9crit par":"C.M","Dur\u00e9e de lecture estim\u00e9e":"4 minutes"},"schema":{"@context":"https:\/\/schema.org","@graph":[{"@type":"Article","@id":"https:\/\/vosgesinfo.fr\/epinalinfo\/2025\/06\/la-mfr-de-hadol-garde-le-cap-portee-par-une-equipe-engagee\/#article","isPartOf":{"@id":"https:\/\/vosgesinfo.fr\/epinalinfo\/2025\/06\/la-mfr-de-hadol-garde-le-cap-portee-par-une-equipe-engagee\/"},"author":{"name":"C.M","@id":"https:\/\/vosgesinfo.fr\/epinalinfo\/#\/schema\/person\/4f38cd3068e342935b7304695c797d08"},"headline":"La MFR de Hadol garde le cap, port\u00e9e par une \u00e9quipe engag\u00e9e","datePublished":"2025-06-20T07:30:42+00:00","dateModified":"2025-06-20T07:30:42+00:00","mainEntityOfPage":{"@id":"https:\/\/vosgesinfo.fr\/epinalinfo\/2025\/06\/la-mfr-de-hadol-garde-le-cap-portee-par-une-equipe-engagee\/"},"wordCount":742,"commentCount":0,"publisher":{"@id":"https:\/\/vosgesinfo.fr\/epinalinfo\/#organization"},"image":{"@id":"https:\/\/vosgesinfo.fr\/epinalinfo\/2025\/06\/la-mfr-de-hadol-garde-le-cap-portee-par-une-equipe-engagee\/#primaryimage"},"thumbnailUrl":"https:\/\/vosgesinfo.fr\/app\/uploads\/sites\/3\/2025\/06\/mfr-hadol-copie-2-scaled-1.jpg","keywords":["MFR Hadol","Plan de sauvegarde"],"articleSection":["A la Une","Epinal","Vosges"],"inLanguage":"fr-FR","potentialAction":[{"@type":"CommentAction","name":"Comment","target":["https:\/\/vosgesinfo.fr\/epinalinfo\/2025\/06\/la-mfr-de-hadol-garde-le-cap-portee-par-une-equipe-engagee\/#respond"]}]},{"@type":"WebPage","@id":"https:\/\/vosgesinfo.fr\/epinalinfo\/2025\/06\/la-mfr-de-hadol-garde-le-cap-portee-par-une-equipe-engagee\/","url":"https:\/\/vosgesinfo.fr\/epinalinfo\/2025\/06\/la-mfr-de-hadol-garde-le-cap-portee-par-une-equipe-engagee\/","name":"La MFR de Hadol garde le cap, port\u00e9e par une \u00e9quipe engag\u00e9e - Epinal Info","isPartOf":{"@id":"https:\/\/vosgesinfo.fr\/epinalinfo\/#website"},"primaryImageOfPage":{"@id":"https:\/\/vosgesinfo.fr\/epinalinfo\/2025\/06\/la-mfr-de-hadol-garde-le-cap-portee-par-une-equipe-engagee\/#primaryimage"},"image":{"@id":"https:\/\/vosgesinfo.fr\/epinalinfo\/2025\/06\/la-mfr-de-hadol-garde-le-cap-portee-par-une-equipe-engagee\/#primaryimage"},"thumbnailUrl":"https:\/\/vosgesinfo.fr\/app\/uploads\/sites\/3\/2025\/06\/mfr-hadol-copie-2-scaled-1.jpg","datePublished":"2025-06-20T07:30:42+00:00","dateModified":"2025-06-20T07:30:42+00:00","breadcrumb":{"@id":"https:\/\/vosgesinfo.fr\/epinalinfo\/2025\/06\/la-mfr-de-hadol-garde-le-cap-portee-par-une-equipe-engagee\/#breadcrumb"},"inLanguage":"fr-FR","potentialAction":[{"@type":"ReadAction","target":["https:\/\/vosgesinfo.fr\/epinalinfo\/2025\/06\/la-mfr-de-hadol-garde-le-cap-portee-par-une-equipe-engagee\/"]}]},{"@type":"ImageObject","inLanguage":"fr-FR","@id":"https:\/\/vosgesinfo.fr\/epinalinfo\/2025\/06\/la-mfr-de-hadol-garde-le-cap-portee-par-une-equipe-engagee\/#primaryimage","url":"https:\/\/vosgesinfo.fr\/app\/uploads\/sites\/3\/2025\/06\/mfr-hadol-copie-2-scaled-1.jpg","contentUrl":"https:\/\/vosgesinfo.fr\/app\/uploads\/sites\/3\/2025\/06\/mfr-hadol-copie-2-scaled-1.jpg","width":2560,"height":1921},{"@type":"BreadcrumbList","@id":"https:\/\/vosgesinfo.fr\/epinalinfo\/2025\/06\/la-mfr-de-hadol-garde-le-cap-portee-par-une-equipe-engagee\/#breadcrumb","itemListElement":[{"@type":"ListItem","position":1,"name":"Home","item":"https:\/\/vosgesinfo.fr\/epinalinfo\/"},{"@type":"ListItem","position":2,"name":"La MFR de Hadol garde le cap, port\u00e9e par une \u00e9quipe engag\u00e9e"}]},{"@type":"WebSite","@id":"https:\/\/vosgesinfo.fr\/epinalinfo\/#website","url":"https:\/\/vosgesinfo.fr\/epinalinfo\/","name":"Epinal Info","description":"Toute l&#039;actualit\u00e9 d&#039;\u00c9pinal","publisher":{"@id":"https:\/\/vosgesinfo.fr\/epinalinfo\/#organization"},"alternateName":"Toute l'actualit\u00e9 d'\u00c9pinal","potentialAction":[{"@type":"SearchAction","target":{"@type":"EntryPoint","urlTemplate":"https:\/\/vosgesinfo.fr\/epinalinfo\/?s={search_term_string}"},"query-input":"required name=search_term_string"}],"inLanguage":"fr-FR"},{"@type":"Organization","@id":"https:\/\/vosgesinfo.fr\/epinalinfo\/#organization","name":"Epinal Info","url":"https:\/\/vosgesinfo.fr\/epinalinfo\/","logo":{"@type":"ImageObject","inLanguage":"fr-FR","@id":"https:\/\/vosgesinfo.fr\/epinalinfo\/#\/schema\/logo\/image\/","url":"https:\/\/vosgesinfo.fr\/app\/uploads\/sites\/3\/2023\/08\/logo-epinalinfos.svg","contentUrl":"https:\/\/vosgesinfo.fr\/app\/uploads\/sites\/3\/2023\/08\/logo-epinalinfos.svg","width":1,"height":1,"caption":"Epinal Info"},"image":{"@id":"https:\/\/vosgesinfo.fr\/epinalinfo\/#\/schema\/logo\/image\/"},"sameAs":["https:\/\/www.facebook.com\/Epinalinfos","https:\/\/x.com\/VosgesInfo88","https:\/\/www.youtube.com\/@vosgesinfo"]},{"@type":"Person","@id":"https:\/\/vosgesinfo.fr\/epinalinfo\/#\/schema\/person\/4f38cd3068e342935b7304695c797d08","name":"C.M","image":{"@type":"ImageObject","inLanguage":"fr-FR","@id":"https:\/\/vosgesinfo.fr\/epinalinfo\/#\/schema\/person\/image\/","url":"https:\/\/secure.gravatar.com\/avatar\/fe9daaef0164d920717484172682f3c5c9bcf7d42aa8c7048c76c34f0eb6c8da?s=96&d=mm&r=g","contentUrl":"https:\/\/secure.gravatar.com\/avatar\/fe9daaef0164d920717484172682f3c5c9bcf7d42aa8c7048c76c34f0eb6c8da?s=96&d=mm&r=g","caption":"C.M"},"url":"https:\/\/vosgesinfo.fr\/epinalinfo\/author\/cm88200\/"}]}},"_links":{"self":[{"href":"https:\/\/vosgesinfo.fr\/epinalinfo\/wp-json\/wp\/v2\/posts\/133054","targetHints":{"allow":["GET"]}}],"collection":[{"href":"https:\/\/vosgesinfo.fr\/epinalinfo\/wp-json\/wp\/v2\/posts"}],"about":[{"href":"https:\/\/vosgesinfo.fr\/epinalinfo\/wp-json\/wp\/v2\/types\/post"}],"author":[{"embeddable":true,"href":"https:\/\/vosgesinfo.fr\/epinalinfo\/wp-json\/wp\/v2\/users\/418"}],"replies":[{"embeddable":true,"href":"https:\/\/vosgesinfo.fr\/epinalinfo\/wp-json\/wp\/v2\/comments?post=133054"}],"version-history":[{"count":0,"href":"https:\/\/vosgesinfo.fr\/epinalinfo\/wp-json\/wp\/v2\/posts\/133054\/revisions"}],"wp:featuredmedia":[{"embeddable":true,"href":"https:\/\/vosgesinfo.fr\/epinalinfo\/wp-json\/wp\/v2\/media\/133055"}],"wp:attachment":[{"href":"https:\/\/vosgesinfo.fr\/epinalinfo\/wp-json\/wp\/v2\/media?parent=133054"}],"wp:term":[{"taxonomy":"category","embeddable":true,"href":"https:\/\/vosgesinfo.fr\/epinalinfo\/wp-json\/wp\/v2\/categories?post=133054"},{"taxonomy":"post_tag","embeddable":true,"href":"https:\/\/vosgesinfo.fr\/epinalinfo\/wp-json\/wp\/v2\/tags?post=133054"}],"curies":[{"name":"wp","href":"https:\/\/api.w.org\/{rel}","templated":true}]}}