{"id":133058,"date":"2025-06-20T10:00:02","date_gmt":"2025-06-20T08:00:02","guid":{"rendered":"https:\/\/vosgesinfo.fr\/epinalinfo\/?p=133058"},"modified":"2025-06-20T10:00:02","modified_gmt":"2025-06-20T08:00:02","slug":"assemblee-generale-de-lamicale-du-scoutisme-de-remiremont-a-la-maison-moine","status":"publish","type":"post","link":"https:\/\/vosgesinfo.fr\/epinalinfo\/2025\/06\/assemblee-generale-de-lamicale-du-scoutisme-de-remiremont-a-la-maison-moine\/","title":{"rendered":"Assembl\u00e9e G\u00e9n\u00e9rale de l\u2019amicale du scoutisme de Remiremont \u00e0 la Maison Moine"},"content":{"rendered":"<div id=\"attachment_82905\" style=\"width: 1034px\" class=\"wp-caption alignright\"><a href=\"https:\/\/vosgesinfo.fr\/app\/uploads\/sites\/5\/2025\/06\/visite-des-cuves-de-la-maison-moine.png\"><img decoding=\"async\" aria-describedby=\"caption-attachment-82905\" class=\"size-large wp-image-82905\" src=\"https:\/\/vosgesinfo.fr\/app\/uploads\/sites\/5\/2025\/06\/visite-des-cuves-de-la-maison-moine-1024x767.png\" alt=\"\" width=\"1024\" height=\"767\" \/><\/a><p id=\"caption-attachment-82905\" class=\"wp-caption-text\">Visite des cuves de la Maison Moine<\/p><\/div>\n<p><strong>Samedi dernier, 14 Juin, les adh\u00e9rents de l\u2019Amicale du scoutisme \u00e0 Remiremont se sont retrouv\u00e9s dans les locaux de la Maison Moine de Rasey \u00e0 Xertigny pour leur Assembl\u00e9e g\u00e9n\u00e9rale annuelle.<\/strong><\/p>\n<p>L\u2019an pass\u00e9, \u00e0 pareille \u00e9poque, ils s\u2019\u00e9taient r\u00e9unis au Ch\u00e2teau de Thorey Lyautey dans les locaux d\u00e9di\u00e9s au Mus\u00e9e national du scoutisme. Cette ann\u00e9e, pour joindre l\u2019utile \u00e0 l\u2019agr\u00e9able, il a \u00e9t\u00e9 d\u00e9cid\u00e9 que l\u2019Assembl\u00e9e g\u00e9n\u00e9rale se tiendrait dans les locaux de la Maison Moine \u00e0 Rasey pr\u00e8s de Xertigny. Apr\u00e8s la lecture du rapport moral et d\u2019activit\u00e9 par le pr\u00e9sident, Jean-Claude Bigorne, ce fut au tour de la tr\u00e9sori\u00e8re, Marina Mangin de faire le point sur les comptes de l\u2019association. Les rapports, moral\/activit\u00e9s et financiers ont \u00e9t\u00e9 vot\u00e9s \u00e0 l\u2019unanimit\u00e9. Puis vint le moment du passage de relais de la pr\u00e9sidence de l\u2019association entre Jean-Claude Bigorne et Marina Mangin. Cette derni\u00e8re passant le relais de la tr\u00e9sorerie \u00e0 Sophie Mangin. D\u00e9sormais le bureau se compose comme suit\u00a0: Pr\u00e9sident d\u2019honneur\u00a0: Jacques Guimbert &#8211; Pr\u00e9sidente\u00a0: Marina Mangin &#8211; Vice-pr\u00e9sident\u00a0: Jean-Claude Bigorne &#8211; Secr\u00e9taire\u00a0: Bernard Schindel\u00e9 &#8211; Secr\u00e9taire adjoint\u00a0: Dominique Bonnard &#8211; Tr\u00e9sori\u00e8re\u00a0: Sophie Mangin &#8211; Tr\u00e9sorier adjoint\u00a0: Jean-Fran\u00e7ois Scherlen. Les statuts \u00e9tant modifi\u00e9s ils seront prochainement envoy\u00e9s \u00e0 la Pr\u00e9fecture des Vosges.<\/p>\n<p>Les participants ont ensuite visit\u00e9 les installations de production du fameux vin de rhubarbe de la Maison Moine. Les explications ont \u00e9t\u00e9 donn\u00e9es par Yannick Moine, co-dirigeant avec son fr\u00e8re Damien de la Maison Moine fond\u00e9e par Michel Moine et son \u00e9pouse \u00c9liane il y a plus de 40 ans. Puis, en fin de matin\u00e9e, tous se sont retrouv\u00e9s dans la boutique pour d\u00e9guster les sp\u00e9cialit\u00e9s de la maison : \u00ab Blanc des Vosges \u00bb en bouteille bleue, \u00ab Perle de Crillon \u00bb selon la m\u00e9thode champenoise et le fameux \u00ab Crillon des Vosges \u00bb servi dans de nombreux restaurants \u00e9toil\u00e9s dans le monde entier. Ils ont \u00e9galement d\u00e9couvert les nouveaut\u00e9s : \u00ab Ros\u00e9 de rhubarbe \u00bb et le \u00ab Vinaigre de rhubarbe \u00bb.<\/p>\n<p>Alors qu\u2019il faisait bien chaud, les participants ont bien appr\u00e9ci\u00e9 de se retrouver sous le grand chapiteau pour le repas partag\u00e9, chacun ayant amen\u00e9 une sp\u00e9cialit\u00e9. Pour finir, une partie de p\u00e9tanque acharn\u00e9e eu lieu entre l\u2019\u00e9quipe des dames et celle des hommes. Une journ\u00e9e conviviale bien sympathique bien appr\u00e9ci\u00e9e de tous les participants.<\/p>\n<p>L\u2019association tiens \u00e0 remercier la famille Moine pour son accueil.<\/p>\n<p>&nbsp;<\/p>\n<p><strong>PM<\/strong> avec la participation et les photos de JCB<\/p>\n\n\t\t<style type=\"text\/css\">\n\t\t\t#gallery-1 {\n\t\t\t\tmargin: auto;\n\t\t\t}\n\t\t\t#gallery-1 .gallery-item {\n\t\t\t\tfloat: left;\n\t\t\t\tmargin-top: 10px;\n\t\t\t\ttext-align: center;\n\t\t\t\twidth: 33%;\n\t\t\t}\n\t\t\t#gallery-1 img {\n\t\t\t\tborder: 2px solid #cfcfcf;\n\t\t\t}\n\t\t\t#gallery-1 .gallery-caption {\n\t\t\t\tmargin-left: 0;\n\t\t\t}\n\t\t\t\/* see gallery_shortcode() in wp-includes\/media.php *\/\n\t\t<\/style>\n\t\t<div id='gallery-1' class='gallery galleryid-133058 gallery-columns-3 gallery-size-thumbnail'><dl class='gallery-item'>\n\t\t\t<dt class='gallery-icon landscape'>\n\t\t\t\t<a href='https:\/\/vosgesinfo.fr\/app\/uploads\/sites\/3\/2025\/06\/la-reunion.png'><img decoding=\"async\" width=\"150\" height=\"150\" src=\"https:\/\/vosgesinfo.fr\/app\/uploads\/sites\/3\/2025\/06\/la-reunion-150x150.png\" class=\"attachment-thumbnail size-thumbnail\" alt=\"\" \/><\/a>\n\t\t\t<\/dt><\/dl><dl class='gallery-item'>\n\t\t\t<dt class='gallery-icon landscape'>\n\t\t\t\t<a href='https:\/\/vosgesinfo.fr\/app\/uploads\/sites\/3\/2025\/06\/apres-leffort-degustation.png'><img decoding=\"async\" width=\"150\" height=\"150\" src=\"https:\/\/vosgesinfo.fr\/app\/uploads\/sites\/3\/2025\/06\/apres-leffort-degustation-150x150.png\" class=\"attachment-thumbnail size-thumbnail\" alt=\"\" \/><\/a>\n\t\t\t<\/dt><\/dl>\n\t\t\t<br style='clear: both' \/>\n\t\t<\/div>\n\n","protected":false},"excerpt":{"rendered":"<p>Samedi dernier, 14 Juin, les adh\u00e9rents de l\u2019Amicale du scoutisme \u00e0 Remiremont se sont retrouv\u00e9s dans les locaux de la [&hellip;]<\/p>\n","protected":false},"author":413,"featured_media":133059,"comment_status":"open","ping_status":"open","sticky":false,"template":"","format":"standard","meta":{"footnotes":""},"categories":[22,24,283],"tags":[16767,16768],"class_list":["post-133058","post","type-post","status-publish","format-standard","has-post-thumbnail","hentry","category-a-la-une","category-epinal","category-xertigny","tag-amicale-du-scoutisme-a-remiremont","tag-maison-moine"],"acf":[],"yoast_head":"<!-- This site is optimized with the Yoast SEO plugin v22.5 - https:\/\/yoast.com\/wordpress\/plugins\/seo\/ -->\n<title>Assembl\u00e9e G\u00e9n\u00e9rale de l\u2019amicale du scoutisme de Remiremont \u00e0 la Maison Moine - Epinal Info<\/title>\n<meta name=\"robots\" content=\"index, follow, max-snippet:-1, max-image-preview:large, max-video-preview:-1\" \/>\n<link rel=\"canonical\" href=\"https:\/\/vosgesinfo.fr\/epinalinfo\/2025\/06\/assemblee-generale-de-lamicale-du-scoutisme-de-remiremont-a-la-maison-moine\/\" \/>\n<meta name=\"twitter:card\" content=\"summary_large_image\" \/>\n<meta name=\"twitter:title\" content=\"Assembl\u00e9e G\u00e9n\u00e9rale de l\u2019amicale du scoutisme de Remiremont \u00e0 la Maison Moine - Epinal Info\" \/>\n<meta name=\"twitter:description\" content=\"Samedi dernier, 14 Juin, les adh\u00e9rents de l\u2019Amicale du scoutisme \u00e0 Remiremont se sont retrouv\u00e9s dans les locaux de la [&hellip;]\" \/>\n<meta name=\"twitter:image\" content=\"https:\/\/vosgesinfo.fr\/app\/uploads\/sites\/3\/2025\/06\/visite-des-cuves-de-la-maison-moine.png\" \/>\n<meta name=\"twitter:creator\" content=\"@VosgesInfo88\" \/>\n<meta name=\"twitter:site\" content=\"@VosgesInfo88\" \/>\n<meta name=\"twitter:label1\" content=\"\u00c9crit par\" \/>\n\t<meta name=\"twitter:data1\" content=\"P.M\" \/>\n\t<meta name=\"twitter:label2\" content=\"Dur\u00e9e de lecture estim\u00e9e\" \/>\n\t<meta name=\"twitter:data2\" content=\"2 minutes\" \/>\n<script type=\"application\/ld+json\" class=\"yoast-schema-graph\">{\"@context\":\"https:\/\/schema.org\",\"@graph\":[{\"@type\":\"Article\",\"@id\":\"https:\/\/vosgesinfo.fr\/epinalinfo\/2025\/06\/assemblee-generale-de-lamicale-du-scoutisme-de-remiremont-a-la-maison-moine\/#article\",\"isPartOf\":{\"@id\":\"https:\/\/vosgesinfo.fr\/epinalinfo\/2025\/06\/assemblee-generale-de-lamicale-du-scoutisme-de-remiremont-a-la-maison-moine\/\"},\"author\":{\"name\":\"P.M\",\"@id\":\"https:\/\/vosgesinfo.fr\/epinalinfo\/#\/schema\/person\/a6fd2dde36da20be3679f2058b94c5b8\"},\"headline\":\"Assembl\u00e9e G\u00e9n\u00e9rale de l\u2019amicale du scoutisme de Remiremont \u00e0 la Maison Moine\",\"datePublished\":\"2025-06-20T08:00:02+00:00\",\"dateModified\":\"2025-06-20T08:00:02+00:00\",\"mainEntityOfPage\":{\"@id\":\"https:\/\/vosgesinfo.fr\/epinalinfo\/2025\/06\/assemblee-generale-de-lamicale-du-scoutisme-de-remiremont-a-la-maison-moine\/\"},\"wordCount\":483,\"commentCount\":0,\"publisher\":{\"@id\":\"https:\/\/vosgesinfo.fr\/epinalinfo\/#organization\"},\"image\":{\"@id\":\"https:\/\/vosgesinfo.fr\/epinalinfo\/2025\/06\/assemblee-generale-de-lamicale-du-scoutisme-de-remiremont-a-la-maison-moine\/#primaryimage\"},\"thumbnailUrl\":\"https:\/\/vosgesinfo.fr\/app\/uploads\/sites\/3\/2025\/06\/visite-des-cuves-de-la-maison-moine.png\",\"keywords\":[\"amicale du scoutisme \u00e0 Remiremont\",\"Maison Moine\"],\"articleSection\":[\"A la Une\",\"Epinal\",\"Xertigny\"],\"inLanguage\":\"fr-FR\",\"potentialAction\":[{\"@type\":\"CommentAction\",\"name\":\"Comment\",\"target\":[\"https:\/\/vosgesinfo.fr\/epinalinfo\/2025\/06\/assemblee-generale-de-lamicale-du-scoutisme-de-remiremont-a-la-maison-moine\/#respond\"]}]},{\"@type\":\"WebPage\",\"@id\":\"https:\/\/vosgesinfo.fr\/epinalinfo\/2025\/06\/assemblee-generale-de-lamicale-du-scoutisme-de-remiremont-a-la-maison-moine\/\",\"url\":\"https:\/\/vosgesinfo.fr\/epinalinfo\/2025\/06\/assemblee-generale-de-lamicale-du-scoutisme-de-remiremont-a-la-maison-moine\/\",\"name\":\"Assembl\u00e9e G\u00e9n\u00e9rale de l\u2019amicale du scoutisme de Remiremont \u00e0 la Maison Moine - Epinal Info\",\"isPartOf\":{\"@id\":\"https:\/\/vosgesinfo.fr\/epinalinfo\/#website\"},\"primaryImageOfPage\":{\"@id\":\"https:\/\/vosgesinfo.fr\/epinalinfo\/2025\/06\/assemblee-generale-de-lamicale-du-scoutisme-de-remiremont-a-la-maison-moine\/#primaryimage\"},\"image\":{\"@id\":\"https:\/\/vosgesinfo.fr\/epinalinfo\/2025\/06\/assemblee-generale-de-lamicale-du-scoutisme-de-remiremont-a-la-maison-moine\/#primaryimage\"},\"thumbnailUrl\":\"https:\/\/vosgesinfo.fr\/app\/uploads\/sites\/3\/2025\/06\/visite-des-cuves-de-la-maison-moine.png\",\"datePublished\":\"2025-06-20T08:00:02+00:00\",\"dateModified\":\"2025-06-20T08:00:02+00:00\",\"breadcrumb\":{\"@id\":\"https:\/\/vosgesinfo.fr\/epinalinfo\/2025\/06\/assemblee-generale-de-lamicale-du-scoutisme-de-remiremont-a-la-maison-moine\/#breadcrumb\"},\"inLanguage\":\"fr-FR\",\"potentialAction\":[{\"@type\":\"ReadAction\",\"target\":[\"https:\/\/vosgesinfo.fr\/epinalinfo\/2025\/06\/assemblee-generale-de-lamicale-du-scoutisme-de-remiremont-a-la-maison-moine\/\"]}]},{\"@type\":\"ImageObject\",\"inLanguage\":\"fr-FR\",\"@id\":\"https:\/\/vosgesinfo.fr\/epinalinfo\/2025\/06\/assemblee-generale-de-lamicale-du-scoutisme-de-remiremont-a-la-maison-moine\/#primaryimage\",\"url\":\"https:\/\/vosgesinfo.fr\/app\/uploads\/sites\/3\/2025\/06\/visite-des-cuves-de-la-maison-moine.png\",\"contentUrl\":\"https:\/\/vosgesinfo.fr\/app\/uploads\/sites\/3\/2025\/06\/visite-des-cuves-de-la-maison-moine.png\",\"width\":1208,\"height\":905},{\"@type\":\"BreadcrumbList\",\"@id\":\"https:\/\/vosgesinfo.fr\/epinalinfo\/2025\/06\/assemblee-generale-de-lamicale-du-scoutisme-de-remiremont-a-la-maison-moine\/#breadcrumb\",\"itemListElement\":[{\"@type\":\"ListItem\",\"position\":1,\"name\":\"Home\",\"item\":\"https:\/\/vosgesinfo.fr\/epinalinfo\/\"},{\"@type\":\"ListItem\",\"position\":2,\"name\":\"Assembl\u00e9e G\u00e9n\u00e9rale de l\u2019amicale du scoutisme de Remiremont \u00e0 la Maison Moine\"}]},{\"@type\":\"WebSite\",\"@id\":\"https:\/\/vosgesinfo.fr\/epinalinfo\/#website\",\"url\":\"https:\/\/vosgesinfo.fr\/epinalinfo\/\",\"name\":\"Epinal Info\",\"description\":\"Toute l&#039;actualit\u00e9 d&#039;\u00c9pinal\",\"publisher\":{\"@id\":\"https:\/\/vosgesinfo.fr\/epinalinfo\/#organization\"},\"alternateName\":\"Toute l'actualit\u00e9 d'\u00c9pinal\",\"potentialAction\":[{\"@type\":\"SearchAction\",\"target\":{\"@type\":\"EntryPoint\",\"urlTemplate\":\"https:\/\/vosgesinfo.fr\/epinalinfo\/?s={search_term_string}\"},\"query-input\":\"required name=search_term_string\"}],\"inLanguage\":\"fr-FR\"},{\"@type\":\"Organization\",\"@id\":\"https:\/\/vosgesinfo.fr\/epinalinfo\/#organization\",\"name\":\"Epinal Info\",\"url\":\"https:\/\/vosgesinfo.fr\/epinalinfo\/\",\"logo\":{\"@type\":\"ImageObject\",\"inLanguage\":\"fr-FR\",\"@id\":\"https:\/\/vosgesinfo.fr\/epinalinfo\/#\/schema\/logo\/image\/\",\"url\":\"https:\/\/vosgesinfo.fr\/app\/uploads\/sites\/3\/2023\/08\/logo-epinalinfos.svg\",\"contentUrl\":\"https:\/\/vosgesinfo.fr\/app\/uploads\/sites\/3\/2023\/08\/logo-epinalinfos.svg\",\"width\":1,\"height\":1,\"caption\":\"Epinal Info\"},\"image\":{\"@id\":\"https:\/\/vosgesinfo.fr\/epinalinfo\/#\/schema\/logo\/image\/\"},\"sameAs\":[\"https:\/\/www.facebook.com\/Epinalinfos\",\"https:\/\/x.com\/VosgesInfo88\",\"https:\/\/www.youtube.com\/@vosgesinfo\"]},{\"@type\":\"Person\",\"@id\":\"https:\/\/vosgesinfo.fr\/epinalinfo\/#\/schema\/person\/a6fd2dde36da20be3679f2058b94c5b8\",\"name\":\"P.M\",\"image\":{\"@type\":\"ImageObject\",\"inLanguage\":\"fr-FR\",\"@id\":\"https:\/\/vosgesinfo.fr\/epinalinfo\/#\/schema\/person\/image\/\",\"url\":\"https:\/\/secure.gravatar.com\/avatar\/db38f6ef38bb165f6f4d352563f264129673ed4536984fbbcddf700bd12f8a9a?s=96&d=mm&r=g\",\"contentUrl\":\"https:\/\/secure.gravatar.com\/avatar\/db38f6ef38bb165f6f4d352563f264129673ed4536984fbbcddf700bd12f8a9a?s=96&d=mm&r=g\",\"caption\":\"P.M\"},\"url\":\"https:\/\/vosgesinfo.fr\/epinalinfo\/author\/p-mangel88\/\"}]}<\/script>\n<!-- \/ Yoast SEO plugin. -->","yoast_head_json":{"title":"Assembl\u00e9e G\u00e9n\u00e9rale de l\u2019amicale du scoutisme de Remiremont \u00e0 la Maison Moine - Epinal Info","robots":{"index":"index","follow":"follow","max-snippet":"max-snippet:-1","max-image-preview":"max-image-preview:large","max-video-preview":"max-video-preview:-1"},"canonical":"https:\/\/vosgesinfo.fr\/epinalinfo\/2025\/06\/assemblee-generale-de-lamicale-du-scoutisme-de-remiremont-a-la-maison-moine\/","twitter_card":"summary_large_image","twitter_title":"Assembl\u00e9e G\u00e9n\u00e9rale de l\u2019amicale du scoutisme de Remiremont \u00e0 la Maison Moine - Epinal Info","twitter_description":"Samedi dernier, 14 Juin, les adh\u00e9rents de l\u2019Amicale du scoutisme \u00e0 Remiremont se sont retrouv\u00e9s dans les locaux de la [&hellip;]","twitter_image":"https:\/\/vosgesinfo.fr\/app\/uploads\/sites\/3\/2025\/06\/visite-des-cuves-de-la-maison-moine.png","twitter_creator":"@VosgesInfo88","twitter_site":"@VosgesInfo88","twitter_misc":{"\u00c9crit par":"P.M","Dur\u00e9e de lecture estim\u00e9e":"2 minutes"},"schema":{"@context":"https:\/\/schema.org","@graph":[{"@type":"Article","@id":"https:\/\/vosgesinfo.fr\/epinalinfo\/2025\/06\/assemblee-generale-de-lamicale-du-scoutisme-de-remiremont-a-la-maison-moine\/#article","isPartOf":{"@id":"https:\/\/vosgesinfo.fr\/epinalinfo\/2025\/06\/assemblee-generale-de-lamicale-du-scoutisme-de-remiremont-a-la-maison-moine\/"},"author":{"name":"P.M","@id":"https:\/\/vosgesinfo.fr\/epinalinfo\/#\/schema\/person\/a6fd2dde36da20be3679f2058b94c5b8"},"headline":"Assembl\u00e9e G\u00e9n\u00e9rale de l\u2019amicale du scoutisme de Remiremont \u00e0 la Maison Moine","datePublished":"2025-06-20T08:00:02+00:00","dateModified":"2025-06-20T08:00:02+00:00","mainEntityOfPage":{"@id":"https:\/\/vosgesinfo.fr\/epinalinfo\/2025\/06\/assemblee-generale-de-lamicale-du-scoutisme-de-remiremont-a-la-maison-moine\/"},"wordCount":483,"commentCount":0,"publisher":{"@id":"https:\/\/vosgesinfo.fr\/epinalinfo\/#organization"},"image":{"@id":"https:\/\/vosgesinfo.fr\/epinalinfo\/2025\/06\/assemblee-generale-de-lamicale-du-scoutisme-de-remiremont-a-la-maison-moine\/#primaryimage"},"thumbnailUrl":"https:\/\/vosgesinfo.fr\/app\/uploads\/sites\/3\/2025\/06\/visite-des-cuves-de-la-maison-moine.png","keywords":["amicale du scoutisme \u00e0 Remiremont","Maison Moine"],"articleSection":["A la Une","Epinal","Xertigny"],"inLanguage":"fr-FR","potentialAction":[{"@type":"CommentAction","name":"Comment","target":["https:\/\/vosgesinfo.fr\/epinalinfo\/2025\/06\/assemblee-generale-de-lamicale-du-scoutisme-de-remiremont-a-la-maison-moine\/#respond"]}]},{"@type":"WebPage","@id":"https:\/\/vosgesinfo.fr\/epinalinfo\/2025\/06\/assemblee-generale-de-lamicale-du-scoutisme-de-remiremont-a-la-maison-moine\/","url":"https:\/\/vosgesinfo.fr\/epinalinfo\/2025\/06\/assemblee-generale-de-lamicale-du-scoutisme-de-remiremont-a-la-maison-moine\/","name":"Assembl\u00e9e G\u00e9n\u00e9rale de l\u2019amicale du scoutisme de Remiremont \u00e0 la Maison Moine - Epinal Info","isPartOf":{"@id":"https:\/\/vosgesinfo.fr\/epinalinfo\/#website"},"primaryImageOfPage":{"@id":"https:\/\/vosgesinfo.fr\/epinalinfo\/2025\/06\/assemblee-generale-de-lamicale-du-scoutisme-de-remiremont-a-la-maison-moine\/#primaryimage"},"image":{"@id":"https:\/\/vosgesinfo.fr\/epinalinfo\/2025\/06\/assemblee-generale-de-lamicale-du-scoutisme-de-remiremont-a-la-maison-moine\/#primaryimage"},"thumbnailUrl":"https:\/\/vosgesinfo.fr\/app\/uploads\/sites\/3\/2025\/06\/visite-des-cuves-de-la-maison-moine.png","datePublished":"2025-06-20T08:00:02+00:00","dateModified":"2025-06-20T08:00:02+00:00","breadcrumb":{"@id":"https:\/\/vosgesinfo.fr\/epinalinfo\/2025\/06\/assemblee-generale-de-lamicale-du-scoutisme-de-remiremont-a-la-maison-moine\/#breadcrumb"},"inLanguage":"fr-FR","potentialAction":[{"@type":"ReadAction","target":["https:\/\/vosgesinfo.fr\/epinalinfo\/2025\/06\/assemblee-generale-de-lamicale-du-scoutisme-de-remiremont-a-la-maison-moine\/"]}]},{"@type":"ImageObject","inLanguage":"fr-FR","@id":"https:\/\/vosgesinfo.fr\/epinalinfo\/2025\/06\/assemblee-generale-de-lamicale-du-scoutisme-de-remiremont-a-la-maison-moine\/#primaryimage","url":"https:\/\/vosgesinfo.fr\/app\/uploads\/sites\/3\/2025\/06\/visite-des-cuves-de-la-maison-moine.png","contentUrl":"https:\/\/vosgesinfo.fr\/app\/uploads\/sites\/3\/2025\/06\/visite-des-cuves-de-la-maison-moine.png","width":1208,"height":905},{"@type":"BreadcrumbList","@id":"https:\/\/vosgesinfo.fr\/epinalinfo\/2025\/06\/assemblee-generale-de-lamicale-du-scoutisme-de-remiremont-a-la-maison-moine\/#breadcrumb","itemListElement":[{"@type":"ListItem","position":1,"name":"Home","item":"https:\/\/vosgesinfo.fr\/epinalinfo\/"},{"@type":"ListItem","position":2,"name":"Assembl\u00e9e G\u00e9n\u00e9rale de l\u2019amicale du scoutisme de Remiremont \u00e0 la Maison Moine"}]},{"@type":"WebSite","@id":"https:\/\/vosgesinfo.fr\/epinalinfo\/#website","url":"https:\/\/vosgesinfo.fr\/epinalinfo\/","name":"Epinal Info","description":"Toute l&#039;actualit\u00e9 d&#039;\u00c9pinal","publisher":{"@id":"https:\/\/vosgesinfo.fr\/epinalinfo\/#organization"},"alternateName":"Toute l'actualit\u00e9 d'\u00c9pinal","potentialAction":[{"@type":"SearchAction","target":{"@type":"EntryPoint","urlTemplate":"https:\/\/vosgesinfo.fr\/epinalinfo\/?s={search_term_string}"},"query-input":"required name=search_term_string"}],"inLanguage":"fr-FR"},{"@type":"Organization","@id":"https:\/\/vosgesinfo.fr\/epinalinfo\/#organization","name":"Epinal Info","url":"https:\/\/vosgesinfo.fr\/epinalinfo\/","logo":{"@type":"ImageObject","inLanguage":"fr-FR","@id":"https:\/\/vosgesinfo.fr\/epinalinfo\/#\/schema\/logo\/image\/","url":"https:\/\/vosgesinfo.fr\/app\/uploads\/sites\/3\/2023\/08\/logo-epinalinfos.svg","contentUrl":"https:\/\/vosgesinfo.fr\/app\/uploads\/sites\/3\/2023\/08\/logo-epinalinfos.svg","width":1,"height":1,"caption":"Epinal Info"},"image":{"@id":"https:\/\/vosgesinfo.fr\/epinalinfo\/#\/schema\/logo\/image\/"},"sameAs":["https:\/\/www.facebook.com\/Epinalinfos","https:\/\/x.com\/VosgesInfo88","https:\/\/www.youtube.com\/@vosgesinfo"]},{"@type":"Person","@id":"https:\/\/vosgesinfo.fr\/epinalinfo\/#\/schema\/person\/a6fd2dde36da20be3679f2058b94c5b8","name":"P.M","image":{"@type":"ImageObject","inLanguage":"fr-FR","@id":"https:\/\/vosgesinfo.fr\/epinalinfo\/#\/schema\/person\/image\/","url":"https:\/\/secure.gravatar.com\/avatar\/db38f6ef38bb165f6f4d352563f264129673ed4536984fbbcddf700bd12f8a9a?s=96&d=mm&r=g","contentUrl":"https:\/\/secure.gravatar.com\/avatar\/db38f6ef38bb165f6f4d352563f264129673ed4536984fbbcddf700bd12f8a9a?s=96&d=mm&r=g","caption":"P.M"},"url":"https:\/\/vosgesinfo.fr\/epinalinfo\/author\/p-mangel88\/"}]}},"_links":{"self":[{"href":"https:\/\/vosgesinfo.fr\/epinalinfo\/wp-json\/wp\/v2\/posts\/133058","targetHints":{"allow":["GET"]}}],"collection":[{"href":"https:\/\/vosgesinfo.fr\/epinalinfo\/wp-json\/wp\/v2\/posts"}],"about":[{"href":"https:\/\/vosgesinfo.fr\/epinalinfo\/wp-json\/wp\/v2\/types\/post"}],"author":[{"embeddable":true,"href":"https:\/\/vosgesinfo.fr\/epinalinfo\/wp-json\/wp\/v2\/users\/413"}],"replies":[{"embeddable":true,"href":"https:\/\/vosgesinfo.fr\/epinalinfo\/wp-json\/wp\/v2\/comments?post=133058"}],"version-history":[{"count":0,"href":"https:\/\/vosgesinfo.fr\/epinalinfo\/wp-json\/wp\/v2\/posts\/133058\/revisions"}],"wp:featuredmedia":[{"embeddable":true,"href":"https:\/\/vosgesinfo.fr\/epinalinfo\/wp-json\/wp\/v2\/media\/133059"}],"wp:attachment":[{"href":"https:\/\/vosgesinfo.fr\/epinalinfo\/wp-json\/wp\/v2\/media?parent=133058"}],"wp:term":[{"taxonomy":"category","embeddable":true,"href":"https:\/\/vosgesinfo.fr\/epinalinfo\/wp-json\/wp\/v2\/categories?post=133058"},{"taxonomy":"post_tag","embeddable":true,"href":"https:\/\/vosgesinfo.fr\/epinalinfo\/wp-json\/wp\/v2\/tags?post=133058"}],"curies":[{"name":"wp","href":"https:\/\/api.w.org\/{rel}","templated":true}]}}