{"id":133064,"date":"2025-06-20T09:35:23","date_gmt":"2025-06-20T07:35:23","guid":{"rendered":"https:\/\/vosgesinfo.fr\/epinalinfo\/?p=133064"},"modified":"2025-06-20T09:25:45","modified_gmt":"2025-06-20T07:25:45","slug":"reconnaissance-pour-les-donneurs-dorganes-un-memorial-inaugure-au-ch-emile-durkheim","status":"publish","type":"post","link":"https:\/\/vosgesinfo.fr\/epinalinfo\/2025\/06\/reconnaissance-pour-les-donneurs-dorganes-un-memorial-inaugure-au-ch-emile-durkheim\/","title":{"rendered":"Reconnaissance pour les donneurs d\u2019organes : un m\u00e9morial inaugur\u00e9 au CH Emile Durkheim"},"content":{"rendered":"<h2 data-start=\"144\" data-end=\"554\"><strong><a href=\"https:\/\/vosgesinfo.fr\/app\/uploads\/sites\/3\/2025\/01\/hopital-emile-durkheim-epinal-urgences6.jpg\"><img decoding=\"async\" class=\"aligncenter size-full wp-image-126987\" src=\"https:\/\/vosgesinfo.fr\/app\/uploads\/sites\/3\/2025\/01\/hopital-emile-durkheim-epinal-urgences6.jpg\" alt=\"\" width=\"800\" height=\"600\" srcset=\"https:\/\/vosgesinfo.fr\/app\/uploads\/sites\/3\/2025\/01\/hopital-emile-durkheim-epinal-urgences6.jpg 800w, https:\/\/vosgesinfo.fr\/app\/uploads\/sites\/3\/2025\/01\/hopital-emile-durkheim-epinal-urgences6-300x225.jpg 300w, https:\/\/vosgesinfo.fr\/app\/uploads\/sites\/3\/2025\/01\/hopital-emile-durkheim-epinal-urgences6-768x576.jpg 768w\" sizes=\"(max-width: 800px) 100vw, 800px\" \/><\/a>\u00c0 l\u2019occasion de la Journ\u00e9e nationale du don d\u2019organes, c\u00e9l\u00e9br\u00e9e le 22 juin 2025, le Centre Hospitalier Emile Durkheim rendra hommage aux donneurs d\u2019organes et de tissus, ainsi qu\u2019\u00e0 leurs proches, en inaugurant le m\u00e9morial \u00ab L\u2019Arbre de Vie \u00bb, le 23 juin \u00e0 17h15 dans le hall principal de l\u2019h\u00f4pital. Cette c\u00e9r\u00e9monie, ouverte \u00e0 tous, sera un temps fort de reconnaissance, de m\u00e9moire et de sensibilisation.<\/strong><\/h2>\n<h3 data-start=\"556\" data-end=\"604\"><strong data-start=\"559\" data-end=\"604\">Un symbole fort de transmission et de vie<\/strong><\/h3>\n<p data-start=\"606\" data-end=\"1077\">Fruit d\u2019un partenariat engag\u00e9 depuis un an entre le CH Emile Durkheim et l\u2019ENSTIB (\u00c9cole Nationale Sup\u00e9rieure des Technologies et Industries du Bois), ce m\u00e9morial prend la forme d\u2019un Arbre de Vie en bois vosgien, imagin\u00e9 et con\u00e7u par deux \u00e9tudiants de l\u2019\u00e9cole. Il incarne \u00e0 la fois le renouveau, la continuit\u00e9 et le lien entre les \u00eatres humains. Cette \u0153uvre remplace symboliquement l\u2019arbre qui avait \u00e9t\u00e9 plant\u00e9 sur le site de l\u2019ancien h\u00f4pital, d\u00e9sormais inaccessible.<\/p>\n<h3 data-start=\"1079\" data-end=\"1133\"><strong data-start=\"1082\" data-end=\"1133\">Une collaboration interdisciplinaire et humaine<\/strong><\/h3>\n<p data-start=\"1135\" data-end=\"1473\">Ce projet est n\u00e9 d\u2019une synergie entre soignants, techniciens, personnels administratifs et enseignants, unis par une m\u00eame volont\u00e9 : honorer les donneurs et porter un message d\u2019espoir et de solidarit\u00e9. Il refl\u00e8te \u00e9galement l&rsquo;engagement de l\u2019h\u00f4pital et de ses partenaires dans la promotion du don d\u2019organes, geste de vie par excellence.<\/p>\n<h3 data-start=\"1475\" data-end=\"1522\"><strong data-start=\"1478\" data-end=\"1522\">Un lieu de m\u00e9moire et de sensibilisation<\/strong><\/h3>\n<p data-start=\"1524\" data-end=\"1807\">Plus qu\u2019un simple hommage, ce m\u00e9morial se veut un espace de r\u00e9flexion et de dialogue. Il invite chacun \u00e0 s\u2019interroger et \u00e0 \u00e9changer autour de la question du don d\u2019organes, et surtout \u00e0 faire conna\u00eetre sa position \u00e0 ses proches. Ce geste simple peut, un jour, sauver des vies.<\/p>\n<p data-start=\"1524\" data-end=\"1807\"><a href=\"https:\/\/vosgesinfo.fr\/app\/uploads\/sites\/3\/2025\/06\/509302195-1195313639063925-7928546467983825890-n.jpg\"><img decoding=\"async\" class=\"aligncenter size-full wp-image-133065\" src=\"https:\/\/vosgesinfo.fr\/app\/uploads\/sites\/3\/2025\/06\/509302195-1195313639063925-7928546467983825890-n.jpg\" alt=\"\" width=\"2048\" height=\"2048\" srcset=\"https:\/\/vosgesinfo.fr\/app\/uploads\/sites\/3\/2025\/06\/509302195-1195313639063925-7928546467983825890-n.jpg 2048w, https:\/\/vosgesinfo.fr\/app\/uploads\/sites\/3\/2025\/06\/509302195-1195313639063925-7928546467983825890-n-300x300.jpg 300w, https:\/\/vosgesinfo.fr\/app\/uploads\/sites\/3\/2025\/06\/509302195-1195313639063925-7928546467983825890-n-1024x1024.jpg 1024w, https:\/\/vosgesinfo.fr\/app\/uploads\/sites\/3\/2025\/06\/509302195-1195313639063925-7928546467983825890-n-150x150.jpg 150w, https:\/\/vosgesinfo.fr\/app\/uploads\/sites\/3\/2025\/06\/509302195-1195313639063925-7928546467983825890-n-768x768.jpg 768w, https:\/\/vosgesinfo.fr\/app\/uploads\/sites\/3\/2025\/06\/509302195-1195313639063925-7928546467983825890-n-1536x1536.jpg 1536w\" sizes=\"(max-width: 2048px) 100vw, 2048px\" \/><\/a><\/p>\n","protected":false},"excerpt":{"rendered":"<p>\u00c0 l\u2019occasion de la Journ\u00e9e nationale du don d\u2019organes, c\u00e9l\u00e9br\u00e9e le 22 juin 2025, le Centre Hospitalier Emile Durkheim rendra [&hellip;]<\/p>\n","protected":false},"author":52,"featured_media":126987,"comment_status":"open","ping_status":"open","sticky":false,"template":"","format":"standard","meta":{"footnotes":""},"categories":[22,24,14],"tags":[],"class_list":["post-133064","post","type-post","status-publish","format-standard","has-post-thumbnail","hentry","category-a-la-une","category-epinal","category-sante"],"acf":[],"yoast_head":"<!-- This site is optimized with the Yoast SEO plugin v22.5 - https:\/\/yoast.com\/wordpress\/plugins\/seo\/ -->\n<title>Reconnaissance pour les donneurs d\u2019organes : un m\u00e9morial inaugur\u00e9 au CH Emile Durkheim - Epinal Info<\/title>\n<meta name=\"robots\" content=\"index, follow, max-snippet:-1, max-image-preview:large, max-video-preview:-1\" \/>\n<link rel=\"canonical\" href=\"https:\/\/vosgesinfo.fr\/epinalinfo\/2025\/06\/reconnaissance-pour-les-donneurs-dorganes-un-memorial-inaugure-au-ch-emile-durkheim\/\" \/>\n<meta name=\"twitter:card\" content=\"summary_large_image\" \/>\n<meta name=\"twitter:title\" content=\"Reconnaissance pour les donneurs d\u2019organes : un m\u00e9morial inaugur\u00e9 au CH Emile Durkheim - Epinal Info\" \/>\n<meta name=\"twitter:description\" content=\"\u00c0 l\u2019occasion de la Journ\u00e9e nationale du don d\u2019organes, c\u00e9l\u00e9br\u00e9e le 22 juin 2025, le Centre Hospitalier Emile Durkheim rendra [&hellip;]\" \/>\n<meta name=\"twitter:image\" content=\"https:\/\/vosgesinfo.fr\/app\/uploads\/sites\/3\/2025\/01\/hopital-emile-durkheim-epinal-urgences6.jpg\" \/>\n<meta name=\"twitter:creator\" content=\"@VosgesInfo88\" \/>\n<meta name=\"twitter:site\" content=\"@VosgesInfo88\" \/>\n<meta name=\"twitter:label1\" content=\"\u00c9crit par\" \/>\n\t<meta name=\"twitter:data1\" content=\"C.K.\" \/>\n\t<meta name=\"twitter:label2\" content=\"Dur\u00e9e de lecture estim\u00e9e\" \/>\n\t<meta name=\"twitter:data2\" content=\"1 minute\" \/>\n<script type=\"application\/ld+json\" class=\"yoast-schema-graph\">{\"@context\":\"https:\/\/schema.org\",\"@graph\":[{\"@type\":\"Article\",\"@id\":\"https:\/\/vosgesinfo.fr\/epinalinfo\/2025\/06\/reconnaissance-pour-les-donneurs-dorganes-un-memorial-inaugure-au-ch-emile-durkheim\/#article\",\"isPartOf\":{\"@id\":\"https:\/\/vosgesinfo.fr\/epinalinfo\/2025\/06\/reconnaissance-pour-les-donneurs-dorganes-un-memorial-inaugure-au-ch-emile-durkheim\/\"},\"author\":{\"name\":\"C.K.\",\"@id\":\"https:\/\/vosgesinfo.fr\/epinalinfo\/#\/schema\/person\/6f9a650eeea99d969b6c4ab78fccbe81\"},\"headline\":\"Reconnaissance pour les donneurs d\u2019organes : un m\u00e9morial inaugur\u00e9 au CH Emile Durkheim\",\"datePublished\":\"2025-06-20T07:35:23+00:00\",\"dateModified\":\"2025-06-20T07:25:45+00:00\",\"mainEntityOfPage\":{\"@id\":\"https:\/\/vosgesinfo.fr\/epinalinfo\/2025\/06\/reconnaissance-pour-les-donneurs-dorganes-un-memorial-inaugure-au-ch-emile-durkheim\/\"},\"wordCount\":303,\"commentCount\":0,\"publisher\":{\"@id\":\"https:\/\/vosgesinfo.fr\/epinalinfo\/#organization\"},\"image\":{\"@id\":\"https:\/\/vosgesinfo.fr\/epinalinfo\/2025\/06\/reconnaissance-pour-les-donneurs-dorganes-un-memorial-inaugure-au-ch-emile-durkheim\/#primaryimage\"},\"thumbnailUrl\":\"https:\/\/vosgesinfo.fr\/app\/uploads\/sites\/3\/2025\/01\/hopital-emile-durkheim-epinal-urgences6.jpg\",\"articleSection\":[\"A la Une\",\"Epinal\",\"Sant\u00e9\"],\"inLanguage\":\"fr-FR\",\"potentialAction\":[{\"@type\":\"CommentAction\",\"name\":\"Comment\",\"target\":[\"https:\/\/vosgesinfo.fr\/epinalinfo\/2025\/06\/reconnaissance-pour-les-donneurs-dorganes-un-memorial-inaugure-au-ch-emile-durkheim\/#respond\"]}]},{\"@type\":\"WebPage\",\"@id\":\"https:\/\/vosgesinfo.fr\/epinalinfo\/2025\/06\/reconnaissance-pour-les-donneurs-dorganes-un-memorial-inaugure-au-ch-emile-durkheim\/\",\"url\":\"https:\/\/vosgesinfo.fr\/epinalinfo\/2025\/06\/reconnaissance-pour-les-donneurs-dorganes-un-memorial-inaugure-au-ch-emile-durkheim\/\",\"name\":\"Reconnaissance pour les donneurs d\u2019organes : un m\u00e9morial inaugur\u00e9 au CH Emile Durkheim - Epinal Info\",\"isPartOf\":{\"@id\":\"https:\/\/vosgesinfo.fr\/epinalinfo\/#website\"},\"primaryImageOfPage\":{\"@id\":\"https:\/\/vosgesinfo.fr\/epinalinfo\/2025\/06\/reconnaissance-pour-les-donneurs-dorganes-un-memorial-inaugure-au-ch-emile-durkheim\/#primaryimage\"},\"image\":{\"@id\":\"https:\/\/vosgesinfo.fr\/epinalinfo\/2025\/06\/reconnaissance-pour-les-donneurs-dorganes-un-memorial-inaugure-au-ch-emile-durkheim\/#primaryimage\"},\"thumbnailUrl\":\"https:\/\/vosgesinfo.fr\/app\/uploads\/sites\/3\/2025\/01\/hopital-emile-durkheim-epinal-urgences6.jpg\",\"datePublished\":\"2025-06-20T07:35:23+00:00\",\"dateModified\":\"2025-06-20T07:25:45+00:00\",\"breadcrumb\":{\"@id\":\"https:\/\/vosgesinfo.fr\/epinalinfo\/2025\/06\/reconnaissance-pour-les-donneurs-dorganes-un-memorial-inaugure-au-ch-emile-durkheim\/#breadcrumb\"},\"inLanguage\":\"fr-FR\",\"potentialAction\":[{\"@type\":\"ReadAction\",\"target\":[\"https:\/\/vosgesinfo.fr\/epinalinfo\/2025\/06\/reconnaissance-pour-les-donneurs-dorganes-un-memorial-inaugure-au-ch-emile-durkheim\/\"]}]},{\"@type\":\"ImageObject\",\"inLanguage\":\"fr-FR\",\"@id\":\"https:\/\/vosgesinfo.fr\/epinalinfo\/2025\/06\/reconnaissance-pour-les-donneurs-dorganes-un-memorial-inaugure-au-ch-emile-durkheim\/#primaryimage\",\"url\":\"https:\/\/vosgesinfo.fr\/app\/uploads\/sites\/3\/2025\/01\/hopital-emile-durkheim-epinal-urgences6.jpg\",\"contentUrl\":\"https:\/\/vosgesinfo.fr\/app\/uploads\/sites\/3\/2025\/01\/hopital-emile-durkheim-epinal-urgences6.jpg\",\"width\":800,\"height\":600},{\"@type\":\"BreadcrumbList\",\"@id\":\"https:\/\/vosgesinfo.fr\/epinalinfo\/2025\/06\/reconnaissance-pour-les-donneurs-dorganes-un-memorial-inaugure-au-ch-emile-durkheim\/#breadcrumb\",\"itemListElement\":[{\"@type\":\"ListItem\",\"position\":1,\"name\":\"Home\",\"item\":\"https:\/\/vosgesinfo.fr\/epinalinfo\/\"},{\"@type\":\"ListItem\",\"position\":2,\"name\":\"Reconnaissance pour les donneurs d\u2019organes : un m\u00e9morial inaugur\u00e9 au CH Emile Durkheim\"}]},{\"@type\":\"WebSite\",\"@id\":\"https:\/\/vosgesinfo.fr\/epinalinfo\/#website\",\"url\":\"https:\/\/vosgesinfo.fr\/epinalinfo\/\",\"name\":\"Epinal Info\",\"description\":\"Toute l&#039;actualit\u00e9 d&#039;\u00c9pinal\",\"publisher\":{\"@id\":\"https:\/\/vosgesinfo.fr\/epinalinfo\/#organization\"},\"alternateName\":\"Toute l'actualit\u00e9 d'\u00c9pinal\",\"potentialAction\":[{\"@type\":\"SearchAction\",\"target\":{\"@type\":\"EntryPoint\",\"urlTemplate\":\"https:\/\/vosgesinfo.fr\/epinalinfo\/?s={search_term_string}\"},\"query-input\":\"required name=search_term_string\"}],\"inLanguage\":\"fr-FR\"},{\"@type\":\"Organization\",\"@id\":\"https:\/\/vosgesinfo.fr\/epinalinfo\/#organization\",\"name\":\"Epinal Info\",\"url\":\"https:\/\/vosgesinfo.fr\/epinalinfo\/\",\"logo\":{\"@type\":\"ImageObject\",\"inLanguage\":\"fr-FR\",\"@id\":\"https:\/\/vosgesinfo.fr\/epinalinfo\/#\/schema\/logo\/image\/\",\"url\":\"https:\/\/vosgesinfo.fr\/app\/uploads\/sites\/3\/2023\/08\/logo-epinalinfos.svg\",\"contentUrl\":\"https:\/\/vosgesinfo.fr\/app\/uploads\/sites\/3\/2023\/08\/logo-epinalinfos.svg\",\"width\":1,\"height\":1,\"caption\":\"Epinal Info\"},\"image\":{\"@id\":\"https:\/\/vosgesinfo.fr\/epinalinfo\/#\/schema\/logo\/image\/\"},\"sameAs\":[\"https:\/\/www.facebook.com\/Epinalinfos\",\"https:\/\/x.com\/VosgesInfo88\",\"https:\/\/www.youtube.com\/@vosgesinfo\"]},{\"@type\":\"Person\",\"@id\":\"https:\/\/vosgesinfo.fr\/epinalinfo\/#\/schema\/person\/6f9a650eeea99d969b6c4ab78fccbe81\",\"name\":\"C.K.\",\"image\":{\"@type\":\"ImageObject\",\"inLanguage\":\"fr-FR\",\"@id\":\"https:\/\/vosgesinfo.fr\/epinalinfo\/#\/schema\/person\/image\/\",\"url\":\"https:\/\/secure.gravatar.com\/avatar\/48e3fc7f8421ba8942be6b74a2b7f014ca39bc00dece156b7a8e098ae7dc87bf?s=96&d=mm&r=g\",\"contentUrl\":\"https:\/\/secure.gravatar.com\/avatar\/48e3fc7f8421ba8942be6b74a2b7f014ca39bc00dece156b7a8e098ae7dc87bf?s=96&d=mm&r=g\",\"caption\":\"C.K.\"},\"url\":\"https:\/\/vosgesinfo.fr\/epinalinfo\/author\/celia-k-n\/\"}]}<\/script>\n<!-- \/ Yoast SEO plugin. -->","yoast_head_json":{"title":"Reconnaissance pour les donneurs d\u2019organes : un m\u00e9morial inaugur\u00e9 au CH Emile Durkheim - Epinal Info","robots":{"index":"index","follow":"follow","max-snippet":"max-snippet:-1","max-image-preview":"max-image-preview:large","max-video-preview":"max-video-preview:-1"},"canonical":"https:\/\/vosgesinfo.fr\/epinalinfo\/2025\/06\/reconnaissance-pour-les-donneurs-dorganes-un-memorial-inaugure-au-ch-emile-durkheim\/","twitter_card":"summary_large_image","twitter_title":"Reconnaissance pour les donneurs d\u2019organes : un m\u00e9morial inaugur\u00e9 au CH Emile Durkheim - Epinal Info","twitter_description":"\u00c0 l\u2019occasion de la Journ\u00e9e nationale du don d\u2019organes, c\u00e9l\u00e9br\u00e9e le 22 juin 2025, le Centre Hospitalier Emile Durkheim rendra [&hellip;]","twitter_image":"https:\/\/vosgesinfo.fr\/app\/uploads\/sites\/3\/2025\/01\/hopital-emile-durkheim-epinal-urgences6.jpg","twitter_creator":"@VosgesInfo88","twitter_site":"@VosgesInfo88","twitter_misc":{"\u00c9crit par":"C.K.","Dur\u00e9e de lecture estim\u00e9e":"1 minute"},"schema":{"@context":"https:\/\/schema.org","@graph":[{"@type":"Article","@id":"https:\/\/vosgesinfo.fr\/epinalinfo\/2025\/06\/reconnaissance-pour-les-donneurs-dorganes-un-memorial-inaugure-au-ch-emile-durkheim\/#article","isPartOf":{"@id":"https:\/\/vosgesinfo.fr\/epinalinfo\/2025\/06\/reconnaissance-pour-les-donneurs-dorganes-un-memorial-inaugure-au-ch-emile-durkheim\/"},"author":{"name":"C.K.","@id":"https:\/\/vosgesinfo.fr\/epinalinfo\/#\/schema\/person\/6f9a650eeea99d969b6c4ab78fccbe81"},"headline":"Reconnaissance pour les donneurs d\u2019organes : un m\u00e9morial inaugur\u00e9 au CH Emile Durkheim","datePublished":"2025-06-20T07:35:23+00:00","dateModified":"2025-06-20T07:25:45+00:00","mainEntityOfPage":{"@id":"https:\/\/vosgesinfo.fr\/epinalinfo\/2025\/06\/reconnaissance-pour-les-donneurs-dorganes-un-memorial-inaugure-au-ch-emile-durkheim\/"},"wordCount":303,"commentCount":0,"publisher":{"@id":"https:\/\/vosgesinfo.fr\/epinalinfo\/#organization"},"image":{"@id":"https:\/\/vosgesinfo.fr\/epinalinfo\/2025\/06\/reconnaissance-pour-les-donneurs-dorganes-un-memorial-inaugure-au-ch-emile-durkheim\/#primaryimage"},"thumbnailUrl":"https:\/\/vosgesinfo.fr\/app\/uploads\/sites\/3\/2025\/01\/hopital-emile-durkheim-epinal-urgences6.jpg","articleSection":["A la Une","Epinal","Sant\u00e9"],"inLanguage":"fr-FR","potentialAction":[{"@type":"CommentAction","name":"Comment","target":["https:\/\/vosgesinfo.fr\/epinalinfo\/2025\/06\/reconnaissance-pour-les-donneurs-dorganes-un-memorial-inaugure-au-ch-emile-durkheim\/#respond"]}]},{"@type":"WebPage","@id":"https:\/\/vosgesinfo.fr\/epinalinfo\/2025\/06\/reconnaissance-pour-les-donneurs-dorganes-un-memorial-inaugure-au-ch-emile-durkheim\/","url":"https:\/\/vosgesinfo.fr\/epinalinfo\/2025\/06\/reconnaissance-pour-les-donneurs-dorganes-un-memorial-inaugure-au-ch-emile-durkheim\/","name":"Reconnaissance pour les donneurs d\u2019organes : un m\u00e9morial inaugur\u00e9 au CH Emile Durkheim - Epinal Info","isPartOf":{"@id":"https:\/\/vosgesinfo.fr\/epinalinfo\/#website"},"primaryImageOfPage":{"@id":"https:\/\/vosgesinfo.fr\/epinalinfo\/2025\/06\/reconnaissance-pour-les-donneurs-dorganes-un-memorial-inaugure-au-ch-emile-durkheim\/#primaryimage"},"image":{"@id":"https:\/\/vosgesinfo.fr\/epinalinfo\/2025\/06\/reconnaissance-pour-les-donneurs-dorganes-un-memorial-inaugure-au-ch-emile-durkheim\/#primaryimage"},"thumbnailUrl":"https:\/\/vosgesinfo.fr\/app\/uploads\/sites\/3\/2025\/01\/hopital-emile-durkheim-epinal-urgences6.jpg","datePublished":"2025-06-20T07:35:23+00:00","dateModified":"2025-06-20T07:25:45+00:00","breadcrumb":{"@id":"https:\/\/vosgesinfo.fr\/epinalinfo\/2025\/06\/reconnaissance-pour-les-donneurs-dorganes-un-memorial-inaugure-au-ch-emile-durkheim\/#breadcrumb"},"inLanguage":"fr-FR","potentialAction":[{"@type":"ReadAction","target":["https:\/\/vosgesinfo.fr\/epinalinfo\/2025\/06\/reconnaissance-pour-les-donneurs-dorganes-un-memorial-inaugure-au-ch-emile-durkheim\/"]}]},{"@type":"ImageObject","inLanguage":"fr-FR","@id":"https:\/\/vosgesinfo.fr\/epinalinfo\/2025\/06\/reconnaissance-pour-les-donneurs-dorganes-un-memorial-inaugure-au-ch-emile-durkheim\/#primaryimage","url":"https:\/\/vosgesinfo.fr\/app\/uploads\/sites\/3\/2025\/01\/hopital-emile-durkheim-epinal-urgences6.jpg","contentUrl":"https:\/\/vosgesinfo.fr\/app\/uploads\/sites\/3\/2025\/01\/hopital-emile-durkheim-epinal-urgences6.jpg","width":800,"height":600},{"@type":"BreadcrumbList","@id":"https:\/\/vosgesinfo.fr\/epinalinfo\/2025\/06\/reconnaissance-pour-les-donneurs-dorganes-un-memorial-inaugure-au-ch-emile-durkheim\/#breadcrumb","itemListElement":[{"@type":"ListItem","position":1,"name":"Home","item":"https:\/\/vosgesinfo.fr\/epinalinfo\/"},{"@type":"ListItem","position":2,"name":"Reconnaissance pour les donneurs d\u2019organes : un m\u00e9morial inaugur\u00e9 au CH Emile Durkheim"}]},{"@type":"WebSite","@id":"https:\/\/vosgesinfo.fr\/epinalinfo\/#website","url":"https:\/\/vosgesinfo.fr\/epinalinfo\/","name":"Epinal Info","description":"Toute l&#039;actualit\u00e9 d&#039;\u00c9pinal","publisher":{"@id":"https:\/\/vosgesinfo.fr\/epinalinfo\/#organization"},"alternateName":"Toute l'actualit\u00e9 d'\u00c9pinal","potentialAction":[{"@type":"SearchAction","target":{"@type":"EntryPoint","urlTemplate":"https:\/\/vosgesinfo.fr\/epinalinfo\/?s={search_term_string}"},"query-input":"required name=search_term_string"}],"inLanguage":"fr-FR"},{"@type":"Organization","@id":"https:\/\/vosgesinfo.fr\/epinalinfo\/#organization","name":"Epinal Info","url":"https:\/\/vosgesinfo.fr\/epinalinfo\/","logo":{"@type":"ImageObject","inLanguage":"fr-FR","@id":"https:\/\/vosgesinfo.fr\/epinalinfo\/#\/schema\/logo\/image\/","url":"https:\/\/vosgesinfo.fr\/app\/uploads\/sites\/3\/2023\/08\/logo-epinalinfos.svg","contentUrl":"https:\/\/vosgesinfo.fr\/app\/uploads\/sites\/3\/2023\/08\/logo-epinalinfos.svg","width":1,"height":1,"caption":"Epinal Info"},"image":{"@id":"https:\/\/vosgesinfo.fr\/epinalinfo\/#\/schema\/logo\/image\/"},"sameAs":["https:\/\/www.facebook.com\/Epinalinfos","https:\/\/x.com\/VosgesInfo88","https:\/\/www.youtube.com\/@vosgesinfo"]},{"@type":"Person","@id":"https:\/\/vosgesinfo.fr\/epinalinfo\/#\/schema\/person\/6f9a650eeea99d969b6c4ab78fccbe81","name":"C.K.","image":{"@type":"ImageObject","inLanguage":"fr-FR","@id":"https:\/\/vosgesinfo.fr\/epinalinfo\/#\/schema\/person\/image\/","url":"https:\/\/secure.gravatar.com\/avatar\/48e3fc7f8421ba8942be6b74a2b7f014ca39bc00dece156b7a8e098ae7dc87bf?s=96&d=mm&r=g","contentUrl":"https:\/\/secure.gravatar.com\/avatar\/48e3fc7f8421ba8942be6b74a2b7f014ca39bc00dece156b7a8e098ae7dc87bf?s=96&d=mm&r=g","caption":"C.K."},"url":"https:\/\/vosgesinfo.fr\/epinalinfo\/author\/celia-k-n\/"}]}},"_links":{"self":[{"href":"https:\/\/vosgesinfo.fr\/epinalinfo\/wp-json\/wp\/v2\/posts\/133064","targetHints":{"allow":["GET"]}}],"collection":[{"href":"https:\/\/vosgesinfo.fr\/epinalinfo\/wp-json\/wp\/v2\/posts"}],"about":[{"href":"https:\/\/vosgesinfo.fr\/epinalinfo\/wp-json\/wp\/v2\/types\/post"}],"author":[{"embeddable":true,"href":"https:\/\/vosgesinfo.fr\/epinalinfo\/wp-json\/wp\/v2\/users\/52"}],"replies":[{"embeddable":true,"href":"https:\/\/vosgesinfo.fr\/epinalinfo\/wp-json\/wp\/v2\/comments?post=133064"}],"version-history":[{"count":1,"href":"https:\/\/vosgesinfo.fr\/epinalinfo\/wp-json\/wp\/v2\/posts\/133064\/revisions"}],"predecessor-version":[{"id":133066,"href":"https:\/\/vosgesinfo.fr\/epinalinfo\/wp-json\/wp\/v2\/posts\/133064\/revisions\/133066"}],"wp:featuredmedia":[{"embeddable":true,"href":"https:\/\/vosgesinfo.fr\/epinalinfo\/wp-json\/wp\/v2\/media\/126987"}],"wp:attachment":[{"href":"https:\/\/vosgesinfo.fr\/epinalinfo\/wp-json\/wp\/v2\/media?parent=133064"}],"wp:term":[{"taxonomy":"category","embeddable":true,"href":"https:\/\/vosgesinfo.fr\/epinalinfo\/wp-json\/wp\/v2\/categories?post=133064"},{"taxonomy":"post_tag","embeddable":true,"href":"https:\/\/vosgesinfo.fr\/epinalinfo\/wp-json\/wp\/v2\/tags?post=133064"}],"curies":[{"name":"wp","href":"https:\/\/api.w.org\/{rel}","templated":true}]}}