{"id":133067,"date":"2025-06-20T09:48:06","date_gmt":"2025-06-20T07:48:06","guid":{"rendered":"https:\/\/vosgesinfo.fr\/epinalinfo\/?p=133067"},"modified":"2025-06-20T09:31:08","modified_gmt":"2025-06-20T07:31:08","slug":"journee-mondiale-des-donneurs-de-sang-epinal-sillumine-en-rouge-pour-la-vie","status":"publish","type":"post","link":"https:\/\/vosgesinfo.fr\/epinalinfo\/2025\/06\/journee-mondiale-des-donneurs-de-sang-epinal-sillumine-en-rouge-pour-la-vie\/","title":{"rendered":"Journ\u00e9e mondiale des donneurs de sang : \u00c9pinal s\u2019illumine en rouge pour la vie"},"content":{"rendered":"<div id=\"attachment_133068\" style=\"width: 2058px\" class=\"wp-caption aligncenter\"><a href=\"https:\/\/vosgesinfo.fr\/app\/uploads\/sites\/3\/2025\/06\/508401277-1172349118264161-8320174783566496489-n.jpg\"><img decoding=\"async\" aria-describedby=\"caption-attachment-133068\" class=\"size-full wp-image-133068\" src=\"https:\/\/vosgesinfo.fr\/app\/uploads\/sites\/3\/2025\/06\/508401277-1172349118264161-8320174783566496489-n.jpg\" alt=\"\" width=\"2048\" height=\"1365\" srcset=\"https:\/\/vosgesinfo.fr\/app\/uploads\/sites\/3\/2025\/06\/508401277-1172349118264161-8320174783566496489-n.jpg 2048w, https:\/\/vosgesinfo.fr\/app\/uploads\/sites\/3\/2025\/06\/508401277-1172349118264161-8320174783566496489-n-300x200.jpg 300w, https:\/\/vosgesinfo.fr\/app\/uploads\/sites\/3\/2025\/06\/508401277-1172349118264161-8320174783566496489-n-1024x683.jpg 1024w, https:\/\/vosgesinfo.fr\/app\/uploads\/sites\/3\/2025\/06\/508401277-1172349118264161-8320174783566496489-n-768x512.jpg 768w, https:\/\/vosgesinfo.fr\/app\/uploads\/sites\/3\/2025\/06\/508401277-1172349118264161-8320174783566496489-n-1536x1024.jpg 1536w\" sizes=\"(max-width: 2048px) 100vw, 2048px\" \/><\/a><p id=\"caption-attachment-133068\" class=\"wp-caption-text\">photo Ville d&rsquo;Epinal<\/p><\/div>\n<h2 data-start=\"225\" data-end=\"436\"><strong>Le 14 juin, \u00e0 l\u2019occasion de la Journ\u00e9e mondiale des donneurs de sang, la Ville d\u2019\u00c9pinal a r\u00e9affirm\u00e9 son engagement en faveur de cette cause vitale aux c\u00f4t\u00e9s de l\u2019\u00c9tablissement Fran\u00e7ais du Sang (EFS).<\/strong><\/h2>\n<p data-start=\"438\" data-end=\"499\"><strong data-start=\"441\" data-end=\"499\">Un symbole fort : le pont du 170e RI illumin\u00e9 en rouge<\/strong><\/p>\n<p data-start=\"501\" data-end=\"802\">Pour marquer cette journ\u00e9e de reconnaissance et de sensibilisation, le pont du 170e R\u00e9giment d\u2019Infanterie s\u2019est par\u00e9 de rouge, couleur universelle du don de sang, le temps d\u2019une soir\u00e9e. Ce geste symbolique vise \u00e0 rendre hommage aux donneurs et \u00e0 encourager chacun \u00e0 franchir le pas du don.<\/p>\n<p data-start=\"804\" data-end=\"844\"><strong data-start=\"807\" data-end=\"844\">Un acte simple, un impact immense<\/strong><\/p>\n<p data-start=\"846\" data-end=\"1120\">Chaque don peut sauver jusqu\u2019\u00e0 trois vies. Pourtant, les besoins restent constants, et les r\u00e9serves doivent \u00eatre renouvel\u00e9es r\u00e9guli\u00e8rement. En participant \u00e0 cette action, la Ville d\u2019\u00c9pinal rappelle que le don de sang est un acte solidaire, g\u00e9n\u00e9reux et indispensable.<\/p>\n<p data-start=\"1122\" data-end=\"1145\"><strong data-start=\"1125\" data-end=\"1145\">Comment donner ?<\/strong><\/p>\n<p data-start=\"1147\" data-end=\"1377\">Il est facile de devenir donneur.\u00a0<br data-start=\"1254\" data-end=\"1257\" \/>Prenez rendez-vous d\u00e8s maintenant sur le site de l\u2019EFS :<br data-start=\"1316\" data-end=\"1319\" \/><strong data-start=\"1319\" data-end=\"1377\"><a class=\"\" href=\"https:\/\/f.mtr.cool\/kblsohwfze\" target=\"_new\" rel=\"noopener\" data-start=\"1321\" data-end=\"1375\">f.mtr.cool\/kblsohwfze<\/a><\/strong><\/p>\n","protected":false},"excerpt":{"rendered":"<p>Le 14 juin, \u00e0 l\u2019occasion de la Journ\u00e9e mondiale des donneurs de sang, la Ville d\u2019\u00c9pinal a r\u00e9affirm\u00e9 son engagement [&hellip;]<\/p>\n","protected":false},"author":52,"featured_media":133068,"comment_status":"open","ping_status":"open","sticky":false,"template":"","format":"standard","meta":{"footnotes":""},"categories":[22,24],"tags":[],"class_list":["post-133067","post","type-post","status-publish","format-standard","has-post-thumbnail","hentry","category-a-la-une","category-epinal"],"acf":[],"yoast_head":"<!-- This site is optimized with the Yoast SEO plugin v22.5 - https:\/\/yoast.com\/wordpress\/plugins\/seo\/ -->\n<title>Journ\u00e9e mondiale des donneurs de sang : \u00c9pinal s\u2019illumine en rouge pour la vie - Epinal Info<\/title>\n<meta name=\"robots\" content=\"index, follow, max-snippet:-1, max-image-preview:large, max-video-preview:-1\" \/>\n<link rel=\"canonical\" href=\"https:\/\/vosgesinfo.fr\/epinalinfo\/2025\/06\/journee-mondiale-des-donneurs-de-sang-epinal-sillumine-en-rouge-pour-la-vie\/\" \/>\n<meta name=\"twitter:card\" content=\"summary_large_image\" \/>\n<meta name=\"twitter:title\" content=\"Journ\u00e9e mondiale des donneurs de sang : \u00c9pinal s\u2019illumine en rouge pour la vie - Epinal Info\" \/>\n<meta name=\"twitter:description\" content=\"Le 14 juin, \u00e0 l\u2019occasion de la Journ\u00e9e mondiale des donneurs de sang, la Ville d\u2019\u00c9pinal a r\u00e9affirm\u00e9 son engagement [&hellip;]\" \/>\n<meta name=\"twitter:image\" content=\"https:\/\/vosgesinfo.fr\/app\/uploads\/sites\/3\/2025\/06\/508401277-1172349118264161-8320174783566496489-n.jpg\" \/>\n<meta name=\"twitter:creator\" content=\"@VosgesInfo88\" \/>\n<meta name=\"twitter:site\" content=\"@VosgesInfo88\" \/>\n<meta name=\"twitter:label1\" content=\"\u00c9crit par\" \/>\n\t<meta name=\"twitter:data1\" content=\"C.K.\" \/>\n\t<meta name=\"twitter:label2\" content=\"Dur\u00e9e de lecture estim\u00e9e\" \/>\n\t<meta name=\"twitter:data2\" content=\"1 minute\" \/>\n<script type=\"application\/ld+json\" class=\"yoast-schema-graph\">{\"@context\":\"https:\/\/schema.org\",\"@graph\":[{\"@type\":\"Article\",\"@id\":\"https:\/\/vosgesinfo.fr\/epinalinfo\/2025\/06\/journee-mondiale-des-donneurs-de-sang-epinal-sillumine-en-rouge-pour-la-vie\/#article\",\"isPartOf\":{\"@id\":\"https:\/\/vosgesinfo.fr\/epinalinfo\/2025\/06\/journee-mondiale-des-donneurs-de-sang-epinal-sillumine-en-rouge-pour-la-vie\/\"},\"author\":{\"name\":\"C.K.\",\"@id\":\"https:\/\/vosgesinfo.fr\/epinalinfo\/#\/schema\/person\/6f9a650eeea99d969b6c4ab78fccbe81\"},\"headline\":\"Journ\u00e9e mondiale des donneurs de sang : \u00c9pinal s\u2019illumine en rouge pour la vie\",\"datePublished\":\"2025-06-20T07:48:06+00:00\",\"dateModified\":\"2025-06-20T07:31:08+00:00\",\"mainEntityOfPage\":{\"@id\":\"https:\/\/vosgesinfo.fr\/epinalinfo\/2025\/06\/journee-mondiale-des-donneurs-de-sang-epinal-sillumine-en-rouge-pour-la-vie\/\"},\"wordCount\":203,\"commentCount\":0,\"publisher\":{\"@id\":\"https:\/\/vosgesinfo.fr\/epinalinfo\/#organization\"},\"image\":{\"@id\":\"https:\/\/vosgesinfo.fr\/epinalinfo\/2025\/06\/journee-mondiale-des-donneurs-de-sang-epinal-sillumine-en-rouge-pour-la-vie\/#primaryimage\"},\"thumbnailUrl\":\"https:\/\/vosgesinfo.fr\/app\/uploads\/sites\/3\/2025\/06\/508401277-1172349118264161-8320174783566496489-n.jpg\",\"articleSection\":[\"A la Une\",\"Epinal\"],\"inLanguage\":\"fr-FR\",\"potentialAction\":[{\"@type\":\"CommentAction\",\"name\":\"Comment\",\"target\":[\"https:\/\/vosgesinfo.fr\/epinalinfo\/2025\/06\/journee-mondiale-des-donneurs-de-sang-epinal-sillumine-en-rouge-pour-la-vie\/#respond\"]}]},{\"@type\":\"WebPage\",\"@id\":\"https:\/\/vosgesinfo.fr\/epinalinfo\/2025\/06\/journee-mondiale-des-donneurs-de-sang-epinal-sillumine-en-rouge-pour-la-vie\/\",\"url\":\"https:\/\/vosgesinfo.fr\/epinalinfo\/2025\/06\/journee-mondiale-des-donneurs-de-sang-epinal-sillumine-en-rouge-pour-la-vie\/\",\"name\":\"Journ\u00e9e mondiale des donneurs de sang : \u00c9pinal s\u2019illumine en rouge pour la vie - Epinal Info\",\"isPartOf\":{\"@id\":\"https:\/\/vosgesinfo.fr\/epinalinfo\/#website\"},\"primaryImageOfPage\":{\"@id\":\"https:\/\/vosgesinfo.fr\/epinalinfo\/2025\/06\/journee-mondiale-des-donneurs-de-sang-epinal-sillumine-en-rouge-pour-la-vie\/#primaryimage\"},\"image\":{\"@id\":\"https:\/\/vosgesinfo.fr\/epinalinfo\/2025\/06\/journee-mondiale-des-donneurs-de-sang-epinal-sillumine-en-rouge-pour-la-vie\/#primaryimage\"},\"thumbnailUrl\":\"https:\/\/vosgesinfo.fr\/app\/uploads\/sites\/3\/2025\/06\/508401277-1172349118264161-8320174783566496489-n.jpg\",\"datePublished\":\"2025-06-20T07:48:06+00:00\",\"dateModified\":\"2025-06-20T07:31:08+00:00\",\"breadcrumb\":{\"@id\":\"https:\/\/vosgesinfo.fr\/epinalinfo\/2025\/06\/journee-mondiale-des-donneurs-de-sang-epinal-sillumine-en-rouge-pour-la-vie\/#breadcrumb\"},\"inLanguage\":\"fr-FR\",\"potentialAction\":[{\"@type\":\"ReadAction\",\"target\":[\"https:\/\/vosgesinfo.fr\/epinalinfo\/2025\/06\/journee-mondiale-des-donneurs-de-sang-epinal-sillumine-en-rouge-pour-la-vie\/\"]}]},{\"@type\":\"ImageObject\",\"inLanguage\":\"fr-FR\",\"@id\":\"https:\/\/vosgesinfo.fr\/epinalinfo\/2025\/06\/journee-mondiale-des-donneurs-de-sang-epinal-sillumine-en-rouge-pour-la-vie\/#primaryimage\",\"url\":\"https:\/\/vosgesinfo.fr\/app\/uploads\/sites\/3\/2025\/06\/508401277-1172349118264161-8320174783566496489-n.jpg\",\"contentUrl\":\"https:\/\/vosgesinfo.fr\/app\/uploads\/sites\/3\/2025\/06\/508401277-1172349118264161-8320174783566496489-n.jpg\",\"width\":2048,\"height\":1365,\"caption\":\"photo Ville d'Epinal\"},{\"@type\":\"BreadcrumbList\",\"@id\":\"https:\/\/vosgesinfo.fr\/epinalinfo\/2025\/06\/journee-mondiale-des-donneurs-de-sang-epinal-sillumine-en-rouge-pour-la-vie\/#breadcrumb\",\"itemListElement\":[{\"@type\":\"ListItem\",\"position\":1,\"name\":\"Home\",\"item\":\"https:\/\/vosgesinfo.fr\/epinalinfo\/\"},{\"@type\":\"ListItem\",\"position\":2,\"name\":\"Journ\u00e9e mondiale des donneurs de sang : \u00c9pinal s\u2019illumine en rouge pour la vie\"}]},{\"@type\":\"WebSite\",\"@id\":\"https:\/\/vosgesinfo.fr\/epinalinfo\/#website\",\"url\":\"https:\/\/vosgesinfo.fr\/epinalinfo\/\",\"name\":\"Epinal Info\",\"description\":\"Toute l&#039;actualit\u00e9 d&#039;\u00c9pinal\",\"publisher\":{\"@id\":\"https:\/\/vosgesinfo.fr\/epinalinfo\/#organization\"},\"alternateName\":\"Toute l'actualit\u00e9 d'\u00c9pinal\",\"potentialAction\":[{\"@type\":\"SearchAction\",\"target\":{\"@type\":\"EntryPoint\",\"urlTemplate\":\"https:\/\/vosgesinfo.fr\/epinalinfo\/?s={search_term_string}\"},\"query-input\":\"required name=search_term_string\"}],\"inLanguage\":\"fr-FR\"},{\"@type\":\"Organization\",\"@id\":\"https:\/\/vosgesinfo.fr\/epinalinfo\/#organization\",\"name\":\"Epinal Info\",\"url\":\"https:\/\/vosgesinfo.fr\/epinalinfo\/\",\"logo\":{\"@type\":\"ImageObject\",\"inLanguage\":\"fr-FR\",\"@id\":\"https:\/\/vosgesinfo.fr\/epinalinfo\/#\/schema\/logo\/image\/\",\"url\":\"https:\/\/vosgesinfo.fr\/app\/uploads\/sites\/3\/2023\/08\/logo-epinalinfos.svg\",\"contentUrl\":\"https:\/\/vosgesinfo.fr\/app\/uploads\/sites\/3\/2023\/08\/logo-epinalinfos.svg\",\"width\":1,\"height\":1,\"caption\":\"Epinal Info\"},\"image\":{\"@id\":\"https:\/\/vosgesinfo.fr\/epinalinfo\/#\/schema\/logo\/image\/\"},\"sameAs\":[\"https:\/\/www.facebook.com\/Epinalinfos\",\"https:\/\/x.com\/VosgesInfo88\",\"https:\/\/www.youtube.com\/@vosgesinfo\"]},{\"@type\":\"Person\",\"@id\":\"https:\/\/vosgesinfo.fr\/epinalinfo\/#\/schema\/person\/6f9a650eeea99d969b6c4ab78fccbe81\",\"name\":\"C.K.\",\"image\":{\"@type\":\"ImageObject\",\"inLanguage\":\"fr-FR\",\"@id\":\"https:\/\/vosgesinfo.fr\/epinalinfo\/#\/schema\/person\/image\/\",\"url\":\"https:\/\/secure.gravatar.com\/avatar\/48e3fc7f8421ba8942be6b74a2b7f014ca39bc00dece156b7a8e098ae7dc87bf?s=96&d=mm&r=g\",\"contentUrl\":\"https:\/\/secure.gravatar.com\/avatar\/48e3fc7f8421ba8942be6b74a2b7f014ca39bc00dece156b7a8e098ae7dc87bf?s=96&d=mm&r=g\",\"caption\":\"C.K.\"},\"url\":\"https:\/\/vosgesinfo.fr\/epinalinfo\/author\/celia-k-n\/\"}]}<\/script>\n<!-- \/ Yoast SEO plugin. -->","yoast_head_json":{"title":"Journ\u00e9e mondiale des donneurs de sang : \u00c9pinal s\u2019illumine en rouge pour la vie - Epinal Info","robots":{"index":"index","follow":"follow","max-snippet":"max-snippet:-1","max-image-preview":"max-image-preview:large","max-video-preview":"max-video-preview:-1"},"canonical":"https:\/\/vosgesinfo.fr\/epinalinfo\/2025\/06\/journee-mondiale-des-donneurs-de-sang-epinal-sillumine-en-rouge-pour-la-vie\/","twitter_card":"summary_large_image","twitter_title":"Journ\u00e9e mondiale des donneurs de sang : \u00c9pinal s\u2019illumine en rouge pour la vie - Epinal Info","twitter_description":"Le 14 juin, \u00e0 l\u2019occasion de la Journ\u00e9e mondiale des donneurs de sang, la Ville d\u2019\u00c9pinal a r\u00e9affirm\u00e9 son engagement [&hellip;]","twitter_image":"https:\/\/vosgesinfo.fr\/app\/uploads\/sites\/3\/2025\/06\/508401277-1172349118264161-8320174783566496489-n.jpg","twitter_creator":"@VosgesInfo88","twitter_site":"@VosgesInfo88","twitter_misc":{"\u00c9crit par":"C.K.","Dur\u00e9e de lecture estim\u00e9e":"1 minute"},"schema":{"@context":"https:\/\/schema.org","@graph":[{"@type":"Article","@id":"https:\/\/vosgesinfo.fr\/epinalinfo\/2025\/06\/journee-mondiale-des-donneurs-de-sang-epinal-sillumine-en-rouge-pour-la-vie\/#article","isPartOf":{"@id":"https:\/\/vosgesinfo.fr\/epinalinfo\/2025\/06\/journee-mondiale-des-donneurs-de-sang-epinal-sillumine-en-rouge-pour-la-vie\/"},"author":{"name":"C.K.","@id":"https:\/\/vosgesinfo.fr\/epinalinfo\/#\/schema\/person\/6f9a650eeea99d969b6c4ab78fccbe81"},"headline":"Journ\u00e9e mondiale des donneurs de sang : \u00c9pinal s\u2019illumine en rouge pour la vie","datePublished":"2025-06-20T07:48:06+00:00","dateModified":"2025-06-20T07:31:08+00:00","mainEntityOfPage":{"@id":"https:\/\/vosgesinfo.fr\/epinalinfo\/2025\/06\/journee-mondiale-des-donneurs-de-sang-epinal-sillumine-en-rouge-pour-la-vie\/"},"wordCount":203,"commentCount":0,"publisher":{"@id":"https:\/\/vosgesinfo.fr\/epinalinfo\/#organization"},"image":{"@id":"https:\/\/vosgesinfo.fr\/epinalinfo\/2025\/06\/journee-mondiale-des-donneurs-de-sang-epinal-sillumine-en-rouge-pour-la-vie\/#primaryimage"},"thumbnailUrl":"https:\/\/vosgesinfo.fr\/app\/uploads\/sites\/3\/2025\/06\/508401277-1172349118264161-8320174783566496489-n.jpg","articleSection":["A la Une","Epinal"],"inLanguage":"fr-FR","potentialAction":[{"@type":"CommentAction","name":"Comment","target":["https:\/\/vosgesinfo.fr\/epinalinfo\/2025\/06\/journee-mondiale-des-donneurs-de-sang-epinal-sillumine-en-rouge-pour-la-vie\/#respond"]}]},{"@type":"WebPage","@id":"https:\/\/vosgesinfo.fr\/epinalinfo\/2025\/06\/journee-mondiale-des-donneurs-de-sang-epinal-sillumine-en-rouge-pour-la-vie\/","url":"https:\/\/vosgesinfo.fr\/epinalinfo\/2025\/06\/journee-mondiale-des-donneurs-de-sang-epinal-sillumine-en-rouge-pour-la-vie\/","name":"Journ\u00e9e mondiale des donneurs de sang : \u00c9pinal s\u2019illumine en rouge pour la vie - Epinal Info","isPartOf":{"@id":"https:\/\/vosgesinfo.fr\/epinalinfo\/#website"},"primaryImageOfPage":{"@id":"https:\/\/vosgesinfo.fr\/epinalinfo\/2025\/06\/journee-mondiale-des-donneurs-de-sang-epinal-sillumine-en-rouge-pour-la-vie\/#primaryimage"},"image":{"@id":"https:\/\/vosgesinfo.fr\/epinalinfo\/2025\/06\/journee-mondiale-des-donneurs-de-sang-epinal-sillumine-en-rouge-pour-la-vie\/#primaryimage"},"thumbnailUrl":"https:\/\/vosgesinfo.fr\/app\/uploads\/sites\/3\/2025\/06\/508401277-1172349118264161-8320174783566496489-n.jpg","datePublished":"2025-06-20T07:48:06+00:00","dateModified":"2025-06-20T07:31:08+00:00","breadcrumb":{"@id":"https:\/\/vosgesinfo.fr\/epinalinfo\/2025\/06\/journee-mondiale-des-donneurs-de-sang-epinal-sillumine-en-rouge-pour-la-vie\/#breadcrumb"},"inLanguage":"fr-FR","potentialAction":[{"@type":"ReadAction","target":["https:\/\/vosgesinfo.fr\/epinalinfo\/2025\/06\/journee-mondiale-des-donneurs-de-sang-epinal-sillumine-en-rouge-pour-la-vie\/"]}]},{"@type":"ImageObject","inLanguage":"fr-FR","@id":"https:\/\/vosgesinfo.fr\/epinalinfo\/2025\/06\/journee-mondiale-des-donneurs-de-sang-epinal-sillumine-en-rouge-pour-la-vie\/#primaryimage","url":"https:\/\/vosgesinfo.fr\/app\/uploads\/sites\/3\/2025\/06\/508401277-1172349118264161-8320174783566496489-n.jpg","contentUrl":"https:\/\/vosgesinfo.fr\/app\/uploads\/sites\/3\/2025\/06\/508401277-1172349118264161-8320174783566496489-n.jpg","width":2048,"height":1365,"caption":"photo Ville d'Epinal"},{"@type":"BreadcrumbList","@id":"https:\/\/vosgesinfo.fr\/epinalinfo\/2025\/06\/journee-mondiale-des-donneurs-de-sang-epinal-sillumine-en-rouge-pour-la-vie\/#breadcrumb","itemListElement":[{"@type":"ListItem","position":1,"name":"Home","item":"https:\/\/vosgesinfo.fr\/epinalinfo\/"},{"@type":"ListItem","position":2,"name":"Journ\u00e9e mondiale des donneurs de sang : \u00c9pinal s\u2019illumine en rouge pour la vie"}]},{"@type":"WebSite","@id":"https:\/\/vosgesinfo.fr\/epinalinfo\/#website","url":"https:\/\/vosgesinfo.fr\/epinalinfo\/","name":"Epinal Info","description":"Toute l&#039;actualit\u00e9 d&#039;\u00c9pinal","publisher":{"@id":"https:\/\/vosgesinfo.fr\/epinalinfo\/#organization"},"alternateName":"Toute l'actualit\u00e9 d'\u00c9pinal","potentialAction":[{"@type":"SearchAction","target":{"@type":"EntryPoint","urlTemplate":"https:\/\/vosgesinfo.fr\/epinalinfo\/?s={search_term_string}"},"query-input":"required name=search_term_string"}],"inLanguage":"fr-FR"},{"@type":"Organization","@id":"https:\/\/vosgesinfo.fr\/epinalinfo\/#organization","name":"Epinal Info","url":"https:\/\/vosgesinfo.fr\/epinalinfo\/","logo":{"@type":"ImageObject","inLanguage":"fr-FR","@id":"https:\/\/vosgesinfo.fr\/epinalinfo\/#\/schema\/logo\/image\/","url":"https:\/\/vosgesinfo.fr\/app\/uploads\/sites\/3\/2023\/08\/logo-epinalinfos.svg","contentUrl":"https:\/\/vosgesinfo.fr\/app\/uploads\/sites\/3\/2023\/08\/logo-epinalinfos.svg","width":1,"height":1,"caption":"Epinal Info"},"image":{"@id":"https:\/\/vosgesinfo.fr\/epinalinfo\/#\/schema\/logo\/image\/"},"sameAs":["https:\/\/www.facebook.com\/Epinalinfos","https:\/\/x.com\/VosgesInfo88","https:\/\/www.youtube.com\/@vosgesinfo"]},{"@type":"Person","@id":"https:\/\/vosgesinfo.fr\/epinalinfo\/#\/schema\/person\/6f9a650eeea99d969b6c4ab78fccbe81","name":"C.K.","image":{"@type":"ImageObject","inLanguage":"fr-FR","@id":"https:\/\/vosgesinfo.fr\/epinalinfo\/#\/schema\/person\/image\/","url":"https:\/\/secure.gravatar.com\/avatar\/48e3fc7f8421ba8942be6b74a2b7f014ca39bc00dece156b7a8e098ae7dc87bf?s=96&d=mm&r=g","contentUrl":"https:\/\/secure.gravatar.com\/avatar\/48e3fc7f8421ba8942be6b74a2b7f014ca39bc00dece156b7a8e098ae7dc87bf?s=96&d=mm&r=g","caption":"C.K."},"url":"https:\/\/vosgesinfo.fr\/epinalinfo\/author\/celia-k-n\/"}]}},"_links":{"self":[{"href":"https:\/\/vosgesinfo.fr\/epinalinfo\/wp-json\/wp\/v2\/posts\/133067","targetHints":{"allow":["GET"]}}],"collection":[{"href":"https:\/\/vosgesinfo.fr\/epinalinfo\/wp-json\/wp\/v2\/posts"}],"about":[{"href":"https:\/\/vosgesinfo.fr\/epinalinfo\/wp-json\/wp\/v2\/types\/post"}],"author":[{"embeddable":true,"href":"https:\/\/vosgesinfo.fr\/epinalinfo\/wp-json\/wp\/v2\/users\/52"}],"replies":[{"embeddable":true,"href":"https:\/\/vosgesinfo.fr\/epinalinfo\/wp-json\/wp\/v2\/comments?post=133067"}],"version-history":[{"count":1,"href":"https:\/\/vosgesinfo.fr\/epinalinfo\/wp-json\/wp\/v2\/posts\/133067\/revisions"}],"predecessor-version":[{"id":133069,"href":"https:\/\/vosgesinfo.fr\/epinalinfo\/wp-json\/wp\/v2\/posts\/133067\/revisions\/133069"}],"wp:featuredmedia":[{"embeddable":true,"href":"https:\/\/vosgesinfo.fr\/epinalinfo\/wp-json\/wp\/v2\/media\/133068"}],"wp:attachment":[{"href":"https:\/\/vosgesinfo.fr\/epinalinfo\/wp-json\/wp\/v2\/media?parent=133067"}],"wp:term":[{"taxonomy":"category","embeddable":true,"href":"https:\/\/vosgesinfo.fr\/epinalinfo\/wp-json\/wp\/v2\/categories?post=133067"},{"taxonomy":"post_tag","embeddable":true,"href":"https:\/\/vosgesinfo.fr\/epinalinfo\/wp-json\/wp\/v2\/tags?post=133067"}],"curies":[{"name":"wp","href":"https:\/\/api.w.org\/{rel}","templated":true}]}}