{"id":133072,"date":"2025-06-20T11:45:23","date_gmt":"2025-06-20T09:45:23","guid":{"rendered":"https:\/\/vosgesinfo.fr\/epinalinfo\/?p=133072"},"modified":"2025-06-20T11:45:23","modified_gmt":"2025-06-20T09:45:23","slug":"le-programme-complet-de-la-cinquieme-festoye-du-mansuy","status":"publish","type":"post","link":"https:\/\/vosgesinfo.fr\/epinalinfo\/2025\/06\/le-programme-complet-de-la-cinquieme-festoye-du-mansuy\/","title":{"rendered":"Le programme complet de la cinqui\u00e8me Festoye du Mansuy"},"content":{"rendered":"<div id=\"attachment_78898\" style=\"width: 1034px\" class=\"wp-caption alignnone\"><a href=\"https:\/\/vosgesinfo.fr\/app\/uploads\/sites\/4\/2025\/06\/presentation-5e-festoye-du-mansuy-1.jpg\"><img decoding=\"async\" aria-describedby=\"caption-attachment-78898\" class=\"size-large wp-image-78898\" src=\"https:\/\/vosgesinfo.fr\/app\/uploads\/sites\/4\/2025\/06\/presentation-5e-festoye-du-mansuy-1-1024x771.jpg\" alt=\"\" width=\"1024\" height=\"771\" \/><\/a><p id=\"caption-attachment-78898\" class=\"wp-caption-text\">(Archive)<\/p><\/div>\n<h2><a href=\"https:\/\/vosgesinfo.fr\/saintdieinfo\/2025\/06\/pour-sa-cinquieme-edition-la-festoye-du-mansuy-change-de-decor\/\" target=\"_blank\" rel=\"noopener\">Le <strong>week-end des 5 et 6 juillet<\/strong>, la <strong>Festoye du Mansuy<\/strong> fera sa <strong>cinqui\u00e8me \u00e9dition \u00e0 Saint-Di\u00e9-des-Vosges<\/strong>.<\/a> Toujours organis\u00e9e par <strong>La Rapi\u00e8re D\u00e9odatienne<\/strong>, la f\u00eate m\u00e9di\u00e9vale d\u00e9odatienne <strong>quitte le parc Jean-Mansuy<\/strong> pour venir s\u2019installer au sein du <strong>verdoyant parc de l\u2019\u00c9v\u00each\u00e9<\/strong>, en contrehaut de <strong>l\u2019ensemble cath\u00e9dral<\/strong>. Outre ce <strong>changement de lieu,<\/strong>\u00a0dans un cadre mieux adapt\u00e9 \u00e0 l&rsquo;\u00e9v\u00e9nement, cet \u00e9pisode <strong>2025<\/strong> monte encore en puissance par rapport au pr\u00e9c\u00e9dent, avec un <strong>programme tr\u00e8s complet, dense et fourni.<\/strong><\/h2>\n<p><!--more--><\/p>\n<h3 class=\"western\"><strong>Vendredi 4 juillet \u2013 En pr\u00e9ambule<\/strong><\/h3>\n<ul>\n<li><strong>20 h \u2013 Soir\u00e9e cin\u00e9ma \u00e0 Nova Cin\u00e9. Projecion du film Excalibur de John Boorman. En partenariat avec l\u2019association Excelsior \u2013 Cin\u00e9ma d\u2019Art et d\u2019Essai.<\/strong><\/li>\n<\/ul>\n<h3 class=\"western\"><strong>Samedi 5 juillet \u2013 de 10 h \u00e0 minuit<\/strong><\/h3>\n<ul>\n<li><strong>10 h, 14 h, 18 h<\/strong> : D\u00e9ambulation des <strong>Felfes G\u00e9ants<\/strong> (Art\u2019Th\u00e9mis \u2013 Parc de l\u2019\u00c9v\u00each\u00e9)<\/li>\n<li><strong>10 h 30<\/strong> : Conf\u00e9rence <em>\u00ab Le Roi Arthur ? \u00bb<\/em> \u2013 <strong>Tristan Pichard<\/strong> (M\u00e9diath\u00e8que Victor Hugo)<\/li>\n<li><strong>11 h, 14 h, 16 h<\/strong> : Spectacle <em>\u00ab Baudoin Servicial de Thil : Bourreau et justice m\u00e9di\u00e9vale \u00bb<\/em> \u2013 Marchand de Sable Productions (Parc de l\u2019\u00c9v\u00each\u00e9)<\/li>\n<li><strong>14 h 30<\/strong> : Conf\u00e9rence <em>\u00ab L\u2019enluminure \u00bb<\/em> \u2013 <strong>Martine Esparticieux<\/strong> (M\u00e9diath\u00e8que Victor Hugo)<\/li>\n<li><strong>16 h<\/strong> : Conf\u00e9rence <em>\u00ab Habiller le Moyen \u00c2ge \u00bb<\/em> \u2013 <strong>Yohann Chanoir<\/strong> (M\u00e9diath\u00e8que Victor Hugo)<\/li>\n<li><strong>17 h 30<\/strong> : Atelier jeunesse <em>\u00ab Invente ton chevalier ! \u00bb<\/em> \u2013 <strong>Tristan Pichard<\/strong> (M\u00e9diath\u00e8que Victor Hugo)<\/li>\n<li><strong>22 h 30<\/strong> : <strong>Spectacle de feu<\/strong> \u2013 <strong>AMSHRAHAA<\/strong> (Art\u2019Th\u00e9mis \u2013 Parc de l\u2019\u00c9v\u00each\u00e9)<\/li>\n<\/ul>\n<h3 class=\"western\"><strong>Dimanche 6 juillet \u2013 de 9 h \u00e0 18 h<\/strong><\/h3>\n<ul>\n<li><strong>10 h, 14 h, 18 h<\/strong> : D\u00e9ambulation des <strong>Felfes G\u00e9ants<\/strong> (Art\u2019Th\u00e9mis \u2013 Parc de l\u2019\u00c9v\u00each\u00e9)<\/li>\n<li><strong>10 h 30<\/strong> : Conf\u00e9rence <em>**\u00ab L\u2019enluminure \u00bb<\/em> \u2013 <strong>Martine Esparticieux<\/strong> (M\u00e9diath\u00e8que Victor Hugo)<\/li>\n<li><strong>11 h, 14 h, 16 h<\/strong> : Spectacle <em>**\u00ab Baudoin Servicial de Thil : Bourreau et justice m\u00e9di\u00e9vale \u00bb<\/em> (Parc de l\u2019\u00c9v\u00each\u00e9)<\/li>\n<li><strong>15 h<\/strong> : Conf\u00e9rence <em>**\u00ab Habiller le Moyen \u00c2ge \u00bb<\/em> \u2013 <strong>Yohann Chanoir<\/strong> (M\u00e9diath\u00e8que Victor Hugo)<\/li>\n<li><strong>16 h 30<\/strong> : Atelier jeunesse <em>**\u00ab Invente ton chevalier ! \u00bb<\/em> \u2013 <strong>Tristan Pichard<\/strong> (M\u00e9diath\u00e8que Victor Hugo)<\/li>\n<\/ul>\n<h3 class=\"western\"><strong>Tout au long du week-end<\/strong><\/h3>\n<h4 class=\"western\"><strong>Les choses \u00e0 voir<\/strong><\/h4>\n<ul>\n<li><strong>Combats en costume et en armure<\/strong><\/li>\n<li><strong>D\u00e9ambulations musicales de troubadours<\/strong> \u2013 Hauvoy<\/li>\n<li><strong>Dragons ambulants<\/strong><\/li>\n<li><strong>Campements de reconstitution historique<\/strong><\/li>\n<li><strong>D\u00e9monstrations de forge<\/strong><\/li>\n<li><strong>Atelier p\u00e9dagogique<\/strong> : <em>La justice au Moyen \u00c2ge<\/em><\/li>\n<li><strong>March\u00e9 m\u00e9di\u00e9val<\/strong> : artisans, produits de bouche, tatoueurs<\/li>\n<li><strong>Fermes itin\u00e9rantes<\/strong><\/li>\n<li><strong>Associations historiques et culturelles d\u00e9odatiennes<\/strong> : Berian, Philomatique, club canin, club d\u2019\u00e9checs<\/li>\n<li><strong>Contes m\u00e9di\u00e9vaux<\/strong> racont\u00e9s par <strong>Chantal<\/strong><\/li>\n<\/ul>\n<h4 class=\"western\"><strong>Les choses \u00e0 faire<\/strong><\/h4>\n<ul>\n<li><strong>Initiation \u00e0 l\u2019escrime de spectacle<\/strong><\/li>\n<li><strong>Initiation aux AMHE<\/strong> (Arts Martiaux Historiques Europ\u00e9ens)<\/li>\n<li><strong>Combats de GN<\/strong> (Jeu de r\u00f4le grandeur nature \u2013 Les R\u00f4listes D\u00e9jant\u00e9s, version enfants)<\/li>\n<li><strong>Lancer de haches<\/strong><\/li>\n<li><strong>Tir \u00e0 l\u2019arc<\/strong><\/li>\n<li><strong>Balades \u00e0 dos de poney<\/strong><\/li>\n<\/ul>\n<h4 class=\"western\"><strong>Ateliers cr\u00e9atifs (samedi et dimanche de 14 h \u00e0 18 h)<\/strong><\/h4>\n<ul>\n<li><strong>Travail de la laine<\/strong><\/li>\n<li><strong>Enluminure<\/strong> \u2013 Martine Esparticieux<\/li>\n<li><strong>Calligraphie<\/strong> \u2013 La Boussole<\/li>\n<li><strong>Peinture sur figurine<\/strong> \u2013 Le D\u00e9 Audacieux<\/li>\n<\/ul>\n<h3 class=\"western\"><strong>Salon du livre \u00ab\u00a0Laurence Haumont\u00a0\u00bb<\/strong><\/h3>\n<p>Install\u00e9 \u00e0 la <strong>M\u00e9diath\u00e8que Victor Hugo<\/strong>, ce salon r\u00e9unira tout au long du week-end <strong>auteurs<\/strong>, <strong>\u00e9diteurs<\/strong>, <strong>libraires<\/strong> et\u00a0<strong>Un Grain d\u2019Sel<\/strong> pour des rencontres et d\u00e9dicaces.<\/p>\n<h3 class=\"western\"><strong>Restauration et restauration<\/strong><\/h3>\n<p>Une <strong>buvette<\/strong> ainsi que des <strong>stands de restauration m\u00e9di\u00e9vale et viking<\/strong> seront propos\u00e9s sur place. Une <strong>tombola<\/strong> (2 \u20ac) sera \u00e9galement organis\u00e9e pour tenter de remporter <b>une \u00e9p\u00e9e.<\/b><\/p>\n","protected":false},"excerpt":{"rendered":"<p>Le week-end des 5 et 6 juillet, la Festoye du Mansuy fera sa cinqui\u00e8me \u00e9dition \u00e0 Saint-Di\u00e9-des-Vosges. Toujours organis\u00e9e par [&hellip;]<\/p>\n","protected":false},"author":46,"featured_media":133073,"comment_status":"open","ping_status":"open","sticky":false,"template":"","format":"standard","meta":{"footnotes":""},"categories":[22,24,6056,6057,6055,5],"tags":[16769,16122,16123,16770,16124],"class_list":["post-133072","post","type-post","status-publish","format-standard","has-post-thumbnail","hentry","category-a-la-une","category-epinal","category-gerardmer","category-la-plaine-des-vosges","category-remiremont","category-vosges","tag-cinquieme-festoye-du-mansuy","tag-la-festoye-du-mansuy","tag-la-rapiere-deodatienne","tag-le-programme-complet-de-la-cinquieme-festoye-du-mansuy","tag-parc-de-leveche"],"acf":[],"yoast_head":"<!-- This site is optimized with the Yoast SEO plugin v22.5 - https:\/\/yoast.com\/wordpress\/plugins\/seo\/ -->\n<title>Le programme complet de la cinqui\u00e8me Festoye du Mansuy - Epinal Info<\/title>\n<meta name=\"robots\" content=\"index, follow, max-snippet:-1, max-image-preview:large, max-video-preview:-1\" \/>\n<link rel=\"canonical\" href=\"https:\/\/vosgesinfo.fr\/epinalinfo\/2025\/06\/le-programme-complet-de-la-cinquieme-festoye-du-mansuy\/\" \/>\n<meta name=\"twitter:card\" content=\"summary_large_image\" \/>\n<meta name=\"twitter:title\" content=\"Le programme complet de la cinqui\u00e8me Festoye du Mansuy - Epinal Info\" \/>\n<meta name=\"twitter:description\" content=\"Le week-end des 5 et 6 juillet, la Festoye du Mansuy fera sa cinqui\u00e8me \u00e9dition \u00e0 Saint-Di\u00e9-des-Vosges. Toujours organis\u00e9e par [&hellip;]\" \/>\n<meta name=\"twitter:image\" content=\"https:\/\/vosgesinfo.fr\/app\/uploads\/sites\/3\/2025\/06\/presentation-5e-festoye-du-mansuy-1-1.jpg\" \/>\n<meta name=\"twitter:creator\" content=\"@VosgesInfo88\" \/>\n<meta name=\"twitter:site\" content=\"@VosgesInfo88\" \/>\n<meta name=\"twitter:label1\" content=\"\u00c9crit par\" \/>\n\t<meta name=\"twitter:data1\" content=\"J.J.\" \/>\n\t<meta name=\"twitter:label2\" content=\"Dur\u00e9e de lecture estim\u00e9e\" \/>\n\t<meta name=\"twitter:data2\" content=\"3 minutes\" \/>\n<script type=\"application\/ld+json\" class=\"yoast-schema-graph\">{\"@context\":\"https:\/\/schema.org\",\"@graph\":[{\"@type\":\"Article\",\"@id\":\"https:\/\/vosgesinfo.fr\/epinalinfo\/2025\/06\/le-programme-complet-de-la-cinquieme-festoye-du-mansuy\/#article\",\"isPartOf\":{\"@id\":\"https:\/\/vosgesinfo.fr\/epinalinfo\/2025\/06\/le-programme-complet-de-la-cinquieme-festoye-du-mansuy\/\"},\"author\":{\"name\":\"J.J.\",\"@id\":\"https:\/\/vosgesinfo.fr\/epinalinfo\/#\/schema\/person\/fa73e9f726d67bb88f46d5b7943cb572\"},\"headline\":\"Le programme complet de la cinqui\u00e8me Festoye du Mansuy\",\"datePublished\":\"2025-06-20T09:45:23+00:00\",\"dateModified\":\"2025-06-20T09:45:23+00:00\",\"mainEntityOfPage\":{\"@id\":\"https:\/\/vosgesinfo.fr\/epinalinfo\/2025\/06\/le-programme-complet-de-la-cinquieme-festoye-du-mansuy\/\"},\"wordCount\":539,\"commentCount\":0,\"publisher\":{\"@id\":\"https:\/\/vosgesinfo.fr\/epinalinfo\/#organization\"},\"image\":{\"@id\":\"https:\/\/vosgesinfo.fr\/epinalinfo\/2025\/06\/le-programme-complet-de-la-cinquieme-festoye-du-mansuy\/#primaryimage\"},\"thumbnailUrl\":\"https:\/\/vosgesinfo.fr\/app\/uploads\/sites\/3\/2025\/06\/presentation-5e-festoye-du-mansuy-1-1.jpg\",\"keywords\":[\"Cinqui\u00e8me Festoye du Mansuy\",\"La Festoye du Mansuy\",\"La Rapi\u00e8re D\u00e9odatienne\",\"Le programme complet de la cinqui\u00e8me Festoye du Mansuy\",\"Parc de l'Ev\u00each\u00e9\"],\"articleSection\":[\"A la Une\",\"Epinal\",\"Gerardmer\",\"La plaine des vosges\",\"Remiremont\",\"Vosges\"],\"inLanguage\":\"fr-FR\",\"potentialAction\":[{\"@type\":\"CommentAction\",\"name\":\"Comment\",\"target\":[\"https:\/\/vosgesinfo.fr\/epinalinfo\/2025\/06\/le-programme-complet-de-la-cinquieme-festoye-du-mansuy\/#respond\"]}]},{\"@type\":\"WebPage\",\"@id\":\"https:\/\/vosgesinfo.fr\/epinalinfo\/2025\/06\/le-programme-complet-de-la-cinquieme-festoye-du-mansuy\/\",\"url\":\"https:\/\/vosgesinfo.fr\/epinalinfo\/2025\/06\/le-programme-complet-de-la-cinquieme-festoye-du-mansuy\/\",\"name\":\"Le programme complet de la cinqui\u00e8me Festoye du Mansuy - Epinal Info\",\"isPartOf\":{\"@id\":\"https:\/\/vosgesinfo.fr\/epinalinfo\/#website\"},\"primaryImageOfPage\":{\"@id\":\"https:\/\/vosgesinfo.fr\/epinalinfo\/2025\/06\/le-programme-complet-de-la-cinquieme-festoye-du-mansuy\/#primaryimage\"},\"image\":{\"@id\":\"https:\/\/vosgesinfo.fr\/epinalinfo\/2025\/06\/le-programme-complet-de-la-cinquieme-festoye-du-mansuy\/#primaryimage\"},\"thumbnailUrl\":\"https:\/\/vosgesinfo.fr\/app\/uploads\/sites\/3\/2025\/06\/presentation-5e-festoye-du-mansuy-1-1.jpg\",\"datePublished\":\"2025-06-20T09:45:23+00:00\",\"dateModified\":\"2025-06-20T09:45:23+00:00\",\"breadcrumb\":{\"@id\":\"https:\/\/vosgesinfo.fr\/epinalinfo\/2025\/06\/le-programme-complet-de-la-cinquieme-festoye-du-mansuy\/#breadcrumb\"},\"inLanguage\":\"fr-FR\",\"potentialAction\":[{\"@type\":\"ReadAction\",\"target\":[\"https:\/\/vosgesinfo.fr\/epinalinfo\/2025\/06\/le-programme-complet-de-la-cinquieme-festoye-du-mansuy\/\"]}]},{\"@type\":\"ImageObject\",\"inLanguage\":\"fr-FR\",\"@id\":\"https:\/\/vosgesinfo.fr\/epinalinfo\/2025\/06\/le-programme-complet-de-la-cinquieme-festoye-du-mansuy\/#primaryimage\",\"url\":\"https:\/\/vosgesinfo.fr\/app\/uploads\/sites\/3\/2025\/06\/presentation-5e-festoye-du-mansuy-1-1.jpg\",\"contentUrl\":\"https:\/\/vosgesinfo.fr\/app\/uploads\/sites\/3\/2025\/06\/presentation-5e-festoye-du-mansuy-1-1.jpg\",\"width\":1600,\"height\":1205},{\"@type\":\"BreadcrumbList\",\"@id\":\"https:\/\/vosgesinfo.fr\/epinalinfo\/2025\/06\/le-programme-complet-de-la-cinquieme-festoye-du-mansuy\/#breadcrumb\",\"itemListElement\":[{\"@type\":\"ListItem\",\"position\":1,\"name\":\"Home\",\"item\":\"https:\/\/vosgesinfo.fr\/epinalinfo\/\"},{\"@type\":\"ListItem\",\"position\":2,\"name\":\"Le programme complet de la cinqui\u00e8me Festoye du Mansuy\"}]},{\"@type\":\"WebSite\",\"@id\":\"https:\/\/vosgesinfo.fr\/epinalinfo\/#website\",\"url\":\"https:\/\/vosgesinfo.fr\/epinalinfo\/\",\"name\":\"Epinal Info\",\"description\":\"Toute l&#039;actualit\u00e9 d&#039;\u00c9pinal\",\"publisher\":{\"@id\":\"https:\/\/vosgesinfo.fr\/epinalinfo\/#organization\"},\"alternateName\":\"Toute l'actualit\u00e9 d'\u00c9pinal\",\"potentialAction\":[{\"@type\":\"SearchAction\",\"target\":{\"@type\":\"EntryPoint\",\"urlTemplate\":\"https:\/\/vosgesinfo.fr\/epinalinfo\/?s={search_term_string}\"},\"query-input\":\"required name=search_term_string\"}],\"inLanguage\":\"fr-FR\"},{\"@type\":\"Organization\",\"@id\":\"https:\/\/vosgesinfo.fr\/epinalinfo\/#organization\",\"name\":\"Epinal Info\",\"url\":\"https:\/\/vosgesinfo.fr\/epinalinfo\/\",\"logo\":{\"@type\":\"ImageObject\",\"inLanguage\":\"fr-FR\",\"@id\":\"https:\/\/vosgesinfo.fr\/epinalinfo\/#\/schema\/logo\/image\/\",\"url\":\"https:\/\/vosgesinfo.fr\/app\/uploads\/sites\/3\/2023\/08\/logo-epinalinfos.svg\",\"contentUrl\":\"https:\/\/vosgesinfo.fr\/app\/uploads\/sites\/3\/2023\/08\/logo-epinalinfos.svg\",\"width\":1,\"height\":1,\"caption\":\"Epinal Info\"},\"image\":{\"@id\":\"https:\/\/vosgesinfo.fr\/epinalinfo\/#\/schema\/logo\/image\/\"},\"sameAs\":[\"https:\/\/www.facebook.com\/Epinalinfos\",\"https:\/\/x.com\/VosgesInfo88\",\"https:\/\/www.youtube.com\/@vosgesinfo\"]},{\"@type\":\"Person\",\"@id\":\"https:\/\/vosgesinfo.fr\/epinalinfo\/#\/schema\/person\/fa73e9f726d67bb88f46d5b7943cb572\",\"name\":\"J.J.\",\"image\":{\"@type\":\"ImageObject\",\"inLanguage\":\"fr-FR\",\"@id\":\"https:\/\/vosgesinfo.fr\/epinalinfo\/#\/schema\/person\/image\/\",\"url\":\"https:\/\/secure.gravatar.com\/avatar\/219e749e47ffbcca018a360ae4add7d4cdf1cdaaf8bc7676b27efade3fe65615?s=96&d=mm&r=g\",\"contentUrl\":\"https:\/\/secure.gravatar.com\/avatar\/219e749e47ffbcca018a360ae4add7d4cdf1cdaaf8bc7676b27efade3fe65615?s=96&d=mm&r=g\",\"caption\":\"J.J.\"},\"url\":\"https:\/\/vosgesinfo.fr\/epinalinfo\/author\/j-j\/\"}]}<\/script>\n<!-- \/ Yoast SEO plugin. -->","yoast_head_json":{"title":"Le programme complet de la cinqui\u00e8me Festoye du Mansuy - Epinal Info","robots":{"index":"index","follow":"follow","max-snippet":"max-snippet:-1","max-image-preview":"max-image-preview:large","max-video-preview":"max-video-preview:-1"},"canonical":"https:\/\/vosgesinfo.fr\/epinalinfo\/2025\/06\/le-programme-complet-de-la-cinquieme-festoye-du-mansuy\/","twitter_card":"summary_large_image","twitter_title":"Le programme complet de la cinqui\u00e8me Festoye du Mansuy - Epinal Info","twitter_description":"Le week-end des 5 et 6 juillet, la Festoye du Mansuy fera sa cinqui\u00e8me \u00e9dition \u00e0 Saint-Di\u00e9-des-Vosges. Toujours organis\u00e9e par [&hellip;]","twitter_image":"https:\/\/vosgesinfo.fr\/app\/uploads\/sites\/3\/2025\/06\/presentation-5e-festoye-du-mansuy-1-1.jpg","twitter_creator":"@VosgesInfo88","twitter_site":"@VosgesInfo88","twitter_misc":{"\u00c9crit par":"J.J.","Dur\u00e9e de lecture estim\u00e9e":"3 minutes"},"schema":{"@context":"https:\/\/schema.org","@graph":[{"@type":"Article","@id":"https:\/\/vosgesinfo.fr\/epinalinfo\/2025\/06\/le-programme-complet-de-la-cinquieme-festoye-du-mansuy\/#article","isPartOf":{"@id":"https:\/\/vosgesinfo.fr\/epinalinfo\/2025\/06\/le-programme-complet-de-la-cinquieme-festoye-du-mansuy\/"},"author":{"name":"J.J.","@id":"https:\/\/vosgesinfo.fr\/epinalinfo\/#\/schema\/person\/fa73e9f726d67bb88f46d5b7943cb572"},"headline":"Le programme complet de la cinqui\u00e8me Festoye du Mansuy","datePublished":"2025-06-20T09:45:23+00:00","dateModified":"2025-06-20T09:45:23+00:00","mainEntityOfPage":{"@id":"https:\/\/vosgesinfo.fr\/epinalinfo\/2025\/06\/le-programme-complet-de-la-cinquieme-festoye-du-mansuy\/"},"wordCount":539,"commentCount":0,"publisher":{"@id":"https:\/\/vosgesinfo.fr\/epinalinfo\/#organization"},"image":{"@id":"https:\/\/vosgesinfo.fr\/epinalinfo\/2025\/06\/le-programme-complet-de-la-cinquieme-festoye-du-mansuy\/#primaryimage"},"thumbnailUrl":"https:\/\/vosgesinfo.fr\/app\/uploads\/sites\/3\/2025\/06\/presentation-5e-festoye-du-mansuy-1-1.jpg","keywords":["Cinqui\u00e8me Festoye du Mansuy","La Festoye du Mansuy","La Rapi\u00e8re D\u00e9odatienne","Le programme complet de la cinqui\u00e8me Festoye du Mansuy","Parc de l'Ev\u00each\u00e9"],"articleSection":["A la Une","Epinal","Gerardmer","La plaine des vosges","Remiremont","Vosges"],"inLanguage":"fr-FR","potentialAction":[{"@type":"CommentAction","name":"Comment","target":["https:\/\/vosgesinfo.fr\/epinalinfo\/2025\/06\/le-programme-complet-de-la-cinquieme-festoye-du-mansuy\/#respond"]}]},{"@type":"WebPage","@id":"https:\/\/vosgesinfo.fr\/epinalinfo\/2025\/06\/le-programme-complet-de-la-cinquieme-festoye-du-mansuy\/","url":"https:\/\/vosgesinfo.fr\/epinalinfo\/2025\/06\/le-programme-complet-de-la-cinquieme-festoye-du-mansuy\/","name":"Le programme complet de la cinqui\u00e8me Festoye du Mansuy - Epinal Info","isPartOf":{"@id":"https:\/\/vosgesinfo.fr\/epinalinfo\/#website"},"primaryImageOfPage":{"@id":"https:\/\/vosgesinfo.fr\/epinalinfo\/2025\/06\/le-programme-complet-de-la-cinquieme-festoye-du-mansuy\/#primaryimage"},"image":{"@id":"https:\/\/vosgesinfo.fr\/epinalinfo\/2025\/06\/le-programme-complet-de-la-cinquieme-festoye-du-mansuy\/#primaryimage"},"thumbnailUrl":"https:\/\/vosgesinfo.fr\/app\/uploads\/sites\/3\/2025\/06\/presentation-5e-festoye-du-mansuy-1-1.jpg","datePublished":"2025-06-20T09:45:23+00:00","dateModified":"2025-06-20T09:45:23+00:00","breadcrumb":{"@id":"https:\/\/vosgesinfo.fr\/epinalinfo\/2025\/06\/le-programme-complet-de-la-cinquieme-festoye-du-mansuy\/#breadcrumb"},"inLanguage":"fr-FR","potentialAction":[{"@type":"ReadAction","target":["https:\/\/vosgesinfo.fr\/epinalinfo\/2025\/06\/le-programme-complet-de-la-cinquieme-festoye-du-mansuy\/"]}]},{"@type":"ImageObject","inLanguage":"fr-FR","@id":"https:\/\/vosgesinfo.fr\/epinalinfo\/2025\/06\/le-programme-complet-de-la-cinquieme-festoye-du-mansuy\/#primaryimage","url":"https:\/\/vosgesinfo.fr\/app\/uploads\/sites\/3\/2025\/06\/presentation-5e-festoye-du-mansuy-1-1.jpg","contentUrl":"https:\/\/vosgesinfo.fr\/app\/uploads\/sites\/3\/2025\/06\/presentation-5e-festoye-du-mansuy-1-1.jpg","width":1600,"height":1205},{"@type":"BreadcrumbList","@id":"https:\/\/vosgesinfo.fr\/epinalinfo\/2025\/06\/le-programme-complet-de-la-cinquieme-festoye-du-mansuy\/#breadcrumb","itemListElement":[{"@type":"ListItem","position":1,"name":"Home","item":"https:\/\/vosgesinfo.fr\/epinalinfo\/"},{"@type":"ListItem","position":2,"name":"Le programme complet de la cinqui\u00e8me Festoye du Mansuy"}]},{"@type":"WebSite","@id":"https:\/\/vosgesinfo.fr\/epinalinfo\/#website","url":"https:\/\/vosgesinfo.fr\/epinalinfo\/","name":"Epinal Info","description":"Toute l&#039;actualit\u00e9 d&#039;\u00c9pinal","publisher":{"@id":"https:\/\/vosgesinfo.fr\/epinalinfo\/#organization"},"alternateName":"Toute l'actualit\u00e9 d'\u00c9pinal","potentialAction":[{"@type":"SearchAction","target":{"@type":"EntryPoint","urlTemplate":"https:\/\/vosgesinfo.fr\/epinalinfo\/?s={search_term_string}"},"query-input":"required name=search_term_string"}],"inLanguage":"fr-FR"},{"@type":"Organization","@id":"https:\/\/vosgesinfo.fr\/epinalinfo\/#organization","name":"Epinal Info","url":"https:\/\/vosgesinfo.fr\/epinalinfo\/","logo":{"@type":"ImageObject","inLanguage":"fr-FR","@id":"https:\/\/vosgesinfo.fr\/epinalinfo\/#\/schema\/logo\/image\/","url":"https:\/\/vosgesinfo.fr\/app\/uploads\/sites\/3\/2023\/08\/logo-epinalinfos.svg","contentUrl":"https:\/\/vosgesinfo.fr\/app\/uploads\/sites\/3\/2023\/08\/logo-epinalinfos.svg","width":1,"height":1,"caption":"Epinal Info"},"image":{"@id":"https:\/\/vosgesinfo.fr\/epinalinfo\/#\/schema\/logo\/image\/"},"sameAs":["https:\/\/www.facebook.com\/Epinalinfos","https:\/\/x.com\/VosgesInfo88","https:\/\/www.youtube.com\/@vosgesinfo"]},{"@type":"Person","@id":"https:\/\/vosgesinfo.fr\/epinalinfo\/#\/schema\/person\/fa73e9f726d67bb88f46d5b7943cb572","name":"J.J.","image":{"@type":"ImageObject","inLanguage":"fr-FR","@id":"https:\/\/vosgesinfo.fr\/epinalinfo\/#\/schema\/person\/image\/","url":"https:\/\/secure.gravatar.com\/avatar\/219e749e47ffbcca018a360ae4add7d4cdf1cdaaf8bc7676b27efade3fe65615?s=96&d=mm&r=g","contentUrl":"https:\/\/secure.gravatar.com\/avatar\/219e749e47ffbcca018a360ae4add7d4cdf1cdaaf8bc7676b27efade3fe65615?s=96&d=mm&r=g","caption":"J.J."},"url":"https:\/\/vosgesinfo.fr\/epinalinfo\/author\/j-j\/"}]}},"_links":{"self":[{"href":"https:\/\/vosgesinfo.fr\/epinalinfo\/wp-json\/wp\/v2\/posts\/133072","targetHints":{"allow":["GET"]}}],"collection":[{"href":"https:\/\/vosgesinfo.fr\/epinalinfo\/wp-json\/wp\/v2\/posts"}],"about":[{"href":"https:\/\/vosgesinfo.fr\/epinalinfo\/wp-json\/wp\/v2\/types\/post"}],"author":[{"embeddable":true,"href":"https:\/\/vosgesinfo.fr\/epinalinfo\/wp-json\/wp\/v2\/users\/46"}],"replies":[{"embeddable":true,"href":"https:\/\/vosgesinfo.fr\/epinalinfo\/wp-json\/wp\/v2\/comments?post=133072"}],"version-history":[{"count":0,"href":"https:\/\/vosgesinfo.fr\/epinalinfo\/wp-json\/wp\/v2\/posts\/133072\/revisions"}],"wp:featuredmedia":[{"embeddable":true,"href":"https:\/\/vosgesinfo.fr\/epinalinfo\/wp-json\/wp\/v2\/media\/133073"}],"wp:attachment":[{"href":"https:\/\/vosgesinfo.fr\/epinalinfo\/wp-json\/wp\/v2\/media?parent=133072"}],"wp:term":[{"taxonomy":"category","embeddable":true,"href":"https:\/\/vosgesinfo.fr\/epinalinfo\/wp-json\/wp\/v2\/categories?post=133072"},{"taxonomy":"post_tag","embeddable":true,"href":"https:\/\/vosgesinfo.fr\/epinalinfo\/wp-json\/wp\/v2\/tags?post=133072"}],"curies":[{"name":"wp","href":"https:\/\/api.w.org\/{rel}","templated":true}]}}