{"id":133079,"date":"2025-06-20T12:00:25","date_gmt":"2025-06-20T10:00:25","guid":{"rendered":"https:\/\/vosgesinfo.fr\/epinalinfo\/?p=133079"},"modified":"2025-06-20T11:52:10","modified_gmt":"2025-06-20T09:52:10","slug":"le-bus-de-lautonomie-en-tournee-dans-les-vosges-une-semaine-pour-bien-vieillir-a-domicile","status":"publish","type":"post","link":"https:\/\/vosgesinfo.fr\/epinalinfo\/2025\/06\/le-bus-de-lautonomie-en-tournee-dans-les-vosges-une-semaine-pour-bien-vieillir-a-domicile\/","title":{"rendered":"Le Bus de l\u2019Autonomie en tourn\u00e9e dans les Vosges : une semaine pour bien vieillir \u00e0 domicile"},"content":{"rendered":"<div id=\"attachment_133080\" style=\"width: 1034px\" class=\"wp-caption aligncenter\"><a href=\"https:\/\/vosgesinfo.fr\/app\/uploads\/sites\/3\/2025\/06\/bus-autonomie-1024x576-1.jpg\"><img decoding=\"async\" aria-describedby=\"caption-attachment-133080\" class=\"wp-image-133080 size-full\" src=\"https:\/\/vosgesinfo.fr\/app\/uploads\/sites\/3\/2025\/06\/bus-autonomie-1024x576-1.jpg\" alt=\"\" width=\"1024\" height=\"576\" srcset=\"https:\/\/vosgesinfo.fr\/app\/uploads\/sites\/3\/2025\/06\/bus-autonomie-1024x576-1.jpg 1024w, https:\/\/vosgesinfo.fr\/app\/uploads\/sites\/3\/2025\/06\/bus-autonomie-1024x576-1-300x169.jpg 300w, https:\/\/vosgesinfo.fr\/app\/uploads\/sites\/3\/2025\/06\/bus-autonomie-1024x576-1-768x432.jpg 768w\" sizes=\"(max-width: 1024px) 100vw, 1024px\" \/><\/a><p id=\"caption-attachment-133080\" class=\"wp-caption-text\">photo Vosges Mag<\/p><\/div>\n<h2 data-start=\"208\" data-end=\"517\"><strong>Dans le cadre de l\u2019op\u00e9ration \u00ab\u202fVilles et Villages du Bien Vieillir\u202f\u00bb, le Conseil d\u00e9partemental des Vosges lance une tourn\u00e9e du Bus de l\u2019Autonomie, du 23 au 26 juin 2025, pour sensibiliser les habitants aux enjeux du vieillissement et promouvoir les solutions favorisant le maintien \u00e0 domicile.<\/strong><\/h2>\n<h3 data-start=\"519\" data-end=\"557\">Un appartement t\u00e9moin sur roues<\/h3>\n<p data-start=\"559\" data-end=\"920\">Am\u00e9nag\u00e9 en <strong data-start=\"570\" data-end=\"592\">appartement t\u00e9moin<\/strong>, le Bus de l\u2019Autonomie sillonnera plusieurs communes pour proposer des <strong data-start=\"664\" data-end=\"691\">animations de proximit\u00e9<\/strong>. \u00c0 bord, les visiteurs d\u00e9couvriront <strong data-start=\"728\" data-end=\"793\">des am\u00e9nagements simples, des aides techniques et financi\u00e8res<\/strong>, et b\u00e9n\u00e9ficieront de conseils pratiques pour <strong data-start=\"839\" data-end=\"892\">adapter leur logement et pr\u00e9server leur autonomie<\/strong> le plus longtemps possible.<\/p>\n<h3 data-start=\"927\" data-end=\"958\">Les \u00e9tapes de la tourn\u00e9e<\/h3>\n<ul data-start=\"960\" data-end=\"1378\">\n<li data-start=\"960\" data-end=\"1060\">\n<p data-start=\"962\" data-end=\"1060\"><strong data-start=\"962\" data-end=\"979\">Lundi 23 juin<\/strong><br data-start=\"979\" data-end=\"982\" \/>\ud83d\udd51 <em data-start=\"987\" data-end=\"998\">14h \u00e0 16h<\/em> \u2014 <strong data-start=\"1001\" data-end=\"1021\">Rupt-sur-Moselle<\/strong>, Parking Halle, 1 quai de la Parelle<\/p>\n<\/li>\n<li data-start=\"1061\" data-end=\"1232\">\n<p data-start=\"1063\" data-end=\"1232\"><strong data-start=\"1063\" data-end=\"1080\">Mardi 24 juin<\/strong><br data-start=\"1080\" data-end=\"1083\" \/>\ud83d\udd59 <em data-start=\"1088\" data-end=\"1099\">10h \u00e0 12h<\/em> \u2014 <strong data-start=\"1102\" data-end=\"1124\">Fresse-sur-Moselle<\/strong>, Parking de la Maison des Associations<br data-start=\"1163\" data-end=\"1166\" \/>\ud83d\udd51 <em data-start=\"1171\" data-end=\"1182\">14h \u00e0 16h<\/em> \u2014 <strong data-start=\"1185\" data-end=\"1199\">Ramonchamp<\/strong>, Parking de la salle des f\u00eates<\/p>\n<\/li>\n<li data-start=\"1233\" data-end=\"1378\">\n<p data-start=\"1235\" data-end=\"1378\"><strong data-start=\"1235\" data-end=\"1255\">Mercredi 25 juin<\/strong><br data-start=\"1255\" data-end=\"1258\" \/>\ud83d\udd59 <em data-start=\"1263\" data-end=\"1274\">10h \u00e0 12h<\/em> \u2014 <strong data-start=\"1277\" data-end=\"1288\">Bussang<\/strong>, Parking Halle de la Mouline<br data-start=\"1317\" data-end=\"1320\" \/>\ud83d\udd51 <em data-start=\"1325\" data-end=\"1336\">14h \u00e0 16h<\/em> \u2014 <strong data-start=\"1339\" data-end=\"1351\">Le M\u00e9nil<\/strong>, Parking de la Familiale<\/p>\n<\/li>\n<\/ul>\n<h3 data-start=\"1385\" data-end=\"1422\">\ud83c\udfaf Une initiative \u00e0 double impact<\/h3>\n<p data-start=\"1424\" data-end=\"1468\">Cette action de terrain a pour ambition de :<\/p>\n<ul data-start=\"1470\" data-end=\"1758\">\n<li data-start=\"1470\" data-end=\"1548\">\n<p data-start=\"1472\" data-end=\"1548\"><strong data-start=\"1472\" data-end=\"1548\">Aller \u00e0 la rencontre des personnes isol\u00e9es ou \u00e9loign\u00e9es de l\u2019information<\/strong><\/p>\n<\/li>\n<li data-start=\"1549\" data-end=\"1617\">\n<p data-start=\"1551\" data-end=\"1617\"><strong data-start=\"1551\" data-end=\"1617\">Offrir un temps d\u2019\u00e9change personnalis\u00e9 avec des professionnels<\/strong><\/p>\n<\/li>\n<li data-start=\"1618\" data-end=\"1693\">\n<p data-start=\"1620\" data-end=\"1693\"><strong data-start=\"1620\" data-end=\"1693\">Sensibiliser aux r\u00e9alit\u00e9s du vieillissement sur le territoire vosgien<\/strong><\/p>\n<\/li>\n<li data-start=\"1694\" data-end=\"1758\">\n<p data-start=\"1696\" data-end=\"1758\"><strong data-start=\"1696\" data-end=\"1758\">Valoriser les initiatives locales favorables \u00e0 l\u2019autonomie<\/strong><\/p>\n<\/li>\n<\/ul>\n<p data-start=\"1760\" data-end=\"1915\">Des professionnels du m\u00e9dico-social, des ergoth\u00e9rapeutes et des acteurs associatifs seront mobilis\u00e9s pour r\u00e9pondre aux questions et orienter les visiteurs.<\/p>\n<h3 data-start=\"1922\" data-end=\"1982\">Temps fort : le <strong data-start=\"1945\" data-end=\"1971\">Forum du Bien Vieillir<\/strong> au Thillot<\/h3>\n<p data-start=\"1984\" data-end=\"2234\">Le <strong data-start=\"1987\" data-end=\"2004\">jeudi 26 juin<\/strong>, la tourn\u00e9e se cl\u00f4turera avec un <strong data-start=\"2038\" data-end=\"2078\">forum d\u00e9partemental du bien vieillir<\/strong> au <strong data-start=\"2082\" data-end=\"2093\">Thillot<\/strong>, r\u00e9unissant <strong data-start=\"2106\" data-end=\"2141\">une cinquantaine de partenaires<\/strong> autour de th\u00e9matiques essentielles : logement, sant\u00e9, lien social, num\u00e9rique, mobilit\u00e9, etc.<\/p>\n<p data-start=\"2236\" data-end=\"2443\">En fin de journ\u00e9e, la <strong data-start=\"2261\" data-end=\"2293\">Compagnie des Joli(e)s M\u00f4mes<\/strong> animera un <strong data-start=\"2305\" data-end=\"2324\">spectacle-d\u00e9bat<\/strong>, m\u00ealant humour et r\u00e9flexion sur l\u2019avanc\u00e9e en \u00e2ge, pour cl\u00f4turer cette semaine de sensibilisation dans la convivialit\u00e9.<\/p>\n","protected":false},"excerpt":{"rendered":"<p>Dans le cadre de l\u2019op\u00e9ration \u00ab\u202fVilles et Villages du Bien Vieillir\u202f\u00bb, le Conseil d\u00e9partemental des Vosges lance une tourn\u00e9e du [&hellip;]<\/p>\n","protected":false},"author":52,"featured_media":133080,"comment_status":"open","ping_status":"open","sticky":false,"template":"","format":"standard","meta":{"footnotes":""},"categories":[22,24,5],"tags":[],"class_list":["post-133079","post","type-post","status-publish","format-standard","has-post-thumbnail","hentry","category-a-la-une","category-epinal","category-vosges"],"acf":[],"yoast_head":"<!-- This site is optimized with the Yoast SEO plugin v22.5 - https:\/\/yoast.com\/wordpress\/plugins\/seo\/ -->\n<title>Le Bus de l\u2019Autonomie en tourn\u00e9e dans les Vosges : une semaine pour bien vieillir \u00e0 domicile - Epinal Info<\/title>\n<meta name=\"robots\" content=\"index, follow, max-snippet:-1, max-image-preview:large, max-video-preview:-1\" \/>\n<link rel=\"canonical\" href=\"https:\/\/vosgesinfo.fr\/epinalinfo\/2025\/06\/le-bus-de-lautonomie-en-tournee-dans-les-vosges-une-semaine-pour-bien-vieillir-a-domicile\/\" \/>\n<meta name=\"twitter:card\" content=\"summary_large_image\" \/>\n<meta name=\"twitter:title\" content=\"Le Bus de l\u2019Autonomie en tourn\u00e9e dans les Vosges : une semaine pour bien vieillir \u00e0 domicile - Epinal Info\" \/>\n<meta name=\"twitter:description\" content=\"Dans le cadre de l\u2019op\u00e9ration \u00ab\u202fVilles et Villages du Bien Vieillir\u202f\u00bb, le Conseil d\u00e9partemental des Vosges lance une tourn\u00e9e du [&hellip;]\" \/>\n<meta name=\"twitter:image\" content=\"https:\/\/vosgesinfo.fr\/app\/uploads\/sites\/3\/2025\/06\/bus-autonomie-1024x576-1.jpg\" \/>\n<meta name=\"twitter:creator\" content=\"@VosgesInfo88\" \/>\n<meta name=\"twitter:site\" content=\"@VosgesInfo88\" \/>\n<meta name=\"twitter:label1\" content=\"\u00c9crit par\" \/>\n\t<meta name=\"twitter:data1\" content=\"C.K.\" \/>\n\t<meta name=\"twitter:label2\" content=\"Dur\u00e9e de lecture estim\u00e9e\" \/>\n\t<meta name=\"twitter:data2\" content=\"2 minutes\" \/>\n<script type=\"application\/ld+json\" class=\"yoast-schema-graph\">{\"@context\":\"https:\/\/schema.org\",\"@graph\":[{\"@type\":\"Article\",\"@id\":\"https:\/\/vosgesinfo.fr\/epinalinfo\/2025\/06\/le-bus-de-lautonomie-en-tournee-dans-les-vosges-une-semaine-pour-bien-vieillir-a-domicile\/#article\",\"isPartOf\":{\"@id\":\"https:\/\/vosgesinfo.fr\/epinalinfo\/2025\/06\/le-bus-de-lautonomie-en-tournee-dans-les-vosges-une-semaine-pour-bien-vieillir-a-domicile\/\"},\"author\":{\"name\":\"C.K.\",\"@id\":\"https:\/\/vosgesinfo.fr\/epinalinfo\/#\/schema\/person\/6f9a650eeea99d969b6c4ab78fccbe81\"},\"headline\":\"Le Bus de l\u2019Autonomie en tourn\u00e9e dans les Vosges : une semaine pour bien vieillir \u00e0 domicile\",\"datePublished\":\"2025-06-20T10:00:25+00:00\",\"dateModified\":\"2025-06-20T09:52:10+00:00\",\"mainEntityOfPage\":{\"@id\":\"https:\/\/vosgesinfo.fr\/epinalinfo\/2025\/06\/le-bus-de-lautonomie-en-tournee-dans-les-vosges-une-semaine-pour-bien-vieillir-a-domicile\/\"},\"wordCount\":354,\"commentCount\":1,\"publisher\":{\"@id\":\"https:\/\/vosgesinfo.fr\/epinalinfo\/#organization\"},\"image\":{\"@id\":\"https:\/\/vosgesinfo.fr\/epinalinfo\/2025\/06\/le-bus-de-lautonomie-en-tournee-dans-les-vosges-une-semaine-pour-bien-vieillir-a-domicile\/#primaryimage\"},\"thumbnailUrl\":\"https:\/\/vosgesinfo.fr\/app\/uploads\/sites\/3\/2025\/06\/bus-autonomie-1024x576-1.jpg\",\"articleSection\":[\"A la Une\",\"Epinal\",\"Vosges\"],\"inLanguage\":\"fr-FR\",\"potentialAction\":[{\"@type\":\"CommentAction\",\"name\":\"Comment\",\"target\":[\"https:\/\/vosgesinfo.fr\/epinalinfo\/2025\/06\/le-bus-de-lautonomie-en-tournee-dans-les-vosges-une-semaine-pour-bien-vieillir-a-domicile\/#respond\"]}]},{\"@type\":\"WebPage\",\"@id\":\"https:\/\/vosgesinfo.fr\/epinalinfo\/2025\/06\/le-bus-de-lautonomie-en-tournee-dans-les-vosges-une-semaine-pour-bien-vieillir-a-domicile\/\",\"url\":\"https:\/\/vosgesinfo.fr\/epinalinfo\/2025\/06\/le-bus-de-lautonomie-en-tournee-dans-les-vosges-une-semaine-pour-bien-vieillir-a-domicile\/\",\"name\":\"Le Bus de l\u2019Autonomie en tourn\u00e9e dans les Vosges : une semaine pour bien vieillir \u00e0 domicile - Epinal Info\",\"isPartOf\":{\"@id\":\"https:\/\/vosgesinfo.fr\/epinalinfo\/#website\"},\"primaryImageOfPage\":{\"@id\":\"https:\/\/vosgesinfo.fr\/epinalinfo\/2025\/06\/le-bus-de-lautonomie-en-tournee-dans-les-vosges-une-semaine-pour-bien-vieillir-a-domicile\/#primaryimage\"},\"image\":{\"@id\":\"https:\/\/vosgesinfo.fr\/epinalinfo\/2025\/06\/le-bus-de-lautonomie-en-tournee-dans-les-vosges-une-semaine-pour-bien-vieillir-a-domicile\/#primaryimage\"},\"thumbnailUrl\":\"https:\/\/vosgesinfo.fr\/app\/uploads\/sites\/3\/2025\/06\/bus-autonomie-1024x576-1.jpg\",\"datePublished\":\"2025-06-20T10:00:25+00:00\",\"dateModified\":\"2025-06-20T09:52:10+00:00\",\"breadcrumb\":{\"@id\":\"https:\/\/vosgesinfo.fr\/epinalinfo\/2025\/06\/le-bus-de-lautonomie-en-tournee-dans-les-vosges-une-semaine-pour-bien-vieillir-a-domicile\/#breadcrumb\"},\"inLanguage\":\"fr-FR\",\"potentialAction\":[{\"@type\":\"ReadAction\",\"target\":[\"https:\/\/vosgesinfo.fr\/epinalinfo\/2025\/06\/le-bus-de-lautonomie-en-tournee-dans-les-vosges-une-semaine-pour-bien-vieillir-a-domicile\/\"]}]},{\"@type\":\"ImageObject\",\"inLanguage\":\"fr-FR\",\"@id\":\"https:\/\/vosgesinfo.fr\/epinalinfo\/2025\/06\/le-bus-de-lautonomie-en-tournee-dans-les-vosges-une-semaine-pour-bien-vieillir-a-domicile\/#primaryimage\",\"url\":\"https:\/\/vosgesinfo.fr\/app\/uploads\/sites\/3\/2025\/06\/bus-autonomie-1024x576-1.jpg\",\"contentUrl\":\"https:\/\/vosgesinfo.fr\/app\/uploads\/sites\/3\/2025\/06\/bus-autonomie-1024x576-1.jpg\",\"width\":1024,\"height\":576},{\"@type\":\"BreadcrumbList\",\"@id\":\"https:\/\/vosgesinfo.fr\/epinalinfo\/2025\/06\/le-bus-de-lautonomie-en-tournee-dans-les-vosges-une-semaine-pour-bien-vieillir-a-domicile\/#breadcrumb\",\"itemListElement\":[{\"@type\":\"ListItem\",\"position\":1,\"name\":\"Home\",\"item\":\"https:\/\/vosgesinfo.fr\/epinalinfo\/\"},{\"@type\":\"ListItem\",\"position\":2,\"name\":\"Le Bus de l\u2019Autonomie en tourn\u00e9e dans les Vosges : une semaine pour bien vieillir \u00e0 domicile\"}]},{\"@type\":\"WebSite\",\"@id\":\"https:\/\/vosgesinfo.fr\/epinalinfo\/#website\",\"url\":\"https:\/\/vosgesinfo.fr\/epinalinfo\/\",\"name\":\"Epinal Info\",\"description\":\"Toute l&#039;actualit\u00e9 d&#039;\u00c9pinal\",\"publisher\":{\"@id\":\"https:\/\/vosgesinfo.fr\/epinalinfo\/#organization\"},\"alternateName\":\"Toute l'actualit\u00e9 d'\u00c9pinal\",\"potentialAction\":[{\"@type\":\"SearchAction\",\"target\":{\"@type\":\"EntryPoint\",\"urlTemplate\":\"https:\/\/vosgesinfo.fr\/epinalinfo\/?s={search_term_string}\"},\"query-input\":\"required name=search_term_string\"}],\"inLanguage\":\"fr-FR\"},{\"@type\":\"Organization\",\"@id\":\"https:\/\/vosgesinfo.fr\/epinalinfo\/#organization\",\"name\":\"Epinal Info\",\"url\":\"https:\/\/vosgesinfo.fr\/epinalinfo\/\",\"logo\":{\"@type\":\"ImageObject\",\"inLanguage\":\"fr-FR\",\"@id\":\"https:\/\/vosgesinfo.fr\/epinalinfo\/#\/schema\/logo\/image\/\",\"url\":\"https:\/\/vosgesinfo.fr\/app\/uploads\/sites\/3\/2023\/08\/logo-epinalinfos.svg\",\"contentUrl\":\"https:\/\/vosgesinfo.fr\/app\/uploads\/sites\/3\/2023\/08\/logo-epinalinfos.svg\",\"width\":1,\"height\":1,\"caption\":\"Epinal Info\"},\"image\":{\"@id\":\"https:\/\/vosgesinfo.fr\/epinalinfo\/#\/schema\/logo\/image\/\"},\"sameAs\":[\"https:\/\/www.facebook.com\/Epinalinfos\",\"https:\/\/x.com\/VosgesInfo88\",\"https:\/\/www.youtube.com\/@vosgesinfo\"]},{\"@type\":\"Person\",\"@id\":\"https:\/\/vosgesinfo.fr\/epinalinfo\/#\/schema\/person\/6f9a650eeea99d969b6c4ab78fccbe81\",\"name\":\"C.K.\",\"image\":{\"@type\":\"ImageObject\",\"inLanguage\":\"fr-FR\",\"@id\":\"https:\/\/vosgesinfo.fr\/epinalinfo\/#\/schema\/person\/image\/\",\"url\":\"https:\/\/secure.gravatar.com\/avatar\/48e3fc7f8421ba8942be6b74a2b7f014ca39bc00dece156b7a8e098ae7dc87bf?s=96&d=mm&r=g\",\"contentUrl\":\"https:\/\/secure.gravatar.com\/avatar\/48e3fc7f8421ba8942be6b74a2b7f014ca39bc00dece156b7a8e098ae7dc87bf?s=96&d=mm&r=g\",\"caption\":\"C.K.\"},\"url\":\"https:\/\/vosgesinfo.fr\/epinalinfo\/author\/celia-k-n\/\"}]}<\/script>\n<!-- \/ Yoast SEO plugin. -->","yoast_head_json":{"title":"Le Bus de l\u2019Autonomie en tourn\u00e9e dans les Vosges : une semaine pour bien vieillir \u00e0 domicile - Epinal Info","robots":{"index":"index","follow":"follow","max-snippet":"max-snippet:-1","max-image-preview":"max-image-preview:large","max-video-preview":"max-video-preview:-1"},"canonical":"https:\/\/vosgesinfo.fr\/epinalinfo\/2025\/06\/le-bus-de-lautonomie-en-tournee-dans-les-vosges-une-semaine-pour-bien-vieillir-a-domicile\/","twitter_card":"summary_large_image","twitter_title":"Le Bus de l\u2019Autonomie en tourn\u00e9e dans les Vosges : une semaine pour bien vieillir \u00e0 domicile - Epinal Info","twitter_description":"Dans le cadre de l\u2019op\u00e9ration \u00ab\u202fVilles et Villages du Bien Vieillir\u202f\u00bb, le Conseil d\u00e9partemental des Vosges lance une tourn\u00e9e du [&hellip;]","twitter_image":"https:\/\/vosgesinfo.fr\/app\/uploads\/sites\/3\/2025\/06\/bus-autonomie-1024x576-1.jpg","twitter_creator":"@VosgesInfo88","twitter_site":"@VosgesInfo88","twitter_misc":{"\u00c9crit par":"C.K.","Dur\u00e9e de lecture estim\u00e9e":"2 minutes"},"schema":{"@context":"https:\/\/schema.org","@graph":[{"@type":"Article","@id":"https:\/\/vosgesinfo.fr\/epinalinfo\/2025\/06\/le-bus-de-lautonomie-en-tournee-dans-les-vosges-une-semaine-pour-bien-vieillir-a-domicile\/#article","isPartOf":{"@id":"https:\/\/vosgesinfo.fr\/epinalinfo\/2025\/06\/le-bus-de-lautonomie-en-tournee-dans-les-vosges-une-semaine-pour-bien-vieillir-a-domicile\/"},"author":{"name":"C.K.","@id":"https:\/\/vosgesinfo.fr\/epinalinfo\/#\/schema\/person\/6f9a650eeea99d969b6c4ab78fccbe81"},"headline":"Le Bus de l\u2019Autonomie en tourn\u00e9e dans les Vosges : une semaine pour bien vieillir \u00e0 domicile","datePublished":"2025-06-20T10:00:25+00:00","dateModified":"2025-06-20T09:52:10+00:00","mainEntityOfPage":{"@id":"https:\/\/vosgesinfo.fr\/epinalinfo\/2025\/06\/le-bus-de-lautonomie-en-tournee-dans-les-vosges-une-semaine-pour-bien-vieillir-a-domicile\/"},"wordCount":354,"commentCount":1,"publisher":{"@id":"https:\/\/vosgesinfo.fr\/epinalinfo\/#organization"},"image":{"@id":"https:\/\/vosgesinfo.fr\/epinalinfo\/2025\/06\/le-bus-de-lautonomie-en-tournee-dans-les-vosges-une-semaine-pour-bien-vieillir-a-domicile\/#primaryimage"},"thumbnailUrl":"https:\/\/vosgesinfo.fr\/app\/uploads\/sites\/3\/2025\/06\/bus-autonomie-1024x576-1.jpg","articleSection":["A la Une","Epinal","Vosges"],"inLanguage":"fr-FR","potentialAction":[{"@type":"CommentAction","name":"Comment","target":["https:\/\/vosgesinfo.fr\/epinalinfo\/2025\/06\/le-bus-de-lautonomie-en-tournee-dans-les-vosges-une-semaine-pour-bien-vieillir-a-domicile\/#respond"]}]},{"@type":"WebPage","@id":"https:\/\/vosgesinfo.fr\/epinalinfo\/2025\/06\/le-bus-de-lautonomie-en-tournee-dans-les-vosges-une-semaine-pour-bien-vieillir-a-domicile\/","url":"https:\/\/vosgesinfo.fr\/epinalinfo\/2025\/06\/le-bus-de-lautonomie-en-tournee-dans-les-vosges-une-semaine-pour-bien-vieillir-a-domicile\/","name":"Le Bus de l\u2019Autonomie en tourn\u00e9e dans les Vosges : une semaine pour bien vieillir \u00e0 domicile - Epinal Info","isPartOf":{"@id":"https:\/\/vosgesinfo.fr\/epinalinfo\/#website"},"primaryImageOfPage":{"@id":"https:\/\/vosgesinfo.fr\/epinalinfo\/2025\/06\/le-bus-de-lautonomie-en-tournee-dans-les-vosges-une-semaine-pour-bien-vieillir-a-domicile\/#primaryimage"},"image":{"@id":"https:\/\/vosgesinfo.fr\/epinalinfo\/2025\/06\/le-bus-de-lautonomie-en-tournee-dans-les-vosges-une-semaine-pour-bien-vieillir-a-domicile\/#primaryimage"},"thumbnailUrl":"https:\/\/vosgesinfo.fr\/app\/uploads\/sites\/3\/2025\/06\/bus-autonomie-1024x576-1.jpg","datePublished":"2025-06-20T10:00:25+00:00","dateModified":"2025-06-20T09:52:10+00:00","breadcrumb":{"@id":"https:\/\/vosgesinfo.fr\/epinalinfo\/2025\/06\/le-bus-de-lautonomie-en-tournee-dans-les-vosges-une-semaine-pour-bien-vieillir-a-domicile\/#breadcrumb"},"inLanguage":"fr-FR","potentialAction":[{"@type":"ReadAction","target":["https:\/\/vosgesinfo.fr\/epinalinfo\/2025\/06\/le-bus-de-lautonomie-en-tournee-dans-les-vosges-une-semaine-pour-bien-vieillir-a-domicile\/"]}]},{"@type":"ImageObject","inLanguage":"fr-FR","@id":"https:\/\/vosgesinfo.fr\/epinalinfo\/2025\/06\/le-bus-de-lautonomie-en-tournee-dans-les-vosges-une-semaine-pour-bien-vieillir-a-domicile\/#primaryimage","url":"https:\/\/vosgesinfo.fr\/app\/uploads\/sites\/3\/2025\/06\/bus-autonomie-1024x576-1.jpg","contentUrl":"https:\/\/vosgesinfo.fr\/app\/uploads\/sites\/3\/2025\/06\/bus-autonomie-1024x576-1.jpg","width":1024,"height":576},{"@type":"BreadcrumbList","@id":"https:\/\/vosgesinfo.fr\/epinalinfo\/2025\/06\/le-bus-de-lautonomie-en-tournee-dans-les-vosges-une-semaine-pour-bien-vieillir-a-domicile\/#breadcrumb","itemListElement":[{"@type":"ListItem","position":1,"name":"Home","item":"https:\/\/vosgesinfo.fr\/epinalinfo\/"},{"@type":"ListItem","position":2,"name":"Le Bus de l\u2019Autonomie en tourn\u00e9e dans les Vosges : une semaine pour bien vieillir \u00e0 domicile"}]},{"@type":"WebSite","@id":"https:\/\/vosgesinfo.fr\/epinalinfo\/#website","url":"https:\/\/vosgesinfo.fr\/epinalinfo\/","name":"Epinal Info","description":"Toute l&#039;actualit\u00e9 d&#039;\u00c9pinal","publisher":{"@id":"https:\/\/vosgesinfo.fr\/epinalinfo\/#organization"},"alternateName":"Toute l'actualit\u00e9 d'\u00c9pinal","potentialAction":[{"@type":"SearchAction","target":{"@type":"EntryPoint","urlTemplate":"https:\/\/vosgesinfo.fr\/epinalinfo\/?s={search_term_string}"},"query-input":"required name=search_term_string"}],"inLanguage":"fr-FR"},{"@type":"Organization","@id":"https:\/\/vosgesinfo.fr\/epinalinfo\/#organization","name":"Epinal Info","url":"https:\/\/vosgesinfo.fr\/epinalinfo\/","logo":{"@type":"ImageObject","inLanguage":"fr-FR","@id":"https:\/\/vosgesinfo.fr\/epinalinfo\/#\/schema\/logo\/image\/","url":"https:\/\/vosgesinfo.fr\/app\/uploads\/sites\/3\/2023\/08\/logo-epinalinfos.svg","contentUrl":"https:\/\/vosgesinfo.fr\/app\/uploads\/sites\/3\/2023\/08\/logo-epinalinfos.svg","width":1,"height":1,"caption":"Epinal Info"},"image":{"@id":"https:\/\/vosgesinfo.fr\/epinalinfo\/#\/schema\/logo\/image\/"},"sameAs":["https:\/\/www.facebook.com\/Epinalinfos","https:\/\/x.com\/VosgesInfo88","https:\/\/www.youtube.com\/@vosgesinfo"]},{"@type":"Person","@id":"https:\/\/vosgesinfo.fr\/epinalinfo\/#\/schema\/person\/6f9a650eeea99d969b6c4ab78fccbe81","name":"C.K.","image":{"@type":"ImageObject","inLanguage":"fr-FR","@id":"https:\/\/vosgesinfo.fr\/epinalinfo\/#\/schema\/person\/image\/","url":"https:\/\/secure.gravatar.com\/avatar\/48e3fc7f8421ba8942be6b74a2b7f014ca39bc00dece156b7a8e098ae7dc87bf?s=96&d=mm&r=g","contentUrl":"https:\/\/secure.gravatar.com\/avatar\/48e3fc7f8421ba8942be6b74a2b7f014ca39bc00dece156b7a8e098ae7dc87bf?s=96&d=mm&r=g","caption":"C.K."},"url":"https:\/\/vosgesinfo.fr\/epinalinfo\/author\/celia-k-n\/"}]}},"_links":{"self":[{"href":"https:\/\/vosgesinfo.fr\/epinalinfo\/wp-json\/wp\/v2\/posts\/133079","targetHints":{"allow":["GET"]}}],"collection":[{"href":"https:\/\/vosgesinfo.fr\/epinalinfo\/wp-json\/wp\/v2\/posts"}],"about":[{"href":"https:\/\/vosgesinfo.fr\/epinalinfo\/wp-json\/wp\/v2\/types\/post"}],"author":[{"embeddable":true,"href":"https:\/\/vosgesinfo.fr\/epinalinfo\/wp-json\/wp\/v2\/users\/52"}],"replies":[{"embeddable":true,"href":"https:\/\/vosgesinfo.fr\/epinalinfo\/wp-json\/wp\/v2\/comments?post=133079"}],"version-history":[{"count":1,"href":"https:\/\/vosgesinfo.fr\/epinalinfo\/wp-json\/wp\/v2\/posts\/133079\/revisions"}],"predecessor-version":[{"id":133081,"href":"https:\/\/vosgesinfo.fr\/epinalinfo\/wp-json\/wp\/v2\/posts\/133079\/revisions\/133081"}],"wp:featuredmedia":[{"embeddable":true,"href":"https:\/\/vosgesinfo.fr\/epinalinfo\/wp-json\/wp\/v2\/media\/133080"}],"wp:attachment":[{"href":"https:\/\/vosgesinfo.fr\/epinalinfo\/wp-json\/wp\/v2\/media?parent=133079"}],"wp:term":[{"taxonomy":"category","embeddable":true,"href":"https:\/\/vosgesinfo.fr\/epinalinfo\/wp-json\/wp\/v2\/categories?post=133079"},{"taxonomy":"post_tag","embeddable":true,"href":"https:\/\/vosgesinfo.fr\/epinalinfo\/wp-json\/wp\/v2\/tags?post=133079"}],"curies":[{"name":"wp","href":"https:\/\/api.w.org\/{rel}","templated":true}]}}