{"id":133085,"date":"2025-06-20T14:00:18","date_gmt":"2025-06-20T12:00:18","guid":{"rendered":"https:\/\/vosgesinfo.fr\/epinalinfo\/?p=133085"},"modified":"2025-06-20T13:49:39","modified_gmt":"2025-06-20T11:49:39","slug":"fete-de-la-musique-pietonnisation-du-centre-ville","status":"publish","type":"post","link":"https:\/\/vosgesinfo.fr\/epinalinfo\/2025\/06\/fete-de-la-musique-pietonnisation-du-centre-ville\/","title":{"rendered":"F\u00eate de la musique : Pi\u00e9tonnisation du centre-ville !"},"content":{"rendered":"<h2><a href=\"https:\/\/vosgesinfo.fr\/app\/uploads\/sites\/3\/2025\/06\/thumbnail-plan-21juin2025-pietonnisation-carte.jpg\"><img decoding=\"async\" class=\"aligncenter size-full wp-image-133086\" src=\"https:\/\/vosgesinfo.fr\/app\/uploads\/sites\/3\/2025\/06\/thumbnail-plan-21juin2025-pietonnisation-carte.jpg\" alt=\"\" width=\"1350\" height=\"1080\" srcset=\"https:\/\/vosgesinfo.fr\/app\/uploads\/sites\/3\/2025\/06\/thumbnail-plan-21juin2025-pietonnisation-carte.jpg 1350w, https:\/\/vosgesinfo.fr\/app\/uploads\/sites\/3\/2025\/06\/thumbnail-plan-21juin2025-pietonnisation-carte-300x240.jpg 300w, https:\/\/vosgesinfo.fr\/app\/uploads\/sites\/3\/2025\/06\/thumbnail-plan-21juin2025-pietonnisation-carte-1024x819.jpg 1024w, https:\/\/vosgesinfo.fr\/app\/uploads\/sites\/3\/2025\/06\/thumbnail-plan-21juin2025-pietonnisation-carte-768x614.jpg 768w\" sizes=\"(max-width: 1350px) 100vw, 1350px\" \/><\/a>Samedi 21 juin, de 18h30 \u00e0 2h, plusieurs rues du centre-ville seront pi\u00e9tonnis\u00e9es afin de permettre \u00e0 toutes et tous de profiter des animations en s\u00e9curit\u00e9. Les automobilistes sont invit\u00e9s \u00e0 stationner en dehors du p\u00e9rim\u00e8tre des festivit\u00e9s. Le stationnement est interdit \u00e0 partir de 16h30 dans les rues concern\u00e9es.<\/h2>\n<p>Les animations musicales sont organis\u00e9es de mani\u00e8re ind\u00e9pendante par les commer\u00e7ants, bars et restaurants du centre-ville.<\/p>\n<p>Les secteurs interdits \u00e0 la circulation et au stationnement automobile sont :<br \/>\n&#8211; De la gare \u00e0 la place des 4 Nations (rue des Etats-Unis, quai des Bons-Enfants),<br \/>\n&#8211; De l\u2019\u00eele commer\u00e7ante de la rive gauche au pont du 170e RI,<br \/>\n&#8211; Le c\u0153ur historique (place des Vosges, places Edmond Henry et de l\u2019Atre et toutes les rues<br \/>\nadjacentes),<br \/>\n&#8211; Les alentours du march\u00e9 couvert (place Georgin et les rues Georgin et Bassot),<br \/>\n&#8211; Et, de part et d\u2019autre du pont du 170e RI, les quais Jules Ferry et Colonel S\u00e9rot seront ferm\u00e9s.<br \/>\nCertaines animations se d\u00e9rouleront hors p\u00e9rim\u00e8tre : port, parc de la Maison romaine, kiosque du<br \/>\nCours.<br \/>\nTout au long de la soir\u00e9e, les automobilistes pourront se garer sur les parkings de la ville, \u00e0 retrouver<br \/>\nsur le plan : www.epinal.fr\/vivre-a-epinal\/me-deplacer\/en-voiture<br \/>\nConcernant le r\u00e9seau de bus, certains arr\u00eats sont report\u00e9s \u00e0 partir de 14h00 :<br \/>\n&#8211; Place Baudoin \u2192 transf\u00e9r\u00e9 \u00e0 la Gare \u2013 face au quai A<br \/>\n&#8211; 4 Nations \u2192 transf\u00e9r\u00e9 rue de la Chipotte<br \/>\n&#8211; Place des Vosges \u2192 transf\u00e9r\u00e9 \u00e0 l\u2019arr\u00eat Passerelle<br \/>\n&#8211; Rue Thiers &amp; Pont Patch \u2192 transf\u00e9r\u00e9s avenue de Provence<br \/>\n&#8211; Gare \u2013 quai B &amp; C \u2192 transf\u00e9r\u00e9 au quai A<br \/>\n&#8211; Poincar\u00e9 \u2192 transf\u00e9r\u00e9 Place Guilgot (banque Kolb)<br \/>\nLa navette de centre-ville circulera jusqu\u2019\u00e0 18h00. D\u00e9parts de la navette de soir\u00e9e depuis la Place<br \/>\nGuilgot.<\/p>\n","protected":false},"excerpt":{"rendered":"<p>Samedi 21 juin, de 18h30 \u00e0 2h, plusieurs rues du centre-ville seront pi\u00e9tonnis\u00e9es afin de permettre \u00e0 toutes et tous [&hellip;]<\/p>\n","protected":false},"author":52,"featured_media":133086,"comment_status":"open","ping_status":"open","sticky":false,"template":"","format":"standard","meta":{"footnotes":""},"categories":[22,24],"tags":[],"class_list":["post-133085","post","type-post","status-publish","format-standard","has-post-thumbnail","hentry","category-a-la-une","category-epinal"],"acf":[],"yoast_head":"<!-- This site is optimized with the Yoast SEO plugin v22.5 - https:\/\/yoast.com\/wordpress\/plugins\/seo\/ -->\n<title>F\u00eate de la musique : Pi\u00e9tonnisation du centre-ville ! - Epinal Info<\/title>\n<meta name=\"robots\" content=\"index, follow, max-snippet:-1, max-image-preview:large, max-video-preview:-1\" \/>\n<link rel=\"canonical\" href=\"https:\/\/vosgesinfo.fr\/epinalinfo\/2025\/06\/fete-de-la-musique-pietonnisation-du-centre-ville\/\" \/>\n<meta name=\"twitter:card\" content=\"summary_large_image\" \/>\n<meta name=\"twitter:title\" content=\"F\u00eate de la musique : Pi\u00e9tonnisation du centre-ville ! - Epinal Info\" \/>\n<meta name=\"twitter:description\" content=\"Samedi 21 juin, de 18h30 \u00e0 2h, plusieurs rues du centre-ville seront pi\u00e9tonnis\u00e9es afin de permettre \u00e0 toutes et tous [&hellip;]\" \/>\n<meta name=\"twitter:image\" content=\"https:\/\/vosgesinfo.fr\/app\/uploads\/sites\/3\/2025\/06\/thumbnail-plan-21juin2025-pietonnisation-carte.jpg\" \/>\n<meta name=\"twitter:creator\" content=\"@VosgesInfo88\" \/>\n<meta name=\"twitter:site\" content=\"@VosgesInfo88\" \/>\n<meta name=\"twitter:label1\" content=\"\u00c9crit par\" \/>\n\t<meta name=\"twitter:data1\" content=\"C.K.\" \/>\n\t<meta name=\"twitter:label2\" content=\"Dur\u00e9e de lecture estim\u00e9e\" \/>\n\t<meta name=\"twitter:data2\" content=\"2 minutes\" \/>\n<script type=\"application\/ld+json\" class=\"yoast-schema-graph\">{\"@context\":\"https:\/\/schema.org\",\"@graph\":[{\"@type\":\"Article\",\"@id\":\"https:\/\/vosgesinfo.fr\/epinalinfo\/2025\/06\/fete-de-la-musique-pietonnisation-du-centre-ville\/#article\",\"isPartOf\":{\"@id\":\"https:\/\/vosgesinfo.fr\/epinalinfo\/2025\/06\/fete-de-la-musique-pietonnisation-du-centre-ville\/\"},\"author\":{\"name\":\"C.K.\",\"@id\":\"https:\/\/vosgesinfo.fr\/epinalinfo\/#\/schema\/person\/6f9a650eeea99d969b6c4ab78fccbe81\"},\"headline\":\"F\u00eate de la musique : Pi\u00e9tonnisation du centre-ville !\",\"datePublished\":\"2025-06-20T12:00:18+00:00\",\"dateModified\":\"2025-06-20T11:49:39+00:00\",\"mainEntityOfPage\":{\"@id\":\"https:\/\/vosgesinfo.fr\/epinalinfo\/2025\/06\/fete-de-la-musique-pietonnisation-du-centre-ville\/\"},\"wordCount\":318,\"commentCount\":0,\"publisher\":{\"@id\":\"https:\/\/vosgesinfo.fr\/epinalinfo\/#organization\"},\"image\":{\"@id\":\"https:\/\/vosgesinfo.fr\/epinalinfo\/2025\/06\/fete-de-la-musique-pietonnisation-du-centre-ville\/#primaryimage\"},\"thumbnailUrl\":\"https:\/\/vosgesinfo.fr\/app\/uploads\/sites\/3\/2025\/06\/thumbnail-plan-21juin2025-pietonnisation-carte.jpg\",\"articleSection\":[\"A la Une\",\"Epinal\"],\"inLanguage\":\"fr-FR\",\"potentialAction\":[{\"@type\":\"CommentAction\",\"name\":\"Comment\",\"target\":[\"https:\/\/vosgesinfo.fr\/epinalinfo\/2025\/06\/fete-de-la-musique-pietonnisation-du-centre-ville\/#respond\"]}]},{\"@type\":\"WebPage\",\"@id\":\"https:\/\/vosgesinfo.fr\/epinalinfo\/2025\/06\/fete-de-la-musique-pietonnisation-du-centre-ville\/\",\"url\":\"https:\/\/vosgesinfo.fr\/epinalinfo\/2025\/06\/fete-de-la-musique-pietonnisation-du-centre-ville\/\",\"name\":\"F\u00eate de la musique : Pi\u00e9tonnisation du centre-ville ! - Epinal Info\",\"isPartOf\":{\"@id\":\"https:\/\/vosgesinfo.fr\/epinalinfo\/#website\"},\"primaryImageOfPage\":{\"@id\":\"https:\/\/vosgesinfo.fr\/epinalinfo\/2025\/06\/fete-de-la-musique-pietonnisation-du-centre-ville\/#primaryimage\"},\"image\":{\"@id\":\"https:\/\/vosgesinfo.fr\/epinalinfo\/2025\/06\/fete-de-la-musique-pietonnisation-du-centre-ville\/#primaryimage\"},\"thumbnailUrl\":\"https:\/\/vosgesinfo.fr\/app\/uploads\/sites\/3\/2025\/06\/thumbnail-plan-21juin2025-pietonnisation-carte.jpg\",\"datePublished\":\"2025-06-20T12:00:18+00:00\",\"dateModified\":\"2025-06-20T11:49:39+00:00\",\"breadcrumb\":{\"@id\":\"https:\/\/vosgesinfo.fr\/epinalinfo\/2025\/06\/fete-de-la-musique-pietonnisation-du-centre-ville\/#breadcrumb\"},\"inLanguage\":\"fr-FR\",\"potentialAction\":[{\"@type\":\"ReadAction\",\"target\":[\"https:\/\/vosgesinfo.fr\/epinalinfo\/2025\/06\/fete-de-la-musique-pietonnisation-du-centre-ville\/\"]}]},{\"@type\":\"ImageObject\",\"inLanguage\":\"fr-FR\",\"@id\":\"https:\/\/vosgesinfo.fr\/epinalinfo\/2025\/06\/fete-de-la-musique-pietonnisation-du-centre-ville\/#primaryimage\",\"url\":\"https:\/\/vosgesinfo.fr\/app\/uploads\/sites\/3\/2025\/06\/thumbnail-plan-21juin2025-pietonnisation-carte.jpg\",\"contentUrl\":\"https:\/\/vosgesinfo.fr\/app\/uploads\/sites\/3\/2025\/06\/thumbnail-plan-21juin2025-pietonnisation-carte.jpg\",\"width\":1350,\"height\":1080},{\"@type\":\"BreadcrumbList\",\"@id\":\"https:\/\/vosgesinfo.fr\/epinalinfo\/2025\/06\/fete-de-la-musique-pietonnisation-du-centre-ville\/#breadcrumb\",\"itemListElement\":[{\"@type\":\"ListItem\",\"position\":1,\"name\":\"Home\",\"item\":\"https:\/\/vosgesinfo.fr\/epinalinfo\/\"},{\"@type\":\"ListItem\",\"position\":2,\"name\":\"F\u00eate de la musique : Pi\u00e9tonnisation du centre-ville !\"}]},{\"@type\":\"WebSite\",\"@id\":\"https:\/\/vosgesinfo.fr\/epinalinfo\/#website\",\"url\":\"https:\/\/vosgesinfo.fr\/epinalinfo\/\",\"name\":\"Epinal Info\",\"description\":\"Toute l&#039;actualit\u00e9 d&#039;\u00c9pinal\",\"publisher\":{\"@id\":\"https:\/\/vosgesinfo.fr\/epinalinfo\/#organization\"},\"alternateName\":\"Toute l'actualit\u00e9 d'\u00c9pinal\",\"potentialAction\":[{\"@type\":\"SearchAction\",\"target\":{\"@type\":\"EntryPoint\",\"urlTemplate\":\"https:\/\/vosgesinfo.fr\/epinalinfo\/?s={search_term_string}\"},\"query-input\":\"required name=search_term_string\"}],\"inLanguage\":\"fr-FR\"},{\"@type\":\"Organization\",\"@id\":\"https:\/\/vosgesinfo.fr\/epinalinfo\/#organization\",\"name\":\"Epinal Info\",\"url\":\"https:\/\/vosgesinfo.fr\/epinalinfo\/\",\"logo\":{\"@type\":\"ImageObject\",\"inLanguage\":\"fr-FR\",\"@id\":\"https:\/\/vosgesinfo.fr\/epinalinfo\/#\/schema\/logo\/image\/\",\"url\":\"https:\/\/vosgesinfo.fr\/app\/uploads\/sites\/3\/2023\/08\/logo-epinalinfos.svg\",\"contentUrl\":\"https:\/\/vosgesinfo.fr\/app\/uploads\/sites\/3\/2023\/08\/logo-epinalinfos.svg\",\"width\":1,\"height\":1,\"caption\":\"Epinal Info\"},\"image\":{\"@id\":\"https:\/\/vosgesinfo.fr\/epinalinfo\/#\/schema\/logo\/image\/\"},\"sameAs\":[\"https:\/\/www.facebook.com\/Epinalinfos\",\"https:\/\/x.com\/VosgesInfo88\",\"https:\/\/www.youtube.com\/@vosgesinfo\"]},{\"@type\":\"Person\",\"@id\":\"https:\/\/vosgesinfo.fr\/epinalinfo\/#\/schema\/person\/6f9a650eeea99d969b6c4ab78fccbe81\",\"name\":\"C.K.\",\"image\":{\"@type\":\"ImageObject\",\"inLanguage\":\"fr-FR\",\"@id\":\"https:\/\/vosgesinfo.fr\/epinalinfo\/#\/schema\/person\/image\/\",\"url\":\"https:\/\/secure.gravatar.com\/avatar\/48e3fc7f8421ba8942be6b74a2b7f014ca39bc00dece156b7a8e098ae7dc87bf?s=96&d=mm&r=g\",\"contentUrl\":\"https:\/\/secure.gravatar.com\/avatar\/48e3fc7f8421ba8942be6b74a2b7f014ca39bc00dece156b7a8e098ae7dc87bf?s=96&d=mm&r=g\",\"caption\":\"C.K.\"},\"url\":\"https:\/\/vosgesinfo.fr\/epinalinfo\/author\/celia-k-n\/\"}]}<\/script>\n<!-- \/ Yoast SEO plugin. -->","yoast_head_json":{"title":"F\u00eate de la musique : Pi\u00e9tonnisation du centre-ville ! - Epinal Info","robots":{"index":"index","follow":"follow","max-snippet":"max-snippet:-1","max-image-preview":"max-image-preview:large","max-video-preview":"max-video-preview:-1"},"canonical":"https:\/\/vosgesinfo.fr\/epinalinfo\/2025\/06\/fete-de-la-musique-pietonnisation-du-centre-ville\/","twitter_card":"summary_large_image","twitter_title":"F\u00eate de la musique : Pi\u00e9tonnisation du centre-ville ! - Epinal Info","twitter_description":"Samedi 21 juin, de 18h30 \u00e0 2h, plusieurs rues du centre-ville seront pi\u00e9tonnis\u00e9es afin de permettre \u00e0 toutes et tous [&hellip;]","twitter_image":"https:\/\/vosgesinfo.fr\/app\/uploads\/sites\/3\/2025\/06\/thumbnail-plan-21juin2025-pietonnisation-carte.jpg","twitter_creator":"@VosgesInfo88","twitter_site":"@VosgesInfo88","twitter_misc":{"\u00c9crit par":"C.K.","Dur\u00e9e de lecture estim\u00e9e":"2 minutes"},"schema":{"@context":"https:\/\/schema.org","@graph":[{"@type":"Article","@id":"https:\/\/vosgesinfo.fr\/epinalinfo\/2025\/06\/fete-de-la-musique-pietonnisation-du-centre-ville\/#article","isPartOf":{"@id":"https:\/\/vosgesinfo.fr\/epinalinfo\/2025\/06\/fete-de-la-musique-pietonnisation-du-centre-ville\/"},"author":{"name":"C.K.","@id":"https:\/\/vosgesinfo.fr\/epinalinfo\/#\/schema\/person\/6f9a650eeea99d969b6c4ab78fccbe81"},"headline":"F\u00eate de la musique : Pi\u00e9tonnisation du centre-ville !","datePublished":"2025-06-20T12:00:18+00:00","dateModified":"2025-06-20T11:49:39+00:00","mainEntityOfPage":{"@id":"https:\/\/vosgesinfo.fr\/epinalinfo\/2025\/06\/fete-de-la-musique-pietonnisation-du-centre-ville\/"},"wordCount":318,"commentCount":0,"publisher":{"@id":"https:\/\/vosgesinfo.fr\/epinalinfo\/#organization"},"image":{"@id":"https:\/\/vosgesinfo.fr\/epinalinfo\/2025\/06\/fete-de-la-musique-pietonnisation-du-centre-ville\/#primaryimage"},"thumbnailUrl":"https:\/\/vosgesinfo.fr\/app\/uploads\/sites\/3\/2025\/06\/thumbnail-plan-21juin2025-pietonnisation-carte.jpg","articleSection":["A la Une","Epinal"],"inLanguage":"fr-FR","potentialAction":[{"@type":"CommentAction","name":"Comment","target":["https:\/\/vosgesinfo.fr\/epinalinfo\/2025\/06\/fete-de-la-musique-pietonnisation-du-centre-ville\/#respond"]}]},{"@type":"WebPage","@id":"https:\/\/vosgesinfo.fr\/epinalinfo\/2025\/06\/fete-de-la-musique-pietonnisation-du-centre-ville\/","url":"https:\/\/vosgesinfo.fr\/epinalinfo\/2025\/06\/fete-de-la-musique-pietonnisation-du-centre-ville\/","name":"F\u00eate de la musique : Pi\u00e9tonnisation du centre-ville ! - Epinal Info","isPartOf":{"@id":"https:\/\/vosgesinfo.fr\/epinalinfo\/#website"},"primaryImageOfPage":{"@id":"https:\/\/vosgesinfo.fr\/epinalinfo\/2025\/06\/fete-de-la-musique-pietonnisation-du-centre-ville\/#primaryimage"},"image":{"@id":"https:\/\/vosgesinfo.fr\/epinalinfo\/2025\/06\/fete-de-la-musique-pietonnisation-du-centre-ville\/#primaryimage"},"thumbnailUrl":"https:\/\/vosgesinfo.fr\/app\/uploads\/sites\/3\/2025\/06\/thumbnail-plan-21juin2025-pietonnisation-carte.jpg","datePublished":"2025-06-20T12:00:18+00:00","dateModified":"2025-06-20T11:49:39+00:00","breadcrumb":{"@id":"https:\/\/vosgesinfo.fr\/epinalinfo\/2025\/06\/fete-de-la-musique-pietonnisation-du-centre-ville\/#breadcrumb"},"inLanguage":"fr-FR","potentialAction":[{"@type":"ReadAction","target":["https:\/\/vosgesinfo.fr\/epinalinfo\/2025\/06\/fete-de-la-musique-pietonnisation-du-centre-ville\/"]}]},{"@type":"ImageObject","inLanguage":"fr-FR","@id":"https:\/\/vosgesinfo.fr\/epinalinfo\/2025\/06\/fete-de-la-musique-pietonnisation-du-centre-ville\/#primaryimage","url":"https:\/\/vosgesinfo.fr\/app\/uploads\/sites\/3\/2025\/06\/thumbnail-plan-21juin2025-pietonnisation-carte.jpg","contentUrl":"https:\/\/vosgesinfo.fr\/app\/uploads\/sites\/3\/2025\/06\/thumbnail-plan-21juin2025-pietonnisation-carte.jpg","width":1350,"height":1080},{"@type":"BreadcrumbList","@id":"https:\/\/vosgesinfo.fr\/epinalinfo\/2025\/06\/fete-de-la-musique-pietonnisation-du-centre-ville\/#breadcrumb","itemListElement":[{"@type":"ListItem","position":1,"name":"Home","item":"https:\/\/vosgesinfo.fr\/epinalinfo\/"},{"@type":"ListItem","position":2,"name":"F\u00eate de la musique : Pi\u00e9tonnisation du centre-ville !"}]},{"@type":"WebSite","@id":"https:\/\/vosgesinfo.fr\/epinalinfo\/#website","url":"https:\/\/vosgesinfo.fr\/epinalinfo\/","name":"Epinal Info","description":"Toute l&#039;actualit\u00e9 d&#039;\u00c9pinal","publisher":{"@id":"https:\/\/vosgesinfo.fr\/epinalinfo\/#organization"},"alternateName":"Toute l'actualit\u00e9 d'\u00c9pinal","potentialAction":[{"@type":"SearchAction","target":{"@type":"EntryPoint","urlTemplate":"https:\/\/vosgesinfo.fr\/epinalinfo\/?s={search_term_string}"},"query-input":"required name=search_term_string"}],"inLanguage":"fr-FR"},{"@type":"Organization","@id":"https:\/\/vosgesinfo.fr\/epinalinfo\/#organization","name":"Epinal Info","url":"https:\/\/vosgesinfo.fr\/epinalinfo\/","logo":{"@type":"ImageObject","inLanguage":"fr-FR","@id":"https:\/\/vosgesinfo.fr\/epinalinfo\/#\/schema\/logo\/image\/","url":"https:\/\/vosgesinfo.fr\/app\/uploads\/sites\/3\/2023\/08\/logo-epinalinfos.svg","contentUrl":"https:\/\/vosgesinfo.fr\/app\/uploads\/sites\/3\/2023\/08\/logo-epinalinfos.svg","width":1,"height":1,"caption":"Epinal Info"},"image":{"@id":"https:\/\/vosgesinfo.fr\/epinalinfo\/#\/schema\/logo\/image\/"},"sameAs":["https:\/\/www.facebook.com\/Epinalinfos","https:\/\/x.com\/VosgesInfo88","https:\/\/www.youtube.com\/@vosgesinfo"]},{"@type":"Person","@id":"https:\/\/vosgesinfo.fr\/epinalinfo\/#\/schema\/person\/6f9a650eeea99d969b6c4ab78fccbe81","name":"C.K.","image":{"@type":"ImageObject","inLanguage":"fr-FR","@id":"https:\/\/vosgesinfo.fr\/epinalinfo\/#\/schema\/person\/image\/","url":"https:\/\/secure.gravatar.com\/avatar\/48e3fc7f8421ba8942be6b74a2b7f014ca39bc00dece156b7a8e098ae7dc87bf?s=96&d=mm&r=g","contentUrl":"https:\/\/secure.gravatar.com\/avatar\/48e3fc7f8421ba8942be6b74a2b7f014ca39bc00dece156b7a8e098ae7dc87bf?s=96&d=mm&r=g","caption":"C.K."},"url":"https:\/\/vosgesinfo.fr\/epinalinfo\/author\/celia-k-n\/"}]}},"_links":{"self":[{"href":"https:\/\/vosgesinfo.fr\/epinalinfo\/wp-json\/wp\/v2\/posts\/133085","targetHints":{"allow":["GET"]}}],"collection":[{"href":"https:\/\/vosgesinfo.fr\/epinalinfo\/wp-json\/wp\/v2\/posts"}],"about":[{"href":"https:\/\/vosgesinfo.fr\/epinalinfo\/wp-json\/wp\/v2\/types\/post"}],"author":[{"embeddable":true,"href":"https:\/\/vosgesinfo.fr\/epinalinfo\/wp-json\/wp\/v2\/users\/52"}],"replies":[{"embeddable":true,"href":"https:\/\/vosgesinfo.fr\/epinalinfo\/wp-json\/wp\/v2\/comments?post=133085"}],"version-history":[{"count":1,"href":"https:\/\/vosgesinfo.fr\/epinalinfo\/wp-json\/wp\/v2\/posts\/133085\/revisions"}],"predecessor-version":[{"id":133087,"href":"https:\/\/vosgesinfo.fr\/epinalinfo\/wp-json\/wp\/v2\/posts\/133085\/revisions\/133087"}],"wp:featuredmedia":[{"embeddable":true,"href":"https:\/\/vosgesinfo.fr\/epinalinfo\/wp-json\/wp\/v2\/media\/133086"}],"wp:attachment":[{"href":"https:\/\/vosgesinfo.fr\/epinalinfo\/wp-json\/wp\/v2\/media?parent=133085"}],"wp:term":[{"taxonomy":"category","embeddable":true,"href":"https:\/\/vosgesinfo.fr\/epinalinfo\/wp-json\/wp\/v2\/categories?post=133085"},{"taxonomy":"post_tag","embeddable":true,"href":"https:\/\/vosgesinfo.fr\/epinalinfo\/wp-json\/wp\/v2\/tags?post=133085"}],"curies":[{"name":"wp","href":"https:\/\/api.w.org\/{rel}","templated":true}]}}