{"id":133099,"date":"2025-06-21T16:15:48","date_gmt":"2025-06-21T14:15:48","guid":{"rendered":"https:\/\/vosgesinfo.fr\/epinalinfo\/?p=133099"},"modified":"2025-06-21T16:10:13","modified_gmt":"2025-06-21T14:10:13","slug":"sport-inclusion-et-diversite-plus-de-700-enfants-reunis-au-stade-de-la-colombiere","status":"publish","type":"post","link":"https:\/\/vosgesinfo.fr\/epinalinfo\/2025\/06\/sport-inclusion-et-diversite-plus-de-700-enfants-reunis-au-stade-de-la-colombiere\/","title":{"rendered":"Sport, inclusion et diversit\u00e9 : plus de 700 enfants r\u00e9unis au stade de la Colombi\u00e8re"},"content":{"rendered":"<h2 data-start=\"182\" data-end=\"471\"><a href=\"https:\/\/vosgesinfo.fr\/app\/uploads\/sites\/3\/2025\/06\/img-20250620-151057.jpg\"><img decoding=\"async\" class=\"aligncenter size-full wp-image-133100\" src=\"https:\/\/vosgesinfo.fr\/app\/uploads\/sites\/3\/2025\/06\/img-20250620-151057.jpg\" alt=\"\" width=\"2040\" height=\"1536\" srcset=\"https:\/\/vosgesinfo.fr\/app\/uploads\/sites\/3\/2025\/06\/img-20250620-151057.jpg 2040w, https:\/\/vosgesinfo.fr\/app\/uploads\/sites\/3\/2025\/06\/img-20250620-151057-300x226.jpg 300w, https:\/\/vosgesinfo.fr\/app\/uploads\/sites\/3\/2025\/06\/img-20250620-151057-1024x771.jpg 1024w, https:\/\/vosgesinfo.fr\/app\/uploads\/sites\/3\/2025\/06\/img-20250620-151057-768x578.jpg 768w, https:\/\/vosgesinfo.fr\/app\/uploads\/sites\/3\/2025\/06\/img-20250620-151057-1536x1157.jpg 1536w\" sizes=\"(max-width: 2040px) 100vw, 2040px\" \/><\/a>Cette semaine, le stade de la Colombi\u00e8re r\u00e9sonne de rires, d&rsquo;encouragements et de pas d\u2019enfants enthousiastes. Plus de 700 \u00e9l\u00e8ves des \u00e9coles publiques et enfants des accueils de loisirs participent \u00e0 une grande manifestation sportive plac\u00e9e sous le signe de l&rsquo;inclusion et de la diversit\u00e9.<\/h2>\n<p data-start=\"473\" data-end=\"737\">Organis\u00e9s en collaboration avec 17 associations locales, ces ateliers offrent une palette d&rsquo;activit\u00e9s physiques aussi riche que vari\u00e9e : athl\u00e9tisme, rugby, gymnastique, hockey, tennis, escrime, boxe, jeux d\u2019\u00e9checs, cerf-volant\u2026 et bien d&rsquo;autres encore.<\/p>\n<p data-start=\"739\" data-end=\"1062\">L\u2019un des temps forts de cette semaine est la mise en lumi\u00e8re du handisport et du sport adapt\u00e9. Gr\u00e2ce \u00e0 des ateliers immersifs, les enfants sont invit\u00e9s \u00e0 exp\u00e9rimenter diff\u00e9rentes pratiques sportives en situation de handicap, favorisant ainsi la compr\u00e9hension, l\u2019empathie et le respect des diff\u00e9rences d\u00e8s le plus jeune \u00e2ge.<\/p>\n<p data-start=\"1064\" data-end=\"1426\">Ce projet collectif, soutenu par la Ville et les partenaires \u00e9ducatifs et associatifs, vise \u00e0 promouvoir les valeurs du sport comme vecteur de lien social, d\u2019\u00e9galit\u00e9 et d\u2019\u00e9panouissement pour tous. Il incarne aussi l\u2019ambition d\u2019un territoire mobilis\u00e9 autour de l\u2019inclusion, o\u00f9 chaque enfant, quelles que soient ses capacit\u00e9s, peut trouver sa place sur le terrain.<\/p>\n","protected":false},"excerpt":{"rendered":"<p>Cette semaine, le stade de la Colombi\u00e8re r\u00e9sonne de rires, d&rsquo;encouragements et de pas d\u2019enfants enthousiastes. Plus de 700 \u00e9l\u00e8ves [&hellip;]<\/p>\n","protected":false},"author":52,"featured_media":133100,"comment_status":"open","ping_status":"open","sticky":false,"template":"","format":"standard","meta":{"footnotes":""},"categories":[22,24],"tags":[],"class_list":["post-133099","post","type-post","status-publish","format-standard","has-post-thumbnail","hentry","category-a-la-une","category-epinal"],"acf":[],"yoast_head":"<!-- This site is optimized with the Yoast SEO plugin v22.5 - https:\/\/yoast.com\/wordpress\/plugins\/seo\/ -->\n<title>Sport, inclusion et diversit\u00e9 : plus de 700 enfants r\u00e9unis au stade de la Colombi\u00e8re - Epinal Info<\/title>\n<meta name=\"robots\" content=\"index, follow, max-snippet:-1, max-image-preview:large, max-video-preview:-1\" \/>\n<link rel=\"canonical\" href=\"https:\/\/vosgesinfo.fr\/epinalinfo\/2025\/06\/sport-inclusion-et-diversite-plus-de-700-enfants-reunis-au-stade-de-la-colombiere\/\" \/>\n<meta name=\"twitter:card\" content=\"summary_large_image\" \/>\n<meta name=\"twitter:title\" content=\"Sport, inclusion et diversit\u00e9 : plus de 700 enfants r\u00e9unis au stade de la Colombi\u00e8re - Epinal Info\" \/>\n<meta name=\"twitter:description\" content=\"Cette semaine, le stade de la Colombi\u00e8re r\u00e9sonne de rires, d&rsquo;encouragements et de pas d\u2019enfants enthousiastes. Plus de 700 \u00e9l\u00e8ves [&hellip;]\" \/>\n<meta name=\"twitter:image\" content=\"https:\/\/vosgesinfo.fr\/app\/uploads\/sites\/3\/2025\/06\/img-20250620-151057.jpg\" \/>\n<meta name=\"twitter:creator\" content=\"@VosgesInfo88\" \/>\n<meta name=\"twitter:site\" content=\"@VosgesInfo88\" \/>\n<meta name=\"twitter:label1\" content=\"\u00c9crit par\" \/>\n\t<meta name=\"twitter:data1\" content=\"C.K.\" \/>\n\t<meta name=\"twitter:label2\" content=\"Dur\u00e9e de lecture estim\u00e9e\" \/>\n\t<meta name=\"twitter:data2\" content=\"1 minute\" \/>\n<script type=\"application\/ld+json\" class=\"yoast-schema-graph\">{\"@context\":\"https:\/\/schema.org\",\"@graph\":[{\"@type\":\"Article\",\"@id\":\"https:\/\/vosgesinfo.fr\/epinalinfo\/2025\/06\/sport-inclusion-et-diversite-plus-de-700-enfants-reunis-au-stade-de-la-colombiere\/#article\",\"isPartOf\":{\"@id\":\"https:\/\/vosgesinfo.fr\/epinalinfo\/2025\/06\/sport-inclusion-et-diversite-plus-de-700-enfants-reunis-au-stade-de-la-colombiere\/\"},\"author\":{\"name\":\"C.K.\",\"@id\":\"https:\/\/vosgesinfo.fr\/epinalinfo\/#\/schema\/person\/6f9a650eeea99d969b6c4ab78fccbe81\"},\"headline\":\"Sport, inclusion et diversit\u00e9 : plus de 700 enfants r\u00e9unis au stade de la Colombi\u00e8re\",\"datePublished\":\"2025-06-21T14:15:48+00:00\",\"dateModified\":\"2025-06-21T14:10:13+00:00\",\"mainEntityOfPage\":{\"@id\":\"https:\/\/vosgesinfo.fr\/epinalinfo\/2025\/06\/sport-inclusion-et-diversite-plus-de-700-enfants-reunis-au-stade-de-la-colombiere\/\"},\"wordCount\":222,\"commentCount\":0,\"publisher\":{\"@id\":\"https:\/\/vosgesinfo.fr\/epinalinfo\/#organization\"},\"image\":{\"@id\":\"https:\/\/vosgesinfo.fr\/epinalinfo\/2025\/06\/sport-inclusion-et-diversite-plus-de-700-enfants-reunis-au-stade-de-la-colombiere\/#primaryimage\"},\"thumbnailUrl\":\"https:\/\/vosgesinfo.fr\/app\/uploads\/sites\/3\/2025\/06\/img-20250620-151057.jpg\",\"articleSection\":[\"A la Une\",\"Epinal\"],\"inLanguage\":\"fr-FR\",\"potentialAction\":[{\"@type\":\"CommentAction\",\"name\":\"Comment\",\"target\":[\"https:\/\/vosgesinfo.fr\/epinalinfo\/2025\/06\/sport-inclusion-et-diversite-plus-de-700-enfants-reunis-au-stade-de-la-colombiere\/#respond\"]}]},{\"@type\":\"WebPage\",\"@id\":\"https:\/\/vosgesinfo.fr\/epinalinfo\/2025\/06\/sport-inclusion-et-diversite-plus-de-700-enfants-reunis-au-stade-de-la-colombiere\/\",\"url\":\"https:\/\/vosgesinfo.fr\/epinalinfo\/2025\/06\/sport-inclusion-et-diversite-plus-de-700-enfants-reunis-au-stade-de-la-colombiere\/\",\"name\":\"Sport, inclusion et diversit\u00e9 : plus de 700 enfants r\u00e9unis au stade de la Colombi\u00e8re - Epinal Info\",\"isPartOf\":{\"@id\":\"https:\/\/vosgesinfo.fr\/epinalinfo\/#website\"},\"primaryImageOfPage\":{\"@id\":\"https:\/\/vosgesinfo.fr\/epinalinfo\/2025\/06\/sport-inclusion-et-diversite-plus-de-700-enfants-reunis-au-stade-de-la-colombiere\/#primaryimage\"},\"image\":{\"@id\":\"https:\/\/vosgesinfo.fr\/epinalinfo\/2025\/06\/sport-inclusion-et-diversite-plus-de-700-enfants-reunis-au-stade-de-la-colombiere\/#primaryimage\"},\"thumbnailUrl\":\"https:\/\/vosgesinfo.fr\/app\/uploads\/sites\/3\/2025\/06\/img-20250620-151057.jpg\",\"datePublished\":\"2025-06-21T14:15:48+00:00\",\"dateModified\":\"2025-06-21T14:10:13+00:00\",\"breadcrumb\":{\"@id\":\"https:\/\/vosgesinfo.fr\/epinalinfo\/2025\/06\/sport-inclusion-et-diversite-plus-de-700-enfants-reunis-au-stade-de-la-colombiere\/#breadcrumb\"},\"inLanguage\":\"fr-FR\",\"potentialAction\":[{\"@type\":\"ReadAction\",\"target\":[\"https:\/\/vosgesinfo.fr\/epinalinfo\/2025\/06\/sport-inclusion-et-diversite-plus-de-700-enfants-reunis-au-stade-de-la-colombiere\/\"]}]},{\"@type\":\"ImageObject\",\"inLanguage\":\"fr-FR\",\"@id\":\"https:\/\/vosgesinfo.fr\/epinalinfo\/2025\/06\/sport-inclusion-et-diversite-plus-de-700-enfants-reunis-au-stade-de-la-colombiere\/#primaryimage\",\"url\":\"https:\/\/vosgesinfo.fr\/app\/uploads\/sites\/3\/2025\/06\/img-20250620-151057.jpg\",\"contentUrl\":\"https:\/\/vosgesinfo.fr\/app\/uploads\/sites\/3\/2025\/06\/img-20250620-151057.jpg\",\"width\":2040,\"height\":1536},{\"@type\":\"BreadcrumbList\",\"@id\":\"https:\/\/vosgesinfo.fr\/epinalinfo\/2025\/06\/sport-inclusion-et-diversite-plus-de-700-enfants-reunis-au-stade-de-la-colombiere\/#breadcrumb\",\"itemListElement\":[{\"@type\":\"ListItem\",\"position\":1,\"name\":\"Home\",\"item\":\"https:\/\/vosgesinfo.fr\/epinalinfo\/\"},{\"@type\":\"ListItem\",\"position\":2,\"name\":\"Sport, inclusion et diversit\u00e9 : plus de 700 enfants r\u00e9unis au stade de la Colombi\u00e8re\"}]},{\"@type\":\"WebSite\",\"@id\":\"https:\/\/vosgesinfo.fr\/epinalinfo\/#website\",\"url\":\"https:\/\/vosgesinfo.fr\/epinalinfo\/\",\"name\":\"Epinal Info\",\"description\":\"Toute l&#039;actualit\u00e9 d&#039;\u00c9pinal\",\"publisher\":{\"@id\":\"https:\/\/vosgesinfo.fr\/epinalinfo\/#organization\"},\"alternateName\":\"Toute l'actualit\u00e9 d'\u00c9pinal\",\"potentialAction\":[{\"@type\":\"SearchAction\",\"target\":{\"@type\":\"EntryPoint\",\"urlTemplate\":\"https:\/\/vosgesinfo.fr\/epinalinfo\/?s={search_term_string}\"},\"query-input\":\"required name=search_term_string\"}],\"inLanguage\":\"fr-FR\"},{\"@type\":\"Organization\",\"@id\":\"https:\/\/vosgesinfo.fr\/epinalinfo\/#organization\",\"name\":\"Epinal Info\",\"url\":\"https:\/\/vosgesinfo.fr\/epinalinfo\/\",\"logo\":{\"@type\":\"ImageObject\",\"inLanguage\":\"fr-FR\",\"@id\":\"https:\/\/vosgesinfo.fr\/epinalinfo\/#\/schema\/logo\/image\/\",\"url\":\"https:\/\/vosgesinfo.fr\/app\/uploads\/sites\/3\/2023\/08\/logo-epinalinfos.svg\",\"contentUrl\":\"https:\/\/vosgesinfo.fr\/app\/uploads\/sites\/3\/2023\/08\/logo-epinalinfos.svg\",\"width\":1,\"height\":1,\"caption\":\"Epinal Info\"},\"image\":{\"@id\":\"https:\/\/vosgesinfo.fr\/epinalinfo\/#\/schema\/logo\/image\/\"},\"sameAs\":[\"https:\/\/www.facebook.com\/Epinalinfos\",\"https:\/\/x.com\/VosgesInfo88\",\"https:\/\/www.youtube.com\/@vosgesinfo\"]},{\"@type\":\"Person\",\"@id\":\"https:\/\/vosgesinfo.fr\/epinalinfo\/#\/schema\/person\/6f9a650eeea99d969b6c4ab78fccbe81\",\"name\":\"C.K.\",\"image\":{\"@type\":\"ImageObject\",\"inLanguage\":\"fr-FR\",\"@id\":\"https:\/\/vosgesinfo.fr\/epinalinfo\/#\/schema\/person\/image\/\",\"url\":\"https:\/\/secure.gravatar.com\/avatar\/48e3fc7f8421ba8942be6b74a2b7f014ca39bc00dece156b7a8e098ae7dc87bf?s=96&d=mm&r=g\",\"contentUrl\":\"https:\/\/secure.gravatar.com\/avatar\/48e3fc7f8421ba8942be6b74a2b7f014ca39bc00dece156b7a8e098ae7dc87bf?s=96&d=mm&r=g\",\"caption\":\"C.K.\"},\"url\":\"https:\/\/vosgesinfo.fr\/epinalinfo\/author\/celia-k-n\/\"}]}<\/script>\n<!-- \/ Yoast SEO plugin. -->","yoast_head_json":{"title":"Sport, inclusion et diversit\u00e9 : plus de 700 enfants r\u00e9unis au stade de la Colombi\u00e8re - Epinal Info","robots":{"index":"index","follow":"follow","max-snippet":"max-snippet:-1","max-image-preview":"max-image-preview:large","max-video-preview":"max-video-preview:-1"},"canonical":"https:\/\/vosgesinfo.fr\/epinalinfo\/2025\/06\/sport-inclusion-et-diversite-plus-de-700-enfants-reunis-au-stade-de-la-colombiere\/","twitter_card":"summary_large_image","twitter_title":"Sport, inclusion et diversit\u00e9 : plus de 700 enfants r\u00e9unis au stade de la Colombi\u00e8re - Epinal Info","twitter_description":"Cette semaine, le stade de la Colombi\u00e8re r\u00e9sonne de rires, d&rsquo;encouragements et de pas d\u2019enfants enthousiastes. Plus de 700 \u00e9l\u00e8ves [&hellip;]","twitter_image":"https:\/\/vosgesinfo.fr\/app\/uploads\/sites\/3\/2025\/06\/img-20250620-151057.jpg","twitter_creator":"@VosgesInfo88","twitter_site":"@VosgesInfo88","twitter_misc":{"\u00c9crit par":"C.K.","Dur\u00e9e de lecture estim\u00e9e":"1 minute"},"schema":{"@context":"https:\/\/schema.org","@graph":[{"@type":"Article","@id":"https:\/\/vosgesinfo.fr\/epinalinfo\/2025\/06\/sport-inclusion-et-diversite-plus-de-700-enfants-reunis-au-stade-de-la-colombiere\/#article","isPartOf":{"@id":"https:\/\/vosgesinfo.fr\/epinalinfo\/2025\/06\/sport-inclusion-et-diversite-plus-de-700-enfants-reunis-au-stade-de-la-colombiere\/"},"author":{"name":"C.K.","@id":"https:\/\/vosgesinfo.fr\/epinalinfo\/#\/schema\/person\/6f9a650eeea99d969b6c4ab78fccbe81"},"headline":"Sport, inclusion et diversit\u00e9 : plus de 700 enfants r\u00e9unis au stade de la Colombi\u00e8re","datePublished":"2025-06-21T14:15:48+00:00","dateModified":"2025-06-21T14:10:13+00:00","mainEntityOfPage":{"@id":"https:\/\/vosgesinfo.fr\/epinalinfo\/2025\/06\/sport-inclusion-et-diversite-plus-de-700-enfants-reunis-au-stade-de-la-colombiere\/"},"wordCount":222,"commentCount":0,"publisher":{"@id":"https:\/\/vosgesinfo.fr\/epinalinfo\/#organization"},"image":{"@id":"https:\/\/vosgesinfo.fr\/epinalinfo\/2025\/06\/sport-inclusion-et-diversite-plus-de-700-enfants-reunis-au-stade-de-la-colombiere\/#primaryimage"},"thumbnailUrl":"https:\/\/vosgesinfo.fr\/app\/uploads\/sites\/3\/2025\/06\/img-20250620-151057.jpg","articleSection":["A la Une","Epinal"],"inLanguage":"fr-FR","potentialAction":[{"@type":"CommentAction","name":"Comment","target":["https:\/\/vosgesinfo.fr\/epinalinfo\/2025\/06\/sport-inclusion-et-diversite-plus-de-700-enfants-reunis-au-stade-de-la-colombiere\/#respond"]}]},{"@type":"WebPage","@id":"https:\/\/vosgesinfo.fr\/epinalinfo\/2025\/06\/sport-inclusion-et-diversite-plus-de-700-enfants-reunis-au-stade-de-la-colombiere\/","url":"https:\/\/vosgesinfo.fr\/epinalinfo\/2025\/06\/sport-inclusion-et-diversite-plus-de-700-enfants-reunis-au-stade-de-la-colombiere\/","name":"Sport, inclusion et diversit\u00e9 : plus de 700 enfants r\u00e9unis au stade de la Colombi\u00e8re - Epinal Info","isPartOf":{"@id":"https:\/\/vosgesinfo.fr\/epinalinfo\/#website"},"primaryImageOfPage":{"@id":"https:\/\/vosgesinfo.fr\/epinalinfo\/2025\/06\/sport-inclusion-et-diversite-plus-de-700-enfants-reunis-au-stade-de-la-colombiere\/#primaryimage"},"image":{"@id":"https:\/\/vosgesinfo.fr\/epinalinfo\/2025\/06\/sport-inclusion-et-diversite-plus-de-700-enfants-reunis-au-stade-de-la-colombiere\/#primaryimage"},"thumbnailUrl":"https:\/\/vosgesinfo.fr\/app\/uploads\/sites\/3\/2025\/06\/img-20250620-151057.jpg","datePublished":"2025-06-21T14:15:48+00:00","dateModified":"2025-06-21T14:10:13+00:00","breadcrumb":{"@id":"https:\/\/vosgesinfo.fr\/epinalinfo\/2025\/06\/sport-inclusion-et-diversite-plus-de-700-enfants-reunis-au-stade-de-la-colombiere\/#breadcrumb"},"inLanguage":"fr-FR","potentialAction":[{"@type":"ReadAction","target":["https:\/\/vosgesinfo.fr\/epinalinfo\/2025\/06\/sport-inclusion-et-diversite-plus-de-700-enfants-reunis-au-stade-de-la-colombiere\/"]}]},{"@type":"ImageObject","inLanguage":"fr-FR","@id":"https:\/\/vosgesinfo.fr\/epinalinfo\/2025\/06\/sport-inclusion-et-diversite-plus-de-700-enfants-reunis-au-stade-de-la-colombiere\/#primaryimage","url":"https:\/\/vosgesinfo.fr\/app\/uploads\/sites\/3\/2025\/06\/img-20250620-151057.jpg","contentUrl":"https:\/\/vosgesinfo.fr\/app\/uploads\/sites\/3\/2025\/06\/img-20250620-151057.jpg","width":2040,"height":1536},{"@type":"BreadcrumbList","@id":"https:\/\/vosgesinfo.fr\/epinalinfo\/2025\/06\/sport-inclusion-et-diversite-plus-de-700-enfants-reunis-au-stade-de-la-colombiere\/#breadcrumb","itemListElement":[{"@type":"ListItem","position":1,"name":"Home","item":"https:\/\/vosgesinfo.fr\/epinalinfo\/"},{"@type":"ListItem","position":2,"name":"Sport, inclusion et diversit\u00e9 : plus de 700 enfants r\u00e9unis au stade de la Colombi\u00e8re"}]},{"@type":"WebSite","@id":"https:\/\/vosgesinfo.fr\/epinalinfo\/#website","url":"https:\/\/vosgesinfo.fr\/epinalinfo\/","name":"Epinal Info","description":"Toute l&#039;actualit\u00e9 d&#039;\u00c9pinal","publisher":{"@id":"https:\/\/vosgesinfo.fr\/epinalinfo\/#organization"},"alternateName":"Toute l'actualit\u00e9 d'\u00c9pinal","potentialAction":[{"@type":"SearchAction","target":{"@type":"EntryPoint","urlTemplate":"https:\/\/vosgesinfo.fr\/epinalinfo\/?s={search_term_string}"},"query-input":"required name=search_term_string"}],"inLanguage":"fr-FR"},{"@type":"Organization","@id":"https:\/\/vosgesinfo.fr\/epinalinfo\/#organization","name":"Epinal Info","url":"https:\/\/vosgesinfo.fr\/epinalinfo\/","logo":{"@type":"ImageObject","inLanguage":"fr-FR","@id":"https:\/\/vosgesinfo.fr\/epinalinfo\/#\/schema\/logo\/image\/","url":"https:\/\/vosgesinfo.fr\/app\/uploads\/sites\/3\/2023\/08\/logo-epinalinfos.svg","contentUrl":"https:\/\/vosgesinfo.fr\/app\/uploads\/sites\/3\/2023\/08\/logo-epinalinfos.svg","width":1,"height":1,"caption":"Epinal Info"},"image":{"@id":"https:\/\/vosgesinfo.fr\/epinalinfo\/#\/schema\/logo\/image\/"},"sameAs":["https:\/\/www.facebook.com\/Epinalinfos","https:\/\/x.com\/VosgesInfo88","https:\/\/www.youtube.com\/@vosgesinfo"]},{"@type":"Person","@id":"https:\/\/vosgesinfo.fr\/epinalinfo\/#\/schema\/person\/6f9a650eeea99d969b6c4ab78fccbe81","name":"C.K.","image":{"@type":"ImageObject","inLanguage":"fr-FR","@id":"https:\/\/vosgesinfo.fr\/epinalinfo\/#\/schema\/person\/image\/","url":"https:\/\/secure.gravatar.com\/avatar\/48e3fc7f8421ba8942be6b74a2b7f014ca39bc00dece156b7a8e098ae7dc87bf?s=96&d=mm&r=g","contentUrl":"https:\/\/secure.gravatar.com\/avatar\/48e3fc7f8421ba8942be6b74a2b7f014ca39bc00dece156b7a8e098ae7dc87bf?s=96&d=mm&r=g","caption":"C.K."},"url":"https:\/\/vosgesinfo.fr\/epinalinfo\/author\/celia-k-n\/"}]}},"_links":{"self":[{"href":"https:\/\/vosgesinfo.fr\/epinalinfo\/wp-json\/wp\/v2\/posts\/133099","targetHints":{"allow":["GET"]}}],"collection":[{"href":"https:\/\/vosgesinfo.fr\/epinalinfo\/wp-json\/wp\/v2\/posts"}],"about":[{"href":"https:\/\/vosgesinfo.fr\/epinalinfo\/wp-json\/wp\/v2\/types\/post"}],"author":[{"embeddable":true,"href":"https:\/\/vosgesinfo.fr\/epinalinfo\/wp-json\/wp\/v2\/users\/52"}],"replies":[{"embeddable":true,"href":"https:\/\/vosgesinfo.fr\/epinalinfo\/wp-json\/wp\/v2\/comments?post=133099"}],"version-history":[{"count":1,"href":"https:\/\/vosgesinfo.fr\/epinalinfo\/wp-json\/wp\/v2\/posts\/133099\/revisions"}],"predecessor-version":[{"id":133101,"href":"https:\/\/vosgesinfo.fr\/epinalinfo\/wp-json\/wp\/v2\/posts\/133099\/revisions\/133101"}],"wp:featuredmedia":[{"embeddable":true,"href":"https:\/\/vosgesinfo.fr\/epinalinfo\/wp-json\/wp\/v2\/media\/133100"}],"wp:attachment":[{"href":"https:\/\/vosgesinfo.fr\/epinalinfo\/wp-json\/wp\/v2\/media?parent=133099"}],"wp:term":[{"taxonomy":"category","embeddable":true,"href":"https:\/\/vosgesinfo.fr\/epinalinfo\/wp-json\/wp\/v2\/categories?post=133099"},{"taxonomy":"post_tag","embeddable":true,"href":"https:\/\/vosgesinfo.fr\/epinalinfo\/wp-json\/wp\/v2\/tags?post=133099"}],"curies":[{"name":"wp","href":"https:\/\/api.w.org\/{rel}","templated":true}]}}