{"id":133109,"date":"2025-06-21T18:30:50","date_gmt":"2025-06-21T16:30:50","guid":{"rendered":"https:\/\/vosgesinfo.fr\/epinalinfo\/?p=133109"},"modified":"2025-06-21T18:15:15","modified_gmt":"2025-06-21T16:15:15","slug":"les-enfants-du-roc-brillent-au-championnat-de-france-de-combine-descalade-a-thionville","status":"publish","type":"post","link":"https:\/\/vosgesinfo.fr\/epinalinfo\/2025\/06\/les-enfants-du-roc-brillent-au-championnat-de-france-de-combine-descalade-a-thionville\/","title":{"rendered":"Les Enfants du Roc brillent au championnat de France de combin\u00e9 d&rsquo;escalade \u00e0 Thionville"},"content":{"rendered":"<h2 data-start=\"139\" data-end=\"475\"><strong><a href=\"https:\/\/vosgesinfo.fr\/app\/uploads\/sites\/3\/2025\/06\/thumbnail-screenshot-2025-06-21-17-57-22-657-com.miui-.gallery.jpg\"><img decoding=\"async\" class=\"aligncenter size-full wp-image-133110\" src=\"https:\/\/vosgesinfo.fr\/app\/uploads\/sites\/3\/2025\/06\/thumbnail-screenshot-2025-06-21-17-57-22-657-com.miui-.gallery.jpg\" alt=\"\" width=\"1080\" height=\"2400\" srcset=\"https:\/\/vosgesinfo.fr\/app\/uploads\/sites\/3\/2025\/06\/thumbnail-screenshot-2025-06-21-17-57-22-657-com.miui-.gallery.jpg 1080w, https:\/\/vosgesinfo.fr\/app\/uploads\/sites\/3\/2025\/06\/thumbnail-screenshot-2025-06-21-17-57-22-657-com.miui-.gallery-135x300.jpg 135w, https:\/\/vosgesinfo.fr\/app\/uploads\/sites\/3\/2025\/06\/thumbnail-screenshot-2025-06-21-17-57-22-657-com.miui-.gallery-461x1024.jpg 461w, https:\/\/vosgesinfo.fr\/app\/uploads\/sites\/3\/2025\/06\/thumbnail-screenshot-2025-06-21-17-57-22-657-com.miui-.gallery-768x1707.jpg 768w, https:\/\/vosgesinfo.fr\/app\/uploads\/sites\/3\/2025\/06\/thumbnail-screenshot-2025-06-21-17-57-22-657-com.miui-.gallery-691x1536.jpg 691w, https:\/\/vosgesinfo.fr\/app\/uploads\/sites\/3\/2025\/06\/thumbnail-screenshot-2025-06-21-17-57-22-657-com.miui-.gallery-922x2048.jpg 922w\" sizes=\"(max-width: 1080px) 100vw, 1080px\" \/><\/a>Le club des Enfants du Roc peut \u00eatre fier de ses jeunes grimpeuses ! Deux de ses repr\u00e9sentantes ont eu l&rsquo;honneur de participer pour la premi\u00e8re fois au championnat de France du combin\u00e9 d\u2019escalade qui s\u2019est tenu \u00e0 Thionville. Une exp\u00e9rience de haut niveau, riche en \u00e9motions et en apprentissages, pour Ad\u00e8le Maffe\u00ecs et Lily-Rose Andreux.<\/strong><\/h2>\n<p data-start=\"477\" data-end=\"857\">Ad\u00e8le Maffe\u00ecs, rep\u00each\u00e9e pour participer \u00e0 cet \u00e9v\u00e9nement prestigieux, a d\u00e9montr\u00e9 un bel esprit combatif. Malgr\u00e9 la pression et le niveau relev\u00e9 de la comp\u00e9tition, elle a su se battre avec d\u00e9termination. Elle termine 52e en bloc, 58e en difficult\u00e9 et 59e en vitesse, ce qui la place \u00e0 la 58e position du classement combin\u00e9. Une performance honorable pour une premi\u00e8re participation.<\/p>\n<p data-start=\"859\" data-end=\"1109\">De son c\u00f4t\u00e9, Lily-Rose Andreux a fait preuve de courage et d&rsquo;abn\u00e9gation tout au long des \u00e9preuves. Gr\u00e2ce \u00e0 une belle r\u00e9gularit\u00e9, elle se classe 45e en bloc, 21e en difficult\u00e9 et 52e en vitesse, d\u00e9crochant ainsi une encourageante 39e place au combin\u00e9.<\/p>\n<p data-start=\"1111\" data-end=\"1634\">Ces deux jeunes grimpeuses ne sont encore qu\u2019en premi\u00e8re ann\u00e9e dans leur cat\u00e9gorie. Leur participation \u00e0 ce niveau de comp\u00e9tition est d\u00e9j\u00e0 un accomplissement en soi, et l\u2019exp\u00e9rience acquise \u00e0 Thionville laisse pr\u00e9sager un avenir prometteur. Il ne fait aucun doute qu\u2019on les retrouvera bient\u00f4t aux avant-postes du circuit national, pr\u00eates \u00e0 hisser haut les couleurs des Enfants du Roc. Et qui sait ? Peut-\u00eatre entra\u00eeneront-elles dans leur sillage d\u2019autres jeunes talents du club vers les sommets des comp\u00e9titions nationales.<\/p>\n\n\t\t<style type=\"text\/css\">\n\t\t\t#gallery-1 {\n\t\t\t\tmargin: auto;\n\t\t\t}\n\t\t\t#gallery-1 .gallery-item {\n\t\t\t\tfloat: left;\n\t\t\t\tmargin-top: 10px;\n\t\t\t\ttext-align: center;\n\t\t\t\twidth: 33%;\n\t\t\t}\n\t\t\t#gallery-1 img {\n\t\t\t\tborder: 2px solid #cfcfcf;\n\t\t\t}\n\t\t\t#gallery-1 .gallery-caption {\n\t\t\t\tmargin-left: 0;\n\t\t\t}\n\t\t\t\/* see gallery_shortcode() in wp-includes\/media.php *\/\n\t\t<\/style>\n\t\t<div id='gallery-1' class='gallery galleryid-133109 gallery-columns-3 gallery-size-large'><dl class='gallery-item'>\n\t\t\t<dt class='gallery-icon portrait'>\n\t\t\t\t<a href='https:\/\/vosgesinfo.fr\/app\/uploads\/sites\/3\/2025\/06\/thumbnail-screenshot-2025-06-21-17-56-47-560-com.miui-.gallery.jpg'><img decoding=\"async\" width=\"461\" height=\"1024\" src=\"https:\/\/vosgesinfo.fr\/app\/uploads\/sites\/3\/2025\/06\/thumbnail-screenshot-2025-06-21-17-56-47-560-com.miui-.gallery-461x1024.jpg\" class=\"attachment-large size-large\" alt=\"\" srcset=\"https:\/\/vosgesinfo.fr\/app\/uploads\/sites\/3\/2025\/06\/thumbnail-screenshot-2025-06-21-17-56-47-560-com.miui-.gallery-461x1024.jpg 461w, https:\/\/vosgesinfo.fr\/app\/uploads\/sites\/3\/2025\/06\/thumbnail-screenshot-2025-06-21-17-56-47-560-com.miui-.gallery-135x300.jpg 135w, https:\/\/vosgesinfo.fr\/app\/uploads\/sites\/3\/2025\/06\/thumbnail-screenshot-2025-06-21-17-56-47-560-com.miui-.gallery-768x1707.jpg 768w, https:\/\/vosgesinfo.fr\/app\/uploads\/sites\/3\/2025\/06\/thumbnail-screenshot-2025-06-21-17-56-47-560-com.miui-.gallery-691x1536.jpg 691w, https:\/\/vosgesinfo.fr\/app\/uploads\/sites\/3\/2025\/06\/thumbnail-screenshot-2025-06-21-17-56-47-560-com.miui-.gallery-922x2048.jpg 922w, https:\/\/vosgesinfo.fr\/app\/uploads\/sites\/3\/2025\/06\/thumbnail-screenshot-2025-06-21-17-56-47-560-com.miui-.gallery.jpg 1080w\" sizes=\"(max-width: 461px) 100vw, 461px\" \/><\/a>\n\t\t\t<\/dt><\/dl><dl class='gallery-item'>\n\t\t\t<dt class='gallery-icon portrait'>\n\t\t\t\t<a href='https:\/\/vosgesinfo.fr\/app\/uploads\/sites\/3\/2025\/06\/thumbnail-screenshot-2025-06-21-17-57-58-869-com.miui-.gallery.jpg'><img decoding=\"async\" width=\"461\" height=\"1024\" src=\"https:\/\/vosgesinfo.fr\/app\/uploads\/sites\/3\/2025\/06\/thumbnail-screenshot-2025-06-21-17-57-58-869-com.miui-.gallery-461x1024.jpg\" class=\"attachment-large size-large\" alt=\"\" srcset=\"https:\/\/vosgesinfo.fr\/app\/uploads\/sites\/3\/2025\/06\/thumbnail-screenshot-2025-06-21-17-57-58-869-com.miui-.gallery-461x1024.jpg 461w, https:\/\/vosgesinfo.fr\/app\/uploads\/sites\/3\/2025\/06\/thumbnail-screenshot-2025-06-21-17-57-58-869-com.miui-.gallery-135x300.jpg 135w, https:\/\/vosgesinfo.fr\/app\/uploads\/sites\/3\/2025\/06\/thumbnail-screenshot-2025-06-21-17-57-58-869-com.miui-.gallery-768x1707.jpg 768w, https:\/\/vosgesinfo.fr\/app\/uploads\/sites\/3\/2025\/06\/thumbnail-screenshot-2025-06-21-17-57-58-869-com.miui-.gallery-691x1536.jpg 691w, https:\/\/vosgesinfo.fr\/app\/uploads\/sites\/3\/2025\/06\/thumbnail-screenshot-2025-06-21-17-57-58-869-com.miui-.gallery-922x2048.jpg 922w, https:\/\/vosgesinfo.fr\/app\/uploads\/sites\/3\/2025\/06\/thumbnail-screenshot-2025-06-21-17-57-58-869-com.miui-.gallery.jpg 1080w\" sizes=\"(max-width: 461px) 100vw, 461px\" \/><\/a>\n\t\t\t<\/dt><\/dl>\n\t\t\t<br style='clear: both' \/>\n\t\t<\/div>\n\n","protected":false},"excerpt":{"rendered":"<p>Le club des Enfants du Roc peut \u00eatre fier de ses jeunes grimpeuses ! Deux de ses repr\u00e9sentantes ont eu [&hellip;]<\/p>\n","protected":false},"author":52,"featured_media":133110,"comment_status":"open","ping_status":"open","sticky":false,"template":"","format":"standard","meta":{"footnotes":""},"categories":[22,24,7,5],"tags":[688,16589,218,75],"class_list":["post-133109","post","type-post","status-publish","format-standard","has-post-thumbnail","hentry","category-a-la-une","category-epinal","category-sport","category-vosges","tag-escalade","tag-les-enfants-du-roc","tag-sport","tag-vosges"],"acf":[],"yoast_head":"<!-- This site is optimized with the Yoast SEO plugin v22.5 - https:\/\/yoast.com\/wordpress\/plugins\/seo\/ -->\n<title>Les Enfants du Roc brillent au championnat de France de combin\u00e9 d&#039;escalade \u00e0 Thionville - Epinal Info<\/title>\n<meta name=\"robots\" content=\"index, follow, max-snippet:-1, max-image-preview:large, max-video-preview:-1\" \/>\n<link rel=\"canonical\" href=\"https:\/\/vosgesinfo.fr\/epinalinfo\/2025\/06\/les-enfants-du-roc-brillent-au-championnat-de-france-de-combine-descalade-a-thionville\/\" \/>\n<meta name=\"twitter:card\" content=\"summary_large_image\" \/>\n<meta name=\"twitter:title\" content=\"Les Enfants du Roc brillent au championnat de France de combin\u00e9 d&#039;escalade \u00e0 Thionville - Epinal Info\" \/>\n<meta name=\"twitter:description\" content=\"Le club des Enfants du Roc peut \u00eatre fier de ses jeunes grimpeuses ! Deux de ses repr\u00e9sentantes ont eu [&hellip;]\" \/>\n<meta name=\"twitter:image\" content=\"https:\/\/vosgesinfo.fr\/app\/uploads\/sites\/3\/2025\/06\/thumbnail-screenshot-2025-06-21-17-57-22-657-com.miui-.gallery.jpg\" \/>\n<meta name=\"twitter:creator\" content=\"@VosgesInfo88\" \/>\n<meta name=\"twitter:site\" content=\"@VosgesInfo88\" \/>\n<meta name=\"twitter:label1\" content=\"\u00c9crit par\" \/>\n\t<meta name=\"twitter:data1\" content=\"C.K.\" \/>\n\t<meta name=\"twitter:label2\" content=\"Dur\u00e9e de lecture estim\u00e9e\" \/>\n\t<meta name=\"twitter:data2\" content=\"1 minute\" \/>\n<script type=\"application\/ld+json\" class=\"yoast-schema-graph\">{\"@context\":\"https:\/\/schema.org\",\"@graph\":[{\"@type\":\"Article\",\"@id\":\"https:\/\/vosgesinfo.fr\/epinalinfo\/2025\/06\/les-enfants-du-roc-brillent-au-championnat-de-france-de-combine-descalade-a-thionville\/#article\",\"isPartOf\":{\"@id\":\"https:\/\/vosgesinfo.fr\/epinalinfo\/2025\/06\/les-enfants-du-roc-brillent-au-championnat-de-france-de-combine-descalade-a-thionville\/\"},\"author\":{\"name\":\"C.K.\",\"@id\":\"https:\/\/vosgesinfo.fr\/epinalinfo\/#\/schema\/person\/6f9a650eeea99d969b6c4ab78fccbe81\"},\"headline\":\"Les Enfants du Roc brillent au championnat de France de combin\u00e9 d&rsquo;escalade \u00e0 Thionville\",\"datePublished\":\"2025-06-21T16:30:50+00:00\",\"dateModified\":\"2025-06-21T16:15:15+00:00\",\"mainEntityOfPage\":{\"@id\":\"https:\/\/vosgesinfo.fr\/epinalinfo\/2025\/06\/les-enfants-du-roc-brillent-au-championnat-de-france-de-combine-descalade-a-thionville\/\"},\"wordCount\":291,\"commentCount\":1,\"publisher\":{\"@id\":\"https:\/\/vosgesinfo.fr\/epinalinfo\/#organization\"},\"image\":{\"@id\":\"https:\/\/vosgesinfo.fr\/epinalinfo\/2025\/06\/les-enfants-du-roc-brillent-au-championnat-de-france-de-combine-descalade-a-thionville\/#primaryimage\"},\"thumbnailUrl\":\"https:\/\/vosgesinfo.fr\/app\/uploads\/sites\/3\/2025\/06\/thumbnail-screenshot-2025-06-21-17-57-22-657-com.miui-.gallery.jpg\",\"keywords\":[\"escalade\",\"Les Enfants du Roc\",\"sport\",\"vosges\"],\"articleSection\":[\"A la Une\",\"Epinal\",\"Sport\",\"Vosges\"],\"inLanguage\":\"fr-FR\",\"potentialAction\":[{\"@type\":\"CommentAction\",\"name\":\"Comment\",\"target\":[\"https:\/\/vosgesinfo.fr\/epinalinfo\/2025\/06\/les-enfants-du-roc-brillent-au-championnat-de-france-de-combine-descalade-a-thionville\/#respond\"]}]},{\"@type\":\"WebPage\",\"@id\":\"https:\/\/vosgesinfo.fr\/epinalinfo\/2025\/06\/les-enfants-du-roc-brillent-au-championnat-de-france-de-combine-descalade-a-thionville\/\",\"url\":\"https:\/\/vosgesinfo.fr\/epinalinfo\/2025\/06\/les-enfants-du-roc-brillent-au-championnat-de-france-de-combine-descalade-a-thionville\/\",\"name\":\"Les Enfants du Roc brillent au championnat de France de combin\u00e9 d'escalade \u00e0 Thionville - Epinal Info\",\"isPartOf\":{\"@id\":\"https:\/\/vosgesinfo.fr\/epinalinfo\/#website\"},\"primaryImageOfPage\":{\"@id\":\"https:\/\/vosgesinfo.fr\/epinalinfo\/2025\/06\/les-enfants-du-roc-brillent-au-championnat-de-france-de-combine-descalade-a-thionville\/#primaryimage\"},\"image\":{\"@id\":\"https:\/\/vosgesinfo.fr\/epinalinfo\/2025\/06\/les-enfants-du-roc-brillent-au-championnat-de-france-de-combine-descalade-a-thionville\/#primaryimage\"},\"thumbnailUrl\":\"https:\/\/vosgesinfo.fr\/app\/uploads\/sites\/3\/2025\/06\/thumbnail-screenshot-2025-06-21-17-57-22-657-com.miui-.gallery.jpg\",\"datePublished\":\"2025-06-21T16:30:50+00:00\",\"dateModified\":\"2025-06-21T16:15:15+00:00\",\"breadcrumb\":{\"@id\":\"https:\/\/vosgesinfo.fr\/epinalinfo\/2025\/06\/les-enfants-du-roc-brillent-au-championnat-de-france-de-combine-descalade-a-thionville\/#breadcrumb\"},\"inLanguage\":\"fr-FR\",\"potentialAction\":[{\"@type\":\"ReadAction\",\"target\":[\"https:\/\/vosgesinfo.fr\/epinalinfo\/2025\/06\/les-enfants-du-roc-brillent-au-championnat-de-france-de-combine-descalade-a-thionville\/\"]}]},{\"@type\":\"ImageObject\",\"inLanguage\":\"fr-FR\",\"@id\":\"https:\/\/vosgesinfo.fr\/epinalinfo\/2025\/06\/les-enfants-du-roc-brillent-au-championnat-de-france-de-combine-descalade-a-thionville\/#primaryimage\",\"url\":\"https:\/\/vosgesinfo.fr\/app\/uploads\/sites\/3\/2025\/06\/thumbnail-screenshot-2025-06-21-17-57-22-657-com.miui-.gallery.jpg\",\"contentUrl\":\"https:\/\/vosgesinfo.fr\/app\/uploads\/sites\/3\/2025\/06\/thumbnail-screenshot-2025-06-21-17-57-22-657-com.miui-.gallery.jpg\",\"width\":1080,\"height\":2400},{\"@type\":\"BreadcrumbList\",\"@id\":\"https:\/\/vosgesinfo.fr\/epinalinfo\/2025\/06\/les-enfants-du-roc-brillent-au-championnat-de-france-de-combine-descalade-a-thionville\/#breadcrumb\",\"itemListElement\":[{\"@type\":\"ListItem\",\"position\":1,\"name\":\"Home\",\"item\":\"https:\/\/vosgesinfo.fr\/epinalinfo\/\"},{\"@type\":\"ListItem\",\"position\":2,\"name\":\"Les Enfants du Roc brillent au championnat de France de combin\u00e9 d&rsquo;escalade \u00e0 Thionville\"}]},{\"@type\":\"WebSite\",\"@id\":\"https:\/\/vosgesinfo.fr\/epinalinfo\/#website\",\"url\":\"https:\/\/vosgesinfo.fr\/epinalinfo\/\",\"name\":\"Epinal Info\",\"description\":\"Toute l&#039;actualit\u00e9 d&#039;\u00c9pinal\",\"publisher\":{\"@id\":\"https:\/\/vosgesinfo.fr\/epinalinfo\/#organization\"},\"alternateName\":\"Toute l'actualit\u00e9 d'\u00c9pinal\",\"potentialAction\":[{\"@type\":\"SearchAction\",\"target\":{\"@type\":\"EntryPoint\",\"urlTemplate\":\"https:\/\/vosgesinfo.fr\/epinalinfo\/?s={search_term_string}\"},\"query-input\":\"required name=search_term_string\"}],\"inLanguage\":\"fr-FR\"},{\"@type\":\"Organization\",\"@id\":\"https:\/\/vosgesinfo.fr\/epinalinfo\/#organization\",\"name\":\"Epinal Info\",\"url\":\"https:\/\/vosgesinfo.fr\/epinalinfo\/\",\"logo\":{\"@type\":\"ImageObject\",\"inLanguage\":\"fr-FR\",\"@id\":\"https:\/\/vosgesinfo.fr\/epinalinfo\/#\/schema\/logo\/image\/\",\"url\":\"https:\/\/vosgesinfo.fr\/app\/uploads\/sites\/3\/2023\/08\/logo-epinalinfos.svg\",\"contentUrl\":\"https:\/\/vosgesinfo.fr\/app\/uploads\/sites\/3\/2023\/08\/logo-epinalinfos.svg\",\"width\":1,\"height\":1,\"caption\":\"Epinal Info\"},\"image\":{\"@id\":\"https:\/\/vosgesinfo.fr\/epinalinfo\/#\/schema\/logo\/image\/\"},\"sameAs\":[\"https:\/\/www.facebook.com\/Epinalinfos\",\"https:\/\/x.com\/VosgesInfo88\",\"https:\/\/www.youtube.com\/@vosgesinfo\"]},{\"@type\":\"Person\",\"@id\":\"https:\/\/vosgesinfo.fr\/epinalinfo\/#\/schema\/person\/6f9a650eeea99d969b6c4ab78fccbe81\",\"name\":\"C.K.\",\"image\":{\"@type\":\"ImageObject\",\"inLanguage\":\"fr-FR\",\"@id\":\"https:\/\/vosgesinfo.fr\/epinalinfo\/#\/schema\/person\/image\/\",\"url\":\"https:\/\/secure.gravatar.com\/avatar\/48e3fc7f8421ba8942be6b74a2b7f014ca39bc00dece156b7a8e098ae7dc87bf?s=96&d=mm&r=g\",\"contentUrl\":\"https:\/\/secure.gravatar.com\/avatar\/48e3fc7f8421ba8942be6b74a2b7f014ca39bc00dece156b7a8e098ae7dc87bf?s=96&d=mm&r=g\",\"caption\":\"C.K.\"},\"url\":\"https:\/\/vosgesinfo.fr\/epinalinfo\/author\/celia-k-n\/\"}]}<\/script>\n<!-- \/ Yoast SEO plugin. -->","yoast_head_json":{"title":"Les Enfants du Roc brillent au championnat de France de combin\u00e9 d'escalade \u00e0 Thionville - Epinal Info","robots":{"index":"index","follow":"follow","max-snippet":"max-snippet:-1","max-image-preview":"max-image-preview:large","max-video-preview":"max-video-preview:-1"},"canonical":"https:\/\/vosgesinfo.fr\/epinalinfo\/2025\/06\/les-enfants-du-roc-brillent-au-championnat-de-france-de-combine-descalade-a-thionville\/","twitter_card":"summary_large_image","twitter_title":"Les Enfants du Roc brillent au championnat de France de combin\u00e9 d'escalade \u00e0 Thionville - Epinal Info","twitter_description":"Le club des Enfants du Roc peut \u00eatre fier de ses jeunes grimpeuses ! Deux de ses repr\u00e9sentantes ont eu [&hellip;]","twitter_image":"https:\/\/vosgesinfo.fr\/app\/uploads\/sites\/3\/2025\/06\/thumbnail-screenshot-2025-06-21-17-57-22-657-com.miui-.gallery.jpg","twitter_creator":"@VosgesInfo88","twitter_site":"@VosgesInfo88","twitter_misc":{"\u00c9crit par":"C.K.","Dur\u00e9e de lecture estim\u00e9e":"1 minute"},"schema":{"@context":"https:\/\/schema.org","@graph":[{"@type":"Article","@id":"https:\/\/vosgesinfo.fr\/epinalinfo\/2025\/06\/les-enfants-du-roc-brillent-au-championnat-de-france-de-combine-descalade-a-thionville\/#article","isPartOf":{"@id":"https:\/\/vosgesinfo.fr\/epinalinfo\/2025\/06\/les-enfants-du-roc-brillent-au-championnat-de-france-de-combine-descalade-a-thionville\/"},"author":{"name":"C.K.","@id":"https:\/\/vosgesinfo.fr\/epinalinfo\/#\/schema\/person\/6f9a650eeea99d969b6c4ab78fccbe81"},"headline":"Les Enfants du Roc brillent au championnat de France de combin\u00e9 d&rsquo;escalade \u00e0 Thionville","datePublished":"2025-06-21T16:30:50+00:00","dateModified":"2025-06-21T16:15:15+00:00","mainEntityOfPage":{"@id":"https:\/\/vosgesinfo.fr\/epinalinfo\/2025\/06\/les-enfants-du-roc-brillent-au-championnat-de-france-de-combine-descalade-a-thionville\/"},"wordCount":291,"commentCount":1,"publisher":{"@id":"https:\/\/vosgesinfo.fr\/epinalinfo\/#organization"},"image":{"@id":"https:\/\/vosgesinfo.fr\/epinalinfo\/2025\/06\/les-enfants-du-roc-brillent-au-championnat-de-france-de-combine-descalade-a-thionville\/#primaryimage"},"thumbnailUrl":"https:\/\/vosgesinfo.fr\/app\/uploads\/sites\/3\/2025\/06\/thumbnail-screenshot-2025-06-21-17-57-22-657-com.miui-.gallery.jpg","keywords":["escalade","Les Enfants du Roc","sport","vosges"],"articleSection":["A la Une","Epinal","Sport","Vosges"],"inLanguage":"fr-FR","potentialAction":[{"@type":"CommentAction","name":"Comment","target":["https:\/\/vosgesinfo.fr\/epinalinfo\/2025\/06\/les-enfants-du-roc-brillent-au-championnat-de-france-de-combine-descalade-a-thionville\/#respond"]}]},{"@type":"WebPage","@id":"https:\/\/vosgesinfo.fr\/epinalinfo\/2025\/06\/les-enfants-du-roc-brillent-au-championnat-de-france-de-combine-descalade-a-thionville\/","url":"https:\/\/vosgesinfo.fr\/epinalinfo\/2025\/06\/les-enfants-du-roc-brillent-au-championnat-de-france-de-combine-descalade-a-thionville\/","name":"Les Enfants du Roc brillent au championnat de France de combin\u00e9 d'escalade \u00e0 Thionville - Epinal Info","isPartOf":{"@id":"https:\/\/vosgesinfo.fr\/epinalinfo\/#website"},"primaryImageOfPage":{"@id":"https:\/\/vosgesinfo.fr\/epinalinfo\/2025\/06\/les-enfants-du-roc-brillent-au-championnat-de-france-de-combine-descalade-a-thionville\/#primaryimage"},"image":{"@id":"https:\/\/vosgesinfo.fr\/epinalinfo\/2025\/06\/les-enfants-du-roc-brillent-au-championnat-de-france-de-combine-descalade-a-thionville\/#primaryimage"},"thumbnailUrl":"https:\/\/vosgesinfo.fr\/app\/uploads\/sites\/3\/2025\/06\/thumbnail-screenshot-2025-06-21-17-57-22-657-com.miui-.gallery.jpg","datePublished":"2025-06-21T16:30:50+00:00","dateModified":"2025-06-21T16:15:15+00:00","breadcrumb":{"@id":"https:\/\/vosgesinfo.fr\/epinalinfo\/2025\/06\/les-enfants-du-roc-brillent-au-championnat-de-france-de-combine-descalade-a-thionville\/#breadcrumb"},"inLanguage":"fr-FR","potentialAction":[{"@type":"ReadAction","target":["https:\/\/vosgesinfo.fr\/epinalinfo\/2025\/06\/les-enfants-du-roc-brillent-au-championnat-de-france-de-combine-descalade-a-thionville\/"]}]},{"@type":"ImageObject","inLanguage":"fr-FR","@id":"https:\/\/vosgesinfo.fr\/epinalinfo\/2025\/06\/les-enfants-du-roc-brillent-au-championnat-de-france-de-combine-descalade-a-thionville\/#primaryimage","url":"https:\/\/vosgesinfo.fr\/app\/uploads\/sites\/3\/2025\/06\/thumbnail-screenshot-2025-06-21-17-57-22-657-com.miui-.gallery.jpg","contentUrl":"https:\/\/vosgesinfo.fr\/app\/uploads\/sites\/3\/2025\/06\/thumbnail-screenshot-2025-06-21-17-57-22-657-com.miui-.gallery.jpg","width":1080,"height":2400},{"@type":"BreadcrumbList","@id":"https:\/\/vosgesinfo.fr\/epinalinfo\/2025\/06\/les-enfants-du-roc-brillent-au-championnat-de-france-de-combine-descalade-a-thionville\/#breadcrumb","itemListElement":[{"@type":"ListItem","position":1,"name":"Home","item":"https:\/\/vosgesinfo.fr\/epinalinfo\/"},{"@type":"ListItem","position":2,"name":"Les Enfants du Roc brillent au championnat de France de combin\u00e9 d&rsquo;escalade \u00e0 Thionville"}]},{"@type":"WebSite","@id":"https:\/\/vosgesinfo.fr\/epinalinfo\/#website","url":"https:\/\/vosgesinfo.fr\/epinalinfo\/","name":"Epinal Info","description":"Toute l&#039;actualit\u00e9 d&#039;\u00c9pinal","publisher":{"@id":"https:\/\/vosgesinfo.fr\/epinalinfo\/#organization"},"alternateName":"Toute l'actualit\u00e9 d'\u00c9pinal","potentialAction":[{"@type":"SearchAction","target":{"@type":"EntryPoint","urlTemplate":"https:\/\/vosgesinfo.fr\/epinalinfo\/?s={search_term_string}"},"query-input":"required name=search_term_string"}],"inLanguage":"fr-FR"},{"@type":"Organization","@id":"https:\/\/vosgesinfo.fr\/epinalinfo\/#organization","name":"Epinal Info","url":"https:\/\/vosgesinfo.fr\/epinalinfo\/","logo":{"@type":"ImageObject","inLanguage":"fr-FR","@id":"https:\/\/vosgesinfo.fr\/epinalinfo\/#\/schema\/logo\/image\/","url":"https:\/\/vosgesinfo.fr\/app\/uploads\/sites\/3\/2023\/08\/logo-epinalinfos.svg","contentUrl":"https:\/\/vosgesinfo.fr\/app\/uploads\/sites\/3\/2023\/08\/logo-epinalinfos.svg","width":1,"height":1,"caption":"Epinal Info"},"image":{"@id":"https:\/\/vosgesinfo.fr\/epinalinfo\/#\/schema\/logo\/image\/"},"sameAs":["https:\/\/www.facebook.com\/Epinalinfos","https:\/\/x.com\/VosgesInfo88","https:\/\/www.youtube.com\/@vosgesinfo"]},{"@type":"Person","@id":"https:\/\/vosgesinfo.fr\/epinalinfo\/#\/schema\/person\/6f9a650eeea99d969b6c4ab78fccbe81","name":"C.K.","image":{"@type":"ImageObject","inLanguage":"fr-FR","@id":"https:\/\/vosgesinfo.fr\/epinalinfo\/#\/schema\/person\/image\/","url":"https:\/\/secure.gravatar.com\/avatar\/48e3fc7f8421ba8942be6b74a2b7f014ca39bc00dece156b7a8e098ae7dc87bf?s=96&d=mm&r=g","contentUrl":"https:\/\/secure.gravatar.com\/avatar\/48e3fc7f8421ba8942be6b74a2b7f014ca39bc00dece156b7a8e098ae7dc87bf?s=96&d=mm&r=g","caption":"C.K."},"url":"https:\/\/vosgesinfo.fr\/epinalinfo\/author\/celia-k-n\/"}]}},"_links":{"self":[{"href":"https:\/\/vosgesinfo.fr\/epinalinfo\/wp-json\/wp\/v2\/posts\/133109","targetHints":{"allow":["GET"]}}],"collection":[{"href":"https:\/\/vosgesinfo.fr\/epinalinfo\/wp-json\/wp\/v2\/posts"}],"about":[{"href":"https:\/\/vosgesinfo.fr\/epinalinfo\/wp-json\/wp\/v2\/types\/post"}],"author":[{"embeddable":true,"href":"https:\/\/vosgesinfo.fr\/epinalinfo\/wp-json\/wp\/v2\/users\/52"}],"replies":[{"embeddable":true,"href":"https:\/\/vosgesinfo.fr\/epinalinfo\/wp-json\/wp\/v2\/comments?post=133109"}],"version-history":[{"count":1,"href":"https:\/\/vosgesinfo.fr\/epinalinfo\/wp-json\/wp\/v2\/posts\/133109\/revisions"}],"predecessor-version":[{"id":133113,"href":"https:\/\/vosgesinfo.fr\/epinalinfo\/wp-json\/wp\/v2\/posts\/133109\/revisions\/133113"}],"wp:featuredmedia":[{"embeddable":true,"href":"https:\/\/vosgesinfo.fr\/epinalinfo\/wp-json\/wp\/v2\/media\/133110"}],"wp:attachment":[{"href":"https:\/\/vosgesinfo.fr\/epinalinfo\/wp-json\/wp\/v2\/media?parent=133109"}],"wp:term":[{"taxonomy":"category","embeddable":true,"href":"https:\/\/vosgesinfo.fr\/epinalinfo\/wp-json\/wp\/v2\/categories?post=133109"},{"taxonomy":"post_tag","embeddable":true,"href":"https:\/\/vosgesinfo.fr\/epinalinfo\/wp-json\/wp\/v2\/tags?post=133109"}],"curies":[{"name":"wp","href":"https:\/\/api.w.org\/{rel}","templated":true}]}}