{"id":133129,"date":"2025-06-22T14:40:01","date_gmt":"2025-06-22T12:40:01","guid":{"rendered":"https:\/\/vosgesinfo.fr\/epinalinfo\/?p=133129"},"modified":"2025-06-22T14:38:10","modified_gmt":"2025-06-22T12:38:10","slug":"la-fete-de-la-musique-embrase-les-rues-depinal-sous-un-soleil-estival-2","status":"publish","type":"post","link":"https:\/\/vosgesinfo.fr\/epinalinfo\/2025\/06\/la-fete-de-la-musique-embrase-les-rues-depinal-sous-un-soleil-estival-2\/","title":{"rendered":"La F\u00eate de la Musique embrase les rues d\u2019\u00c9pinal sous un soleil estival"},"content":{"rendered":"<div id=\"attachment_133130\" style=\"width: 1075px\" class=\"wp-caption aligncenter\"><a href=\"https:\/\/vosgesinfo.fr\/app\/uploads\/sites\/3\/2025\/06\/capture-decran-2025-06-22-143638.jpg\"><img decoding=\"async\" aria-describedby=\"caption-attachment-133130\" class=\"size-full wp-image-133130\" src=\"https:\/\/vosgesinfo.fr\/app\/uploads\/sites\/3\/2025\/06\/capture-decran-2025-06-22-143638.jpg\" alt=\"\" width=\"1065\" height=\"599\" srcset=\"https:\/\/vosgesinfo.fr\/app\/uploads\/sites\/3\/2025\/06\/capture-decran-2025-06-22-143638.jpg 1065w, https:\/\/vosgesinfo.fr\/app\/uploads\/sites\/3\/2025\/06\/capture-decran-2025-06-22-143638-300x169.jpg 300w, https:\/\/vosgesinfo.fr\/app\/uploads\/sites\/3\/2025\/06\/capture-decran-2025-06-22-143638-1024x576.jpg 1024w, https:\/\/vosgesinfo.fr\/app\/uploads\/sites\/3\/2025\/06\/capture-decran-2025-06-22-143638-768x432.jpg 768w\" sizes=\"(max-width: 1065px) 100vw, 1065px\" \/><\/a><p id=\"caption-attachment-133130\" class=\"wp-caption-text\">photo St\u00e9phane Calmels<\/p><\/div>\n<h2 data-start=\"151\" data-end=\"556\"><strong>\u00c9pinal n\u2019a pas manqu\u00e9 le rendez-vous incontournable du d\u00e9but d\u2019\u00e9t\u00e9. Ce samedi 21 juin, la F\u00eate de la Musique a envahi la ville, port\u00e9e par un soleil g\u00e9n\u00e9reux et des temp\u00e9ratures dignes de la saison. De la fin de journ\u00e9e jusqu\u2019\u00e0 tard dans la nuit, les m\u00e9lomanes de tous horizons ont pu profiter d\u2019une ambiance festive et \u00e9clectique, o\u00f9 les genres musicaux se sont succ\u00e9d\u00e9 dans une parfaite harmonie.<\/strong><\/h2>\n<p data-start=\"558\" data-end=\"963\">Les rues, places et recoins d\u2019\u00c9pinal ont r\u00e9sonn\u00e9 au son d\u2019une programmation vari\u00e9e : de la pop \u00e0 la pop rock, du rock au heavy metal, en passant par l\u2019\u00e9lectro, la vari\u00e9t\u00e9 fran\u00e7aise&#8230; Il y en avait pour tous les go\u00fbts, et chaque public a trouv\u00e9 de quoi se r\u00e9jouir dans cette grande c\u00e9l\u00e9bration de la musique vivante.<\/p>\n<p data-start=\"965\" data-end=\"1269\">Les artistes, amateurs comme professionnels, ont donn\u00e9 le meilleur d\u2019eux-m\u00eames pour faire vibrer les spectateurs dans une ambiance conviviale et chaleureuse. Sc\u00e8nes improvis\u00e9es, concerts sur les terrasses\u2026 l\u2019esprit de la f\u00eate \u00e9tait bien pr\u00e9sent, avec une fr\u00e9quentation au rendez-vous.<\/p>\n<p data-start=\"1271\" data-end=\"1571\">Avec une m\u00e9t\u00e9o particuli\u00e8rement cl\u00e9mente, cette \u00e9dition 2025 s\u2019inscrit d\u2019ores et d\u00e9j\u00e0 comme l\u2019une des plus r\u00e9ussies de ces derni\u00e8res ann\u00e9es. La F\u00eate de la Musique \u00e0 \u00c9pinal a, une fois de plus, prouv\u00e9 que la passion pour la musique unit les g\u00e9n\u00e9rations et fait battre le c\u0153ur de la cit\u00e9 vosgienne.<\/p>\n\n\t\t<style type=\"text\/css\">\n\t\t\t#gallery-1 {\n\t\t\t\tmargin: auto;\n\t\t\t}\n\t\t\t#gallery-1 .gallery-item {\n\t\t\t\tfloat: left;\n\t\t\t\tmargin-top: 10px;\n\t\t\t\ttext-align: center;\n\t\t\t\twidth: 33%;\n\t\t\t}\n\t\t\t#gallery-1 img {\n\t\t\t\tborder: 2px solid #cfcfcf;\n\t\t\t}\n\t\t\t#gallery-1 .gallery-caption {\n\t\t\t\tmargin-left: 0;\n\t\t\t}\n\t\t\t\/* see gallery_shortcode() in wp-includes\/media.php *\/\n\t\t<\/style>\n\t\t<div id='gallery-1' class='gallery galleryid-133129 gallery-columns-3 gallery-size-large'><dl class='gallery-item'>\n\t\t\t<dt class='gallery-icon landscape'>\n\t\t\t\t<a href='https:\/\/vosgesinfo.fr\/app\/uploads\/sites\/3\/2025\/06\/thumbnail-fe\u0302te-de-la-muisique-2025-6-photo-ste\u0301phane-calmels.jpg'><img decoding=\"async\" width=\"1024\" height=\"523\" src=\"https:\/\/vosgesinfo.fr\/app\/uploads\/sites\/3\/2025\/06\/thumbnail-fe\u0302te-de-la-muisique-2025-6-photo-ste\u0301phane-calmels-1024x523.jpg\" class=\"attachment-large size-large\" alt=\"\" aria-describedby=\"gallery-1-133126\" srcset=\"https:\/\/vosgesinfo.fr\/app\/uploads\/sites\/3\/2025\/06\/thumbnail-fe\u0302te-de-la-muisique-2025-6-photo-ste\u0301phane-calmels-1024x523.jpg 1024w, https:\/\/vosgesinfo.fr\/app\/uploads\/sites\/3\/2025\/06\/thumbnail-fe\u0302te-de-la-muisique-2025-6-photo-ste\u0301phane-calmels-300x153.jpg 300w, https:\/\/vosgesinfo.fr\/app\/uploads\/sites\/3\/2025\/06\/thumbnail-fe\u0302te-de-la-muisique-2025-6-photo-ste\u0301phane-calmels-768x392.jpg 768w, https:\/\/vosgesinfo.fr\/app\/uploads\/sites\/3\/2025\/06\/thumbnail-fe\u0302te-de-la-muisique-2025-6-photo-ste\u0301phane-calmels.jpg 1200w\" sizes=\"(max-width: 1024px) 100vw, 1024px\" \/><\/a>\n\t\t\t<\/dt>\n\t\t\t\t<dd class='wp-caption-text gallery-caption' id='gallery-1-133126'>\n\t\t\t\tphoto St\u00e9phane Calmels\n\t\t\t\t<\/dd><\/dl><dl class='gallery-item'>\n\t\t\t<dt class='gallery-icon landscape'>\n\t\t\t\t<a href='https:\/\/vosgesinfo.fr\/app\/uploads\/sites\/3\/2025\/06\/thumbnail-fe\u0302te-de-la-muisique-2025-5-photo-ste\u0301phane-calmels.jpg'><img decoding=\"async\" width=\"1024\" height=\"523\" src=\"https:\/\/vosgesinfo.fr\/app\/uploads\/sites\/3\/2025\/06\/thumbnail-fe\u0302te-de-la-muisique-2025-5-photo-ste\u0301phane-calmels-1024x523.jpg\" class=\"attachment-large size-large\" alt=\"\" aria-describedby=\"gallery-1-133125\" srcset=\"https:\/\/vosgesinfo.fr\/app\/uploads\/sites\/3\/2025\/06\/thumbnail-fe\u0302te-de-la-muisique-2025-5-photo-ste\u0301phane-calmels-1024x523.jpg 1024w, https:\/\/vosgesinfo.fr\/app\/uploads\/sites\/3\/2025\/06\/thumbnail-fe\u0302te-de-la-muisique-2025-5-photo-ste\u0301phane-calmels-300x153.jpg 300w, https:\/\/vosgesinfo.fr\/app\/uploads\/sites\/3\/2025\/06\/thumbnail-fe\u0302te-de-la-muisique-2025-5-photo-ste\u0301phane-calmels-768x392.jpg 768w, https:\/\/vosgesinfo.fr\/app\/uploads\/sites\/3\/2025\/06\/thumbnail-fe\u0302te-de-la-muisique-2025-5-photo-ste\u0301phane-calmels.jpg 1200w\" sizes=\"(max-width: 1024px) 100vw, 1024px\" \/><\/a>\n\t\t\t<\/dt>\n\t\t\t\t<dd class='wp-caption-text gallery-caption' id='gallery-1-133125'>\n\t\t\t\tphoto St\u00e9phane Calmels\n\t\t\t\t<\/dd><\/dl><dl class='gallery-item'>\n\t\t\t<dt class='gallery-icon landscape'>\n\t\t\t\t<a href='https:\/\/vosgesinfo.fr\/app\/uploads\/sites\/3\/2025\/06\/thumbnail-fe\u0302te-de-la-muisique-2025-3-photo-ste\u0301phane-calmels.jpg'><img decoding=\"async\" width=\"1024\" height=\"523\" src=\"https:\/\/vosgesinfo.fr\/app\/uploads\/sites\/3\/2025\/06\/thumbnail-fe\u0302te-de-la-muisique-2025-3-photo-ste\u0301phane-calmels-1024x523.jpg\" class=\"attachment-large size-large\" alt=\"\" aria-describedby=\"gallery-1-133124\" srcset=\"https:\/\/vosgesinfo.fr\/app\/uploads\/sites\/3\/2025\/06\/thumbnail-fe\u0302te-de-la-muisique-2025-3-photo-ste\u0301phane-calmels-1024x523.jpg 1024w, https:\/\/vosgesinfo.fr\/app\/uploads\/sites\/3\/2025\/06\/thumbnail-fe\u0302te-de-la-muisique-2025-3-photo-ste\u0301phane-calmels-300x153.jpg 300w, https:\/\/vosgesinfo.fr\/app\/uploads\/sites\/3\/2025\/06\/thumbnail-fe\u0302te-de-la-muisique-2025-3-photo-ste\u0301phane-calmels-768x392.jpg 768w, https:\/\/vosgesinfo.fr\/app\/uploads\/sites\/3\/2025\/06\/thumbnail-fe\u0302te-de-la-muisique-2025-3-photo-ste\u0301phane-calmels.jpg 1200w\" sizes=\"(max-width: 1024px) 100vw, 1024px\" \/><\/a>\n\t\t\t<\/dt>\n\t\t\t\t<dd class='wp-caption-text gallery-caption' id='gallery-1-133124'>\n\t\t\t\tphoto St\u00e9phane Calmels\n\t\t\t\t<\/dd><\/dl><br style=\"clear: both\" \/><dl class='gallery-item'>\n\t\t\t<dt class='gallery-icon landscape'>\n\t\t\t\t<a href='https:\/\/vosgesinfo.fr\/app\/uploads\/sites\/3\/2025\/06\/thumbnail-fe\u0302te-de-la-muisique-2025-7-photo-ste\u0301phane-calmels.jpg'><img decoding=\"async\" width=\"1024\" height=\"523\" src=\"https:\/\/vosgesinfo.fr\/app\/uploads\/sites\/3\/2025\/06\/thumbnail-fe\u0302te-de-la-muisique-2025-7-photo-ste\u0301phane-calmels-1024x523.jpg\" class=\"attachment-large size-large\" alt=\"\" aria-describedby=\"gallery-1-133127\" srcset=\"https:\/\/vosgesinfo.fr\/app\/uploads\/sites\/3\/2025\/06\/thumbnail-fe\u0302te-de-la-muisique-2025-7-photo-ste\u0301phane-calmels-1024x523.jpg 1024w, https:\/\/vosgesinfo.fr\/app\/uploads\/sites\/3\/2025\/06\/thumbnail-fe\u0302te-de-la-muisique-2025-7-photo-ste\u0301phane-calmels-300x153.jpg 300w, https:\/\/vosgesinfo.fr\/app\/uploads\/sites\/3\/2025\/06\/thumbnail-fe\u0302te-de-la-muisique-2025-7-photo-ste\u0301phane-calmels-768x392.jpg 768w, https:\/\/vosgesinfo.fr\/app\/uploads\/sites\/3\/2025\/06\/thumbnail-fe\u0302te-de-la-muisique-2025-7-photo-ste\u0301phane-calmels.jpg 1200w\" sizes=\"(max-width: 1024px) 100vw, 1024px\" \/><\/a>\n\t\t\t<\/dt>\n\t\t\t\t<dd class='wp-caption-text gallery-caption' id='gallery-1-133127'>\n\t\t\t\tphoto St\u00e9phane Calmels\n\t\t\t\t<\/dd><\/dl><dl class='gallery-item'>\n\t\t\t<dt class='gallery-icon landscape'>\n\t\t\t\t<a href='https:\/\/vosgesinfo.fr\/app\/uploads\/sites\/3\/2025\/06\/thumbnail-fe\u0302te-de-la-muisique-2025-1-photo-ste\u0301phane-calmels.jpg'><img decoding=\"async\" width=\"1024\" height=\"523\" src=\"https:\/\/vosgesinfo.fr\/app\/uploads\/sites\/3\/2025\/06\/thumbnail-fe\u0302te-de-la-muisique-2025-1-photo-ste\u0301phane-calmels-1024x523.jpg\" class=\"attachment-large size-large\" alt=\"\" aria-describedby=\"gallery-1-133123\" srcset=\"https:\/\/vosgesinfo.fr\/app\/uploads\/sites\/3\/2025\/06\/thumbnail-fe\u0302te-de-la-muisique-2025-1-photo-ste\u0301phane-calmels-1024x523.jpg 1024w, https:\/\/vosgesinfo.fr\/app\/uploads\/sites\/3\/2025\/06\/thumbnail-fe\u0302te-de-la-muisique-2025-1-photo-ste\u0301phane-calmels-300x153.jpg 300w, https:\/\/vosgesinfo.fr\/app\/uploads\/sites\/3\/2025\/06\/thumbnail-fe\u0302te-de-la-muisique-2025-1-photo-ste\u0301phane-calmels-768x392.jpg 768w, https:\/\/vosgesinfo.fr\/app\/uploads\/sites\/3\/2025\/06\/thumbnail-fe\u0302te-de-la-muisique-2025-1-photo-ste\u0301phane-calmels.jpg 1200w\" sizes=\"(max-width: 1024px) 100vw, 1024px\" \/><\/a>\n\t\t\t<\/dt>\n\t\t\t\t<dd class='wp-caption-text gallery-caption' id='gallery-1-133123'>\n\t\t\t\tphoto St\u00e9phane Calmels\n\t\t\t\t<\/dd><\/dl><dl class='gallery-item'>\n\t\t\t<dt class='gallery-icon landscape'>\n\t\t\t\t<a href='https:\/\/vosgesinfo.fr\/app\/uploads\/sites\/3\/2025\/06\/thumbnail-fe\u0302te-de-la-muisique-2025-4-photo-ste\u0301phane-calmels.jpg'><img decoding=\"async\" width=\"1024\" height=\"523\" src=\"https:\/\/vosgesinfo.fr\/app\/uploads\/sites\/3\/2025\/06\/thumbnail-fe\u0302te-de-la-muisique-2025-4-photo-ste\u0301phane-calmels-1024x523.jpg\" class=\"attachment-large size-large\" alt=\"\" aria-describedby=\"gallery-1-133122\" srcset=\"https:\/\/vosgesinfo.fr\/app\/uploads\/sites\/3\/2025\/06\/thumbnail-fe\u0302te-de-la-muisique-2025-4-photo-ste\u0301phane-calmels-1024x523.jpg 1024w, https:\/\/vosgesinfo.fr\/app\/uploads\/sites\/3\/2025\/06\/thumbnail-fe\u0302te-de-la-muisique-2025-4-photo-ste\u0301phane-calmels-300x153.jpg 300w, https:\/\/vosgesinfo.fr\/app\/uploads\/sites\/3\/2025\/06\/thumbnail-fe\u0302te-de-la-muisique-2025-4-photo-ste\u0301phane-calmels-768x392.jpg 768w, https:\/\/vosgesinfo.fr\/app\/uploads\/sites\/3\/2025\/06\/thumbnail-fe\u0302te-de-la-muisique-2025-4-photo-ste\u0301phane-calmels.jpg 1200w\" sizes=\"(max-width: 1024px) 100vw, 1024px\" \/><\/a>\n\t\t\t<\/dt>\n\t\t\t\t<dd class='wp-caption-text gallery-caption' id='gallery-1-133122'>\n\t\t\t\tphoto St\u00e9phane Calmels\n\t\t\t\t<\/dd><\/dl><br style=\"clear: both\" \/>\n\t\t<\/div>\n\n","protected":false},"excerpt":{"rendered":"<p>\u00c9pinal n\u2019a pas manqu\u00e9 le rendez-vous incontournable du d\u00e9but d\u2019\u00e9t\u00e9. Ce samedi 21 juin, la F\u00eate de la Musique a [&hellip;]<\/p>\n","protected":false},"author":52,"featured_media":133130,"comment_status":"open","ping_status":"open","sticky":false,"template":"","format":"standard","meta":{"footnotes":""},"categories":[22,24],"tags":[],"class_list":["post-133129","post","type-post","status-publish","format-standard","has-post-thumbnail","hentry","category-a-la-une","category-epinal"],"acf":[],"yoast_head":"<!-- This site is optimized with the Yoast SEO plugin v22.5 - https:\/\/yoast.com\/wordpress\/plugins\/seo\/ -->\n<title>La F\u00eate de la Musique embrase les rues d\u2019\u00c9pinal sous un soleil estival - Epinal Info<\/title>\n<meta name=\"robots\" content=\"index, follow, max-snippet:-1, max-image-preview:large, max-video-preview:-1\" \/>\n<link rel=\"canonical\" href=\"https:\/\/vosgesinfo.fr\/epinalinfo\/2025\/06\/la-fete-de-la-musique-embrase-les-rues-depinal-sous-un-soleil-estival-2\/\" \/>\n<meta name=\"twitter:card\" content=\"summary_large_image\" \/>\n<meta name=\"twitter:title\" content=\"La F\u00eate de la Musique embrase les rues d\u2019\u00c9pinal sous un soleil estival - Epinal Info\" \/>\n<meta name=\"twitter:description\" content=\"\u00c9pinal n\u2019a pas manqu\u00e9 le rendez-vous incontournable du d\u00e9but d\u2019\u00e9t\u00e9. Ce samedi 21 juin, la F\u00eate de la Musique a [&hellip;]\" \/>\n<meta name=\"twitter:image\" content=\"https:\/\/vosgesinfo.fr\/app\/uploads\/sites\/3\/2025\/06\/capture-decran-2025-06-22-143638.jpg\" \/>\n<meta name=\"twitter:creator\" content=\"@VosgesInfo88\" \/>\n<meta name=\"twitter:site\" content=\"@VosgesInfo88\" \/>\n<meta name=\"twitter:label1\" content=\"\u00c9crit par\" \/>\n\t<meta name=\"twitter:data1\" content=\"C.K.\" \/>\n\t<meta name=\"twitter:label2\" content=\"Dur\u00e9e de lecture estim\u00e9e\" \/>\n\t<meta name=\"twitter:data2\" content=\"1 minute\" \/>\n<script type=\"application\/ld+json\" class=\"yoast-schema-graph\">{\"@context\":\"https:\/\/schema.org\",\"@graph\":[{\"@type\":\"Article\",\"@id\":\"https:\/\/vosgesinfo.fr\/epinalinfo\/2025\/06\/la-fete-de-la-musique-embrase-les-rues-depinal-sous-un-soleil-estival-2\/#article\",\"isPartOf\":{\"@id\":\"https:\/\/vosgesinfo.fr\/epinalinfo\/2025\/06\/la-fete-de-la-musique-embrase-les-rues-depinal-sous-un-soleil-estival-2\/\"},\"author\":{\"name\":\"C.K.\",\"@id\":\"https:\/\/vosgesinfo.fr\/epinalinfo\/#\/schema\/person\/6f9a650eeea99d969b6c4ab78fccbe81\"},\"headline\":\"La F\u00eate de la Musique embrase les rues d\u2019\u00c9pinal sous un soleil estival\",\"datePublished\":\"2025-06-22T12:40:01+00:00\",\"dateModified\":\"2025-06-22T12:38:10+00:00\",\"mainEntityOfPage\":{\"@id\":\"https:\/\/vosgesinfo.fr\/epinalinfo\/2025\/06\/la-fete-de-la-musique-embrase-les-rues-depinal-sous-un-soleil-estival-2\/\"},\"wordCount\":291,\"commentCount\":0,\"publisher\":{\"@id\":\"https:\/\/vosgesinfo.fr\/epinalinfo\/#organization\"},\"image\":{\"@id\":\"https:\/\/vosgesinfo.fr\/epinalinfo\/2025\/06\/la-fete-de-la-musique-embrase-les-rues-depinal-sous-un-soleil-estival-2\/#primaryimage\"},\"thumbnailUrl\":\"https:\/\/vosgesinfo.fr\/app\/uploads\/sites\/3\/2025\/06\/capture-decran-2025-06-22-143638.jpg\",\"articleSection\":[\"A la Une\",\"Epinal\"],\"inLanguage\":\"fr-FR\",\"potentialAction\":[{\"@type\":\"CommentAction\",\"name\":\"Comment\",\"target\":[\"https:\/\/vosgesinfo.fr\/epinalinfo\/2025\/06\/la-fete-de-la-musique-embrase-les-rues-depinal-sous-un-soleil-estival-2\/#respond\"]}]},{\"@type\":\"WebPage\",\"@id\":\"https:\/\/vosgesinfo.fr\/epinalinfo\/2025\/06\/la-fete-de-la-musique-embrase-les-rues-depinal-sous-un-soleil-estival-2\/\",\"url\":\"https:\/\/vosgesinfo.fr\/epinalinfo\/2025\/06\/la-fete-de-la-musique-embrase-les-rues-depinal-sous-un-soleil-estival-2\/\",\"name\":\"La F\u00eate de la Musique embrase les rues d\u2019\u00c9pinal sous un soleil estival - Epinal Info\",\"isPartOf\":{\"@id\":\"https:\/\/vosgesinfo.fr\/epinalinfo\/#website\"},\"primaryImageOfPage\":{\"@id\":\"https:\/\/vosgesinfo.fr\/epinalinfo\/2025\/06\/la-fete-de-la-musique-embrase-les-rues-depinal-sous-un-soleil-estival-2\/#primaryimage\"},\"image\":{\"@id\":\"https:\/\/vosgesinfo.fr\/epinalinfo\/2025\/06\/la-fete-de-la-musique-embrase-les-rues-depinal-sous-un-soleil-estival-2\/#primaryimage\"},\"thumbnailUrl\":\"https:\/\/vosgesinfo.fr\/app\/uploads\/sites\/3\/2025\/06\/capture-decran-2025-06-22-143638.jpg\",\"datePublished\":\"2025-06-22T12:40:01+00:00\",\"dateModified\":\"2025-06-22T12:38:10+00:00\",\"breadcrumb\":{\"@id\":\"https:\/\/vosgesinfo.fr\/epinalinfo\/2025\/06\/la-fete-de-la-musique-embrase-les-rues-depinal-sous-un-soleil-estival-2\/#breadcrumb\"},\"inLanguage\":\"fr-FR\",\"potentialAction\":[{\"@type\":\"ReadAction\",\"target\":[\"https:\/\/vosgesinfo.fr\/epinalinfo\/2025\/06\/la-fete-de-la-musique-embrase-les-rues-depinal-sous-un-soleil-estival-2\/\"]}]},{\"@type\":\"ImageObject\",\"inLanguage\":\"fr-FR\",\"@id\":\"https:\/\/vosgesinfo.fr\/epinalinfo\/2025\/06\/la-fete-de-la-musique-embrase-les-rues-depinal-sous-un-soleil-estival-2\/#primaryimage\",\"url\":\"https:\/\/vosgesinfo.fr\/app\/uploads\/sites\/3\/2025\/06\/capture-decran-2025-06-22-143638.jpg\",\"contentUrl\":\"https:\/\/vosgesinfo.fr\/app\/uploads\/sites\/3\/2025\/06\/capture-decran-2025-06-22-143638.jpg\",\"width\":1065,\"height\":599,\"caption\":\"photo St\u00e9phane Calmels\"},{\"@type\":\"BreadcrumbList\",\"@id\":\"https:\/\/vosgesinfo.fr\/epinalinfo\/2025\/06\/la-fete-de-la-musique-embrase-les-rues-depinal-sous-un-soleil-estival-2\/#breadcrumb\",\"itemListElement\":[{\"@type\":\"ListItem\",\"position\":1,\"name\":\"Home\",\"item\":\"https:\/\/vosgesinfo.fr\/epinalinfo\/\"},{\"@type\":\"ListItem\",\"position\":2,\"name\":\"La F\u00eate de la Musique embrase les rues d\u2019\u00c9pinal sous un soleil estival\"}]},{\"@type\":\"WebSite\",\"@id\":\"https:\/\/vosgesinfo.fr\/epinalinfo\/#website\",\"url\":\"https:\/\/vosgesinfo.fr\/epinalinfo\/\",\"name\":\"Epinal Info\",\"description\":\"Toute l&#039;actualit\u00e9 d&#039;\u00c9pinal\",\"publisher\":{\"@id\":\"https:\/\/vosgesinfo.fr\/epinalinfo\/#organization\"},\"alternateName\":\"Toute l'actualit\u00e9 d'\u00c9pinal\",\"potentialAction\":[{\"@type\":\"SearchAction\",\"target\":{\"@type\":\"EntryPoint\",\"urlTemplate\":\"https:\/\/vosgesinfo.fr\/epinalinfo\/?s={search_term_string}\"},\"query-input\":\"required name=search_term_string\"}],\"inLanguage\":\"fr-FR\"},{\"@type\":\"Organization\",\"@id\":\"https:\/\/vosgesinfo.fr\/epinalinfo\/#organization\",\"name\":\"Epinal Info\",\"url\":\"https:\/\/vosgesinfo.fr\/epinalinfo\/\",\"logo\":{\"@type\":\"ImageObject\",\"inLanguage\":\"fr-FR\",\"@id\":\"https:\/\/vosgesinfo.fr\/epinalinfo\/#\/schema\/logo\/image\/\",\"url\":\"https:\/\/vosgesinfo.fr\/app\/uploads\/sites\/3\/2023\/08\/logo-epinalinfos.svg\",\"contentUrl\":\"https:\/\/vosgesinfo.fr\/app\/uploads\/sites\/3\/2023\/08\/logo-epinalinfos.svg\",\"width\":1,\"height\":1,\"caption\":\"Epinal Info\"},\"image\":{\"@id\":\"https:\/\/vosgesinfo.fr\/epinalinfo\/#\/schema\/logo\/image\/\"},\"sameAs\":[\"https:\/\/www.facebook.com\/Epinalinfos\",\"https:\/\/x.com\/VosgesInfo88\",\"https:\/\/www.youtube.com\/@vosgesinfo\"]},{\"@type\":\"Person\",\"@id\":\"https:\/\/vosgesinfo.fr\/epinalinfo\/#\/schema\/person\/6f9a650eeea99d969b6c4ab78fccbe81\",\"name\":\"C.K.\",\"image\":{\"@type\":\"ImageObject\",\"inLanguage\":\"fr-FR\",\"@id\":\"https:\/\/vosgesinfo.fr\/epinalinfo\/#\/schema\/person\/image\/\",\"url\":\"https:\/\/secure.gravatar.com\/avatar\/48e3fc7f8421ba8942be6b74a2b7f014ca39bc00dece156b7a8e098ae7dc87bf?s=96&d=mm&r=g\",\"contentUrl\":\"https:\/\/secure.gravatar.com\/avatar\/48e3fc7f8421ba8942be6b74a2b7f014ca39bc00dece156b7a8e098ae7dc87bf?s=96&d=mm&r=g\",\"caption\":\"C.K.\"},\"url\":\"https:\/\/vosgesinfo.fr\/epinalinfo\/author\/celia-k-n\/\"}]}<\/script>\n<!-- \/ Yoast SEO plugin. -->","yoast_head_json":{"title":"La F\u00eate de la Musique embrase les rues d\u2019\u00c9pinal sous un soleil estival - Epinal Info","robots":{"index":"index","follow":"follow","max-snippet":"max-snippet:-1","max-image-preview":"max-image-preview:large","max-video-preview":"max-video-preview:-1"},"canonical":"https:\/\/vosgesinfo.fr\/epinalinfo\/2025\/06\/la-fete-de-la-musique-embrase-les-rues-depinal-sous-un-soleil-estival-2\/","twitter_card":"summary_large_image","twitter_title":"La F\u00eate de la Musique embrase les rues d\u2019\u00c9pinal sous un soleil estival - Epinal Info","twitter_description":"\u00c9pinal n\u2019a pas manqu\u00e9 le rendez-vous incontournable du d\u00e9but d\u2019\u00e9t\u00e9. Ce samedi 21 juin, la F\u00eate de la Musique a [&hellip;]","twitter_image":"https:\/\/vosgesinfo.fr\/app\/uploads\/sites\/3\/2025\/06\/capture-decran-2025-06-22-143638.jpg","twitter_creator":"@VosgesInfo88","twitter_site":"@VosgesInfo88","twitter_misc":{"\u00c9crit par":"C.K.","Dur\u00e9e de lecture estim\u00e9e":"1 minute"},"schema":{"@context":"https:\/\/schema.org","@graph":[{"@type":"Article","@id":"https:\/\/vosgesinfo.fr\/epinalinfo\/2025\/06\/la-fete-de-la-musique-embrase-les-rues-depinal-sous-un-soleil-estival-2\/#article","isPartOf":{"@id":"https:\/\/vosgesinfo.fr\/epinalinfo\/2025\/06\/la-fete-de-la-musique-embrase-les-rues-depinal-sous-un-soleil-estival-2\/"},"author":{"name":"C.K.","@id":"https:\/\/vosgesinfo.fr\/epinalinfo\/#\/schema\/person\/6f9a650eeea99d969b6c4ab78fccbe81"},"headline":"La F\u00eate de la Musique embrase les rues d\u2019\u00c9pinal sous un soleil estival","datePublished":"2025-06-22T12:40:01+00:00","dateModified":"2025-06-22T12:38:10+00:00","mainEntityOfPage":{"@id":"https:\/\/vosgesinfo.fr\/epinalinfo\/2025\/06\/la-fete-de-la-musique-embrase-les-rues-depinal-sous-un-soleil-estival-2\/"},"wordCount":291,"commentCount":0,"publisher":{"@id":"https:\/\/vosgesinfo.fr\/epinalinfo\/#organization"},"image":{"@id":"https:\/\/vosgesinfo.fr\/epinalinfo\/2025\/06\/la-fete-de-la-musique-embrase-les-rues-depinal-sous-un-soleil-estival-2\/#primaryimage"},"thumbnailUrl":"https:\/\/vosgesinfo.fr\/app\/uploads\/sites\/3\/2025\/06\/capture-decran-2025-06-22-143638.jpg","articleSection":["A la Une","Epinal"],"inLanguage":"fr-FR","potentialAction":[{"@type":"CommentAction","name":"Comment","target":["https:\/\/vosgesinfo.fr\/epinalinfo\/2025\/06\/la-fete-de-la-musique-embrase-les-rues-depinal-sous-un-soleil-estival-2\/#respond"]}]},{"@type":"WebPage","@id":"https:\/\/vosgesinfo.fr\/epinalinfo\/2025\/06\/la-fete-de-la-musique-embrase-les-rues-depinal-sous-un-soleil-estival-2\/","url":"https:\/\/vosgesinfo.fr\/epinalinfo\/2025\/06\/la-fete-de-la-musique-embrase-les-rues-depinal-sous-un-soleil-estival-2\/","name":"La F\u00eate de la Musique embrase les rues d\u2019\u00c9pinal sous un soleil estival - Epinal Info","isPartOf":{"@id":"https:\/\/vosgesinfo.fr\/epinalinfo\/#website"},"primaryImageOfPage":{"@id":"https:\/\/vosgesinfo.fr\/epinalinfo\/2025\/06\/la-fete-de-la-musique-embrase-les-rues-depinal-sous-un-soleil-estival-2\/#primaryimage"},"image":{"@id":"https:\/\/vosgesinfo.fr\/epinalinfo\/2025\/06\/la-fete-de-la-musique-embrase-les-rues-depinal-sous-un-soleil-estival-2\/#primaryimage"},"thumbnailUrl":"https:\/\/vosgesinfo.fr\/app\/uploads\/sites\/3\/2025\/06\/capture-decran-2025-06-22-143638.jpg","datePublished":"2025-06-22T12:40:01+00:00","dateModified":"2025-06-22T12:38:10+00:00","breadcrumb":{"@id":"https:\/\/vosgesinfo.fr\/epinalinfo\/2025\/06\/la-fete-de-la-musique-embrase-les-rues-depinal-sous-un-soleil-estival-2\/#breadcrumb"},"inLanguage":"fr-FR","potentialAction":[{"@type":"ReadAction","target":["https:\/\/vosgesinfo.fr\/epinalinfo\/2025\/06\/la-fete-de-la-musique-embrase-les-rues-depinal-sous-un-soleil-estival-2\/"]}]},{"@type":"ImageObject","inLanguage":"fr-FR","@id":"https:\/\/vosgesinfo.fr\/epinalinfo\/2025\/06\/la-fete-de-la-musique-embrase-les-rues-depinal-sous-un-soleil-estival-2\/#primaryimage","url":"https:\/\/vosgesinfo.fr\/app\/uploads\/sites\/3\/2025\/06\/capture-decran-2025-06-22-143638.jpg","contentUrl":"https:\/\/vosgesinfo.fr\/app\/uploads\/sites\/3\/2025\/06\/capture-decran-2025-06-22-143638.jpg","width":1065,"height":599,"caption":"photo St\u00e9phane Calmels"},{"@type":"BreadcrumbList","@id":"https:\/\/vosgesinfo.fr\/epinalinfo\/2025\/06\/la-fete-de-la-musique-embrase-les-rues-depinal-sous-un-soleil-estival-2\/#breadcrumb","itemListElement":[{"@type":"ListItem","position":1,"name":"Home","item":"https:\/\/vosgesinfo.fr\/epinalinfo\/"},{"@type":"ListItem","position":2,"name":"La F\u00eate de la Musique embrase les rues d\u2019\u00c9pinal sous un soleil estival"}]},{"@type":"WebSite","@id":"https:\/\/vosgesinfo.fr\/epinalinfo\/#website","url":"https:\/\/vosgesinfo.fr\/epinalinfo\/","name":"Epinal Info","description":"Toute l&#039;actualit\u00e9 d&#039;\u00c9pinal","publisher":{"@id":"https:\/\/vosgesinfo.fr\/epinalinfo\/#organization"},"alternateName":"Toute l'actualit\u00e9 d'\u00c9pinal","potentialAction":[{"@type":"SearchAction","target":{"@type":"EntryPoint","urlTemplate":"https:\/\/vosgesinfo.fr\/epinalinfo\/?s={search_term_string}"},"query-input":"required name=search_term_string"}],"inLanguage":"fr-FR"},{"@type":"Organization","@id":"https:\/\/vosgesinfo.fr\/epinalinfo\/#organization","name":"Epinal Info","url":"https:\/\/vosgesinfo.fr\/epinalinfo\/","logo":{"@type":"ImageObject","inLanguage":"fr-FR","@id":"https:\/\/vosgesinfo.fr\/epinalinfo\/#\/schema\/logo\/image\/","url":"https:\/\/vosgesinfo.fr\/app\/uploads\/sites\/3\/2023\/08\/logo-epinalinfos.svg","contentUrl":"https:\/\/vosgesinfo.fr\/app\/uploads\/sites\/3\/2023\/08\/logo-epinalinfos.svg","width":1,"height":1,"caption":"Epinal Info"},"image":{"@id":"https:\/\/vosgesinfo.fr\/epinalinfo\/#\/schema\/logo\/image\/"},"sameAs":["https:\/\/www.facebook.com\/Epinalinfos","https:\/\/x.com\/VosgesInfo88","https:\/\/www.youtube.com\/@vosgesinfo"]},{"@type":"Person","@id":"https:\/\/vosgesinfo.fr\/epinalinfo\/#\/schema\/person\/6f9a650eeea99d969b6c4ab78fccbe81","name":"C.K.","image":{"@type":"ImageObject","inLanguage":"fr-FR","@id":"https:\/\/vosgesinfo.fr\/epinalinfo\/#\/schema\/person\/image\/","url":"https:\/\/secure.gravatar.com\/avatar\/48e3fc7f8421ba8942be6b74a2b7f014ca39bc00dece156b7a8e098ae7dc87bf?s=96&d=mm&r=g","contentUrl":"https:\/\/secure.gravatar.com\/avatar\/48e3fc7f8421ba8942be6b74a2b7f014ca39bc00dece156b7a8e098ae7dc87bf?s=96&d=mm&r=g","caption":"C.K."},"url":"https:\/\/vosgesinfo.fr\/epinalinfo\/author\/celia-k-n\/"}]}},"_links":{"self":[{"href":"https:\/\/vosgesinfo.fr\/epinalinfo\/wp-json\/wp\/v2\/posts\/133129","targetHints":{"allow":["GET"]}}],"collection":[{"href":"https:\/\/vosgesinfo.fr\/epinalinfo\/wp-json\/wp\/v2\/posts"}],"about":[{"href":"https:\/\/vosgesinfo.fr\/epinalinfo\/wp-json\/wp\/v2\/types\/post"}],"author":[{"embeddable":true,"href":"https:\/\/vosgesinfo.fr\/epinalinfo\/wp-json\/wp\/v2\/users\/52"}],"replies":[{"embeddable":true,"href":"https:\/\/vosgesinfo.fr\/epinalinfo\/wp-json\/wp\/v2\/comments?post=133129"}],"version-history":[{"count":1,"href":"https:\/\/vosgesinfo.fr\/epinalinfo\/wp-json\/wp\/v2\/posts\/133129\/revisions"}],"predecessor-version":[{"id":133131,"href":"https:\/\/vosgesinfo.fr\/epinalinfo\/wp-json\/wp\/v2\/posts\/133129\/revisions\/133131"}],"wp:featuredmedia":[{"embeddable":true,"href":"https:\/\/vosgesinfo.fr\/epinalinfo\/wp-json\/wp\/v2\/media\/133130"}],"wp:attachment":[{"href":"https:\/\/vosgesinfo.fr\/epinalinfo\/wp-json\/wp\/v2\/media?parent=133129"}],"wp:term":[{"taxonomy":"category","embeddable":true,"href":"https:\/\/vosgesinfo.fr\/epinalinfo\/wp-json\/wp\/v2\/categories?post=133129"},{"taxonomy":"post_tag","embeddable":true,"href":"https:\/\/vosgesinfo.fr\/epinalinfo\/wp-json\/wp\/v2\/tags?post=133129"}],"curies":[{"name":"wp","href":"https:\/\/api.w.org\/{rel}","templated":true}]}}