{"id":133132,"date":"2025-06-23T07:00:24","date_gmt":"2025-06-23T05:00:24","guid":{"rendered":"https:\/\/vosgesinfo.fr\/epinalinfo\/?p=133132"},"modified":"2025-06-22T14:52:17","modified_gmt":"2025-06-22T12:52:17","slug":"tempsdanses-brille-au-grand-prix-de-france-et-prepare-son-gala-avec-passion","status":"publish","type":"post","link":"https:\/\/vosgesinfo.fr\/epinalinfo\/2025\/06\/tempsdanses-brille-au-grand-prix-de-france-et-prepare-son-gala-avec-passion\/","title":{"rendered":"TEMPSDANSES brille au Grand Prix de France et pr\u00e9pare son gala avec passion"},"content":{"rendered":"<div id=\"attachment_133133\" style=\"width: 1489px\" class=\"wp-caption aligncenter\"><a href=\"https:\/\/vosgesinfo.fr\/app\/uploads\/sites\/3\/2025\/06\/capture-decran-2025-06-22-145022.jpg\"><img decoding=\"async\" aria-describedby=\"caption-attachment-133133\" class=\"size-full wp-image-133133\" src=\"https:\/\/vosgesinfo.fr\/app\/uploads\/sites\/3\/2025\/06\/capture-decran-2025-06-22-145022.jpg\" alt=\"\" width=\"1479\" height=\"896\" srcset=\"https:\/\/vosgesinfo.fr\/app\/uploads\/sites\/3\/2025\/06\/capture-decran-2025-06-22-145022.jpg 1479w, https:\/\/vosgesinfo.fr\/app\/uploads\/sites\/3\/2025\/06\/capture-decran-2025-06-22-145022-300x182.jpg 300w, https:\/\/vosgesinfo.fr\/app\/uploads\/sites\/3\/2025\/06\/capture-decran-2025-06-22-145022-1024x620.jpg 1024w, https:\/\/vosgesinfo.fr\/app\/uploads\/sites\/3\/2025\/06\/capture-decran-2025-06-22-145022-768x465.jpg 768w\" sizes=\"(max-width: 1479px) 100vw, 1479px\" \/><\/a><p id=\"caption-attachment-133133\" class=\"wp-caption-text\">photo Tempsdanses<\/p><\/div>\n<h2 data-start=\"207\" data-end=\"434\"><strong>Apr\u00e8s leurs magnifiques performances aux Championnats du Monde en Mac\u00e9doine en octobre dernier, les comp\u00e9titeurs du club TEMPSDANSES ont entam\u00e9 une nouvelle saison sous le signe du renouveau, de la passion et de la performance.<\/strong><\/h2>\n<p data-start=\"436\" data-end=\"857\">D\u00e8s f\u00e9vrier, \u00e0 Morestel, une \u00e9quipe restreinte du club avait d\u00e9j\u00e0 fait sensation en s\u2019illustrant dans toutes les cat\u00e9gories. Mais c\u2019est ce <strong data-start=\"575\" data-end=\"616\">samedi 14 juin, \u00e0 Saint-Romain-en-Gal<\/strong>, que le club a confirm\u00e9 sa place parmi les meilleurs, lors du <strong data-start=\"679\" data-end=\"721\">Grand Prix de France de Danse CFDJ-IDO<\/strong>. Pas moins de <strong data-start=\"736\" data-end=\"796\">42 danseurs \u2013 Kids, Juniors et Adultes \u2013 \u00e9taient en lice<\/strong>, emmen\u00e9s par leur directrice et fondatrice, <strong data-start=\"841\" data-end=\"856\">Ma\u00e9va Memic<\/strong>.<\/p>\n<blockquote data-start=\"859\" data-end=\"1070\">\n<p data-start=\"861\" data-end=\"1070\"><em data-start=\"861\" data-end=\"1056\">\u00ab\u00a0Cette saison n\u2019a pas \u00e9t\u00e9 simple \u00e0 d\u00e9marrer puisque j\u2019attendais un b\u00e9b\u00e9. J\u2019ai la chance d\u2019\u00eatre entour\u00e9e de coachs incroyables qui ont accept\u00e9 de me relayer et de prendre en charge les \u00e9quipes,\u00a0\u00bb<\/em> confie Ma\u00e9va.<\/p>\n<\/blockquote>\n<p data-start=\"1072\" data-end=\"1466\">Ce sont <strong data-start=\"1080\" data-end=\"1095\">Aude George<\/strong> et <strong data-start=\"1099\" data-end=\"1119\">Pauline Bischoff<\/strong> qui ont brillamment pris le relais, imaginant des chor\u00e9graphies de <strong data-start=\"1187\" data-end=\"1208\">Street Dance Show<\/strong> salu\u00e9es pour leur cr\u00e9ativit\u00e9 et leur puissance sc\u00e9nique. Le club a aussi fait appel au com\u00e9dien <strong data-start=\"1305\" data-end=\"1321\">Lo\u00efc Laurent<\/strong>, dont l\u2019expertise a permis d\u2019approfondir l\u2019aspect th\u00e9\u00e2tral des tableaux, pour renforcer l\u2019interpr\u00e9tation et l\u2019impact \u00e9motionnel des prestations.<\/p>\n<blockquote data-start=\"1468\" data-end=\"1702\">\n<p data-start=\"1470\" data-end=\"1702\"><em data-start=\"1470\" data-end=\"1686\">\u00ab\u00a0Nous avons compris \u00e0 quel point le <strong data-start=\"1507\" data-end=\"1516\">r\u00e9cit<\/strong> et l\u2019<strong data-start=\"1522\" data-end=\"1537\">incarnation<\/strong> sont essentiels. Cette saison, nous avons mis l\u2019accent sur la th\u00e9\u00e2tralit\u00e9, sur le <strong data-start=\"1620\" data-end=\"1639\">spectacle dans\u00e9<\/strong>, au-del\u00e0 de la simple performance technique,\u00a0\u00bb<\/em> poursuit Ma\u00e9va.<\/p>\n<\/blockquote>\n<h3 data-start=\"1704\" data-end=\"1742\"><strong data-start=\"1708\" data-end=\"1742\">Une \u00e9quipe en pleine \u00e9volution<\/strong><\/h3>\n<p data-start=\"1744\" data-end=\"2054\">Malgr\u00e9 les d\u00e9fis, la directrice a choisi de <strong data-start=\"1788\" data-end=\"1814\">faire grandir l\u2019\u00e9quipe<\/strong>. <strong data-start=\"1816\" data-end=\"1861\">Neuf Juniors, quatre Adultes et deux Kids<\/strong> ont ainsi \u00e9t\u00e9 int\u00e9gr\u00e9s \u00e0 la troupe, avec un objectif clair : les former \u00e0 la comp\u00e9tition. Certains ont m\u00eame go\u00fbt\u00e9 \u00e0 leur <strong data-start=\"1983\" data-end=\"2013\">premi\u00e8re exp\u00e9rience en duo<\/strong> sur sc\u00e8ne, un moment fort et prometteur.<\/p>\n<p data-start=\"2056\" data-end=\"2244\">Une formation <strong data-start=\"2070\" data-end=\"2104\">Hip-Hop Juniors de 24 danseurs<\/strong> a \u00e9galement vu le jour, et les r\u00e9sultats parlent d\u2019eux-m\u00eames : <strong data-start=\"2168\" data-end=\"2216\">victoires, podiums et prestations remarqu\u00e9es<\/strong> ont jalonn\u00e9 la comp\u00e9tition.<\/p>\n<h3 data-start=\"2246\" data-end=\"2277\"><strong data-start=\"2250\" data-end=\"2277\">Des r\u00e9sultats \u00e9loquents<\/strong><\/h3>\n<p data-start=\"2279\" data-end=\"2349\">Le palmar\u00e8s du Grand Prix de France t\u00e9moigne de l\u2019excellence du club :<\/p>\n<h4 data-start=\"2351\" data-end=\"2377\"><strong data-start=\"2356\" data-end=\"2377\">STREET DANCE SHOW<\/strong><\/h4>\n<ul data-start=\"2378\" data-end=\"2782\">\n<li data-start=\"2378\" data-end=\"2428\">\n<p data-start=\"2380\" data-end=\"2428\">\ud83e\udd47 <strong data-start=\"2383\" data-end=\"2395\">Duo Kids<\/strong> : Victoire Finck et Cl\u00e9a Morel<\/p>\n<\/li>\n<li data-start=\"2429\" data-end=\"2491\">\n<p data-start=\"2431\" data-end=\"2491\">\ud83e\udd47 <strong data-start=\"2434\" data-end=\"2449\">Duo Juniors<\/strong> : Ma\u00efssane Hamzaoui et Antoine Paillery<\/p>\n<\/li>\n<li data-start=\"2492\" data-end=\"2548\">\n<p data-start=\"2494\" data-end=\"2548\">\ud83e\udd48 <strong data-start=\"2497\" data-end=\"2512\">Duo Adultes<\/strong> : Pauline Bischoff et Aude George<\/p>\n<\/li>\n<li data-start=\"2549\" data-end=\"2599\">\n<p data-start=\"2551\" data-end=\"2599\">\ud83e\udd47 <strong data-start=\"2554\" data-end=\"2573\">Groupes Juniors<\/strong> : Biblioth\u00e8que en Folie<\/p>\n<\/li>\n<li data-start=\"2600\" data-end=\"2640\">\n<p data-start=\"2602\" data-end=\"2640\">\ud83e\udd48 <strong data-start=\"2605\" data-end=\"2624\">Groupes Juniors<\/strong> : Dream Girlz<\/p>\n<\/li>\n<li data-start=\"2641\" data-end=\"2685\">\n<p data-start=\"2643\" data-end=\"2685\">\ud83e\udd47 <strong data-start=\"2646\" data-end=\"2665\">Groupes Adultes<\/strong> : Vital Emergency<\/p>\n<\/li>\n<li data-start=\"2686\" data-end=\"2737\">\n<p data-start=\"2688\" data-end=\"2737\">\ud83e\udd47 <strong data-start=\"2691\" data-end=\"2712\">Formation Juniors<\/strong> : D\u00e9m\u00e9nagement Express<\/p>\n<\/li>\n<li data-start=\"2738\" data-end=\"2782\">\n<p data-start=\"2740\" data-end=\"2782\">\ud83e\udd48 <strong data-start=\"2743\" data-end=\"2764\">Formation Adultes<\/strong> : Festival d&rsquo;Or<\/p>\n<\/li>\n<\/ul>\n<h4 data-start=\"2784\" data-end=\"2800\"><strong data-start=\"2789\" data-end=\"2800\">HIP-HOP<\/strong><\/h4>\n<ul data-start=\"2801\" data-end=\"3164\">\n<li data-start=\"2801\" data-end=\"2859\">\n<p data-start=\"2803\" data-end=\"2859\">\ud83e\udd47 <strong data-start=\"2806\" data-end=\"2818\">Duo Kids<\/strong> : Noely Desnoyers et Charlotte Brignon<\/p>\n<\/li>\n<li data-start=\"2860\" data-end=\"2922\">\n<p data-start=\"2862\" data-end=\"2922\">\ud83e\udd48 <strong data-start=\"2865\" data-end=\"2877\">Duo Kids<\/strong> : Jos\u00e9phine Grandmontagne et Lia Cherriere<\/p>\n<\/li>\n<li data-start=\"2923\" data-end=\"2977\">\n<p data-start=\"2925\" data-end=\"2977\">\ud83e\udd47 <strong data-start=\"2928\" data-end=\"2943\">Duo Juniors<\/strong> : L\u00e9o Finck et Antoine Paillery<\/p>\n<\/li>\n<li data-start=\"2978\" data-end=\"3038\">\n<p data-start=\"2980\" data-end=\"3038\">\ud83e\udd48 <strong data-start=\"2983\" data-end=\"2998\">Duo Adultes<\/strong> : M\u00e9line Breton-Bourras et Zo\u00e9 Masade<\/p>\n<\/li>\n<li data-start=\"3039\" data-end=\"3081\">\n<p data-start=\"3041\" data-end=\"3081\">\ud83e\udd47 <strong data-start=\"3044\" data-end=\"3063\">Groupes Juniors<\/strong> : Street Impact<\/p>\n<\/li>\n<li data-start=\"3082\" data-end=\"3122\">\n<p data-start=\"3084\" data-end=\"3122\">\ud83e\udd48 <strong data-start=\"3087\" data-end=\"3106\">Groupes Juniors<\/strong> : Urban Unity<\/p>\n<\/li>\n<li data-start=\"3123\" data-end=\"3164\">\n<p data-start=\"3125\" data-end=\"3164\">\ud83e\udd47 <strong data-start=\"3128\" data-end=\"3149\">Formation Juniors<\/strong> : Crazy Team<\/p>\n<\/li>\n<\/ul>\n<h4 data-start=\"3166\" data-end=\"3183\"><strong data-start=\"3171\" data-end=\"3183\">CARA\u00cfBES<\/strong><\/h4>\n<ul data-start=\"3184\" data-end=\"3226\">\n<li data-start=\"3184\" data-end=\"3226\">\n<p data-start=\"3186\" data-end=\"3226\">\ud83e\udd48 <strong data-start=\"3189\" data-end=\"3210\">Formation Adultes<\/strong> : En Altitude<\/p>\n<\/li>\n<\/ul>\n<h3 data-start=\"3228\" data-end=\"3267\"><strong data-start=\"3232\" data-end=\"3267\">Un travail d\u2019\u00e9quipe remarquable<\/strong><\/h3>\n<p data-start=\"3269\" data-end=\"3559\">Au-del\u00e0 des danseurs, c\u2019est <strong data-start=\"3297\" data-end=\"3333\">toute une organisation solidaire<\/strong> qui permet \u00e0 TEMPSDANSES de viser les sommets. Ma\u00e9va souligne l\u2019implication <strong data-start=\"3410\" data-end=\"3433\">b\u00e9n\u00e9vole des coachs<\/strong>, <strong data-start=\"3435\" data-end=\"3463\">l\u2019engagement des parents<\/strong>, et le soutien de <strong data-start=\"3482\" data-end=\"3508\">partenaires essentiels<\/strong>, qu\u2019ils soient financiers, logistiques ou humains.<\/p>\n<blockquote data-start=\"3561\" data-end=\"3750\">\n<p data-start=\"3563\" data-end=\"3750\"><em data-start=\"3563\" data-end=\"3750\">\u00ab\u00a0Chaque tenue, chaque d\u00e9cor, chaque d\u00e9placement est un co\u00fbt. Ce que nous r\u00e9alisons, c\u2019est gr\u00e2ce \u00e0 un v\u00e9ritable effort collectif. Et c\u2019est ce qui rend chaque victoire encore plus belle.\u00a0\u00bb<\/em><\/p>\n<\/blockquote>\n<h3 data-start=\"3752\" data-end=\"3792\"><strong data-start=\"3756\" data-end=\"3792\">Prochain rendez-vous : le Gala !<\/strong><\/h3>\n<p data-start=\"3794\" data-end=\"4006\">Avant de s\u2019envoler pour <strong data-start=\"3818\" data-end=\"3886\">les Championnats du Monde IDO \u00e0 Osnabr\u00fcck (Allemagne) en octobre<\/strong>, le club donne rendez-vous au public les <strong data-start=\"3928\" data-end=\"3978\">28 et 29 juin \u00e0 la Rotonde de Thaon-Les-Vosges<\/strong> pour son grand Gala annuel.<\/p>\n<p data-start=\"4008\" data-end=\"4197\">Un <strong data-start=\"4011\" data-end=\"4031\">spectacle unique<\/strong>, <strong data-start=\"4033\" data-end=\"4047\">entra\u00eenant<\/strong> et <strong data-start=\"4051\" data-end=\"4071\">haut en couleurs<\/strong>, o\u00f9 les 470 danseurs du club partageront le fruit de leur passion et de leur travail. Un \u00e9v\u00e9nement \u00e0 ne surtout pas manquer !<\/p>\n<hr data-start=\"4199\" data-end=\"4202\" \/>\n","protected":false},"excerpt":{"rendered":"<p>Apr\u00e8s leurs magnifiques performances aux Championnats du Monde en Mac\u00e9doine en octobre dernier, les comp\u00e9titeurs du club TEMPSDANSES ont entam\u00e9 [&hellip;]<\/p>\n","protected":false},"author":52,"featured_media":133133,"comment_status":"open","ping_status":"open","sticky":false,"template":"","format":"standard","meta":{"footnotes":""},"categories":[22,24],"tags":[],"class_list":["post-133132","post","type-post","status-publish","format-standard","has-post-thumbnail","hentry","category-a-la-une","category-epinal"],"acf":[],"yoast_head":"<!-- This site is optimized with the Yoast SEO plugin v22.5 - https:\/\/yoast.com\/wordpress\/plugins\/seo\/ -->\n<title>TEMPSDANSES brille au Grand Prix de France et pr\u00e9pare son gala avec passion - Epinal Info<\/title>\n<meta name=\"robots\" content=\"index, follow, max-snippet:-1, max-image-preview:large, max-video-preview:-1\" \/>\n<link rel=\"canonical\" href=\"https:\/\/vosgesinfo.fr\/epinalinfo\/2025\/06\/tempsdanses-brille-au-grand-prix-de-france-et-prepare-son-gala-avec-passion\/\" \/>\n<meta name=\"twitter:card\" content=\"summary_large_image\" \/>\n<meta name=\"twitter:title\" content=\"TEMPSDANSES brille au Grand Prix de France et pr\u00e9pare son gala avec passion - Epinal Info\" \/>\n<meta name=\"twitter:description\" content=\"Apr\u00e8s leurs magnifiques performances aux Championnats du Monde en Mac\u00e9doine en octobre dernier, les comp\u00e9titeurs du club TEMPSDANSES ont entam\u00e9 [&hellip;]\" \/>\n<meta name=\"twitter:image\" content=\"https:\/\/vosgesinfo.fr\/app\/uploads\/sites\/3\/2025\/06\/capture-decran-2025-06-22-145022.jpg\" \/>\n<meta name=\"twitter:creator\" content=\"@VosgesInfo88\" \/>\n<meta name=\"twitter:site\" content=\"@VosgesInfo88\" \/>\n<meta name=\"twitter:label1\" content=\"\u00c9crit par\" \/>\n\t<meta name=\"twitter:data1\" content=\"C.K.\" \/>\n\t<meta name=\"twitter:label2\" content=\"Dur\u00e9e de lecture estim\u00e9e\" \/>\n\t<meta name=\"twitter:data2\" content=\"3 minutes\" \/>\n<script type=\"application\/ld+json\" class=\"yoast-schema-graph\">{\"@context\":\"https:\/\/schema.org\",\"@graph\":[{\"@type\":\"Article\",\"@id\":\"https:\/\/vosgesinfo.fr\/epinalinfo\/2025\/06\/tempsdanses-brille-au-grand-prix-de-france-et-prepare-son-gala-avec-passion\/#article\",\"isPartOf\":{\"@id\":\"https:\/\/vosgesinfo.fr\/epinalinfo\/2025\/06\/tempsdanses-brille-au-grand-prix-de-france-et-prepare-son-gala-avec-passion\/\"},\"author\":{\"name\":\"C.K.\",\"@id\":\"https:\/\/vosgesinfo.fr\/epinalinfo\/#\/schema\/person\/6f9a650eeea99d969b6c4ab78fccbe81\"},\"headline\":\"TEMPSDANSES brille au Grand Prix de France et pr\u00e9pare son gala avec passion\",\"datePublished\":\"2025-06-23T05:00:24+00:00\",\"dateModified\":\"2025-06-22T12:52:17+00:00\",\"mainEntityOfPage\":{\"@id\":\"https:\/\/vosgesinfo.fr\/epinalinfo\/2025\/06\/tempsdanses-brille-au-grand-prix-de-france-et-prepare-son-gala-avec-passion\/\"},\"wordCount\":644,\"commentCount\":1,\"publisher\":{\"@id\":\"https:\/\/vosgesinfo.fr\/epinalinfo\/#organization\"},\"image\":{\"@id\":\"https:\/\/vosgesinfo.fr\/epinalinfo\/2025\/06\/tempsdanses-brille-au-grand-prix-de-france-et-prepare-son-gala-avec-passion\/#primaryimage\"},\"thumbnailUrl\":\"https:\/\/vosgesinfo.fr\/app\/uploads\/sites\/3\/2025\/06\/capture-decran-2025-06-22-145022.jpg\",\"articleSection\":[\"A la Une\",\"Epinal\"],\"inLanguage\":\"fr-FR\",\"potentialAction\":[{\"@type\":\"CommentAction\",\"name\":\"Comment\",\"target\":[\"https:\/\/vosgesinfo.fr\/epinalinfo\/2025\/06\/tempsdanses-brille-au-grand-prix-de-france-et-prepare-son-gala-avec-passion\/#respond\"]}]},{\"@type\":\"WebPage\",\"@id\":\"https:\/\/vosgesinfo.fr\/epinalinfo\/2025\/06\/tempsdanses-brille-au-grand-prix-de-france-et-prepare-son-gala-avec-passion\/\",\"url\":\"https:\/\/vosgesinfo.fr\/epinalinfo\/2025\/06\/tempsdanses-brille-au-grand-prix-de-france-et-prepare-son-gala-avec-passion\/\",\"name\":\"TEMPSDANSES brille au Grand Prix de France et pr\u00e9pare son gala avec passion - Epinal Info\",\"isPartOf\":{\"@id\":\"https:\/\/vosgesinfo.fr\/epinalinfo\/#website\"},\"primaryImageOfPage\":{\"@id\":\"https:\/\/vosgesinfo.fr\/epinalinfo\/2025\/06\/tempsdanses-brille-au-grand-prix-de-france-et-prepare-son-gala-avec-passion\/#primaryimage\"},\"image\":{\"@id\":\"https:\/\/vosgesinfo.fr\/epinalinfo\/2025\/06\/tempsdanses-brille-au-grand-prix-de-france-et-prepare-son-gala-avec-passion\/#primaryimage\"},\"thumbnailUrl\":\"https:\/\/vosgesinfo.fr\/app\/uploads\/sites\/3\/2025\/06\/capture-decran-2025-06-22-145022.jpg\",\"datePublished\":\"2025-06-23T05:00:24+00:00\",\"dateModified\":\"2025-06-22T12:52:17+00:00\",\"breadcrumb\":{\"@id\":\"https:\/\/vosgesinfo.fr\/epinalinfo\/2025\/06\/tempsdanses-brille-au-grand-prix-de-france-et-prepare-son-gala-avec-passion\/#breadcrumb\"},\"inLanguage\":\"fr-FR\",\"potentialAction\":[{\"@type\":\"ReadAction\",\"target\":[\"https:\/\/vosgesinfo.fr\/epinalinfo\/2025\/06\/tempsdanses-brille-au-grand-prix-de-france-et-prepare-son-gala-avec-passion\/\"]}]},{\"@type\":\"ImageObject\",\"inLanguage\":\"fr-FR\",\"@id\":\"https:\/\/vosgesinfo.fr\/epinalinfo\/2025\/06\/tempsdanses-brille-au-grand-prix-de-france-et-prepare-son-gala-avec-passion\/#primaryimage\",\"url\":\"https:\/\/vosgesinfo.fr\/app\/uploads\/sites\/3\/2025\/06\/capture-decran-2025-06-22-145022.jpg\",\"contentUrl\":\"https:\/\/vosgesinfo.fr\/app\/uploads\/sites\/3\/2025\/06\/capture-decran-2025-06-22-145022.jpg\",\"width\":1479,\"height\":896,\"caption\":\"photo Rempsdanse\"},{\"@type\":\"BreadcrumbList\",\"@id\":\"https:\/\/vosgesinfo.fr\/epinalinfo\/2025\/06\/tempsdanses-brille-au-grand-prix-de-france-et-prepare-son-gala-avec-passion\/#breadcrumb\",\"itemListElement\":[{\"@type\":\"ListItem\",\"position\":1,\"name\":\"Home\",\"item\":\"https:\/\/vosgesinfo.fr\/epinalinfo\/\"},{\"@type\":\"ListItem\",\"position\":2,\"name\":\"TEMPSDANSES brille au Grand Prix de France et pr\u00e9pare son gala avec passion\"}]},{\"@type\":\"WebSite\",\"@id\":\"https:\/\/vosgesinfo.fr\/epinalinfo\/#website\",\"url\":\"https:\/\/vosgesinfo.fr\/epinalinfo\/\",\"name\":\"Epinal Info\",\"description\":\"Toute l&#039;actualit\u00e9 d&#039;\u00c9pinal\",\"publisher\":{\"@id\":\"https:\/\/vosgesinfo.fr\/epinalinfo\/#organization\"},\"alternateName\":\"Toute l'actualit\u00e9 d'\u00c9pinal\",\"potentialAction\":[{\"@type\":\"SearchAction\",\"target\":{\"@type\":\"EntryPoint\",\"urlTemplate\":\"https:\/\/vosgesinfo.fr\/epinalinfo\/?s={search_term_string}\"},\"query-input\":\"required name=search_term_string\"}],\"inLanguage\":\"fr-FR\"},{\"@type\":\"Organization\",\"@id\":\"https:\/\/vosgesinfo.fr\/epinalinfo\/#organization\",\"name\":\"Epinal Info\",\"url\":\"https:\/\/vosgesinfo.fr\/epinalinfo\/\",\"logo\":{\"@type\":\"ImageObject\",\"inLanguage\":\"fr-FR\",\"@id\":\"https:\/\/vosgesinfo.fr\/epinalinfo\/#\/schema\/logo\/image\/\",\"url\":\"https:\/\/vosgesinfo.fr\/app\/uploads\/sites\/3\/2023\/08\/logo-epinalinfos.svg\",\"contentUrl\":\"https:\/\/vosgesinfo.fr\/app\/uploads\/sites\/3\/2023\/08\/logo-epinalinfos.svg\",\"width\":1,\"height\":1,\"caption\":\"Epinal Info\"},\"image\":{\"@id\":\"https:\/\/vosgesinfo.fr\/epinalinfo\/#\/schema\/logo\/image\/\"},\"sameAs\":[\"https:\/\/www.facebook.com\/Epinalinfos\",\"https:\/\/x.com\/VosgesInfo88\",\"https:\/\/www.youtube.com\/@vosgesinfo\"]},{\"@type\":\"Person\",\"@id\":\"https:\/\/vosgesinfo.fr\/epinalinfo\/#\/schema\/person\/6f9a650eeea99d969b6c4ab78fccbe81\",\"name\":\"C.K.\",\"image\":{\"@type\":\"ImageObject\",\"inLanguage\":\"fr-FR\",\"@id\":\"https:\/\/vosgesinfo.fr\/epinalinfo\/#\/schema\/person\/image\/\",\"url\":\"https:\/\/secure.gravatar.com\/avatar\/48e3fc7f8421ba8942be6b74a2b7f014ca39bc00dece156b7a8e098ae7dc87bf?s=96&d=mm&r=g\",\"contentUrl\":\"https:\/\/secure.gravatar.com\/avatar\/48e3fc7f8421ba8942be6b74a2b7f014ca39bc00dece156b7a8e098ae7dc87bf?s=96&d=mm&r=g\",\"caption\":\"C.K.\"},\"url\":\"https:\/\/vosgesinfo.fr\/epinalinfo\/author\/celia-k-n\/\"}]}<\/script>\n<!-- \/ Yoast SEO plugin. -->","yoast_head_json":{"title":"TEMPSDANSES brille au Grand Prix de France et pr\u00e9pare son gala avec passion - Epinal Info","robots":{"index":"index","follow":"follow","max-snippet":"max-snippet:-1","max-image-preview":"max-image-preview:large","max-video-preview":"max-video-preview:-1"},"canonical":"https:\/\/vosgesinfo.fr\/epinalinfo\/2025\/06\/tempsdanses-brille-au-grand-prix-de-france-et-prepare-son-gala-avec-passion\/","twitter_card":"summary_large_image","twitter_title":"TEMPSDANSES brille au Grand Prix de France et pr\u00e9pare son gala avec passion - Epinal Info","twitter_description":"Apr\u00e8s leurs magnifiques performances aux Championnats du Monde en Mac\u00e9doine en octobre dernier, les comp\u00e9titeurs du club TEMPSDANSES ont entam\u00e9 [&hellip;]","twitter_image":"https:\/\/vosgesinfo.fr\/app\/uploads\/sites\/3\/2025\/06\/capture-decran-2025-06-22-145022.jpg","twitter_creator":"@VosgesInfo88","twitter_site":"@VosgesInfo88","twitter_misc":{"\u00c9crit par":"C.K.","Dur\u00e9e de lecture estim\u00e9e":"3 minutes"},"schema":{"@context":"https:\/\/schema.org","@graph":[{"@type":"Article","@id":"https:\/\/vosgesinfo.fr\/epinalinfo\/2025\/06\/tempsdanses-brille-au-grand-prix-de-france-et-prepare-son-gala-avec-passion\/#article","isPartOf":{"@id":"https:\/\/vosgesinfo.fr\/epinalinfo\/2025\/06\/tempsdanses-brille-au-grand-prix-de-france-et-prepare-son-gala-avec-passion\/"},"author":{"name":"C.K.","@id":"https:\/\/vosgesinfo.fr\/epinalinfo\/#\/schema\/person\/6f9a650eeea99d969b6c4ab78fccbe81"},"headline":"TEMPSDANSES brille au Grand Prix de France et pr\u00e9pare son gala avec passion","datePublished":"2025-06-23T05:00:24+00:00","dateModified":"2025-06-22T12:52:17+00:00","mainEntityOfPage":{"@id":"https:\/\/vosgesinfo.fr\/epinalinfo\/2025\/06\/tempsdanses-brille-au-grand-prix-de-france-et-prepare-son-gala-avec-passion\/"},"wordCount":644,"commentCount":1,"publisher":{"@id":"https:\/\/vosgesinfo.fr\/epinalinfo\/#organization"},"image":{"@id":"https:\/\/vosgesinfo.fr\/epinalinfo\/2025\/06\/tempsdanses-brille-au-grand-prix-de-france-et-prepare-son-gala-avec-passion\/#primaryimage"},"thumbnailUrl":"https:\/\/vosgesinfo.fr\/app\/uploads\/sites\/3\/2025\/06\/capture-decran-2025-06-22-145022.jpg","articleSection":["A la Une","Epinal"],"inLanguage":"fr-FR","potentialAction":[{"@type":"CommentAction","name":"Comment","target":["https:\/\/vosgesinfo.fr\/epinalinfo\/2025\/06\/tempsdanses-brille-au-grand-prix-de-france-et-prepare-son-gala-avec-passion\/#respond"]}]},{"@type":"WebPage","@id":"https:\/\/vosgesinfo.fr\/epinalinfo\/2025\/06\/tempsdanses-brille-au-grand-prix-de-france-et-prepare-son-gala-avec-passion\/","url":"https:\/\/vosgesinfo.fr\/epinalinfo\/2025\/06\/tempsdanses-brille-au-grand-prix-de-france-et-prepare-son-gala-avec-passion\/","name":"TEMPSDANSES brille au Grand Prix de France et pr\u00e9pare son gala avec passion - Epinal Info","isPartOf":{"@id":"https:\/\/vosgesinfo.fr\/epinalinfo\/#website"},"primaryImageOfPage":{"@id":"https:\/\/vosgesinfo.fr\/epinalinfo\/2025\/06\/tempsdanses-brille-au-grand-prix-de-france-et-prepare-son-gala-avec-passion\/#primaryimage"},"image":{"@id":"https:\/\/vosgesinfo.fr\/epinalinfo\/2025\/06\/tempsdanses-brille-au-grand-prix-de-france-et-prepare-son-gala-avec-passion\/#primaryimage"},"thumbnailUrl":"https:\/\/vosgesinfo.fr\/app\/uploads\/sites\/3\/2025\/06\/capture-decran-2025-06-22-145022.jpg","datePublished":"2025-06-23T05:00:24+00:00","dateModified":"2025-06-22T12:52:17+00:00","breadcrumb":{"@id":"https:\/\/vosgesinfo.fr\/epinalinfo\/2025\/06\/tempsdanses-brille-au-grand-prix-de-france-et-prepare-son-gala-avec-passion\/#breadcrumb"},"inLanguage":"fr-FR","potentialAction":[{"@type":"ReadAction","target":["https:\/\/vosgesinfo.fr\/epinalinfo\/2025\/06\/tempsdanses-brille-au-grand-prix-de-france-et-prepare-son-gala-avec-passion\/"]}]},{"@type":"ImageObject","inLanguage":"fr-FR","@id":"https:\/\/vosgesinfo.fr\/epinalinfo\/2025\/06\/tempsdanses-brille-au-grand-prix-de-france-et-prepare-son-gala-avec-passion\/#primaryimage","url":"https:\/\/vosgesinfo.fr\/app\/uploads\/sites\/3\/2025\/06\/capture-decran-2025-06-22-145022.jpg","contentUrl":"https:\/\/vosgesinfo.fr\/app\/uploads\/sites\/3\/2025\/06\/capture-decran-2025-06-22-145022.jpg","width":1479,"height":896,"caption":"photo Rempsdanse"},{"@type":"BreadcrumbList","@id":"https:\/\/vosgesinfo.fr\/epinalinfo\/2025\/06\/tempsdanses-brille-au-grand-prix-de-france-et-prepare-son-gala-avec-passion\/#breadcrumb","itemListElement":[{"@type":"ListItem","position":1,"name":"Home","item":"https:\/\/vosgesinfo.fr\/epinalinfo\/"},{"@type":"ListItem","position":2,"name":"TEMPSDANSES brille au Grand Prix de France et pr\u00e9pare son gala avec passion"}]},{"@type":"WebSite","@id":"https:\/\/vosgesinfo.fr\/epinalinfo\/#website","url":"https:\/\/vosgesinfo.fr\/epinalinfo\/","name":"Epinal Info","description":"Toute l&#039;actualit\u00e9 d&#039;\u00c9pinal","publisher":{"@id":"https:\/\/vosgesinfo.fr\/epinalinfo\/#organization"},"alternateName":"Toute l'actualit\u00e9 d'\u00c9pinal","potentialAction":[{"@type":"SearchAction","target":{"@type":"EntryPoint","urlTemplate":"https:\/\/vosgesinfo.fr\/epinalinfo\/?s={search_term_string}"},"query-input":"required name=search_term_string"}],"inLanguage":"fr-FR"},{"@type":"Organization","@id":"https:\/\/vosgesinfo.fr\/epinalinfo\/#organization","name":"Epinal Info","url":"https:\/\/vosgesinfo.fr\/epinalinfo\/","logo":{"@type":"ImageObject","inLanguage":"fr-FR","@id":"https:\/\/vosgesinfo.fr\/epinalinfo\/#\/schema\/logo\/image\/","url":"https:\/\/vosgesinfo.fr\/app\/uploads\/sites\/3\/2023\/08\/logo-epinalinfos.svg","contentUrl":"https:\/\/vosgesinfo.fr\/app\/uploads\/sites\/3\/2023\/08\/logo-epinalinfos.svg","width":1,"height":1,"caption":"Epinal Info"},"image":{"@id":"https:\/\/vosgesinfo.fr\/epinalinfo\/#\/schema\/logo\/image\/"},"sameAs":["https:\/\/www.facebook.com\/Epinalinfos","https:\/\/x.com\/VosgesInfo88","https:\/\/www.youtube.com\/@vosgesinfo"]},{"@type":"Person","@id":"https:\/\/vosgesinfo.fr\/epinalinfo\/#\/schema\/person\/6f9a650eeea99d969b6c4ab78fccbe81","name":"C.K.","image":{"@type":"ImageObject","inLanguage":"fr-FR","@id":"https:\/\/vosgesinfo.fr\/epinalinfo\/#\/schema\/person\/image\/","url":"https:\/\/secure.gravatar.com\/avatar\/48e3fc7f8421ba8942be6b74a2b7f014ca39bc00dece156b7a8e098ae7dc87bf?s=96&d=mm&r=g","contentUrl":"https:\/\/secure.gravatar.com\/avatar\/48e3fc7f8421ba8942be6b74a2b7f014ca39bc00dece156b7a8e098ae7dc87bf?s=96&d=mm&r=g","caption":"C.K."},"url":"https:\/\/vosgesinfo.fr\/epinalinfo\/author\/celia-k-n\/"}]}},"_links":{"self":[{"href":"https:\/\/vosgesinfo.fr\/epinalinfo\/wp-json\/wp\/v2\/posts\/133132","targetHints":{"allow":["GET"]}}],"collection":[{"href":"https:\/\/vosgesinfo.fr\/epinalinfo\/wp-json\/wp\/v2\/posts"}],"about":[{"href":"https:\/\/vosgesinfo.fr\/epinalinfo\/wp-json\/wp\/v2\/types\/post"}],"author":[{"embeddable":true,"href":"https:\/\/vosgesinfo.fr\/epinalinfo\/wp-json\/wp\/v2\/users\/52"}],"replies":[{"embeddable":true,"href":"https:\/\/vosgesinfo.fr\/epinalinfo\/wp-json\/wp\/v2\/comments?post=133132"}],"version-history":[{"count":1,"href":"https:\/\/vosgesinfo.fr\/epinalinfo\/wp-json\/wp\/v2\/posts\/133132\/revisions"}],"predecessor-version":[{"id":133134,"href":"https:\/\/vosgesinfo.fr\/epinalinfo\/wp-json\/wp\/v2\/posts\/133132\/revisions\/133134"}],"wp:featuredmedia":[{"embeddable":true,"href":"https:\/\/vosgesinfo.fr\/epinalinfo\/wp-json\/wp\/v2\/media\/133133"}],"wp:attachment":[{"href":"https:\/\/vosgesinfo.fr\/epinalinfo\/wp-json\/wp\/v2\/media?parent=133132"}],"wp:term":[{"taxonomy":"category","embeddable":true,"href":"https:\/\/vosgesinfo.fr\/epinalinfo\/wp-json\/wp\/v2\/categories?post=133132"},{"taxonomy":"post_tag","embeddable":true,"href":"https:\/\/vosgesinfo.fr\/epinalinfo\/wp-json\/wp\/v2\/tags?post=133132"}],"curies":[{"name":"wp","href":"https:\/\/api.w.org\/{rel}","templated":true}]}}